{"id":304174,"date":"2022-01-15T08:30:17","date_gmt":"2022-01-15T11:30:17","guid":{"rendered":"https:\/\/blogdofarnesio.com.br\/?p=304174"},"modified":"2022-01-14T11:15:39","modified_gmt":"2022-01-14T14:15:39","slug":"juazeiro-reforca-atendimento-das-sindromes-gripais-com-ubss-de-referencia-abertas-aos-sabados","status":"publish","type":"post","link":"https:\/\/blogdofarnesio.com.br\/?p=304174","title":{"rendered":"Juazeiro refor\u00e7a atendimento das s\u00edndromes gripais com UBSs de refer\u00eancia abertas aos s\u00e1bados"},"content":{"rendered":"<p style=\"font-weight: 400;\">A partir deste s\u00e1bado (15), duas Unidades B\u00e1sicas de Sa\u00fade (UBSs) de Juazeiro v\u00e3o iniciar atendimentos dos casos leves de s\u00edndromes gripais. Com isso, a Secretaria de Sa\u00fade (Sesau) poder\u00e1 atender a demanda de sintom\u00e1ticos respirat\u00f3rios que chegam \u00e0 Rede de Aten\u00e7\u00e3o Especializada (Hospital Campanha e Unidade Pedi\u00e1trica), e que n\u00e3o apresentam gravidade.<\/p>\n<p style=\"font-weight: 400;\">As UBSs Jo\u00e3o Paulo II e Mussamb\u00ea ser\u00e3o as unidades de refer\u00eancia aos s\u00e1bados com atendimentos. A equipe ser\u00e1 composta por m\u00e9dico, enfermeiro, t\u00e9cnico de enfermagem e auxiliar de servi\u00e7os gerais. Os atendimentos ser\u00e3o das 7h30 \u00e0s 13h30. \u201cComo estamos com um fluxo aumentado de casos de s\u00edndromes gripais, pensamos em estrat\u00e9gias para conseguir atender as pessoas da melhor forma. Montamos esta estrat\u00e9gia de abrir essas duas unidades de sa\u00fade com equipe completa aos s\u00e1bados, justamente para conseguir desafogar o Hospital de Campanha e a Unidade Pedi\u00e1trica, que acabam tendo que atender os casos leves tamb\u00e9m, principalmente no fim de semana\u201d, destacou o secret\u00e1rio de Sa\u00fade de Juazeiro, Fernando Costa.<\/p>\n<p style=\"font-weight: 400;\">Segundo o superintendente da Rede de Aten\u00e7\u00e3o Especializada, Eduardo Rafael de Sousa Neto, os casos de maior gravidade continuam sendo atendidos na rede especializada, ou seja, nos hospitais. \u201cTodos os casos leves e moderados, que t\u00eam condi\u00e7\u00f5es de ser atendidos, medicados, orientados e que possam retornar para casa ser\u00e3o atendidos. Os que apresentem sintomas mais graves, deve ser feito o primeiro atendimento e encaminhado para o Hospital de Campanha, se houver necessidade de interna\u00e7\u00e3o, ou para a Unidade Pedi\u00e1trica, se for paciente menor de 15 anos\u201d, destacou Eduardo Neto.<\/p>\n<p style=\"font-weight: 400;\">Nestas unidades al\u00e9m dos atendimentos m\u00e9dicos, tamb\u00e9m ser\u00e1 realizada testagem para detec\u00e7\u00e3o da Covid-19. \u201cA gente espera que, com essa estrat\u00e9gia de descentralizar o atendimento, pelo menos aos s\u00e1bados, a gente consiga receber a grande parte das pessoas que necessitam e, com isso, possamos diminuir tamb\u00e9m a quantidade de pessoas que chegam no Hospital Campanha e na Unidade Pedi\u00e1trica, a grande maioria, para realizar de casos leves\u201d, disse o superintendente.<\/p>\n<p style=\"font-weight: 400;\"><strong>Outras estrat\u00e9gias<\/strong><\/p>\n<p style=\"font-weight: 400;\">Diante do cen\u00e1rio de aumento no n\u00famero de atendimento \u00e0 popula\u00e7\u00e3o com sintomas gripais, a Sesau montou outras estrat\u00e9gias para ampliar e melhorar os atendimentos \u00e0 popula\u00e7\u00e3o. Com isso, precisou realizar algumas modifica\u00e7\u00f5es nas UBSs e nas Unidades de Aten\u00e7\u00e3o Especializada. O munic\u00edpio aumentou o efetivo profissional para atendimento m\u00e9dico na Uped e no Hospital Campanha.<\/p>\n<p style=\"font-weight: 400;\">Na Aten\u00e7\u00e3o B\u00e1sica, as consultas de pessoas de grupos de risco e os atendimentos programados (hiperdia, pr\u00e9-natal e consulta puerperal, puericultura, coleta de citologia onc\u00f3tica e sa\u00fade mental) n\u00e3o ser\u00e3o realizadas no mesmo turno de atendimento a sintom\u00e1ticos respirat\u00f3rios e realiza\u00e7\u00e3o de Testes R\u00e1pidos para Covid-19 na unidade. Na zona rural as consultas de cuidado continuado tamb\u00e9m n\u00e3o dever\u00e3o dividir o turno com os atendimentos dos sintom\u00e1ticos respirat\u00f3rios. Deste modo evita-se que os p\u00fablicos misturem-se.<\/p>\n<p style=\"font-weight: 400;\">Texto: Amanda Franco \u2013 Ascom Sesau PMJ<\/p>\n","protected":false},"excerpt":{"rendered":"<p>A partir deste s\u00e1bado (15), duas Unidades B\u00e1sicas de Sa\u00fade (UBSs) de Juazeiro v\u00e3o iniciar atendimentos dos casos leves de s\u00edndromes gripais. Com isso, a Secretaria de Sa\u00fade (Sesau) poder\u00e1 atender a demanda de sintom\u00e1ticos respirat\u00f3rios que chegam \u00e0 Rede de Aten\u00e7\u00e3o Especializada (Hospital Campanha e Unidade Pedi\u00e1trica), e que n\u00e3o apresentam gravidade. As UBSs Jo\u00e3o Paulo II e Mussamb\u00ea ser\u00e3o as unidades de refer\u00eancia aos s\u00e1bados com atendimentos. A equipe ser\u00e1 composta por m\u00e9dico, enfermeiro, t\u00e9cnico de enfermagem e auxiliar de servi\u00e7os gerais. Os atendimentos ser\u00e3o das 7h30 \u00e0s 13h30. \u201cComo estamos com um fluxo aumentado de casos de s\u00edndromes gripais, pensamos em estrat\u00e9gias para conseguir atender as pessoas da melhor forma. Montamos esta estrat\u00e9gia de abrir essas duas&hellip; <\/p>\n","protected":false},"author":2,"featured_media":304138,"comment_status":"open","ping_status":"open","sticky":false,"template":"","format":"standard","meta":{"_acf_changed":false,"footnotes":""},"categories":[44],"tags":[],"class_list":["post-304174","post","type-post","status-publish","format-standard","has-post-thumbnail","hentry","category-administracao"],"acf":[],"yoast_head":"<!-- This site is optimized with the Yoast SEO plugin v27.4 - https:\/\/yoast.com\/product\/yoast-seo-wordpress\/ -->\n<title>Juazeiro refor\u00e7a atendimento das s\u00edndromes gripais com UBSs de refer\u00eancia abertas aos s\u00e1bados - Blog do Farn\u00e9sio<\/title>\n<meta name=\"robots\" content=\"index, follow, max-snippet:-1, max-image-preview:large, max-video-preview:-1\" \/>\n<link rel=\"canonical\" href=\"https:\/\/blogdofarnesio.com.br\/?p=304174\" \/>\n<meta property=\"og:locale\" content=\"pt_BR\" \/>\n<meta property=\"og:type\" content=\"article\" \/>\n<meta property=\"og:title\" content=\"Juazeiro refor\u00e7a atendimento das s\u00edndromes gripais com UBSs de refer\u00eancia abertas aos s\u00e1bados - Blog do Farn\u00e9sio\" \/>\n<meta property=\"og:description\" content=\"A partir deste s\u00e1bado (15), duas Unidades B\u00e1sicas de Sa\u00fade (UBSs) de Juazeiro v\u00e3o iniciar atendimentos dos casos leves de s\u00edndromes gripais. Com isso, a Secretaria de Sa\u00fade (Sesau) poder\u00e1 atender a demanda de sintom\u00e1ticos respirat\u00f3rios que chegam \u00e0 Rede de Aten\u00e7\u00e3o Especializada (Hospital Campanha e Unidade Pedi\u00e1trica), e que n\u00e3o apresentam gravidade. As UBSs Jo\u00e3o Paulo II e Mussamb\u00ea ser\u00e3o as unidades de refer\u00eancia aos s\u00e1bados com atendimentos. A equipe ser\u00e1 composta por m\u00e9dico, enfermeiro, t\u00e9cnico de enfermagem e auxiliar de servi\u00e7os gerais. Os atendimentos ser\u00e3o das 7h30 \u00e0s 13h30. \u201cComo estamos com um fluxo aumentado de casos de s\u00edndromes gripais, pensamos em estrat\u00e9gias para conseguir atender as pessoas da melhor forma. Montamos esta estrat\u00e9gia de abrir essas duas&hellip;\" \/>\n<meta property=\"og:url\" content=\"https:\/\/blogdofarnesio.com.br\/?p=304174\" \/>\n<meta property=\"og:site_name\" content=\"Blog do Farn\u00e9sio\" \/>\n<meta property=\"article:publisher\" content=\"https:\/\/www.facebook.com\/BlogQuerSaberPolitica\/\" \/>\n<meta property=\"article:author\" content=\"https:\/\/www.facebook.com\/?ref=tn_tnmn\" \/>\n<meta property=\"article:published_time\" content=\"2022-01-15T11:30:17+00:00\" \/>\n<meta property=\"og:image\" content=\"https:\/\/blogdofarnesio.com.br\/wp-content\/uploads\/2022\/01\/logqspgripe-e1642110955259.jpg\" \/>\n\t<meta property=\"og:image:width\" content=\"594\" \/>\n\t<meta property=\"og:image:height\" content=\"372\" \/>\n\t<meta property=\"og:image:type\" content=\"image\/jpeg\" \/>\n<meta name=\"author\" content=\"Farn\u00e9sio\" \/>\n<meta name=\"twitter:card\" content=\"summary_large_image\" \/>\n<meta name=\"twitter:label1\" content=\"Escrito por\" \/>\n\t<meta name=\"twitter:data1\" content=\"Farn\u00e9sio\" \/>\n\t<meta name=\"twitter:label2\" content=\"Est. tempo de leitura\" \/>\n\t<meta name=\"twitter:data2\" content=\"3 minutos\" \/>\n<script type=\"application\/ld+json\" class=\"yoast-schema-graph\">{\"@context\":\"https:\\\/\\\/schema.org\",\"@graph\":[{\"@type\":\"Article\",\"@id\":\"https:\\\/\\\/blogdofarnesio.com.br\\\/?p=304174#article\",\"isPartOf\":{\"@id\":\"https:\\\/\\\/blogdofarnesio.com.br\\\/?p=304174\"},\"author\":{\"name\":\"Farn\u00e9sio\",\"@id\":\"https:\\\/\\\/blogdofarnesio.com.br\\\/#\\\/schema\\\/person\\\/bb9b23ae3ad0609ce8df7b6c9e76824d\"},\"headline\":\"Juazeiro refor\u00e7a atendimento das s\u00edndromes gripais com UBSs de refer\u00eancia abertas aos s\u00e1bados\",\"datePublished\":\"2022-01-15T11:30:17+00:00\",\"mainEntityOfPage\":{\"@id\":\"https:\\\/\\\/blogdofarnesio.com.br\\\/?p=304174\"},\"wordCount\":542,\"commentCount\":0,\"publisher\":{\"@id\":\"https:\\\/\\\/blogdofarnesio.com.br\\\/#organization\"},\"image\":{\"@id\":\"https:\\\/\\\/blogdofarnesio.com.br\\\/?p=304174#primaryimage\"},\"thumbnailUrl\":\"https:\\\/\\\/blogdofarnesio.com.br\\\/wp-content\\\/uploads\\\/2022\\\/01\\\/logqspgripe-e1642110955259.jpg\",\"articleSection\":[\"Administra\u00e7\u00e3o\"],\"inLanguage\":\"pt-BR\",\"potentialAction\":[{\"@type\":\"CommentAction\",\"name\":\"Comment\",\"target\":[\"https:\\\/\\\/blogdofarnesio.com.br\\\/?p=304174#respond\"]}]},{\"@type\":\"WebPage\",\"@id\":\"https:\\\/\\\/blogdofarnesio.com.br\\\/?p=304174\",\"url\":\"https:\\\/\\\/blogdofarnesio.com.br\\\/?p=304174\",\"name\":\"Juazeiro refor\u00e7a atendimento das s\u00edndromes gripais com UBSs de refer\u00eancia abertas aos s\u00e1bados - Blog do Farn\u00e9sio\",\"isPartOf\":{\"@id\":\"https:\\\/\\\/blogdofarnesio.com.br\\\/#website\"},\"primaryImageOfPage\":{\"@id\":\"https:\\\/\\\/blogdofarnesio.com.br\\\/?p=304174#primaryimage\"},\"image\":{\"@id\":\"https:\\\/\\\/blogdofarnesio.com.br\\\/?p=304174#primaryimage\"},\"thumbnailUrl\":\"https:\\\/\\\/blogdofarnesio.com.br\\\/wp-content\\\/uploads\\\/2022\\\/01\\\/logqspgripe-e1642110955259.jpg\",\"datePublished\":\"2022-01-15T11:30:17+00:00\",\"breadcrumb\":{\"@id\":\"https:\\\/\\\/blogdofarnesio.com.br\\\/?p=304174#breadcrumb\"},\"inLanguage\":\"pt-BR\",\"potentialAction\":[{\"@type\":\"ReadAction\",\"target\":[\"https:\\\/\\\/blogdofarnesio.com.br\\\/?p=304174\"]}]},{\"@type\":\"ImageObject\",\"inLanguage\":\"pt-BR\",\"@id\":\"https:\\\/\\\/blogdofarnesio.com.br\\\/?p=304174#primaryimage\",\"url\":\"https:\\\/\\\/blogdofarnesio.com.br\\\/wp-content\\\/uploads\\\/2022\\\/01\\\/logqspgripe-e1642110955259.jpg\",\"contentUrl\":\"https:\\\/\\\/blogdofarnesio.com.br\\\/wp-content\\\/uploads\\\/2022\\\/01\\\/logqspgripe-e1642110955259.jpg\",\"width\":594,\"height\":372,\"caption\":\"All kinds of flu treatment\"},{\"@type\":\"BreadcrumbList\",\"@id\":\"https:\\\/\\\/blogdofarnesio.com.br\\\/?p=304174#breadcrumb\",\"itemListElement\":[{\"@type\":\"ListItem\",\"position\":1,\"name\":\"In\u00edcio\",\"item\":\"https:\\\/\\\/blogdofarnesio.com.br\\\/\"},{\"@type\":\"ListItem\",\"position\":2,\"name\":\"Juazeiro refor\u00e7a atendimento das s\u00edndromes gripais com UBSs de refer\u00eancia abertas aos s\u00e1bados\"}]},{\"@type\":\"WebSite\",\"@id\":\"https:\\\/\\\/blogdofarnesio.com.br\\\/#website\",\"url\":\"https:\\\/\\\/blogdofarnesio.com.br\\\/\",\"name\":\"Blog do Farn\u00e9sio\",\"description\":\"Quer Saber Pol\u00edtica?\",\"publisher\":{\"@id\":\"https:\\\/\\\/blogdofarnesio.com.br\\\/#organization\"},\"potentialAction\":[{\"@type\":\"SearchAction\",\"target\":{\"@type\":\"EntryPoint\",\"urlTemplate\":\"https:\\\/\\\/blogdofarnesio.com.br\\\/?s={search_term_string}\"},\"query-input\":{\"@type\":\"PropertyValueSpecification\",\"valueRequired\":true,\"valueName\":\"search_term_string\"}}],\"inLanguage\":\"pt-BR\"},{\"@type\":\"Organization\",\"@id\":\"https:\\\/\\\/blogdofarnesio.com.br\\\/#organization\",\"name\":\"Blog do Farn\u00e9sio\",\"url\":\"https:\\\/\\\/blogdofarnesio.com.br\\\/\",\"logo\":{\"@type\":\"ImageObject\",\"inLanguage\":\"pt-BR\",\"@id\":\"https:\\\/\\\/blogdofarnesio.com.br\\\/#\\\/schema\\\/logo\\\/image\\\/\",\"url\":\"https:\\\/\\\/blogdofarnesio.com.br\\\/wp-content\\\/uploads\\\/2026\\\/03\\\/cropped-logo_new-1.png\",\"contentUrl\":\"https:\\\/\\\/blogdofarnesio.com.br\\\/wp-content\\\/uploads\\\/2026\\\/03\\\/cropped-logo_new-1.png\",\"width\":881,\"height\":685,\"caption\":\"Blog do Farn\u00e9sio\"},\"image\":{\"@id\":\"https:\\\/\\\/blogdofarnesio.com.br\\\/#\\\/schema\\\/logo\\\/image\\\/\"},\"sameAs\":[\"https:\\\/\\\/www.facebook.com\\\/BlogQuerSaberPolitica\\\/\"]},{\"@type\":\"Person\",\"@id\":\"https:\\\/\\\/blogdofarnesio.com.br\\\/#\\\/schema\\\/person\\\/bb9b23ae3ad0609ce8df7b6c9e76824d\",\"name\":\"Farn\u00e9sio\",\"image\":{\"@type\":\"ImageObject\",\"inLanguage\":\"pt-BR\",\"@id\":\"https:\\\/\\\/secure.gravatar.com\\\/avatar\\\/986aa4c61ccdb66f8555bf88fc2a65609d00bcabd4d2d94377a727547345cbca?s=96&d=mm&r=g\",\"url\":\"https:\\\/\\\/secure.gravatar.com\\\/avatar\\\/986aa4c61ccdb66f8555bf88fc2a65609d00bcabd4d2d94377a727547345cbca?s=96&d=mm&r=g\",\"contentUrl\":\"https:\\\/\\\/secure.gravatar.com\\\/avatar\\\/986aa4c61ccdb66f8555bf88fc2a65609d00bcabd4d2d94377a727547345cbca?s=96&d=mm&r=g\",\"caption\":\"Farn\u00e9sio\"},\"description\":\"Radialista blogueiro, chegou a Petrolina\\\/Juazeiro em setembro de 1980, Farn\u00e9sio Silva \u00e9 de Arapiraca-Alagoas.\",\"sameAs\":[\"http:\\\/\\\/blogdofarnesio.com.br\",\"https:\\\/\\\/www.facebook.com\\\/?ref=tn_tnmn\",\"https:\\\/\\\/www.instagram.com\\\/?utm_source=pwa_homescreen\",\"https:\\\/\\\/youtube.com.br\\\/\"],\"url\":\"https:\\\/\\\/blogdofarnesio.com.br\\\/?author=2\"}]}<\/script>\n<!-- \/ Yoast SEO plugin. -->","yoast_head_json":{"title":"Juazeiro refor\u00e7a atendimento das s\u00edndromes gripais com UBSs de refer\u00eancia abertas aos s\u00e1bados - Blog do Farn\u00e9sio","robots":{"index":"index","follow":"follow","max-snippet":"max-snippet:-1","max-image-preview":"max-image-preview:large","max-video-preview":"max-video-preview:-1"},"canonical":"https:\/\/blogdofarnesio.com.br\/?p=304174","og_locale":"pt_BR","og_type":"article","og_title":"Juazeiro refor\u00e7a atendimento das s\u00edndromes gripais com UBSs de refer\u00eancia abertas aos s\u00e1bados - Blog do Farn\u00e9sio","og_description":"A partir deste s\u00e1bado (15), duas Unidades B\u00e1sicas de Sa\u00fade (UBSs) de Juazeiro v\u00e3o iniciar atendimentos dos casos leves de s\u00edndromes gripais. Com isso, a Secretaria de Sa\u00fade (Sesau) poder\u00e1 atender a demanda de sintom\u00e1ticos respirat\u00f3rios que chegam \u00e0 Rede de Aten\u00e7\u00e3o Especializada (Hospital Campanha e Unidade Pedi\u00e1trica), e que n\u00e3o apresentam gravidade. As UBSs Jo\u00e3o Paulo II e Mussamb\u00ea ser\u00e3o as unidades de refer\u00eancia aos s\u00e1bados com atendimentos. A equipe ser\u00e1 composta por m\u00e9dico, enfermeiro, t\u00e9cnico de enfermagem e auxiliar de servi\u00e7os gerais. Os atendimentos ser\u00e3o das 7h30 \u00e0s 13h30. \u201cComo estamos com um fluxo aumentado de casos de s\u00edndromes gripais, pensamos em estrat\u00e9gias para conseguir atender as pessoas da melhor forma. Montamos esta estrat\u00e9gia de abrir essas duas&hellip;","og_url":"https:\/\/blogdofarnesio.com.br\/?p=304174","og_site_name":"Blog do Farn\u00e9sio","article_publisher":"https:\/\/www.facebook.com\/BlogQuerSaberPolitica\/","article_author":"https:\/\/www.facebook.com\/?ref=tn_tnmn","article_published_time":"2022-01-15T11:30:17+00:00","og_image":[{"width":594,"height":372,"url":"https:\/\/blogdofarnesio.com.br\/wp-content\/uploads\/2022\/01\/logqspgripe-e1642110955259.jpg","type":"image\/jpeg"}],"author":"Farn\u00e9sio","twitter_card":"summary_large_image","twitter_misc":{"Escrito por":"Farn\u00e9sio","Est. tempo de leitura":"3 minutos"},"schema":{"@context":"https:\/\/schema.org","@graph":[{"@type":"Article","@id":"https:\/\/blogdofarnesio.com.br\/?p=304174#article","isPartOf":{"@id":"https:\/\/blogdofarnesio.com.br\/?p=304174"},"author":{"name":"Farn\u00e9sio","@id":"https:\/\/blogdofarnesio.com.br\/#\/schema\/person\/bb9b23ae3ad0609ce8df7b6c9e76824d"},"headline":"Juazeiro refor\u00e7a atendimento das s\u00edndromes gripais com UBSs de refer\u00eancia abertas aos s\u00e1bados","datePublished":"2022-01-15T11:30:17+00:00","mainEntityOfPage":{"@id":"https:\/\/blogdofarnesio.com.br\/?p=304174"},"wordCount":542,"commentCount":0,"publisher":{"@id":"https:\/\/blogdofarnesio.com.br\/#organization"},"image":{"@id":"https:\/\/blogdofarnesio.com.br\/?p=304174#primaryimage"},"thumbnailUrl":"https:\/\/blogdofarnesio.com.br\/wp-content\/uploads\/2022\/01\/logqspgripe-e1642110955259.jpg","articleSection":["Administra\u00e7\u00e3o"],"inLanguage":"pt-BR","potentialAction":[{"@type":"CommentAction","name":"Comment","target":["https:\/\/blogdofarnesio.com.br\/?p=304174#respond"]}]},{"@type":"WebPage","@id":"https:\/\/blogdofarnesio.com.br\/?p=304174","url":"https:\/\/blogdofarnesio.com.br\/?p=304174","name":"Juazeiro refor\u00e7a atendimento das s\u00edndromes gripais com UBSs de refer\u00eancia abertas aos s\u00e1bados - Blog do Farn\u00e9sio","isPartOf":{"@id":"https:\/\/blogdofarnesio.com.br\/#website"},"primaryImageOfPage":{"@id":"https:\/\/blogdofarnesio.com.br\/?p=304174#primaryimage"},"image":{"@id":"https:\/\/blogdofarnesio.com.br\/?p=304174#primaryimage"},"thumbnailUrl":"https:\/\/blogdofarnesio.com.br\/wp-content\/uploads\/2022\/01\/logqspgripe-e1642110955259.jpg","datePublished":"2022-01-15T11:30:17+00:00","breadcrumb":{"@id":"https:\/\/blogdofarnesio.com.br\/?p=304174#breadcrumb"},"inLanguage":"pt-BR","potentialAction":[{"@type":"ReadAction","target":["https:\/\/blogdofarnesio.com.br\/?p=304174"]}]},{"@type":"ImageObject","inLanguage":"pt-BR","@id":"https:\/\/blogdofarnesio.com.br\/?p=304174#primaryimage","url":"https:\/\/blogdofarnesio.com.br\/wp-content\/uploads\/2022\/01\/logqspgripe-e1642110955259.jpg","contentUrl":"https:\/\/blogdofarnesio.com.br\/wp-content\/uploads\/2022\/01\/logqspgripe-e1642110955259.jpg","width":594,"height":372,"caption":"All kinds of flu treatment"},{"@type":"BreadcrumbList","@id":"https:\/\/blogdofarnesio.com.br\/?p=304174#breadcrumb","itemListElement":[{"@type":"ListItem","position":1,"name":"In\u00edcio","item":"https:\/\/blogdofarnesio.com.br\/"},{"@type":"ListItem","position":2,"name":"Juazeiro refor\u00e7a atendimento das s\u00edndromes gripais com UBSs de refer\u00eancia abertas aos s\u00e1bados"}]},{"@type":"WebSite","@id":"https:\/\/blogdofarnesio.com.br\/#website","url":"https:\/\/blogdofarnesio.com.br\/","name":"Blog do Farn\u00e9sio","description":"Quer Saber Pol\u00edtica?","publisher":{"@id":"https:\/\/blogdofarnesio.com.br\/#organization"},"potentialAction":[{"@type":"SearchAction","target":{"@type":"EntryPoint","urlTemplate":"https:\/\/blogdofarnesio.com.br\/?s={search_term_string}"},"query-input":{"@type":"PropertyValueSpecification","valueRequired":true,"valueName":"search_term_string"}}],"inLanguage":"pt-BR"},{"@type":"Organization","@id":"https:\/\/blogdofarnesio.com.br\/#organization","name":"Blog do Farn\u00e9sio","url":"https:\/\/blogdofarnesio.com.br\/","logo":{"@type":"ImageObject","inLanguage":"pt-BR","@id":"https:\/\/blogdofarnesio.com.br\/#\/schema\/logo\/image\/","url":"https:\/\/blogdofarnesio.com.br\/wp-content\/uploads\/2026\/03\/cropped-logo_new-1.png","contentUrl":"https:\/\/blogdofarnesio.com.br\/wp-content\/uploads\/2026\/03\/cropped-logo_new-1.png","width":881,"height":685,"caption":"Blog do Farn\u00e9sio"},"image":{"@id":"https:\/\/blogdofarnesio.com.br\/#\/schema\/logo\/image\/"},"sameAs":["https:\/\/www.facebook.com\/BlogQuerSaberPolitica\/"]},{"@type":"Person","@id":"https:\/\/blogdofarnesio.com.br\/#\/schema\/person\/bb9b23ae3ad0609ce8df7b6c9e76824d","name":"Farn\u00e9sio","image":{"@type":"ImageObject","inLanguage":"pt-BR","@id":"https:\/\/secure.gravatar.com\/avatar\/986aa4c61ccdb66f8555bf88fc2a65609d00bcabd4d2d94377a727547345cbca?s=96&d=mm&r=g","url":"https:\/\/secure.gravatar.com\/avatar\/986aa4c61ccdb66f8555bf88fc2a65609d00bcabd4d2d94377a727547345cbca?s=96&d=mm&r=g","contentUrl":"https:\/\/secure.gravatar.com\/avatar\/986aa4c61ccdb66f8555bf88fc2a65609d00bcabd4d2d94377a727547345cbca?s=96&d=mm&r=g","caption":"Farn\u00e9sio"},"description":"Radialista blogueiro, chegou a Petrolina\/Juazeiro em setembro de 1980, Farn\u00e9sio Silva \u00e9 de Arapiraca-Alagoas.","sameAs":["http:\/\/blogdofarnesio.com.br","https:\/\/www.facebook.com\/?ref=tn_tnmn","https:\/\/www.instagram.com\/?utm_source=pwa_homescreen","https:\/\/youtube.com.br\/"],"url":"https:\/\/blogdofarnesio.com.br\/?author=2"}]}},"_links":{"self":[{"href":"https:\/\/blogdofarnesio.com.br\/index.php?rest_route=\/wp\/v2\/posts\/304174","targetHints":{"allow":["GET"]}}],"collection":[{"href":"https:\/\/blogdofarnesio.com.br\/index.php?rest_route=\/wp\/v2\/posts"}],"about":[{"href":"https:\/\/blogdofarnesio.com.br\/index.php?rest_route=\/wp\/v2\/types\/post"}],"author":[{"embeddable":true,"href":"https:\/\/blogdofarnesio.com.br\/index.php?rest_route=\/wp\/v2\/users\/2"}],"replies":[{"embeddable":true,"href":"https:\/\/blogdofarnesio.com.br\/index.php?rest_route=%2Fwp%2Fv2%2Fcomments&post=304174"}],"version-history":[{"count":0,"href":"https:\/\/blogdofarnesio.com.br\/index.php?rest_route=\/wp\/v2\/posts\/304174\/revisions"}],"wp:featuredmedia":[{"embeddable":true,"href":"https:\/\/blogdofarnesio.com.br\/index.php?rest_route=\/wp\/v2\/media\/304138"}],"wp:attachment":[{"href":"https:\/\/blogdofarnesio.com.br\/index.php?rest_route=%2Fwp%2Fv2%2Fmedia&parent=304174"}],"wp:term":[{"taxonomy":"category","embeddable":true,"href":"https:\/\/blogdofarnesio.com.br\/index.php?rest_route=%2Fwp%2Fv2%2Fcategories&post=304174"},{"taxonomy":"post_tag","embeddable":true,"href":"https:\/\/blogdofarnesio.com.br\/index.php?rest_route=%2Fwp%2Fv2%2Ftags&post=304174"}],"curies":[{"name":"wp","href":"https:\/\/api.w.org\/{rel}","templated":true}]}}