{"id":304165,"date":"2022-01-17T09:23:40","date_gmt":"2022-01-17T12:23:40","guid":{"rendered":"https:\/\/blogdofarnesio.com.br\/?p=304165"},"modified":"2022-01-14T09:44:33","modified_gmt":"2022-01-14T12:44:33","slug":"prefeitura-de-juazeiro-divulga-calendario-de-vistorias-2022-para-permissionarios-de-transportes","status":"publish","type":"post","link":"https:\/\/blogdofarnesio.com.br\/?p=304165","title":{"rendered":"Prefeitura de Juazeiro divulga calend\u00e1rio de vistorias 2022 para permission\u00e1rios de transportes"},"content":{"rendered":"<p dir=\"ltr\">A Prefeitura de Juazeiro, por meio da Companhia de Seguran\u00e7a, Tr\u00e2nsito e Transporte (CSTT), alerta os permission\u00e1rios do transporte municipal para o calend\u00e1rio de vistorias. A inspe\u00e7\u00e3o \u00e9 obrigat\u00f3ria e deve ser feita anualmente. O agendamento \u00e9 feito na sede da CSTT, na rua Oscar Ribeiro, s\/n, Centro ou pelo telefone (74) 3611-8836.<\/p>\n<p dir=\"ltr\"><b>Calend\u00e1rio 2022<\/b><\/p>\n<p dir=\"ltr\">Transporte Escolar 1\u00b0 e 2\u00b0 semestre &#8211; 10\/Jan a 7\/Mar<\/p>\n<p dir=\"ltr\">Motot\u00e1xi &#8211; 1\/Mar a 29\/Abr<\/p>\n<p dir=\"ltr\">T\u00e1xi &#8211; 1\/Mar a 9\/Abr<\/p>\n<p dir=\"ltr\">Fretamento &#8211; 4 a 29\/Abr<\/p>\n<p dir=\"ltr\">Transporte Coletivo &#8211; 30\/Maio<\/p>\n<p dir=\"ltr\">Transporte Complementar &#8211; 6\/Jun a 30\/Jul<\/p>\n<p dir=\"ltr\">O gerente de Transporte, Emerson Silva, explica a import\u00e2ncia do servi\u00e7o para a seguran\u00e7a dos usu\u00e1rios. <i>\u201cA vistoria \u00e9 uma das a\u00e7\u00f5es preventivas que a CSTT oferece para a comunidade. Sem a vistoria o carro n\u00e3o pode circular pela cidade transportando passageiros\u201d,<\/i> afirma.<\/p>\n<p dir=\"ltr\">Estar\u00e3o liberados para prestar o servi\u00e7o somente os ve\u00edculos que estiverem autorizados pela CSTT. Durante a vistoria, s\u00e3o avaliadas as condi\u00e7\u00f5es do ve\u00edculo e documenta\u00e7\u00e3o, como as luzes, cintos de seguran\u00e7a, pneus, sinaliza\u00e7\u00e3o veicular, entre outros. Al\u00e9m disso, tamb\u00e9m s\u00e3o conferidos os documentos do condutor.<\/p>\n<p dir=\"ltr\">Mais informa\u00e7\u00f5es podem ser obtidas na sede da CSTT ou pelo telefone diretamente no setor de transporte.<\/p>\n<p dir=\"ltr\">Texto: Thamires Santos &#8211; Assessora de imprensa da CSTT\/Ascom PMJ<\/p>\n<p dir=\"ltr\">&#8212;<\/p>\n<p dir=\"ltr\">Fernanda Barros &#8211; Secret\u00e1ria de Comunica\u00e7\u00e3o da Prefeitura de Juazeiro<\/p>\n","protected":false},"excerpt":{"rendered":"<p>A Prefeitura de Juazeiro, por meio da Companhia de Seguran\u00e7a, Tr\u00e2nsito e Transporte (CSTT), alerta os permission\u00e1rios do transporte municipal para o calend\u00e1rio de vistorias. A inspe\u00e7\u00e3o \u00e9 obrigat\u00f3ria e deve ser feita anualmente. O agendamento \u00e9 feito na sede da CSTT, na rua Oscar Ribeiro, s\/n, Centro ou pelo telefone (74) 3611-8836. Calend\u00e1rio 2022 Transporte Escolar 1\u00b0 e 2\u00b0 semestre &#8211; 10\/Jan a 7\/Mar Motot\u00e1xi &#8211; 1\/Mar a 29\/Abr T\u00e1xi &#8211; 1\/Mar a 9\/Abr Fretamento &#8211; 4 a 29\/Abr Transporte Coletivo &#8211; 30\/Maio Transporte Complementar &#8211; 6\/Jun a 30\/Jul O gerente de Transporte, Emerson Silva, explica a import\u00e2ncia do servi\u00e7o para a seguran\u00e7a dos usu\u00e1rios. \u201cA vistoria \u00e9 uma das a\u00e7\u00f5es preventivas que a CSTT oferece para a comunidade.&hellip; <\/p>\n","protected":false},"author":2,"featured_media":155534,"comment_status":"open","ping_status":"open","sticky":false,"template":"","format":"standard","meta":{"_acf_changed":false,"footnotes":""},"categories":[44],"tags":[],"class_list":["post-304165","post","type-post","status-publish","format-standard","has-post-thumbnail","hentry","category-administracao"],"acf":[],"yoast_head":"<!-- This site is optimized with the Yoast SEO plugin v27.4 - https:\/\/yoast.com\/product\/yoast-seo-wordpress\/ -->\n<title>Prefeitura de Juazeiro divulga calend\u00e1rio de vistorias 2022 para permission\u00e1rios de transportes - Blog do Farn\u00e9sio<\/title>\n<meta name=\"robots\" content=\"index, follow, max-snippet:-1, max-image-preview:large, max-video-preview:-1\" \/>\n<link rel=\"canonical\" href=\"https:\/\/blogdofarnesio.com.br\/?p=304165\" \/>\n<meta property=\"og:locale\" content=\"pt_BR\" \/>\n<meta property=\"og:type\" content=\"article\" \/>\n<meta property=\"og:title\" content=\"Prefeitura de Juazeiro divulga calend\u00e1rio de vistorias 2022 para permission\u00e1rios de transportes - Blog do Farn\u00e9sio\" \/>\n<meta property=\"og:description\" content=\"A Prefeitura de Juazeiro, por meio da Companhia de Seguran\u00e7a, Tr\u00e2nsito e Transporte (CSTT), alerta os permission\u00e1rios do transporte municipal para o calend\u00e1rio de vistorias. A inspe\u00e7\u00e3o \u00e9 obrigat\u00f3ria e deve ser feita anualmente. O agendamento \u00e9 feito na sede da CSTT, na rua Oscar Ribeiro, s\/n, Centro ou pelo telefone (74) 3611-8836. Calend\u00e1rio 2022 Transporte Escolar 1\u00b0 e 2\u00b0 semestre &#8211; 10\/Jan a 7\/Mar Motot\u00e1xi &#8211; 1\/Mar a 29\/Abr T\u00e1xi &#8211; 1\/Mar a 9\/Abr Fretamento &#8211; 4 a 29\/Abr Transporte Coletivo &#8211; 30\/Maio Transporte Complementar &#8211; 6\/Jun a 30\/Jul O gerente de Transporte, Emerson Silva, explica a import\u00e2ncia do servi\u00e7o para a seguran\u00e7a dos usu\u00e1rios. \u201cA vistoria \u00e9 uma das a\u00e7\u00f5es preventivas que a CSTT oferece para a comunidade.&hellip;\" \/>\n<meta property=\"og:url\" content=\"https:\/\/blogdofarnesio.com.br\/?p=304165\" \/>\n<meta property=\"og:site_name\" content=\"Blog do Farn\u00e9sio\" \/>\n<meta property=\"article:publisher\" content=\"https:\/\/www.facebook.com\/BlogQuerSaberPolitica\/\" \/>\n<meta property=\"article:author\" content=\"https:\/\/www.facebook.com\/?ref=tn_tnmn\" \/>\n<meta property=\"article:published_time\" content=\"2022-01-17T12:23:40+00:00\" \/>\n<meta property=\"og:image\" content=\"https:\/\/blogdofarnesio.com.br\/wp-content\/uploads\/2017\/01\/blogqspVISTORIA-TRANSPORTE-ESCOLAR.jpg\" \/>\n\t<meta property=\"og:image:width\" content=\"500\" \/>\n\t<meta property=\"og:image:height\" content=\"339\" \/>\n\t<meta property=\"og:image:type\" content=\"image\/jpeg\" \/>\n<meta name=\"author\" content=\"Farn\u00e9sio\" \/>\n<meta name=\"twitter:card\" content=\"summary_large_image\" \/>\n<meta name=\"twitter:label1\" content=\"Escrito por\" \/>\n\t<meta name=\"twitter:data1\" content=\"Farn\u00e9sio\" \/>\n\t<meta name=\"twitter:label2\" content=\"Est. tempo de leitura\" \/>\n\t<meta name=\"twitter:data2\" content=\"1 minuto\" \/>\n<script type=\"application\/ld+json\" class=\"yoast-schema-graph\">{\"@context\":\"https:\\\/\\\/schema.org\",\"@graph\":[{\"@type\":\"Article\",\"@id\":\"https:\\\/\\\/blogdofarnesio.com.br\\\/?p=304165#article\",\"isPartOf\":{\"@id\":\"https:\\\/\\\/blogdofarnesio.com.br\\\/?p=304165\"},\"author\":{\"name\":\"Farn\u00e9sio\",\"@id\":\"https:\\\/\\\/blogdofarnesio.com.br\\\/#\\\/schema\\\/person\\\/bb9b23ae3ad0609ce8df7b6c9e76824d\"},\"headline\":\"Prefeitura de Juazeiro divulga calend\u00e1rio de vistorias 2022 para permission\u00e1rios de transportes\",\"datePublished\":\"2022-01-17T12:23:40+00:00\",\"mainEntityOfPage\":{\"@id\":\"https:\\\/\\\/blogdofarnesio.com.br\\\/?p=304165\"},\"wordCount\":253,\"commentCount\":0,\"publisher\":{\"@id\":\"https:\\\/\\\/blogdofarnesio.com.br\\\/#organization\"},\"image\":{\"@id\":\"https:\\\/\\\/blogdofarnesio.com.br\\\/?p=304165#primaryimage\"},\"thumbnailUrl\":\"https:\\\/\\\/blogdofarnesio.com.br\\\/wp-content\\\/uploads\\\/2017\\\/01\\\/blogqspVISTORIA-TRANSPORTE-ESCOLAR.jpg\",\"articleSection\":[\"Administra\u00e7\u00e3o\"],\"inLanguage\":\"pt-BR\",\"potentialAction\":[{\"@type\":\"CommentAction\",\"name\":\"Comment\",\"target\":[\"https:\\\/\\\/blogdofarnesio.com.br\\\/?p=304165#respond\"]}]},{\"@type\":\"WebPage\",\"@id\":\"https:\\\/\\\/blogdofarnesio.com.br\\\/?p=304165\",\"url\":\"https:\\\/\\\/blogdofarnesio.com.br\\\/?p=304165\",\"name\":\"Prefeitura de Juazeiro divulga calend\u00e1rio de vistorias 2022 para permission\u00e1rios de transportes - Blog do Farn\u00e9sio\",\"isPartOf\":{\"@id\":\"https:\\\/\\\/blogdofarnesio.com.br\\\/#website\"},\"primaryImageOfPage\":{\"@id\":\"https:\\\/\\\/blogdofarnesio.com.br\\\/?p=304165#primaryimage\"},\"image\":{\"@id\":\"https:\\\/\\\/blogdofarnesio.com.br\\\/?p=304165#primaryimage\"},\"thumbnailUrl\":\"https:\\\/\\\/blogdofarnesio.com.br\\\/wp-content\\\/uploads\\\/2017\\\/01\\\/blogqspVISTORIA-TRANSPORTE-ESCOLAR.jpg\",\"datePublished\":\"2022-01-17T12:23:40+00:00\",\"breadcrumb\":{\"@id\":\"https:\\\/\\\/blogdofarnesio.com.br\\\/?p=304165#breadcrumb\"},\"inLanguage\":\"pt-BR\",\"potentialAction\":[{\"@type\":\"ReadAction\",\"target\":[\"https:\\\/\\\/blogdofarnesio.com.br\\\/?p=304165\"]}]},{\"@type\":\"ImageObject\",\"inLanguage\":\"pt-BR\",\"@id\":\"https:\\\/\\\/blogdofarnesio.com.br\\\/?p=304165#primaryimage\",\"url\":\"https:\\\/\\\/blogdofarnesio.com.br\\\/wp-content\\\/uploads\\\/2017\\\/01\\\/blogqspVISTORIA-TRANSPORTE-ESCOLAR.jpg\",\"contentUrl\":\"https:\\\/\\\/blogdofarnesio.com.br\\\/wp-content\\\/uploads\\\/2017\\\/01\\\/blogqspVISTORIA-TRANSPORTE-ESCOLAR.jpg\",\"width\":500,\"height\":339,\"caption\":\"Ilustra\u00e7\u00e3o\"},{\"@type\":\"BreadcrumbList\",\"@id\":\"https:\\\/\\\/blogdofarnesio.com.br\\\/?p=304165#breadcrumb\",\"itemListElement\":[{\"@type\":\"ListItem\",\"position\":1,\"name\":\"In\u00edcio\",\"item\":\"https:\\\/\\\/blogdofarnesio.com.br\\\/\"},{\"@type\":\"ListItem\",\"position\":2,\"name\":\"Prefeitura de Juazeiro divulga calend\u00e1rio de vistorias 2022 para permission\u00e1rios de transportes\"}]},{\"@type\":\"WebSite\",\"@id\":\"https:\\\/\\\/blogdofarnesio.com.br\\\/#website\",\"url\":\"https:\\\/\\\/blogdofarnesio.com.br\\\/\",\"name\":\"Blog do Farn\u00e9sio\",\"description\":\"Quer Saber Pol\u00edtica?\",\"publisher\":{\"@id\":\"https:\\\/\\\/blogdofarnesio.com.br\\\/#organization\"},\"potentialAction\":[{\"@type\":\"SearchAction\",\"target\":{\"@type\":\"EntryPoint\",\"urlTemplate\":\"https:\\\/\\\/blogdofarnesio.com.br\\\/?s={search_term_string}\"},\"query-input\":{\"@type\":\"PropertyValueSpecification\",\"valueRequired\":true,\"valueName\":\"search_term_string\"}}],\"inLanguage\":\"pt-BR\"},{\"@type\":\"Organization\",\"@id\":\"https:\\\/\\\/blogdofarnesio.com.br\\\/#organization\",\"name\":\"Blog do Farn\u00e9sio\",\"url\":\"https:\\\/\\\/blogdofarnesio.com.br\\\/\",\"logo\":{\"@type\":\"ImageObject\",\"inLanguage\":\"pt-BR\",\"@id\":\"https:\\\/\\\/blogdofarnesio.com.br\\\/#\\\/schema\\\/logo\\\/image\\\/\",\"url\":\"https:\\\/\\\/blogdofarnesio.com.br\\\/wp-content\\\/uploads\\\/2026\\\/03\\\/cropped-logo_new-1.png\",\"contentUrl\":\"https:\\\/\\\/blogdofarnesio.com.br\\\/wp-content\\\/uploads\\\/2026\\\/03\\\/cropped-logo_new-1.png\",\"width\":881,\"height\":685,\"caption\":\"Blog do Farn\u00e9sio\"},\"image\":{\"@id\":\"https:\\\/\\\/blogdofarnesio.com.br\\\/#\\\/schema\\\/logo\\\/image\\\/\"},\"sameAs\":[\"https:\\\/\\\/www.facebook.com\\\/BlogQuerSaberPolitica\\\/\"]},{\"@type\":\"Person\",\"@id\":\"https:\\\/\\\/blogdofarnesio.com.br\\\/#\\\/schema\\\/person\\\/bb9b23ae3ad0609ce8df7b6c9e76824d\",\"name\":\"Farn\u00e9sio\",\"image\":{\"@type\":\"ImageObject\",\"inLanguage\":\"pt-BR\",\"@id\":\"https:\\\/\\\/secure.gravatar.com\\\/avatar\\\/986aa4c61ccdb66f8555bf88fc2a65609d00bcabd4d2d94377a727547345cbca?s=96&d=mm&r=g\",\"url\":\"https:\\\/\\\/secure.gravatar.com\\\/avatar\\\/986aa4c61ccdb66f8555bf88fc2a65609d00bcabd4d2d94377a727547345cbca?s=96&d=mm&r=g\",\"contentUrl\":\"https:\\\/\\\/secure.gravatar.com\\\/avatar\\\/986aa4c61ccdb66f8555bf88fc2a65609d00bcabd4d2d94377a727547345cbca?s=96&d=mm&r=g\",\"caption\":\"Farn\u00e9sio\"},\"description\":\"Radialista blogueiro, chegou a Petrolina\\\/Juazeiro em setembro de 1980, Farn\u00e9sio Silva \u00e9 de Arapiraca-Alagoas.\",\"sameAs\":[\"http:\\\/\\\/blogdofarnesio.com.br\",\"https:\\\/\\\/www.facebook.com\\\/?ref=tn_tnmn\",\"https:\\\/\\\/www.instagram.com\\\/?utm_source=pwa_homescreen\",\"https:\\\/\\\/youtube.com.br\\\/\"],\"url\":\"https:\\\/\\\/blogdofarnesio.com.br\\\/?author=2\"}]}<\/script>\n<!-- \/ Yoast SEO plugin. -->","yoast_head_json":{"title":"Prefeitura de Juazeiro divulga calend\u00e1rio de vistorias 2022 para permission\u00e1rios de transportes - Blog do Farn\u00e9sio","robots":{"index":"index","follow":"follow","max-snippet":"max-snippet:-1","max-image-preview":"max-image-preview:large","max-video-preview":"max-video-preview:-1"},"canonical":"https:\/\/blogdofarnesio.com.br\/?p=304165","og_locale":"pt_BR","og_type":"article","og_title":"Prefeitura de Juazeiro divulga calend\u00e1rio de vistorias 2022 para permission\u00e1rios de transportes - Blog do Farn\u00e9sio","og_description":"A Prefeitura de Juazeiro, por meio da Companhia de Seguran\u00e7a, Tr\u00e2nsito e Transporte (CSTT), alerta os permission\u00e1rios do transporte municipal para o calend\u00e1rio de vistorias. A inspe\u00e7\u00e3o \u00e9 obrigat\u00f3ria e deve ser feita anualmente. O agendamento \u00e9 feito na sede da CSTT, na rua Oscar Ribeiro, s\/n, Centro ou pelo telefone (74) 3611-8836. Calend\u00e1rio 2022 Transporte Escolar 1\u00b0 e 2\u00b0 semestre &#8211; 10\/Jan a 7\/Mar Motot\u00e1xi &#8211; 1\/Mar a 29\/Abr T\u00e1xi &#8211; 1\/Mar a 9\/Abr Fretamento &#8211; 4 a 29\/Abr Transporte Coletivo &#8211; 30\/Maio Transporte Complementar &#8211; 6\/Jun a 30\/Jul O gerente de Transporte, Emerson Silva, explica a import\u00e2ncia do servi\u00e7o para a seguran\u00e7a dos usu\u00e1rios. \u201cA vistoria \u00e9 uma das a\u00e7\u00f5es preventivas que a CSTT oferece para a comunidade.&hellip;","og_url":"https:\/\/blogdofarnesio.com.br\/?p=304165","og_site_name":"Blog do Farn\u00e9sio","article_publisher":"https:\/\/www.facebook.com\/BlogQuerSaberPolitica\/","article_author":"https:\/\/www.facebook.com\/?ref=tn_tnmn","article_published_time":"2022-01-17T12:23:40+00:00","og_image":[{"width":500,"height":339,"url":"https:\/\/blogdofarnesio.com.br\/wp-content\/uploads\/2017\/01\/blogqspVISTORIA-TRANSPORTE-ESCOLAR.jpg","type":"image\/jpeg"}],"author":"Farn\u00e9sio","twitter_card":"summary_large_image","twitter_misc":{"Escrito por":"Farn\u00e9sio","Est. tempo de leitura":"1 minuto"},"schema":{"@context":"https:\/\/schema.org","@graph":[{"@type":"Article","@id":"https:\/\/blogdofarnesio.com.br\/?p=304165#article","isPartOf":{"@id":"https:\/\/blogdofarnesio.com.br\/?p=304165"},"author":{"name":"Farn\u00e9sio","@id":"https:\/\/blogdofarnesio.com.br\/#\/schema\/person\/bb9b23ae3ad0609ce8df7b6c9e76824d"},"headline":"Prefeitura de Juazeiro divulga calend\u00e1rio de vistorias 2022 para permission\u00e1rios de transportes","datePublished":"2022-01-17T12:23:40+00:00","mainEntityOfPage":{"@id":"https:\/\/blogdofarnesio.com.br\/?p=304165"},"wordCount":253,"commentCount":0,"publisher":{"@id":"https:\/\/blogdofarnesio.com.br\/#organization"},"image":{"@id":"https:\/\/blogdofarnesio.com.br\/?p=304165#primaryimage"},"thumbnailUrl":"https:\/\/blogdofarnesio.com.br\/wp-content\/uploads\/2017\/01\/blogqspVISTORIA-TRANSPORTE-ESCOLAR.jpg","articleSection":["Administra\u00e7\u00e3o"],"inLanguage":"pt-BR","potentialAction":[{"@type":"CommentAction","name":"Comment","target":["https:\/\/blogdofarnesio.com.br\/?p=304165#respond"]}]},{"@type":"WebPage","@id":"https:\/\/blogdofarnesio.com.br\/?p=304165","url":"https:\/\/blogdofarnesio.com.br\/?p=304165","name":"Prefeitura de Juazeiro divulga calend\u00e1rio de vistorias 2022 para permission\u00e1rios de transportes - Blog do Farn\u00e9sio","isPartOf":{"@id":"https:\/\/blogdofarnesio.com.br\/#website"},"primaryImageOfPage":{"@id":"https:\/\/blogdofarnesio.com.br\/?p=304165#primaryimage"},"image":{"@id":"https:\/\/blogdofarnesio.com.br\/?p=304165#primaryimage"},"thumbnailUrl":"https:\/\/blogdofarnesio.com.br\/wp-content\/uploads\/2017\/01\/blogqspVISTORIA-TRANSPORTE-ESCOLAR.jpg","datePublished":"2022-01-17T12:23:40+00:00","breadcrumb":{"@id":"https:\/\/blogdofarnesio.com.br\/?p=304165#breadcrumb"},"inLanguage":"pt-BR","potentialAction":[{"@type":"ReadAction","target":["https:\/\/blogdofarnesio.com.br\/?p=304165"]}]},{"@type":"ImageObject","inLanguage":"pt-BR","@id":"https:\/\/blogdofarnesio.com.br\/?p=304165#primaryimage","url":"https:\/\/blogdofarnesio.com.br\/wp-content\/uploads\/2017\/01\/blogqspVISTORIA-TRANSPORTE-ESCOLAR.jpg","contentUrl":"https:\/\/blogdofarnesio.com.br\/wp-content\/uploads\/2017\/01\/blogqspVISTORIA-TRANSPORTE-ESCOLAR.jpg","width":500,"height":339,"caption":"Ilustra\u00e7\u00e3o"},{"@type":"BreadcrumbList","@id":"https:\/\/blogdofarnesio.com.br\/?p=304165#breadcrumb","itemListElement":[{"@type":"ListItem","position":1,"name":"In\u00edcio","item":"https:\/\/blogdofarnesio.com.br\/"},{"@type":"ListItem","position":2,"name":"Prefeitura de Juazeiro divulga calend\u00e1rio de vistorias 2022 para permission\u00e1rios de transportes"}]},{"@type":"WebSite","@id":"https:\/\/blogdofarnesio.com.br\/#website","url":"https:\/\/blogdofarnesio.com.br\/","name":"Blog do Farn\u00e9sio","description":"Quer Saber Pol\u00edtica?","publisher":{"@id":"https:\/\/blogdofarnesio.com.br\/#organization"},"potentialAction":[{"@type":"SearchAction","target":{"@type":"EntryPoint","urlTemplate":"https:\/\/blogdofarnesio.com.br\/?s={search_term_string}"},"query-input":{"@type":"PropertyValueSpecification","valueRequired":true,"valueName":"search_term_string"}}],"inLanguage":"pt-BR"},{"@type":"Organization","@id":"https:\/\/blogdofarnesio.com.br\/#organization","name":"Blog do Farn\u00e9sio","url":"https:\/\/blogdofarnesio.com.br\/","logo":{"@type":"ImageObject","inLanguage":"pt-BR","@id":"https:\/\/blogdofarnesio.com.br\/#\/schema\/logo\/image\/","url":"https:\/\/blogdofarnesio.com.br\/wp-content\/uploads\/2026\/03\/cropped-logo_new-1.png","contentUrl":"https:\/\/blogdofarnesio.com.br\/wp-content\/uploads\/2026\/03\/cropped-logo_new-1.png","width":881,"height":685,"caption":"Blog do Farn\u00e9sio"},"image":{"@id":"https:\/\/blogdofarnesio.com.br\/#\/schema\/logo\/image\/"},"sameAs":["https:\/\/www.facebook.com\/BlogQuerSaberPolitica\/"]},{"@type":"Person","@id":"https:\/\/blogdofarnesio.com.br\/#\/schema\/person\/bb9b23ae3ad0609ce8df7b6c9e76824d","name":"Farn\u00e9sio","image":{"@type":"ImageObject","inLanguage":"pt-BR","@id":"https:\/\/secure.gravatar.com\/avatar\/986aa4c61ccdb66f8555bf88fc2a65609d00bcabd4d2d94377a727547345cbca?s=96&d=mm&r=g","url":"https:\/\/secure.gravatar.com\/avatar\/986aa4c61ccdb66f8555bf88fc2a65609d00bcabd4d2d94377a727547345cbca?s=96&d=mm&r=g","contentUrl":"https:\/\/secure.gravatar.com\/avatar\/986aa4c61ccdb66f8555bf88fc2a65609d00bcabd4d2d94377a727547345cbca?s=96&d=mm&r=g","caption":"Farn\u00e9sio"},"description":"Radialista blogueiro, chegou a Petrolina\/Juazeiro em setembro de 1980, Farn\u00e9sio Silva \u00e9 de Arapiraca-Alagoas.","sameAs":["http:\/\/blogdofarnesio.com.br","https:\/\/www.facebook.com\/?ref=tn_tnmn","https:\/\/www.instagram.com\/?utm_source=pwa_homescreen","https:\/\/youtube.com.br\/"],"url":"https:\/\/blogdofarnesio.com.br\/?author=2"}]}},"_links":{"self":[{"href":"https:\/\/blogdofarnesio.com.br\/index.php?rest_route=\/wp\/v2\/posts\/304165","targetHints":{"allow":["GET"]}}],"collection":[{"href":"https:\/\/blogdofarnesio.com.br\/index.php?rest_route=\/wp\/v2\/posts"}],"about":[{"href":"https:\/\/blogdofarnesio.com.br\/index.php?rest_route=\/wp\/v2\/types\/post"}],"author":[{"embeddable":true,"href":"https:\/\/blogdofarnesio.com.br\/index.php?rest_route=\/wp\/v2\/users\/2"}],"replies":[{"embeddable":true,"href":"https:\/\/blogdofarnesio.com.br\/index.php?rest_route=%2Fwp%2Fv2%2Fcomments&post=304165"}],"version-history":[{"count":0,"href":"https:\/\/blogdofarnesio.com.br\/index.php?rest_route=\/wp\/v2\/posts\/304165\/revisions"}],"wp:featuredmedia":[{"embeddable":true,"href":"https:\/\/blogdofarnesio.com.br\/index.php?rest_route=\/wp\/v2\/media\/155534"}],"wp:attachment":[{"href":"https:\/\/blogdofarnesio.com.br\/index.php?rest_route=%2Fwp%2Fv2%2Fmedia&parent=304165"}],"wp:term":[{"taxonomy":"category","embeddable":true,"href":"https:\/\/blogdofarnesio.com.br\/index.php?rest_route=%2Fwp%2Fv2%2Fcategories&post=304165"},{"taxonomy":"post_tag","embeddable":true,"href":"https:\/\/blogdofarnesio.com.br\/index.php?rest_route=%2Fwp%2Fv2%2Ftags&post=304165"}],"curies":[{"name":"wp","href":"https:\/\/api.w.org\/{rel}","templated":true}]}}