{"id":303687,"date":"2022-01-06T13:00:20","date_gmt":"2022-01-06T16:00:20","guid":{"rendered":"https:\/\/blogdofarnesio.com.br\/?p=303687"},"modified":"2022-01-06T08:13:47","modified_gmt":"2022-01-06T11:13:47","slug":"surto-de-covid-19-faz-sindicato-cobrar-medidas-por-parte-da-record-tv","status":"publish","type":"post","link":"https:\/\/blogdofarnesio.com.br\/?p=303687","title":{"rendered":"Surto de Covid-19 faz sindicato cobrar medidas por parte da Record TV"},"content":{"rendered":"<div class=\"box-inner-p-smaller box-single\">\n<div class=\"entry-header\">\n<h1 class=\"entry-title\"><a style=\"font-size: 16px;\" href=\"https:\/\/portal.comunique-se.com.br\/author\/j-reno\/\"><img loading=\"lazy\" decoding=\"async\" class=\"avatar avatar-24 photo\" src=\"https:\/\/secure.gravatar.com\/avatar\/9a62c9f0763401f5ada83e2ee77fdaf7?s=24&amp;d=mm&amp;r=g\" alt=\"\" width=\"24\" height=\"24\" \/>\u00a0Julia Ren\u00f3<\/a><\/h1>\n<div class=\"entry-meta\"><\/div>\n<\/div>\n<\/div>\n<div class=\"box-inner-p-bigger box-single\">\n<div class=\"entry-headline h5\">\n<div class=\"heateor_sss_sharing_container heateor_sss_horizontal_sharing\" data-heateor-sss-href=\"https:\/\/portal.comunique-se.com.br\/surto-de-covid-19-faz-sindicato-cobrar-medidas-por-parte-da-record-tv\/\">\n<div class=\"heateorSssClear\">Ap\u00f3s relatos de casos de contamina\u00e7\u00e3o por Covid-19, o Sindicato dos Jornalistas Profissionais no Estado de S\u00e3o Paulo (SJSP) enviou um comunicado \u00e0 Record TV, no qual cobra testagem e ado\u00e7\u00e3o dos protocolos sanit\u00e1rios recomendados. Desde o in\u00edcio da pandemia, a entidade fiscaliza o cumprimento das medidas sanit\u00e1rias nas reda\u00e7\u00f5es do estado.<\/div>\n<\/div>\n<\/div>\n<div class=\"entry-content\">\n<p>No texto enviado \u00e0 emissora,\u00a0<a href=\"https:\/\/www.sjsp.org.br\/noticias\/tv-record-sindicato-cobra-medidas-apos-surto-de-covid-na-redacao-eacb\" target=\"_blank\" rel=\"noopener\">segundo nota publicada pelo sindicato<\/a>, medidas s\u00e3o destacadas com o objetivo de conter o n\u00famero de casos entre os funcion\u00e1rios da empresa. Algumas a\u00e7\u00f5es cobradas pelo SJSP s\u00e3o a testagem dos profissionais, ado\u00e7\u00e3o de\u00a0<em>home office<\/em>\u00a0para os funcion\u00e1rios que n\u00e3o necessitem atuar presencialmente e isolamento de quem apresentar sintomas relacionados a doen\u00e7as respirat\u00f3rias.<\/p>\n<p>\u201cNo comunicado enviado \u00e0 emissora, foi destacado a necessidade da ado\u00e7\u00e3o de testagem peri\u00f3dica, disponibiliza\u00e7\u00e3o de m\u00e1scaras profissionais de prote\u00e7\u00e3o, al\u00e9m das demais recomenda\u00e7\u00f5es sanit\u00e1rias para evitar a transmiss\u00e3o de Covid e tamb\u00e9m da influenza H3N2\u201d, complementa o texto.<\/p>\n<h2>Covid na reda\u00e7\u00e3o<\/h2>\n<p>Segundo\u00a0<a href=\"https:\/\/observatoriodatv.uol.com.br\/colunas\/cadu-safner\/surto-de-covid-impacta-a-record-tv-e-cerca-de-80-funcionarios-estao-afastados-jornalismo-e-o-mais-afetado\" target=\"_blank\" rel=\"noopener\">apura\u00e7\u00e3o feita pelo Observat\u00f3rio da TV<\/a>, o n\u00famero de casos de funcion\u00e1rios com sintomas de Covid ou gripais na Record \u00e9 de, aproximadamente, 80 pessoas. Entre elas, grande parte seria da equipe de jornalismo, como a apresentadora do \u2018Fala Brasil\u2019, Mariana Godoy, que\u00a0<a href=\"https:\/\/f5.folha.uol.com.br\/celebridades\/2022\/01\/mariana-godoy-fabiola-reipert-e-renato-lombardi-estao-com-covid.shtml\" target=\"_blank\" rel=\"noopener\">testou positivo para a doen\u00e7a no \u00faltimo fim de semana<\/a>, segundo informa\u00e7\u00f5es do F5.<\/p>\n<p>Na \u00faltima segunda-feira, 3, os apresentadores do \u2018Balan\u00e7o Geral\u2019 em S\u00e3o Paulo,\u00a0<a href=\"https:\/\/portal.comunique-se.com.br\/covid-19-afasta-dupla-de-telejornal-da-record\/\" target=\"_blank\" rel=\"noopener\">Fab\u00edola Reipert e Renato Lombardi, testaram positivo para o novo coronav\u00edrus<\/a>. Ap\u00f3s o resultado, ambos foram imediatamente afastados do programa e a atra\u00e7\u00e3o segue no comando de Mabell Reipert e Di\u00f3genes Lucas. Em v\u00eddeo publicado nas redes sociais, eles declararam que est\u00e3o assintom\u00e1ticos.<\/p>\n<h3>Fiscaliza\u00e7\u00e3o dos ve\u00edculos de comunica\u00e7\u00e3o<\/h3>\n<p>Ao longo da pandemia da Covid-19, o Sindicato dos Jornalistas Profissionais no Estado de S\u00e3o Paulo assumiu mais uma fun\u00e7\u00e3o: fiscalizar e exigir o cumprimento das medidas sanit\u00e1rias recomendadas, nas reda\u00e7\u00f5es. O trabalho da entidade \u00e9 realizado a partir de relatos enviados por jornalistas sobre casos de surto da doen\u00e7a nos ve\u00edculos em que trabalham. Os e-mails s\u00e3o enviados para\u00a0<a href=\"mailto:presidencia@sjsp.org.br\" target=\"_blank\" rel=\"noopener\">presidencia@sjsp.org.br<\/a>.<\/p>\n<\/div>\n<\/div>\n","protected":false},"excerpt":{"rendered":"<p>\u00a0Julia Ren\u00f3 Ap\u00f3s relatos de casos de contamina\u00e7\u00e3o por Covid-19, o Sindicato dos Jornalistas Profissionais no Estado de S\u00e3o Paulo (SJSP) enviou um comunicado \u00e0 Record TV, no qual cobra testagem e ado\u00e7\u00e3o dos protocolos sanit\u00e1rios recomendados. Desde o in\u00edcio da pandemia, a entidade fiscaliza o cumprimento das medidas sanit\u00e1rias nas reda\u00e7\u00f5es do estado. No texto enviado \u00e0 emissora,\u00a0segundo nota publicada pelo sindicato, medidas s\u00e3o destacadas com o objetivo de conter o n\u00famero de casos entre os funcion\u00e1rios da empresa. Algumas a\u00e7\u00f5es cobradas pelo SJSP s\u00e3o a testagem dos profissionais, ado\u00e7\u00e3o de\u00a0home office\u00a0para os funcion\u00e1rios que n\u00e3o necessitem atuar presencialmente e isolamento de quem apresentar sintomas relacionados a doen\u00e7as respirat\u00f3rias. \u201cNo comunicado enviado \u00e0 emissora, foi destacado a necessidade da&hellip; <\/p>\n","protected":false},"author":2,"featured_media":303688,"comment_status":"open","ping_status":"open","sticky":false,"template":"","format":"standard","meta":{"_acf_changed":false,"footnotes":""},"categories":[3],"tags":[],"class_list":["post-303687","post","type-post","status-publish","format-standard","has-post-thumbnail","hentry","category-entretenimento"],"acf":[],"yoast_head":"<!-- This site is optimized with the Yoast SEO plugin v27.4 - https:\/\/yoast.com\/product\/yoast-seo-wordpress\/ -->\n<title>Surto de Covid-19 faz sindicato cobrar medidas por parte da Record TV - Blog do Farn\u00e9sio<\/title>\n<meta name=\"robots\" content=\"index, follow, max-snippet:-1, max-image-preview:large, max-video-preview:-1\" \/>\n<link rel=\"canonical\" href=\"https:\/\/blogdofarnesio.com.br\/?p=303687\" \/>\n<meta property=\"og:locale\" content=\"pt_BR\" \/>\n<meta property=\"og:type\" content=\"article\" \/>\n<meta property=\"og:title\" content=\"Surto de Covid-19 faz sindicato cobrar medidas por parte da Record TV - Blog do Farn\u00e9sio\" \/>\n<meta property=\"og:description\" content=\"\u00a0Julia Ren\u00f3 Ap\u00f3s relatos de casos de contamina\u00e7\u00e3o por Covid-19, o Sindicato dos Jornalistas Profissionais no Estado de S\u00e3o Paulo (SJSP) enviou um comunicado \u00e0 Record TV, no qual cobra testagem e ado\u00e7\u00e3o dos protocolos sanit\u00e1rios recomendados. Desde o in\u00edcio da pandemia, a entidade fiscaliza o cumprimento das medidas sanit\u00e1rias nas reda\u00e7\u00f5es do estado. No texto enviado \u00e0 emissora,\u00a0segundo nota publicada pelo sindicato, medidas s\u00e3o destacadas com o objetivo de conter o n\u00famero de casos entre os funcion\u00e1rios da empresa. Algumas a\u00e7\u00f5es cobradas pelo SJSP s\u00e3o a testagem dos profissionais, ado\u00e7\u00e3o de\u00a0home office\u00a0para os funcion\u00e1rios que n\u00e3o necessitem atuar presencialmente e isolamento de quem apresentar sintomas relacionados a doen\u00e7as respirat\u00f3rias. \u201cNo comunicado enviado \u00e0 emissora, foi destacado a necessidade da&hellip;\" \/>\n<meta property=\"og:url\" content=\"https:\/\/blogdofarnesio.com.br\/?p=303687\" \/>\n<meta property=\"og:site_name\" content=\"Blog do Farn\u00e9sio\" \/>\n<meta property=\"article:publisher\" content=\"https:\/\/www.facebook.com\/BlogQuerSaberPolitica\/\" \/>\n<meta property=\"article:author\" content=\"https:\/\/www.facebook.com\/?ref=tn_tnmn\" \/>\n<meta property=\"article:published_time\" content=\"2022-01-06T16:00:20+00:00\" \/>\n<meta property=\"og:image\" content=\"https:\/\/blogdofarnesio.com.br\/wp-content\/uploads\/2022\/01\/blogqspSurto-de-Covid-19-Record-TV-.jpg\" \/>\n\t<meta property=\"og:image:width\" content=\"740\" \/>\n\t<meta property=\"og:image:height\" content=\"387\" \/>\n\t<meta property=\"og:image:type\" content=\"image\/jpeg\" \/>\n<meta name=\"author\" content=\"Farn\u00e9sio\" \/>\n<meta name=\"twitter:card\" content=\"summary_large_image\" \/>\n<meta name=\"twitter:label1\" content=\"Escrito por\" \/>\n\t<meta name=\"twitter:data1\" content=\"Farn\u00e9sio\" \/>\n\t<meta name=\"twitter:label2\" content=\"Est. tempo de leitura\" \/>\n\t<meta name=\"twitter:data2\" content=\"3 minutos\" \/>\n<script type=\"application\/ld+json\" class=\"yoast-schema-graph\">{\"@context\":\"https:\\\/\\\/schema.org\",\"@graph\":[{\"@type\":\"Article\",\"@id\":\"https:\\\/\\\/blogdofarnesio.com.br\\\/?p=303687#article\",\"isPartOf\":{\"@id\":\"https:\\\/\\\/blogdofarnesio.com.br\\\/?p=303687\"},\"author\":{\"name\":\"Farn\u00e9sio\",\"@id\":\"https:\\\/\\\/blogdofarnesio.com.br\\\/#\\\/schema\\\/person\\\/bb9b23ae3ad0609ce8df7b6c9e76824d\"},\"headline\":\"Surto de Covid-19 faz sindicato cobrar medidas por parte da Record TV\",\"datePublished\":\"2022-01-06T16:00:20+00:00\",\"mainEntityOfPage\":{\"@id\":\"https:\\\/\\\/blogdofarnesio.com.br\\\/?p=303687\"},\"wordCount\":398,\"commentCount\":0,\"publisher\":{\"@id\":\"https:\\\/\\\/blogdofarnesio.com.br\\\/#organization\"},\"image\":{\"@id\":\"https:\\\/\\\/blogdofarnesio.com.br\\\/?p=303687#primaryimage\"},\"thumbnailUrl\":\"https:\\\/\\\/blogdofarnesio.com.br\\\/wp-content\\\/uploads\\\/2022\\\/01\\\/blogqspSurto-de-Covid-19-Record-TV-.jpg\",\"articleSection\":[\"Entretenimento\"],\"inLanguage\":\"pt-BR\",\"potentialAction\":[{\"@type\":\"CommentAction\",\"name\":\"Comment\",\"target\":[\"https:\\\/\\\/blogdofarnesio.com.br\\\/?p=303687#respond\"]}]},{\"@type\":\"WebPage\",\"@id\":\"https:\\\/\\\/blogdofarnesio.com.br\\\/?p=303687\",\"url\":\"https:\\\/\\\/blogdofarnesio.com.br\\\/?p=303687\",\"name\":\"Surto de Covid-19 faz sindicato cobrar medidas por parte da Record TV - Blog do Farn\u00e9sio\",\"isPartOf\":{\"@id\":\"https:\\\/\\\/blogdofarnesio.com.br\\\/#website\"},\"primaryImageOfPage\":{\"@id\":\"https:\\\/\\\/blogdofarnesio.com.br\\\/?p=303687#primaryimage\"},\"image\":{\"@id\":\"https:\\\/\\\/blogdofarnesio.com.br\\\/?p=303687#primaryimage\"},\"thumbnailUrl\":\"https:\\\/\\\/blogdofarnesio.com.br\\\/wp-content\\\/uploads\\\/2022\\\/01\\\/blogqspSurto-de-Covid-19-Record-TV-.jpg\",\"datePublished\":\"2022-01-06T16:00:20+00:00\",\"breadcrumb\":{\"@id\":\"https:\\\/\\\/blogdofarnesio.com.br\\\/?p=303687#breadcrumb\"},\"inLanguage\":\"pt-BR\",\"potentialAction\":[{\"@type\":\"ReadAction\",\"target\":[\"https:\\\/\\\/blogdofarnesio.com.br\\\/?p=303687\"]}]},{\"@type\":\"ImageObject\",\"inLanguage\":\"pt-BR\",\"@id\":\"https:\\\/\\\/blogdofarnesio.com.br\\\/?p=303687#primaryimage\",\"url\":\"https:\\\/\\\/blogdofarnesio.com.br\\\/wp-content\\\/uploads\\\/2022\\\/01\\\/blogqspSurto-de-Covid-19-Record-TV-.jpg\",\"contentUrl\":\"https:\\\/\\\/blogdofarnesio.com.br\\\/wp-content\\\/uploads\\\/2022\\\/01\\\/blogqspSurto-de-Covid-19-Record-TV-.jpg\",\"width\":740,\"height\":387},{\"@type\":\"BreadcrumbList\",\"@id\":\"https:\\\/\\\/blogdofarnesio.com.br\\\/?p=303687#breadcrumb\",\"itemListElement\":[{\"@type\":\"ListItem\",\"position\":1,\"name\":\"In\u00edcio\",\"item\":\"https:\\\/\\\/blogdofarnesio.com.br\\\/\"},{\"@type\":\"ListItem\",\"position\":2,\"name\":\"Surto de Covid-19 faz sindicato cobrar medidas por parte da Record TV\"}]},{\"@type\":\"WebSite\",\"@id\":\"https:\\\/\\\/blogdofarnesio.com.br\\\/#website\",\"url\":\"https:\\\/\\\/blogdofarnesio.com.br\\\/\",\"name\":\"Blog do Farn\u00e9sio\",\"description\":\"Quer Saber Pol\u00edtica?\",\"publisher\":{\"@id\":\"https:\\\/\\\/blogdofarnesio.com.br\\\/#organization\"},\"potentialAction\":[{\"@type\":\"SearchAction\",\"target\":{\"@type\":\"EntryPoint\",\"urlTemplate\":\"https:\\\/\\\/blogdofarnesio.com.br\\\/?s={search_term_string}\"},\"query-input\":{\"@type\":\"PropertyValueSpecification\",\"valueRequired\":true,\"valueName\":\"search_term_string\"}}],\"inLanguage\":\"pt-BR\"},{\"@type\":\"Organization\",\"@id\":\"https:\\\/\\\/blogdofarnesio.com.br\\\/#organization\",\"name\":\"Blog do Farn\u00e9sio\",\"url\":\"https:\\\/\\\/blogdofarnesio.com.br\\\/\",\"logo\":{\"@type\":\"ImageObject\",\"inLanguage\":\"pt-BR\",\"@id\":\"https:\\\/\\\/blogdofarnesio.com.br\\\/#\\\/schema\\\/logo\\\/image\\\/\",\"url\":\"https:\\\/\\\/blogdofarnesio.com.br\\\/wp-content\\\/uploads\\\/2026\\\/03\\\/cropped-logo_new-1.png\",\"contentUrl\":\"https:\\\/\\\/blogdofarnesio.com.br\\\/wp-content\\\/uploads\\\/2026\\\/03\\\/cropped-logo_new-1.png\",\"width\":881,\"height\":685,\"caption\":\"Blog do Farn\u00e9sio\"},\"image\":{\"@id\":\"https:\\\/\\\/blogdofarnesio.com.br\\\/#\\\/schema\\\/logo\\\/image\\\/\"},\"sameAs\":[\"https:\\\/\\\/www.facebook.com\\\/BlogQuerSaberPolitica\\\/\"]},{\"@type\":\"Person\",\"@id\":\"https:\\\/\\\/blogdofarnesio.com.br\\\/#\\\/schema\\\/person\\\/bb9b23ae3ad0609ce8df7b6c9e76824d\",\"name\":\"Farn\u00e9sio\",\"image\":{\"@type\":\"ImageObject\",\"inLanguage\":\"pt-BR\",\"@id\":\"https:\\\/\\\/secure.gravatar.com\\\/avatar\\\/986aa4c61ccdb66f8555bf88fc2a65609d00bcabd4d2d94377a727547345cbca?s=96&d=mm&r=g\",\"url\":\"https:\\\/\\\/secure.gravatar.com\\\/avatar\\\/986aa4c61ccdb66f8555bf88fc2a65609d00bcabd4d2d94377a727547345cbca?s=96&d=mm&r=g\",\"contentUrl\":\"https:\\\/\\\/secure.gravatar.com\\\/avatar\\\/986aa4c61ccdb66f8555bf88fc2a65609d00bcabd4d2d94377a727547345cbca?s=96&d=mm&r=g\",\"caption\":\"Farn\u00e9sio\"},\"description\":\"Radialista blogueiro, chegou a Petrolina\\\/Juazeiro em setembro de 1980, Farn\u00e9sio Silva \u00e9 de Arapiraca-Alagoas.\",\"sameAs\":[\"http:\\\/\\\/blogdofarnesio.com.br\",\"https:\\\/\\\/www.facebook.com\\\/?ref=tn_tnmn\",\"https:\\\/\\\/www.instagram.com\\\/?utm_source=pwa_homescreen\",\"https:\\\/\\\/youtube.com.br\\\/\"],\"url\":\"https:\\\/\\\/blogdofarnesio.com.br\\\/?author=2\"}]}<\/script>\n<!-- \/ Yoast SEO plugin. -->","yoast_head_json":{"title":"Surto de Covid-19 faz sindicato cobrar medidas por parte da Record TV - Blog do Farn\u00e9sio","robots":{"index":"index","follow":"follow","max-snippet":"max-snippet:-1","max-image-preview":"max-image-preview:large","max-video-preview":"max-video-preview:-1"},"canonical":"https:\/\/blogdofarnesio.com.br\/?p=303687","og_locale":"pt_BR","og_type":"article","og_title":"Surto de Covid-19 faz sindicato cobrar medidas por parte da Record TV - Blog do Farn\u00e9sio","og_description":"\u00a0Julia Ren\u00f3 Ap\u00f3s relatos de casos de contamina\u00e7\u00e3o por Covid-19, o Sindicato dos Jornalistas Profissionais no Estado de S\u00e3o Paulo (SJSP) enviou um comunicado \u00e0 Record TV, no qual cobra testagem e ado\u00e7\u00e3o dos protocolos sanit\u00e1rios recomendados. Desde o in\u00edcio da pandemia, a entidade fiscaliza o cumprimento das medidas sanit\u00e1rias nas reda\u00e7\u00f5es do estado. No texto enviado \u00e0 emissora,\u00a0segundo nota publicada pelo sindicato, medidas s\u00e3o destacadas com o objetivo de conter o n\u00famero de casos entre os funcion\u00e1rios da empresa. Algumas a\u00e7\u00f5es cobradas pelo SJSP s\u00e3o a testagem dos profissionais, ado\u00e7\u00e3o de\u00a0home office\u00a0para os funcion\u00e1rios que n\u00e3o necessitem atuar presencialmente e isolamento de quem apresentar sintomas relacionados a doen\u00e7as respirat\u00f3rias. \u201cNo comunicado enviado \u00e0 emissora, foi destacado a necessidade da&hellip;","og_url":"https:\/\/blogdofarnesio.com.br\/?p=303687","og_site_name":"Blog do Farn\u00e9sio","article_publisher":"https:\/\/www.facebook.com\/BlogQuerSaberPolitica\/","article_author":"https:\/\/www.facebook.com\/?ref=tn_tnmn","article_published_time":"2022-01-06T16:00:20+00:00","og_image":[{"width":740,"height":387,"url":"https:\/\/blogdofarnesio.com.br\/wp-content\/uploads\/2022\/01\/blogqspSurto-de-Covid-19-Record-TV-.jpg","type":"image\/jpeg"}],"author":"Farn\u00e9sio","twitter_card":"summary_large_image","twitter_misc":{"Escrito por":"Farn\u00e9sio","Est. tempo de leitura":"3 minutos"},"schema":{"@context":"https:\/\/schema.org","@graph":[{"@type":"Article","@id":"https:\/\/blogdofarnesio.com.br\/?p=303687#article","isPartOf":{"@id":"https:\/\/blogdofarnesio.com.br\/?p=303687"},"author":{"name":"Farn\u00e9sio","@id":"https:\/\/blogdofarnesio.com.br\/#\/schema\/person\/bb9b23ae3ad0609ce8df7b6c9e76824d"},"headline":"Surto de Covid-19 faz sindicato cobrar medidas por parte da Record TV","datePublished":"2022-01-06T16:00:20+00:00","mainEntityOfPage":{"@id":"https:\/\/blogdofarnesio.com.br\/?p=303687"},"wordCount":398,"commentCount":0,"publisher":{"@id":"https:\/\/blogdofarnesio.com.br\/#organization"},"image":{"@id":"https:\/\/blogdofarnesio.com.br\/?p=303687#primaryimage"},"thumbnailUrl":"https:\/\/blogdofarnesio.com.br\/wp-content\/uploads\/2022\/01\/blogqspSurto-de-Covid-19-Record-TV-.jpg","articleSection":["Entretenimento"],"inLanguage":"pt-BR","potentialAction":[{"@type":"CommentAction","name":"Comment","target":["https:\/\/blogdofarnesio.com.br\/?p=303687#respond"]}]},{"@type":"WebPage","@id":"https:\/\/blogdofarnesio.com.br\/?p=303687","url":"https:\/\/blogdofarnesio.com.br\/?p=303687","name":"Surto de Covid-19 faz sindicato cobrar medidas por parte da Record TV - Blog do Farn\u00e9sio","isPartOf":{"@id":"https:\/\/blogdofarnesio.com.br\/#website"},"primaryImageOfPage":{"@id":"https:\/\/blogdofarnesio.com.br\/?p=303687#primaryimage"},"image":{"@id":"https:\/\/blogdofarnesio.com.br\/?p=303687#primaryimage"},"thumbnailUrl":"https:\/\/blogdofarnesio.com.br\/wp-content\/uploads\/2022\/01\/blogqspSurto-de-Covid-19-Record-TV-.jpg","datePublished":"2022-01-06T16:00:20+00:00","breadcrumb":{"@id":"https:\/\/blogdofarnesio.com.br\/?p=303687#breadcrumb"},"inLanguage":"pt-BR","potentialAction":[{"@type":"ReadAction","target":["https:\/\/blogdofarnesio.com.br\/?p=303687"]}]},{"@type":"ImageObject","inLanguage":"pt-BR","@id":"https:\/\/blogdofarnesio.com.br\/?p=303687#primaryimage","url":"https:\/\/blogdofarnesio.com.br\/wp-content\/uploads\/2022\/01\/blogqspSurto-de-Covid-19-Record-TV-.jpg","contentUrl":"https:\/\/blogdofarnesio.com.br\/wp-content\/uploads\/2022\/01\/blogqspSurto-de-Covid-19-Record-TV-.jpg","width":740,"height":387},{"@type":"BreadcrumbList","@id":"https:\/\/blogdofarnesio.com.br\/?p=303687#breadcrumb","itemListElement":[{"@type":"ListItem","position":1,"name":"In\u00edcio","item":"https:\/\/blogdofarnesio.com.br\/"},{"@type":"ListItem","position":2,"name":"Surto de Covid-19 faz sindicato cobrar medidas por parte da Record TV"}]},{"@type":"WebSite","@id":"https:\/\/blogdofarnesio.com.br\/#website","url":"https:\/\/blogdofarnesio.com.br\/","name":"Blog do Farn\u00e9sio","description":"Quer Saber Pol\u00edtica?","publisher":{"@id":"https:\/\/blogdofarnesio.com.br\/#organization"},"potentialAction":[{"@type":"SearchAction","target":{"@type":"EntryPoint","urlTemplate":"https:\/\/blogdofarnesio.com.br\/?s={search_term_string}"},"query-input":{"@type":"PropertyValueSpecification","valueRequired":true,"valueName":"search_term_string"}}],"inLanguage":"pt-BR"},{"@type":"Organization","@id":"https:\/\/blogdofarnesio.com.br\/#organization","name":"Blog do Farn\u00e9sio","url":"https:\/\/blogdofarnesio.com.br\/","logo":{"@type":"ImageObject","inLanguage":"pt-BR","@id":"https:\/\/blogdofarnesio.com.br\/#\/schema\/logo\/image\/","url":"https:\/\/blogdofarnesio.com.br\/wp-content\/uploads\/2026\/03\/cropped-logo_new-1.png","contentUrl":"https:\/\/blogdofarnesio.com.br\/wp-content\/uploads\/2026\/03\/cropped-logo_new-1.png","width":881,"height":685,"caption":"Blog do Farn\u00e9sio"},"image":{"@id":"https:\/\/blogdofarnesio.com.br\/#\/schema\/logo\/image\/"},"sameAs":["https:\/\/www.facebook.com\/BlogQuerSaberPolitica\/"]},{"@type":"Person","@id":"https:\/\/blogdofarnesio.com.br\/#\/schema\/person\/bb9b23ae3ad0609ce8df7b6c9e76824d","name":"Farn\u00e9sio","image":{"@type":"ImageObject","inLanguage":"pt-BR","@id":"https:\/\/secure.gravatar.com\/avatar\/986aa4c61ccdb66f8555bf88fc2a65609d00bcabd4d2d94377a727547345cbca?s=96&d=mm&r=g","url":"https:\/\/secure.gravatar.com\/avatar\/986aa4c61ccdb66f8555bf88fc2a65609d00bcabd4d2d94377a727547345cbca?s=96&d=mm&r=g","contentUrl":"https:\/\/secure.gravatar.com\/avatar\/986aa4c61ccdb66f8555bf88fc2a65609d00bcabd4d2d94377a727547345cbca?s=96&d=mm&r=g","caption":"Farn\u00e9sio"},"description":"Radialista blogueiro, chegou a Petrolina\/Juazeiro em setembro de 1980, Farn\u00e9sio Silva \u00e9 de Arapiraca-Alagoas.","sameAs":["http:\/\/blogdofarnesio.com.br","https:\/\/www.facebook.com\/?ref=tn_tnmn","https:\/\/www.instagram.com\/?utm_source=pwa_homescreen","https:\/\/youtube.com.br\/"],"url":"https:\/\/blogdofarnesio.com.br\/?author=2"}]}},"_links":{"self":[{"href":"https:\/\/blogdofarnesio.com.br\/index.php?rest_route=\/wp\/v2\/posts\/303687","targetHints":{"allow":["GET"]}}],"collection":[{"href":"https:\/\/blogdofarnesio.com.br\/index.php?rest_route=\/wp\/v2\/posts"}],"about":[{"href":"https:\/\/blogdofarnesio.com.br\/index.php?rest_route=\/wp\/v2\/types\/post"}],"author":[{"embeddable":true,"href":"https:\/\/blogdofarnesio.com.br\/index.php?rest_route=\/wp\/v2\/users\/2"}],"replies":[{"embeddable":true,"href":"https:\/\/blogdofarnesio.com.br\/index.php?rest_route=%2Fwp%2Fv2%2Fcomments&post=303687"}],"version-history":[{"count":0,"href":"https:\/\/blogdofarnesio.com.br\/index.php?rest_route=\/wp\/v2\/posts\/303687\/revisions"}],"wp:featuredmedia":[{"embeddable":true,"href":"https:\/\/blogdofarnesio.com.br\/index.php?rest_route=\/wp\/v2\/media\/303688"}],"wp:attachment":[{"href":"https:\/\/blogdofarnesio.com.br\/index.php?rest_route=%2Fwp%2Fv2%2Fmedia&parent=303687"}],"wp:term":[{"taxonomy":"category","embeddable":true,"href":"https:\/\/blogdofarnesio.com.br\/index.php?rest_route=%2Fwp%2Fv2%2Fcategories&post=303687"},{"taxonomy":"post_tag","embeddable":true,"href":"https:\/\/blogdofarnesio.com.br\/index.php?rest_route=%2Fwp%2Fv2%2Ftags&post=303687"}],"curies":[{"name":"wp","href":"https:\/\/api.w.org\/{rel}","templated":true}]}}