{"id":303678,"date":"2022-01-06T11:34:59","date_gmt":"2022-01-06T14:34:59","guid":{"rendered":"https:\/\/blogdofarnesio.com.br\/?p=303678"},"modified":"2022-01-06T08:05:31","modified_gmt":"2022-01-06T11:05:31","slug":"apos-olinda-recife-tambem-anuncia-suspensao-do-carnaval-2022","status":"publish","type":"post","link":"https:\/\/blogdofarnesio.com.br\/?p=303678","title":{"rendered":"Ap\u00f3s Olinda, Recife tamb\u00e9m anuncia suspens\u00e3o do carnaval 2022"},"content":{"rendered":"<p>Por conta do crescimento dos casos de influenza A e como forma de preven\u00e7\u00e3o contra a covid-19, a Prefeitura do Recife anunciou a suspens\u00e3o das programa\u00e7\u00f5es oficiais do Carnaval 2022 no munic\u00edpio. A festividade iria acontecer entre os dias 25 de fevereiro e 5 de mar\u00e7o.<\/p>\n<p>De acordo com a prefeitura, apesar de o munic\u00edpio apresentar mais de 83% de toda a popula\u00e7\u00e3o acima de 12 anos com esquema vacinal completo em rela\u00e7\u00e3o \u00e0 covid-19 e n\u00e3o apresentar aumento de casos da doen\u00e7a, a decis\u00e3o foi necess\u00e1ria para preservar a sa\u00fade e a vida.<\/p>\n<p><b>Assist\u00eancia \u00e0 popula\u00e7\u00e3o<\/b><\/p>\n<p>Com uma piora no quadro de influenza A H3N2 no Recife, a prefeitura anunciou a amplia\u00e7\u00e3o do acesso a servi\u00e7os e assist\u00eancia \u00e0 popula\u00e7\u00e3o como o refor\u00e7o das equipes com mais de 162 profissionais para a rede b\u00e1sica e o sistema do Atende em casa, amplia\u00e7\u00e3o de pontos de vacina\u00e7\u00e3o, abertura de 40 leitos para pacientes de srag no Hospital Eduardo Campos da Pessoa Idosa (HECPI) e a amplia\u00e7\u00e3o dos pontos de testagem para Influenza, incluindo dois pontos fixos, um no Parque Urbano na Macaxeira e outro no Compaz Ariano Suassuna, no Cordeiro.<\/p>\n<p>A partir desta quinta-feira (6), os 30 leitos de enfermaria do HECPI ainda restantes ser\u00e3o destinados ao atendimento de pacientes de srag. Com a\u00a0 medida, todos os 70 leitos do hospital municipal ser\u00e3o exclusivos para atendimento a doen\u00e7as respirat\u00f3rias.<\/p>\n<p>Al\u00e9m disso, o Servi\u00e7o de Atendimento M\u00f3vel de Urg\u00eancia (Samu) passa a contar com mais uma Unidade de Suporte B\u00e1sico (USB) e outra Unidade de Suporte Avan\u00e7ado (USA) que, juntas, ir\u00e3o ampliar a capacidade para mais 480 atendimentos mensais \u00e0 popula\u00e7\u00e3o.<\/p>\n","protected":false},"excerpt":{"rendered":"<p>Por conta do crescimento dos casos de influenza A e como forma de preven\u00e7\u00e3o contra a covid-19, a Prefeitura do Recife anunciou a suspens\u00e3o das programa\u00e7\u00f5es oficiais do Carnaval 2022 no munic\u00edpio. A festividade iria acontecer entre os dias 25 de fevereiro e 5 de mar\u00e7o. De acordo com a prefeitura, apesar de o munic\u00edpio apresentar mais de 83% de toda a popula\u00e7\u00e3o acima de 12 anos com esquema vacinal completo em rela\u00e7\u00e3o \u00e0 covid-19 e n\u00e3o apresentar aumento de casos da doen\u00e7a, a decis\u00e3o foi necess\u00e1ria para preservar a sa\u00fade e a vida. Assist\u00eancia \u00e0 popula\u00e7\u00e3o Com uma piora no quadro de influenza A H3N2 no Recife, a prefeitura anunciou a amplia\u00e7\u00e3o do acesso a servi\u00e7os e assist\u00eancia \u00e0&hellip; <\/p>\n","protected":false},"author":2,"featured_media":303679,"comment_status":"open","ping_status":"open","sticky":false,"template":"","format":"standard","meta":{"_acf_changed":false,"footnotes":""},"categories":[27],"tags":[],"class_list":["post-303678","post","type-post","status-publish","format-standard","has-post-thumbnail","hentry","category-cidades"],"acf":[],"yoast_head":"<!-- This site is optimized with the Yoast SEO plugin v27.4 - https:\/\/yoast.com\/product\/yoast-seo-wordpress\/ -->\n<title>Ap\u00f3s Olinda, Recife tamb\u00e9m anuncia suspens\u00e3o do carnaval 2022 - Blog do Farn\u00e9sio<\/title>\n<meta name=\"robots\" content=\"index, follow, max-snippet:-1, max-image-preview:large, max-video-preview:-1\" \/>\n<link rel=\"canonical\" href=\"https:\/\/blogdofarnesio.com.br\/?p=303678\" \/>\n<meta property=\"og:locale\" content=\"pt_BR\" \/>\n<meta property=\"og:type\" content=\"article\" \/>\n<meta property=\"og:title\" content=\"Ap\u00f3s Olinda, Recife tamb\u00e9m anuncia suspens\u00e3o do carnaval 2022 - Blog do Farn\u00e9sio\" \/>\n<meta property=\"og:description\" content=\"Por conta do crescimento dos casos de influenza A e como forma de preven\u00e7\u00e3o contra a covid-19, a Prefeitura do Recife anunciou a suspens\u00e3o das programa\u00e7\u00f5es oficiais do Carnaval 2022 no munic\u00edpio. A festividade iria acontecer entre os dias 25 de fevereiro e 5 de mar\u00e7o. De acordo com a prefeitura, apesar de o munic\u00edpio apresentar mais de 83% de toda a popula\u00e7\u00e3o acima de 12 anos com esquema vacinal completo em rela\u00e7\u00e3o \u00e0 covid-19 e n\u00e3o apresentar aumento de casos da doen\u00e7a, a decis\u00e3o foi necess\u00e1ria para preservar a sa\u00fade e a vida. Assist\u00eancia \u00e0 popula\u00e7\u00e3o Com uma piora no quadro de influenza A H3N2 no Recife, a prefeitura anunciou a amplia\u00e7\u00e3o do acesso a servi\u00e7os e assist\u00eancia \u00e0&hellip;\" \/>\n<meta property=\"og:url\" content=\"https:\/\/blogdofarnesio.com.br\/?p=303678\" \/>\n<meta property=\"og:site_name\" content=\"Blog do Farn\u00e9sio\" \/>\n<meta property=\"article:publisher\" content=\"https:\/\/www.facebook.com\/BlogQuerSaberPolitica\/\" \/>\n<meta property=\"article:author\" content=\"https:\/\/www.facebook.com\/?ref=tn_tnmn\" \/>\n<meta property=\"article:published_time\" content=\"2022-01-06T14:34:59+00:00\" \/>\n<meta property=\"og:image\" content=\"https:\/\/blogdofarnesio.com.br\/wp-content\/uploads\/2022\/01\/blogqspcarnaval-galo-da-madrugada.jpg\" \/>\n\t<meta property=\"og:image:width\" content=\"550\" \/>\n\t<meta property=\"og:image:height\" content=\"325\" \/>\n\t<meta property=\"og:image:type\" content=\"image\/jpeg\" \/>\n<meta name=\"author\" content=\"Farn\u00e9sio\" \/>\n<meta name=\"twitter:card\" content=\"summary_large_image\" \/>\n<meta name=\"twitter:label1\" content=\"Escrito por\" \/>\n\t<meta name=\"twitter:data1\" content=\"Farn\u00e9sio\" \/>\n\t<meta name=\"twitter:label2\" content=\"Est. tempo de leitura\" \/>\n\t<meta name=\"twitter:data2\" content=\"2 minutos\" \/>\n<script type=\"application\/ld+json\" class=\"yoast-schema-graph\">{\"@context\":\"https:\\\/\\\/schema.org\",\"@graph\":[{\"@type\":\"Article\",\"@id\":\"https:\\\/\\\/blogdofarnesio.com.br\\\/?p=303678#article\",\"isPartOf\":{\"@id\":\"https:\\\/\\\/blogdofarnesio.com.br\\\/?p=303678\"},\"author\":{\"name\":\"Farn\u00e9sio\",\"@id\":\"https:\\\/\\\/blogdofarnesio.com.br\\\/#\\\/schema\\\/person\\\/bb9b23ae3ad0609ce8df7b6c9e76824d\"},\"headline\":\"Ap\u00f3s Olinda, Recife tamb\u00e9m anuncia suspens\u00e3o do carnaval 2022\",\"datePublished\":\"2022-01-06T14:34:59+00:00\",\"mainEntityOfPage\":{\"@id\":\"https:\\\/\\\/blogdofarnesio.com.br\\\/?p=303678\"},\"wordCount\":303,\"commentCount\":0,\"publisher\":{\"@id\":\"https:\\\/\\\/blogdofarnesio.com.br\\\/#organization\"},\"image\":{\"@id\":\"https:\\\/\\\/blogdofarnesio.com.br\\\/?p=303678#primaryimage\"},\"thumbnailUrl\":\"https:\\\/\\\/blogdofarnesio.com.br\\\/wp-content\\\/uploads\\\/2022\\\/01\\\/blogqspcarnaval-galo-da-madrugada.jpg\",\"articleSection\":[\"Cidades\"],\"inLanguage\":\"pt-BR\",\"potentialAction\":[{\"@type\":\"CommentAction\",\"name\":\"Comment\",\"target\":[\"https:\\\/\\\/blogdofarnesio.com.br\\\/?p=303678#respond\"]}]},{\"@type\":\"WebPage\",\"@id\":\"https:\\\/\\\/blogdofarnesio.com.br\\\/?p=303678\",\"url\":\"https:\\\/\\\/blogdofarnesio.com.br\\\/?p=303678\",\"name\":\"Ap\u00f3s Olinda, Recife tamb\u00e9m anuncia suspens\u00e3o do carnaval 2022 - Blog do Farn\u00e9sio\",\"isPartOf\":{\"@id\":\"https:\\\/\\\/blogdofarnesio.com.br\\\/#website\"},\"primaryImageOfPage\":{\"@id\":\"https:\\\/\\\/blogdofarnesio.com.br\\\/?p=303678#primaryimage\"},\"image\":{\"@id\":\"https:\\\/\\\/blogdofarnesio.com.br\\\/?p=303678#primaryimage\"},\"thumbnailUrl\":\"https:\\\/\\\/blogdofarnesio.com.br\\\/wp-content\\\/uploads\\\/2022\\\/01\\\/blogqspcarnaval-galo-da-madrugada.jpg\",\"datePublished\":\"2022-01-06T14:34:59+00:00\",\"breadcrumb\":{\"@id\":\"https:\\\/\\\/blogdofarnesio.com.br\\\/?p=303678#breadcrumb\"},\"inLanguage\":\"pt-BR\",\"potentialAction\":[{\"@type\":\"ReadAction\",\"target\":[\"https:\\\/\\\/blogdofarnesio.com.br\\\/?p=303678\"]}]},{\"@type\":\"ImageObject\",\"inLanguage\":\"pt-BR\",\"@id\":\"https:\\\/\\\/blogdofarnesio.com.br\\\/?p=303678#primaryimage\",\"url\":\"https:\\\/\\\/blogdofarnesio.com.br\\\/wp-content\\\/uploads\\\/2022\\\/01\\\/blogqspcarnaval-galo-da-madrugada.jpg\",\"contentUrl\":\"https:\\\/\\\/blogdofarnesio.com.br\\\/wp-content\\\/uploads\\\/2022\\\/01\\\/blogqspcarnaval-galo-da-madrugada.jpg\",\"width\":550,\"height\":325},{\"@type\":\"BreadcrumbList\",\"@id\":\"https:\\\/\\\/blogdofarnesio.com.br\\\/?p=303678#breadcrumb\",\"itemListElement\":[{\"@type\":\"ListItem\",\"position\":1,\"name\":\"In\u00edcio\",\"item\":\"https:\\\/\\\/blogdofarnesio.com.br\\\/\"},{\"@type\":\"ListItem\",\"position\":2,\"name\":\"Ap\u00f3s Olinda, Recife tamb\u00e9m anuncia suspens\u00e3o do carnaval 2022\"}]},{\"@type\":\"WebSite\",\"@id\":\"https:\\\/\\\/blogdofarnesio.com.br\\\/#website\",\"url\":\"https:\\\/\\\/blogdofarnesio.com.br\\\/\",\"name\":\"Blog do Farn\u00e9sio\",\"description\":\"Quer Saber Pol\u00edtica?\",\"publisher\":{\"@id\":\"https:\\\/\\\/blogdofarnesio.com.br\\\/#organization\"},\"potentialAction\":[{\"@type\":\"SearchAction\",\"target\":{\"@type\":\"EntryPoint\",\"urlTemplate\":\"https:\\\/\\\/blogdofarnesio.com.br\\\/?s={search_term_string}\"},\"query-input\":{\"@type\":\"PropertyValueSpecification\",\"valueRequired\":true,\"valueName\":\"search_term_string\"}}],\"inLanguage\":\"pt-BR\"},{\"@type\":\"Organization\",\"@id\":\"https:\\\/\\\/blogdofarnesio.com.br\\\/#organization\",\"name\":\"Blog do Farn\u00e9sio\",\"url\":\"https:\\\/\\\/blogdofarnesio.com.br\\\/\",\"logo\":{\"@type\":\"ImageObject\",\"inLanguage\":\"pt-BR\",\"@id\":\"https:\\\/\\\/blogdofarnesio.com.br\\\/#\\\/schema\\\/logo\\\/image\\\/\",\"url\":\"https:\\\/\\\/blogdofarnesio.com.br\\\/wp-content\\\/uploads\\\/2026\\\/03\\\/cropped-logo_new-1.png\",\"contentUrl\":\"https:\\\/\\\/blogdofarnesio.com.br\\\/wp-content\\\/uploads\\\/2026\\\/03\\\/cropped-logo_new-1.png\",\"width\":881,\"height\":685,\"caption\":\"Blog do Farn\u00e9sio\"},\"image\":{\"@id\":\"https:\\\/\\\/blogdofarnesio.com.br\\\/#\\\/schema\\\/logo\\\/image\\\/\"},\"sameAs\":[\"https:\\\/\\\/www.facebook.com\\\/BlogQuerSaberPolitica\\\/\"]},{\"@type\":\"Person\",\"@id\":\"https:\\\/\\\/blogdofarnesio.com.br\\\/#\\\/schema\\\/person\\\/bb9b23ae3ad0609ce8df7b6c9e76824d\",\"name\":\"Farn\u00e9sio\",\"image\":{\"@type\":\"ImageObject\",\"inLanguage\":\"pt-BR\",\"@id\":\"https:\\\/\\\/secure.gravatar.com\\\/avatar\\\/986aa4c61ccdb66f8555bf88fc2a65609d00bcabd4d2d94377a727547345cbca?s=96&d=mm&r=g\",\"url\":\"https:\\\/\\\/secure.gravatar.com\\\/avatar\\\/986aa4c61ccdb66f8555bf88fc2a65609d00bcabd4d2d94377a727547345cbca?s=96&d=mm&r=g\",\"contentUrl\":\"https:\\\/\\\/secure.gravatar.com\\\/avatar\\\/986aa4c61ccdb66f8555bf88fc2a65609d00bcabd4d2d94377a727547345cbca?s=96&d=mm&r=g\",\"caption\":\"Farn\u00e9sio\"},\"description\":\"Radialista blogueiro, chegou a Petrolina\\\/Juazeiro em setembro de 1980, Farn\u00e9sio Silva \u00e9 de Arapiraca-Alagoas.\",\"sameAs\":[\"http:\\\/\\\/blogdofarnesio.com.br\",\"https:\\\/\\\/www.facebook.com\\\/?ref=tn_tnmn\",\"https:\\\/\\\/www.instagram.com\\\/?utm_source=pwa_homescreen\",\"https:\\\/\\\/youtube.com.br\\\/\"],\"url\":\"https:\\\/\\\/blogdofarnesio.com.br\\\/?author=2\"}]}<\/script>\n<!-- \/ Yoast SEO plugin. -->","yoast_head_json":{"title":"Ap\u00f3s Olinda, Recife tamb\u00e9m anuncia suspens\u00e3o do carnaval 2022 - Blog do Farn\u00e9sio","robots":{"index":"index","follow":"follow","max-snippet":"max-snippet:-1","max-image-preview":"max-image-preview:large","max-video-preview":"max-video-preview:-1"},"canonical":"https:\/\/blogdofarnesio.com.br\/?p=303678","og_locale":"pt_BR","og_type":"article","og_title":"Ap\u00f3s Olinda, Recife tamb\u00e9m anuncia suspens\u00e3o do carnaval 2022 - Blog do Farn\u00e9sio","og_description":"Por conta do crescimento dos casos de influenza A e como forma de preven\u00e7\u00e3o contra a covid-19, a Prefeitura do Recife anunciou a suspens\u00e3o das programa\u00e7\u00f5es oficiais do Carnaval 2022 no munic\u00edpio. A festividade iria acontecer entre os dias 25 de fevereiro e 5 de mar\u00e7o. De acordo com a prefeitura, apesar de o munic\u00edpio apresentar mais de 83% de toda a popula\u00e7\u00e3o acima de 12 anos com esquema vacinal completo em rela\u00e7\u00e3o \u00e0 covid-19 e n\u00e3o apresentar aumento de casos da doen\u00e7a, a decis\u00e3o foi necess\u00e1ria para preservar a sa\u00fade e a vida. Assist\u00eancia \u00e0 popula\u00e7\u00e3o Com uma piora no quadro de influenza A H3N2 no Recife, a prefeitura anunciou a amplia\u00e7\u00e3o do acesso a servi\u00e7os e assist\u00eancia \u00e0&hellip;","og_url":"https:\/\/blogdofarnesio.com.br\/?p=303678","og_site_name":"Blog do Farn\u00e9sio","article_publisher":"https:\/\/www.facebook.com\/BlogQuerSaberPolitica\/","article_author":"https:\/\/www.facebook.com\/?ref=tn_tnmn","article_published_time":"2022-01-06T14:34:59+00:00","og_image":[{"width":550,"height":325,"url":"https:\/\/blogdofarnesio.com.br\/wp-content\/uploads\/2022\/01\/blogqspcarnaval-galo-da-madrugada.jpg","type":"image\/jpeg"}],"author":"Farn\u00e9sio","twitter_card":"summary_large_image","twitter_misc":{"Escrito por":"Farn\u00e9sio","Est. tempo de leitura":"2 minutos"},"schema":{"@context":"https:\/\/schema.org","@graph":[{"@type":"Article","@id":"https:\/\/blogdofarnesio.com.br\/?p=303678#article","isPartOf":{"@id":"https:\/\/blogdofarnesio.com.br\/?p=303678"},"author":{"name":"Farn\u00e9sio","@id":"https:\/\/blogdofarnesio.com.br\/#\/schema\/person\/bb9b23ae3ad0609ce8df7b6c9e76824d"},"headline":"Ap\u00f3s Olinda, Recife tamb\u00e9m anuncia suspens\u00e3o do carnaval 2022","datePublished":"2022-01-06T14:34:59+00:00","mainEntityOfPage":{"@id":"https:\/\/blogdofarnesio.com.br\/?p=303678"},"wordCount":303,"commentCount":0,"publisher":{"@id":"https:\/\/blogdofarnesio.com.br\/#organization"},"image":{"@id":"https:\/\/blogdofarnesio.com.br\/?p=303678#primaryimage"},"thumbnailUrl":"https:\/\/blogdofarnesio.com.br\/wp-content\/uploads\/2022\/01\/blogqspcarnaval-galo-da-madrugada.jpg","articleSection":["Cidades"],"inLanguage":"pt-BR","potentialAction":[{"@type":"CommentAction","name":"Comment","target":["https:\/\/blogdofarnesio.com.br\/?p=303678#respond"]}]},{"@type":"WebPage","@id":"https:\/\/blogdofarnesio.com.br\/?p=303678","url":"https:\/\/blogdofarnesio.com.br\/?p=303678","name":"Ap\u00f3s Olinda, Recife tamb\u00e9m anuncia suspens\u00e3o do carnaval 2022 - Blog do Farn\u00e9sio","isPartOf":{"@id":"https:\/\/blogdofarnesio.com.br\/#website"},"primaryImageOfPage":{"@id":"https:\/\/blogdofarnesio.com.br\/?p=303678#primaryimage"},"image":{"@id":"https:\/\/blogdofarnesio.com.br\/?p=303678#primaryimage"},"thumbnailUrl":"https:\/\/blogdofarnesio.com.br\/wp-content\/uploads\/2022\/01\/blogqspcarnaval-galo-da-madrugada.jpg","datePublished":"2022-01-06T14:34:59+00:00","breadcrumb":{"@id":"https:\/\/blogdofarnesio.com.br\/?p=303678#breadcrumb"},"inLanguage":"pt-BR","potentialAction":[{"@type":"ReadAction","target":["https:\/\/blogdofarnesio.com.br\/?p=303678"]}]},{"@type":"ImageObject","inLanguage":"pt-BR","@id":"https:\/\/blogdofarnesio.com.br\/?p=303678#primaryimage","url":"https:\/\/blogdofarnesio.com.br\/wp-content\/uploads\/2022\/01\/blogqspcarnaval-galo-da-madrugada.jpg","contentUrl":"https:\/\/blogdofarnesio.com.br\/wp-content\/uploads\/2022\/01\/blogqspcarnaval-galo-da-madrugada.jpg","width":550,"height":325},{"@type":"BreadcrumbList","@id":"https:\/\/blogdofarnesio.com.br\/?p=303678#breadcrumb","itemListElement":[{"@type":"ListItem","position":1,"name":"In\u00edcio","item":"https:\/\/blogdofarnesio.com.br\/"},{"@type":"ListItem","position":2,"name":"Ap\u00f3s Olinda, Recife tamb\u00e9m anuncia suspens\u00e3o do carnaval 2022"}]},{"@type":"WebSite","@id":"https:\/\/blogdofarnesio.com.br\/#website","url":"https:\/\/blogdofarnesio.com.br\/","name":"Blog do Farn\u00e9sio","description":"Quer Saber Pol\u00edtica?","publisher":{"@id":"https:\/\/blogdofarnesio.com.br\/#organization"},"potentialAction":[{"@type":"SearchAction","target":{"@type":"EntryPoint","urlTemplate":"https:\/\/blogdofarnesio.com.br\/?s={search_term_string}"},"query-input":{"@type":"PropertyValueSpecification","valueRequired":true,"valueName":"search_term_string"}}],"inLanguage":"pt-BR"},{"@type":"Organization","@id":"https:\/\/blogdofarnesio.com.br\/#organization","name":"Blog do Farn\u00e9sio","url":"https:\/\/blogdofarnesio.com.br\/","logo":{"@type":"ImageObject","inLanguage":"pt-BR","@id":"https:\/\/blogdofarnesio.com.br\/#\/schema\/logo\/image\/","url":"https:\/\/blogdofarnesio.com.br\/wp-content\/uploads\/2026\/03\/cropped-logo_new-1.png","contentUrl":"https:\/\/blogdofarnesio.com.br\/wp-content\/uploads\/2026\/03\/cropped-logo_new-1.png","width":881,"height":685,"caption":"Blog do Farn\u00e9sio"},"image":{"@id":"https:\/\/blogdofarnesio.com.br\/#\/schema\/logo\/image\/"},"sameAs":["https:\/\/www.facebook.com\/BlogQuerSaberPolitica\/"]},{"@type":"Person","@id":"https:\/\/blogdofarnesio.com.br\/#\/schema\/person\/bb9b23ae3ad0609ce8df7b6c9e76824d","name":"Farn\u00e9sio","image":{"@type":"ImageObject","inLanguage":"pt-BR","@id":"https:\/\/secure.gravatar.com\/avatar\/986aa4c61ccdb66f8555bf88fc2a65609d00bcabd4d2d94377a727547345cbca?s=96&d=mm&r=g","url":"https:\/\/secure.gravatar.com\/avatar\/986aa4c61ccdb66f8555bf88fc2a65609d00bcabd4d2d94377a727547345cbca?s=96&d=mm&r=g","contentUrl":"https:\/\/secure.gravatar.com\/avatar\/986aa4c61ccdb66f8555bf88fc2a65609d00bcabd4d2d94377a727547345cbca?s=96&d=mm&r=g","caption":"Farn\u00e9sio"},"description":"Radialista blogueiro, chegou a Petrolina\/Juazeiro em setembro de 1980, Farn\u00e9sio Silva \u00e9 de Arapiraca-Alagoas.","sameAs":["http:\/\/blogdofarnesio.com.br","https:\/\/www.facebook.com\/?ref=tn_tnmn","https:\/\/www.instagram.com\/?utm_source=pwa_homescreen","https:\/\/youtube.com.br\/"],"url":"https:\/\/blogdofarnesio.com.br\/?author=2"}]}},"_links":{"self":[{"href":"https:\/\/blogdofarnesio.com.br\/index.php?rest_route=\/wp\/v2\/posts\/303678","targetHints":{"allow":["GET"]}}],"collection":[{"href":"https:\/\/blogdofarnesio.com.br\/index.php?rest_route=\/wp\/v2\/posts"}],"about":[{"href":"https:\/\/blogdofarnesio.com.br\/index.php?rest_route=\/wp\/v2\/types\/post"}],"author":[{"embeddable":true,"href":"https:\/\/blogdofarnesio.com.br\/index.php?rest_route=\/wp\/v2\/users\/2"}],"replies":[{"embeddable":true,"href":"https:\/\/blogdofarnesio.com.br\/index.php?rest_route=%2Fwp%2Fv2%2Fcomments&post=303678"}],"version-history":[{"count":0,"href":"https:\/\/blogdofarnesio.com.br\/index.php?rest_route=\/wp\/v2\/posts\/303678\/revisions"}],"wp:featuredmedia":[{"embeddable":true,"href":"https:\/\/blogdofarnesio.com.br\/index.php?rest_route=\/wp\/v2\/media\/303679"}],"wp:attachment":[{"href":"https:\/\/blogdofarnesio.com.br\/index.php?rest_route=%2Fwp%2Fv2%2Fmedia&parent=303678"}],"wp:term":[{"taxonomy":"category","embeddable":true,"href":"https:\/\/blogdofarnesio.com.br\/index.php?rest_route=%2Fwp%2Fv2%2Fcategories&post=303678"},{"taxonomy":"post_tag","embeddable":true,"href":"https:\/\/blogdofarnesio.com.br\/index.php?rest_route=%2Fwp%2Fv2%2Ftags&post=303678"}],"curies":[{"name":"wp","href":"https:\/\/api.w.org\/{rel}","templated":true}]}}