{"id":303634,"date":"2022-01-06T11:03:08","date_gmt":"2022-01-06T14:03:08","guid":{"rendered":"https:\/\/blogdofarnesio.com.br\/?p=303634"},"modified":"2022-01-05T19:51:36","modified_gmt":"2022-01-05T22:51:36","slug":"a-corrupcao-e-endemica-e-a-lava-jato-e-uma-realidade","status":"publish","type":"post","link":"https:\/\/blogdofarnesio.com.br\/?p=303634","title":{"rendered":"A corrup\u00e7\u00e3o \u00e9 end\u00eamica e a Lava Jato \u00e9 uma realidade"},"content":{"rendered":"<p><strong>Por Cl\u00e1udio Soares* &#8211;\u00a0<\/strong><\/p>\n<p>N\u00e3o tem ningu\u00e9m inocente no maior esc\u00e2ndalo de corrup\u00e7\u00e3o da hist\u00f3ria do Brasil e mundial. S\u00f3 em Curitiba, foram apresentadas 130 den\u00fancias (acusa\u00e7\u00f5es formais), com 174 condena\u00e7\u00f5es. Os bilh\u00f5es de d\u00f3lares e reais que retornaram aos cofres p\u00fablicos em decorr\u00eancia das investiga\u00e7\u00f5es s\u00e3o as provas robustas dos assaltos ao dinheiro do povo brasileiro.<\/p>\n<p>Dizer que fulano de tal ou sicrano \u00e9 inocente \u00e9 subestimar a intelig\u00eancia do contribuinte deste pa\u00eds. \u201cNunca antes na hist\u00f3ria deste pa\u00eds se roubou tanto\u201d. \u00c9 estarrecedor assistir a essa gente querer voltar ao poder. \u00c9 triste ouvir o jarg\u00e3o pol\u00edtico de que \u201croubou, mas fez\u201d. O ideal seria fez e n\u00e3o roubou. Se n\u00e3o roubar, vamos ter mais hospitais, escolas, estradas e um povo mais feliz.<\/p>\n<p>O casu\u00edsmo jur\u00eddico e o jeitinho do STF soltaram quase todos os lar\u00e1pios presos na Opera\u00e7\u00e3o Java Jato. Ou seja, a submiss\u00e3o total contra corruptos ladr\u00f5es do er\u00e1rio \u00e9 algo inimagin\u00e1vel. O sistema de pensamento, doutrinas e princ\u00edpios de toda esp\u00e9cie foram tendenciosas para livrar dezenas de lacaios da pris\u00e3o. Nunca se prendeu tanto corrupto de direita e esquerda. Jamais se viu tantos poderosos na jaula pelos seus crimes.<\/p>\n<p>O argumento e o discurso infundamentados em racioc\u00ednio enganador ou falso de que inocentes foram presos s\u00e3o fal\u00e1cias de quem quer continuar roubando a na\u00e7\u00e3o brasileira. \u00c9 imoral acusar as autoridades da Lava Jato de suspeitos. Essa aberra\u00e7\u00e3o \u00e9 baseada muitas vezes em casos em que &#8216;um ministro&#8217; mudou de opini\u00e3o e desmanchou todo um trabalho brilhante contra criminosos de gravatas e n\u00e3o em princ\u00edpios fortemente estabelecidos na real situa\u00e7\u00e3o que assistimos. A impunidade reina no Brasil e os corruptos agradecem.<\/p>\n<p>\u00c9 bom pensar nisso!<\/p>\n<p><strong>*Advogado e jornalista<\/strong><\/p>\n","protected":false},"excerpt":{"rendered":"<p>Por Cl\u00e1udio Soares* &#8211;\u00a0 N\u00e3o tem ningu\u00e9m inocente no maior esc\u00e2ndalo de corrup\u00e7\u00e3o da hist\u00f3ria do Brasil e mundial. S\u00f3 em Curitiba, foram apresentadas 130 den\u00fancias (acusa\u00e7\u00f5es formais), com 174 condena\u00e7\u00f5es. Os bilh\u00f5es de d\u00f3lares e reais que retornaram aos cofres p\u00fablicos em decorr\u00eancia das investiga\u00e7\u00f5es s\u00e3o as provas robustas dos assaltos ao dinheiro do povo brasileiro. Dizer que fulano de tal ou sicrano \u00e9 inocente \u00e9 subestimar a intelig\u00eancia do contribuinte deste pa\u00eds. \u201cNunca antes na hist\u00f3ria deste pa\u00eds se roubou tanto\u201d. \u00c9 estarrecedor assistir a essa gente querer voltar ao poder. \u00c9 triste ouvir o jarg\u00e3o pol\u00edtico de que \u201croubou, mas fez\u201d. O ideal seria fez e n\u00e3o roubou. Se n\u00e3o roubar, vamos ter mais hospitais, escolas, estradas&hellip; <\/p>\n","protected":false},"author":2,"featured_media":161039,"comment_status":"open","ping_status":"open","sticky":false,"template":"","format":"standard","meta":{"_acf_changed":false,"footnotes":""},"categories":[30],"tags":[],"class_list":["post-303634","post","type-post","status-publish","format-standard","has-post-thumbnail","hentry","category-artigo"],"acf":[],"yoast_head":"<!-- This site is optimized with the Yoast SEO plugin v27.4 - https:\/\/yoast.com\/product\/yoast-seo-wordpress\/ -->\n<title>A corrup\u00e7\u00e3o \u00e9 end\u00eamica e a Lava Jato \u00e9 uma realidade - Blog do Farn\u00e9sio<\/title>\n<meta name=\"robots\" content=\"index, follow, max-snippet:-1, max-image-preview:large, max-video-preview:-1\" \/>\n<link rel=\"canonical\" href=\"https:\/\/blogdofarnesio.com.br\/?p=303634\" \/>\n<meta property=\"og:locale\" content=\"pt_BR\" \/>\n<meta property=\"og:type\" content=\"article\" \/>\n<meta property=\"og:title\" content=\"A corrup\u00e7\u00e3o \u00e9 end\u00eamica e a Lava Jato \u00e9 uma realidade - Blog do Farn\u00e9sio\" \/>\n<meta property=\"og:description\" content=\"Por Cl\u00e1udio Soares* &#8211;\u00a0 N\u00e3o tem ningu\u00e9m inocente no maior esc\u00e2ndalo de corrup\u00e7\u00e3o da hist\u00f3ria do Brasil e mundial. S\u00f3 em Curitiba, foram apresentadas 130 den\u00fancias (acusa\u00e7\u00f5es formais), com 174 condena\u00e7\u00f5es. Os bilh\u00f5es de d\u00f3lares e reais que retornaram aos cofres p\u00fablicos em decorr\u00eancia das investiga\u00e7\u00f5es s\u00e3o as provas robustas dos assaltos ao dinheiro do povo brasileiro. Dizer que fulano de tal ou sicrano \u00e9 inocente \u00e9 subestimar a intelig\u00eancia do contribuinte deste pa\u00eds. \u201cNunca antes na hist\u00f3ria deste pa\u00eds se roubou tanto\u201d. \u00c9 estarrecedor assistir a essa gente querer voltar ao poder. \u00c9 triste ouvir o jarg\u00e3o pol\u00edtico de que \u201croubou, mas fez\u201d. O ideal seria fez e n\u00e3o roubou. Se n\u00e3o roubar, vamos ter mais hospitais, escolas, estradas&hellip;\" \/>\n<meta property=\"og:url\" content=\"https:\/\/blogdofarnesio.com.br\/?p=303634\" \/>\n<meta property=\"og:site_name\" content=\"Blog do Farn\u00e9sio\" \/>\n<meta property=\"article:publisher\" content=\"https:\/\/www.facebook.com\/BlogQuerSaberPolitica\/\" \/>\n<meta property=\"article:author\" content=\"https:\/\/www.facebook.com\/?ref=tn_tnmn\" \/>\n<meta property=\"article:published_time\" content=\"2022-01-06T14:03:08+00:00\" \/>\n<meta property=\"og:image\" content=\"https:\/\/blogdofarnesio.com.br\/wp-content\/uploads\/2017\/03\/blogqsp-Opera\u00e7\u00e3o-Lava-Jato-1-777x437-e1492354941518.jpeg\" \/>\n\t<meta property=\"og:image:width\" content=\"577\" \/>\n\t<meta property=\"og:image:height\" content=\"325\" \/>\n\t<meta property=\"og:image:type\" content=\"image\/jpeg\" \/>\n<meta name=\"author\" content=\"Farn\u00e9sio\" \/>\n<meta name=\"twitter:card\" content=\"summary_large_image\" \/>\n<meta name=\"twitter:label1\" content=\"Escrito por\" \/>\n\t<meta name=\"twitter:data1\" content=\"Farn\u00e9sio\" \/>\n\t<meta name=\"twitter:label2\" content=\"Est. tempo de leitura\" \/>\n\t<meta name=\"twitter:data2\" content=\"2 minutos\" \/>\n<script type=\"application\/ld+json\" class=\"yoast-schema-graph\">{\"@context\":\"https:\\\/\\\/schema.org\",\"@graph\":[{\"@type\":\"Article\",\"@id\":\"https:\\\/\\\/blogdofarnesio.com.br\\\/?p=303634#article\",\"isPartOf\":{\"@id\":\"https:\\\/\\\/blogdofarnesio.com.br\\\/?p=303634\"},\"author\":{\"name\":\"Farn\u00e9sio\",\"@id\":\"https:\\\/\\\/blogdofarnesio.com.br\\\/#\\\/schema\\\/person\\\/bb9b23ae3ad0609ce8df7b6c9e76824d\"},\"headline\":\"A corrup\u00e7\u00e3o \u00e9 end\u00eamica e a Lava Jato \u00e9 uma realidade\",\"datePublished\":\"2022-01-06T14:03:08+00:00\",\"mainEntityOfPage\":{\"@id\":\"https:\\\/\\\/blogdofarnesio.com.br\\\/?p=303634\"},\"wordCount\":326,\"commentCount\":0,\"publisher\":{\"@id\":\"https:\\\/\\\/blogdofarnesio.com.br\\\/#organization\"},\"image\":{\"@id\":\"https:\\\/\\\/blogdofarnesio.com.br\\\/?p=303634#primaryimage\"},\"thumbnailUrl\":\"https:\\\/\\\/blogdofarnesio.com.br\\\/wp-content\\\/uploads\\\/2017\\\/03\\\/blogqsp-Opera\u00e7\u00e3o-Lava-Jato-1-777x437-e1492354941518.jpeg\",\"articleSection\":[\"Artigo\"],\"inLanguage\":\"pt-BR\",\"potentialAction\":[{\"@type\":\"CommentAction\",\"name\":\"Comment\",\"target\":[\"https:\\\/\\\/blogdofarnesio.com.br\\\/?p=303634#respond\"]}]},{\"@type\":\"WebPage\",\"@id\":\"https:\\\/\\\/blogdofarnesio.com.br\\\/?p=303634\",\"url\":\"https:\\\/\\\/blogdofarnesio.com.br\\\/?p=303634\",\"name\":\"A corrup\u00e7\u00e3o \u00e9 end\u00eamica e a Lava Jato \u00e9 uma realidade - Blog do Farn\u00e9sio\",\"isPartOf\":{\"@id\":\"https:\\\/\\\/blogdofarnesio.com.br\\\/#website\"},\"primaryImageOfPage\":{\"@id\":\"https:\\\/\\\/blogdofarnesio.com.br\\\/?p=303634#primaryimage\"},\"image\":{\"@id\":\"https:\\\/\\\/blogdofarnesio.com.br\\\/?p=303634#primaryimage\"},\"thumbnailUrl\":\"https:\\\/\\\/blogdofarnesio.com.br\\\/wp-content\\\/uploads\\\/2017\\\/03\\\/blogqsp-Opera\u00e7\u00e3o-Lava-Jato-1-777x437-e1492354941518.jpeg\",\"datePublished\":\"2022-01-06T14:03:08+00:00\",\"breadcrumb\":{\"@id\":\"https:\\\/\\\/blogdofarnesio.com.br\\\/?p=303634#breadcrumb\"},\"inLanguage\":\"pt-BR\",\"potentialAction\":[{\"@type\":\"ReadAction\",\"target\":[\"https:\\\/\\\/blogdofarnesio.com.br\\\/?p=303634\"]}]},{\"@type\":\"ImageObject\",\"inLanguage\":\"pt-BR\",\"@id\":\"https:\\\/\\\/blogdofarnesio.com.br\\\/?p=303634#primaryimage\",\"url\":\"https:\\\/\\\/blogdofarnesio.com.br\\\/wp-content\\\/uploads\\\/2017\\\/03\\\/blogqsp-Opera\u00e7\u00e3o-Lava-Jato-1-777x437-e1492354941518.jpeg\",\"contentUrl\":\"https:\\\/\\\/blogdofarnesio.com.br\\\/wp-content\\\/uploads\\\/2017\\\/03\\\/blogqsp-Opera\u00e7\u00e3o-Lava-Jato-1-777x437-e1492354941518.jpeg\",\"width\":577,\"height\":325},{\"@type\":\"BreadcrumbList\",\"@id\":\"https:\\\/\\\/blogdofarnesio.com.br\\\/?p=303634#breadcrumb\",\"itemListElement\":[{\"@type\":\"ListItem\",\"position\":1,\"name\":\"In\u00edcio\",\"item\":\"https:\\\/\\\/blogdofarnesio.com.br\\\/\"},{\"@type\":\"ListItem\",\"position\":2,\"name\":\"A corrup\u00e7\u00e3o \u00e9 end\u00eamica e a Lava Jato \u00e9 uma realidade\"}]},{\"@type\":\"WebSite\",\"@id\":\"https:\\\/\\\/blogdofarnesio.com.br\\\/#website\",\"url\":\"https:\\\/\\\/blogdofarnesio.com.br\\\/\",\"name\":\"Blog do Farn\u00e9sio\",\"description\":\"Quer Saber Pol\u00edtica?\",\"publisher\":{\"@id\":\"https:\\\/\\\/blogdofarnesio.com.br\\\/#organization\"},\"potentialAction\":[{\"@type\":\"SearchAction\",\"target\":{\"@type\":\"EntryPoint\",\"urlTemplate\":\"https:\\\/\\\/blogdofarnesio.com.br\\\/?s={search_term_string}\"},\"query-input\":{\"@type\":\"PropertyValueSpecification\",\"valueRequired\":true,\"valueName\":\"search_term_string\"}}],\"inLanguage\":\"pt-BR\"},{\"@type\":\"Organization\",\"@id\":\"https:\\\/\\\/blogdofarnesio.com.br\\\/#organization\",\"name\":\"Blog do Farn\u00e9sio\",\"url\":\"https:\\\/\\\/blogdofarnesio.com.br\\\/\",\"logo\":{\"@type\":\"ImageObject\",\"inLanguage\":\"pt-BR\",\"@id\":\"https:\\\/\\\/blogdofarnesio.com.br\\\/#\\\/schema\\\/logo\\\/image\\\/\",\"url\":\"https:\\\/\\\/blogdofarnesio.com.br\\\/wp-content\\\/uploads\\\/2026\\\/03\\\/cropped-logo_new-1.png\",\"contentUrl\":\"https:\\\/\\\/blogdofarnesio.com.br\\\/wp-content\\\/uploads\\\/2026\\\/03\\\/cropped-logo_new-1.png\",\"width\":881,\"height\":685,\"caption\":\"Blog do Farn\u00e9sio\"},\"image\":{\"@id\":\"https:\\\/\\\/blogdofarnesio.com.br\\\/#\\\/schema\\\/logo\\\/image\\\/\"},\"sameAs\":[\"https:\\\/\\\/www.facebook.com\\\/BlogQuerSaberPolitica\\\/\"]},{\"@type\":\"Person\",\"@id\":\"https:\\\/\\\/blogdofarnesio.com.br\\\/#\\\/schema\\\/person\\\/bb9b23ae3ad0609ce8df7b6c9e76824d\",\"name\":\"Farn\u00e9sio\",\"image\":{\"@type\":\"ImageObject\",\"inLanguage\":\"pt-BR\",\"@id\":\"https:\\\/\\\/secure.gravatar.com\\\/avatar\\\/986aa4c61ccdb66f8555bf88fc2a65609d00bcabd4d2d94377a727547345cbca?s=96&d=mm&r=g\",\"url\":\"https:\\\/\\\/secure.gravatar.com\\\/avatar\\\/986aa4c61ccdb66f8555bf88fc2a65609d00bcabd4d2d94377a727547345cbca?s=96&d=mm&r=g\",\"contentUrl\":\"https:\\\/\\\/secure.gravatar.com\\\/avatar\\\/986aa4c61ccdb66f8555bf88fc2a65609d00bcabd4d2d94377a727547345cbca?s=96&d=mm&r=g\",\"caption\":\"Farn\u00e9sio\"},\"description\":\"Radialista blogueiro, chegou a Petrolina\\\/Juazeiro em setembro de 1980, Farn\u00e9sio Silva \u00e9 de Arapiraca-Alagoas.\",\"sameAs\":[\"http:\\\/\\\/blogdofarnesio.com.br\",\"https:\\\/\\\/www.facebook.com\\\/?ref=tn_tnmn\",\"https:\\\/\\\/www.instagram.com\\\/?utm_source=pwa_homescreen\",\"https:\\\/\\\/youtube.com.br\\\/\"],\"url\":\"https:\\\/\\\/blogdofarnesio.com.br\\\/?author=2\"}]}<\/script>\n<!-- \/ Yoast SEO plugin. -->","yoast_head_json":{"title":"A corrup\u00e7\u00e3o \u00e9 end\u00eamica e a Lava Jato \u00e9 uma realidade - Blog do Farn\u00e9sio","robots":{"index":"index","follow":"follow","max-snippet":"max-snippet:-1","max-image-preview":"max-image-preview:large","max-video-preview":"max-video-preview:-1"},"canonical":"https:\/\/blogdofarnesio.com.br\/?p=303634","og_locale":"pt_BR","og_type":"article","og_title":"A corrup\u00e7\u00e3o \u00e9 end\u00eamica e a Lava Jato \u00e9 uma realidade - Blog do Farn\u00e9sio","og_description":"Por Cl\u00e1udio Soares* &#8211;\u00a0 N\u00e3o tem ningu\u00e9m inocente no maior esc\u00e2ndalo de corrup\u00e7\u00e3o da hist\u00f3ria do Brasil e mundial. S\u00f3 em Curitiba, foram apresentadas 130 den\u00fancias (acusa\u00e7\u00f5es formais), com 174 condena\u00e7\u00f5es. Os bilh\u00f5es de d\u00f3lares e reais que retornaram aos cofres p\u00fablicos em decorr\u00eancia das investiga\u00e7\u00f5es s\u00e3o as provas robustas dos assaltos ao dinheiro do povo brasileiro. Dizer que fulano de tal ou sicrano \u00e9 inocente \u00e9 subestimar a intelig\u00eancia do contribuinte deste pa\u00eds. \u201cNunca antes na hist\u00f3ria deste pa\u00eds se roubou tanto\u201d. \u00c9 estarrecedor assistir a essa gente querer voltar ao poder. \u00c9 triste ouvir o jarg\u00e3o pol\u00edtico de que \u201croubou, mas fez\u201d. O ideal seria fez e n\u00e3o roubou. Se n\u00e3o roubar, vamos ter mais hospitais, escolas, estradas&hellip;","og_url":"https:\/\/blogdofarnesio.com.br\/?p=303634","og_site_name":"Blog do Farn\u00e9sio","article_publisher":"https:\/\/www.facebook.com\/BlogQuerSaberPolitica\/","article_author":"https:\/\/www.facebook.com\/?ref=tn_tnmn","article_published_time":"2022-01-06T14:03:08+00:00","og_image":[{"width":577,"height":325,"url":"https:\/\/blogdofarnesio.com.br\/wp-content\/uploads\/2017\/03\/blogqsp-Opera\u00e7\u00e3o-Lava-Jato-1-777x437-e1492354941518.jpeg","type":"image\/jpeg"}],"author":"Farn\u00e9sio","twitter_card":"summary_large_image","twitter_misc":{"Escrito por":"Farn\u00e9sio","Est. tempo de leitura":"2 minutos"},"schema":{"@context":"https:\/\/schema.org","@graph":[{"@type":"Article","@id":"https:\/\/blogdofarnesio.com.br\/?p=303634#article","isPartOf":{"@id":"https:\/\/blogdofarnesio.com.br\/?p=303634"},"author":{"name":"Farn\u00e9sio","@id":"https:\/\/blogdofarnesio.com.br\/#\/schema\/person\/bb9b23ae3ad0609ce8df7b6c9e76824d"},"headline":"A corrup\u00e7\u00e3o \u00e9 end\u00eamica e a Lava Jato \u00e9 uma realidade","datePublished":"2022-01-06T14:03:08+00:00","mainEntityOfPage":{"@id":"https:\/\/blogdofarnesio.com.br\/?p=303634"},"wordCount":326,"commentCount":0,"publisher":{"@id":"https:\/\/blogdofarnesio.com.br\/#organization"},"image":{"@id":"https:\/\/blogdofarnesio.com.br\/?p=303634#primaryimage"},"thumbnailUrl":"https:\/\/blogdofarnesio.com.br\/wp-content\/uploads\/2017\/03\/blogqsp-Opera\u00e7\u00e3o-Lava-Jato-1-777x437-e1492354941518.jpeg","articleSection":["Artigo"],"inLanguage":"pt-BR","potentialAction":[{"@type":"CommentAction","name":"Comment","target":["https:\/\/blogdofarnesio.com.br\/?p=303634#respond"]}]},{"@type":"WebPage","@id":"https:\/\/blogdofarnesio.com.br\/?p=303634","url":"https:\/\/blogdofarnesio.com.br\/?p=303634","name":"A corrup\u00e7\u00e3o \u00e9 end\u00eamica e a Lava Jato \u00e9 uma realidade - Blog do Farn\u00e9sio","isPartOf":{"@id":"https:\/\/blogdofarnesio.com.br\/#website"},"primaryImageOfPage":{"@id":"https:\/\/blogdofarnesio.com.br\/?p=303634#primaryimage"},"image":{"@id":"https:\/\/blogdofarnesio.com.br\/?p=303634#primaryimage"},"thumbnailUrl":"https:\/\/blogdofarnesio.com.br\/wp-content\/uploads\/2017\/03\/blogqsp-Opera\u00e7\u00e3o-Lava-Jato-1-777x437-e1492354941518.jpeg","datePublished":"2022-01-06T14:03:08+00:00","breadcrumb":{"@id":"https:\/\/blogdofarnesio.com.br\/?p=303634#breadcrumb"},"inLanguage":"pt-BR","potentialAction":[{"@type":"ReadAction","target":["https:\/\/blogdofarnesio.com.br\/?p=303634"]}]},{"@type":"ImageObject","inLanguage":"pt-BR","@id":"https:\/\/blogdofarnesio.com.br\/?p=303634#primaryimage","url":"https:\/\/blogdofarnesio.com.br\/wp-content\/uploads\/2017\/03\/blogqsp-Opera\u00e7\u00e3o-Lava-Jato-1-777x437-e1492354941518.jpeg","contentUrl":"https:\/\/blogdofarnesio.com.br\/wp-content\/uploads\/2017\/03\/blogqsp-Opera\u00e7\u00e3o-Lava-Jato-1-777x437-e1492354941518.jpeg","width":577,"height":325},{"@type":"BreadcrumbList","@id":"https:\/\/blogdofarnesio.com.br\/?p=303634#breadcrumb","itemListElement":[{"@type":"ListItem","position":1,"name":"In\u00edcio","item":"https:\/\/blogdofarnesio.com.br\/"},{"@type":"ListItem","position":2,"name":"A corrup\u00e7\u00e3o \u00e9 end\u00eamica e a Lava Jato \u00e9 uma realidade"}]},{"@type":"WebSite","@id":"https:\/\/blogdofarnesio.com.br\/#website","url":"https:\/\/blogdofarnesio.com.br\/","name":"Blog do Farn\u00e9sio","description":"Quer Saber Pol\u00edtica?","publisher":{"@id":"https:\/\/blogdofarnesio.com.br\/#organization"},"potentialAction":[{"@type":"SearchAction","target":{"@type":"EntryPoint","urlTemplate":"https:\/\/blogdofarnesio.com.br\/?s={search_term_string}"},"query-input":{"@type":"PropertyValueSpecification","valueRequired":true,"valueName":"search_term_string"}}],"inLanguage":"pt-BR"},{"@type":"Organization","@id":"https:\/\/blogdofarnesio.com.br\/#organization","name":"Blog do Farn\u00e9sio","url":"https:\/\/blogdofarnesio.com.br\/","logo":{"@type":"ImageObject","inLanguage":"pt-BR","@id":"https:\/\/blogdofarnesio.com.br\/#\/schema\/logo\/image\/","url":"https:\/\/blogdofarnesio.com.br\/wp-content\/uploads\/2026\/03\/cropped-logo_new-1.png","contentUrl":"https:\/\/blogdofarnesio.com.br\/wp-content\/uploads\/2026\/03\/cropped-logo_new-1.png","width":881,"height":685,"caption":"Blog do Farn\u00e9sio"},"image":{"@id":"https:\/\/blogdofarnesio.com.br\/#\/schema\/logo\/image\/"},"sameAs":["https:\/\/www.facebook.com\/BlogQuerSaberPolitica\/"]},{"@type":"Person","@id":"https:\/\/blogdofarnesio.com.br\/#\/schema\/person\/bb9b23ae3ad0609ce8df7b6c9e76824d","name":"Farn\u00e9sio","image":{"@type":"ImageObject","inLanguage":"pt-BR","@id":"https:\/\/secure.gravatar.com\/avatar\/986aa4c61ccdb66f8555bf88fc2a65609d00bcabd4d2d94377a727547345cbca?s=96&d=mm&r=g","url":"https:\/\/secure.gravatar.com\/avatar\/986aa4c61ccdb66f8555bf88fc2a65609d00bcabd4d2d94377a727547345cbca?s=96&d=mm&r=g","contentUrl":"https:\/\/secure.gravatar.com\/avatar\/986aa4c61ccdb66f8555bf88fc2a65609d00bcabd4d2d94377a727547345cbca?s=96&d=mm&r=g","caption":"Farn\u00e9sio"},"description":"Radialista blogueiro, chegou a Petrolina\/Juazeiro em setembro de 1980, Farn\u00e9sio Silva \u00e9 de Arapiraca-Alagoas.","sameAs":["http:\/\/blogdofarnesio.com.br","https:\/\/www.facebook.com\/?ref=tn_tnmn","https:\/\/www.instagram.com\/?utm_source=pwa_homescreen","https:\/\/youtube.com.br\/"],"url":"https:\/\/blogdofarnesio.com.br\/?author=2"}]}},"_links":{"self":[{"href":"https:\/\/blogdofarnesio.com.br\/index.php?rest_route=\/wp\/v2\/posts\/303634","targetHints":{"allow":["GET"]}}],"collection":[{"href":"https:\/\/blogdofarnesio.com.br\/index.php?rest_route=\/wp\/v2\/posts"}],"about":[{"href":"https:\/\/blogdofarnesio.com.br\/index.php?rest_route=\/wp\/v2\/types\/post"}],"author":[{"embeddable":true,"href":"https:\/\/blogdofarnesio.com.br\/index.php?rest_route=\/wp\/v2\/users\/2"}],"replies":[{"embeddable":true,"href":"https:\/\/blogdofarnesio.com.br\/index.php?rest_route=%2Fwp%2Fv2%2Fcomments&post=303634"}],"version-history":[{"count":0,"href":"https:\/\/blogdofarnesio.com.br\/index.php?rest_route=\/wp\/v2\/posts\/303634\/revisions"}],"wp:featuredmedia":[{"embeddable":true,"href":"https:\/\/blogdofarnesio.com.br\/index.php?rest_route=\/wp\/v2\/media\/161039"}],"wp:attachment":[{"href":"https:\/\/blogdofarnesio.com.br\/index.php?rest_route=%2Fwp%2Fv2%2Fmedia&parent=303634"}],"wp:term":[{"taxonomy":"category","embeddable":true,"href":"https:\/\/blogdofarnesio.com.br\/index.php?rest_route=%2Fwp%2Fv2%2Fcategories&post=303634"},{"taxonomy":"post_tag","embeddable":true,"href":"https:\/\/blogdofarnesio.com.br\/index.php?rest_route=%2Fwp%2Fv2%2Ftags&post=303634"}],"curies":[{"name":"wp","href":"https:\/\/api.w.org\/{rel}","templated":true}]}}