{"id":303622,"date":"2022-01-05T16:31:18","date_gmt":"2022-01-05T19:31:18","guid":{"rendered":"https:\/\/blogdofarnesio.com.br\/?p=303622"},"modified":"2022-01-05T14:42:16","modified_gmt":"2022-01-05T17:42:16","slug":"pepsico-leva-auxilio-para-populacao-impactada-pelas-graves-enchentes-na-bahia","status":"publish","type":"post","link":"https:\/\/blogdofarnesio.com.br\/?p=303622","title":{"rendered":"PepsiCo leva aux\u00edlio para popula\u00e7\u00e3o impactada pelas graves enchentes na Bahia"},"content":{"rendered":"<p><i>Doa\u00e7\u00e3o de mais de R\uff04 1 milh\u00e3o via CUFA ser\u00e1 revertida em itens de primeira necessidade e se somar\u00e1 \u00e0s 9 toneladas de alimentos e bebidas j\u00e1 doadas via Mesa Brasil<\/i><\/p>\n<p>Frente \u00e0s fortes chuvas que castigaram o estado da Bahia nas \u00faltimas semanas, a PepsiCo anuncia a doa\u00e7\u00e3o de mais de R\uff04 1 milh\u00e3o via PepsiCo Foundation (bra\u00e7o filantr\u00f3pico da empresa) para a CUFA, Central \u00danica das Favelas, a fim de auxiliar a campanha nacional de apoio \u00e0 popula\u00e7\u00e3o baiana que a ong lidera.<\/p>\n<p>As doa\u00e7\u00f5es ser\u00e3o revertidas em alimentos, itens de higiene, vestu\u00e1rio e outros itens de primeira necessidade para auxiliar as cerca de 430 mil pessoas afetadas em mais de 70 cidades no estado. At\u00e9 o momento, j\u00e1 foram entregues 9 toneladas de alimentos e bebidas, o equivalente a 34 mil unidades de produtos &#8212; entre alimentos e bebidas, tais como TODDYNHO\u00ae e KERO COCO\u00ae, via Mesa Brasil do SESC, parceiro de longa data da companhia.<br \/>\n\u201c<i>Buscamos contribuir para levar alimentos de forma r\u00e1pida \u00e0s pessoas nessa situa\u00e7\u00e3o emergencial e nosso time de parceiros foi fundamental para viabilizar essa a\u00e7\u00e3o na Bahia. E esta n\u00e3o \u00e9 uma iniciativa isolada: na PepsiCo, possu\u00edmos um programa perene de doa\u00e7\u00f5es para ONGs e entidades sociais e buscamos sempre apoiar as comunidades onde atuamos de forma efetiva e emp\u00e1tica, buscando unir for\u00e7as com outras institui\u00e7\u00f5es para que, juntos, possamos enfrentar momentos como esse com mais solidariedade, respeito e esperan\u00e7a<\/i>\u201d, afirmou Alexandre Carreteiro, Presidente da PepsiCo Brasil Alimentos.<br \/>\nH\u00e1 mais de uma d\u00e9cada, a PepsiCo e a PepsiCo Foundation est\u00e3o fortemente engajadas na promo\u00e7\u00e3o de seguran\u00e7a alimentar, buscando auxiliar as comunidades onde est\u00e1 inserida, especialmente apoiando as popula\u00e7\u00f5es mais vulner\u00e1veis. Recentemente, a empresa reuniu todos os seus programas relacionados \u00e0 nutri\u00e7\u00e3o na iniciativa global Food for Good, que tem como meta possibilitar acesso f\u00e1cil a alimentos nutritivos para mais de 50 milh\u00f5es de pessoas at\u00e9 2030.<br \/>\nNo Brasil, em 2021, a companhia tamb\u00e9m anunciou o investimento de R\uff0416,5 milh\u00f5es em parcerias com cerca de 20 organiza\u00e7\u00f5es n\u00e3o-governamentais para iniciativas de fomento \u00e0 Prosperidade Econ\u00f4mica, Acesso \u00e0 \u00c1gua e Seguran\u00e7a Alimentar que ser\u00e3o investidos at\u00e9 o final deste ano.<\/p>\n","protected":false},"excerpt":{"rendered":"<p>Doa\u00e7\u00e3o de mais de R\uff04 1 milh\u00e3o via CUFA ser\u00e1 revertida em itens de primeira necessidade e se somar\u00e1 \u00e0s 9 toneladas de alimentos e bebidas j\u00e1 doadas via Mesa Brasil Frente \u00e0s fortes chuvas que castigaram o estado da Bahia nas \u00faltimas semanas, a PepsiCo anuncia a doa\u00e7\u00e3o de mais de R\uff04 1 milh\u00e3o via PepsiCo Foundation (bra\u00e7o filantr\u00f3pico da empresa) para a CUFA, Central \u00danica das Favelas, a fim de auxiliar a campanha nacional de apoio \u00e0 popula\u00e7\u00e3o baiana que a ong lidera. As doa\u00e7\u00f5es ser\u00e3o revertidas em alimentos, itens de higiene, vestu\u00e1rio e outros itens de primeira necessidade para auxiliar as cerca de 430 mil pessoas afetadas em mais de 70 cidades no estado. At\u00e9 o momento,&hellip; <\/p>\n","protected":false},"author":2,"featured_media":303623,"comment_status":"open","ping_status":"open","sticky":false,"template":"","format":"standard","meta":{"_acf_changed":false,"footnotes":""},"categories":[22],"tags":[],"class_list":["post-303622","post","type-post","status-publish","format-standard","has-post-thumbnail","hentry","category-acao-social"],"acf":[],"yoast_head":"<!-- This site is optimized with the Yoast SEO plugin v27.4 - https:\/\/yoast.com\/product\/yoast-seo-wordpress\/ -->\n<title>PepsiCo leva aux\u00edlio para popula\u00e7\u00e3o impactada pelas graves enchentes na Bahia - Blog do Farn\u00e9sio<\/title>\n<meta name=\"robots\" content=\"index, follow, max-snippet:-1, max-image-preview:large, max-video-preview:-1\" \/>\n<link rel=\"canonical\" href=\"https:\/\/blogdofarnesio.com.br\/?p=303622\" \/>\n<meta property=\"og:locale\" content=\"pt_BR\" \/>\n<meta property=\"og:type\" content=\"article\" \/>\n<meta property=\"og:title\" content=\"PepsiCo leva aux\u00edlio para popula\u00e7\u00e3o impactada pelas graves enchentes na Bahia - Blog do Farn\u00e9sio\" \/>\n<meta property=\"og:description\" content=\"Doa\u00e7\u00e3o de mais de R\uff04 1 milh\u00e3o via CUFA ser\u00e1 revertida em itens de primeira necessidade e se somar\u00e1 \u00e0s 9 toneladas de alimentos e bebidas j\u00e1 doadas via Mesa Brasil Frente \u00e0s fortes chuvas que castigaram o estado da Bahia nas \u00faltimas semanas, a PepsiCo anuncia a doa\u00e7\u00e3o de mais de R\uff04 1 milh\u00e3o via PepsiCo Foundation (bra\u00e7o filantr\u00f3pico da empresa) para a CUFA, Central \u00danica das Favelas, a fim de auxiliar a campanha nacional de apoio \u00e0 popula\u00e7\u00e3o baiana que a ong lidera. As doa\u00e7\u00f5es ser\u00e3o revertidas em alimentos, itens de higiene, vestu\u00e1rio e outros itens de primeira necessidade para auxiliar as cerca de 430 mil pessoas afetadas em mais de 70 cidades no estado. At\u00e9 o momento,&hellip;\" \/>\n<meta property=\"og:url\" content=\"https:\/\/blogdofarnesio.com.br\/?p=303622\" \/>\n<meta property=\"og:site_name\" content=\"Blog do Farn\u00e9sio\" \/>\n<meta property=\"article:publisher\" content=\"https:\/\/www.facebook.com\/BlogQuerSaberPolitica\/\" \/>\n<meta property=\"article:author\" content=\"https:\/\/www.facebook.com\/?ref=tn_tnmn\" \/>\n<meta property=\"article:published_time\" content=\"2022-01-05T19:31:18+00:00\" \/>\n<meta property=\"og:image\" content=\"https:\/\/blogdofarnesio.com.br\/wp-content\/uploads\/2022\/01\/unnamed-4-e1641404495546.jpg\" \/>\n\t<meta property=\"og:image:width\" content=\"800\" \/>\n\t<meta property=\"og:image:height\" content=\"610\" \/>\n\t<meta property=\"og:image:type\" content=\"image\/jpeg\" \/>\n<meta name=\"author\" content=\"Farn\u00e9sio\" \/>\n<meta name=\"twitter:card\" content=\"summary_large_image\" \/>\n<meta name=\"twitter:label1\" content=\"Escrito por\" \/>\n\t<meta name=\"twitter:data1\" content=\"Farn\u00e9sio\" \/>\n\t<meta name=\"twitter:label2\" content=\"Est. tempo de leitura\" \/>\n\t<meta name=\"twitter:data2\" content=\"2 minutos\" \/>\n<script type=\"application\/ld+json\" class=\"yoast-schema-graph\">{\"@context\":\"https:\\\/\\\/schema.org\",\"@graph\":[{\"@type\":\"Article\",\"@id\":\"https:\\\/\\\/blogdofarnesio.com.br\\\/?p=303622#article\",\"isPartOf\":{\"@id\":\"https:\\\/\\\/blogdofarnesio.com.br\\\/?p=303622\"},\"author\":{\"name\":\"Farn\u00e9sio\",\"@id\":\"https:\\\/\\\/blogdofarnesio.com.br\\\/#\\\/schema\\\/person\\\/bb9b23ae3ad0609ce8df7b6c9e76824d\"},\"headline\":\"PepsiCo leva aux\u00edlio para popula\u00e7\u00e3o impactada pelas graves enchentes na Bahia\",\"datePublished\":\"2022-01-05T19:31:18+00:00\",\"mainEntityOfPage\":{\"@id\":\"https:\\\/\\\/blogdofarnesio.com.br\\\/?p=303622\"},\"wordCount\":389,\"commentCount\":0,\"publisher\":{\"@id\":\"https:\\\/\\\/blogdofarnesio.com.br\\\/#organization\"},\"image\":{\"@id\":\"https:\\\/\\\/blogdofarnesio.com.br\\\/?p=303622#primaryimage\"},\"thumbnailUrl\":\"https:\\\/\\\/blogdofarnesio.com.br\\\/wp-content\\\/uploads\\\/2022\\\/01\\\/unnamed-4-e1641404495546.jpg\",\"articleSection\":[\"A\u00e7\u00e3o Social\"],\"inLanguage\":\"pt-BR\",\"potentialAction\":[{\"@type\":\"CommentAction\",\"name\":\"Comment\",\"target\":[\"https:\\\/\\\/blogdofarnesio.com.br\\\/?p=303622#respond\"]}]},{\"@type\":\"WebPage\",\"@id\":\"https:\\\/\\\/blogdofarnesio.com.br\\\/?p=303622\",\"url\":\"https:\\\/\\\/blogdofarnesio.com.br\\\/?p=303622\",\"name\":\"PepsiCo leva aux\u00edlio para popula\u00e7\u00e3o impactada pelas graves enchentes na Bahia - Blog do Farn\u00e9sio\",\"isPartOf\":{\"@id\":\"https:\\\/\\\/blogdofarnesio.com.br\\\/#website\"},\"primaryImageOfPage\":{\"@id\":\"https:\\\/\\\/blogdofarnesio.com.br\\\/?p=303622#primaryimage\"},\"image\":{\"@id\":\"https:\\\/\\\/blogdofarnesio.com.br\\\/?p=303622#primaryimage\"},\"thumbnailUrl\":\"https:\\\/\\\/blogdofarnesio.com.br\\\/wp-content\\\/uploads\\\/2022\\\/01\\\/unnamed-4-e1641404495546.jpg\",\"datePublished\":\"2022-01-05T19:31:18+00:00\",\"breadcrumb\":{\"@id\":\"https:\\\/\\\/blogdofarnesio.com.br\\\/?p=303622#breadcrumb\"},\"inLanguage\":\"pt-BR\",\"potentialAction\":[{\"@type\":\"ReadAction\",\"target\":[\"https:\\\/\\\/blogdofarnesio.com.br\\\/?p=303622\"]}]},{\"@type\":\"ImageObject\",\"inLanguage\":\"pt-BR\",\"@id\":\"https:\\\/\\\/blogdofarnesio.com.br\\\/?p=303622#primaryimage\",\"url\":\"https:\\\/\\\/blogdofarnesio.com.br\\\/wp-content\\\/uploads\\\/2022\\\/01\\\/unnamed-4-e1641404495546.jpg\",\"contentUrl\":\"https:\\\/\\\/blogdofarnesio.com.br\\\/wp-content\\\/uploads\\\/2022\\\/01\\\/unnamed-4-e1641404495546.jpg\",\"width\":800,\"height\":610},{\"@type\":\"BreadcrumbList\",\"@id\":\"https:\\\/\\\/blogdofarnesio.com.br\\\/?p=303622#breadcrumb\",\"itemListElement\":[{\"@type\":\"ListItem\",\"position\":1,\"name\":\"In\u00edcio\",\"item\":\"https:\\\/\\\/blogdofarnesio.com.br\\\/\"},{\"@type\":\"ListItem\",\"position\":2,\"name\":\"PepsiCo leva aux\u00edlio para popula\u00e7\u00e3o impactada pelas graves enchentes na Bahia\"}]},{\"@type\":\"WebSite\",\"@id\":\"https:\\\/\\\/blogdofarnesio.com.br\\\/#website\",\"url\":\"https:\\\/\\\/blogdofarnesio.com.br\\\/\",\"name\":\"Blog do Farn\u00e9sio\",\"description\":\"Quer Saber Pol\u00edtica?\",\"publisher\":{\"@id\":\"https:\\\/\\\/blogdofarnesio.com.br\\\/#organization\"},\"potentialAction\":[{\"@type\":\"SearchAction\",\"target\":{\"@type\":\"EntryPoint\",\"urlTemplate\":\"https:\\\/\\\/blogdofarnesio.com.br\\\/?s={search_term_string}\"},\"query-input\":{\"@type\":\"PropertyValueSpecification\",\"valueRequired\":true,\"valueName\":\"search_term_string\"}}],\"inLanguage\":\"pt-BR\"},{\"@type\":\"Organization\",\"@id\":\"https:\\\/\\\/blogdofarnesio.com.br\\\/#organization\",\"name\":\"Blog do Farn\u00e9sio\",\"url\":\"https:\\\/\\\/blogdofarnesio.com.br\\\/\",\"logo\":{\"@type\":\"ImageObject\",\"inLanguage\":\"pt-BR\",\"@id\":\"https:\\\/\\\/blogdofarnesio.com.br\\\/#\\\/schema\\\/logo\\\/image\\\/\",\"url\":\"https:\\\/\\\/blogdofarnesio.com.br\\\/wp-content\\\/uploads\\\/2026\\\/03\\\/cropped-logo_new-1.png\",\"contentUrl\":\"https:\\\/\\\/blogdofarnesio.com.br\\\/wp-content\\\/uploads\\\/2026\\\/03\\\/cropped-logo_new-1.png\",\"width\":881,\"height\":685,\"caption\":\"Blog do Farn\u00e9sio\"},\"image\":{\"@id\":\"https:\\\/\\\/blogdofarnesio.com.br\\\/#\\\/schema\\\/logo\\\/image\\\/\"},\"sameAs\":[\"https:\\\/\\\/www.facebook.com\\\/BlogQuerSaberPolitica\\\/\"]},{\"@type\":\"Person\",\"@id\":\"https:\\\/\\\/blogdofarnesio.com.br\\\/#\\\/schema\\\/person\\\/bb9b23ae3ad0609ce8df7b6c9e76824d\",\"name\":\"Farn\u00e9sio\",\"image\":{\"@type\":\"ImageObject\",\"inLanguage\":\"pt-BR\",\"@id\":\"https:\\\/\\\/secure.gravatar.com\\\/avatar\\\/986aa4c61ccdb66f8555bf88fc2a65609d00bcabd4d2d94377a727547345cbca?s=96&d=mm&r=g\",\"url\":\"https:\\\/\\\/secure.gravatar.com\\\/avatar\\\/986aa4c61ccdb66f8555bf88fc2a65609d00bcabd4d2d94377a727547345cbca?s=96&d=mm&r=g\",\"contentUrl\":\"https:\\\/\\\/secure.gravatar.com\\\/avatar\\\/986aa4c61ccdb66f8555bf88fc2a65609d00bcabd4d2d94377a727547345cbca?s=96&d=mm&r=g\",\"caption\":\"Farn\u00e9sio\"},\"description\":\"Radialista blogueiro, chegou a Petrolina\\\/Juazeiro em setembro de 1980, Farn\u00e9sio Silva \u00e9 de Arapiraca-Alagoas.\",\"sameAs\":[\"http:\\\/\\\/blogdofarnesio.com.br\",\"https:\\\/\\\/www.facebook.com\\\/?ref=tn_tnmn\",\"https:\\\/\\\/www.instagram.com\\\/?utm_source=pwa_homescreen\",\"https:\\\/\\\/youtube.com.br\\\/\"],\"url\":\"https:\\\/\\\/blogdofarnesio.com.br\\\/?author=2\"}]}<\/script>\n<!-- \/ Yoast SEO plugin. -->","yoast_head_json":{"title":"PepsiCo leva aux\u00edlio para popula\u00e7\u00e3o impactada pelas graves enchentes na Bahia - Blog do Farn\u00e9sio","robots":{"index":"index","follow":"follow","max-snippet":"max-snippet:-1","max-image-preview":"max-image-preview:large","max-video-preview":"max-video-preview:-1"},"canonical":"https:\/\/blogdofarnesio.com.br\/?p=303622","og_locale":"pt_BR","og_type":"article","og_title":"PepsiCo leva aux\u00edlio para popula\u00e7\u00e3o impactada pelas graves enchentes na Bahia - Blog do Farn\u00e9sio","og_description":"Doa\u00e7\u00e3o de mais de R\uff04 1 milh\u00e3o via CUFA ser\u00e1 revertida em itens de primeira necessidade e se somar\u00e1 \u00e0s 9 toneladas de alimentos e bebidas j\u00e1 doadas via Mesa Brasil Frente \u00e0s fortes chuvas que castigaram o estado da Bahia nas \u00faltimas semanas, a PepsiCo anuncia a doa\u00e7\u00e3o de mais de R\uff04 1 milh\u00e3o via PepsiCo Foundation (bra\u00e7o filantr\u00f3pico da empresa) para a CUFA, Central \u00danica das Favelas, a fim de auxiliar a campanha nacional de apoio \u00e0 popula\u00e7\u00e3o baiana que a ong lidera. As doa\u00e7\u00f5es ser\u00e3o revertidas em alimentos, itens de higiene, vestu\u00e1rio e outros itens de primeira necessidade para auxiliar as cerca de 430 mil pessoas afetadas em mais de 70 cidades no estado. At\u00e9 o momento,&hellip;","og_url":"https:\/\/blogdofarnesio.com.br\/?p=303622","og_site_name":"Blog do Farn\u00e9sio","article_publisher":"https:\/\/www.facebook.com\/BlogQuerSaberPolitica\/","article_author":"https:\/\/www.facebook.com\/?ref=tn_tnmn","article_published_time":"2022-01-05T19:31:18+00:00","og_image":[{"width":800,"height":610,"url":"https:\/\/blogdofarnesio.com.br\/wp-content\/uploads\/2022\/01\/unnamed-4-e1641404495546.jpg","type":"image\/jpeg"}],"author":"Farn\u00e9sio","twitter_card":"summary_large_image","twitter_misc":{"Escrito por":"Farn\u00e9sio","Est. tempo de leitura":"2 minutos"},"schema":{"@context":"https:\/\/schema.org","@graph":[{"@type":"Article","@id":"https:\/\/blogdofarnesio.com.br\/?p=303622#article","isPartOf":{"@id":"https:\/\/blogdofarnesio.com.br\/?p=303622"},"author":{"name":"Farn\u00e9sio","@id":"https:\/\/blogdofarnesio.com.br\/#\/schema\/person\/bb9b23ae3ad0609ce8df7b6c9e76824d"},"headline":"PepsiCo leva aux\u00edlio para popula\u00e7\u00e3o impactada pelas graves enchentes na Bahia","datePublished":"2022-01-05T19:31:18+00:00","mainEntityOfPage":{"@id":"https:\/\/blogdofarnesio.com.br\/?p=303622"},"wordCount":389,"commentCount":0,"publisher":{"@id":"https:\/\/blogdofarnesio.com.br\/#organization"},"image":{"@id":"https:\/\/blogdofarnesio.com.br\/?p=303622#primaryimage"},"thumbnailUrl":"https:\/\/blogdofarnesio.com.br\/wp-content\/uploads\/2022\/01\/unnamed-4-e1641404495546.jpg","articleSection":["A\u00e7\u00e3o Social"],"inLanguage":"pt-BR","potentialAction":[{"@type":"CommentAction","name":"Comment","target":["https:\/\/blogdofarnesio.com.br\/?p=303622#respond"]}]},{"@type":"WebPage","@id":"https:\/\/blogdofarnesio.com.br\/?p=303622","url":"https:\/\/blogdofarnesio.com.br\/?p=303622","name":"PepsiCo leva aux\u00edlio para popula\u00e7\u00e3o impactada pelas graves enchentes na Bahia - Blog do Farn\u00e9sio","isPartOf":{"@id":"https:\/\/blogdofarnesio.com.br\/#website"},"primaryImageOfPage":{"@id":"https:\/\/blogdofarnesio.com.br\/?p=303622#primaryimage"},"image":{"@id":"https:\/\/blogdofarnesio.com.br\/?p=303622#primaryimage"},"thumbnailUrl":"https:\/\/blogdofarnesio.com.br\/wp-content\/uploads\/2022\/01\/unnamed-4-e1641404495546.jpg","datePublished":"2022-01-05T19:31:18+00:00","breadcrumb":{"@id":"https:\/\/blogdofarnesio.com.br\/?p=303622#breadcrumb"},"inLanguage":"pt-BR","potentialAction":[{"@type":"ReadAction","target":["https:\/\/blogdofarnesio.com.br\/?p=303622"]}]},{"@type":"ImageObject","inLanguage":"pt-BR","@id":"https:\/\/blogdofarnesio.com.br\/?p=303622#primaryimage","url":"https:\/\/blogdofarnesio.com.br\/wp-content\/uploads\/2022\/01\/unnamed-4-e1641404495546.jpg","contentUrl":"https:\/\/blogdofarnesio.com.br\/wp-content\/uploads\/2022\/01\/unnamed-4-e1641404495546.jpg","width":800,"height":610},{"@type":"BreadcrumbList","@id":"https:\/\/blogdofarnesio.com.br\/?p=303622#breadcrumb","itemListElement":[{"@type":"ListItem","position":1,"name":"In\u00edcio","item":"https:\/\/blogdofarnesio.com.br\/"},{"@type":"ListItem","position":2,"name":"PepsiCo leva aux\u00edlio para popula\u00e7\u00e3o impactada pelas graves enchentes na Bahia"}]},{"@type":"WebSite","@id":"https:\/\/blogdofarnesio.com.br\/#website","url":"https:\/\/blogdofarnesio.com.br\/","name":"Blog do Farn\u00e9sio","description":"Quer Saber Pol\u00edtica?","publisher":{"@id":"https:\/\/blogdofarnesio.com.br\/#organization"},"potentialAction":[{"@type":"SearchAction","target":{"@type":"EntryPoint","urlTemplate":"https:\/\/blogdofarnesio.com.br\/?s={search_term_string}"},"query-input":{"@type":"PropertyValueSpecification","valueRequired":true,"valueName":"search_term_string"}}],"inLanguage":"pt-BR"},{"@type":"Organization","@id":"https:\/\/blogdofarnesio.com.br\/#organization","name":"Blog do Farn\u00e9sio","url":"https:\/\/blogdofarnesio.com.br\/","logo":{"@type":"ImageObject","inLanguage":"pt-BR","@id":"https:\/\/blogdofarnesio.com.br\/#\/schema\/logo\/image\/","url":"https:\/\/blogdofarnesio.com.br\/wp-content\/uploads\/2026\/03\/cropped-logo_new-1.png","contentUrl":"https:\/\/blogdofarnesio.com.br\/wp-content\/uploads\/2026\/03\/cropped-logo_new-1.png","width":881,"height":685,"caption":"Blog do Farn\u00e9sio"},"image":{"@id":"https:\/\/blogdofarnesio.com.br\/#\/schema\/logo\/image\/"},"sameAs":["https:\/\/www.facebook.com\/BlogQuerSaberPolitica\/"]},{"@type":"Person","@id":"https:\/\/blogdofarnesio.com.br\/#\/schema\/person\/bb9b23ae3ad0609ce8df7b6c9e76824d","name":"Farn\u00e9sio","image":{"@type":"ImageObject","inLanguage":"pt-BR","@id":"https:\/\/secure.gravatar.com\/avatar\/986aa4c61ccdb66f8555bf88fc2a65609d00bcabd4d2d94377a727547345cbca?s=96&d=mm&r=g","url":"https:\/\/secure.gravatar.com\/avatar\/986aa4c61ccdb66f8555bf88fc2a65609d00bcabd4d2d94377a727547345cbca?s=96&d=mm&r=g","contentUrl":"https:\/\/secure.gravatar.com\/avatar\/986aa4c61ccdb66f8555bf88fc2a65609d00bcabd4d2d94377a727547345cbca?s=96&d=mm&r=g","caption":"Farn\u00e9sio"},"description":"Radialista blogueiro, chegou a Petrolina\/Juazeiro em setembro de 1980, Farn\u00e9sio Silva \u00e9 de Arapiraca-Alagoas.","sameAs":["http:\/\/blogdofarnesio.com.br","https:\/\/www.facebook.com\/?ref=tn_tnmn","https:\/\/www.instagram.com\/?utm_source=pwa_homescreen","https:\/\/youtube.com.br\/"],"url":"https:\/\/blogdofarnesio.com.br\/?author=2"}]}},"_links":{"self":[{"href":"https:\/\/blogdofarnesio.com.br\/index.php?rest_route=\/wp\/v2\/posts\/303622","targetHints":{"allow":["GET"]}}],"collection":[{"href":"https:\/\/blogdofarnesio.com.br\/index.php?rest_route=\/wp\/v2\/posts"}],"about":[{"href":"https:\/\/blogdofarnesio.com.br\/index.php?rest_route=\/wp\/v2\/types\/post"}],"author":[{"embeddable":true,"href":"https:\/\/blogdofarnesio.com.br\/index.php?rest_route=\/wp\/v2\/users\/2"}],"replies":[{"embeddable":true,"href":"https:\/\/blogdofarnesio.com.br\/index.php?rest_route=%2Fwp%2Fv2%2Fcomments&post=303622"}],"version-history":[{"count":0,"href":"https:\/\/blogdofarnesio.com.br\/index.php?rest_route=\/wp\/v2\/posts\/303622\/revisions"}],"wp:featuredmedia":[{"embeddable":true,"href":"https:\/\/blogdofarnesio.com.br\/index.php?rest_route=\/wp\/v2\/media\/303623"}],"wp:attachment":[{"href":"https:\/\/blogdofarnesio.com.br\/index.php?rest_route=%2Fwp%2Fv2%2Fmedia&parent=303622"}],"wp:term":[{"taxonomy":"category","embeddable":true,"href":"https:\/\/blogdofarnesio.com.br\/index.php?rest_route=%2Fwp%2Fv2%2Fcategories&post=303622"},{"taxonomy":"post_tag","embeddable":true,"href":"https:\/\/blogdofarnesio.com.br\/index.php?rest_route=%2Fwp%2Fv2%2Ftags&post=303622"}],"curies":[{"name":"wp","href":"https:\/\/api.w.org\/{rel}","templated":true}]}}