{"id":303615,"date":"2022-01-05T15:00:41","date_gmt":"2022-01-05T18:00:41","guid":{"rendered":"https:\/\/blogdofarnesio.com.br\/?p=303615"},"modified":"2022-01-05T12:22:52","modified_gmt":"2022-01-05T15:22:52","slug":"epidemia-de-h3n2-numero-de-mortes-em-pernambuco-sobe-para-30-casos-passam-de-52-mil","status":"publish","type":"post","link":"https:\/\/blogdofarnesio.com.br\/?p=303615","title":{"rendered":"Epidemia de H3N2: n\u00famero de mortes em Pernambuco sobe para 30; casos passam de 5,2 mil"},"content":{"rendered":"<p><strong>Folha de Pernambuco &#8211;\u00a0<\/strong><\/p>\n<p>O n\u00famero de mortes em Pernambuco em decorr\u00eancia da influenza A H3N2 subiu para 30, segundo informou balan\u00e7o da Secretaria Estadual de Sa\u00fade (SES-PE) desta ter\u00e7a-feira (4). Os dados s\u00e3o de registros feitos at\u00e9 segunda-feira (3). O total de notifica\u00e7\u00f5es aumentou para 5.253 casos confirmados.<\/p>\n<p>Nesta nova rodada de an\u00e1lises feita pelo Laborat\u00f3rio Central de Sa\u00fade P\u00fablica de Pernambuco (Lacen-PE) foram obtidas 2.787 amostras laboratoriais positivas, sendo 19 novos \u00f3bitos.<\/p>\n<p>Dos 30 \u00f3bitos, 13 foram pessoas do g\u00eanero masculino e 17 do g\u00eanero feminino. Todos foram confirmados para a influenza A H3N2.<\/p>\n<p>Os pacientes eram residentes do Recife (17), Palmares (3), Ipojuca (2), Jaboat\u00e3o dos Guararapes (2), S\u00e3o Louren\u00e7o da Mata (2), Goiana (1), Olinda (1), Sirinha\u00e9m (1), Tracunha\u00e9m (1).<\/p>\n<p>As idades dos pacientes variam entre 1 e 92 anos. As faixas et\u00e1rias s\u00e3o: 1 a 9 (1), 10 a 19 (1), 20 a 29 (1), 30 a 39 (3), 40 a 49 (2), 50 a 59 (4) e 60 e mais (18). Os pacientes apresentavam comorbidades e possu\u00edam fatores de risco para complica\u00e7\u00e3o por influenza como diabetes, doen\u00e7a cardiovascular, doen\u00e7a renal cr\u00f4nica, cardiovasculopatias, hipertens\u00e3o arterial e sobrepeso.<\/p>\n<p>Dos 5.253 casos, 5.226 s\u00e3o de influenza A H3N2 e 27 influenza A n\u00e3o subtipada. Do total de registros, at\u00e9 o momento, 371 (7,1%) apresentaram S\u00edndrome Respirat\u00f3ria Aguda Grave (Srag).<\/p>\n<div class=\"sharedaddy sd-sharing-enabled\">\n<div class=\"robots-nocontent sd-block sd-social sd-social-icon sd-sharing\">\n<h3 class=\"sd-title\">Compartilhe:<\/h3>\n<\/div>\n<\/div>\n","protected":false},"excerpt":{"rendered":"<p>Folha de Pernambuco &#8211;\u00a0 O n\u00famero de mortes em Pernambuco em decorr\u00eancia da influenza A H3N2 subiu para 30, segundo informou balan\u00e7o da Secretaria Estadual de Sa\u00fade (SES-PE) desta ter\u00e7a-feira (4). Os dados s\u00e3o de registros feitos at\u00e9 segunda-feira (3). O total de notifica\u00e7\u00f5es aumentou para 5.253 casos confirmados. Nesta nova rodada de an\u00e1lises feita pelo Laborat\u00f3rio Central de Sa\u00fade P\u00fablica de Pernambuco (Lacen-PE) foram obtidas 2.787 amostras laboratoriais positivas, sendo 19 novos \u00f3bitos. Dos 30 \u00f3bitos, 13 foram pessoas do g\u00eanero masculino e 17 do g\u00eanero feminino. Todos foram confirmados para a influenza A H3N2. Os pacientes eram residentes do Recife (17), Palmares (3), Ipojuca (2), Jaboat\u00e3o dos Guararapes (2), S\u00e3o Louren\u00e7o da Mata (2), Goiana (1), Olinda (1),&hellip; <\/p>\n","protected":false},"author":2,"featured_media":252684,"comment_status":"open","ping_status":"open","sticky":false,"template":"","format":"standard","meta":{"_acf_changed":false,"footnotes":""},"categories":[4],"tags":[],"class_list":["post-303615","post","type-post","status-publish","format-standard","has-post-thumbnail","hentry","category-saude"],"acf":[],"yoast_head":"<!-- This site is optimized with the Yoast SEO plugin v27.4 - https:\/\/yoast.com\/product\/yoast-seo-wordpress\/ -->\n<title>Epidemia de H3N2: n\u00famero de mortes em Pernambuco sobe para 30; casos passam de 5,2 mil - Blog do Farn\u00e9sio<\/title>\n<meta name=\"robots\" content=\"index, follow, max-snippet:-1, max-image-preview:large, max-video-preview:-1\" \/>\n<link rel=\"canonical\" href=\"https:\/\/blogdofarnesio.com.br\/?p=303615\" \/>\n<meta property=\"og:locale\" content=\"pt_BR\" \/>\n<meta property=\"og:type\" content=\"article\" \/>\n<meta property=\"og:title\" content=\"Epidemia de H3N2: n\u00famero de mortes em Pernambuco sobe para 30; casos passam de 5,2 mil - Blog do Farn\u00e9sio\" \/>\n<meta property=\"og:description\" content=\"Folha de Pernambuco &#8211;\u00a0 O n\u00famero de mortes em Pernambuco em decorr\u00eancia da influenza A H3N2 subiu para 30, segundo informou balan\u00e7o da Secretaria Estadual de Sa\u00fade (SES-PE) desta ter\u00e7a-feira (4). Os dados s\u00e3o de registros feitos at\u00e9 segunda-feira (3). O total de notifica\u00e7\u00f5es aumentou para 5.253 casos confirmados. Nesta nova rodada de an\u00e1lises feita pelo Laborat\u00f3rio Central de Sa\u00fade P\u00fablica de Pernambuco (Lacen-PE) foram obtidas 2.787 amostras laboratoriais positivas, sendo 19 novos \u00f3bitos. Dos 30 \u00f3bitos, 13 foram pessoas do g\u00eanero masculino e 17 do g\u00eanero feminino. Todos foram confirmados para a influenza A H3N2. Os pacientes eram residentes do Recife (17), Palmares (3), Ipojuca (2), Jaboat\u00e3o dos Guararapes (2), S\u00e3o Louren\u00e7o da Mata (2), Goiana (1), Olinda (1),&hellip;\" \/>\n<meta property=\"og:url\" content=\"https:\/\/blogdofarnesio.com.br\/?p=303615\" \/>\n<meta property=\"og:site_name\" content=\"Blog do Farn\u00e9sio\" \/>\n<meta property=\"article:publisher\" content=\"https:\/\/www.facebook.com\/BlogQuerSaberPolitica\/\" \/>\n<meta property=\"article:author\" content=\"https:\/\/www.facebook.com\/?ref=tn_tnmn\" \/>\n<meta property=\"article:published_time\" content=\"2022-01-05T18:00:41+00:00\" \/>\n<meta property=\"og:image\" content=\"https:\/\/blogdofarnesio.com.br\/wp-content\/uploads\/2020\/03\/blogqspjua-gripe-e1584468604122.jpeg\" \/>\n\t<meta property=\"og:image:width\" content=\"624\" \/>\n\t<meta property=\"og:image:height\" content=\"622\" \/>\n\t<meta property=\"og:image:type\" content=\"image\/jpeg\" \/>\n<meta name=\"author\" content=\"Farn\u00e9sio\" \/>\n<meta name=\"twitter:card\" content=\"summary_large_image\" \/>\n<meta name=\"twitter:label1\" content=\"Escrito por\" \/>\n\t<meta name=\"twitter:data1\" content=\"Farn\u00e9sio\" \/>\n\t<meta name=\"twitter:label2\" content=\"Est. tempo de leitura\" \/>\n\t<meta name=\"twitter:data2\" content=\"2 minutos\" \/>\n<script type=\"application\/ld+json\" class=\"yoast-schema-graph\">{\"@context\":\"https:\\\/\\\/schema.org\",\"@graph\":[{\"@type\":\"Article\",\"@id\":\"https:\\\/\\\/blogdofarnesio.com.br\\\/?p=303615#article\",\"isPartOf\":{\"@id\":\"https:\\\/\\\/blogdofarnesio.com.br\\\/?p=303615\"},\"author\":{\"name\":\"Farn\u00e9sio\",\"@id\":\"https:\\\/\\\/blogdofarnesio.com.br\\\/#\\\/schema\\\/person\\\/bb9b23ae3ad0609ce8df7b6c9e76824d\"},\"headline\":\"Epidemia de H3N2: n\u00famero de mortes em Pernambuco sobe para 30; casos passam de 5,2 mil\",\"datePublished\":\"2022-01-05T18:00:41+00:00\",\"mainEntityOfPage\":{\"@id\":\"https:\\\/\\\/blogdofarnesio.com.br\\\/?p=303615\"},\"wordCount\":227,\"commentCount\":0,\"publisher\":{\"@id\":\"https:\\\/\\\/blogdofarnesio.com.br\\\/#organization\"},\"image\":{\"@id\":\"https:\\\/\\\/blogdofarnesio.com.br\\\/?p=303615#primaryimage\"},\"thumbnailUrl\":\"https:\\\/\\\/blogdofarnesio.com.br\\\/wp-content\\\/uploads\\\/2020\\\/03\\\/blogqspjua-gripe-e1584468604122.jpeg\",\"articleSection\":[\"Sa\u00fade\"],\"inLanguage\":\"pt-BR\",\"potentialAction\":[{\"@type\":\"CommentAction\",\"name\":\"Comment\",\"target\":[\"https:\\\/\\\/blogdofarnesio.com.br\\\/?p=303615#respond\"]}]},{\"@type\":\"WebPage\",\"@id\":\"https:\\\/\\\/blogdofarnesio.com.br\\\/?p=303615\",\"url\":\"https:\\\/\\\/blogdofarnesio.com.br\\\/?p=303615\",\"name\":\"Epidemia de H3N2: n\u00famero de mortes em Pernambuco sobe para 30; casos passam de 5,2 mil - Blog do Farn\u00e9sio\",\"isPartOf\":{\"@id\":\"https:\\\/\\\/blogdofarnesio.com.br\\\/#website\"},\"primaryImageOfPage\":{\"@id\":\"https:\\\/\\\/blogdofarnesio.com.br\\\/?p=303615#primaryimage\"},\"image\":{\"@id\":\"https:\\\/\\\/blogdofarnesio.com.br\\\/?p=303615#primaryimage\"},\"thumbnailUrl\":\"https:\\\/\\\/blogdofarnesio.com.br\\\/wp-content\\\/uploads\\\/2020\\\/03\\\/blogqspjua-gripe-e1584468604122.jpeg\",\"datePublished\":\"2022-01-05T18:00:41+00:00\",\"breadcrumb\":{\"@id\":\"https:\\\/\\\/blogdofarnesio.com.br\\\/?p=303615#breadcrumb\"},\"inLanguage\":\"pt-BR\",\"potentialAction\":[{\"@type\":\"ReadAction\",\"target\":[\"https:\\\/\\\/blogdofarnesio.com.br\\\/?p=303615\"]}]},{\"@type\":\"ImageObject\",\"inLanguage\":\"pt-BR\",\"@id\":\"https:\\\/\\\/blogdofarnesio.com.br\\\/?p=303615#primaryimage\",\"url\":\"https:\\\/\\\/blogdofarnesio.com.br\\\/wp-content\\\/uploads\\\/2020\\\/03\\\/blogqspjua-gripe-e1584468604122.jpeg\",\"contentUrl\":\"https:\\\/\\\/blogdofarnesio.com.br\\\/wp-content\\\/uploads\\\/2020\\\/03\\\/blogqspjua-gripe-e1584468604122.jpeg\",\"width\":624,\"height\":622},{\"@type\":\"BreadcrumbList\",\"@id\":\"https:\\\/\\\/blogdofarnesio.com.br\\\/?p=303615#breadcrumb\",\"itemListElement\":[{\"@type\":\"ListItem\",\"position\":1,\"name\":\"In\u00edcio\",\"item\":\"https:\\\/\\\/blogdofarnesio.com.br\\\/\"},{\"@type\":\"ListItem\",\"position\":2,\"name\":\"Epidemia de H3N2: n\u00famero de mortes em Pernambuco sobe para 30; casos passam de 5,2 mil\"}]},{\"@type\":\"WebSite\",\"@id\":\"https:\\\/\\\/blogdofarnesio.com.br\\\/#website\",\"url\":\"https:\\\/\\\/blogdofarnesio.com.br\\\/\",\"name\":\"Blog do Farn\u00e9sio\",\"description\":\"Quer Saber Pol\u00edtica?\",\"publisher\":{\"@id\":\"https:\\\/\\\/blogdofarnesio.com.br\\\/#organization\"},\"potentialAction\":[{\"@type\":\"SearchAction\",\"target\":{\"@type\":\"EntryPoint\",\"urlTemplate\":\"https:\\\/\\\/blogdofarnesio.com.br\\\/?s={search_term_string}\"},\"query-input\":{\"@type\":\"PropertyValueSpecification\",\"valueRequired\":true,\"valueName\":\"search_term_string\"}}],\"inLanguage\":\"pt-BR\"},{\"@type\":\"Organization\",\"@id\":\"https:\\\/\\\/blogdofarnesio.com.br\\\/#organization\",\"name\":\"Blog do Farn\u00e9sio\",\"url\":\"https:\\\/\\\/blogdofarnesio.com.br\\\/\",\"logo\":{\"@type\":\"ImageObject\",\"inLanguage\":\"pt-BR\",\"@id\":\"https:\\\/\\\/blogdofarnesio.com.br\\\/#\\\/schema\\\/logo\\\/image\\\/\",\"url\":\"https:\\\/\\\/blogdofarnesio.com.br\\\/wp-content\\\/uploads\\\/2026\\\/03\\\/cropped-logo_new-1.png\",\"contentUrl\":\"https:\\\/\\\/blogdofarnesio.com.br\\\/wp-content\\\/uploads\\\/2026\\\/03\\\/cropped-logo_new-1.png\",\"width\":881,\"height\":685,\"caption\":\"Blog do Farn\u00e9sio\"},\"image\":{\"@id\":\"https:\\\/\\\/blogdofarnesio.com.br\\\/#\\\/schema\\\/logo\\\/image\\\/\"},\"sameAs\":[\"https:\\\/\\\/www.facebook.com\\\/BlogQuerSaberPolitica\\\/\"]},{\"@type\":\"Person\",\"@id\":\"https:\\\/\\\/blogdofarnesio.com.br\\\/#\\\/schema\\\/person\\\/bb9b23ae3ad0609ce8df7b6c9e76824d\",\"name\":\"Farn\u00e9sio\",\"image\":{\"@type\":\"ImageObject\",\"inLanguage\":\"pt-BR\",\"@id\":\"https:\\\/\\\/secure.gravatar.com\\\/avatar\\\/986aa4c61ccdb66f8555bf88fc2a65609d00bcabd4d2d94377a727547345cbca?s=96&d=mm&r=g\",\"url\":\"https:\\\/\\\/secure.gravatar.com\\\/avatar\\\/986aa4c61ccdb66f8555bf88fc2a65609d00bcabd4d2d94377a727547345cbca?s=96&d=mm&r=g\",\"contentUrl\":\"https:\\\/\\\/secure.gravatar.com\\\/avatar\\\/986aa4c61ccdb66f8555bf88fc2a65609d00bcabd4d2d94377a727547345cbca?s=96&d=mm&r=g\",\"caption\":\"Farn\u00e9sio\"},\"description\":\"Radialista blogueiro, chegou a Petrolina\\\/Juazeiro em setembro de 1980, Farn\u00e9sio Silva \u00e9 de Arapiraca-Alagoas.\",\"sameAs\":[\"http:\\\/\\\/blogdofarnesio.com.br\",\"https:\\\/\\\/www.facebook.com\\\/?ref=tn_tnmn\",\"https:\\\/\\\/www.instagram.com\\\/?utm_source=pwa_homescreen\",\"https:\\\/\\\/youtube.com.br\\\/\"],\"url\":\"https:\\\/\\\/blogdofarnesio.com.br\\\/?author=2\"}]}<\/script>\n<!-- \/ Yoast SEO plugin. -->","yoast_head_json":{"title":"Epidemia de H3N2: n\u00famero de mortes em Pernambuco sobe para 30; casos passam de 5,2 mil - Blog do Farn\u00e9sio","robots":{"index":"index","follow":"follow","max-snippet":"max-snippet:-1","max-image-preview":"max-image-preview:large","max-video-preview":"max-video-preview:-1"},"canonical":"https:\/\/blogdofarnesio.com.br\/?p=303615","og_locale":"pt_BR","og_type":"article","og_title":"Epidemia de H3N2: n\u00famero de mortes em Pernambuco sobe para 30; casos passam de 5,2 mil - Blog do Farn\u00e9sio","og_description":"Folha de Pernambuco &#8211;\u00a0 O n\u00famero de mortes em Pernambuco em decorr\u00eancia da influenza A H3N2 subiu para 30, segundo informou balan\u00e7o da Secretaria Estadual de Sa\u00fade (SES-PE) desta ter\u00e7a-feira (4). Os dados s\u00e3o de registros feitos at\u00e9 segunda-feira (3). O total de notifica\u00e7\u00f5es aumentou para 5.253 casos confirmados. Nesta nova rodada de an\u00e1lises feita pelo Laborat\u00f3rio Central de Sa\u00fade P\u00fablica de Pernambuco (Lacen-PE) foram obtidas 2.787 amostras laboratoriais positivas, sendo 19 novos \u00f3bitos. Dos 30 \u00f3bitos, 13 foram pessoas do g\u00eanero masculino e 17 do g\u00eanero feminino. Todos foram confirmados para a influenza A H3N2. Os pacientes eram residentes do Recife (17), Palmares (3), Ipojuca (2), Jaboat\u00e3o dos Guararapes (2), S\u00e3o Louren\u00e7o da Mata (2), Goiana (1), Olinda (1),&hellip;","og_url":"https:\/\/blogdofarnesio.com.br\/?p=303615","og_site_name":"Blog do Farn\u00e9sio","article_publisher":"https:\/\/www.facebook.com\/BlogQuerSaberPolitica\/","article_author":"https:\/\/www.facebook.com\/?ref=tn_tnmn","article_published_time":"2022-01-05T18:00:41+00:00","og_image":[{"width":624,"height":622,"url":"https:\/\/blogdofarnesio.com.br\/wp-content\/uploads\/2020\/03\/blogqspjua-gripe-e1584468604122.jpeg","type":"image\/jpeg"}],"author":"Farn\u00e9sio","twitter_card":"summary_large_image","twitter_misc":{"Escrito por":"Farn\u00e9sio","Est. tempo de leitura":"2 minutos"},"schema":{"@context":"https:\/\/schema.org","@graph":[{"@type":"Article","@id":"https:\/\/blogdofarnesio.com.br\/?p=303615#article","isPartOf":{"@id":"https:\/\/blogdofarnesio.com.br\/?p=303615"},"author":{"name":"Farn\u00e9sio","@id":"https:\/\/blogdofarnesio.com.br\/#\/schema\/person\/bb9b23ae3ad0609ce8df7b6c9e76824d"},"headline":"Epidemia de H3N2: n\u00famero de mortes em Pernambuco sobe para 30; casos passam de 5,2 mil","datePublished":"2022-01-05T18:00:41+00:00","mainEntityOfPage":{"@id":"https:\/\/blogdofarnesio.com.br\/?p=303615"},"wordCount":227,"commentCount":0,"publisher":{"@id":"https:\/\/blogdofarnesio.com.br\/#organization"},"image":{"@id":"https:\/\/blogdofarnesio.com.br\/?p=303615#primaryimage"},"thumbnailUrl":"https:\/\/blogdofarnesio.com.br\/wp-content\/uploads\/2020\/03\/blogqspjua-gripe-e1584468604122.jpeg","articleSection":["Sa\u00fade"],"inLanguage":"pt-BR","potentialAction":[{"@type":"CommentAction","name":"Comment","target":["https:\/\/blogdofarnesio.com.br\/?p=303615#respond"]}]},{"@type":"WebPage","@id":"https:\/\/blogdofarnesio.com.br\/?p=303615","url":"https:\/\/blogdofarnesio.com.br\/?p=303615","name":"Epidemia de H3N2: n\u00famero de mortes em Pernambuco sobe para 30; casos passam de 5,2 mil - Blog do Farn\u00e9sio","isPartOf":{"@id":"https:\/\/blogdofarnesio.com.br\/#website"},"primaryImageOfPage":{"@id":"https:\/\/blogdofarnesio.com.br\/?p=303615#primaryimage"},"image":{"@id":"https:\/\/blogdofarnesio.com.br\/?p=303615#primaryimage"},"thumbnailUrl":"https:\/\/blogdofarnesio.com.br\/wp-content\/uploads\/2020\/03\/blogqspjua-gripe-e1584468604122.jpeg","datePublished":"2022-01-05T18:00:41+00:00","breadcrumb":{"@id":"https:\/\/blogdofarnesio.com.br\/?p=303615#breadcrumb"},"inLanguage":"pt-BR","potentialAction":[{"@type":"ReadAction","target":["https:\/\/blogdofarnesio.com.br\/?p=303615"]}]},{"@type":"ImageObject","inLanguage":"pt-BR","@id":"https:\/\/blogdofarnesio.com.br\/?p=303615#primaryimage","url":"https:\/\/blogdofarnesio.com.br\/wp-content\/uploads\/2020\/03\/blogqspjua-gripe-e1584468604122.jpeg","contentUrl":"https:\/\/blogdofarnesio.com.br\/wp-content\/uploads\/2020\/03\/blogqspjua-gripe-e1584468604122.jpeg","width":624,"height":622},{"@type":"BreadcrumbList","@id":"https:\/\/blogdofarnesio.com.br\/?p=303615#breadcrumb","itemListElement":[{"@type":"ListItem","position":1,"name":"In\u00edcio","item":"https:\/\/blogdofarnesio.com.br\/"},{"@type":"ListItem","position":2,"name":"Epidemia de H3N2: n\u00famero de mortes em Pernambuco sobe para 30; casos passam de 5,2 mil"}]},{"@type":"WebSite","@id":"https:\/\/blogdofarnesio.com.br\/#website","url":"https:\/\/blogdofarnesio.com.br\/","name":"Blog do Farn\u00e9sio","description":"Quer Saber Pol\u00edtica?","publisher":{"@id":"https:\/\/blogdofarnesio.com.br\/#organization"},"potentialAction":[{"@type":"SearchAction","target":{"@type":"EntryPoint","urlTemplate":"https:\/\/blogdofarnesio.com.br\/?s={search_term_string}"},"query-input":{"@type":"PropertyValueSpecification","valueRequired":true,"valueName":"search_term_string"}}],"inLanguage":"pt-BR"},{"@type":"Organization","@id":"https:\/\/blogdofarnesio.com.br\/#organization","name":"Blog do Farn\u00e9sio","url":"https:\/\/blogdofarnesio.com.br\/","logo":{"@type":"ImageObject","inLanguage":"pt-BR","@id":"https:\/\/blogdofarnesio.com.br\/#\/schema\/logo\/image\/","url":"https:\/\/blogdofarnesio.com.br\/wp-content\/uploads\/2026\/03\/cropped-logo_new-1.png","contentUrl":"https:\/\/blogdofarnesio.com.br\/wp-content\/uploads\/2026\/03\/cropped-logo_new-1.png","width":881,"height":685,"caption":"Blog do Farn\u00e9sio"},"image":{"@id":"https:\/\/blogdofarnesio.com.br\/#\/schema\/logo\/image\/"},"sameAs":["https:\/\/www.facebook.com\/BlogQuerSaberPolitica\/"]},{"@type":"Person","@id":"https:\/\/blogdofarnesio.com.br\/#\/schema\/person\/bb9b23ae3ad0609ce8df7b6c9e76824d","name":"Farn\u00e9sio","image":{"@type":"ImageObject","inLanguage":"pt-BR","@id":"https:\/\/secure.gravatar.com\/avatar\/986aa4c61ccdb66f8555bf88fc2a65609d00bcabd4d2d94377a727547345cbca?s=96&d=mm&r=g","url":"https:\/\/secure.gravatar.com\/avatar\/986aa4c61ccdb66f8555bf88fc2a65609d00bcabd4d2d94377a727547345cbca?s=96&d=mm&r=g","contentUrl":"https:\/\/secure.gravatar.com\/avatar\/986aa4c61ccdb66f8555bf88fc2a65609d00bcabd4d2d94377a727547345cbca?s=96&d=mm&r=g","caption":"Farn\u00e9sio"},"description":"Radialista blogueiro, chegou a Petrolina\/Juazeiro em setembro de 1980, Farn\u00e9sio Silva \u00e9 de Arapiraca-Alagoas.","sameAs":["http:\/\/blogdofarnesio.com.br","https:\/\/www.facebook.com\/?ref=tn_tnmn","https:\/\/www.instagram.com\/?utm_source=pwa_homescreen","https:\/\/youtube.com.br\/"],"url":"https:\/\/blogdofarnesio.com.br\/?author=2"}]}},"_links":{"self":[{"href":"https:\/\/blogdofarnesio.com.br\/index.php?rest_route=\/wp\/v2\/posts\/303615","targetHints":{"allow":["GET"]}}],"collection":[{"href":"https:\/\/blogdofarnesio.com.br\/index.php?rest_route=\/wp\/v2\/posts"}],"about":[{"href":"https:\/\/blogdofarnesio.com.br\/index.php?rest_route=\/wp\/v2\/types\/post"}],"author":[{"embeddable":true,"href":"https:\/\/blogdofarnesio.com.br\/index.php?rest_route=\/wp\/v2\/users\/2"}],"replies":[{"embeddable":true,"href":"https:\/\/blogdofarnesio.com.br\/index.php?rest_route=%2Fwp%2Fv2%2Fcomments&post=303615"}],"version-history":[{"count":0,"href":"https:\/\/blogdofarnesio.com.br\/index.php?rest_route=\/wp\/v2\/posts\/303615\/revisions"}],"wp:featuredmedia":[{"embeddable":true,"href":"https:\/\/blogdofarnesio.com.br\/index.php?rest_route=\/wp\/v2\/media\/252684"}],"wp:attachment":[{"href":"https:\/\/blogdofarnesio.com.br\/index.php?rest_route=%2Fwp%2Fv2%2Fmedia&parent=303615"}],"wp:term":[{"taxonomy":"category","embeddable":true,"href":"https:\/\/blogdofarnesio.com.br\/index.php?rest_route=%2Fwp%2Fv2%2Fcategories&post=303615"},{"taxonomy":"post_tag","embeddable":true,"href":"https:\/\/blogdofarnesio.com.br\/index.php?rest_route=%2Fwp%2Fv2%2Ftags&post=303615"}],"curies":[{"name":"wp","href":"https:\/\/api.w.org\/{rel}","templated":true}]}}