{"id":303452,"date":"2022-01-02T11:30:58","date_gmt":"2022-01-02T14:30:58","guid":{"rendered":"https:\/\/blogdofarnesio.com.br\/?p=303452"},"modified":"2022-01-01T20:13:29","modified_gmt":"2022-01-01T23:13:29","slug":"foto-de-rita-lee-durante-tratamento-do-cancer-postada-por-roberto-de-carvalho-provoca-onda-de-afeto-nas-redes","status":"publish","type":"post","link":"https:\/\/blogdofarnesio.com.br\/?p=303452","title":{"rendered":"Foto de Rita Lee durante tratamento do c\u00e2ncer postada por Roberto de Carvalho provoca onda de afeto nas redes"},"content":{"rendered":"<header class=\"article-header article-header--\">\n<div class=\"article-header__container\">\n<div class=\"article-header__content\">\n<div class=\"article__subtitle\"><strong>O Globo &#8211; <\/strong>Cantora, que completou 74 anos no dia 31 de dezembro, recebeu homenagem do marido exaltando sua for\u00e7a. Ela foi diagnosticada com um tumor prim\u00e1rio no pulm\u00e3o esquerdo em maio<\/div>\n<\/div>\n<figure class=\"article-header__picture\"><img loading=\"lazy\" decoding=\"async\" class=\"article__picture-image image--loaded\" src=\"https:\/\/ogimg.infoglobo.com.br\/in\/25338312-cd1-a82\/FT1086A\/rita-lee.png\" alt=\"Roberto de Carvalho e Rita Lee no anivers\u00e1rio da cantora Foto: Reprodu\u00e7\u00e3o \/ O GLOBO\" width=\"1086\" height=\"652\" \/><figcaption class=\"article__picture-caption\">Roberto de Carvalho e Rita Lee no anivers\u00e1rio da cantora Foto: Reprodu\u00e7\u00e3o \/ O GLOBO<\/figcaption><\/figure>\n<\/div>\n<\/header>\n<div class=\"article__content-container protected-content\"><main class=\"main-content\">RIO &#8211; Foi uma onda de amor, carinho e desejo de pronta recupera\u00e7\u00e3o em 2022. Aniversariante do dia 31 de dezembro, quando completou 74 anos, Rita Lee, que est\u00e1 tratando um c\u00e2ncer no pulm\u00e3o, recebeu muitas mensagens desejando parab\u00e9ns e um 2022 pr\u00f3spero. Na sexta-feira, seu marido, o m\u00fasico Roberto de Carvalho, usou seu perfil nas redes para prestar duas homenagens \u00e0 mulher. Na primeira, postou uma foto antiga do casal com o seguinte texto: \u201cQue ano dif\u00edcil meu amor! Quanta prova\u00e7\u00e3o! Meu cora\u00e7\u00e3o em muitos momentos se despeda\u00e7ou, para logo em seguida se deslumbrar diante de todas as suas demonstra\u00e7\u00f5es de coragem, for\u00e7a de vontade e resist\u00eancia. Que depois de todo o tormento estejamos diante de um tempo de paz, harmonia, e muita sa\u00fade. E tudo de melhor que eu puder te desejar, voc\u00ea merece milh\u00f5es de vezes mais. Te amo, te admiro, te adoro, estamos juntos, ontem, agora e sempre\u201d.<\/main>A segunda postagem Roberto publicou uma foto de Rita, j\u00e1 em tratamento contra o c\u00e2ncer, diante de um bolo para o parab\u00e9ns. Diversos amigos famosos comentaram, desejando sa\u00fade, alegria e amor em 2022, entre eles Maria Gadu, Faf\u00e1 de Bel\u00e9m e Evandro Mesquita.<\/p>\n<p><strong>Sa\u00fade:<\/strong><a href=\"https:\/\/oglobo.globo.com\/cultura\/musica\/entenda-que-o-cancer-de-pulmao-primario-de-rita-lee-o-tratamento-de-imunoterapia-25027817\">Entenda o que \u00e9 o c\u00e2ncer de pulm\u00e3o prim\u00e1rio de Rita Lee e o tratamento de imunoterapia<\/a><\/p>\n<p>Em maio, Rita Lee surpreendeu seus admirados com uma not\u00edcia inesperada sobre seu estado de sa\u00fade. Durante exames de rotina ela foi diagnosticada com um tumor prim\u00e1rio no pulm\u00e3o esquerdo. A descoberta foi feita durante check-up no Hospital Israelita Albert Einstein, em S\u00e3o Paulo, e realizou sess\u00f5es de imuno e radioterapia.<\/p>\n<p><strong>Produtiva<\/strong>:\u00a0<a href=\"https:\/\/oglobo.globo.com\/cultura\/musica\/em-tratamento-contra-cancer-rita-lee-anuncia-musica-inedita-deve-virar-enredo-de-carnaval-em-2023-25210422\">Rita Lee anuncia m\u00fasica in\u00e9dita e deve virar enredo de carnaval em 2023<\/a><\/p>\n<p>Em comunicado postado em suas redes sociais a equipe da cantora escreveu: \u201cNossa Rita submeteu-se a um check-up no Hospital Israelita Albert Einstein, em S\u00e3o Paulo. Os exames apontaram um tumor prim\u00e1rio no pulm\u00e3o esquerdo.<\/p>\n<p>\u201cBem assistida por uma junta m\u00e9dica, formada pelo Dr.\u00d3ren Smaletez, Prof Dr. Jos\u00e9 Ribas M. de Campos, Dr\u00aa Carmen Silva Valente Barbas e Dr. \u00cdcaro Carvalho, j\u00e1 se encontra em casa, e dar\u00e1 sequ\u00eancia aos tratamentos de imuno e radioterapia. Agradecemos as ora\u00e7\u00f5es e a Luz Divina\u201d, diz a mensagem postada.<\/p>\n<div class=\"block block--advertising\">\n<div class=\"block__advertising\">\n<div class=\"block__advertising-content\">\n<div id=\"pub-super-2\" class=\"advertising advertising--desktop advertising--loaded\" data-oglobo-advertising-format=\"super\" data-oglobo-advertising-index=\"2\" data-google-query-id=\"CI-a5JbVkfUCFWUyuQYdnh4C0w\">\n<div id=\"google_ads_iframe_\/85042905\/info.web.oglobo\/cultura\/materia_6__container__\"><\/div>\n<\/div>\n<\/div>\n<\/div>\n<\/div>\n<section class=\"article__photo-gallery-teaser gallery-teaser small-gallery gallery-teaser--mista\">\n<header class=\"photo-gallery-teaser__header gallery-teaser__header\">\n<h4 class=\"photo-gallery-teaser__header-title gallery-teaser__header-title\">VEJA FIGURINOS E ITENS DA EXPOSI\u00c7\u00c3O DE RITA LEE NO MIS<\/h4>\n<\/header>\n<div class=\"gallery__controls carousel-controls\">\n<div class=\"carousel__page-counter control--counter\"><\/div>\n<\/div>\n<div class=\"gallery-teaser--container carousel__container\">\n<div class=\"gallery-teaser--wrapper article_gallery-teaser--wrapper carousel__wrapper\">\n<article id=\"posicaoFoto1\" class=\"photo-gallery-teaser gallery-teaser gallery-teaser--horizontal carousel__item\">\n<figure class=\"photo-gallery-teaser__figure gallery-figure article__picture article__picture--horizontal\"><img loading=\"lazy\" decoding=\"async\" class=\"lazyload photo-gallery-teaser__image gallery-image article__picture-image image--loaded\" src=\"https:\/\/ogimg.infoglobo.com.br\/in\/25210183-bbf-5c7\/FT1086A\/IMG_6446.JPG\" alt=\"Figurino usado por Rita Lee na capa do \u00e1lbum de 1980, conhecido como &amp;#039;Lan\u00e7a perfume&amp;#039; Foto: Luccas Oliveira\" width=\"620\" height=\"372\" data-src=\"https:\/\/ogimg.infoglobo.com.br\/in\/25210183-bbf-5c7\/FT1086A\/IMG_6446.JPG\" \/><figcaption class=\"photo-gallery-teaser__figcaption gallery-caption article__picture-caption\">Figurino usado por Rita Lee na capa do \u00e1lbum de 1980, conhecido como &#8216;Lan\u00e7a perfume&#8217; Foto: Luccas Oliveira<\/figcaption><\/figure>\n<\/article>\n<article id=\"posicaoFoto2\" class=\"photo-gallery-teaser gallery-teaser gallery-teaser--horizontal carousel__item\">\n<figure class=\"photo-gallery-teaser__figure gallery-figure article__picture article__picture--horizontal\"><img loading=\"lazy\" decoding=\"async\" class=\"lazyload photo-gallery-teaser__image gallery-image article__picture-image image--loaded\" src=\"https:\/\/ogimg.infoglobo.com.br\/in\/25210199-b42-d4e\/FT1086A\/IMG_6440.JPG\" alt=\"Capa do disco &amp;#039;Fruto proibido&amp;#039;, de Rita Lee com a banda Tutti Frutti, recriada na exposi\u00e7\u00e3o Foto: Luccas Oliveira\" width=\"620\" height=\"372\" data-src=\"https:\/\/ogimg.infoglobo.com.br\/in\/25210199-b42-d4e\/FT1086A\/IMG_6440.JPG\" \/><figcaption class=\"photo-gallery-teaser__figcaption gallery-caption article__picture-caption\">Capa do disco &#8216;Fruto proibido&#8217;, de Rita Lee com a banda Tutti Frutti, recriada na exposi\u00e7\u00e3o Foto: Luccas Oliveira<\/figcaption><\/figure>\n<\/article>\n<article id=\"posicaoFoto3\" class=\"photo-gallery-teaser gallery-teaser gallery-teaser--horizontal carousel__item\">\n<figure class=\"photo-gallery-teaser__figure gallery-figure article__picture article__picture--horizontal\"><img loading=\"lazy\" decoding=\"async\" class=\"lazyload photo-gallery-teaser__image gallery-image article__picture-image image--loaded\" src=\"https:\/\/ogimg.infoglobo.com.br\/in\/25210276-cea-cb5\/FT1086A\/IMG_6368.JPG\" alt=\"Vestido de casamento que Rita Lee usava em shows dos Mutantes, &amp;#039;roubado&amp;#039; da TV Globo Foto: Luccas Oliveira\" width=\"620\" height=\"372\" data-src=\"https:\/\/ogimg.infoglobo.com.br\/in\/25210276-cea-cb5\/FT1086A\/IMG_6368.JPG\" \/><figcaption class=\"photo-gallery-teaser__figcaption gallery-caption article__picture-caption\">Vestido de casamento que Rita Lee usava em shows dos Mutantes, &#8216;roubado&#8217; da TV Globo Foto: Luccas Oliveira<\/figcaption><\/figure>\n<\/article>\n<article id=\"posicaoFoto4\" class=\"photo-gallery-teaser gallery-teaser gallery-teaser--vertical carousel__item\">\n<figure class=\"photo-gallery-teaser__figure gallery-figure article__picture article__picture--vertical\"><img loading=\"lazy\" decoding=\"async\" class=\"lazyload photo-gallery-teaser__image gallery-image article__picture-image image--loaded\" src=\"https:\/\/ogimg.infoglobo.com.br\/in\/25210207-d8b-bf5\/FT450A\/IMG_6438.JPG\" alt=\"Traje de sete cabe\u00e7as que Rita Lee chamou de Santa Rita de Sampa Foto: Luccas Oliveira\" width=\"450\" height=\"740\" data-src=\"https:\/\/ogimg.infoglobo.com.br\/in\/25210207-d8b-bf5\/FT450A\/IMG_6438.JPG\" \/><figcaption class=\"photo-gallery-teaser__figcaption gallery-caption article__picture-caption\">Traje de sete cabe\u00e7as que Rita Lee chamou de Santa Rita de Sampa Foto: Luccas Oliveira<\/figcaption><\/figure>\n<\/article>\n<article id=\"posicaoFoto5\" class=\"photo-gallery-teaser gallery-teaser gallery-teaser--vertical carousel__item\">\n<figure class=\"photo-gallery-teaser__figure gallery-figure article__picture article__picture--vertical\"><img loading=\"lazy\" decoding=\"async\" class=\"lazyload photo-gallery-teaser__image gallery-image article__picture-image image--loaded\" src=\"https:\/\/ogimg.infoglobo.com.br\/in\/25210277-bec-a8f\/FT450A\/IMG_6363.JPG\" alt=\"A pol\u00eamica roupa de Nossa Senhora Aparecida, que fez Rita Lee ser excomungada da igreja, segundo ela; ao lado, Jo\u00e3o Lee, filho da cantora e curador da mostra Foto: Luccas Oliveira\" width=\"450\" height=\"740\" data-src=\"https:\/\/ogimg.infoglobo.com.br\/in\/25210277-bec-a8f\/FT450A\/IMG_6363.JPG\" \/><figcaption class=\"photo-gallery-teaser__figcaption gallery-caption article__picture-caption\">A pol\u00eamica roupa de Nossa Senhora Aparecida, que fez Rita Lee ser excomungada da igreja, segundo ela; ao lado, Jo\u00e3o Lee, filho da cantora e curador da mostra Foto: Luccas Oliveira<\/figcaption><\/figure>\n<\/article>\n<div class=\"photo-gallery-ad gallery-ad carousel__item carousel__item--advertising\" data-oglobo-photo-gallery-title=\"Publicidade\" data-oglobo-photo-gallery-url=\"https:\/\/www.publicidadeeditoraglobo.com.br\/midiakit-digital\">\n<div class=\"block__advertising block__advertising-fotogaleria\">\n<div class=\"block__advertising-content\">\n<div class=\"advertising advertising--fotogaleria\" data-oglobo-advertising-format=\"fotogaleria\"><\/div>\n<\/div>\n<\/div>\n<\/div>\n<article id=\"posicaoFoto6\" class=\"photo-gallery-teaser gallery-teaser gallery-teaser--horizontal carousel__item\">\n<figure class=\"photo-gallery-teaser__figure gallery-figure article__picture article__picture--horizontal\"><img loading=\"lazy\" decoding=\"async\" class=\"lazyload photo-gallery-teaser__image gallery-image article__picture-image image--loaded\" src=\"https:\/\/ogimg.infoglobo.com.br\/in\/25210161-abe-60c\/FT1086A\/IMG_6448.JPG\" alt=\"Fachada da exposi\u00e7\u00e3o de Rita Lee no MIS, em S\u00e3o Paulo Foto: Luccas Oliveira\" width=\"620\" height=\"372\" data-src=\"https:\/\/ogimg.infoglobo.com.br\/in\/25210161-abe-60c\/FT1086A\/IMG_6448.JPG\" \/><figcaption class=\"photo-gallery-teaser__figcaption gallery-caption article__picture-caption\">Fachada da exposi\u00e7\u00e3o de Rita Lee no MIS, em S\u00e3o Paulo Foto: Luccas Oliveira<\/figcaption><\/figure>\n<\/article>\n<article id=\"posicaoFoto7\" class=\"photo-gallery-teaser gallery-teaser gallery-teaser--vertical carousel__item\">\n<figure class=\"photo-gallery-teaser__figure gallery-figure article__picture article__picture--vertical\"><img loading=\"lazy\" decoding=\"async\" class=\"lazyload photo-gallery-teaser__image gallery-image article__picture-image image--loaded\" src=\"https:\/\/ogimg.infoglobo.com.br\/in\/25210177-5ac-978\/FT450A\/IMG_6447.JPG\" alt=\"Rita Lee revela truque da turn\u00ea &amp;#039;Sa\u00fade&amp;#039; na exposi\u00e7\u00e3o Foto: Luccas Oliveira\" width=\"450\" height=\"740\" data-src=\"https:\/\/ogimg.infoglobo.com.br\/in\/25210177-5ac-978\/FT450A\/IMG_6447.JPG\" \/><figcaption class=\"photo-gallery-teaser__figcaption gallery-caption article__picture-caption\">Rita Lee revela truque da turn\u00ea &#8216;Sa\u00fade&#8217; na exposi\u00e7\u00e3o Foto: Luccas Oliveira<\/figcaption><\/figure>\n<\/article>\n<article id=\"posicaoFoto8\" class=\"photo-gallery-teaser gallery-teaser gallery-teaser--horizontal carousel__item\">\n<figure class=\"photo-gallery-teaser__figure gallery-figure article__picture article__picture--horizontal\"><img loading=\"lazy\" decoding=\"async\" class=\"lazyload photo-gallery-teaser__image gallery-image article__picture-image image--loaded\" src=\"https:\/\/ogimg.infoglobo.com.br\/in\/25210194-c21-86c\/FT1086A\/IMG_6442.JPG\" alt=\"Piano da d\u00e9cada de 1920 que pertencia a Chesa, m\u00e3e de Rita Lee Foto: Luccas Oliveira\" width=\"620\" height=\"372\" data-src=\"https:\/\/ogimg.infoglobo.com.br\/in\/25210194-c21-86c\/FT1086A\/IMG_6442.JPG\" \/><figcaption class=\"photo-gallery-teaser__figcaption gallery-caption article__picture-caption\">Piano da d\u00e9cada de 1920 que pertencia a Chesa, m\u00e3e de Rita Lee Foto: Luccas Oliveira<\/figcaption><\/figure>\n<\/article>\n<article id=\"posicaoFoto9\" class=\"photo-gallery-teaser gallery-teaser gallery-teaser--vertical carousel__item\">\n<figure class=\"photo-gallery-teaser__figure gallery-figure article__picture article__picture--vertical\"><img loading=\"lazy\" decoding=\"async\" class=\"lazyload photo-gallery-teaser__image gallery-image article__picture-image image--loaded\" src=\"https:\/\/ogimg.infoglobo.com.br\/in\/25210213-bef-682\/FT450A\/IMG_6437.JPG\" alt=\"Frasco de lan\u00e7a-perfume que o pai de Rita Lee dava para os filhos quando o Corinthians ganhava Foto: Luccas Oliveira\" width=\"450\" height=\"740\" data-src=\"https:\/\/ogimg.infoglobo.com.br\/in\/25210213-bef-682\/FT450A\/IMG_6437.JPG\" \/><figcaption class=\"photo-gallery-teaser__figcaption gallery-caption article__picture-caption\">Frasco de lan\u00e7a-perfume que o pai de Rita Lee dava para os filhos quando o Corinthians ganhava Foto: Luccas Oliveira<\/figcaption><\/figure>\n<\/article>\n<article id=\"posicaoFoto10\" class=\"photo-gallery-teaser gallery-teaser gallery-teaser--vertical carousel__item\">\n<figure class=\"photo-gallery-teaser__figure gallery-figure article__picture article__picture--vertical\"><img loading=\"lazy\" decoding=\"async\" class=\"lazyload photo-gallery-teaser__image gallery-image article__picture-image image--loaded\" src=\"https:\/\/ogimg.infoglobo.com.br\/in\/25210216-049-4c3\/FT450A\/IMG_6434.JPG\" alt=\"O cen\u00f3grafo Chico Spinoza posa ao lado do retrato que Rita Lee fez dele Foto: Luccas Oliveira\" width=\"450\" height=\"740\" data-src=\"https:\/\/ogimg.infoglobo.com.br\/in\/25210216-049-4c3\/FT450A\/IMG_6434.JPG\" \/><figcaption class=\"photo-gallery-teaser__figcaption gallery-caption article__picture-caption\">O cen\u00f3grafo Chico Spinoza posa ao lado do retrato que Rita Lee fez dele Foto: Luccas Oliveira<\/figcaption><\/figure>\n<\/article>\n<div class=\"photo-gallery-ad gallery-ad carousel__item carousel__item--advertising\" data-oglobo-photo-gallery-title=\"Publicidade\" data-oglobo-photo-gallery-url=\"https:\/\/www.publicidadeeditoraglobo.com.br\/midiakit-digital\">\n<div class=\"block__advertising block__advertising-fotogaleria\">\n<div class=\"block__advertising-content\">\n<div class=\"advertising advertising--fotogaleria\" data-oglobo-advertising-format=\"fotogaleria\"><\/div>\n<\/div>\n<\/div>\n<\/div>\n<article id=\"posicaoFoto11\" class=\"photo-gallery-teaser gallery-teaser gallery-teaser--vertical carousel__item\">\n<figure class=\"photo-gallery-teaser__figure gallery-figure article__picture article__picture--vertical\"><img loading=\"lazy\" decoding=\"async\" class=\"lazyload photo-gallery-teaser__image gallery-image article__picture-image image--loaded\" src=\"https:\/\/ogimg.infoglobo.com.br\/in\/25210222-6bf-e76\/FT450A\/IMG_6426.JPG\" alt=\"Paul McCartney desenhado por Rita Lee em papel de p\u00e3o Foto: Luccas Oliveira\" width=\"450\" height=\"740\" data-src=\"https:\/\/ogimg.infoglobo.com.br\/in\/25210222-6bf-e76\/FT450A\/IMG_6426.JPG\" \/><figcaption class=\"photo-gallery-teaser__figcaption gallery-caption article__picture-caption\">Paul McCartney desenhado por Rita Lee em papel de p\u00e3o Foto: Luccas Oliveira<\/figcaption><\/figure>\n<\/article>\n<article id=\"posicaoFoto12\" class=\"photo-gallery-teaser gallery-teaser gallery-teaser--horizontal carousel__item\">\n<figure class=\"photo-gallery-teaser__figure gallery-figure article__picture article__picture--horizontal\"><img loading=\"lazy\" decoding=\"async\" class=\"lazyload photo-gallery-teaser__image gallery-image article__picture-image image--loaded\" src=\"https:\/\/ogimg.infoglobo.com.br\/in\/25210224-bf9-922\/FT1086A\/IMG_6427.JPG\" alt=\"Obras assinadas por Rita Lee homenageiam famosos, como Fernanda Montenegro Foto: Luccas Oliveira\" width=\"620\" height=\"372\" data-src=\"https:\/\/ogimg.infoglobo.com.br\/in\/25210224-bf9-922\/FT1086A\/IMG_6427.JPG\" \/><figcaption class=\"photo-gallery-teaser__figcaption gallery-caption article__picture-caption\">Obras assinadas por Rita Lee homenageiam famosos, como Fernanda Montenegro Foto: Luccas Oliveira<\/figcaption><\/figure>\n<\/article>\n<article id=\"posicaoFoto13\" class=\"photo-gallery-teaser gallery-teaser gallery-teaser--vertical carousel__item\">\n<figure class=\"photo-gallery-teaser__figure gallery-figure article__picture article__picture--vertical\"><img loading=\"lazy\" decoding=\"async\" class=\"lazyload photo-gallery-teaser__image gallery-image article__picture-image image--loaded\" src=\"https:\/\/ogimg.infoglobo.com.br\/in\/25210230-920-96a\/FT450A\/IMG_6418.JPG\" alt=\"Figurino de Chacrinha usado por Rita Lee Foto: Luccas Oliveira\" width=\"450\" height=\"740\" data-src=\"https:\/\/ogimg.infoglobo.com.br\/in\/25210230-920-96a\/FT450A\/IMG_6418.JPG\" \/><figcaption class=\"photo-gallery-teaser__figcaption gallery-caption article__picture-caption\">Figurino de Chacrinha usado por Rita Lee Foto: Luccas Oliveira<\/figcaption><\/figure>\n<\/article>\n<article id=\"posicaoFoto14\" class=\"photo-gallery-teaser gallery-teaser gallery-teaser--vertical carousel__item\">\n<figure class=\"photo-gallery-teaser__figure gallery-figure article__picture article__picture--vertical\"><img loading=\"lazy\" decoding=\"async\" class=\"lazyload photo-gallery-teaser__image gallery-image article__picture-image image--loaded\" src=\"https:\/\/ogimg.infoglobo.com.br\/in\/25210233-5e1-1ba\/FT450A\/IMG_6410.JPG\" alt=\"A guitarra Rute, de 1954, a mais usada por Rita em shows Foto: Luccas Oliveira\" width=\"450\" height=\"740\" data-src=\"https:\/\/ogimg.infoglobo.com.br\/in\/25210233-5e1-1ba\/FT450A\/IMG_6410.JPG\" \/><figcaption class=\"photo-gallery-teaser__figcaption gallery-caption article__picture-caption\">A guitarra Rute, de 1954, a mais usada por Rita em shows Foto: Luccas Oliveira<\/figcaption><\/figure>\n<\/article>\n<article id=\"posicaoFoto15\" class=\"photo-gallery-teaser gallery-teaser gallery-teaser--horizontal carousel__item\">\n<figure class=\"photo-gallery-teaser__figure gallery-figure article__picture article__picture--horizontal\"><img loading=\"lazy\" decoding=\"async\" class=\"lazyload photo-gallery-teaser__image gallery-image article__picture-image image--loaded\" src=\"https:\/\/ogimg.infoglobo.com.br\/in\/25210232-578-30b\/FT1086A\/IMG_6416.JPG\" alt=\"Instrumentos usados por Rita Lee em grava\u00e7\u00f5es; no canto inferior direito, foto autografada por David Bowie Foto: Luccas Oliveira\" width=\"620\" height=\"372\" data-src=\"https:\/\/ogimg.infoglobo.com.br\/in\/25210232-578-30b\/FT1086A\/IMG_6416.JPG\" \/><figcaption class=\"photo-gallery-teaser__figcaption gallery-caption article__picture-caption\">Instrumentos usados por Rita Lee em grava\u00e7\u00f5es; no canto inferior direito, foto autografada por David Bowie Foto: Luccas Oliveira<\/figcaption><\/figure>\n<\/article>\n<article id=\"posicaoFoto16\" class=\"photo-gallery-teaser gallery-teaser gallery-teaser--horizontal carousel__item\">\n<figure class=\"photo-gallery-teaser__figure gallery-figure article__picture article__picture--horizontal\"><img loading=\"lazy\" decoding=\"async\" class=\"lazyload photo-gallery-teaser__image gallery-image article__picture-image image--loaded\" src=\"https:\/\/ogimg.infoglobo.com.br\/in\/25210245-f8b-836\/FT1086A\/IMG_6406.JPG\" alt=\"Figurino e cen\u00e1rio da turn\u00ea &amp;#039;Zorra&amp;#039; Foto: Luccas Oliveira\" width=\"620\" height=\"372\" data-src=\"https:\/\/ogimg.infoglobo.com.br\/in\/25210245-f8b-836\/FT1086A\/IMG_6406.JPG\" \/><figcaption class=\"photo-gallery-teaser__figcaption gallery-caption article__picture-caption\">Figurino e cen\u00e1rio da turn\u00ea &#8216;Zorra&#8217; Foto: Luccas Oliveira<\/figcaption><\/figure>\n<\/article>\n<article id=\"posicaoFoto17\" class=\"photo-gallery-teaser gallery-teaser gallery-teaser--horizontal carousel__item\">\n<figure class=\"photo-gallery-teaser__figure gallery-figure article__picture article__picture--horizontal\"><img loading=\"lazy\" decoding=\"async\" class=\"lazyload photo-gallery-teaser__image gallery-image article__picture-image image--loaded\" src=\"https:\/\/ogimg.infoglobo.com.br\/in\/25210249-c4f-80e\/FT1086A\/IMG_6395.JPG\" alt=\"Jo\u00e3o Lee no espa\u00e7o que recria capa de \u00e1lbum dos pais, Rita Lee e Roberto de Carvalho Foto: Luccas Oliveira\" width=\"620\" height=\"372\" data-src=\"https:\/\/ogimg.infoglobo.com.br\/in\/25210249-c4f-80e\/FT1086A\/IMG_6395.JPG\" \/><figcaption class=\"photo-gallery-teaser__figcaption gallery-caption article__picture-caption\">Jo\u00e3o Lee no espa\u00e7o que recria capa de \u00e1lbum dos pais, Rita Lee e Roberto de Carvalho Foto: Luccas Oliveira<\/figcaption><\/figure>\n<\/article>\n<article id=\"posicaoFoto18\" class=\"photo-gallery-teaser gallery-teaser gallery-teaser--vertical carousel__item\">\n<figure class=\"photo-gallery-teaser__figure gallery-figure article__picture article__picture--vertical\"><img loading=\"lazy\" decoding=\"async\" class=\"lazyload photo-gallery-teaser__image gallery-image article__picture-image image--loaded\" src=\"https:\/\/ogimg.infoglobo.com.br\/in\/25210246-cef-0a8\/FT450A\/IMG_6400.JPG\" alt=\"Detalhe de letra de Rita e Roberto censurada pela ditadura por &amp;#039;mensagem er\u00f3tico sexual&amp;#039; e nunca gravada Foto: Luccas Oliveira\" width=\"450\" height=\"740\" data-src=\"https:\/\/ogimg.infoglobo.com.br\/in\/25210246-cef-0a8\/FT450A\/IMG_6400.JPG\" \/><figcaption class=\"photo-gallery-teaser__figcaption gallery-caption article__picture-caption\">Detalhe de letra de Rita e Roberto censurada pela ditadura por &#8216;mensagem er\u00f3tico sexual&#8217; e nunca gravada Foto: Luccas Oliveira<\/figcaption><\/figure>\n<\/article>\n<article id=\"posicaoFoto19\" class=\"photo-gallery-teaser gallery-teaser gallery-teaser--vertical carousel__item\">\n<figure class=\"photo-gallery-teaser__figure gallery-figure article__picture article__picture--vertical\"><img loading=\"lazy\" decoding=\"async\" class=\"lazyload photo-gallery-teaser__image gallery-image article__picture-image image--loaded\" src=\"https:\/\/ogimg.infoglobo.com.br\/in\/25210248-33c-8a1\/FT450A\/IMG_6397.JPG\" alt=\"Vestido usado por Rita Lee no casamento com Roberto de Carvalho Foto: Luccas Oliveira\" width=\"450\" height=\"740\" data-src=\"https:\/\/ogimg.infoglobo.com.br\/in\/25210248-33c-8a1\/FT450A\/IMG_6397.JPG\" \/><figcaption class=\"photo-gallery-teaser__figcaption gallery-caption article__picture-caption\">Vestido usado por Rita Lee no casamento com Roberto de Carvalho Foto: Luccas Oliveira<\/figcaption><\/figure>\n<\/article>\n<article id=\"posicaoFoto20\" class=\"photo-gallery-teaser gallery-teaser gallery-teaser--horizontal carousel__item\">\n<figure class=\"photo-gallery-teaser__figure gallery-figure article__picture article__picture--horizontal\"><img loading=\"lazy\" decoding=\"async\" class=\"lazyload photo-gallery-teaser__image gallery-image article__picture-image image--loaded\" src=\"https:\/\/ogimg.infoglobo.com.br\/in\/25210256-b7f-333\/FT1086A\/IMG_6393.JPG\" alt=\"O vestido usado por Rita Lee no especial de Jo\u00e3o Gilberto Foto: Luccas Oliveira\" width=\"620\" height=\"372\" data-src=\"https:\/\/ogimg.infoglobo.com.br\/in\/25210256-b7f-333\/FT1086A\/IMG_6393.JPG\" \/><figcaption class=\"photo-gallery-teaser__figcaption gallery-caption article__picture-caption\">O vestido usado por Rita Lee no especial de Jo\u00e3o Gilberto Foto: Luccas Oliveira<\/figcaption><\/figure>\n<\/article>\n<article id=\"posicaoFoto21\" class=\"photo-gallery-teaser gallery-teaser gallery-teaser--horizontal carousel__item\">\n<figure class=\"photo-gallery-teaser__figure gallery-figure article__picture article__picture--horizontal\"><img loading=\"lazy\" decoding=\"async\" class=\"lazyload photo-gallery-teaser__image gallery-image article__picture-image image--loaded\" src=\"https:\/\/ogimg.infoglobo.com.br\/in\/25210258-692-8cb\/FT1086A\/IMG_6388.JPG\" alt=\"Grandioso palco da turn\u00ea &amp;#039;O circo&amp;#039; foi recriado por Chico Spinoza para a exposi\u00e7\u00e3o Foto: Luccas Oliveira\" width=\"620\" height=\"372\" data-src=\"https:\/\/ogimg.infoglobo.com.br\/in\/25210258-692-8cb\/FT1086A\/IMG_6388.JPG\" \/><figcaption class=\"photo-gallery-teaser__figcaption gallery-caption article__picture-caption\">Grandioso palco da turn\u00ea &#8216;O circo&#8217; foi recriado por Chico Spinoza para a exposi\u00e7\u00e3o Foto: Luccas Oliveira<\/figcaption><\/figure>\n<\/article>\n<article id=\"posicaoFoto22\" class=\"photo-gallery-teaser gallery-teaser gallery-teaser--horizontal carousel__item\">\n<figure class=\"photo-gallery-teaser__figure gallery-figure article__picture article__picture--horizontal\"><img loading=\"lazy\" decoding=\"async\" class=\"lazyload photo-gallery-teaser__image gallery-image article__picture-image image--loaded\" src=\"https:\/\/ogimg.infoglobo.com.br\/in\/25210261-a00-0ae\/FT1086A\/IMG_6381.JPG\" alt=\"Carta escrita por Rita Lee para Roberto de Carvalho enquanto estava presa, gr\u00e1vida Foto: Luccas Oliveira\" width=\"620\" height=\"372\" data-src=\"https:\/\/ogimg.infoglobo.com.br\/in\/25210261-a00-0ae\/FT1086A\/IMG_6381.JPG\" \/><figcaption class=\"photo-gallery-teaser__figcaption gallery-caption article__picture-caption\">Carta escrita por Rita Lee para Roberto de Carvalho enquanto estava presa, gr\u00e1vida Foto: Luccas Oliveira<\/figcaption><\/figure>\n<\/article>\n<article id=\"posicaoFoto23\" class=\"photo-gallery-teaser gallery-teaser gallery-teaser--vertical carousel__item\">\n<figure class=\"photo-gallery-teaser__figure gallery-figure article__picture article__picture--vertical\"><img loading=\"lazy\" decoding=\"async\" class=\"lazyload photo-gallery-teaser__image gallery-image article__picture-image image--loaded\" src=\"https:\/\/ogimg.infoglobo.com.br\/in\/25210260-cca-29c\/FT450A\/IMG_6383.JPG\" alt=\"Figurino usado no primeiro show ap\u00f3s sair da cadeia Foto: Luccas Oliveira\" width=\"450\" height=\"740\" data-src=\"https:\/\/ogimg.infoglobo.com.br\/in\/25210260-cca-29c\/FT450A\/IMG_6383.JPG\" \/><figcaption class=\"photo-gallery-teaser__figcaption gallery-caption article__picture-caption\">Figurino usado no primeiro show ap\u00f3s sair da cadeia Foto: Luccas Oliveira<\/figcaption><\/figure>\n<\/article>\n<article id=\"posicaoFoto24\" class=\"photo-gallery-teaser gallery-teaser gallery-teaser--horizontal carousel__item\">\n<figure class=\"photo-gallery-teaser__figure gallery-figure article__picture article__picture--horizontal\"><img loading=\"lazy\" decoding=\"async\" class=\"lazyload photo-gallery-teaser__image gallery-image article__picture-image image--loaded\" src=\"https:\/\/ogimg.infoglobo.com.br\/in\/25210263-783-c01\/FT1086A\/FIMG_6372.JPG\" alt=\"Botas roubadas por Rita Lee na butique Biba, em Londres Foto: Luccas Oliveira\" width=\"620\" height=\"372\" data-src=\"https:\/\/ogimg.infoglobo.com.br\/in\/25210263-783-c01\/FT1086A\/FIMG_6372.JPG\" \/><figcaption class=\"photo-gallery-teaser__figcaption gallery-caption article__picture-caption\">Botas roubadas por Rita Lee na butique Biba, em Londres Foto: Luccas Oliveira<\/figcaption><\/figure>\n<\/article>\n<article id=\"posicaoFoto25\" class=\"photo-gallery-teaser gallery-teaser gallery-teaser--horizontal carousel__item\">\n<figure class=\"photo-gallery-teaser__figure gallery-figure article__picture article__picture--horizontal\"><img loading=\"lazy\" decoding=\"async\" class=\"lazyload photo-gallery-teaser__image gallery-image article__picture-image image--loaded\" src=\"https:\/\/ogimg.infoglobo.com.br\/in\/25210262-45d-541\/FT1086A\/IMG_6374.JPG\" alt=\"Figurino da turn\u00ea &amp;#039;Refestan\u00e7a&amp;#039;, com Gilberto Gil, foi costurado pela m\u00e3e de Rita Foto: Luccas Oliveira\" width=\"620\" height=\"372\" data-src=\"https:\/\/ogimg.infoglobo.com.br\/in\/25210262-45d-541\/FT1086A\/IMG_6374.JPG\" \/><figcaption class=\"photo-gallery-teaser__figcaption gallery-caption article__picture-caption\">Figurino da turn\u00ea &#8216;Refestan\u00e7a&#8217;, com Gilberto Gil, foi costurado pela m\u00e3e de Rita Foto: Luccas Oliveira<\/figcaption><\/figure>\n<\/article>\n<\/div>\n<\/div>\n<\/section>\n<p>Em setembro, Rita lan\u00e7ou a m\u00fasica &#8220;Change&#8221; e declarou seu amor pelo marido: \u201c\u00c9 minha m\u00fasica nova em parceria com meu amor, o Rob (<em>Roberto de Carvalho<\/em>), maestro do bom gosto, chique, gostoso e talentoso. Meu parceiro musical perfeito e pai dos meus filhos. A coprodu\u00e7\u00e3o \u00e9 do Gui Boratto, que a gente convidou pois estava querendo dar uma passeada nesse universo mais dan\u00e7ante. E a m\u00fasica tem a ver com esse meu lado mutante, que tenho desde que nasci. O que a gente mais quer no mundo nesse momento? Mudar! Mudar para melhor, para mais consci\u00eancia, mais luz.\u201d<\/p>\n<footer class=\"article__footer\">\n<div class=\"article__footer--container\">\n<div class=\"article__footer--text\">\n<p><strong>O Globo, um jornal nacional:<\/strong>\u00a0<a href=\"https:\/\/oglobo.globo.com\/brasil\/o-globo-foi-jornal-mais-lido-do-pais-em-2020-24906502\">Fique por dentro da evolu\u00e7\u00e3o do jornal mais lido do Brasil<\/a><\/p>\n<\/div>\n<\/div>\n<\/footer>\n<p>&nbsp;<\/p>\n<\/div>\n","protected":false},"excerpt":{"rendered":"<p>O Globo &#8211; Cantora, que completou 74 anos no dia 31 de dezembro, recebeu homenagem do marido exaltando sua for\u00e7a. Ela foi diagnosticada com um tumor prim\u00e1rio no pulm\u00e3o esquerdo em maio Roberto de Carvalho e Rita Lee no anivers\u00e1rio da cantora Foto: Reprodu\u00e7\u00e3o \/ O GLOBO RIO &#8211; Foi uma onda de amor, carinho e desejo de pronta recupera\u00e7\u00e3o em 2022. Aniversariante do dia 31 de dezembro, quando completou 74 anos, Rita Lee, que est\u00e1 tratando um c\u00e2ncer no pulm\u00e3o, recebeu muitas mensagens desejando parab\u00e9ns e um 2022 pr\u00f3spero. Na sexta-feira, seu marido, o m\u00fasico Roberto de Carvalho, usou seu perfil nas redes para prestar duas homenagens \u00e0 mulher. Na primeira, postou uma foto antiga do casal com o&hellip; <\/p>\n","protected":false},"author":2,"featured_media":266306,"comment_status":"open","ping_status":"open","sticky":false,"template":"","format":"standard","meta":{"_acf_changed":false,"footnotes":""},"categories":[3],"tags":[],"class_list":["post-303452","post","type-post","status-publish","format-standard","has-post-thumbnail","hentry","category-entretenimento"],"acf":[],"yoast_head":"<!-- This site is optimized with the Yoast SEO plugin v27.4 - https:\/\/yoast.com\/product\/yoast-seo-wordpress\/ -->\n<title>Foto de Rita Lee durante tratamento do c\u00e2ncer postada por Roberto de Carvalho provoca onda de afeto nas redes - Blog do Farn\u00e9sio<\/title>\n<meta name=\"robots\" content=\"index, follow, max-snippet:-1, max-image-preview:large, max-video-preview:-1\" \/>\n<link rel=\"canonical\" href=\"https:\/\/blogdofarnesio.com.br\/?p=303452\" \/>\n<meta property=\"og:locale\" content=\"pt_BR\" \/>\n<meta property=\"og:type\" content=\"article\" \/>\n<meta property=\"og:title\" content=\"Foto de Rita Lee durante tratamento do c\u00e2ncer postada por Roberto de Carvalho provoca onda de afeto nas redes - Blog do Farn\u00e9sio\" \/>\n<meta property=\"og:description\" content=\"O Globo &#8211; Cantora, que completou 74 anos no dia 31 de dezembro, recebeu homenagem do marido exaltando sua for\u00e7a. Ela foi diagnosticada com um tumor prim\u00e1rio no pulm\u00e3o esquerdo em maio Roberto de Carvalho e Rita Lee no anivers\u00e1rio da cantora Foto: Reprodu\u00e7\u00e3o \/ O GLOBO RIO &#8211; Foi uma onda de amor, carinho e desejo de pronta recupera\u00e7\u00e3o em 2022. Aniversariante do dia 31 de dezembro, quando completou 74 anos, Rita Lee, que est\u00e1 tratando um c\u00e2ncer no pulm\u00e3o, recebeu muitas mensagens desejando parab\u00e9ns e um 2022 pr\u00f3spero. Na sexta-feira, seu marido, o m\u00fasico Roberto de Carvalho, usou seu perfil nas redes para prestar duas homenagens \u00e0 mulher. Na primeira, postou uma foto antiga do casal com o&hellip;\" \/>\n<meta property=\"og:url\" content=\"https:\/\/blogdofarnesio.com.br\/?p=303452\" \/>\n<meta property=\"og:site_name\" content=\"Blog do Farn\u00e9sio\" \/>\n<meta property=\"article:publisher\" content=\"https:\/\/www.facebook.com\/BlogQuerSaberPolitica\/\" \/>\n<meta property=\"article:author\" content=\"https:\/\/www.facebook.com\/?ref=tn_tnmn\" \/>\n<meta property=\"article:published_time\" content=\"2022-01-02T14:30:58+00:00\" \/>\n<meta property=\"og:image\" content=\"https:\/\/blogdofarnesio.com.br\/wp-content\/uploads\/2020\/08\/blogqsprita-lee.jpg\" \/>\n\t<meta property=\"og:image:width\" content=\"380\" \/>\n\t<meta property=\"og:image:height\" content=\"280\" \/>\n\t<meta property=\"og:image:type\" content=\"image\/jpeg\" \/>\n<meta name=\"author\" content=\"Farn\u00e9sio\" \/>\n<meta name=\"twitter:card\" content=\"summary_large_image\" \/>\n<meta name=\"twitter:label1\" content=\"Escrito por\" \/>\n\t<meta name=\"twitter:data1\" content=\"Farn\u00e9sio\" \/>\n\t<meta name=\"twitter:label2\" content=\"Est. tempo de leitura\" \/>\n\t<meta name=\"twitter:data2\" content=\"11 minutos\" \/>\n<script type=\"application\/ld+json\" class=\"yoast-schema-graph\">{\"@context\":\"https:\\\/\\\/schema.org\",\"@graph\":[{\"@type\":\"Article\",\"@id\":\"https:\\\/\\\/blogdofarnesio.com.br\\\/?p=303452#article\",\"isPartOf\":{\"@id\":\"https:\\\/\\\/blogdofarnesio.com.br\\\/?p=303452\"},\"author\":{\"name\":\"Farn\u00e9sio\",\"@id\":\"https:\\\/\\\/blogdofarnesio.com.br\\\/#\\\/schema\\\/person\\\/bb9b23ae3ad0609ce8df7b6c9e76824d\"},\"headline\":\"Foto de Rita Lee durante tratamento do c\u00e2ncer postada por Roberto de Carvalho provoca onda de afeto nas redes\",\"datePublished\":\"2022-01-02T14:30:58+00:00\",\"mainEntityOfPage\":{\"@id\":\"https:\\\/\\\/blogdofarnesio.com.br\\\/?p=303452\"},\"wordCount\":1021,\"commentCount\":0,\"publisher\":{\"@id\":\"https:\\\/\\\/blogdofarnesio.com.br\\\/#organization\"},\"image\":{\"@id\":\"https:\\\/\\\/blogdofarnesio.com.br\\\/?p=303452#primaryimage\"},\"thumbnailUrl\":\"https:\\\/\\\/blogdofarnesio.com.br\\\/wp-content\\\/uploads\\\/2020\\\/08\\\/blogqsprita-lee.jpg\",\"articleSection\":[\"Entretenimento\"],\"inLanguage\":\"pt-BR\",\"potentialAction\":[{\"@type\":\"CommentAction\",\"name\":\"Comment\",\"target\":[\"https:\\\/\\\/blogdofarnesio.com.br\\\/?p=303452#respond\"]}]},{\"@type\":\"WebPage\",\"@id\":\"https:\\\/\\\/blogdofarnesio.com.br\\\/?p=303452\",\"url\":\"https:\\\/\\\/blogdofarnesio.com.br\\\/?p=303452\",\"name\":\"Foto de Rita Lee durante tratamento do c\u00e2ncer postada por Roberto de Carvalho provoca onda de afeto nas redes - Blog do Farn\u00e9sio\",\"isPartOf\":{\"@id\":\"https:\\\/\\\/blogdofarnesio.com.br\\\/#website\"},\"primaryImageOfPage\":{\"@id\":\"https:\\\/\\\/blogdofarnesio.com.br\\\/?p=303452#primaryimage\"},\"image\":{\"@id\":\"https:\\\/\\\/blogdofarnesio.com.br\\\/?p=303452#primaryimage\"},\"thumbnailUrl\":\"https:\\\/\\\/blogdofarnesio.com.br\\\/wp-content\\\/uploads\\\/2020\\\/08\\\/blogqsprita-lee.jpg\",\"datePublished\":\"2022-01-02T14:30:58+00:00\",\"breadcrumb\":{\"@id\":\"https:\\\/\\\/blogdofarnesio.com.br\\\/?p=303452#breadcrumb\"},\"inLanguage\":\"pt-BR\",\"potentialAction\":[{\"@type\":\"ReadAction\",\"target\":[\"https:\\\/\\\/blogdofarnesio.com.br\\\/?p=303452\"]}]},{\"@type\":\"ImageObject\",\"inLanguage\":\"pt-BR\",\"@id\":\"https:\\\/\\\/blogdofarnesio.com.br\\\/?p=303452#primaryimage\",\"url\":\"https:\\\/\\\/blogdofarnesio.com.br\\\/wp-content\\\/uploads\\\/2020\\\/08\\\/blogqsprita-lee.jpg\",\"contentUrl\":\"https:\\\/\\\/blogdofarnesio.com.br\\\/wp-content\\\/uploads\\\/2020\\\/08\\\/blogqsprita-lee.jpg\",\"width\":380,\"height\":280},{\"@type\":\"BreadcrumbList\",\"@id\":\"https:\\\/\\\/blogdofarnesio.com.br\\\/?p=303452#breadcrumb\",\"itemListElement\":[{\"@type\":\"ListItem\",\"position\":1,\"name\":\"In\u00edcio\",\"item\":\"https:\\\/\\\/blogdofarnesio.com.br\\\/\"},{\"@type\":\"ListItem\",\"position\":2,\"name\":\"Foto de Rita Lee durante tratamento do c\u00e2ncer postada por Roberto de Carvalho provoca onda de afeto nas redes\"}]},{\"@type\":\"WebSite\",\"@id\":\"https:\\\/\\\/blogdofarnesio.com.br\\\/#website\",\"url\":\"https:\\\/\\\/blogdofarnesio.com.br\\\/\",\"name\":\"Blog do Farn\u00e9sio\",\"description\":\"Quer Saber Pol\u00edtica?\",\"publisher\":{\"@id\":\"https:\\\/\\\/blogdofarnesio.com.br\\\/#organization\"},\"potentialAction\":[{\"@type\":\"SearchAction\",\"target\":{\"@type\":\"EntryPoint\",\"urlTemplate\":\"https:\\\/\\\/blogdofarnesio.com.br\\\/?s={search_term_string}\"},\"query-input\":{\"@type\":\"PropertyValueSpecification\",\"valueRequired\":true,\"valueName\":\"search_term_string\"}}],\"inLanguage\":\"pt-BR\"},{\"@type\":\"Organization\",\"@id\":\"https:\\\/\\\/blogdofarnesio.com.br\\\/#organization\",\"name\":\"Blog do Farn\u00e9sio\",\"url\":\"https:\\\/\\\/blogdofarnesio.com.br\\\/\",\"logo\":{\"@type\":\"ImageObject\",\"inLanguage\":\"pt-BR\",\"@id\":\"https:\\\/\\\/blogdofarnesio.com.br\\\/#\\\/schema\\\/logo\\\/image\\\/\",\"url\":\"https:\\\/\\\/blogdofarnesio.com.br\\\/wp-content\\\/uploads\\\/2026\\\/03\\\/cropped-logo_new-1.png\",\"contentUrl\":\"https:\\\/\\\/blogdofarnesio.com.br\\\/wp-content\\\/uploads\\\/2026\\\/03\\\/cropped-logo_new-1.png\",\"width\":881,\"height\":685,\"caption\":\"Blog do Farn\u00e9sio\"},\"image\":{\"@id\":\"https:\\\/\\\/blogdofarnesio.com.br\\\/#\\\/schema\\\/logo\\\/image\\\/\"},\"sameAs\":[\"https:\\\/\\\/www.facebook.com\\\/BlogQuerSaberPolitica\\\/\"]},{\"@type\":\"Person\",\"@id\":\"https:\\\/\\\/blogdofarnesio.com.br\\\/#\\\/schema\\\/person\\\/bb9b23ae3ad0609ce8df7b6c9e76824d\",\"name\":\"Farn\u00e9sio\",\"image\":{\"@type\":\"ImageObject\",\"inLanguage\":\"pt-BR\",\"@id\":\"https:\\\/\\\/secure.gravatar.com\\\/avatar\\\/986aa4c61ccdb66f8555bf88fc2a65609d00bcabd4d2d94377a727547345cbca?s=96&d=mm&r=g\",\"url\":\"https:\\\/\\\/secure.gravatar.com\\\/avatar\\\/986aa4c61ccdb66f8555bf88fc2a65609d00bcabd4d2d94377a727547345cbca?s=96&d=mm&r=g\",\"contentUrl\":\"https:\\\/\\\/secure.gravatar.com\\\/avatar\\\/986aa4c61ccdb66f8555bf88fc2a65609d00bcabd4d2d94377a727547345cbca?s=96&d=mm&r=g\",\"caption\":\"Farn\u00e9sio\"},\"description\":\"Radialista blogueiro, chegou a Petrolina\\\/Juazeiro em setembro de 1980, Farn\u00e9sio Silva \u00e9 de Arapiraca-Alagoas.\",\"sameAs\":[\"http:\\\/\\\/blogdofarnesio.com.br\",\"https:\\\/\\\/www.facebook.com\\\/?ref=tn_tnmn\",\"https:\\\/\\\/www.instagram.com\\\/?utm_source=pwa_homescreen\",\"https:\\\/\\\/youtube.com.br\\\/\"],\"url\":\"https:\\\/\\\/blogdofarnesio.com.br\\\/?author=2\"}]}<\/script>\n<!-- \/ Yoast SEO plugin. -->","yoast_head_json":{"title":"Foto de Rita Lee durante tratamento do c\u00e2ncer postada por Roberto de Carvalho provoca onda de afeto nas redes - Blog do Farn\u00e9sio","robots":{"index":"index","follow":"follow","max-snippet":"max-snippet:-1","max-image-preview":"max-image-preview:large","max-video-preview":"max-video-preview:-1"},"canonical":"https:\/\/blogdofarnesio.com.br\/?p=303452","og_locale":"pt_BR","og_type":"article","og_title":"Foto de Rita Lee durante tratamento do c\u00e2ncer postada por Roberto de Carvalho provoca onda de afeto nas redes - Blog do Farn\u00e9sio","og_description":"O Globo &#8211; Cantora, que completou 74 anos no dia 31 de dezembro, recebeu homenagem do marido exaltando sua for\u00e7a. Ela foi diagnosticada com um tumor prim\u00e1rio no pulm\u00e3o esquerdo em maio Roberto de Carvalho e Rita Lee no anivers\u00e1rio da cantora Foto: Reprodu\u00e7\u00e3o \/ O GLOBO RIO &#8211; Foi uma onda de amor, carinho e desejo de pronta recupera\u00e7\u00e3o em 2022. Aniversariante do dia 31 de dezembro, quando completou 74 anos, Rita Lee, que est\u00e1 tratando um c\u00e2ncer no pulm\u00e3o, recebeu muitas mensagens desejando parab\u00e9ns e um 2022 pr\u00f3spero. Na sexta-feira, seu marido, o m\u00fasico Roberto de Carvalho, usou seu perfil nas redes para prestar duas homenagens \u00e0 mulher. Na primeira, postou uma foto antiga do casal com o&hellip;","og_url":"https:\/\/blogdofarnesio.com.br\/?p=303452","og_site_name":"Blog do Farn\u00e9sio","article_publisher":"https:\/\/www.facebook.com\/BlogQuerSaberPolitica\/","article_author":"https:\/\/www.facebook.com\/?ref=tn_tnmn","article_published_time":"2022-01-02T14:30:58+00:00","og_image":[{"width":380,"height":280,"url":"https:\/\/blogdofarnesio.com.br\/wp-content\/uploads\/2020\/08\/blogqsprita-lee.jpg","type":"image\/jpeg"}],"author":"Farn\u00e9sio","twitter_card":"summary_large_image","twitter_misc":{"Escrito por":"Farn\u00e9sio","Est. tempo de leitura":"11 minutos"},"schema":{"@context":"https:\/\/schema.org","@graph":[{"@type":"Article","@id":"https:\/\/blogdofarnesio.com.br\/?p=303452#article","isPartOf":{"@id":"https:\/\/blogdofarnesio.com.br\/?p=303452"},"author":{"name":"Farn\u00e9sio","@id":"https:\/\/blogdofarnesio.com.br\/#\/schema\/person\/bb9b23ae3ad0609ce8df7b6c9e76824d"},"headline":"Foto de Rita Lee durante tratamento do c\u00e2ncer postada por Roberto de Carvalho provoca onda de afeto nas redes","datePublished":"2022-01-02T14:30:58+00:00","mainEntityOfPage":{"@id":"https:\/\/blogdofarnesio.com.br\/?p=303452"},"wordCount":1021,"commentCount":0,"publisher":{"@id":"https:\/\/blogdofarnesio.com.br\/#organization"},"image":{"@id":"https:\/\/blogdofarnesio.com.br\/?p=303452#primaryimage"},"thumbnailUrl":"https:\/\/blogdofarnesio.com.br\/wp-content\/uploads\/2020\/08\/blogqsprita-lee.jpg","articleSection":["Entretenimento"],"inLanguage":"pt-BR","potentialAction":[{"@type":"CommentAction","name":"Comment","target":["https:\/\/blogdofarnesio.com.br\/?p=303452#respond"]}]},{"@type":"WebPage","@id":"https:\/\/blogdofarnesio.com.br\/?p=303452","url":"https:\/\/blogdofarnesio.com.br\/?p=303452","name":"Foto de Rita Lee durante tratamento do c\u00e2ncer postada por Roberto de Carvalho provoca onda de afeto nas redes - Blog do Farn\u00e9sio","isPartOf":{"@id":"https:\/\/blogdofarnesio.com.br\/#website"},"primaryImageOfPage":{"@id":"https:\/\/blogdofarnesio.com.br\/?p=303452#primaryimage"},"image":{"@id":"https:\/\/blogdofarnesio.com.br\/?p=303452#primaryimage"},"thumbnailUrl":"https:\/\/blogdofarnesio.com.br\/wp-content\/uploads\/2020\/08\/blogqsprita-lee.jpg","datePublished":"2022-01-02T14:30:58+00:00","breadcrumb":{"@id":"https:\/\/blogdofarnesio.com.br\/?p=303452#breadcrumb"},"inLanguage":"pt-BR","potentialAction":[{"@type":"ReadAction","target":["https:\/\/blogdofarnesio.com.br\/?p=303452"]}]},{"@type":"ImageObject","inLanguage":"pt-BR","@id":"https:\/\/blogdofarnesio.com.br\/?p=303452#primaryimage","url":"https:\/\/blogdofarnesio.com.br\/wp-content\/uploads\/2020\/08\/blogqsprita-lee.jpg","contentUrl":"https:\/\/blogdofarnesio.com.br\/wp-content\/uploads\/2020\/08\/blogqsprita-lee.jpg","width":380,"height":280},{"@type":"BreadcrumbList","@id":"https:\/\/blogdofarnesio.com.br\/?p=303452#breadcrumb","itemListElement":[{"@type":"ListItem","position":1,"name":"In\u00edcio","item":"https:\/\/blogdofarnesio.com.br\/"},{"@type":"ListItem","position":2,"name":"Foto de Rita Lee durante tratamento do c\u00e2ncer postada por Roberto de Carvalho provoca onda de afeto nas redes"}]},{"@type":"WebSite","@id":"https:\/\/blogdofarnesio.com.br\/#website","url":"https:\/\/blogdofarnesio.com.br\/","name":"Blog do Farn\u00e9sio","description":"Quer Saber Pol\u00edtica?","publisher":{"@id":"https:\/\/blogdofarnesio.com.br\/#organization"},"potentialAction":[{"@type":"SearchAction","target":{"@type":"EntryPoint","urlTemplate":"https:\/\/blogdofarnesio.com.br\/?s={search_term_string}"},"query-input":{"@type":"PropertyValueSpecification","valueRequired":true,"valueName":"search_term_string"}}],"inLanguage":"pt-BR"},{"@type":"Organization","@id":"https:\/\/blogdofarnesio.com.br\/#organization","name":"Blog do Farn\u00e9sio","url":"https:\/\/blogdofarnesio.com.br\/","logo":{"@type":"ImageObject","inLanguage":"pt-BR","@id":"https:\/\/blogdofarnesio.com.br\/#\/schema\/logo\/image\/","url":"https:\/\/blogdofarnesio.com.br\/wp-content\/uploads\/2026\/03\/cropped-logo_new-1.png","contentUrl":"https:\/\/blogdofarnesio.com.br\/wp-content\/uploads\/2026\/03\/cropped-logo_new-1.png","width":881,"height":685,"caption":"Blog do Farn\u00e9sio"},"image":{"@id":"https:\/\/blogdofarnesio.com.br\/#\/schema\/logo\/image\/"},"sameAs":["https:\/\/www.facebook.com\/BlogQuerSaberPolitica\/"]},{"@type":"Person","@id":"https:\/\/blogdofarnesio.com.br\/#\/schema\/person\/bb9b23ae3ad0609ce8df7b6c9e76824d","name":"Farn\u00e9sio","image":{"@type":"ImageObject","inLanguage":"pt-BR","@id":"https:\/\/secure.gravatar.com\/avatar\/986aa4c61ccdb66f8555bf88fc2a65609d00bcabd4d2d94377a727547345cbca?s=96&d=mm&r=g","url":"https:\/\/secure.gravatar.com\/avatar\/986aa4c61ccdb66f8555bf88fc2a65609d00bcabd4d2d94377a727547345cbca?s=96&d=mm&r=g","contentUrl":"https:\/\/secure.gravatar.com\/avatar\/986aa4c61ccdb66f8555bf88fc2a65609d00bcabd4d2d94377a727547345cbca?s=96&d=mm&r=g","caption":"Farn\u00e9sio"},"description":"Radialista blogueiro, chegou a Petrolina\/Juazeiro em setembro de 1980, Farn\u00e9sio Silva \u00e9 de Arapiraca-Alagoas.","sameAs":["http:\/\/blogdofarnesio.com.br","https:\/\/www.facebook.com\/?ref=tn_tnmn","https:\/\/www.instagram.com\/?utm_source=pwa_homescreen","https:\/\/youtube.com.br\/"],"url":"https:\/\/blogdofarnesio.com.br\/?author=2"}]}},"_links":{"self":[{"href":"https:\/\/blogdofarnesio.com.br\/index.php?rest_route=\/wp\/v2\/posts\/303452","targetHints":{"allow":["GET"]}}],"collection":[{"href":"https:\/\/blogdofarnesio.com.br\/index.php?rest_route=\/wp\/v2\/posts"}],"about":[{"href":"https:\/\/blogdofarnesio.com.br\/index.php?rest_route=\/wp\/v2\/types\/post"}],"author":[{"embeddable":true,"href":"https:\/\/blogdofarnesio.com.br\/index.php?rest_route=\/wp\/v2\/users\/2"}],"replies":[{"embeddable":true,"href":"https:\/\/blogdofarnesio.com.br\/index.php?rest_route=%2Fwp%2Fv2%2Fcomments&post=303452"}],"version-history":[{"count":0,"href":"https:\/\/blogdofarnesio.com.br\/index.php?rest_route=\/wp\/v2\/posts\/303452\/revisions"}],"wp:featuredmedia":[{"embeddable":true,"href":"https:\/\/blogdofarnesio.com.br\/index.php?rest_route=\/wp\/v2\/media\/266306"}],"wp:attachment":[{"href":"https:\/\/blogdofarnesio.com.br\/index.php?rest_route=%2Fwp%2Fv2%2Fmedia&parent=303452"}],"wp:term":[{"taxonomy":"category","embeddable":true,"href":"https:\/\/blogdofarnesio.com.br\/index.php?rest_route=%2Fwp%2Fv2%2Fcategories&post=303452"},{"taxonomy":"post_tag","embeddable":true,"href":"https:\/\/blogdofarnesio.com.br\/index.php?rest_route=%2Fwp%2Fv2%2Ftags&post=303452"}],"curies":[{"name":"wp","href":"https:\/\/api.w.org\/{rel}","templated":true}]}}