{"id":303438,"date":"2022-01-02T11:00:57","date_gmt":"2022-01-02T14:00:57","guid":{"rendered":"https:\/\/blogdofarnesio.com.br\/?p=303438"},"modified":"2022-01-01T18:32:22","modified_gmt":"2022-01-01T21:32:22","slug":"primeiro-bebe-de-2022-nascido-na-maternidade-de-juazeiro-e-uma-menina","status":"publish","type":"post","link":"https:\/\/blogdofarnesio.com.br\/?p=303438","title":{"rendered":"Primeiro beb\u00ea de 2022 nascido na Maternidade de Juazeiro \u00e9 uma menina"},"content":{"rendered":"<p style=\"font-weight: 400;\">Ela chegou \u00e0s 05h07 abrindo os nascimentos da Maternidade de Juazeiro. A pequena Elo\u00e1, primeira filha da Emanuela Rafaela Souza da Silva, de 24 anos, foi o primeiro beb\u00ea de 2022 da maternidade. A princesa, que o nome significa \u2018Deus\u2019, chegou fazendo a alegria e trazendo boas novas para a fam\u00edlia.<\/p>\n<p style=\"font-weight: 400;\">A mam\u00e3e estava com 39 semanas quando come\u00e7ou a sentir as contra\u00e7\u00f5es. Mas Elo\u00e1 nasceu de parto ces\u00e1reo pesando 2,872 kg e medindo 48 cent\u00edmetros. Elo\u00e1 \u00e9 tranquila e era muito aguardada pela nova mam\u00e3e. \u201cElo\u00e1 foi muito sonhada. Quando senti ela nos meus bra\u00e7os, foi uma alegria t\u00e3o grande e qualquer dor compensa\u201d, disse Emanuela.<\/p>\n<p style=\"font-weight: 400;\">A m\u00e3e, que se recuperava da cirurgia, ainda n\u00e3o sabia que a filha j\u00e1 tinha na sua hist\u00f3ria este marco para contar, que tinha sido o primeiro beb\u00ea a nascer na Maternidade de Juazeiro. \u201cEu n\u00e3o sabia. Achei que j\u00e1 tinham nascidos outros beb\u00eas antes\u201d, disse a m\u00e3e.<\/p>\n<p style=\"font-weight: 400;\">\u201cEsperamos que isso seja sinal de muita coisa boa. Que tudo de negativo tenha ido embora com 2021. A gente espera boas energias\u201d, disse a tia da Elo\u00e1, Carla dos Santos.<\/p>\n<p style=\"font-weight: 400;\">Texto: Amanda Franco \u2013 Ascom Sesau PMJ<\/p>\n","protected":false},"excerpt":{"rendered":"<p>Ela chegou \u00e0s 05h07 abrindo os nascimentos da Maternidade de Juazeiro. A pequena Elo\u00e1, primeira filha da Emanuela Rafaela Souza da Silva, de 24 anos, foi o primeiro beb\u00ea de 2022 da maternidade. A princesa, que o nome significa \u2018Deus\u2019, chegou fazendo a alegria e trazendo boas novas para a fam\u00edlia. A mam\u00e3e estava com 39 semanas quando come\u00e7ou a sentir as contra\u00e7\u00f5es. Mas Elo\u00e1 nasceu de parto ces\u00e1reo pesando 2,872 kg e medindo 48 cent\u00edmetros. Elo\u00e1 \u00e9 tranquila e era muito aguardada pela nova mam\u00e3e. \u201cElo\u00e1 foi muito sonhada. Quando senti ela nos meus bra\u00e7os, foi uma alegria t\u00e3o grande e qualquer dor compensa\u201d, disse Emanuela. A m\u00e3e, que se recuperava da cirurgia, ainda n\u00e3o sabia que a filha&hellip; <\/p>\n","protected":false},"author":2,"featured_media":303439,"comment_status":"open","ping_status":"open","sticky":false,"template":"","format":"standard","meta":{"_acf_changed":false,"footnotes":""},"categories":[4],"tags":[],"class_list":["post-303438","post","type-post","status-publish","format-standard","has-post-thumbnail","hentry","category-saude"],"acf":[],"yoast_head":"<!-- This site is optimized with the Yoast SEO plugin v27.4 - https:\/\/yoast.com\/product\/yoast-seo-wordpress\/ -->\n<title>Primeiro beb\u00ea de 2022 nascido na Maternidade de Juazeiro \u00e9 uma menina - Blog do Farn\u00e9sio<\/title>\n<meta name=\"robots\" content=\"index, follow, max-snippet:-1, max-image-preview:large, max-video-preview:-1\" \/>\n<link rel=\"canonical\" href=\"https:\/\/blogdofarnesio.com.br\/?p=303438\" \/>\n<meta property=\"og:locale\" content=\"pt_BR\" \/>\n<meta property=\"og:type\" content=\"article\" \/>\n<meta property=\"og:title\" content=\"Primeiro beb\u00ea de 2022 nascido na Maternidade de Juazeiro \u00e9 uma menina - Blog do Farn\u00e9sio\" \/>\n<meta property=\"og:description\" content=\"Ela chegou \u00e0s 05h07 abrindo os nascimentos da Maternidade de Juazeiro. A pequena Elo\u00e1, primeira filha da Emanuela Rafaela Souza da Silva, de 24 anos, foi o primeiro beb\u00ea de 2022 da maternidade. A princesa, que o nome significa \u2018Deus\u2019, chegou fazendo a alegria e trazendo boas novas para a fam\u00edlia. A mam\u00e3e estava com 39 semanas quando come\u00e7ou a sentir as contra\u00e7\u00f5es. Mas Elo\u00e1 nasceu de parto ces\u00e1reo pesando 2,872 kg e medindo 48 cent\u00edmetros. Elo\u00e1 \u00e9 tranquila e era muito aguardada pela nova mam\u00e3e. \u201cElo\u00e1 foi muito sonhada. Quando senti ela nos meus bra\u00e7os, foi uma alegria t\u00e3o grande e qualquer dor compensa\u201d, disse Emanuela. A m\u00e3e, que se recuperava da cirurgia, ainda n\u00e3o sabia que a filha&hellip;\" \/>\n<meta property=\"og:url\" content=\"https:\/\/blogdofarnesio.com.br\/?p=303438\" \/>\n<meta property=\"og:site_name\" content=\"Blog do Farn\u00e9sio\" \/>\n<meta property=\"article:publisher\" content=\"https:\/\/www.facebook.com\/BlogQuerSaberPolitica\/\" \/>\n<meta property=\"article:author\" content=\"https:\/\/www.facebook.com\/?ref=tn_tnmn\" \/>\n<meta property=\"article:published_time\" content=\"2022-01-02T14:00:57+00:00\" \/>\n<meta property=\"og:image\" content=\"https:\/\/blogdofarnesio.com.br\/wp-content\/uploads\/2022\/01\/Emanuela-e-Eloa-e1641072639863.jpeg\" \/>\n\t<meta property=\"og:image:width\" content=\"680\" \/>\n\t<meta property=\"og:image:height\" content=\"371\" \/>\n\t<meta property=\"og:image:type\" content=\"image\/jpeg\" \/>\n<meta name=\"author\" content=\"Farn\u00e9sio\" \/>\n<meta name=\"twitter:card\" content=\"summary_large_image\" \/>\n<meta name=\"twitter:label1\" content=\"Escrito por\" \/>\n\t<meta name=\"twitter:data1\" content=\"Farn\u00e9sio\" \/>\n\t<meta name=\"twitter:label2\" content=\"Est. tempo de leitura\" \/>\n\t<meta name=\"twitter:data2\" content=\"2 minutos\" \/>\n<script type=\"application\/ld+json\" class=\"yoast-schema-graph\">{\"@context\":\"https:\\\/\\\/schema.org\",\"@graph\":[{\"@type\":\"Article\",\"@id\":\"https:\\\/\\\/blogdofarnesio.com.br\\\/?p=303438#article\",\"isPartOf\":{\"@id\":\"https:\\\/\\\/blogdofarnesio.com.br\\\/?p=303438\"},\"author\":{\"name\":\"Farn\u00e9sio\",\"@id\":\"https:\\\/\\\/blogdofarnesio.com.br\\\/#\\\/schema\\\/person\\\/bb9b23ae3ad0609ce8df7b6c9e76824d\"},\"headline\":\"Primeiro beb\u00ea de 2022 nascido na Maternidade de Juazeiro \u00e9 uma menina\",\"datePublished\":\"2022-01-02T14:00:57+00:00\",\"mainEntityOfPage\":{\"@id\":\"https:\\\/\\\/blogdofarnesio.com.br\\\/?p=303438\"},\"wordCount\":210,\"commentCount\":0,\"publisher\":{\"@id\":\"https:\\\/\\\/blogdofarnesio.com.br\\\/#organization\"},\"image\":{\"@id\":\"https:\\\/\\\/blogdofarnesio.com.br\\\/?p=303438#primaryimage\"},\"thumbnailUrl\":\"https:\\\/\\\/blogdofarnesio.com.br\\\/wp-content\\\/uploads\\\/2022\\\/01\\\/Emanuela-e-Eloa-e1641072639863.jpeg\",\"articleSection\":[\"Sa\u00fade\"],\"inLanguage\":\"pt-BR\",\"potentialAction\":[{\"@type\":\"CommentAction\",\"name\":\"Comment\",\"target\":[\"https:\\\/\\\/blogdofarnesio.com.br\\\/?p=303438#respond\"]}]},{\"@type\":\"WebPage\",\"@id\":\"https:\\\/\\\/blogdofarnesio.com.br\\\/?p=303438\",\"url\":\"https:\\\/\\\/blogdofarnesio.com.br\\\/?p=303438\",\"name\":\"Primeiro beb\u00ea de 2022 nascido na Maternidade de Juazeiro \u00e9 uma menina - Blog do Farn\u00e9sio\",\"isPartOf\":{\"@id\":\"https:\\\/\\\/blogdofarnesio.com.br\\\/#website\"},\"primaryImageOfPage\":{\"@id\":\"https:\\\/\\\/blogdofarnesio.com.br\\\/?p=303438#primaryimage\"},\"image\":{\"@id\":\"https:\\\/\\\/blogdofarnesio.com.br\\\/?p=303438#primaryimage\"},\"thumbnailUrl\":\"https:\\\/\\\/blogdofarnesio.com.br\\\/wp-content\\\/uploads\\\/2022\\\/01\\\/Emanuela-e-Eloa-e1641072639863.jpeg\",\"datePublished\":\"2022-01-02T14:00:57+00:00\",\"breadcrumb\":{\"@id\":\"https:\\\/\\\/blogdofarnesio.com.br\\\/?p=303438#breadcrumb\"},\"inLanguage\":\"pt-BR\",\"potentialAction\":[{\"@type\":\"ReadAction\",\"target\":[\"https:\\\/\\\/blogdofarnesio.com.br\\\/?p=303438\"]}]},{\"@type\":\"ImageObject\",\"inLanguage\":\"pt-BR\",\"@id\":\"https:\\\/\\\/blogdofarnesio.com.br\\\/?p=303438#primaryimage\",\"url\":\"https:\\\/\\\/blogdofarnesio.com.br\\\/wp-content\\\/uploads\\\/2022\\\/01\\\/Emanuela-e-Eloa-e1641072639863.jpeg\",\"contentUrl\":\"https:\\\/\\\/blogdofarnesio.com.br\\\/wp-content\\\/uploads\\\/2022\\\/01\\\/Emanuela-e-Eloa-e1641072639863.jpeg\",\"width\":680,\"height\":371,\"caption\":\"Primeiro beb\u00ea nascido em Juazeiro em 2022\"},{\"@type\":\"BreadcrumbList\",\"@id\":\"https:\\\/\\\/blogdofarnesio.com.br\\\/?p=303438#breadcrumb\",\"itemListElement\":[{\"@type\":\"ListItem\",\"position\":1,\"name\":\"In\u00edcio\",\"item\":\"https:\\\/\\\/blogdofarnesio.com.br\\\/\"},{\"@type\":\"ListItem\",\"position\":2,\"name\":\"Primeiro beb\u00ea de 2022 nascido na Maternidade de Juazeiro \u00e9 uma menina\"}]},{\"@type\":\"WebSite\",\"@id\":\"https:\\\/\\\/blogdofarnesio.com.br\\\/#website\",\"url\":\"https:\\\/\\\/blogdofarnesio.com.br\\\/\",\"name\":\"Blog do Farn\u00e9sio\",\"description\":\"Quer Saber Pol\u00edtica?\",\"publisher\":{\"@id\":\"https:\\\/\\\/blogdofarnesio.com.br\\\/#organization\"},\"potentialAction\":[{\"@type\":\"SearchAction\",\"target\":{\"@type\":\"EntryPoint\",\"urlTemplate\":\"https:\\\/\\\/blogdofarnesio.com.br\\\/?s={search_term_string}\"},\"query-input\":{\"@type\":\"PropertyValueSpecification\",\"valueRequired\":true,\"valueName\":\"search_term_string\"}}],\"inLanguage\":\"pt-BR\"},{\"@type\":\"Organization\",\"@id\":\"https:\\\/\\\/blogdofarnesio.com.br\\\/#organization\",\"name\":\"Blog do Farn\u00e9sio\",\"url\":\"https:\\\/\\\/blogdofarnesio.com.br\\\/\",\"logo\":{\"@type\":\"ImageObject\",\"inLanguage\":\"pt-BR\",\"@id\":\"https:\\\/\\\/blogdofarnesio.com.br\\\/#\\\/schema\\\/logo\\\/image\\\/\",\"url\":\"https:\\\/\\\/blogdofarnesio.com.br\\\/wp-content\\\/uploads\\\/2026\\\/03\\\/cropped-logo_new-1.png\",\"contentUrl\":\"https:\\\/\\\/blogdofarnesio.com.br\\\/wp-content\\\/uploads\\\/2026\\\/03\\\/cropped-logo_new-1.png\",\"width\":881,\"height\":685,\"caption\":\"Blog do Farn\u00e9sio\"},\"image\":{\"@id\":\"https:\\\/\\\/blogdofarnesio.com.br\\\/#\\\/schema\\\/logo\\\/image\\\/\"},\"sameAs\":[\"https:\\\/\\\/www.facebook.com\\\/BlogQuerSaberPolitica\\\/\"]},{\"@type\":\"Person\",\"@id\":\"https:\\\/\\\/blogdofarnesio.com.br\\\/#\\\/schema\\\/person\\\/bb9b23ae3ad0609ce8df7b6c9e76824d\",\"name\":\"Farn\u00e9sio\",\"image\":{\"@type\":\"ImageObject\",\"inLanguage\":\"pt-BR\",\"@id\":\"https:\\\/\\\/secure.gravatar.com\\\/avatar\\\/986aa4c61ccdb66f8555bf88fc2a65609d00bcabd4d2d94377a727547345cbca?s=96&d=mm&r=g\",\"url\":\"https:\\\/\\\/secure.gravatar.com\\\/avatar\\\/986aa4c61ccdb66f8555bf88fc2a65609d00bcabd4d2d94377a727547345cbca?s=96&d=mm&r=g\",\"contentUrl\":\"https:\\\/\\\/secure.gravatar.com\\\/avatar\\\/986aa4c61ccdb66f8555bf88fc2a65609d00bcabd4d2d94377a727547345cbca?s=96&d=mm&r=g\",\"caption\":\"Farn\u00e9sio\"},\"description\":\"Radialista blogueiro, chegou a Petrolina\\\/Juazeiro em setembro de 1980, Farn\u00e9sio Silva \u00e9 de Arapiraca-Alagoas.\",\"sameAs\":[\"http:\\\/\\\/blogdofarnesio.com.br\",\"https:\\\/\\\/www.facebook.com\\\/?ref=tn_tnmn\",\"https:\\\/\\\/www.instagram.com\\\/?utm_source=pwa_homescreen\",\"https:\\\/\\\/youtube.com.br\\\/\"],\"url\":\"https:\\\/\\\/blogdofarnesio.com.br\\\/?author=2\"}]}<\/script>\n<!-- \/ Yoast SEO plugin. -->","yoast_head_json":{"title":"Primeiro beb\u00ea de 2022 nascido na Maternidade de Juazeiro \u00e9 uma menina - Blog do Farn\u00e9sio","robots":{"index":"index","follow":"follow","max-snippet":"max-snippet:-1","max-image-preview":"max-image-preview:large","max-video-preview":"max-video-preview:-1"},"canonical":"https:\/\/blogdofarnesio.com.br\/?p=303438","og_locale":"pt_BR","og_type":"article","og_title":"Primeiro beb\u00ea de 2022 nascido na Maternidade de Juazeiro \u00e9 uma menina - Blog do Farn\u00e9sio","og_description":"Ela chegou \u00e0s 05h07 abrindo os nascimentos da Maternidade de Juazeiro. A pequena Elo\u00e1, primeira filha da Emanuela Rafaela Souza da Silva, de 24 anos, foi o primeiro beb\u00ea de 2022 da maternidade. A princesa, que o nome significa \u2018Deus\u2019, chegou fazendo a alegria e trazendo boas novas para a fam\u00edlia. A mam\u00e3e estava com 39 semanas quando come\u00e7ou a sentir as contra\u00e7\u00f5es. Mas Elo\u00e1 nasceu de parto ces\u00e1reo pesando 2,872 kg e medindo 48 cent\u00edmetros. Elo\u00e1 \u00e9 tranquila e era muito aguardada pela nova mam\u00e3e. \u201cElo\u00e1 foi muito sonhada. Quando senti ela nos meus bra\u00e7os, foi uma alegria t\u00e3o grande e qualquer dor compensa\u201d, disse Emanuela. A m\u00e3e, que se recuperava da cirurgia, ainda n\u00e3o sabia que a filha&hellip;","og_url":"https:\/\/blogdofarnesio.com.br\/?p=303438","og_site_name":"Blog do Farn\u00e9sio","article_publisher":"https:\/\/www.facebook.com\/BlogQuerSaberPolitica\/","article_author":"https:\/\/www.facebook.com\/?ref=tn_tnmn","article_published_time":"2022-01-02T14:00:57+00:00","og_image":[{"width":680,"height":371,"url":"https:\/\/blogdofarnesio.com.br\/wp-content\/uploads\/2022\/01\/Emanuela-e-Eloa-e1641072639863.jpeg","type":"image\/jpeg"}],"author":"Farn\u00e9sio","twitter_card":"summary_large_image","twitter_misc":{"Escrito por":"Farn\u00e9sio","Est. tempo de leitura":"2 minutos"},"schema":{"@context":"https:\/\/schema.org","@graph":[{"@type":"Article","@id":"https:\/\/blogdofarnesio.com.br\/?p=303438#article","isPartOf":{"@id":"https:\/\/blogdofarnesio.com.br\/?p=303438"},"author":{"name":"Farn\u00e9sio","@id":"https:\/\/blogdofarnesio.com.br\/#\/schema\/person\/bb9b23ae3ad0609ce8df7b6c9e76824d"},"headline":"Primeiro beb\u00ea de 2022 nascido na Maternidade de Juazeiro \u00e9 uma menina","datePublished":"2022-01-02T14:00:57+00:00","mainEntityOfPage":{"@id":"https:\/\/blogdofarnesio.com.br\/?p=303438"},"wordCount":210,"commentCount":0,"publisher":{"@id":"https:\/\/blogdofarnesio.com.br\/#organization"},"image":{"@id":"https:\/\/blogdofarnesio.com.br\/?p=303438#primaryimage"},"thumbnailUrl":"https:\/\/blogdofarnesio.com.br\/wp-content\/uploads\/2022\/01\/Emanuela-e-Eloa-e1641072639863.jpeg","articleSection":["Sa\u00fade"],"inLanguage":"pt-BR","potentialAction":[{"@type":"CommentAction","name":"Comment","target":["https:\/\/blogdofarnesio.com.br\/?p=303438#respond"]}]},{"@type":"WebPage","@id":"https:\/\/blogdofarnesio.com.br\/?p=303438","url":"https:\/\/blogdofarnesio.com.br\/?p=303438","name":"Primeiro beb\u00ea de 2022 nascido na Maternidade de Juazeiro \u00e9 uma menina - Blog do Farn\u00e9sio","isPartOf":{"@id":"https:\/\/blogdofarnesio.com.br\/#website"},"primaryImageOfPage":{"@id":"https:\/\/blogdofarnesio.com.br\/?p=303438#primaryimage"},"image":{"@id":"https:\/\/blogdofarnesio.com.br\/?p=303438#primaryimage"},"thumbnailUrl":"https:\/\/blogdofarnesio.com.br\/wp-content\/uploads\/2022\/01\/Emanuela-e-Eloa-e1641072639863.jpeg","datePublished":"2022-01-02T14:00:57+00:00","breadcrumb":{"@id":"https:\/\/blogdofarnesio.com.br\/?p=303438#breadcrumb"},"inLanguage":"pt-BR","potentialAction":[{"@type":"ReadAction","target":["https:\/\/blogdofarnesio.com.br\/?p=303438"]}]},{"@type":"ImageObject","inLanguage":"pt-BR","@id":"https:\/\/blogdofarnesio.com.br\/?p=303438#primaryimage","url":"https:\/\/blogdofarnesio.com.br\/wp-content\/uploads\/2022\/01\/Emanuela-e-Eloa-e1641072639863.jpeg","contentUrl":"https:\/\/blogdofarnesio.com.br\/wp-content\/uploads\/2022\/01\/Emanuela-e-Eloa-e1641072639863.jpeg","width":680,"height":371,"caption":"Primeiro beb\u00ea nascido em Juazeiro em 2022"},{"@type":"BreadcrumbList","@id":"https:\/\/blogdofarnesio.com.br\/?p=303438#breadcrumb","itemListElement":[{"@type":"ListItem","position":1,"name":"In\u00edcio","item":"https:\/\/blogdofarnesio.com.br\/"},{"@type":"ListItem","position":2,"name":"Primeiro beb\u00ea de 2022 nascido na Maternidade de Juazeiro \u00e9 uma menina"}]},{"@type":"WebSite","@id":"https:\/\/blogdofarnesio.com.br\/#website","url":"https:\/\/blogdofarnesio.com.br\/","name":"Blog do Farn\u00e9sio","description":"Quer Saber Pol\u00edtica?","publisher":{"@id":"https:\/\/blogdofarnesio.com.br\/#organization"},"potentialAction":[{"@type":"SearchAction","target":{"@type":"EntryPoint","urlTemplate":"https:\/\/blogdofarnesio.com.br\/?s={search_term_string}"},"query-input":{"@type":"PropertyValueSpecification","valueRequired":true,"valueName":"search_term_string"}}],"inLanguage":"pt-BR"},{"@type":"Organization","@id":"https:\/\/blogdofarnesio.com.br\/#organization","name":"Blog do Farn\u00e9sio","url":"https:\/\/blogdofarnesio.com.br\/","logo":{"@type":"ImageObject","inLanguage":"pt-BR","@id":"https:\/\/blogdofarnesio.com.br\/#\/schema\/logo\/image\/","url":"https:\/\/blogdofarnesio.com.br\/wp-content\/uploads\/2026\/03\/cropped-logo_new-1.png","contentUrl":"https:\/\/blogdofarnesio.com.br\/wp-content\/uploads\/2026\/03\/cropped-logo_new-1.png","width":881,"height":685,"caption":"Blog do Farn\u00e9sio"},"image":{"@id":"https:\/\/blogdofarnesio.com.br\/#\/schema\/logo\/image\/"},"sameAs":["https:\/\/www.facebook.com\/BlogQuerSaberPolitica\/"]},{"@type":"Person","@id":"https:\/\/blogdofarnesio.com.br\/#\/schema\/person\/bb9b23ae3ad0609ce8df7b6c9e76824d","name":"Farn\u00e9sio","image":{"@type":"ImageObject","inLanguage":"pt-BR","@id":"https:\/\/secure.gravatar.com\/avatar\/986aa4c61ccdb66f8555bf88fc2a65609d00bcabd4d2d94377a727547345cbca?s=96&d=mm&r=g","url":"https:\/\/secure.gravatar.com\/avatar\/986aa4c61ccdb66f8555bf88fc2a65609d00bcabd4d2d94377a727547345cbca?s=96&d=mm&r=g","contentUrl":"https:\/\/secure.gravatar.com\/avatar\/986aa4c61ccdb66f8555bf88fc2a65609d00bcabd4d2d94377a727547345cbca?s=96&d=mm&r=g","caption":"Farn\u00e9sio"},"description":"Radialista blogueiro, chegou a Petrolina\/Juazeiro em setembro de 1980, Farn\u00e9sio Silva \u00e9 de Arapiraca-Alagoas.","sameAs":["http:\/\/blogdofarnesio.com.br","https:\/\/www.facebook.com\/?ref=tn_tnmn","https:\/\/www.instagram.com\/?utm_source=pwa_homescreen","https:\/\/youtube.com.br\/"],"url":"https:\/\/blogdofarnesio.com.br\/?author=2"}]}},"_links":{"self":[{"href":"https:\/\/blogdofarnesio.com.br\/index.php?rest_route=\/wp\/v2\/posts\/303438","targetHints":{"allow":["GET"]}}],"collection":[{"href":"https:\/\/blogdofarnesio.com.br\/index.php?rest_route=\/wp\/v2\/posts"}],"about":[{"href":"https:\/\/blogdofarnesio.com.br\/index.php?rest_route=\/wp\/v2\/types\/post"}],"author":[{"embeddable":true,"href":"https:\/\/blogdofarnesio.com.br\/index.php?rest_route=\/wp\/v2\/users\/2"}],"replies":[{"embeddable":true,"href":"https:\/\/blogdofarnesio.com.br\/index.php?rest_route=%2Fwp%2Fv2%2Fcomments&post=303438"}],"version-history":[{"count":0,"href":"https:\/\/blogdofarnesio.com.br\/index.php?rest_route=\/wp\/v2\/posts\/303438\/revisions"}],"wp:featuredmedia":[{"embeddable":true,"href":"https:\/\/blogdofarnesio.com.br\/index.php?rest_route=\/wp\/v2\/media\/303439"}],"wp:attachment":[{"href":"https:\/\/blogdofarnesio.com.br\/index.php?rest_route=%2Fwp%2Fv2%2Fmedia&parent=303438"}],"wp:term":[{"taxonomy":"category","embeddable":true,"href":"https:\/\/blogdofarnesio.com.br\/index.php?rest_route=%2Fwp%2Fv2%2Fcategories&post=303438"},{"taxonomy":"post_tag","embeddable":true,"href":"https:\/\/blogdofarnesio.com.br\/index.php?rest_route=%2Fwp%2Fv2%2Ftags&post=303438"}],"curies":[{"name":"wp","href":"https:\/\/api.w.org\/{rel}","templated":true}]}}