{"id":303427,"date":"2022-01-02T12:02:40","date_gmt":"2022-01-02T15:02:40","guid":{"rendered":"https:\/\/blogdofarnesio.com.br\/?p=303427"},"modified":"2022-01-01T20:11:26","modified_gmt":"2022-01-01T23:11:26","slug":"marquinhos-do-n4-faz-balanco-de-2021-e-destaca-producao-e-compromisso-na-casa-plinio-amorim","status":"publish","type":"post","link":"https:\/\/blogdofarnesio.com.br\/?p=303427","title":{"rendered":"Marquinhos do N4 faz balan\u00e7o de 2021 e destaca produ\u00e7\u00e3o e compromisso na Casa Pl\u00ednio Amorim"},"content":{"rendered":"<p style=\"font-weight: 400;\">Um ano de muito trabalho e o vindouro promete muito mais. O vereador e l\u00edder da Bancada de Oposi\u00e7\u00e3o de Petrolina, Marquinhos do N4, avalia o seu primeiro ano de legislatura como produtivo e reassume o compromisso de continuar lutando pelo povo de Petrolina em 2022.<\/p>\n<p style=\"font-weight: 400;\">Este ano durante o ano letivo, Marquinhos do N4 apresentou 38 Requerimentos, 112 Indica\u00e7\u00f5es, teve um Decreto Legislativo aprovado, dois Projetos de Lei aprovados, dois Projetos de Lei arquivados, e cinco Projetos de Lei em tramita\u00e7\u00e3o na Casa Pl\u00ednio Amorim.<\/p>\n<p style=\"font-weight: 400;\">\u201cPrestamos conta do nosso trabalho aos petrolinenses, nossos patr\u00f5es. Fomos eleitos para defender os interesses comuns do povo de Petrolina e durante todo o ano estivemos atentos aos anseios da cidade e do interior, solicitamos e argumentos para o Executivo municipal a necessidade de realizar muitas a\u00e7\u00f5es no munic\u00edpio, principalmente no que tange \u00e0s \u00e1reas de educa\u00e7\u00e3o, sa\u00fade, infraestrutura, bem como chamamos diversas vezes a aten\u00e7\u00e3o da gest\u00e3o para investimentos necess\u00e1rios na cultura e lazer. Desde o in\u00edcio do nosso mandato nos comprometemos em propor melhorias para toda Petrolina, e mais uma vez reafirmo meu compromisso e digo que em 2022 vamos estar ainda mais ligados para trazer mais melhorias para toda popula\u00e7\u00e3o petrolinense\u201d, afirma.<\/p>\n<p style=\"font-weight: 400;\">Al\u00e9m da intensa produ\u00e7\u00e3o legislativa, o vereador Marquinhos do N4, faz quest\u00e3o de ressaltar que sempre lutar\u00e1 em benef\u00edcio de Petrolina \u201ccom responsabilidade, compromisso, honestidade, valorizando os princ\u00edpios democr\u00e1ticos\u201d.<\/p>\n<p style=\"font-weight: 400;\">Ele destaca a import\u00e2ncia da busca constante de converg\u00eancia entre os atores pol\u00edticos, com foco no di\u00e1logo e no consenso. E com Deus a frente de tudo. \u201c\u00c9 muito importante que nos mantenhamos unidos no prop\u00f3sito de buscar as solu\u00e7\u00f5es para o bem coletivo. Desejamos muita luz e muita paz e um 2022 de prosperidade, que as dificuldades que enfrentamos este ano possam ser superadas no pr\u00f3ximo com altivez e for\u00e7a de trabalho. Um ano de muita conquista para o povo Petrolinense\u201d, refor\u00e7a Marquinhos do N4.<\/p>\n<p style=\"font-weight: 400;\"><em>M\u00f4nia Ramos \u2013 Jornalista<\/em><\/p>\n<p style=\"font-weight: 400;\"><em>Ascom Marquinhos do N4<\/em><\/p>\n","protected":false},"excerpt":{"rendered":"<p>Um ano de muito trabalho e o vindouro promete muito mais. O vereador e l\u00edder da Bancada de Oposi\u00e7\u00e3o de Petrolina, Marquinhos do N4, avalia o seu primeiro ano de legislatura como produtivo e reassume o compromisso de continuar lutando pelo povo de Petrolina em 2022. Este ano durante o ano letivo, Marquinhos do N4 apresentou 38 Requerimentos, 112 Indica\u00e7\u00f5es, teve um Decreto Legislativo aprovado, dois Projetos de Lei aprovados, dois Projetos de Lei arquivados, e cinco Projetos de Lei em tramita\u00e7\u00e3o na Casa Pl\u00ednio Amorim. \u201cPrestamos conta do nosso trabalho aos petrolinenses, nossos patr\u00f5es. Fomos eleitos para defender os interesses comuns do povo de Petrolina e durante todo o ano estivemos atentos aos anseios da cidade e do interior,&hellip; <\/p>\n","protected":false},"author":2,"featured_media":288865,"comment_status":"open","ping_status":"open","sticky":false,"template":"","format":"standard","meta":{"_acf_changed":false,"footnotes":""},"categories":[1],"tags":[],"class_list":["post-303427","post","type-post","status-publish","format-standard","has-post-thumbnail","hentry","category-politica"],"acf":[],"yoast_head":"<!-- This site is optimized with the Yoast SEO plugin v27.4 - https:\/\/yoast.com\/product\/yoast-seo-wordpress\/ -->\n<title>Marquinhos do N4 faz balan\u00e7o de 2021 e destaca produ\u00e7\u00e3o e compromisso na Casa Pl\u00ednio Amorim - Blog do Farn\u00e9sio<\/title>\n<meta name=\"robots\" content=\"index, follow, max-snippet:-1, max-image-preview:large, max-video-preview:-1\" \/>\n<link rel=\"canonical\" href=\"https:\/\/blogdofarnesio.com.br\/?p=303427\" \/>\n<meta property=\"og:locale\" content=\"pt_BR\" \/>\n<meta property=\"og:type\" content=\"article\" \/>\n<meta property=\"og:title\" content=\"Marquinhos do N4 faz balan\u00e7o de 2021 e destaca produ\u00e7\u00e3o e compromisso na Casa Pl\u00ednio Amorim - Blog do Farn\u00e9sio\" \/>\n<meta property=\"og:description\" content=\"Um ano de muito trabalho e o vindouro promete muito mais. O vereador e l\u00edder da Bancada de Oposi\u00e7\u00e3o de Petrolina, Marquinhos do N4, avalia o seu primeiro ano de legislatura como produtivo e reassume o compromisso de continuar lutando pelo povo de Petrolina em 2022. Este ano durante o ano letivo, Marquinhos do N4 apresentou 38 Requerimentos, 112 Indica\u00e7\u00f5es, teve um Decreto Legislativo aprovado, dois Projetos de Lei aprovados, dois Projetos de Lei arquivados, e cinco Projetos de Lei em tramita\u00e7\u00e3o na Casa Pl\u00ednio Amorim. \u201cPrestamos conta do nosso trabalho aos petrolinenses, nossos patr\u00f5es. Fomos eleitos para defender os interesses comuns do povo de Petrolina e durante todo o ano estivemos atentos aos anseios da cidade e do interior,&hellip;\" \/>\n<meta property=\"og:url\" content=\"https:\/\/blogdofarnesio.com.br\/?p=303427\" \/>\n<meta property=\"og:site_name\" content=\"Blog do Farn\u00e9sio\" \/>\n<meta property=\"article:publisher\" content=\"https:\/\/www.facebook.com\/BlogQuerSaberPolitica\/\" \/>\n<meta property=\"article:author\" content=\"https:\/\/www.facebook.com\/?ref=tn_tnmn\" \/>\n<meta property=\"article:published_time\" content=\"2022-01-02T15:02:40+00:00\" \/>\n<meta property=\"og:image\" content=\"https:\/\/blogdofarnesio.com.br\/wp-content\/uploads\/2021\/06\/Marquinhos-do-N4-22062021-e1641070092924.jpg\" \/>\n\t<meta property=\"og:image:width\" content=\"626\" \/>\n\t<meta property=\"og:image:height\" content=\"410\" \/>\n\t<meta property=\"og:image:type\" content=\"image\/jpeg\" \/>\n<meta name=\"author\" content=\"Farn\u00e9sio\" \/>\n<meta name=\"twitter:card\" content=\"summary_large_image\" \/>\n<meta name=\"twitter:label1\" content=\"Escrito por\" \/>\n\t<meta name=\"twitter:data1\" content=\"Farn\u00e9sio\" \/>\n\t<meta name=\"twitter:label2\" content=\"Est. tempo de leitura\" \/>\n\t<meta name=\"twitter:data2\" content=\"2 minutos\" \/>\n<script type=\"application\/ld+json\" class=\"yoast-schema-graph\">{\"@context\":\"https:\\\/\\\/schema.org\",\"@graph\":[{\"@type\":\"Article\",\"@id\":\"https:\\\/\\\/blogdofarnesio.com.br\\\/?p=303427#article\",\"isPartOf\":{\"@id\":\"https:\\\/\\\/blogdofarnesio.com.br\\\/?p=303427\"},\"author\":{\"name\":\"Farn\u00e9sio\",\"@id\":\"https:\\\/\\\/blogdofarnesio.com.br\\\/#\\\/schema\\\/person\\\/bb9b23ae3ad0609ce8df7b6c9e76824d\"},\"headline\":\"Marquinhos do N4 faz balan\u00e7o de 2021 e destaca produ\u00e7\u00e3o e compromisso na Casa Pl\u00ednio Amorim\",\"datePublished\":\"2022-01-02T15:02:40+00:00\",\"mainEntityOfPage\":{\"@id\":\"https:\\\/\\\/blogdofarnesio.com.br\\\/?p=303427\"},\"wordCount\":366,\"commentCount\":0,\"publisher\":{\"@id\":\"https:\\\/\\\/blogdofarnesio.com.br\\\/#organization\"},\"image\":{\"@id\":\"https:\\\/\\\/blogdofarnesio.com.br\\\/?p=303427#primaryimage\"},\"thumbnailUrl\":\"https:\\\/\\\/blogdofarnesio.com.br\\\/wp-content\\\/uploads\\\/2021\\\/06\\\/Marquinhos-do-N4-22062021-e1641070092924.jpg\",\"articleSection\":[\"Pol\u00edtica\"],\"inLanguage\":\"pt-BR\",\"potentialAction\":[{\"@type\":\"CommentAction\",\"name\":\"Comment\",\"target\":[\"https:\\\/\\\/blogdofarnesio.com.br\\\/?p=303427#respond\"]}]},{\"@type\":\"WebPage\",\"@id\":\"https:\\\/\\\/blogdofarnesio.com.br\\\/?p=303427\",\"url\":\"https:\\\/\\\/blogdofarnesio.com.br\\\/?p=303427\",\"name\":\"Marquinhos do N4 faz balan\u00e7o de 2021 e destaca produ\u00e7\u00e3o e compromisso na Casa Pl\u00ednio Amorim - Blog do Farn\u00e9sio\",\"isPartOf\":{\"@id\":\"https:\\\/\\\/blogdofarnesio.com.br\\\/#website\"},\"primaryImageOfPage\":{\"@id\":\"https:\\\/\\\/blogdofarnesio.com.br\\\/?p=303427#primaryimage\"},\"image\":{\"@id\":\"https:\\\/\\\/blogdofarnesio.com.br\\\/?p=303427#primaryimage\"},\"thumbnailUrl\":\"https:\\\/\\\/blogdofarnesio.com.br\\\/wp-content\\\/uploads\\\/2021\\\/06\\\/Marquinhos-do-N4-22062021-e1641070092924.jpg\",\"datePublished\":\"2022-01-02T15:02:40+00:00\",\"breadcrumb\":{\"@id\":\"https:\\\/\\\/blogdofarnesio.com.br\\\/?p=303427#breadcrumb\"},\"inLanguage\":\"pt-BR\",\"potentialAction\":[{\"@type\":\"ReadAction\",\"target\":[\"https:\\\/\\\/blogdofarnesio.com.br\\\/?p=303427\"]}]},{\"@type\":\"ImageObject\",\"inLanguage\":\"pt-BR\",\"@id\":\"https:\\\/\\\/blogdofarnesio.com.br\\\/?p=303427#primaryimage\",\"url\":\"https:\\\/\\\/blogdofarnesio.com.br\\\/wp-content\\\/uploads\\\/2021\\\/06\\\/Marquinhos-do-N4-22062021-e1641070092924.jpg\",\"contentUrl\":\"https:\\\/\\\/blogdofarnesio.com.br\\\/wp-content\\\/uploads\\\/2021\\\/06\\\/Marquinhos-do-N4-22062021-e1641070092924.jpg\",\"width\":626,\"height\":410},{\"@type\":\"BreadcrumbList\",\"@id\":\"https:\\\/\\\/blogdofarnesio.com.br\\\/?p=303427#breadcrumb\",\"itemListElement\":[{\"@type\":\"ListItem\",\"position\":1,\"name\":\"In\u00edcio\",\"item\":\"https:\\\/\\\/blogdofarnesio.com.br\\\/\"},{\"@type\":\"ListItem\",\"position\":2,\"name\":\"Marquinhos do N4 faz balan\u00e7o de 2021 e destaca produ\u00e7\u00e3o e compromisso na Casa Pl\u00ednio Amorim\"}]},{\"@type\":\"WebSite\",\"@id\":\"https:\\\/\\\/blogdofarnesio.com.br\\\/#website\",\"url\":\"https:\\\/\\\/blogdofarnesio.com.br\\\/\",\"name\":\"Blog do Farn\u00e9sio\",\"description\":\"Quer Saber Pol\u00edtica?\",\"publisher\":{\"@id\":\"https:\\\/\\\/blogdofarnesio.com.br\\\/#organization\"},\"potentialAction\":[{\"@type\":\"SearchAction\",\"target\":{\"@type\":\"EntryPoint\",\"urlTemplate\":\"https:\\\/\\\/blogdofarnesio.com.br\\\/?s={search_term_string}\"},\"query-input\":{\"@type\":\"PropertyValueSpecification\",\"valueRequired\":true,\"valueName\":\"search_term_string\"}}],\"inLanguage\":\"pt-BR\"},{\"@type\":\"Organization\",\"@id\":\"https:\\\/\\\/blogdofarnesio.com.br\\\/#organization\",\"name\":\"Blog do Farn\u00e9sio\",\"url\":\"https:\\\/\\\/blogdofarnesio.com.br\\\/\",\"logo\":{\"@type\":\"ImageObject\",\"inLanguage\":\"pt-BR\",\"@id\":\"https:\\\/\\\/blogdofarnesio.com.br\\\/#\\\/schema\\\/logo\\\/image\\\/\",\"url\":\"https:\\\/\\\/blogdofarnesio.com.br\\\/wp-content\\\/uploads\\\/2026\\\/03\\\/cropped-logo_new-1.png\",\"contentUrl\":\"https:\\\/\\\/blogdofarnesio.com.br\\\/wp-content\\\/uploads\\\/2026\\\/03\\\/cropped-logo_new-1.png\",\"width\":881,\"height\":685,\"caption\":\"Blog do Farn\u00e9sio\"},\"image\":{\"@id\":\"https:\\\/\\\/blogdofarnesio.com.br\\\/#\\\/schema\\\/logo\\\/image\\\/\"},\"sameAs\":[\"https:\\\/\\\/www.facebook.com\\\/BlogQuerSaberPolitica\\\/\"]},{\"@type\":\"Person\",\"@id\":\"https:\\\/\\\/blogdofarnesio.com.br\\\/#\\\/schema\\\/person\\\/bb9b23ae3ad0609ce8df7b6c9e76824d\",\"name\":\"Farn\u00e9sio\",\"image\":{\"@type\":\"ImageObject\",\"inLanguage\":\"pt-BR\",\"@id\":\"https:\\\/\\\/secure.gravatar.com\\\/avatar\\\/986aa4c61ccdb66f8555bf88fc2a65609d00bcabd4d2d94377a727547345cbca?s=96&d=mm&r=g\",\"url\":\"https:\\\/\\\/secure.gravatar.com\\\/avatar\\\/986aa4c61ccdb66f8555bf88fc2a65609d00bcabd4d2d94377a727547345cbca?s=96&d=mm&r=g\",\"contentUrl\":\"https:\\\/\\\/secure.gravatar.com\\\/avatar\\\/986aa4c61ccdb66f8555bf88fc2a65609d00bcabd4d2d94377a727547345cbca?s=96&d=mm&r=g\",\"caption\":\"Farn\u00e9sio\"},\"description\":\"Radialista blogueiro, chegou a Petrolina\\\/Juazeiro em setembro de 1980, Farn\u00e9sio Silva \u00e9 de Arapiraca-Alagoas.\",\"sameAs\":[\"http:\\\/\\\/blogdofarnesio.com.br\",\"https:\\\/\\\/www.facebook.com\\\/?ref=tn_tnmn\",\"https:\\\/\\\/www.instagram.com\\\/?utm_source=pwa_homescreen\",\"https:\\\/\\\/youtube.com.br\\\/\"],\"url\":\"https:\\\/\\\/blogdofarnesio.com.br\\\/?author=2\"}]}<\/script>\n<!-- \/ Yoast SEO plugin. -->","yoast_head_json":{"title":"Marquinhos do N4 faz balan\u00e7o de 2021 e destaca produ\u00e7\u00e3o e compromisso na Casa Pl\u00ednio Amorim - Blog do Farn\u00e9sio","robots":{"index":"index","follow":"follow","max-snippet":"max-snippet:-1","max-image-preview":"max-image-preview:large","max-video-preview":"max-video-preview:-1"},"canonical":"https:\/\/blogdofarnesio.com.br\/?p=303427","og_locale":"pt_BR","og_type":"article","og_title":"Marquinhos do N4 faz balan\u00e7o de 2021 e destaca produ\u00e7\u00e3o e compromisso na Casa Pl\u00ednio Amorim - Blog do Farn\u00e9sio","og_description":"Um ano de muito trabalho e o vindouro promete muito mais. O vereador e l\u00edder da Bancada de Oposi\u00e7\u00e3o de Petrolina, Marquinhos do N4, avalia o seu primeiro ano de legislatura como produtivo e reassume o compromisso de continuar lutando pelo povo de Petrolina em 2022. Este ano durante o ano letivo, Marquinhos do N4 apresentou 38 Requerimentos, 112 Indica\u00e7\u00f5es, teve um Decreto Legislativo aprovado, dois Projetos de Lei aprovados, dois Projetos de Lei arquivados, e cinco Projetos de Lei em tramita\u00e7\u00e3o na Casa Pl\u00ednio Amorim. \u201cPrestamos conta do nosso trabalho aos petrolinenses, nossos patr\u00f5es. Fomos eleitos para defender os interesses comuns do povo de Petrolina e durante todo o ano estivemos atentos aos anseios da cidade e do interior,&hellip;","og_url":"https:\/\/blogdofarnesio.com.br\/?p=303427","og_site_name":"Blog do Farn\u00e9sio","article_publisher":"https:\/\/www.facebook.com\/BlogQuerSaberPolitica\/","article_author":"https:\/\/www.facebook.com\/?ref=tn_tnmn","article_published_time":"2022-01-02T15:02:40+00:00","og_image":[{"width":626,"height":410,"url":"https:\/\/blogdofarnesio.com.br\/wp-content\/uploads\/2021\/06\/Marquinhos-do-N4-22062021-e1641070092924.jpg","type":"image\/jpeg"}],"author":"Farn\u00e9sio","twitter_card":"summary_large_image","twitter_misc":{"Escrito por":"Farn\u00e9sio","Est. tempo de leitura":"2 minutos"},"schema":{"@context":"https:\/\/schema.org","@graph":[{"@type":"Article","@id":"https:\/\/blogdofarnesio.com.br\/?p=303427#article","isPartOf":{"@id":"https:\/\/blogdofarnesio.com.br\/?p=303427"},"author":{"name":"Farn\u00e9sio","@id":"https:\/\/blogdofarnesio.com.br\/#\/schema\/person\/bb9b23ae3ad0609ce8df7b6c9e76824d"},"headline":"Marquinhos do N4 faz balan\u00e7o de 2021 e destaca produ\u00e7\u00e3o e compromisso na Casa Pl\u00ednio Amorim","datePublished":"2022-01-02T15:02:40+00:00","mainEntityOfPage":{"@id":"https:\/\/blogdofarnesio.com.br\/?p=303427"},"wordCount":366,"commentCount":0,"publisher":{"@id":"https:\/\/blogdofarnesio.com.br\/#organization"},"image":{"@id":"https:\/\/blogdofarnesio.com.br\/?p=303427#primaryimage"},"thumbnailUrl":"https:\/\/blogdofarnesio.com.br\/wp-content\/uploads\/2021\/06\/Marquinhos-do-N4-22062021-e1641070092924.jpg","articleSection":["Pol\u00edtica"],"inLanguage":"pt-BR","potentialAction":[{"@type":"CommentAction","name":"Comment","target":["https:\/\/blogdofarnesio.com.br\/?p=303427#respond"]}]},{"@type":"WebPage","@id":"https:\/\/blogdofarnesio.com.br\/?p=303427","url":"https:\/\/blogdofarnesio.com.br\/?p=303427","name":"Marquinhos do N4 faz balan\u00e7o de 2021 e destaca produ\u00e7\u00e3o e compromisso na Casa Pl\u00ednio Amorim - Blog do Farn\u00e9sio","isPartOf":{"@id":"https:\/\/blogdofarnesio.com.br\/#website"},"primaryImageOfPage":{"@id":"https:\/\/blogdofarnesio.com.br\/?p=303427#primaryimage"},"image":{"@id":"https:\/\/blogdofarnesio.com.br\/?p=303427#primaryimage"},"thumbnailUrl":"https:\/\/blogdofarnesio.com.br\/wp-content\/uploads\/2021\/06\/Marquinhos-do-N4-22062021-e1641070092924.jpg","datePublished":"2022-01-02T15:02:40+00:00","breadcrumb":{"@id":"https:\/\/blogdofarnesio.com.br\/?p=303427#breadcrumb"},"inLanguage":"pt-BR","potentialAction":[{"@type":"ReadAction","target":["https:\/\/blogdofarnesio.com.br\/?p=303427"]}]},{"@type":"ImageObject","inLanguage":"pt-BR","@id":"https:\/\/blogdofarnesio.com.br\/?p=303427#primaryimage","url":"https:\/\/blogdofarnesio.com.br\/wp-content\/uploads\/2021\/06\/Marquinhos-do-N4-22062021-e1641070092924.jpg","contentUrl":"https:\/\/blogdofarnesio.com.br\/wp-content\/uploads\/2021\/06\/Marquinhos-do-N4-22062021-e1641070092924.jpg","width":626,"height":410},{"@type":"BreadcrumbList","@id":"https:\/\/blogdofarnesio.com.br\/?p=303427#breadcrumb","itemListElement":[{"@type":"ListItem","position":1,"name":"In\u00edcio","item":"https:\/\/blogdofarnesio.com.br\/"},{"@type":"ListItem","position":2,"name":"Marquinhos do N4 faz balan\u00e7o de 2021 e destaca produ\u00e7\u00e3o e compromisso na Casa Pl\u00ednio Amorim"}]},{"@type":"WebSite","@id":"https:\/\/blogdofarnesio.com.br\/#website","url":"https:\/\/blogdofarnesio.com.br\/","name":"Blog do Farn\u00e9sio","description":"Quer Saber Pol\u00edtica?","publisher":{"@id":"https:\/\/blogdofarnesio.com.br\/#organization"},"potentialAction":[{"@type":"SearchAction","target":{"@type":"EntryPoint","urlTemplate":"https:\/\/blogdofarnesio.com.br\/?s={search_term_string}"},"query-input":{"@type":"PropertyValueSpecification","valueRequired":true,"valueName":"search_term_string"}}],"inLanguage":"pt-BR"},{"@type":"Organization","@id":"https:\/\/blogdofarnesio.com.br\/#organization","name":"Blog do Farn\u00e9sio","url":"https:\/\/blogdofarnesio.com.br\/","logo":{"@type":"ImageObject","inLanguage":"pt-BR","@id":"https:\/\/blogdofarnesio.com.br\/#\/schema\/logo\/image\/","url":"https:\/\/blogdofarnesio.com.br\/wp-content\/uploads\/2026\/03\/cropped-logo_new-1.png","contentUrl":"https:\/\/blogdofarnesio.com.br\/wp-content\/uploads\/2026\/03\/cropped-logo_new-1.png","width":881,"height":685,"caption":"Blog do Farn\u00e9sio"},"image":{"@id":"https:\/\/blogdofarnesio.com.br\/#\/schema\/logo\/image\/"},"sameAs":["https:\/\/www.facebook.com\/BlogQuerSaberPolitica\/"]},{"@type":"Person","@id":"https:\/\/blogdofarnesio.com.br\/#\/schema\/person\/bb9b23ae3ad0609ce8df7b6c9e76824d","name":"Farn\u00e9sio","image":{"@type":"ImageObject","inLanguage":"pt-BR","@id":"https:\/\/secure.gravatar.com\/avatar\/986aa4c61ccdb66f8555bf88fc2a65609d00bcabd4d2d94377a727547345cbca?s=96&d=mm&r=g","url":"https:\/\/secure.gravatar.com\/avatar\/986aa4c61ccdb66f8555bf88fc2a65609d00bcabd4d2d94377a727547345cbca?s=96&d=mm&r=g","contentUrl":"https:\/\/secure.gravatar.com\/avatar\/986aa4c61ccdb66f8555bf88fc2a65609d00bcabd4d2d94377a727547345cbca?s=96&d=mm&r=g","caption":"Farn\u00e9sio"},"description":"Radialista blogueiro, chegou a Petrolina\/Juazeiro em setembro de 1980, Farn\u00e9sio Silva \u00e9 de Arapiraca-Alagoas.","sameAs":["http:\/\/blogdofarnesio.com.br","https:\/\/www.facebook.com\/?ref=tn_tnmn","https:\/\/www.instagram.com\/?utm_source=pwa_homescreen","https:\/\/youtube.com.br\/"],"url":"https:\/\/blogdofarnesio.com.br\/?author=2"}]}},"_links":{"self":[{"href":"https:\/\/blogdofarnesio.com.br\/index.php?rest_route=\/wp\/v2\/posts\/303427","targetHints":{"allow":["GET"]}}],"collection":[{"href":"https:\/\/blogdofarnesio.com.br\/index.php?rest_route=\/wp\/v2\/posts"}],"about":[{"href":"https:\/\/blogdofarnesio.com.br\/index.php?rest_route=\/wp\/v2\/types\/post"}],"author":[{"embeddable":true,"href":"https:\/\/blogdofarnesio.com.br\/index.php?rest_route=\/wp\/v2\/users\/2"}],"replies":[{"embeddable":true,"href":"https:\/\/blogdofarnesio.com.br\/index.php?rest_route=%2Fwp%2Fv2%2Fcomments&post=303427"}],"version-history":[{"count":0,"href":"https:\/\/blogdofarnesio.com.br\/index.php?rest_route=\/wp\/v2\/posts\/303427\/revisions"}],"wp:featuredmedia":[{"embeddable":true,"href":"https:\/\/blogdofarnesio.com.br\/index.php?rest_route=\/wp\/v2\/media\/288865"}],"wp:attachment":[{"href":"https:\/\/blogdofarnesio.com.br\/index.php?rest_route=%2Fwp%2Fv2%2Fmedia&parent=303427"}],"wp:term":[{"taxonomy":"category","embeddable":true,"href":"https:\/\/blogdofarnesio.com.br\/index.php?rest_route=%2Fwp%2Fv2%2Fcategories&post=303427"},{"taxonomy":"post_tag","embeddable":true,"href":"https:\/\/blogdofarnesio.com.br\/index.php?rest_route=%2Fwp%2Fv2%2Ftags&post=303427"}],"curies":[{"name":"wp","href":"https:\/\/api.w.org\/{rel}","templated":true}]}}