{"id":303424,"date":"2022-01-02T15:09:19","date_gmt":"2022-01-02T18:09:19","guid":{"rendered":"https:\/\/blogdofarnesio.com.br\/?p=303424"},"modified":"2022-01-02T15:09:19","modified_gmt":"2022-01-02T18:09:19","slug":"cria-de-victor-flores-ararinha-tita-e-destaque-em-quadro-sobre-representatividade-na-infancia-da-cnn-brasil","status":"publish","type":"post","link":"https:\/\/blogdofarnesio.com.br\/?p=303424","title":{"rendered":"Cria de Victor Flores, Ararinha Tita \u00e9 destaque em quadro sobre representatividade na inf\u00e2ncia da CNN Brasil"},"content":{"rendered":"<p dir=\"ltr\"><em>Tita e o Mist\u00e9rio do Velho Chico apareceu entre indica\u00e7\u00f5es do professor, cineasta e fil\u00f3sofo Rodrigo Fran\u00e7a.<\/em><\/p>\n<p dir=\"ltr\">A Ararinha mais simp\u00e1tica do Vale do S\u00e3o Francisco bateu asas mais uma vez e fez um lindo voo em rede nacional. Tita e o Mist\u00e9rio do Velho Chico foi destaque na CNN Brasil nesta quarta-feira (29). O livro infantil do ambientalista Victor Flores apareceu entre as indica\u00e7\u00f5es do professor, cineasta e fil\u00f3sofo Rodrigo Fran\u00e7a no quadro \u201cCNN no Plural\u201d, que debateu a representatividade na inf\u00e2ncia e foi destaque nas redes sociais, no site e na r\u00e1dio do grupo CNN Brasil.<\/p>\n<p dir=\"ltr\">Perguntado sobre qual \u00e9 a import\u00e2ncia da representatividade na inf\u00e2ncia, Rodrigo Fran\u00e7a afirmou que n\u00e3o h\u00e1 um \u00fanico padr\u00e3o de beleza e que exemplos disso s\u00e3o necess\u00e1rios tanto para crian\u00e7as negras quanto brancas. \u201cRepresentatividade negra passa por ensinar crian\u00e7as sobre diversidade\u201d, destacou o autor de \u201cO Pequeno Pr\u00edncipe Preto\u201d que ainda acrescentou que \u201cfaltam refer\u00eancias para crian\u00e7as negras e que a aus\u00eancia de representatividade no setor audiovisual \u00e9 um problema a ser combatido\u201d.<\/p>\n<p dir=\"ltr\">Al\u00e9m de \u201cTita e o Mist\u00e9rio do Velho Chico\u201d, de Victor Flores, Rodrigo Franca indicou outros dois livros para os pequenos: \u201cR\u00ea Tinta e o P\u00e9 de Jamel\u00e3o\u201d, de Estev\u00e3o Ribeiro e \u201cA Princesa do Olhinho Pregui\u00e7oso\u201d, de Ricardo<\/p>\n<p dir=\"ltr\">Ishmael.<\/p>\n<p dir=\"ltr\">\u201cEstou muito feliz com a indica\u00e7\u00e3o do grande Rodrigo Fran\u00e7a para CNN Brasil. Estar ocupando a m\u00eddia nacional com essas pautas, al\u00e9m da honra e alegria, para mim, tamb\u00e9m \u00e9 um manifesto. Manifesto de poder levar atrav\u00e9s da Tita uma mensagem de preserva\u00e7\u00e3o da caatinga e mais ainda de representatividade, valoriza\u00e7\u00e3o e pertencimento para crian\u00e7as e jovens nordestinos\u201d, celebrou o ambientalista Victor Flores ao saber da indica\u00e7\u00e3o.<\/p>\n<p dir=\"ltr\"><strong>PRA GAROTADA<\/strong><\/p>\n<p dir=\"ltr\">Tita e o Mist\u00e9rio do Velho Chico \u00e9 um projeto aprovado pelo Minist\u00e9rio do Turismo do Brasil, atrav\u00e9s da Lei Rouanet e fomentado pela multinacional Bayer com o objetivo promover a leitura entre \u00e0s crian\u00e7as das escolas p\u00fablicas do Vale do S\u00e3o Francisco, incentivar a preserva\u00e7\u00e3o do meio ambiente, al\u00e9m de promover o conhecimento sobre a regi\u00e3o do nordeste brasileiro.<\/p>\n<p dir=\"ltr\">Com 75 p\u00e1ginas, a obra conta a hist\u00f3ria de Tita filha \u00fanica de Lavareda, ca\u00e7ador de p\u00e1ssaros bastante conhecido no Sert\u00e3o do S\u00e3o Francisco. Ap\u00f3s ganhar uma sanfona m\u00e1gica do seu pai, Tita se envolve numa hist\u00f3ria de mist\u00e9rio e magia. Agora, cuidar da natureza passa ser a \u00fanica alternativa para solucionar o mist\u00e9rio do Velho Chico. A obra est\u00e1 \u00e0 venda pelo site <a href=\"http:\/\/www.victorflores.org\/\" target=\"_blank\" rel=\"noopener\" data-saferedirecturl=\"https:\/\/www.google.com\/url?q=http:\/\/www.victorflores.org&amp;source=gmail&amp;ust=1641140173207000&amp;usg=AOvVaw0x3BCDcvqSwqDqpAbsxYHm\">www.victorflores.org<\/a> com envio imediato para todo o Brasil.<\/p>\n<p>&nbsp;<\/p>\n<p dir=\"ltr\">Fotos: Divulga\u00e7\u00e3o<\/p>\n<p dir=\"ltr\">Texto: AsCom Tita e o Mist\u00e9rio do Velho Chico<\/p>\n","protected":false},"excerpt":{"rendered":"<p>Tita e o Mist\u00e9rio do Velho Chico apareceu entre indica\u00e7\u00f5es do professor, cineasta e fil\u00f3sofo Rodrigo Fran\u00e7a. A Ararinha mais simp\u00e1tica do Vale do S\u00e3o Francisco bateu asas mais uma vez e fez um lindo voo em rede nacional. Tita e o Mist\u00e9rio do Velho Chico foi destaque na CNN Brasil nesta quarta-feira (29). O livro infantil do ambientalista Victor Flores apareceu entre as indica\u00e7\u00f5es do professor, cineasta e fil\u00f3sofo Rodrigo Fran\u00e7a no quadro \u201cCNN no Plural\u201d, que debateu a representatividade na inf\u00e2ncia e foi destaque nas redes sociais, no site e na r\u00e1dio do grupo CNN Brasil. Perguntado sobre qual \u00e9 a import\u00e2ncia da representatividade na inf\u00e2ncia, Rodrigo Fran\u00e7a afirmou que n\u00e3o h\u00e1 um \u00fanico padr\u00e3o de beleza e&hellip; <\/p>\n","protected":false},"author":2,"featured_media":303425,"comment_status":"open","ping_status":"open","sticky":false,"template":"","format":"standard","meta":{"_acf_changed":false,"footnotes":""},"categories":[10],"tags":[],"class_list":["post-303424","post","type-post","status-publish","format-standard","has-post-thumbnail","hentry","category-cultura"],"acf":[],"yoast_head":"<!-- This site is optimized with the Yoast SEO plugin v27.4 - https:\/\/yoast.com\/product\/yoast-seo-wordpress\/ -->\n<title>Cria de Victor Flores, Ararinha Tita \u00e9 destaque em quadro sobre representatividade na inf\u00e2ncia da CNN Brasil - Blog do Farn\u00e9sio<\/title>\n<meta name=\"robots\" content=\"index, follow, max-snippet:-1, max-image-preview:large, max-video-preview:-1\" \/>\n<link rel=\"canonical\" href=\"https:\/\/blogdofarnesio.com.br\/?p=303424\" \/>\n<meta property=\"og:locale\" content=\"pt_BR\" \/>\n<meta property=\"og:type\" content=\"article\" \/>\n<meta property=\"og:title\" content=\"Cria de Victor Flores, Ararinha Tita \u00e9 destaque em quadro sobre representatividade na inf\u00e2ncia da CNN Brasil - Blog do Farn\u00e9sio\" \/>\n<meta property=\"og:description\" content=\"Tita e o Mist\u00e9rio do Velho Chico apareceu entre indica\u00e7\u00f5es do professor, cineasta e fil\u00f3sofo Rodrigo Fran\u00e7a. A Ararinha mais simp\u00e1tica do Vale do S\u00e3o Francisco bateu asas mais uma vez e fez um lindo voo em rede nacional. Tita e o Mist\u00e9rio do Velho Chico foi destaque na CNN Brasil nesta quarta-feira (29). O livro infantil do ambientalista Victor Flores apareceu entre as indica\u00e7\u00f5es do professor, cineasta e fil\u00f3sofo Rodrigo Fran\u00e7a no quadro \u201cCNN no Plural\u201d, que debateu a representatividade na inf\u00e2ncia e foi destaque nas redes sociais, no site e na r\u00e1dio do grupo CNN Brasil. Perguntado sobre qual \u00e9 a import\u00e2ncia da representatividade na inf\u00e2ncia, Rodrigo Fran\u00e7a afirmou que n\u00e3o h\u00e1 um \u00fanico padr\u00e3o de beleza e&hellip;\" \/>\n<meta property=\"og:url\" content=\"https:\/\/blogdofarnesio.com.br\/?p=303424\" \/>\n<meta property=\"og:site_name\" content=\"Blog do Farn\u00e9sio\" \/>\n<meta property=\"article:publisher\" content=\"https:\/\/www.facebook.com\/BlogQuerSaberPolitica\/\" \/>\n<meta property=\"article:author\" content=\"https:\/\/www.facebook.com\/?ref=tn_tnmn\" \/>\n<meta property=\"article:published_time\" content=\"2022-01-02T18:09:19+00:00\" \/>\n<meta property=\"og:image\" content=\"https:\/\/blogdofarnesio.com.br\/wp-content\/uploads\/2022\/01\/Victor-Flores-e-a-Tita-4-e1641069904800.jpeg\" \/>\n\t<meta property=\"og:image:width\" content=\"616\" \/>\n\t<meta property=\"og:image:height\" content=\"508\" \/>\n\t<meta property=\"og:image:type\" content=\"image\/jpeg\" \/>\n<meta name=\"author\" content=\"Farn\u00e9sio\" \/>\n<meta name=\"twitter:card\" content=\"summary_large_image\" \/>\n<meta name=\"twitter:label1\" content=\"Escrito por\" \/>\n\t<meta name=\"twitter:data1\" content=\"Farn\u00e9sio\" \/>\n\t<meta name=\"twitter:label2\" content=\"Est. tempo de leitura\" \/>\n\t<meta name=\"twitter:data2\" content=\"2 minutos\" \/>\n<script type=\"application\/ld+json\" class=\"yoast-schema-graph\">{\"@context\":\"https:\\\/\\\/schema.org\",\"@graph\":[{\"@type\":\"Article\",\"@id\":\"https:\\\/\\\/blogdofarnesio.com.br\\\/?p=303424#article\",\"isPartOf\":{\"@id\":\"https:\\\/\\\/blogdofarnesio.com.br\\\/?p=303424\"},\"author\":{\"name\":\"Farn\u00e9sio\",\"@id\":\"https:\\\/\\\/blogdofarnesio.com.br\\\/#\\\/schema\\\/person\\\/bb9b23ae3ad0609ce8df7b6c9e76824d\"},\"headline\":\"Cria de Victor Flores, Ararinha Tita \u00e9 destaque em quadro sobre representatividade na inf\u00e2ncia da CNN Brasil\",\"datePublished\":\"2022-01-02T18:09:19+00:00\",\"mainEntityOfPage\":{\"@id\":\"https:\\\/\\\/blogdofarnesio.com.br\\\/?p=303424\"},\"wordCount\":498,\"commentCount\":0,\"publisher\":{\"@id\":\"https:\\\/\\\/blogdofarnesio.com.br\\\/#organization\"},\"image\":{\"@id\":\"https:\\\/\\\/blogdofarnesio.com.br\\\/?p=303424#primaryimage\"},\"thumbnailUrl\":\"https:\\\/\\\/blogdofarnesio.com.br\\\/wp-content\\\/uploads\\\/2022\\\/01\\\/Victor-Flores-e-a-Tita-4-e1641069904800.jpeg\",\"articleSection\":[\"Cultura\"],\"inLanguage\":\"pt-BR\",\"potentialAction\":[{\"@type\":\"CommentAction\",\"name\":\"Comment\",\"target\":[\"https:\\\/\\\/blogdofarnesio.com.br\\\/?p=303424#respond\"]}]},{\"@type\":\"WebPage\",\"@id\":\"https:\\\/\\\/blogdofarnesio.com.br\\\/?p=303424\",\"url\":\"https:\\\/\\\/blogdofarnesio.com.br\\\/?p=303424\",\"name\":\"Cria de Victor Flores, Ararinha Tita \u00e9 destaque em quadro sobre representatividade na inf\u00e2ncia da CNN Brasil - Blog do Farn\u00e9sio\",\"isPartOf\":{\"@id\":\"https:\\\/\\\/blogdofarnesio.com.br\\\/#website\"},\"primaryImageOfPage\":{\"@id\":\"https:\\\/\\\/blogdofarnesio.com.br\\\/?p=303424#primaryimage\"},\"image\":{\"@id\":\"https:\\\/\\\/blogdofarnesio.com.br\\\/?p=303424#primaryimage\"},\"thumbnailUrl\":\"https:\\\/\\\/blogdofarnesio.com.br\\\/wp-content\\\/uploads\\\/2022\\\/01\\\/Victor-Flores-e-a-Tita-4-e1641069904800.jpeg\",\"datePublished\":\"2022-01-02T18:09:19+00:00\",\"breadcrumb\":{\"@id\":\"https:\\\/\\\/blogdofarnesio.com.br\\\/?p=303424#breadcrumb\"},\"inLanguage\":\"pt-BR\",\"potentialAction\":[{\"@type\":\"ReadAction\",\"target\":[\"https:\\\/\\\/blogdofarnesio.com.br\\\/?p=303424\"]}]},{\"@type\":\"ImageObject\",\"inLanguage\":\"pt-BR\",\"@id\":\"https:\\\/\\\/blogdofarnesio.com.br\\\/?p=303424#primaryimage\",\"url\":\"https:\\\/\\\/blogdofarnesio.com.br\\\/wp-content\\\/uploads\\\/2022\\\/01\\\/Victor-Flores-e-a-Tita-4-e1641069904800.jpeg\",\"contentUrl\":\"https:\\\/\\\/blogdofarnesio.com.br\\\/wp-content\\\/uploads\\\/2022\\\/01\\\/Victor-Flores-e-a-Tita-4-e1641069904800.jpeg\",\"width\":616,\"height\":508},{\"@type\":\"BreadcrumbList\",\"@id\":\"https:\\\/\\\/blogdofarnesio.com.br\\\/?p=303424#breadcrumb\",\"itemListElement\":[{\"@type\":\"ListItem\",\"position\":1,\"name\":\"In\u00edcio\",\"item\":\"https:\\\/\\\/blogdofarnesio.com.br\\\/\"},{\"@type\":\"ListItem\",\"position\":2,\"name\":\"Cria de Victor Flores, Ararinha Tita \u00e9 destaque em quadro sobre representatividade na inf\u00e2ncia da CNN Brasil\"}]},{\"@type\":\"WebSite\",\"@id\":\"https:\\\/\\\/blogdofarnesio.com.br\\\/#website\",\"url\":\"https:\\\/\\\/blogdofarnesio.com.br\\\/\",\"name\":\"Blog do Farn\u00e9sio\",\"description\":\"Quer Saber Pol\u00edtica?\",\"publisher\":{\"@id\":\"https:\\\/\\\/blogdofarnesio.com.br\\\/#organization\"},\"potentialAction\":[{\"@type\":\"SearchAction\",\"target\":{\"@type\":\"EntryPoint\",\"urlTemplate\":\"https:\\\/\\\/blogdofarnesio.com.br\\\/?s={search_term_string}\"},\"query-input\":{\"@type\":\"PropertyValueSpecification\",\"valueRequired\":true,\"valueName\":\"search_term_string\"}}],\"inLanguage\":\"pt-BR\"},{\"@type\":\"Organization\",\"@id\":\"https:\\\/\\\/blogdofarnesio.com.br\\\/#organization\",\"name\":\"Blog do Farn\u00e9sio\",\"url\":\"https:\\\/\\\/blogdofarnesio.com.br\\\/\",\"logo\":{\"@type\":\"ImageObject\",\"inLanguage\":\"pt-BR\",\"@id\":\"https:\\\/\\\/blogdofarnesio.com.br\\\/#\\\/schema\\\/logo\\\/image\\\/\",\"url\":\"https:\\\/\\\/blogdofarnesio.com.br\\\/wp-content\\\/uploads\\\/2026\\\/03\\\/cropped-logo_new-1.png\",\"contentUrl\":\"https:\\\/\\\/blogdofarnesio.com.br\\\/wp-content\\\/uploads\\\/2026\\\/03\\\/cropped-logo_new-1.png\",\"width\":881,\"height\":685,\"caption\":\"Blog do Farn\u00e9sio\"},\"image\":{\"@id\":\"https:\\\/\\\/blogdofarnesio.com.br\\\/#\\\/schema\\\/logo\\\/image\\\/\"},\"sameAs\":[\"https:\\\/\\\/www.facebook.com\\\/BlogQuerSaberPolitica\\\/\"]},{\"@type\":\"Person\",\"@id\":\"https:\\\/\\\/blogdofarnesio.com.br\\\/#\\\/schema\\\/person\\\/bb9b23ae3ad0609ce8df7b6c9e76824d\",\"name\":\"Farn\u00e9sio\",\"image\":{\"@type\":\"ImageObject\",\"inLanguage\":\"pt-BR\",\"@id\":\"https:\\\/\\\/secure.gravatar.com\\\/avatar\\\/986aa4c61ccdb66f8555bf88fc2a65609d00bcabd4d2d94377a727547345cbca?s=96&d=mm&r=g\",\"url\":\"https:\\\/\\\/secure.gravatar.com\\\/avatar\\\/986aa4c61ccdb66f8555bf88fc2a65609d00bcabd4d2d94377a727547345cbca?s=96&d=mm&r=g\",\"contentUrl\":\"https:\\\/\\\/secure.gravatar.com\\\/avatar\\\/986aa4c61ccdb66f8555bf88fc2a65609d00bcabd4d2d94377a727547345cbca?s=96&d=mm&r=g\",\"caption\":\"Farn\u00e9sio\"},\"description\":\"Radialista blogueiro, chegou a Petrolina\\\/Juazeiro em setembro de 1980, Farn\u00e9sio Silva \u00e9 de Arapiraca-Alagoas.\",\"sameAs\":[\"http:\\\/\\\/blogdofarnesio.com.br\",\"https:\\\/\\\/www.facebook.com\\\/?ref=tn_tnmn\",\"https:\\\/\\\/www.instagram.com\\\/?utm_source=pwa_homescreen\",\"https:\\\/\\\/youtube.com.br\\\/\"],\"url\":\"https:\\\/\\\/blogdofarnesio.com.br\\\/?author=2\"}]}<\/script>\n<!-- \/ Yoast SEO plugin. -->","yoast_head_json":{"title":"Cria de Victor Flores, Ararinha Tita \u00e9 destaque em quadro sobre representatividade na inf\u00e2ncia da CNN Brasil - Blog do Farn\u00e9sio","robots":{"index":"index","follow":"follow","max-snippet":"max-snippet:-1","max-image-preview":"max-image-preview:large","max-video-preview":"max-video-preview:-1"},"canonical":"https:\/\/blogdofarnesio.com.br\/?p=303424","og_locale":"pt_BR","og_type":"article","og_title":"Cria de Victor Flores, Ararinha Tita \u00e9 destaque em quadro sobre representatividade na inf\u00e2ncia da CNN Brasil - Blog do Farn\u00e9sio","og_description":"Tita e o Mist\u00e9rio do Velho Chico apareceu entre indica\u00e7\u00f5es do professor, cineasta e fil\u00f3sofo Rodrigo Fran\u00e7a. A Ararinha mais simp\u00e1tica do Vale do S\u00e3o Francisco bateu asas mais uma vez e fez um lindo voo em rede nacional. Tita e o Mist\u00e9rio do Velho Chico foi destaque na CNN Brasil nesta quarta-feira (29). O livro infantil do ambientalista Victor Flores apareceu entre as indica\u00e7\u00f5es do professor, cineasta e fil\u00f3sofo Rodrigo Fran\u00e7a no quadro \u201cCNN no Plural\u201d, que debateu a representatividade na inf\u00e2ncia e foi destaque nas redes sociais, no site e na r\u00e1dio do grupo CNN Brasil. Perguntado sobre qual \u00e9 a import\u00e2ncia da representatividade na inf\u00e2ncia, Rodrigo Fran\u00e7a afirmou que n\u00e3o h\u00e1 um \u00fanico padr\u00e3o de beleza e&hellip;","og_url":"https:\/\/blogdofarnesio.com.br\/?p=303424","og_site_name":"Blog do Farn\u00e9sio","article_publisher":"https:\/\/www.facebook.com\/BlogQuerSaberPolitica\/","article_author":"https:\/\/www.facebook.com\/?ref=tn_tnmn","article_published_time":"2022-01-02T18:09:19+00:00","og_image":[{"width":616,"height":508,"url":"https:\/\/blogdofarnesio.com.br\/wp-content\/uploads\/2022\/01\/Victor-Flores-e-a-Tita-4-e1641069904800.jpeg","type":"image\/jpeg"}],"author":"Farn\u00e9sio","twitter_card":"summary_large_image","twitter_misc":{"Escrito por":"Farn\u00e9sio","Est. tempo de leitura":"2 minutos"},"schema":{"@context":"https:\/\/schema.org","@graph":[{"@type":"Article","@id":"https:\/\/blogdofarnesio.com.br\/?p=303424#article","isPartOf":{"@id":"https:\/\/blogdofarnesio.com.br\/?p=303424"},"author":{"name":"Farn\u00e9sio","@id":"https:\/\/blogdofarnesio.com.br\/#\/schema\/person\/bb9b23ae3ad0609ce8df7b6c9e76824d"},"headline":"Cria de Victor Flores, Ararinha Tita \u00e9 destaque em quadro sobre representatividade na inf\u00e2ncia da CNN Brasil","datePublished":"2022-01-02T18:09:19+00:00","mainEntityOfPage":{"@id":"https:\/\/blogdofarnesio.com.br\/?p=303424"},"wordCount":498,"commentCount":0,"publisher":{"@id":"https:\/\/blogdofarnesio.com.br\/#organization"},"image":{"@id":"https:\/\/blogdofarnesio.com.br\/?p=303424#primaryimage"},"thumbnailUrl":"https:\/\/blogdofarnesio.com.br\/wp-content\/uploads\/2022\/01\/Victor-Flores-e-a-Tita-4-e1641069904800.jpeg","articleSection":["Cultura"],"inLanguage":"pt-BR","potentialAction":[{"@type":"CommentAction","name":"Comment","target":["https:\/\/blogdofarnesio.com.br\/?p=303424#respond"]}]},{"@type":"WebPage","@id":"https:\/\/blogdofarnesio.com.br\/?p=303424","url":"https:\/\/blogdofarnesio.com.br\/?p=303424","name":"Cria de Victor Flores, Ararinha Tita \u00e9 destaque em quadro sobre representatividade na inf\u00e2ncia da CNN Brasil - Blog do Farn\u00e9sio","isPartOf":{"@id":"https:\/\/blogdofarnesio.com.br\/#website"},"primaryImageOfPage":{"@id":"https:\/\/blogdofarnesio.com.br\/?p=303424#primaryimage"},"image":{"@id":"https:\/\/blogdofarnesio.com.br\/?p=303424#primaryimage"},"thumbnailUrl":"https:\/\/blogdofarnesio.com.br\/wp-content\/uploads\/2022\/01\/Victor-Flores-e-a-Tita-4-e1641069904800.jpeg","datePublished":"2022-01-02T18:09:19+00:00","breadcrumb":{"@id":"https:\/\/blogdofarnesio.com.br\/?p=303424#breadcrumb"},"inLanguage":"pt-BR","potentialAction":[{"@type":"ReadAction","target":["https:\/\/blogdofarnesio.com.br\/?p=303424"]}]},{"@type":"ImageObject","inLanguage":"pt-BR","@id":"https:\/\/blogdofarnesio.com.br\/?p=303424#primaryimage","url":"https:\/\/blogdofarnesio.com.br\/wp-content\/uploads\/2022\/01\/Victor-Flores-e-a-Tita-4-e1641069904800.jpeg","contentUrl":"https:\/\/blogdofarnesio.com.br\/wp-content\/uploads\/2022\/01\/Victor-Flores-e-a-Tita-4-e1641069904800.jpeg","width":616,"height":508},{"@type":"BreadcrumbList","@id":"https:\/\/blogdofarnesio.com.br\/?p=303424#breadcrumb","itemListElement":[{"@type":"ListItem","position":1,"name":"In\u00edcio","item":"https:\/\/blogdofarnesio.com.br\/"},{"@type":"ListItem","position":2,"name":"Cria de Victor Flores, Ararinha Tita \u00e9 destaque em quadro sobre representatividade na inf\u00e2ncia da CNN Brasil"}]},{"@type":"WebSite","@id":"https:\/\/blogdofarnesio.com.br\/#website","url":"https:\/\/blogdofarnesio.com.br\/","name":"Blog do Farn\u00e9sio","description":"Quer Saber Pol\u00edtica?","publisher":{"@id":"https:\/\/blogdofarnesio.com.br\/#organization"},"potentialAction":[{"@type":"SearchAction","target":{"@type":"EntryPoint","urlTemplate":"https:\/\/blogdofarnesio.com.br\/?s={search_term_string}"},"query-input":{"@type":"PropertyValueSpecification","valueRequired":true,"valueName":"search_term_string"}}],"inLanguage":"pt-BR"},{"@type":"Organization","@id":"https:\/\/blogdofarnesio.com.br\/#organization","name":"Blog do Farn\u00e9sio","url":"https:\/\/blogdofarnesio.com.br\/","logo":{"@type":"ImageObject","inLanguage":"pt-BR","@id":"https:\/\/blogdofarnesio.com.br\/#\/schema\/logo\/image\/","url":"https:\/\/blogdofarnesio.com.br\/wp-content\/uploads\/2026\/03\/cropped-logo_new-1.png","contentUrl":"https:\/\/blogdofarnesio.com.br\/wp-content\/uploads\/2026\/03\/cropped-logo_new-1.png","width":881,"height":685,"caption":"Blog do Farn\u00e9sio"},"image":{"@id":"https:\/\/blogdofarnesio.com.br\/#\/schema\/logo\/image\/"},"sameAs":["https:\/\/www.facebook.com\/BlogQuerSaberPolitica\/"]},{"@type":"Person","@id":"https:\/\/blogdofarnesio.com.br\/#\/schema\/person\/bb9b23ae3ad0609ce8df7b6c9e76824d","name":"Farn\u00e9sio","image":{"@type":"ImageObject","inLanguage":"pt-BR","@id":"https:\/\/secure.gravatar.com\/avatar\/986aa4c61ccdb66f8555bf88fc2a65609d00bcabd4d2d94377a727547345cbca?s=96&d=mm&r=g","url":"https:\/\/secure.gravatar.com\/avatar\/986aa4c61ccdb66f8555bf88fc2a65609d00bcabd4d2d94377a727547345cbca?s=96&d=mm&r=g","contentUrl":"https:\/\/secure.gravatar.com\/avatar\/986aa4c61ccdb66f8555bf88fc2a65609d00bcabd4d2d94377a727547345cbca?s=96&d=mm&r=g","caption":"Farn\u00e9sio"},"description":"Radialista blogueiro, chegou a Petrolina\/Juazeiro em setembro de 1980, Farn\u00e9sio Silva \u00e9 de Arapiraca-Alagoas.","sameAs":["http:\/\/blogdofarnesio.com.br","https:\/\/www.facebook.com\/?ref=tn_tnmn","https:\/\/www.instagram.com\/?utm_source=pwa_homescreen","https:\/\/youtube.com.br\/"],"url":"https:\/\/blogdofarnesio.com.br\/?author=2"}]}},"_links":{"self":[{"href":"https:\/\/blogdofarnesio.com.br\/index.php?rest_route=\/wp\/v2\/posts\/303424","targetHints":{"allow":["GET"]}}],"collection":[{"href":"https:\/\/blogdofarnesio.com.br\/index.php?rest_route=\/wp\/v2\/posts"}],"about":[{"href":"https:\/\/blogdofarnesio.com.br\/index.php?rest_route=\/wp\/v2\/types\/post"}],"author":[{"embeddable":true,"href":"https:\/\/blogdofarnesio.com.br\/index.php?rest_route=\/wp\/v2\/users\/2"}],"replies":[{"embeddable":true,"href":"https:\/\/blogdofarnesio.com.br\/index.php?rest_route=%2Fwp%2Fv2%2Fcomments&post=303424"}],"version-history":[{"count":0,"href":"https:\/\/blogdofarnesio.com.br\/index.php?rest_route=\/wp\/v2\/posts\/303424\/revisions"}],"wp:featuredmedia":[{"embeddable":true,"href":"https:\/\/blogdofarnesio.com.br\/index.php?rest_route=\/wp\/v2\/media\/303425"}],"wp:attachment":[{"href":"https:\/\/blogdofarnesio.com.br\/index.php?rest_route=%2Fwp%2Fv2%2Fmedia&parent=303424"}],"wp:term":[{"taxonomy":"category","embeddable":true,"href":"https:\/\/blogdofarnesio.com.br\/index.php?rest_route=%2Fwp%2Fv2%2Fcategories&post=303424"},{"taxonomy":"post_tag","embeddable":true,"href":"https:\/\/blogdofarnesio.com.br\/index.php?rest_route=%2Fwp%2Fv2%2Ftags&post=303424"}],"curies":[{"name":"wp","href":"https:\/\/api.w.org\/{rel}","templated":true}]}}