{"id":303305,"date":"2021-12-29T09:01:52","date_gmt":"2021-12-29T12:01:52","guid":{"rendered":"https:\/\/blogdofarnesio.com.br\/?p=303305"},"modified":"2021-12-28T19:54:16","modified_gmt":"2021-12-28T22:54:16","slug":"ubs-dom-jose-rodrigues-passa-a-funcionar-em-escola-para-reforma","status":"publish","type":"post","link":"https:\/\/blogdofarnesio.com.br\/?p=303305","title":{"rendered":"UBS Dom Jos\u00e9 Rodrigues passa a funcionar em escola para reforma"},"content":{"rendered":"<p style=\"font-weight: 400;\">Os atendimentos da Unidade B\u00e1sica de Sa\u00fade (UBS) do bairro Dom Jos\u00e9 Rodrigues est\u00e3o sendo realizados na Escola Municipal Tancredo Neves, que fica pr\u00f3xima \u00e0 unidade. Este remanejamento \u00e9 necess\u00e1rio para que a unidade passe por uma reforma. A previs\u00e3o \u00e9 que o servi\u00e7o seja conclu\u00eddo em cerca de 30 dias.<\/p>\n<p style=\"font-weight: 400;\">\u201cA unidade apresentava v\u00e1rios problemas na sua estrutura f\u00edsica. O pr\u00e9dio passar\u00e1 por reparo na laje que est\u00e1 bastante danificada e com infiltra\u00e7\u00f5es. As paredes tamb\u00e9m ser\u00e3o revitalizadas\u201d, explicou o diretor de Transportes, Servi\u00e7os e Bens, Luiz Fernando Lima.<\/p>\n<p style=\"font-weight: 400;\">Est\u00e3o sendo realizados atendimentos com m\u00e9dico e enfermeiro, agendados e por demanda espont\u00e2nea. Os procedimentos e a vacina\u00e7\u00e3o foram suspensos. O hor\u00e1rio segue o funcionamento da unidade, das 7h30 \u00e0s 12h e das 13h30 \u00e0s 17h.<\/p>\n<p style=\"font-weight: 400;\">\n<p style=\"font-weight: 400;\">Texto: Amanda Franco \u2013 Ascom Sesau PMJ<\/p>\n","protected":false},"excerpt":{"rendered":"<p>Os atendimentos da Unidade B\u00e1sica de Sa\u00fade (UBS) do bairro Dom Jos\u00e9 Rodrigues est\u00e3o sendo realizados na Escola Municipal Tancredo Neves, que fica pr\u00f3xima \u00e0 unidade. Este remanejamento \u00e9 necess\u00e1rio para que a unidade passe por uma reforma. A previs\u00e3o \u00e9 que o servi\u00e7o seja conclu\u00eddo em cerca de 30 dias. \u201cA unidade apresentava v\u00e1rios problemas na sua estrutura f\u00edsica. O pr\u00e9dio passar\u00e1 por reparo na laje que est\u00e1 bastante danificada e com infiltra\u00e7\u00f5es. As paredes tamb\u00e9m ser\u00e3o revitalizadas\u201d, explicou o diretor de Transportes, Servi\u00e7os e Bens, Luiz Fernando Lima. Est\u00e3o sendo realizados atendimentos com m\u00e9dico e enfermeiro, agendados e por demanda espont\u00e2nea. Os procedimentos e a vacina\u00e7\u00e3o foram suspensos. O hor\u00e1rio segue o funcionamento da unidade, das 7h30 \u00e0s&hellip; <\/p>\n","protected":false},"author":2,"featured_media":303306,"comment_status":"open","ping_status":"open","sticky":false,"template":"","format":"standard","meta":{"_acf_changed":false,"footnotes":""},"categories":[44],"tags":[],"class_list":["post-303305","post","type-post","status-publish","format-standard","has-post-thumbnail","hentry","category-administracao"],"acf":[],"yoast_head":"<!-- This site is optimized with the Yoast SEO plugin v27.4 - https:\/\/yoast.com\/product\/yoast-seo-wordpress\/ -->\n<title>UBS Dom Jos\u00e9 Rodrigues passa a funcionar em escola para reforma - Blog do Farn\u00e9sio<\/title>\n<meta name=\"robots\" content=\"index, follow, max-snippet:-1, max-image-preview:large, max-video-preview:-1\" \/>\n<link rel=\"canonical\" href=\"https:\/\/blogdofarnesio.com.br\/?p=303305\" \/>\n<meta property=\"og:locale\" content=\"pt_BR\" \/>\n<meta property=\"og:type\" content=\"article\" \/>\n<meta property=\"og:title\" content=\"UBS Dom Jos\u00e9 Rodrigues passa a funcionar em escola para reforma - Blog do Farn\u00e9sio\" \/>\n<meta property=\"og:description\" content=\"Os atendimentos da Unidade B\u00e1sica de Sa\u00fade (UBS) do bairro Dom Jos\u00e9 Rodrigues est\u00e3o sendo realizados na Escola Municipal Tancredo Neves, que fica pr\u00f3xima \u00e0 unidade. Este remanejamento \u00e9 necess\u00e1rio para que a unidade passe por uma reforma. A previs\u00e3o \u00e9 que o servi\u00e7o seja conclu\u00eddo em cerca de 30 dias. \u201cA unidade apresentava v\u00e1rios problemas na sua estrutura f\u00edsica. O pr\u00e9dio passar\u00e1 por reparo na laje que est\u00e1 bastante danificada e com infiltra\u00e7\u00f5es. As paredes tamb\u00e9m ser\u00e3o revitalizadas\u201d, explicou o diretor de Transportes, Servi\u00e7os e Bens, Luiz Fernando Lima. Est\u00e3o sendo realizados atendimentos com m\u00e9dico e enfermeiro, agendados e por demanda espont\u00e2nea. Os procedimentos e a vacina\u00e7\u00e3o foram suspensos. O hor\u00e1rio segue o funcionamento da unidade, das 7h30 \u00e0s&hellip;\" \/>\n<meta property=\"og:url\" content=\"https:\/\/blogdofarnesio.com.br\/?p=303305\" \/>\n<meta property=\"og:site_name\" content=\"Blog do Farn\u00e9sio\" \/>\n<meta property=\"article:publisher\" content=\"https:\/\/www.facebook.com\/BlogQuerSaberPolitica\/\" \/>\n<meta property=\"article:author\" content=\"https:\/\/www.facebook.com\/?ref=tn_tnmn\" \/>\n<meta property=\"article:published_time\" content=\"2021-12-29T12:01:52+00:00\" \/>\n<meta property=\"og:image\" content=\"https:\/\/blogdofarnesio.com.br\/wp-content\/uploads\/2021\/12\/UBS-Dom-Jose-Rodrigues-e1640732035421.jpeg\" \/>\n\t<meta property=\"og:image:width\" content=\"680\" \/>\n\t<meta property=\"og:image:height\" content=\"411\" \/>\n\t<meta property=\"og:image:type\" content=\"image\/jpeg\" \/>\n<meta name=\"author\" content=\"Farn\u00e9sio\" \/>\n<meta name=\"twitter:card\" content=\"summary_large_image\" \/>\n<meta name=\"twitter:label1\" content=\"Escrito por\" \/>\n\t<meta name=\"twitter:data1\" content=\"Farn\u00e9sio\" \/>\n\t<meta name=\"twitter:label2\" content=\"Est. tempo de leitura\" \/>\n\t<meta name=\"twitter:data2\" content=\"1 minuto\" \/>\n<script type=\"application\/ld+json\" class=\"yoast-schema-graph\">{\"@context\":\"https:\\\/\\\/schema.org\",\"@graph\":[{\"@type\":\"Article\",\"@id\":\"https:\\\/\\\/blogdofarnesio.com.br\\\/?p=303305#article\",\"isPartOf\":{\"@id\":\"https:\\\/\\\/blogdofarnesio.com.br\\\/?p=303305\"},\"author\":{\"name\":\"Farn\u00e9sio\",\"@id\":\"https:\\\/\\\/blogdofarnesio.com.br\\\/#\\\/schema\\\/person\\\/bb9b23ae3ad0609ce8df7b6c9e76824d\"},\"headline\":\"UBS Dom Jos\u00e9 Rodrigues passa a funcionar em escola para reforma\",\"datePublished\":\"2021-12-29T12:01:52+00:00\",\"mainEntityOfPage\":{\"@id\":\"https:\\\/\\\/blogdofarnesio.com.br\\\/?p=303305\"},\"wordCount\":159,\"commentCount\":0,\"publisher\":{\"@id\":\"https:\\\/\\\/blogdofarnesio.com.br\\\/#organization\"},\"image\":{\"@id\":\"https:\\\/\\\/blogdofarnesio.com.br\\\/?p=303305#primaryimage\"},\"thumbnailUrl\":\"https:\\\/\\\/blogdofarnesio.com.br\\\/wp-content\\\/uploads\\\/2021\\\/12\\\/UBS-Dom-Jose-Rodrigues-e1640732035421.jpeg\",\"articleSection\":[\"Administra\u00e7\u00e3o\"],\"inLanguage\":\"pt-BR\",\"potentialAction\":[{\"@type\":\"CommentAction\",\"name\":\"Comment\",\"target\":[\"https:\\\/\\\/blogdofarnesio.com.br\\\/?p=303305#respond\"]}]},{\"@type\":\"WebPage\",\"@id\":\"https:\\\/\\\/blogdofarnesio.com.br\\\/?p=303305\",\"url\":\"https:\\\/\\\/blogdofarnesio.com.br\\\/?p=303305\",\"name\":\"UBS Dom Jos\u00e9 Rodrigues passa a funcionar em escola para reforma - Blog do Farn\u00e9sio\",\"isPartOf\":{\"@id\":\"https:\\\/\\\/blogdofarnesio.com.br\\\/#website\"},\"primaryImageOfPage\":{\"@id\":\"https:\\\/\\\/blogdofarnesio.com.br\\\/?p=303305#primaryimage\"},\"image\":{\"@id\":\"https:\\\/\\\/blogdofarnesio.com.br\\\/?p=303305#primaryimage\"},\"thumbnailUrl\":\"https:\\\/\\\/blogdofarnesio.com.br\\\/wp-content\\\/uploads\\\/2021\\\/12\\\/UBS-Dom-Jose-Rodrigues-e1640732035421.jpeg\",\"datePublished\":\"2021-12-29T12:01:52+00:00\",\"breadcrumb\":{\"@id\":\"https:\\\/\\\/blogdofarnesio.com.br\\\/?p=303305#breadcrumb\"},\"inLanguage\":\"pt-BR\",\"potentialAction\":[{\"@type\":\"ReadAction\",\"target\":[\"https:\\\/\\\/blogdofarnesio.com.br\\\/?p=303305\"]}]},{\"@type\":\"ImageObject\",\"inLanguage\":\"pt-BR\",\"@id\":\"https:\\\/\\\/blogdofarnesio.com.br\\\/?p=303305#primaryimage\",\"url\":\"https:\\\/\\\/blogdofarnesio.com.br\\\/wp-content\\\/uploads\\\/2021\\\/12\\\/UBS-Dom-Jose-Rodrigues-e1640732035421.jpeg\",\"contentUrl\":\"https:\\\/\\\/blogdofarnesio.com.br\\\/wp-content\\\/uploads\\\/2021\\\/12\\\/UBS-Dom-Jose-Rodrigues-e1640732035421.jpeg\",\"width\":680,\"height\":411},{\"@type\":\"BreadcrumbList\",\"@id\":\"https:\\\/\\\/blogdofarnesio.com.br\\\/?p=303305#breadcrumb\",\"itemListElement\":[{\"@type\":\"ListItem\",\"position\":1,\"name\":\"In\u00edcio\",\"item\":\"https:\\\/\\\/blogdofarnesio.com.br\\\/\"},{\"@type\":\"ListItem\",\"position\":2,\"name\":\"UBS Dom Jos\u00e9 Rodrigues passa a funcionar em escola para reforma\"}]},{\"@type\":\"WebSite\",\"@id\":\"https:\\\/\\\/blogdofarnesio.com.br\\\/#website\",\"url\":\"https:\\\/\\\/blogdofarnesio.com.br\\\/\",\"name\":\"Blog do Farn\u00e9sio\",\"description\":\"Quer Saber Pol\u00edtica?\",\"publisher\":{\"@id\":\"https:\\\/\\\/blogdofarnesio.com.br\\\/#organization\"},\"potentialAction\":[{\"@type\":\"SearchAction\",\"target\":{\"@type\":\"EntryPoint\",\"urlTemplate\":\"https:\\\/\\\/blogdofarnesio.com.br\\\/?s={search_term_string}\"},\"query-input\":{\"@type\":\"PropertyValueSpecification\",\"valueRequired\":true,\"valueName\":\"search_term_string\"}}],\"inLanguage\":\"pt-BR\"},{\"@type\":\"Organization\",\"@id\":\"https:\\\/\\\/blogdofarnesio.com.br\\\/#organization\",\"name\":\"Blog do Farn\u00e9sio\",\"url\":\"https:\\\/\\\/blogdofarnesio.com.br\\\/\",\"logo\":{\"@type\":\"ImageObject\",\"inLanguage\":\"pt-BR\",\"@id\":\"https:\\\/\\\/blogdofarnesio.com.br\\\/#\\\/schema\\\/logo\\\/image\\\/\",\"url\":\"https:\\\/\\\/blogdofarnesio.com.br\\\/wp-content\\\/uploads\\\/2026\\\/03\\\/cropped-logo_new-1.png\",\"contentUrl\":\"https:\\\/\\\/blogdofarnesio.com.br\\\/wp-content\\\/uploads\\\/2026\\\/03\\\/cropped-logo_new-1.png\",\"width\":881,\"height\":685,\"caption\":\"Blog do Farn\u00e9sio\"},\"image\":{\"@id\":\"https:\\\/\\\/blogdofarnesio.com.br\\\/#\\\/schema\\\/logo\\\/image\\\/\"},\"sameAs\":[\"https:\\\/\\\/www.facebook.com\\\/BlogQuerSaberPolitica\\\/\"]},{\"@type\":\"Person\",\"@id\":\"https:\\\/\\\/blogdofarnesio.com.br\\\/#\\\/schema\\\/person\\\/bb9b23ae3ad0609ce8df7b6c9e76824d\",\"name\":\"Farn\u00e9sio\",\"image\":{\"@type\":\"ImageObject\",\"inLanguage\":\"pt-BR\",\"@id\":\"https:\\\/\\\/secure.gravatar.com\\\/avatar\\\/986aa4c61ccdb66f8555bf88fc2a65609d00bcabd4d2d94377a727547345cbca?s=96&d=mm&r=g\",\"url\":\"https:\\\/\\\/secure.gravatar.com\\\/avatar\\\/986aa4c61ccdb66f8555bf88fc2a65609d00bcabd4d2d94377a727547345cbca?s=96&d=mm&r=g\",\"contentUrl\":\"https:\\\/\\\/secure.gravatar.com\\\/avatar\\\/986aa4c61ccdb66f8555bf88fc2a65609d00bcabd4d2d94377a727547345cbca?s=96&d=mm&r=g\",\"caption\":\"Farn\u00e9sio\"},\"description\":\"Radialista blogueiro, chegou a Petrolina\\\/Juazeiro em setembro de 1980, Farn\u00e9sio Silva \u00e9 de Arapiraca-Alagoas.\",\"sameAs\":[\"http:\\\/\\\/blogdofarnesio.com.br\",\"https:\\\/\\\/www.facebook.com\\\/?ref=tn_tnmn\",\"https:\\\/\\\/www.instagram.com\\\/?utm_source=pwa_homescreen\",\"https:\\\/\\\/youtube.com.br\\\/\"],\"url\":\"https:\\\/\\\/blogdofarnesio.com.br\\\/?author=2\"}]}<\/script>\n<!-- \/ Yoast SEO plugin. -->","yoast_head_json":{"title":"UBS Dom Jos\u00e9 Rodrigues passa a funcionar em escola para reforma - Blog do Farn\u00e9sio","robots":{"index":"index","follow":"follow","max-snippet":"max-snippet:-1","max-image-preview":"max-image-preview:large","max-video-preview":"max-video-preview:-1"},"canonical":"https:\/\/blogdofarnesio.com.br\/?p=303305","og_locale":"pt_BR","og_type":"article","og_title":"UBS Dom Jos\u00e9 Rodrigues passa a funcionar em escola para reforma - Blog do Farn\u00e9sio","og_description":"Os atendimentos da Unidade B\u00e1sica de Sa\u00fade (UBS) do bairro Dom Jos\u00e9 Rodrigues est\u00e3o sendo realizados na Escola Municipal Tancredo Neves, que fica pr\u00f3xima \u00e0 unidade. Este remanejamento \u00e9 necess\u00e1rio para que a unidade passe por uma reforma. A previs\u00e3o \u00e9 que o servi\u00e7o seja conclu\u00eddo em cerca de 30 dias. \u201cA unidade apresentava v\u00e1rios problemas na sua estrutura f\u00edsica. O pr\u00e9dio passar\u00e1 por reparo na laje que est\u00e1 bastante danificada e com infiltra\u00e7\u00f5es. As paredes tamb\u00e9m ser\u00e3o revitalizadas\u201d, explicou o diretor de Transportes, Servi\u00e7os e Bens, Luiz Fernando Lima. Est\u00e3o sendo realizados atendimentos com m\u00e9dico e enfermeiro, agendados e por demanda espont\u00e2nea. Os procedimentos e a vacina\u00e7\u00e3o foram suspensos. O hor\u00e1rio segue o funcionamento da unidade, das 7h30 \u00e0s&hellip;","og_url":"https:\/\/blogdofarnesio.com.br\/?p=303305","og_site_name":"Blog do Farn\u00e9sio","article_publisher":"https:\/\/www.facebook.com\/BlogQuerSaberPolitica\/","article_author":"https:\/\/www.facebook.com\/?ref=tn_tnmn","article_published_time":"2021-12-29T12:01:52+00:00","og_image":[{"width":680,"height":411,"url":"https:\/\/blogdofarnesio.com.br\/wp-content\/uploads\/2021\/12\/UBS-Dom-Jose-Rodrigues-e1640732035421.jpeg","type":"image\/jpeg"}],"author":"Farn\u00e9sio","twitter_card":"summary_large_image","twitter_misc":{"Escrito por":"Farn\u00e9sio","Est. tempo de leitura":"1 minuto"},"schema":{"@context":"https:\/\/schema.org","@graph":[{"@type":"Article","@id":"https:\/\/blogdofarnesio.com.br\/?p=303305#article","isPartOf":{"@id":"https:\/\/blogdofarnesio.com.br\/?p=303305"},"author":{"name":"Farn\u00e9sio","@id":"https:\/\/blogdofarnesio.com.br\/#\/schema\/person\/bb9b23ae3ad0609ce8df7b6c9e76824d"},"headline":"UBS Dom Jos\u00e9 Rodrigues passa a funcionar em escola para reforma","datePublished":"2021-12-29T12:01:52+00:00","mainEntityOfPage":{"@id":"https:\/\/blogdofarnesio.com.br\/?p=303305"},"wordCount":159,"commentCount":0,"publisher":{"@id":"https:\/\/blogdofarnesio.com.br\/#organization"},"image":{"@id":"https:\/\/blogdofarnesio.com.br\/?p=303305#primaryimage"},"thumbnailUrl":"https:\/\/blogdofarnesio.com.br\/wp-content\/uploads\/2021\/12\/UBS-Dom-Jose-Rodrigues-e1640732035421.jpeg","articleSection":["Administra\u00e7\u00e3o"],"inLanguage":"pt-BR","potentialAction":[{"@type":"CommentAction","name":"Comment","target":["https:\/\/blogdofarnesio.com.br\/?p=303305#respond"]}]},{"@type":"WebPage","@id":"https:\/\/blogdofarnesio.com.br\/?p=303305","url":"https:\/\/blogdofarnesio.com.br\/?p=303305","name":"UBS Dom Jos\u00e9 Rodrigues passa a funcionar em escola para reforma - Blog do Farn\u00e9sio","isPartOf":{"@id":"https:\/\/blogdofarnesio.com.br\/#website"},"primaryImageOfPage":{"@id":"https:\/\/blogdofarnesio.com.br\/?p=303305#primaryimage"},"image":{"@id":"https:\/\/blogdofarnesio.com.br\/?p=303305#primaryimage"},"thumbnailUrl":"https:\/\/blogdofarnesio.com.br\/wp-content\/uploads\/2021\/12\/UBS-Dom-Jose-Rodrigues-e1640732035421.jpeg","datePublished":"2021-12-29T12:01:52+00:00","breadcrumb":{"@id":"https:\/\/blogdofarnesio.com.br\/?p=303305#breadcrumb"},"inLanguage":"pt-BR","potentialAction":[{"@type":"ReadAction","target":["https:\/\/blogdofarnesio.com.br\/?p=303305"]}]},{"@type":"ImageObject","inLanguage":"pt-BR","@id":"https:\/\/blogdofarnesio.com.br\/?p=303305#primaryimage","url":"https:\/\/blogdofarnesio.com.br\/wp-content\/uploads\/2021\/12\/UBS-Dom-Jose-Rodrigues-e1640732035421.jpeg","contentUrl":"https:\/\/blogdofarnesio.com.br\/wp-content\/uploads\/2021\/12\/UBS-Dom-Jose-Rodrigues-e1640732035421.jpeg","width":680,"height":411},{"@type":"BreadcrumbList","@id":"https:\/\/blogdofarnesio.com.br\/?p=303305#breadcrumb","itemListElement":[{"@type":"ListItem","position":1,"name":"In\u00edcio","item":"https:\/\/blogdofarnesio.com.br\/"},{"@type":"ListItem","position":2,"name":"UBS Dom Jos\u00e9 Rodrigues passa a funcionar em escola para reforma"}]},{"@type":"WebSite","@id":"https:\/\/blogdofarnesio.com.br\/#website","url":"https:\/\/blogdofarnesio.com.br\/","name":"Blog do Farn\u00e9sio","description":"Quer Saber Pol\u00edtica?","publisher":{"@id":"https:\/\/blogdofarnesio.com.br\/#organization"},"potentialAction":[{"@type":"SearchAction","target":{"@type":"EntryPoint","urlTemplate":"https:\/\/blogdofarnesio.com.br\/?s={search_term_string}"},"query-input":{"@type":"PropertyValueSpecification","valueRequired":true,"valueName":"search_term_string"}}],"inLanguage":"pt-BR"},{"@type":"Organization","@id":"https:\/\/blogdofarnesio.com.br\/#organization","name":"Blog do Farn\u00e9sio","url":"https:\/\/blogdofarnesio.com.br\/","logo":{"@type":"ImageObject","inLanguage":"pt-BR","@id":"https:\/\/blogdofarnesio.com.br\/#\/schema\/logo\/image\/","url":"https:\/\/blogdofarnesio.com.br\/wp-content\/uploads\/2026\/03\/cropped-logo_new-1.png","contentUrl":"https:\/\/blogdofarnesio.com.br\/wp-content\/uploads\/2026\/03\/cropped-logo_new-1.png","width":881,"height":685,"caption":"Blog do Farn\u00e9sio"},"image":{"@id":"https:\/\/blogdofarnesio.com.br\/#\/schema\/logo\/image\/"},"sameAs":["https:\/\/www.facebook.com\/BlogQuerSaberPolitica\/"]},{"@type":"Person","@id":"https:\/\/blogdofarnesio.com.br\/#\/schema\/person\/bb9b23ae3ad0609ce8df7b6c9e76824d","name":"Farn\u00e9sio","image":{"@type":"ImageObject","inLanguage":"pt-BR","@id":"https:\/\/secure.gravatar.com\/avatar\/986aa4c61ccdb66f8555bf88fc2a65609d00bcabd4d2d94377a727547345cbca?s=96&d=mm&r=g","url":"https:\/\/secure.gravatar.com\/avatar\/986aa4c61ccdb66f8555bf88fc2a65609d00bcabd4d2d94377a727547345cbca?s=96&d=mm&r=g","contentUrl":"https:\/\/secure.gravatar.com\/avatar\/986aa4c61ccdb66f8555bf88fc2a65609d00bcabd4d2d94377a727547345cbca?s=96&d=mm&r=g","caption":"Farn\u00e9sio"},"description":"Radialista blogueiro, chegou a Petrolina\/Juazeiro em setembro de 1980, Farn\u00e9sio Silva \u00e9 de Arapiraca-Alagoas.","sameAs":["http:\/\/blogdofarnesio.com.br","https:\/\/www.facebook.com\/?ref=tn_tnmn","https:\/\/www.instagram.com\/?utm_source=pwa_homescreen","https:\/\/youtube.com.br\/"],"url":"https:\/\/blogdofarnesio.com.br\/?author=2"}]}},"_links":{"self":[{"href":"https:\/\/blogdofarnesio.com.br\/index.php?rest_route=\/wp\/v2\/posts\/303305","targetHints":{"allow":["GET"]}}],"collection":[{"href":"https:\/\/blogdofarnesio.com.br\/index.php?rest_route=\/wp\/v2\/posts"}],"about":[{"href":"https:\/\/blogdofarnesio.com.br\/index.php?rest_route=\/wp\/v2\/types\/post"}],"author":[{"embeddable":true,"href":"https:\/\/blogdofarnesio.com.br\/index.php?rest_route=\/wp\/v2\/users\/2"}],"replies":[{"embeddable":true,"href":"https:\/\/blogdofarnesio.com.br\/index.php?rest_route=%2Fwp%2Fv2%2Fcomments&post=303305"}],"version-history":[{"count":0,"href":"https:\/\/blogdofarnesio.com.br\/index.php?rest_route=\/wp\/v2\/posts\/303305\/revisions"}],"wp:featuredmedia":[{"embeddable":true,"href":"https:\/\/blogdofarnesio.com.br\/index.php?rest_route=\/wp\/v2\/media\/303306"}],"wp:attachment":[{"href":"https:\/\/blogdofarnesio.com.br\/index.php?rest_route=%2Fwp%2Fv2%2Fmedia&parent=303305"}],"wp:term":[{"taxonomy":"category","embeddable":true,"href":"https:\/\/blogdofarnesio.com.br\/index.php?rest_route=%2Fwp%2Fv2%2Fcategories&post=303305"},{"taxonomy":"post_tag","embeddable":true,"href":"https:\/\/blogdofarnesio.com.br\/index.php?rest_route=%2Fwp%2Fv2%2Ftags&post=303305"}],"curies":[{"name":"wp","href":"https:\/\/api.w.org\/{rel}","templated":true}]}}