{"id":303288,"date":"2021-12-29T09:20:14","date_gmt":"2021-12-29T12:20:14","guid":{"rendered":"https:\/\/blogdofarnesio.com.br\/?p=303288"},"modified":"2021-12-28T19:35:48","modified_gmt":"2021-12-28T22:35:48","slug":"com-duplicacao-e-nova-rotatoria-prefeitura-vai-otimizar-transito-na-avenida-cardoso-de-sa","status":"publish","type":"post","link":"https:\/\/blogdofarnesio.com.br\/?p=303288","title":{"rendered":"Com duplica\u00e7\u00e3o e nova rotat\u00f3ria, prefeitura vai otimizar tr\u00e2nsito na Avenida Cardoso de S\u00e1"},"content":{"rendered":"<p style=\"font-weight: 400;\">Os condutores que transitam pela Avenida Cardoso de S\u00e1, na orla de Petrolina, j\u00e1 perceberam que as obras para duplica\u00e7\u00e3o da via est\u00e3o sendo intensificadas do Iate Clube at\u00e9 as proximidades do Palace Hotel.<\/p>\n<p style=\"font-weight: 400;\">Os trabalhos s\u00e3o para a duplica\u00e7\u00e3o da avenida onde, em breve, os condutores poder\u00e3o contar tamb\u00e9m com uma nova rotat\u00f3ria que ir\u00e1 garantir mais agilidade nas proximidades do restaurante \u2019Da Vila\u2019.<\/p>\n<p style=\"font-weight: 400;\">As simula\u00e7\u00f5es para a constru\u00e7\u00e3o da rotat\u00f3ria j\u00e1 foram realizadas pela Autarquia Municipal de Mobilidade (Ammpla) e a expectativa \u00e9 de que o equipamento seja iniciado na pr\u00f3xima semana. Entre as melhorias tamb\u00e9m est\u00e3o a implanta\u00e7\u00e3o de canteiro, meio-fio e piso t\u00e1til.<\/p>\n<p style=\"font-weight: 400;\">Com investimento superior a R$6,4 milh\u00f5es, o projeto prev\u00ea a duplica\u00e7\u00e3o de 4,6 quil\u00f4metros, al\u00e9m da cria\u00e7\u00e3o de duas novas faixas para o tr\u00e2nsito de ve\u00edculos.<\/p>\n<p style=\"font-weight: 400;\">Magn\u00f3lia Costa &#8211; Assessora de Comunica\u00e7\u00e3o da Ammpla<\/p>\n","protected":false},"excerpt":{"rendered":"<p>Os condutores que transitam pela Avenida Cardoso de S\u00e1, na orla de Petrolina, j\u00e1 perceberam que as obras para duplica\u00e7\u00e3o da via est\u00e3o sendo intensificadas do Iate Clube at\u00e9 as proximidades do Palace Hotel. Os trabalhos s\u00e3o para a duplica\u00e7\u00e3o da avenida onde, em breve, os condutores poder\u00e3o contar tamb\u00e9m com uma nova rotat\u00f3ria que ir\u00e1 garantir mais agilidade nas proximidades do restaurante \u2019Da Vila\u2019. As simula\u00e7\u00f5es para a constru\u00e7\u00e3o da rotat\u00f3ria j\u00e1 foram realizadas pela Autarquia Municipal de Mobilidade (Ammpla) e a expectativa \u00e9 de que o equipamento seja iniciado na pr\u00f3xima semana. Entre as melhorias tamb\u00e9m est\u00e3o a implanta\u00e7\u00e3o de canteiro, meio-fio e piso t\u00e1til. Com investimento superior a R$6,4 milh\u00f5es, o projeto prev\u00ea a duplica\u00e7\u00e3o de 4,6&hellip; <\/p>\n","protected":false},"author":2,"featured_media":303291,"comment_status":"open","ping_status":"open","sticky":false,"template":"","format":"standard","meta":{"_acf_changed":false,"footnotes":""},"categories":[21],"tags":[],"class_list":["post-303288","post","type-post","status-publish","format-standard","has-post-thumbnail","hentry","category-transito"],"acf":[],"yoast_head":"<!-- This site is optimized with the Yoast SEO plugin v27.4 - https:\/\/yoast.com\/product\/yoast-seo-wordpress\/ -->\n<title>Com duplica\u00e7\u00e3o e nova rotat\u00f3ria, prefeitura vai otimizar tr\u00e2nsito na Avenida Cardoso de S\u00e1 - Blog do Farn\u00e9sio<\/title>\n<meta name=\"robots\" content=\"index, follow, max-snippet:-1, max-image-preview:large, max-video-preview:-1\" \/>\n<link rel=\"canonical\" href=\"https:\/\/blogdofarnesio.com.br\/?p=303288\" \/>\n<meta property=\"og:locale\" content=\"pt_BR\" \/>\n<meta property=\"og:type\" content=\"article\" \/>\n<meta property=\"og:title\" content=\"Com duplica\u00e7\u00e3o e nova rotat\u00f3ria, prefeitura vai otimizar tr\u00e2nsito na Avenida Cardoso de S\u00e1 - Blog do Farn\u00e9sio\" \/>\n<meta property=\"og:description\" content=\"Os condutores que transitam pela Avenida Cardoso de S\u00e1, na orla de Petrolina, j\u00e1 perceberam que as obras para duplica\u00e7\u00e3o da via est\u00e3o sendo intensificadas do Iate Clube at\u00e9 as proximidades do Palace Hotel. Os trabalhos s\u00e3o para a duplica\u00e7\u00e3o da avenida onde, em breve, os condutores poder\u00e3o contar tamb\u00e9m com uma nova rotat\u00f3ria que ir\u00e1 garantir mais agilidade nas proximidades do restaurante \u2019Da Vila\u2019. As simula\u00e7\u00f5es para a constru\u00e7\u00e3o da rotat\u00f3ria j\u00e1 foram realizadas pela Autarquia Municipal de Mobilidade (Ammpla) e a expectativa \u00e9 de que o equipamento seja iniciado na pr\u00f3xima semana. Entre as melhorias tamb\u00e9m est\u00e3o a implanta\u00e7\u00e3o de canteiro, meio-fio e piso t\u00e1til. Com investimento superior a R$6,4 milh\u00f5es, o projeto prev\u00ea a duplica\u00e7\u00e3o de 4,6&hellip;\" \/>\n<meta property=\"og:url\" content=\"https:\/\/blogdofarnesio.com.br\/?p=303288\" \/>\n<meta property=\"og:site_name\" content=\"Blog do Farn\u00e9sio\" \/>\n<meta property=\"article:publisher\" content=\"https:\/\/www.facebook.com\/BlogQuerSaberPolitica\/\" \/>\n<meta property=\"article:author\" content=\"https:\/\/www.facebook.com\/?ref=tn_tnmn\" \/>\n<meta property=\"article:published_time\" content=\"2021-12-29T12:20:14+00:00\" \/>\n<meta property=\"og:image\" content=\"https:\/\/blogdofarnesio.com.br\/wp-content\/uploads\/2021\/12\/blogqsppet-transito-av-cardoso-de-sa-3-e1640730729112.jpeg\" \/>\n\t<meta property=\"og:image:width\" content=\"624\" \/>\n\t<meta property=\"og:image:height\" content=\"416\" \/>\n\t<meta property=\"og:image:type\" content=\"image\/jpeg\" \/>\n<meta name=\"author\" content=\"Farn\u00e9sio\" \/>\n<meta name=\"twitter:card\" content=\"summary_large_image\" \/>\n<meta name=\"twitter:label1\" content=\"Escrito por\" \/>\n\t<meta name=\"twitter:data1\" content=\"Farn\u00e9sio\" \/>\n\t<meta name=\"twitter:label2\" content=\"Est. tempo de leitura\" \/>\n\t<meta name=\"twitter:data2\" content=\"1 minuto\" \/>\n<script type=\"application\/ld+json\" class=\"yoast-schema-graph\">{\"@context\":\"https:\\\/\\\/schema.org\",\"@graph\":[{\"@type\":\"Article\",\"@id\":\"https:\\\/\\\/blogdofarnesio.com.br\\\/?p=303288#article\",\"isPartOf\":{\"@id\":\"https:\\\/\\\/blogdofarnesio.com.br\\\/?p=303288\"},\"author\":{\"name\":\"Farn\u00e9sio\",\"@id\":\"https:\\\/\\\/blogdofarnesio.com.br\\\/#\\\/schema\\\/person\\\/bb9b23ae3ad0609ce8df7b6c9e76824d\"},\"headline\":\"Com duplica\u00e7\u00e3o e nova rotat\u00f3ria, prefeitura vai otimizar tr\u00e2nsito na Avenida Cardoso de S\u00e1\",\"datePublished\":\"2021-12-29T12:20:14+00:00\",\"mainEntityOfPage\":{\"@id\":\"https:\\\/\\\/blogdofarnesio.com.br\\\/?p=303288\"},\"wordCount\":180,\"commentCount\":0,\"publisher\":{\"@id\":\"https:\\\/\\\/blogdofarnesio.com.br\\\/#organization\"},\"image\":{\"@id\":\"https:\\\/\\\/blogdofarnesio.com.br\\\/?p=303288#primaryimage\"},\"thumbnailUrl\":\"https:\\\/\\\/blogdofarnesio.com.br\\\/wp-content\\\/uploads\\\/2021\\\/12\\\/blogqsppet-transito-av-cardoso-de-sa-3-e1640730729112.jpeg\",\"articleSection\":[\"Tr\u00e2nsito\"],\"inLanguage\":\"pt-BR\",\"potentialAction\":[{\"@type\":\"CommentAction\",\"name\":\"Comment\",\"target\":[\"https:\\\/\\\/blogdofarnesio.com.br\\\/?p=303288#respond\"]}]},{\"@type\":\"WebPage\",\"@id\":\"https:\\\/\\\/blogdofarnesio.com.br\\\/?p=303288\",\"url\":\"https:\\\/\\\/blogdofarnesio.com.br\\\/?p=303288\",\"name\":\"Com duplica\u00e7\u00e3o e nova rotat\u00f3ria, prefeitura vai otimizar tr\u00e2nsito na Avenida Cardoso de S\u00e1 - Blog do Farn\u00e9sio\",\"isPartOf\":{\"@id\":\"https:\\\/\\\/blogdofarnesio.com.br\\\/#website\"},\"primaryImageOfPage\":{\"@id\":\"https:\\\/\\\/blogdofarnesio.com.br\\\/?p=303288#primaryimage\"},\"image\":{\"@id\":\"https:\\\/\\\/blogdofarnesio.com.br\\\/?p=303288#primaryimage\"},\"thumbnailUrl\":\"https:\\\/\\\/blogdofarnesio.com.br\\\/wp-content\\\/uploads\\\/2021\\\/12\\\/blogqsppet-transito-av-cardoso-de-sa-3-e1640730729112.jpeg\",\"datePublished\":\"2021-12-29T12:20:14+00:00\",\"breadcrumb\":{\"@id\":\"https:\\\/\\\/blogdofarnesio.com.br\\\/?p=303288#breadcrumb\"},\"inLanguage\":\"pt-BR\",\"potentialAction\":[{\"@type\":\"ReadAction\",\"target\":[\"https:\\\/\\\/blogdofarnesio.com.br\\\/?p=303288\"]}]},{\"@type\":\"ImageObject\",\"inLanguage\":\"pt-BR\",\"@id\":\"https:\\\/\\\/blogdofarnesio.com.br\\\/?p=303288#primaryimage\",\"url\":\"https:\\\/\\\/blogdofarnesio.com.br\\\/wp-content\\\/uploads\\\/2021\\\/12\\\/blogqsppet-transito-av-cardoso-de-sa-3-e1640730729112.jpeg\",\"contentUrl\":\"https:\\\/\\\/blogdofarnesio.com.br\\\/wp-content\\\/uploads\\\/2021\\\/12\\\/blogqsppet-transito-av-cardoso-de-sa-3-e1640730729112.jpeg\",\"width\":624,\"height\":416},{\"@type\":\"BreadcrumbList\",\"@id\":\"https:\\\/\\\/blogdofarnesio.com.br\\\/?p=303288#breadcrumb\",\"itemListElement\":[{\"@type\":\"ListItem\",\"position\":1,\"name\":\"In\u00edcio\",\"item\":\"https:\\\/\\\/blogdofarnesio.com.br\\\/\"},{\"@type\":\"ListItem\",\"position\":2,\"name\":\"Com duplica\u00e7\u00e3o e nova rotat\u00f3ria, prefeitura vai otimizar tr\u00e2nsito na Avenida Cardoso de S\u00e1\"}]},{\"@type\":\"WebSite\",\"@id\":\"https:\\\/\\\/blogdofarnesio.com.br\\\/#website\",\"url\":\"https:\\\/\\\/blogdofarnesio.com.br\\\/\",\"name\":\"Blog do Farn\u00e9sio\",\"description\":\"Quer Saber Pol\u00edtica?\",\"publisher\":{\"@id\":\"https:\\\/\\\/blogdofarnesio.com.br\\\/#organization\"},\"potentialAction\":[{\"@type\":\"SearchAction\",\"target\":{\"@type\":\"EntryPoint\",\"urlTemplate\":\"https:\\\/\\\/blogdofarnesio.com.br\\\/?s={search_term_string}\"},\"query-input\":{\"@type\":\"PropertyValueSpecification\",\"valueRequired\":true,\"valueName\":\"search_term_string\"}}],\"inLanguage\":\"pt-BR\"},{\"@type\":\"Organization\",\"@id\":\"https:\\\/\\\/blogdofarnesio.com.br\\\/#organization\",\"name\":\"Blog do Farn\u00e9sio\",\"url\":\"https:\\\/\\\/blogdofarnesio.com.br\\\/\",\"logo\":{\"@type\":\"ImageObject\",\"inLanguage\":\"pt-BR\",\"@id\":\"https:\\\/\\\/blogdofarnesio.com.br\\\/#\\\/schema\\\/logo\\\/image\\\/\",\"url\":\"https:\\\/\\\/blogdofarnesio.com.br\\\/wp-content\\\/uploads\\\/2026\\\/03\\\/cropped-logo_new-1.png\",\"contentUrl\":\"https:\\\/\\\/blogdofarnesio.com.br\\\/wp-content\\\/uploads\\\/2026\\\/03\\\/cropped-logo_new-1.png\",\"width\":881,\"height\":685,\"caption\":\"Blog do Farn\u00e9sio\"},\"image\":{\"@id\":\"https:\\\/\\\/blogdofarnesio.com.br\\\/#\\\/schema\\\/logo\\\/image\\\/\"},\"sameAs\":[\"https:\\\/\\\/www.facebook.com\\\/BlogQuerSaberPolitica\\\/\"]},{\"@type\":\"Person\",\"@id\":\"https:\\\/\\\/blogdofarnesio.com.br\\\/#\\\/schema\\\/person\\\/bb9b23ae3ad0609ce8df7b6c9e76824d\",\"name\":\"Farn\u00e9sio\",\"image\":{\"@type\":\"ImageObject\",\"inLanguage\":\"pt-BR\",\"@id\":\"https:\\\/\\\/secure.gravatar.com\\\/avatar\\\/986aa4c61ccdb66f8555bf88fc2a65609d00bcabd4d2d94377a727547345cbca?s=96&d=mm&r=g\",\"url\":\"https:\\\/\\\/secure.gravatar.com\\\/avatar\\\/986aa4c61ccdb66f8555bf88fc2a65609d00bcabd4d2d94377a727547345cbca?s=96&d=mm&r=g\",\"contentUrl\":\"https:\\\/\\\/secure.gravatar.com\\\/avatar\\\/986aa4c61ccdb66f8555bf88fc2a65609d00bcabd4d2d94377a727547345cbca?s=96&d=mm&r=g\",\"caption\":\"Farn\u00e9sio\"},\"description\":\"Radialista blogueiro, chegou a Petrolina\\\/Juazeiro em setembro de 1980, Farn\u00e9sio Silva \u00e9 de Arapiraca-Alagoas.\",\"sameAs\":[\"http:\\\/\\\/blogdofarnesio.com.br\",\"https:\\\/\\\/www.facebook.com\\\/?ref=tn_tnmn\",\"https:\\\/\\\/www.instagram.com\\\/?utm_source=pwa_homescreen\",\"https:\\\/\\\/youtube.com.br\\\/\"],\"url\":\"https:\\\/\\\/blogdofarnesio.com.br\\\/?author=2\"}]}<\/script>\n<!-- \/ Yoast SEO plugin. -->","yoast_head_json":{"title":"Com duplica\u00e7\u00e3o e nova rotat\u00f3ria, prefeitura vai otimizar tr\u00e2nsito na Avenida Cardoso de S\u00e1 - Blog do Farn\u00e9sio","robots":{"index":"index","follow":"follow","max-snippet":"max-snippet:-1","max-image-preview":"max-image-preview:large","max-video-preview":"max-video-preview:-1"},"canonical":"https:\/\/blogdofarnesio.com.br\/?p=303288","og_locale":"pt_BR","og_type":"article","og_title":"Com duplica\u00e7\u00e3o e nova rotat\u00f3ria, prefeitura vai otimizar tr\u00e2nsito na Avenida Cardoso de S\u00e1 - Blog do Farn\u00e9sio","og_description":"Os condutores que transitam pela Avenida Cardoso de S\u00e1, na orla de Petrolina, j\u00e1 perceberam que as obras para duplica\u00e7\u00e3o da via est\u00e3o sendo intensificadas do Iate Clube at\u00e9 as proximidades do Palace Hotel. Os trabalhos s\u00e3o para a duplica\u00e7\u00e3o da avenida onde, em breve, os condutores poder\u00e3o contar tamb\u00e9m com uma nova rotat\u00f3ria que ir\u00e1 garantir mais agilidade nas proximidades do restaurante \u2019Da Vila\u2019. As simula\u00e7\u00f5es para a constru\u00e7\u00e3o da rotat\u00f3ria j\u00e1 foram realizadas pela Autarquia Municipal de Mobilidade (Ammpla) e a expectativa \u00e9 de que o equipamento seja iniciado na pr\u00f3xima semana. Entre as melhorias tamb\u00e9m est\u00e3o a implanta\u00e7\u00e3o de canteiro, meio-fio e piso t\u00e1til. Com investimento superior a R$6,4 milh\u00f5es, o projeto prev\u00ea a duplica\u00e7\u00e3o de 4,6&hellip;","og_url":"https:\/\/blogdofarnesio.com.br\/?p=303288","og_site_name":"Blog do Farn\u00e9sio","article_publisher":"https:\/\/www.facebook.com\/BlogQuerSaberPolitica\/","article_author":"https:\/\/www.facebook.com\/?ref=tn_tnmn","article_published_time":"2021-12-29T12:20:14+00:00","og_image":[{"width":624,"height":416,"url":"https:\/\/blogdofarnesio.com.br\/wp-content\/uploads\/2021\/12\/blogqsppet-transito-av-cardoso-de-sa-3-e1640730729112.jpeg","type":"image\/jpeg"}],"author":"Farn\u00e9sio","twitter_card":"summary_large_image","twitter_misc":{"Escrito por":"Farn\u00e9sio","Est. tempo de leitura":"1 minuto"},"schema":{"@context":"https:\/\/schema.org","@graph":[{"@type":"Article","@id":"https:\/\/blogdofarnesio.com.br\/?p=303288#article","isPartOf":{"@id":"https:\/\/blogdofarnesio.com.br\/?p=303288"},"author":{"name":"Farn\u00e9sio","@id":"https:\/\/blogdofarnesio.com.br\/#\/schema\/person\/bb9b23ae3ad0609ce8df7b6c9e76824d"},"headline":"Com duplica\u00e7\u00e3o e nova rotat\u00f3ria, prefeitura vai otimizar tr\u00e2nsito na Avenida Cardoso de S\u00e1","datePublished":"2021-12-29T12:20:14+00:00","mainEntityOfPage":{"@id":"https:\/\/blogdofarnesio.com.br\/?p=303288"},"wordCount":180,"commentCount":0,"publisher":{"@id":"https:\/\/blogdofarnesio.com.br\/#organization"},"image":{"@id":"https:\/\/blogdofarnesio.com.br\/?p=303288#primaryimage"},"thumbnailUrl":"https:\/\/blogdofarnesio.com.br\/wp-content\/uploads\/2021\/12\/blogqsppet-transito-av-cardoso-de-sa-3-e1640730729112.jpeg","articleSection":["Tr\u00e2nsito"],"inLanguage":"pt-BR","potentialAction":[{"@type":"CommentAction","name":"Comment","target":["https:\/\/blogdofarnesio.com.br\/?p=303288#respond"]}]},{"@type":"WebPage","@id":"https:\/\/blogdofarnesio.com.br\/?p=303288","url":"https:\/\/blogdofarnesio.com.br\/?p=303288","name":"Com duplica\u00e7\u00e3o e nova rotat\u00f3ria, prefeitura vai otimizar tr\u00e2nsito na Avenida Cardoso de S\u00e1 - Blog do Farn\u00e9sio","isPartOf":{"@id":"https:\/\/blogdofarnesio.com.br\/#website"},"primaryImageOfPage":{"@id":"https:\/\/blogdofarnesio.com.br\/?p=303288#primaryimage"},"image":{"@id":"https:\/\/blogdofarnesio.com.br\/?p=303288#primaryimage"},"thumbnailUrl":"https:\/\/blogdofarnesio.com.br\/wp-content\/uploads\/2021\/12\/blogqsppet-transito-av-cardoso-de-sa-3-e1640730729112.jpeg","datePublished":"2021-12-29T12:20:14+00:00","breadcrumb":{"@id":"https:\/\/blogdofarnesio.com.br\/?p=303288#breadcrumb"},"inLanguage":"pt-BR","potentialAction":[{"@type":"ReadAction","target":["https:\/\/blogdofarnesio.com.br\/?p=303288"]}]},{"@type":"ImageObject","inLanguage":"pt-BR","@id":"https:\/\/blogdofarnesio.com.br\/?p=303288#primaryimage","url":"https:\/\/blogdofarnesio.com.br\/wp-content\/uploads\/2021\/12\/blogqsppet-transito-av-cardoso-de-sa-3-e1640730729112.jpeg","contentUrl":"https:\/\/blogdofarnesio.com.br\/wp-content\/uploads\/2021\/12\/blogqsppet-transito-av-cardoso-de-sa-3-e1640730729112.jpeg","width":624,"height":416},{"@type":"BreadcrumbList","@id":"https:\/\/blogdofarnesio.com.br\/?p=303288#breadcrumb","itemListElement":[{"@type":"ListItem","position":1,"name":"In\u00edcio","item":"https:\/\/blogdofarnesio.com.br\/"},{"@type":"ListItem","position":2,"name":"Com duplica\u00e7\u00e3o e nova rotat\u00f3ria, prefeitura vai otimizar tr\u00e2nsito na Avenida Cardoso de S\u00e1"}]},{"@type":"WebSite","@id":"https:\/\/blogdofarnesio.com.br\/#website","url":"https:\/\/blogdofarnesio.com.br\/","name":"Blog do Farn\u00e9sio","description":"Quer Saber Pol\u00edtica?","publisher":{"@id":"https:\/\/blogdofarnesio.com.br\/#organization"},"potentialAction":[{"@type":"SearchAction","target":{"@type":"EntryPoint","urlTemplate":"https:\/\/blogdofarnesio.com.br\/?s={search_term_string}"},"query-input":{"@type":"PropertyValueSpecification","valueRequired":true,"valueName":"search_term_string"}}],"inLanguage":"pt-BR"},{"@type":"Organization","@id":"https:\/\/blogdofarnesio.com.br\/#organization","name":"Blog do Farn\u00e9sio","url":"https:\/\/blogdofarnesio.com.br\/","logo":{"@type":"ImageObject","inLanguage":"pt-BR","@id":"https:\/\/blogdofarnesio.com.br\/#\/schema\/logo\/image\/","url":"https:\/\/blogdofarnesio.com.br\/wp-content\/uploads\/2026\/03\/cropped-logo_new-1.png","contentUrl":"https:\/\/blogdofarnesio.com.br\/wp-content\/uploads\/2026\/03\/cropped-logo_new-1.png","width":881,"height":685,"caption":"Blog do Farn\u00e9sio"},"image":{"@id":"https:\/\/blogdofarnesio.com.br\/#\/schema\/logo\/image\/"},"sameAs":["https:\/\/www.facebook.com\/BlogQuerSaberPolitica\/"]},{"@type":"Person","@id":"https:\/\/blogdofarnesio.com.br\/#\/schema\/person\/bb9b23ae3ad0609ce8df7b6c9e76824d","name":"Farn\u00e9sio","image":{"@type":"ImageObject","inLanguage":"pt-BR","@id":"https:\/\/secure.gravatar.com\/avatar\/986aa4c61ccdb66f8555bf88fc2a65609d00bcabd4d2d94377a727547345cbca?s=96&d=mm&r=g","url":"https:\/\/secure.gravatar.com\/avatar\/986aa4c61ccdb66f8555bf88fc2a65609d00bcabd4d2d94377a727547345cbca?s=96&d=mm&r=g","contentUrl":"https:\/\/secure.gravatar.com\/avatar\/986aa4c61ccdb66f8555bf88fc2a65609d00bcabd4d2d94377a727547345cbca?s=96&d=mm&r=g","caption":"Farn\u00e9sio"},"description":"Radialista blogueiro, chegou a Petrolina\/Juazeiro em setembro de 1980, Farn\u00e9sio Silva \u00e9 de Arapiraca-Alagoas.","sameAs":["http:\/\/blogdofarnesio.com.br","https:\/\/www.facebook.com\/?ref=tn_tnmn","https:\/\/www.instagram.com\/?utm_source=pwa_homescreen","https:\/\/youtube.com.br\/"],"url":"https:\/\/blogdofarnesio.com.br\/?author=2"}]}},"_links":{"self":[{"href":"https:\/\/blogdofarnesio.com.br\/index.php?rest_route=\/wp\/v2\/posts\/303288","targetHints":{"allow":["GET"]}}],"collection":[{"href":"https:\/\/blogdofarnesio.com.br\/index.php?rest_route=\/wp\/v2\/posts"}],"about":[{"href":"https:\/\/blogdofarnesio.com.br\/index.php?rest_route=\/wp\/v2\/types\/post"}],"author":[{"embeddable":true,"href":"https:\/\/blogdofarnesio.com.br\/index.php?rest_route=\/wp\/v2\/users\/2"}],"replies":[{"embeddable":true,"href":"https:\/\/blogdofarnesio.com.br\/index.php?rest_route=%2Fwp%2Fv2%2Fcomments&post=303288"}],"version-history":[{"count":0,"href":"https:\/\/blogdofarnesio.com.br\/index.php?rest_route=\/wp\/v2\/posts\/303288\/revisions"}],"wp:featuredmedia":[{"embeddable":true,"href":"https:\/\/blogdofarnesio.com.br\/index.php?rest_route=\/wp\/v2\/media\/303291"}],"wp:attachment":[{"href":"https:\/\/blogdofarnesio.com.br\/index.php?rest_route=%2Fwp%2Fv2%2Fmedia&parent=303288"}],"wp:term":[{"taxonomy":"category","embeddable":true,"href":"https:\/\/blogdofarnesio.com.br\/index.php?rest_route=%2Fwp%2Fv2%2Fcategories&post=303288"},{"taxonomy":"post_tag","embeddable":true,"href":"https:\/\/blogdofarnesio.com.br\/index.php?rest_route=%2Fwp%2Fv2%2Ftags&post=303288"}],"curies":[{"name":"wp","href":"https:\/\/api.w.org\/{rel}","templated":true}]}}