{"id":302425,"date":"2021-12-15T08:22:33","date_gmt":"2021-12-15T11:22:33","guid":{"rendered":"https:\/\/blogdofarnesio.com.br\/?p=302425"},"modified":"2021-12-14T18:26:20","modified_gmt":"2021-12-14T21:26:20","slug":"petrolina-celebra-o-natal-da-educacao-infantil-com-uma-serie-de-atividades-ludicas","status":"publish","type":"post","link":"https:\/\/blogdofarnesio.com.br\/?p=302425","title":{"rendered":"Petrolina celebra o Natal da Educa\u00e7\u00e3o Infantil com uma s\u00e9rie de atividades l\u00fadicas"},"content":{"rendered":"<p style=\"font-weight: 400;\">Est\u00e1 chegando o Natal! Por isso, as celebra\u00e7\u00f5es em torno de uma das datas mais esperadas pelas crian\u00e7as j\u00e1 come\u00e7aram nos CMEIs, Novas Sementes e unidades com pr\u00e9-escola em Petrolina. Uma variada programa\u00e7\u00e3o tem\u00e1tica e educativa est\u00e1 sendo trabalhada pelas unidades de ensino, com o objetivo de fazer uma reflex\u00e3o sobre o nascimento do menino Jesus, como tamb\u00e9m, desenvolver a aprendizagem dos estudantes, atrav\u00e9s de atividades l\u00fadicas. A decora\u00e7\u00e3o natalina, a figura do Papai Noel, as m\u00fasicas, contos e o t\u00e3o sonhado presente, s\u00e3o itens trabalhados em sala de aula, num incentivo \u00e0 ingenuidade e a fantasia que fazem a alegria dos pequenos.<\/p>\n<p style=\"font-weight: 400;\">As atividades do \u201cNatal Encantado\u201d fazem parte do projeto pedag\u00f3gico \u201cOba, \u00c9 Hora de Brincar e Aprender\u201d, desenvolvido durante todo o ano de 2021, nas Unidades da Educa\u00e7\u00e3o Infantil, com objetivo de promover a\u00e7\u00f5es de promo\u00e7\u00e3o ao desenvolvimento e aprendizagem dos alunos, fortalecendo o que preconiza o Curr\u00edculo Educacional do munic\u00edpio de Petrolina. A secret\u00e1ria executiva da Primeira Inf\u00e2ncia, Poliana de Castro, detalha como est\u00e1 sendo trabalhado o tema de Natal entre as crian\u00e7as da Educa\u00e7\u00e3o Infantil, fase em que a ludicidade tem papel relevante no desenvolvimento e na aprendizagem.<\/p>\n<p style=\"font-weight: 400;\"><em>\u201cNossa inten\u00e7\u00e3o \u00e9 promover uma s\u00e9rie de atividades que facilitam a aquisi\u00e7\u00e3o de conhecimentos sobre as tradi\u00e7\u00f5es natalinas, buscando integrar \u00e1reas do conhecimento sob as perspectivas hist\u00f3rica e social. No projeto buscamos abordar o tema Natal de forma criativa, participativa, din\u00e2mica e l\u00fadica e despertar tamb\u00e9m nas crian\u00e7as, o respeito \u00e0s diversas religi\u00f5es, bem como resgatar o verdadeiro esp\u00edrito da data, vivenciando situa\u00e7\u00f5es que reflitam sobre os sentimentos de solidariedade e cooperatividade\u201d,<\/em>\u00a0explicou Poliana.<\/p>\n<p style=\"font-weight: 400;\">\n<p style=\"font-weight: 400;\">A m\u00e3e do aluno Matheus Rodrigues, da Unidade Jesus Pequenino, no Jardim Petr\u00f3polis, Valdenice Sales, destaca a alegria de ver seu filho estudando numa institui\u00e7\u00e3o de ensino que se preocupa com o crescimento dos estudantes<em>.\u201cPercebo o quanto Matheus est\u00e1 cada dia mais se desenvolvendo, isso \u00e9 pela forma com que as professoras e gest\u00e3o da unidade educacional v\u00eam trabalhando com as crian\u00e7as, com bastante ludicidade. Cada data comemorativa eu fico encantada com o capricho e criatividade da creche que realiza\u00a0tudo de forma t\u00e3o especial e significativa. Isso me deixa muito feliz e emocionada, principalmente por ver que meu filho, mesmo ainda t\u00e3o pequeno, est\u00e1 aprendendo tanta coisa\u201d,<\/em>\u00a0disse Valdenice.<\/p>\n<p style=\"font-weight: 400;\">\n<p style=\"font-weight: 400;\">_____________<\/p>\n<p style=\"font-weight: 400;\">Elaine Barbosa &#8211; Assessora de Imprensa da Secretaria de Educa\u00e7\u00e3o,<\/p>\n","protected":false},"excerpt":{"rendered":"<p>Est\u00e1 chegando o Natal! Por isso, as celebra\u00e7\u00f5es em torno de uma das datas mais esperadas pelas crian\u00e7as j\u00e1 come\u00e7aram nos CMEIs, Novas Sementes e unidades com pr\u00e9-escola em Petrolina. Uma variada programa\u00e7\u00e3o tem\u00e1tica e educativa est\u00e1 sendo trabalhada pelas unidades de ensino, com o objetivo de fazer uma reflex\u00e3o sobre o nascimento do menino Jesus, como tamb\u00e9m, desenvolver a aprendizagem dos estudantes, atrav\u00e9s de atividades l\u00fadicas. A decora\u00e7\u00e3o natalina, a figura do Papai Noel, as m\u00fasicas, contos e o t\u00e3o sonhado presente, s\u00e3o itens trabalhados em sala de aula, num incentivo \u00e0 ingenuidade e a fantasia que fazem a alegria dos pequenos. As atividades do \u201cNatal Encantado\u201d fazem parte do projeto pedag\u00f3gico \u201cOba, \u00c9 Hora de Brincar e Aprender\u201d,&hellip; <\/p>\n","protected":false},"author":2,"featured_media":302426,"comment_status":"open","ping_status":"open","sticky":false,"template":"","format":"standard","meta":{"_acf_changed":false,"footnotes":""},"categories":[22],"tags":[],"class_list":["post-302425","post","type-post","status-publish","format-standard","has-post-thumbnail","hentry","category-acao-social"],"acf":[],"yoast_head":"<!-- This site is optimized with the Yoast SEO plugin v27.4 - https:\/\/yoast.com\/product\/yoast-seo-wordpress\/ -->\n<title>Petrolina celebra o Natal da Educa\u00e7\u00e3o Infantil com uma s\u00e9rie de atividades l\u00fadicas - Blog do Farn\u00e9sio<\/title>\n<meta name=\"robots\" content=\"index, follow, max-snippet:-1, max-image-preview:large, max-video-preview:-1\" \/>\n<link rel=\"canonical\" href=\"https:\/\/blogdofarnesio.com.br\/?p=302425\" \/>\n<meta property=\"og:locale\" content=\"pt_BR\" \/>\n<meta property=\"og:type\" content=\"article\" \/>\n<meta property=\"og:title\" content=\"Petrolina celebra o Natal da Educa\u00e7\u00e3o Infantil com uma s\u00e9rie de atividades l\u00fadicas - Blog do Farn\u00e9sio\" \/>\n<meta property=\"og:description\" content=\"Est\u00e1 chegando o Natal! Por isso, as celebra\u00e7\u00f5es em torno de uma das datas mais esperadas pelas crian\u00e7as j\u00e1 come\u00e7aram nos CMEIs, Novas Sementes e unidades com pr\u00e9-escola em Petrolina. Uma variada programa\u00e7\u00e3o tem\u00e1tica e educativa est\u00e1 sendo trabalhada pelas unidades de ensino, com o objetivo de fazer uma reflex\u00e3o sobre o nascimento do menino Jesus, como tamb\u00e9m, desenvolver a aprendizagem dos estudantes, atrav\u00e9s de atividades l\u00fadicas. A decora\u00e7\u00e3o natalina, a figura do Papai Noel, as m\u00fasicas, contos e o t\u00e3o sonhado presente, s\u00e3o itens trabalhados em sala de aula, num incentivo \u00e0 ingenuidade e a fantasia que fazem a alegria dos pequenos. As atividades do \u201cNatal Encantado\u201d fazem parte do projeto pedag\u00f3gico \u201cOba, \u00c9 Hora de Brincar e Aprender\u201d,&hellip;\" \/>\n<meta property=\"og:url\" content=\"https:\/\/blogdofarnesio.com.br\/?p=302425\" \/>\n<meta property=\"og:site_name\" content=\"Blog do Farn\u00e9sio\" \/>\n<meta property=\"article:publisher\" content=\"https:\/\/www.facebook.com\/BlogQuerSaberPolitica\/\" \/>\n<meta property=\"article:author\" content=\"https:\/\/www.facebook.com\/?ref=tn_tnmn\" \/>\n<meta property=\"article:published_time\" content=\"2021-12-15T11:22:33+00:00\" \/>\n<meta property=\"og:image\" content=\"https:\/\/blogdofarnesio.com.br\/wp-content\/uploads\/2021\/12\/Natal-da-Educacao-Infantil-II-e1639517136985.jpeg\" \/>\n\t<meta property=\"og:image:width\" content=\"469\" \/>\n\t<meta property=\"og:image:height\" content=\"434\" \/>\n\t<meta property=\"og:image:type\" content=\"image\/jpeg\" \/>\n<meta name=\"author\" content=\"Farn\u00e9sio\" \/>\n<meta name=\"twitter:card\" content=\"summary_large_image\" \/>\n<meta name=\"twitter:label1\" content=\"Escrito por\" \/>\n\t<meta name=\"twitter:data1\" content=\"Farn\u00e9sio\" \/>\n\t<meta name=\"twitter:label2\" content=\"Est. tempo de leitura\" \/>\n\t<meta name=\"twitter:data2\" content=\"2 minutos\" \/>\n<script type=\"application\/ld+json\" class=\"yoast-schema-graph\">{\"@context\":\"https:\\\/\\\/schema.org\",\"@graph\":[{\"@type\":\"Article\",\"@id\":\"https:\\\/\\\/blogdofarnesio.com.br\\\/?p=302425#article\",\"isPartOf\":{\"@id\":\"https:\\\/\\\/blogdofarnesio.com.br\\\/?p=302425\"},\"author\":{\"name\":\"Farn\u00e9sio\",\"@id\":\"https:\\\/\\\/blogdofarnesio.com.br\\\/#\\\/schema\\\/person\\\/bb9b23ae3ad0609ce8df7b6c9e76824d\"},\"headline\":\"Petrolina celebra o Natal da Educa\u00e7\u00e3o Infantil com uma s\u00e9rie de atividades l\u00fadicas\",\"datePublished\":\"2021-12-15T11:22:33+00:00\",\"mainEntityOfPage\":{\"@id\":\"https:\\\/\\\/blogdofarnesio.com.br\\\/?p=302425\"},\"wordCount\":444,\"commentCount\":0,\"publisher\":{\"@id\":\"https:\\\/\\\/blogdofarnesio.com.br\\\/#organization\"},\"image\":{\"@id\":\"https:\\\/\\\/blogdofarnesio.com.br\\\/?p=302425#primaryimage\"},\"thumbnailUrl\":\"https:\\\/\\\/blogdofarnesio.com.br\\\/wp-content\\\/uploads\\\/2021\\\/12\\\/Natal-da-Educacao-Infantil-II-e1639517136985.jpeg\",\"articleSection\":[\"A\u00e7\u00e3o Social\"],\"inLanguage\":\"pt-BR\",\"potentialAction\":[{\"@type\":\"CommentAction\",\"name\":\"Comment\",\"target\":[\"https:\\\/\\\/blogdofarnesio.com.br\\\/?p=302425#respond\"]}]},{\"@type\":\"WebPage\",\"@id\":\"https:\\\/\\\/blogdofarnesio.com.br\\\/?p=302425\",\"url\":\"https:\\\/\\\/blogdofarnesio.com.br\\\/?p=302425\",\"name\":\"Petrolina celebra o Natal da Educa\u00e7\u00e3o Infantil com uma s\u00e9rie de atividades l\u00fadicas - Blog do Farn\u00e9sio\",\"isPartOf\":{\"@id\":\"https:\\\/\\\/blogdofarnesio.com.br\\\/#website\"},\"primaryImageOfPage\":{\"@id\":\"https:\\\/\\\/blogdofarnesio.com.br\\\/?p=302425#primaryimage\"},\"image\":{\"@id\":\"https:\\\/\\\/blogdofarnesio.com.br\\\/?p=302425#primaryimage\"},\"thumbnailUrl\":\"https:\\\/\\\/blogdofarnesio.com.br\\\/wp-content\\\/uploads\\\/2021\\\/12\\\/Natal-da-Educacao-Infantil-II-e1639517136985.jpeg\",\"datePublished\":\"2021-12-15T11:22:33+00:00\",\"breadcrumb\":{\"@id\":\"https:\\\/\\\/blogdofarnesio.com.br\\\/?p=302425#breadcrumb\"},\"inLanguage\":\"pt-BR\",\"potentialAction\":[{\"@type\":\"ReadAction\",\"target\":[\"https:\\\/\\\/blogdofarnesio.com.br\\\/?p=302425\"]}]},{\"@type\":\"ImageObject\",\"inLanguage\":\"pt-BR\",\"@id\":\"https:\\\/\\\/blogdofarnesio.com.br\\\/?p=302425#primaryimage\",\"url\":\"https:\\\/\\\/blogdofarnesio.com.br\\\/wp-content\\\/uploads\\\/2021\\\/12\\\/Natal-da-Educacao-Infantil-II-e1639517136985.jpeg\",\"contentUrl\":\"https:\\\/\\\/blogdofarnesio.com.br\\\/wp-content\\\/uploads\\\/2021\\\/12\\\/Natal-da-Educacao-Infantil-II-e1639517136985.jpeg\",\"width\":469,\"height\":434},{\"@type\":\"BreadcrumbList\",\"@id\":\"https:\\\/\\\/blogdofarnesio.com.br\\\/?p=302425#breadcrumb\",\"itemListElement\":[{\"@type\":\"ListItem\",\"position\":1,\"name\":\"In\u00edcio\",\"item\":\"https:\\\/\\\/blogdofarnesio.com.br\\\/\"},{\"@type\":\"ListItem\",\"position\":2,\"name\":\"Petrolina celebra o Natal da Educa\u00e7\u00e3o Infantil com uma s\u00e9rie de atividades l\u00fadicas\"}]},{\"@type\":\"WebSite\",\"@id\":\"https:\\\/\\\/blogdofarnesio.com.br\\\/#website\",\"url\":\"https:\\\/\\\/blogdofarnesio.com.br\\\/\",\"name\":\"Blog do Farn\u00e9sio\",\"description\":\"Quer Saber Pol\u00edtica?\",\"publisher\":{\"@id\":\"https:\\\/\\\/blogdofarnesio.com.br\\\/#organization\"},\"potentialAction\":[{\"@type\":\"SearchAction\",\"target\":{\"@type\":\"EntryPoint\",\"urlTemplate\":\"https:\\\/\\\/blogdofarnesio.com.br\\\/?s={search_term_string}\"},\"query-input\":{\"@type\":\"PropertyValueSpecification\",\"valueRequired\":true,\"valueName\":\"search_term_string\"}}],\"inLanguage\":\"pt-BR\"},{\"@type\":\"Organization\",\"@id\":\"https:\\\/\\\/blogdofarnesio.com.br\\\/#organization\",\"name\":\"Blog do Farn\u00e9sio\",\"url\":\"https:\\\/\\\/blogdofarnesio.com.br\\\/\",\"logo\":{\"@type\":\"ImageObject\",\"inLanguage\":\"pt-BR\",\"@id\":\"https:\\\/\\\/blogdofarnesio.com.br\\\/#\\\/schema\\\/logo\\\/image\\\/\",\"url\":\"https:\\\/\\\/blogdofarnesio.com.br\\\/wp-content\\\/uploads\\\/2026\\\/03\\\/cropped-logo_new-1.png\",\"contentUrl\":\"https:\\\/\\\/blogdofarnesio.com.br\\\/wp-content\\\/uploads\\\/2026\\\/03\\\/cropped-logo_new-1.png\",\"width\":881,\"height\":685,\"caption\":\"Blog do Farn\u00e9sio\"},\"image\":{\"@id\":\"https:\\\/\\\/blogdofarnesio.com.br\\\/#\\\/schema\\\/logo\\\/image\\\/\"},\"sameAs\":[\"https:\\\/\\\/www.facebook.com\\\/BlogQuerSaberPolitica\\\/\"]},{\"@type\":\"Person\",\"@id\":\"https:\\\/\\\/blogdofarnesio.com.br\\\/#\\\/schema\\\/person\\\/bb9b23ae3ad0609ce8df7b6c9e76824d\",\"name\":\"Farn\u00e9sio\",\"image\":{\"@type\":\"ImageObject\",\"inLanguage\":\"pt-BR\",\"@id\":\"https:\\\/\\\/secure.gravatar.com\\\/avatar\\\/986aa4c61ccdb66f8555bf88fc2a65609d00bcabd4d2d94377a727547345cbca?s=96&d=mm&r=g\",\"url\":\"https:\\\/\\\/secure.gravatar.com\\\/avatar\\\/986aa4c61ccdb66f8555bf88fc2a65609d00bcabd4d2d94377a727547345cbca?s=96&d=mm&r=g\",\"contentUrl\":\"https:\\\/\\\/secure.gravatar.com\\\/avatar\\\/986aa4c61ccdb66f8555bf88fc2a65609d00bcabd4d2d94377a727547345cbca?s=96&d=mm&r=g\",\"caption\":\"Farn\u00e9sio\"},\"description\":\"Radialista blogueiro, chegou a Petrolina\\\/Juazeiro em setembro de 1980, Farn\u00e9sio Silva \u00e9 de Arapiraca-Alagoas.\",\"sameAs\":[\"http:\\\/\\\/blogdofarnesio.com.br\",\"https:\\\/\\\/www.facebook.com\\\/?ref=tn_tnmn\",\"https:\\\/\\\/www.instagram.com\\\/?utm_source=pwa_homescreen\",\"https:\\\/\\\/youtube.com.br\\\/\"],\"url\":\"https:\\\/\\\/blogdofarnesio.com.br\\\/?author=2\"}]}<\/script>\n<!-- \/ Yoast SEO plugin. -->","yoast_head_json":{"title":"Petrolina celebra o Natal da Educa\u00e7\u00e3o Infantil com uma s\u00e9rie de atividades l\u00fadicas - Blog do Farn\u00e9sio","robots":{"index":"index","follow":"follow","max-snippet":"max-snippet:-1","max-image-preview":"max-image-preview:large","max-video-preview":"max-video-preview:-1"},"canonical":"https:\/\/blogdofarnesio.com.br\/?p=302425","og_locale":"pt_BR","og_type":"article","og_title":"Petrolina celebra o Natal da Educa\u00e7\u00e3o Infantil com uma s\u00e9rie de atividades l\u00fadicas - Blog do Farn\u00e9sio","og_description":"Est\u00e1 chegando o Natal! Por isso, as celebra\u00e7\u00f5es em torno de uma das datas mais esperadas pelas crian\u00e7as j\u00e1 come\u00e7aram nos CMEIs, Novas Sementes e unidades com pr\u00e9-escola em Petrolina. Uma variada programa\u00e7\u00e3o tem\u00e1tica e educativa est\u00e1 sendo trabalhada pelas unidades de ensino, com o objetivo de fazer uma reflex\u00e3o sobre o nascimento do menino Jesus, como tamb\u00e9m, desenvolver a aprendizagem dos estudantes, atrav\u00e9s de atividades l\u00fadicas. A decora\u00e7\u00e3o natalina, a figura do Papai Noel, as m\u00fasicas, contos e o t\u00e3o sonhado presente, s\u00e3o itens trabalhados em sala de aula, num incentivo \u00e0 ingenuidade e a fantasia que fazem a alegria dos pequenos. As atividades do \u201cNatal Encantado\u201d fazem parte do projeto pedag\u00f3gico \u201cOba, \u00c9 Hora de Brincar e Aprender\u201d,&hellip;","og_url":"https:\/\/blogdofarnesio.com.br\/?p=302425","og_site_name":"Blog do Farn\u00e9sio","article_publisher":"https:\/\/www.facebook.com\/BlogQuerSaberPolitica\/","article_author":"https:\/\/www.facebook.com\/?ref=tn_tnmn","article_published_time":"2021-12-15T11:22:33+00:00","og_image":[{"width":469,"height":434,"url":"https:\/\/blogdofarnesio.com.br\/wp-content\/uploads\/2021\/12\/Natal-da-Educacao-Infantil-II-e1639517136985.jpeg","type":"image\/jpeg"}],"author":"Farn\u00e9sio","twitter_card":"summary_large_image","twitter_misc":{"Escrito por":"Farn\u00e9sio","Est. tempo de leitura":"2 minutos"},"schema":{"@context":"https:\/\/schema.org","@graph":[{"@type":"Article","@id":"https:\/\/blogdofarnesio.com.br\/?p=302425#article","isPartOf":{"@id":"https:\/\/blogdofarnesio.com.br\/?p=302425"},"author":{"name":"Farn\u00e9sio","@id":"https:\/\/blogdofarnesio.com.br\/#\/schema\/person\/bb9b23ae3ad0609ce8df7b6c9e76824d"},"headline":"Petrolina celebra o Natal da Educa\u00e7\u00e3o Infantil com uma s\u00e9rie de atividades l\u00fadicas","datePublished":"2021-12-15T11:22:33+00:00","mainEntityOfPage":{"@id":"https:\/\/blogdofarnesio.com.br\/?p=302425"},"wordCount":444,"commentCount":0,"publisher":{"@id":"https:\/\/blogdofarnesio.com.br\/#organization"},"image":{"@id":"https:\/\/blogdofarnesio.com.br\/?p=302425#primaryimage"},"thumbnailUrl":"https:\/\/blogdofarnesio.com.br\/wp-content\/uploads\/2021\/12\/Natal-da-Educacao-Infantil-II-e1639517136985.jpeg","articleSection":["A\u00e7\u00e3o Social"],"inLanguage":"pt-BR","potentialAction":[{"@type":"CommentAction","name":"Comment","target":["https:\/\/blogdofarnesio.com.br\/?p=302425#respond"]}]},{"@type":"WebPage","@id":"https:\/\/blogdofarnesio.com.br\/?p=302425","url":"https:\/\/blogdofarnesio.com.br\/?p=302425","name":"Petrolina celebra o Natal da Educa\u00e7\u00e3o Infantil com uma s\u00e9rie de atividades l\u00fadicas - Blog do Farn\u00e9sio","isPartOf":{"@id":"https:\/\/blogdofarnesio.com.br\/#website"},"primaryImageOfPage":{"@id":"https:\/\/blogdofarnesio.com.br\/?p=302425#primaryimage"},"image":{"@id":"https:\/\/blogdofarnesio.com.br\/?p=302425#primaryimage"},"thumbnailUrl":"https:\/\/blogdofarnesio.com.br\/wp-content\/uploads\/2021\/12\/Natal-da-Educacao-Infantil-II-e1639517136985.jpeg","datePublished":"2021-12-15T11:22:33+00:00","breadcrumb":{"@id":"https:\/\/blogdofarnesio.com.br\/?p=302425#breadcrumb"},"inLanguage":"pt-BR","potentialAction":[{"@type":"ReadAction","target":["https:\/\/blogdofarnesio.com.br\/?p=302425"]}]},{"@type":"ImageObject","inLanguage":"pt-BR","@id":"https:\/\/blogdofarnesio.com.br\/?p=302425#primaryimage","url":"https:\/\/blogdofarnesio.com.br\/wp-content\/uploads\/2021\/12\/Natal-da-Educacao-Infantil-II-e1639517136985.jpeg","contentUrl":"https:\/\/blogdofarnesio.com.br\/wp-content\/uploads\/2021\/12\/Natal-da-Educacao-Infantil-II-e1639517136985.jpeg","width":469,"height":434},{"@type":"BreadcrumbList","@id":"https:\/\/blogdofarnesio.com.br\/?p=302425#breadcrumb","itemListElement":[{"@type":"ListItem","position":1,"name":"In\u00edcio","item":"https:\/\/blogdofarnesio.com.br\/"},{"@type":"ListItem","position":2,"name":"Petrolina celebra o Natal da Educa\u00e7\u00e3o Infantil com uma s\u00e9rie de atividades l\u00fadicas"}]},{"@type":"WebSite","@id":"https:\/\/blogdofarnesio.com.br\/#website","url":"https:\/\/blogdofarnesio.com.br\/","name":"Blog do Farn\u00e9sio","description":"Quer Saber Pol\u00edtica?","publisher":{"@id":"https:\/\/blogdofarnesio.com.br\/#organization"},"potentialAction":[{"@type":"SearchAction","target":{"@type":"EntryPoint","urlTemplate":"https:\/\/blogdofarnesio.com.br\/?s={search_term_string}"},"query-input":{"@type":"PropertyValueSpecification","valueRequired":true,"valueName":"search_term_string"}}],"inLanguage":"pt-BR"},{"@type":"Organization","@id":"https:\/\/blogdofarnesio.com.br\/#organization","name":"Blog do Farn\u00e9sio","url":"https:\/\/blogdofarnesio.com.br\/","logo":{"@type":"ImageObject","inLanguage":"pt-BR","@id":"https:\/\/blogdofarnesio.com.br\/#\/schema\/logo\/image\/","url":"https:\/\/blogdofarnesio.com.br\/wp-content\/uploads\/2026\/03\/cropped-logo_new-1.png","contentUrl":"https:\/\/blogdofarnesio.com.br\/wp-content\/uploads\/2026\/03\/cropped-logo_new-1.png","width":881,"height":685,"caption":"Blog do Farn\u00e9sio"},"image":{"@id":"https:\/\/blogdofarnesio.com.br\/#\/schema\/logo\/image\/"},"sameAs":["https:\/\/www.facebook.com\/BlogQuerSaberPolitica\/"]},{"@type":"Person","@id":"https:\/\/blogdofarnesio.com.br\/#\/schema\/person\/bb9b23ae3ad0609ce8df7b6c9e76824d","name":"Farn\u00e9sio","image":{"@type":"ImageObject","inLanguage":"pt-BR","@id":"https:\/\/secure.gravatar.com\/avatar\/986aa4c61ccdb66f8555bf88fc2a65609d00bcabd4d2d94377a727547345cbca?s=96&d=mm&r=g","url":"https:\/\/secure.gravatar.com\/avatar\/986aa4c61ccdb66f8555bf88fc2a65609d00bcabd4d2d94377a727547345cbca?s=96&d=mm&r=g","contentUrl":"https:\/\/secure.gravatar.com\/avatar\/986aa4c61ccdb66f8555bf88fc2a65609d00bcabd4d2d94377a727547345cbca?s=96&d=mm&r=g","caption":"Farn\u00e9sio"},"description":"Radialista blogueiro, chegou a Petrolina\/Juazeiro em setembro de 1980, Farn\u00e9sio Silva \u00e9 de Arapiraca-Alagoas.","sameAs":["http:\/\/blogdofarnesio.com.br","https:\/\/www.facebook.com\/?ref=tn_tnmn","https:\/\/www.instagram.com\/?utm_source=pwa_homescreen","https:\/\/youtube.com.br\/"],"url":"https:\/\/blogdofarnesio.com.br\/?author=2"}]}},"_links":{"self":[{"href":"https:\/\/blogdofarnesio.com.br\/index.php?rest_route=\/wp\/v2\/posts\/302425","targetHints":{"allow":["GET"]}}],"collection":[{"href":"https:\/\/blogdofarnesio.com.br\/index.php?rest_route=\/wp\/v2\/posts"}],"about":[{"href":"https:\/\/blogdofarnesio.com.br\/index.php?rest_route=\/wp\/v2\/types\/post"}],"author":[{"embeddable":true,"href":"https:\/\/blogdofarnesio.com.br\/index.php?rest_route=\/wp\/v2\/users\/2"}],"replies":[{"embeddable":true,"href":"https:\/\/blogdofarnesio.com.br\/index.php?rest_route=%2Fwp%2Fv2%2Fcomments&post=302425"}],"version-history":[{"count":0,"href":"https:\/\/blogdofarnesio.com.br\/index.php?rest_route=\/wp\/v2\/posts\/302425\/revisions"}],"wp:featuredmedia":[{"embeddable":true,"href":"https:\/\/blogdofarnesio.com.br\/index.php?rest_route=\/wp\/v2\/media\/302426"}],"wp:attachment":[{"href":"https:\/\/blogdofarnesio.com.br\/index.php?rest_route=%2Fwp%2Fv2%2Fmedia&parent=302425"}],"wp:term":[{"taxonomy":"category","embeddable":true,"href":"https:\/\/blogdofarnesio.com.br\/index.php?rest_route=%2Fwp%2Fv2%2Fcategories&post=302425"},{"taxonomy":"post_tag","embeddable":true,"href":"https:\/\/blogdofarnesio.com.br\/index.php?rest_route=%2Fwp%2Fv2%2Ftags&post=302425"}],"curies":[{"name":"wp","href":"https:\/\/api.w.org\/{rel}","templated":true}]}}