{"id":302422,"date":"2021-12-15T07:42:28","date_gmt":"2021-12-15T10:42:28","guid":{"rendered":"https:\/\/blogdofarnesio.com.br\/?p=302422"},"modified":"2021-12-14T18:17:49","modified_gmt":"2021-12-14T21:17:49","slug":"prova-de-resistencia-lucinha-mota-e-esposo-ja-caminharam-mais-de-200km-em-busca-de-justica-veja-o-video","status":"publish","type":"post","link":"https:\/\/blogdofarnesio.com.br\/?p=302422","title":{"rendered":"Prova de resist\u00eancia: Lucinha Mota e esposo j\u00e1 caminharam mais de 200km em busca de Justi\u00e7a; veja o v\u00eddeo"},"content":{"rendered":"<div class=\"meta-info\">Lucinha j\u00e1 caminhou cerca de 200 km desde que saiu de Petrolina rumo a Recife no \u00faltimo domingo (05). Ela luta para que o governador Paulo C\u00e2mara aceite um grupo de investigadores americanos no caso do assassinato da sua filha. \u201cJuntos caminhamos por justi\u00e7a.<\/div>\n<div><\/div>\n<div class=\"meta-info\">Ao passar pelo municipio de Itacuruba, foi recepcionada com gritos de incentivo da popula\u00e7\u00e3o. Nossa gratid\u00e3o \u00e0 popula\u00e7\u00e3o de Itacuruba! Compartilhem e marquem o governador @paulocamara40\u201d, escreveu Lucinha no Instagran. <strong>Assista v\u00eddeo:<\/strong><\/div>\n<div class=\"td-post-text-content\">\n<div class=\"kvgmc6g5 cxmmr5t8 oygrvhab hcukyx3x c1et5uql ii04i59q\">\n<div dir=\"auto\">\n<p><iframe loading=\"lazy\" title=\"YouTube video player\" src=\"https:\/\/www.youtube.com\/embed\/51ogkFdZovU\" width=\"100%\" height=\"315\" frameborder=\"0\" allowfullscreen=\"allowfullscreen\" data-mce-fragment=\"1\"><\/iframe><\/p>\n<\/div>\n<\/div>\n<div class=\"addtoany_share_save_container addtoany_content addtoany_content_bottom\">\n<div class=\"a2a_kit a2a_kit_size_32 addtoany_list\" data-a2a-url=\"https:\/\/www.blogdorobertoararipina.com.br\/rumo-a-recife-lucinha-mota-ja-caminhou-200-km\/\" data-a2a-title=\"Rumo a Recife, Lucinha Mota j\u00e1 caminhou 200 km; assista v\u00eddeo\"><\/div>\n<\/div>\n<\/div>\n","protected":false},"excerpt":{"rendered":"<p>Lucinha j\u00e1 caminhou cerca de 200 km desde que saiu de Petrolina rumo a Recife no \u00faltimo domingo (05). Ela luta para que o governador Paulo C\u00e2mara aceite um grupo de investigadores americanos no caso do assassinato da sua filha. \u201cJuntos caminhamos por justi\u00e7a. Ao passar pelo municipio de Itacuruba, foi recepcionada com gritos de incentivo da popula\u00e7\u00e3o. Nossa gratid\u00e3o \u00e0 popula\u00e7\u00e3o de Itacuruba! Compartilhem e marquem o governador @paulocamara40\u201d, escreveu Lucinha no Instagran. Assista v\u00eddeo:<\/p>\n","protected":false},"author":2,"featured_media":302423,"comment_status":"open","ping_status":"open","sticky":false,"template":"","format":"standard","meta":{"_acf_changed":false,"footnotes":""},"categories":[43],"tags":[],"class_list":["post-302422","post","type-post","status-publish","format-standard","has-post-thumbnail","hentry","category-sem-categoria"],"acf":[],"yoast_head":"<!-- This site is optimized with the Yoast SEO plugin v27.4 - https:\/\/yoast.com\/product\/yoast-seo-wordpress\/ -->\n<title>Prova de resist\u00eancia: Lucinha Mota e esposo j\u00e1 caminharam mais de 200km em busca de Justi\u00e7a; veja o v\u00eddeo - Blog do Farn\u00e9sio<\/title>\n<meta name=\"robots\" content=\"index, follow, max-snippet:-1, max-image-preview:large, max-video-preview:-1\" \/>\n<link rel=\"canonical\" href=\"https:\/\/blogdofarnesio.com.br\/?p=302422\" \/>\n<meta property=\"og:locale\" content=\"pt_BR\" \/>\n<meta property=\"og:type\" content=\"article\" \/>\n<meta property=\"og:title\" content=\"Prova de resist\u00eancia: Lucinha Mota e esposo j\u00e1 caminharam mais de 200km em busca de Justi\u00e7a; veja o v\u00eddeo - Blog do Farn\u00e9sio\" \/>\n<meta property=\"og:description\" content=\"Lucinha j\u00e1 caminhou cerca de 200 km desde que saiu de Petrolina rumo a Recife no \u00faltimo domingo (05). Ela luta para que o governador Paulo C\u00e2mara aceite um grupo de investigadores americanos no caso do assassinato da sua filha. \u201cJuntos caminhamos por justi\u00e7a. Ao passar pelo municipio de Itacuruba, foi recepcionada com gritos de incentivo da popula\u00e7\u00e3o. Nossa gratid\u00e3o \u00e0 popula\u00e7\u00e3o de Itacuruba! Compartilhem e marquem o governador @paulocamara40\u201d, escreveu Lucinha no Instagran. Assista v\u00eddeo:\" \/>\n<meta property=\"og:url\" content=\"https:\/\/blogdofarnesio.com.br\/?p=302422\" \/>\n<meta property=\"og:site_name\" content=\"Blog do Farn\u00e9sio\" \/>\n<meta property=\"article:publisher\" content=\"https:\/\/www.facebook.com\/BlogQuerSaberPolitica\/\" \/>\n<meta property=\"article:author\" content=\"https:\/\/www.facebook.com\/?ref=tn_tnmn\" \/>\n<meta property=\"article:published_time\" content=\"2021-12-15T10:42:28+00:00\" \/>\n<meta property=\"og:image\" content=\"https:\/\/blogdofarnesio.com.br\/wp-content\/uploads\/2021\/12\/blogqspbeatriz-Lucinha-Itacuruba-13-dez-2021-300x218-1.jpg\" \/>\n\t<meta property=\"og:image:width\" content=\"300\" \/>\n\t<meta property=\"og:image:height\" content=\"218\" \/>\n\t<meta property=\"og:image:type\" content=\"image\/jpeg\" \/>\n<meta name=\"author\" content=\"Farn\u00e9sio\" \/>\n<meta name=\"twitter:card\" content=\"summary_large_image\" \/>\n<meta name=\"twitter:label1\" content=\"Escrito por\" \/>\n\t<meta name=\"twitter:data1\" content=\"Farn\u00e9sio\" \/>\n<script type=\"application\/ld+json\" class=\"yoast-schema-graph\">{\"@context\":\"https:\\\/\\\/schema.org\",\"@graph\":[{\"@type\":\"Article\",\"@id\":\"https:\\\/\\\/blogdofarnesio.com.br\\\/?p=302422#article\",\"isPartOf\":{\"@id\":\"https:\\\/\\\/blogdofarnesio.com.br\\\/?p=302422\"},\"author\":{\"name\":\"Farn\u00e9sio\",\"@id\":\"https:\\\/\\\/blogdofarnesio.com.br\\\/#\\\/schema\\\/person\\\/bb9b23ae3ad0609ce8df7b6c9e76824d\"},\"headline\":\"Prova de resist\u00eancia: Lucinha Mota e esposo j\u00e1 caminharam mais de 200km em busca de Justi\u00e7a; veja o v\u00eddeo\",\"datePublished\":\"2021-12-15T10:42:28+00:00\",\"mainEntityOfPage\":{\"@id\":\"https:\\\/\\\/blogdofarnesio.com.br\\\/?p=302422\"},\"wordCount\":101,\"commentCount\":0,\"publisher\":{\"@id\":\"https:\\\/\\\/blogdofarnesio.com.br\\\/#organization\"},\"image\":{\"@id\":\"https:\\\/\\\/blogdofarnesio.com.br\\\/?p=302422#primaryimage\"},\"thumbnailUrl\":\"https:\\\/\\\/blogdofarnesio.com.br\\\/wp-content\\\/uploads\\\/2021\\\/12\\\/blogqspbeatriz-Lucinha-Itacuruba-13-dez-2021-300x218-1.jpg\",\"inLanguage\":\"pt-BR\",\"potentialAction\":[{\"@type\":\"CommentAction\",\"name\":\"Comment\",\"target\":[\"https:\\\/\\\/blogdofarnesio.com.br\\\/?p=302422#respond\"]}]},{\"@type\":\"WebPage\",\"@id\":\"https:\\\/\\\/blogdofarnesio.com.br\\\/?p=302422\",\"url\":\"https:\\\/\\\/blogdofarnesio.com.br\\\/?p=302422\",\"name\":\"Prova de resist\u00eancia: Lucinha Mota e esposo j\u00e1 caminharam mais de 200km em busca de Justi\u00e7a; veja o v\u00eddeo - Blog do Farn\u00e9sio\",\"isPartOf\":{\"@id\":\"https:\\\/\\\/blogdofarnesio.com.br\\\/#website\"},\"primaryImageOfPage\":{\"@id\":\"https:\\\/\\\/blogdofarnesio.com.br\\\/?p=302422#primaryimage\"},\"image\":{\"@id\":\"https:\\\/\\\/blogdofarnesio.com.br\\\/?p=302422#primaryimage\"},\"thumbnailUrl\":\"https:\\\/\\\/blogdofarnesio.com.br\\\/wp-content\\\/uploads\\\/2021\\\/12\\\/blogqspbeatriz-Lucinha-Itacuruba-13-dez-2021-300x218-1.jpg\",\"datePublished\":\"2021-12-15T10:42:28+00:00\",\"breadcrumb\":{\"@id\":\"https:\\\/\\\/blogdofarnesio.com.br\\\/?p=302422#breadcrumb\"},\"inLanguage\":\"pt-BR\",\"potentialAction\":[{\"@type\":\"ReadAction\",\"target\":[\"https:\\\/\\\/blogdofarnesio.com.br\\\/?p=302422\"]}]},{\"@type\":\"ImageObject\",\"inLanguage\":\"pt-BR\",\"@id\":\"https:\\\/\\\/blogdofarnesio.com.br\\\/?p=302422#primaryimage\",\"url\":\"https:\\\/\\\/blogdofarnesio.com.br\\\/wp-content\\\/uploads\\\/2021\\\/12\\\/blogqspbeatriz-Lucinha-Itacuruba-13-dez-2021-300x218-1.jpg\",\"contentUrl\":\"https:\\\/\\\/blogdofarnesio.com.br\\\/wp-content\\\/uploads\\\/2021\\\/12\\\/blogqspbeatriz-Lucinha-Itacuruba-13-dez-2021-300x218-1.jpg\",\"width\":300,\"height\":218},{\"@type\":\"BreadcrumbList\",\"@id\":\"https:\\\/\\\/blogdofarnesio.com.br\\\/?p=302422#breadcrumb\",\"itemListElement\":[{\"@type\":\"ListItem\",\"position\":1,\"name\":\"In\u00edcio\",\"item\":\"https:\\\/\\\/blogdofarnesio.com.br\\\/\"},{\"@type\":\"ListItem\",\"position\":2,\"name\":\"Prova de resist\u00eancia: Lucinha Mota e esposo j\u00e1 caminharam mais de 200km em busca de Justi\u00e7a; veja o v\u00eddeo\"}]},{\"@type\":\"WebSite\",\"@id\":\"https:\\\/\\\/blogdofarnesio.com.br\\\/#website\",\"url\":\"https:\\\/\\\/blogdofarnesio.com.br\\\/\",\"name\":\"Blog do Farn\u00e9sio\",\"description\":\"Quer Saber Pol\u00edtica?\",\"publisher\":{\"@id\":\"https:\\\/\\\/blogdofarnesio.com.br\\\/#organization\"},\"potentialAction\":[{\"@type\":\"SearchAction\",\"target\":{\"@type\":\"EntryPoint\",\"urlTemplate\":\"https:\\\/\\\/blogdofarnesio.com.br\\\/?s={search_term_string}\"},\"query-input\":{\"@type\":\"PropertyValueSpecification\",\"valueRequired\":true,\"valueName\":\"search_term_string\"}}],\"inLanguage\":\"pt-BR\"},{\"@type\":\"Organization\",\"@id\":\"https:\\\/\\\/blogdofarnesio.com.br\\\/#organization\",\"name\":\"Blog do Farn\u00e9sio\",\"url\":\"https:\\\/\\\/blogdofarnesio.com.br\\\/\",\"logo\":{\"@type\":\"ImageObject\",\"inLanguage\":\"pt-BR\",\"@id\":\"https:\\\/\\\/blogdofarnesio.com.br\\\/#\\\/schema\\\/logo\\\/image\\\/\",\"url\":\"https:\\\/\\\/blogdofarnesio.com.br\\\/wp-content\\\/uploads\\\/2026\\\/03\\\/cropped-logo_new-1.png\",\"contentUrl\":\"https:\\\/\\\/blogdofarnesio.com.br\\\/wp-content\\\/uploads\\\/2026\\\/03\\\/cropped-logo_new-1.png\",\"width\":881,\"height\":685,\"caption\":\"Blog do Farn\u00e9sio\"},\"image\":{\"@id\":\"https:\\\/\\\/blogdofarnesio.com.br\\\/#\\\/schema\\\/logo\\\/image\\\/\"},\"sameAs\":[\"https:\\\/\\\/www.facebook.com\\\/BlogQuerSaberPolitica\\\/\"]},{\"@type\":\"Person\",\"@id\":\"https:\\\/\\\/blogdofarnesio.com.br\\\/#\\\/schema\\\/person\\\/bb9b23ae3ad0609ce8df7b6c9e76824d\",\"name\":\"Farn\u00e9sio\",\"image\":{\"@type\":\"ImageObject\",\"inLanguage\":\"pt-BR\",\"@id\":\"https:\\\/\\\/secure.gravatar.com\\\/avatar\\\/986aa4c61ccdb66f8555bf88fc2a65609d00bcabd4d2d94377a727547345cbca?s=96&d=mm&r=g\",\"url\":\"https:\\\/\\\/secure.gravatar.com\\\/avatar\\\/986aa4c61ccdb66f8555bf88fc2a65609d00bcabd4d2d94377a727547345cbca?s=96&d=mm&r=g\",\"contentUrl\":\"https:\\\/\\\/secure.gravatar.com\\\/avatar\\\/986aa4c61ccdb66f8555bf88fc2a65609d00bcabd4d2d94377a727547345cbca?s=96&d=mm&r=g\",\"caption\":\"Farn\u00e9sio\"},\"description\":\"Radialista blogueiro, chegou a Petrolina\\\/Juazeiro em setembro de 1980, Farn\u00e9sio Silva \u00e9 de Arapiraca-Alagoas.\",\"sameAs\":[\"http:\\\/\\\/blogdofarnesio.com.br\",\"https:\\\/\\\/www.facebook.com\\\/?ref=tn_tnmn\",\"https:\\\/\\\/www.instagram.com\\\/?utm_source=pwa_homescreen\",\"https:\\\/\\\/youtube.com.br\\\/\"],\"url\":\"https:\\\/\\\/blogdofarnesio.com.br\\\/?author=2\"}]}<\/script>\n<!-- \/ Yoast SEO plugin. -->","yoast_head_json":{"title":"Prova de resist\u00eancia: Lucinha Mota e esposo j\u00e1 caminharam mais de 200km em busca de Justi\u00e7a; veja o v\u00eddeo - Blog do Farn\u00e9sio","robots":{"index":"index","follow":"follow","max-snippet":"max-snippet:-1","max-image-preview":"max-image-preview:large","max-video-preview":"max-video-preview:-1"},"canonical":"https:\/\/blogdofarnesio.com.br\/?p=302422","og_locale":"pt_BR","og_type":"article","og_title":"Prova de resist\u00eancia: Lucinha Mota e esposo j\u00e1 caminharam mais de 200km em busca de Justi\u00e7a; veja o v\u00eddeo - Blog do Farn\u00e9sio","og_description":"Lucinha j\u00e1 caminhou cerca de 200 km desde que saiu de Petrolina rumo a Recife no \u00faltimo domingo (05). Ela luta para que o governador Paulo C\u00e2mara aceite um grupo de investigadores americanos no caso do assassinato da sua filha. \u201cJuntos caminhamos por justi\u00e7a. Ao passar pelo municipio de Itacuruba, foi recepcionada com gritos de incentivo da popula\u00e7\u00e3o. Nossa gratid\u00e3o \u00e0 popula\u00e7\u00e3o de Itacuruba! Compartilhem e marquem o governador @paulocamara40\u201d, escreveu Lucinha no Instagran. Assista v\u00eddeo:","og_url":"https:\/\/blogdofarnesio.com.br\/?p=302422","og_site_name":"Blog do Farn\u00e9sio","article_publisher":"https:\/\/www.facebook.com\/BlogQuerSaberPolitica\/","article_author":"https:\/\/www.facebook.com\/?ref=tn_tnmn","article_published_time":"2021-12-15T10:42:28+00:00","og_image":[{"width":300,"height":218,"url":"https:\/\/blogdofarnesio.com.br\/wp-content\/uploads\/2021\/12\/blogqspbeatriz-Lucinha-Itacuruba-13-dez-2021-300x218-1.jpg","type":"image\/jpeg"}],"author":"Farn\u00e9sio","twitter_card":"summary_large_image","twitter_misc":{"Escrito por":"Farn\u00e9sio"},"schema":{"@context":"https:\/\/schema.org","@graph":[{"@type":"Article","@id":"https:\/\/blogdofarnesio.com.br\/?p=302422#article","isPartOf":{"@id":"https:\/\/blogdofarnesio.com.br\/?p=302422"},"author":{"name":"Farn\u00e9sio","@id":"https:\/\/blogdofarnesio.com.br\/#\/schema\/person\/bb9b23ae3ad0609ce8df7b6c9e76824d"},"headline":"Prova de resist\u00eancia: Lucinha Mota e esposo j\u00e1 caminharam mais de 200km em busca de Justi\u00e7a; veja o v\u00eddeo","datePublished":"2021-12-15T10:42:28+00:00","mainEntityOfPage":{"@id":"https:\/\/blogdofarnesio.com.br\/?p=302422"},"wordCount":101,"commentCount":0,"publisher":{"@id":"https:\/\/blogdofarnesio.com.br\/#organization"},"image":{"@id":"https:\/\/blogdofarnesio.com.br\/?p=302422#primaryimage"},"thumbnailUrl":"https:\/\/blogdofarnesio.com.br\/wp-content\/uploads\/2021\/12\/blogqspbeatriz-Lucinha-Itacuruba-13-dez-2021-300x218-1.jpg","inLanguage":"pt-BR","potentialAction":[{"@type":"CommentAction","name":"Comment","target":["https:\/\/blogdofarnesio.com.br\/?p=302422#respond"]}]},{"@type":"WebPage","@id":"https:\/\/blogdofarnesio.com.br\/?p=302422","url":"https:\/\/blogdofarnesio.com.br\/?p=302422","name":"Prova de resist\u00eancia: Lucinha Mota e esposo j\u00e1 caminharam mais de 200km em busca de Justi\u00e7a; veja o v\u00eddeo - Blog do Farn\u00e9sio","isPartOf":{"@id":"https:\/\/blogdofarnesio.com.br\/#website"},"primaryImageOfPage":{"@id":"https:\/\/blogdofarnesio.com.br\/?p=302422#primaryimage"},"image":{"@id":"https:\/\/blogdofarnesio.com.br\/?p=302422#primaryimage"},"thumbnailUrl":"https:\/\/blogdofarnesio.com.br\/wp-content\/uploads\/2021\/12\/blogqspbeatriz-Lucinha-Itacuruba-13-dez-2021-300x218-1.jpg","datePublished":"2021-12-15T10:42:28+00:00","breadcrumb":{"@id":"https:\/\/blogdofarnesio.com.br\/?p=302422#breadcrumb"},"inLanguage":"pt-BR","potentialAction":[{"@type":"ReadAction","target":["https:\/\/blogdofarnesio.com.br\/?p=302422"]}]},{"@type":"ImageObject","inLanguage":"pt-BR","@id":"https:\/\/blogdofarnesio.com.br\/?p=302422#primaryimage","url":"https:\/\/blogdofarnesio.com.br\/wp-content\/uploads\/2021\/12\/blogqspbeatriz-Lucinha-Itacuruba-13-dez-2021-300x218-1.jpg","contentUrl":"https:\/\/blogdofarnesio.com.br\/wp-content\/uploads\/2021\/12\/blogqspbeatriz-Lucinha-Itacuruba-13-dez-2021-300x218-1.jpg","width":300,"height":218},{"@type":"BreadcrumbList","@id":"https:\/\/blogdofarnesio.com.br\/?p=302422#breadcrumb","itemListElement":[{"@type":"ListItem","position":1,"name":"In\u00edcio","item":"https:\/\/blogdofarnesio.com.br\/"},{"@type":"ListItem","position":2,"name":"Prova de resist\u00eancia: Lucinha Mota e esposo j\u00e1 caminharam mais de 200km em busca de Justi\u00e7a; veja o v\u00eddeo"}]},{"@type":"WebSite","@id":"https:\/\/blogdofarnesio.com.br\/#website","url":"https:\/\/blogdofarnesio.com.br\/","name":"Blog do Farn\u00e9sio","description":"Quer Saber Pol\u00edtica?","publisher":{"@id":"https:\/\/blogdofarnesio.com.br\/#organization"},"potentialAction":[{"@type":"SearchAction","target":{"@type":"EntryPoint","urlTemplate":"https:\/\/blogdofarnesio.com.br\/?s={search_term_string}"},"query-input":{"@type":"PropertyValueSpecification","valueRequired":true,"valueName":"search_term_string"}}],"inLanguage":"pt-BR"},{"@type":"Organization","@id":"https:\/\/blogdofarnesio.com.br\/#organization","name":"Blog do Farn\u00e9sio","url":"https:\/\/blogdofarnesio.com.br\/","logo":{"@type":"ImageObject","inLanguage":"pt-BR","@id":"https:\/\/blogdofarnesio.com.br\/#\/schema\/logo\/image\/","url":"https:\/\/blogdofarnesio.com.br\/wp-content\/uploads\/2026\/03\/cropped-logo_new-1.png","contentUrl":"https:\/\/blogdofarnesio.com.br\/wp-content\/uploads\/2026\/03\/cropped-logo_new-1.png","width":881,"height":685,"caption":"Blog do Farn\u00e9sio"},"image":{"@id":"https:\/\/blogdofarnesio.com.br\/#\/schema\/logo\/image\/"},"sameAs":["https:\/\/www.facebook.com\/BlogQuerSaberPolitica\/"]},{"@type":"Person","@id":"https:\/\/blogdofarnesio.com.br\/#\/schema\/person\/bb9b23ae3ad0609ce8df7b6c9e76824d","name":"Farn\u00e9sio","image":{"@type":"ImageObject","inLanguage":"pt-BR","@id":"https:\/\/secure.gravatar.com\/avatar\/986aa4c61ccdb66f8555bf88fc2a65609d00bcabd4d2d94377a727547345cbca?s=96&d=mm&r=g","url":"https:\/\/secure.gravatar.com\/avatar\/986aa4c61ccdb66f8555bf88fc2a65609d00bcabd4d2d94377a727547345cbca?s=96&d=mm&r=g","contentUrl":"https:\/\/secure.gravatar.com\/avatar\/986aa4c61ccdb66f8555bf88fc2a65609d00bcabd4d2d94377a727547345cbca?s=96&d=mm&r=g","caption":"Farn\u00e9sio"},"description":"Radialista blogueiro, chegou a Petrolina\/Juazeiro em setembro de 1980, Farn\u00e9sio Silva \u00e9 de Arapiraca-Alagoas.","sameAs":["http:\/\/blogdofarnesio.com.br","https:\/\/www.facebook.com\/?ref=tn_tnmn","https:\/\/www.instagram.com\/?utm_source=pwa_homescreen","https:\/\/youtube.com.br\/"],"url":"https:\/\/blogdofarnesio.com.br\/?author=2"}]}},"_links":{"self":[{"href":"https:\/\/blogdofarnesio.com.br\/index.php?rest_route=\/wp\/v2\/posts\/302422","targetHints":{"allow":["GET"]}}],"collection":[{"href":"https:\/\/blogdofarnesio.com.br\/index.php?rest_route=\/wp\/v2\/posts"}],"about":[{"href":"https:\/\/blogdofarnesio.com.br\/index.php?rest_route=\/wp\/v2\/types\/post"}],"author":[{"embeddable":true,"href":"https:\/\/blogdofarnesio.com.br\/index.php?rest_route=\/wp\/v2\/users\/2"}],"replies":[{"embeddable":true,"href":"https:\/\/blogdofarnesio.com.br\/index.php?rest_route=%2Fwp%2Fv2%2Fcomments&post=302422"}],"version-history":[{"count":0,"href":"https:\/\/blogdofarnesio.com.br\/index.php?rest_route=\/wp\/v2\/posts\/302422\/revisions"}],"wp:featuredmedia":[{"embeddable":true,"href":"https:\/\/blogdofarnesio.com.br\/index.php?rest_route=\/wp\/v2\/media\/302423"}],"wp:attachment":[{"href":"https:\/\/blogdofarnesio.com.br\/index.php?rest_route=%2Fwp%2Fv2%2Fmedia&parent=302422"}],"wp:term":[{"taxonomy":"category","embeddable":true,"href":"https:\/\/blogdofarnesio.com.br\/index.php?rest_route=%2Fwp%2Fv2%2Fcategories&post=302422"},{"taxonomy":"post_tag","embeddable":true,"href":"https:\/\/blogdofarnesio.com.br\/index.php?rest_route=%2Fwp%2Fv2%2Ftags&post=302422"}],"curies":[{"name":"wp","href":"https:\/\/api.w.org\/{rel}","templated":true}]}}