{"id":302414,"date":"2021-12-15T10:43:57","date_gmt":"2021-12-15T13:43:57","guid":{"rendered":"https:\/\/blogdofarnesio.com.br\/?p=302414"},"modified":"2021-12-15T08:59:21","modified_gmt":"2021-12-15T11:59:21","slug":"recital-marca-lancamento-do-livro-de-jose-inacio-vieira-de-melo-em-petrolina-e-juazeiro","status":"publish","type":"post","link":"https:\/\/blogdofarnesio.com.br\/?p=302414","title":{"rendered":"Recital marca lan\u00e7amento do livro de Jos\u00e9 In\u00e1cio Vieira de Melo em Petrolina e Juazeiro"},"content":{"rendered":"<p>Um recital po\u00e9tico musical com a participa\u00e7\u00e3o de nomes conhecidos da cena art\u00edstica do Vale do S\u00e3o Francisco vai movimentar a regi\u00e3o nesta quinta (16) e sexta-feiras (17), durante o lan\u00e7amento do livro, &#8216;Garatujas Selvagens&#8217;, do poeta, jornalista e produtor cultural alagoano, Jos\u00e9 In\u00e1cio Vieira de Melo.<\/p>\n<p>A primeira noite de aut\u00f3grafos, na quinta, vai acontecer a partir das 19h no bar e restaurante O Casar\u00e3o, em pleno cora\u00e7\u00e3o da Petrolina Antiga. O poeta e jornalista Carlos Laerte abre os trabalhos fazendo uma breve apresenta\u00e7\u00e3o da obra e do autor.<\/p>\n<p>Na sequ\u00eancia, o p\u00fablico confere a musicalidade do cantor e compositor Roberto Possidio e um recital com poetas regionais declamando versos do livro Garatujas Selvagens. J\u00e1 est\u00e3o confirmadas as participa\u00e7\u00f5es do professor e poeta Josemar Pinzoh, do poeta e advogado Wolney J\u00fanior (Penquinha), a poeta e pedagoga Sidroniosa Pinheiro e a poetisa e advogada Hosana Heitz.<\/p>\n<p>&nbsp;<\/p>\n<p>J\u00e1 no dia seguinte, em Juazeiro, quem dar\u00e1 as boas &#8211; vindas ser\u00e1 o poeta e editor Jo\u00e3o Gilberto Guimar\u00e3es. O lan\u00e7amento em solo baiano come\u00e7a tamb\u00e9m \u00e0s 19h no bar Acabou Chorare (em frente a antiga quadra da Franvale), com apresenta\u00e7\u00e3o musical da Banda Erva Doce e sauda\u00e7\u00e3o da poetisa Barbara Pontes, do professor Cosme Batista e da professora e historiadora Odomaria Bandeira, que tamb\u00e9m v\u00e3o recitar poemas de Jos\u00e9 In\u00e1cio. Durante as noites de aut\u00f3grafos, o poeta visitante vai apresentar o recital \u201cRabiscos rupestres, a rota do ser\u201d.<\/p>\n<p>&nbsp;<\/p>\n<p>Jos\u00e9 In\u00e1cio Vieira de Melo j\u00e1 conquistou v\u00e1rios pr\u00eamios liter\u00e1rios e<\/p>\n<p>publicou nove livros de poemas, dentre eles &#8220;Pedra S\u00f3&#8221; (2012), &#8220;Sete&#8221; (2015) e \u201cEntre a estrada e a estrela\u201d (2017). Publicou tamb\u00e9m as antologias \u201c50 poemas escolhidos pelo autor\u201d (2011) e \u201cO galope de Ulisses\u201d (2014). Participa de in\u00fameras antologias no Brasil e no exterior. Coordenador e curador de v\u00e1rios eventos liter\u00e1rios, como a Pra\u00e7a de Poesia e Cordel, na 9\u00aa, 10\u00aa e 11\u00aa Bienal do Livro da Bahia (2009, 2011, 2013), em Salvador, o Cabar\u00e9 Liter\u00e1rio, na I Feira Liter\u00e1ria Ler Amado, em Ilh\u00e9us (2012) e a Flipel\u00f4 \u2013 Festa Liter\u00e1ria Internacional do Pelourinho (2017 a 2021), em Salvador, assim como os projetos Poesia na Boca da Noite (2004 a 2007), em Salvador, Travessia das Palavras (2009 e 2010), em Jequi\u00e9, e Uma Prosa Sobre Versos (2007 a 2017), na cidade de Marac\u00e1s, no Vale do Jiquiri\u00e7\u00e1.<\/p>\n<p><span style=\"font-style: inherit; font-weight: inherit;\">\u00a0<\/span><strong>&#8212;<\/strong><\/p>\n<p style=\"font-style: inherit; font-weight: inherit;\"><strong>CLAS Comunica\u00e7\u00e3o &amp; Marketing<\/strong><\/p>\n","protected":false},"excerpt":{"rendered":"<p>Um recital po\u00e9tico musical com a participa\u00e7\u00e3o de nomes conhecidos da cena art\u00edstica do Vale do S\u00e3o Francisco vai movimentar a regi\u00e3o nesta quinta (16) e sexta-feiras (17), durante o lan\u00e7amento do livro, &#8216;Garatujas Selvagens&#8217;, do poeta, jornalista e produtor cultural alagoano, Jos\u00e9 In\u00e1cio Vieira de Melo. A primeira noite de aut\u00f3grafos, na quinta, vai acontecer a partir das 19h no bar e restaurante O Casar\u00e3o, em pleno cora\u00e7\u00e3o da Petrolina Antiga. O poeta e jornalista Carlos Laerte abre os trabalhos fazendo uma breve apresenta\u00e7\u00e3o da obra e do autor. Na sequ\u00eancia, o p\u00fablico confere a musicalidade do cantor e compositor Roberto Possidio e um recital com poetas regionais declamando versos do livro Garatujas Selvagens. J\u00e1 est\u00e3o confirmadas as participa\u00e7\u00f5es&hellip; <\/p>\n","protected":false},"author":2,"featured_media":302415,"comment_status":"open","ping_status":"open","sticky":false,"template":"","format":"standard","meta":{"_acf_changed":false,"footnotes":""},"categories":[10],"tags":[],"class_list":["post-302414","post","type-post","status-publish","format-standard","has-post-thumbnail","hentry","category-cultura"],"acf":[],"yoast_head":"<!-- This site is optimized with the Yoast SEO plugin v27.4 - https:\/\/yoast.com\/product\/yoast-seo-wordpress\/ -->\n<title>Recital marca lan\u00e7amento do livro de Jos\u00e9 In\u00e1cio Vieira de Melo em Petrolina e Juazeiro - Blog do Farn\u00e9sio<\/title>\n<meta name=\"robots\" content=\"index, follow, max-snippet:-1, max-image-preview:large, max-video-preview:-1\" \/>\n<link rel=\"canonical\" href=\"https:\/\/blogdofarnesio.com.br\/?p=302414\" \/>\n<meta property=\"og:locale\" content=\"pt_BR\" \/>\n<meta property=\"og:type\" content=\"article\" \/>\n<meta property=\"og:title\" content=\"Recital marca lan\u00e7amento do livro de Jos\u00e9 In\u00e1cio Vieira de Melo em Petrolina e Juazeiro - Blog do Farn\u00e9sio\" \/>\n<meta property=\"og:description\" content=\"Um recital po\u00e9tico musical com a participa\u00e7\u00e3o de nomes conhecidos da cena art\u00edstica do Vale do S\u00e3o Francisco vai movimentar a regi\u00e3o nesta quinta (16) e sexta-feiras (17), durante o lan\u00e7amento do livro, &#8216;Garatujas Selvagens&#8217;, do poeta, jornalista e produtor cultural alagoano, Jos\u00e9 In\u00e1cio Vieira de Melo. A primeira noite de aut\u00f3grafos, na quinta, vai acontecer a partir das 19h no bar e restaurante O Casar\u00e3o, em pleno cora\u00e7\u00e3o da Petrolina Antiga. O poeta e jornalista Carlos Laerte abre os trabalhos fazendo uma breve apresenta\u00e7\u00e3o da obra e do autor. Na sequ\u00eancia, o p\u00fablico confere a musicalidade do cantor e compositor Roberto Possidio e um recital com poetas regionais declamando versos do livro Garatujas Selvagens. J\u00e1 est\u00e3o confirmadas as participa\u00e7\u00f5es&hellip;\" \/>\n<meta property=\"og:url\" content=\"https:\/\/blogdofarnesio.com.br\/?p=302414\" \/>\n<meta property=\"og:site_name\" content=\"Blog do Farn\u00e9sio\" \/>\n<meta property=\"article:publisher\" content=\"https:\/\/www.facebook.com\/BlogQuerSaberPolitica\/\" \/>\n<meta property=\"article:author\" content=\"https:\/\/www.facebook.com\/?ref=tn_tnmn\" \/>\n<meta property=\"article:published_time\" content=\"2021-12-15T13:43:57+00:00\" \/>\n<meta property=\"og:image\" content=\"https:\/\/blogdofarnesio.com.br\/wp-content\/uploads\/2021\/12\/WhatsApp-Image-2021-12-14-at-17.09.05-e1639514949959.jpeg\" \/>\n\t<meta property=\"og:image:width\" content=\"601\" \/>\n\t<meta property=\"og:image:height\" content=\"488\" \/>\n\t<meta property=\"og:image:type\" content=\"image\/jpeg\" \/>\n<meta name=\"author\" content=\"Farn\u00e9sio\" \/>\n<meta name=\"twitter:card\" content=\"summary_large_image\" \/>\n<meta name=\"twitter:label1\" content=\"Escrito por\" \/>\n\t<meta name=\"twitter:data1\" content=\"Farn\u00e9sio\" \/>\n\t<meta name=\"twitter:label2\" content=\"Est. tempo de leitura\" \/>\n\t<meta name=\"twitter:data2\" content=\"3 minutos\" \/>\n<script type=\"application\/ld+json\" class=\"yoast-schema-graph\">{\"@context\":\"https:\\\/\\\/schema.org\",\"@graph\":[{\"@type\":\"Article\",\"@id\":\"https:\\\/\\\/blogdofarnesio.com.br\\\/?p=302414#article\",\"isPartOf\":{\"@id\":\"https:\\\/\\\/blogdofarnesio.com.br\\\/?p=302414\"},\"author\":{\"name\":\"Farn\u00e9sio\",\"@id\":\"https:\\\/\\\/blogdofarnesio.com.br\\\/#\\\/schema\\\/person\\\/bb9b23ae3ad0609ce8df7b6c9e76824d\"},\"headline\":\"Recital marca lan\u00e7amento do livro de Jos\u00e9 In\u00e1cio Vieira de Melo em Petrolina e Juazeiro\",\"datePublished\":\"2021-12-15T13:43:57+00:00\",\"mainEntityOfPage\":{\"@id\":\"https:\\\/\\\/blogdofarnesio.com.br\\\/?p=302414\"},\"wordCount\":427,\"commentCount\":0,\"publisher\":{\"@id\":\"https:\\\/\\\/blogdofarnesio.com.br\\\/#organization\"},\"image\":{\"@id\":\"https:\\\/\\\/blogdofarnesio.com.br\\\/?p=302414#primaryimage\"},\"thumbnailUrl\":\"https:\\\/\\\/blogdofarnesio.com.br\\\/wp-content\\\/uploads\\\/2021\\\/12\\\/WhatsApp-Image-2021-12-14-at-17.09.05-e1639514949959.jpeg\",\"articleSection\":[\"Cultura\"],\"inLanguage\":\"pt-BR\",\"potentialAction\":[{\"@type\":\"CommentAction\",\"name\":\"Comment\",\"target\":[\"https:\\\/\\\/blogdofarnesio.com.br\\\/?p=302414#respond\"]}]},{\"@type\":\"WebPage\",\"@id\":\"https:\\\/\\\/blogdofarnesio.com.br\\\/?p=302414\",\"url\":\"https:\\\/\\\/blogdofarnesio.com.br\\\/?p=302414\",\"name\":\"Recital marca lan\u00e7amento do livro de Jos\u00e9 In\u00e1cio Vieira de Melo em Petrolina e Juazeiro - Blog do Farn\u00e9sio\",\"isPartOf\":{\"@id\":\"https:\\\/\\\/blogdofarnesio.com.br\\\/#website\"},\"primaryImageOfPage\":{\"@id\":\"https:\\\/\\\/blogdofarnesio.com.br\\\/?p=302414#primaryimage\"},\"image\":{\"@id\":\"https:\\\/\\\/blogdofarnesio.com.br\\\/?p=302414#primaryimage\"},\"thumbnailUrl\":\"https:\\\/\\\/blogdofarnesio.com.br\\\/wp-content\\\/uploads\\\/2021\\\/12\\\/WhatsApp-Image-2021-12-14-at-17.09.05-e1639514949959.jpeg\",\"datePublished\":\"2021-12-15T13:43:57+00:00\",\"breadcrumb\":{\"@id\":\"https:\\\/\\\/blogdofarnesio.com.br\\\/?p=302414#breadcrumb\"},\"inLanguage\":\"pt-BR\",\"potentialAction\":[{\"@type\":\"ReadAction\",\"target\":[\"https:\\\/\\\/blogdofarnesio.com.br\\\/?p=302414\"]}]},{\"@type\":\"ImageObject\",\"inLanguage\":\"pt-BR\",\"@id\":\"https:\\\/\\\/blogdofarnesio.com.br\\\/?p=302414#primaryimage\",\"url\":\"https:\\\/\\\/blogdofarnesio.com.br\\\/wp-content\\\/uploads\\\/2021\\\/12\\\/WhatsApp-Image-2021-12-14-at-17.09.05-e1639514949959.jpeg\",\"contentUrl\":\"https:\\\/\\\/blogdofarnesio.com.br\\\/wp-content\\\/uploads\\\/2021\\\/12\\\/WhatsApp-Image-2021-12-14-at-17.09.05-e1639514949959.jpeg\",\"width\":601,\"height\":488},{\"@type\":\"BreadcrumbList\",\"@id\":\"https:\\\/\\\/blogdofarnesio.com.br\\\/?p=302414#breadcrumb\",\"itemListElement\":[{\"@type\":\"ListItem\",\"position\":1,\"name\":\"In\u00edcio\",\"item\":\"https:\\\/\\\/blogdofarnesio.com.br\\\/\"},{\"@type\":\"ListItem\",\"position\":2,\"name\":\"Recital marca lan\u00e7amento do livro de Jos\u00e9 In\u00e1cio Vieira de Melo em Petrolina e Juazeiro\"}]},{\"@type\":\"WebSite\",\"@id\":\"https:\\\/\\\/blogdofarnesio.com.br\\\/#website\",\"url\":\"https:\\\/\\\/blogdofarnesio.com.br\\\/\",\"name\":\"Blog do Farn\u00e9sio\",\"description\":\"Quer Saber Pol\u00edtica?\",\"publisher\":{\"@id\":\"https:\\\/\\\/blogdofarnesio.com.br\\\/#organization\"},\"potentialAction\":[{\"@type\":\"SearchAction\",\"target\":{\"@type\":\"EntryPoint\",\"urlTemplate\":\"https:\\\/\\\/blogdofarnesio.com.br\\\/?s={search_term_string}\"},\"query-input\":{\"@type\":\"PropertyValueSpecification\",\"valueRequired\":true,\"valueName\":\"search_term_string\"}}],\"inLanguage\":\"pt-BR\"},{\"@type\":\"Organization\",\"@id\":\"https:\\\/\\\/blogdofarnesio.com.br\\\/#organization\",\"name\":\"Blog do Farn\u00e9sio\",\"url\":\"https:\\\/\\\/blogdofarnesio.com.br\\\/\",\"logo\":{\"@type\":\"ImageObject\",\"inLanguage\":\"pt-BR\",\"@id\":\"https:\\\/\\\/blogdofarnesio.com.br\\\/#\\\/schema\\\/logo\\\/image\\\/\",\"url\":\"https:\\\/\\\/blogdofarnesio.com.br\\\/wp-content\\\/uploads\\\/2026\\\/03\\\/cropped-logo_new-1.png\",\"contentUrl\":\"https:\\\/\\\/blogdofarnesio.com.br\\\/wp-content\\\/uploads\\\/2026\\\/03\\\/cropped-logo_new-1.png\",\"width\":881,\"height\":685,\"caption\":\"Blog do Farn\u00e9sio\"},\"image\":{\"@id\":\"https:\\\/\\\/blogdofarnesio.com.br\\\/#\\\/schema\\\/logo\\\/image\\\/\"},\"sameAs\":[\"https:\\\/\\\/www.facebook.com\\\/BlogQuerSaberPolitica\\\/\"]},{\"@type\":\"Person\",\"@id\":\"https:\\\/\\\/blogdofarnesio.com.br\\\/#\\\/schema\\\/person\\\/bb9b23ae3ad0609ce8df7b6c9e76824d\",\"name\":\"Farn\u00e9sio\",\"image\":{\"@type\":\"ImageObject\",\"inLanguage\":\"pt-BR\",\"@id\":\"https:\\\/\\\/secure.gravatar.com\\\/avatar\\\/986aa4c61ccdb66f8555bf88fc2a65609d00bcabd4d2d94377a727547345cbca?s=96&d=mm&r=g\",\"url\":\"https:\\\/\\\/secure.gravatar.com\\\/avatar\\\/986aa4c61ccdb66f8555bf88fc2a65609d00bcabd4d2d94377a727547345cbca?s=96&d=mm&r=g\",\"contentUrl\":\"https:\\\/\\\/secure.gravatar.com\\\/avatar\\\/986aa4c61ccdb66f8555bf88fc2a65609d00bcabd4d2d94377a727547345cbca?s=96&d=mm&r=g\",\"caption\":\"Farn\u00e9sio\"},\"description\":\"Radialista blogueiro, chegou a Petrolina\\\/Juazeiro em setembro de 1980, Farn\u00e9sio Silva \u00e9 de Arapiraca-Alagoas.\",\"sameAs\":[\"http:\\\/\\\/blogdofarnesio.com.br\",\"https:\\\/\\\/www.facebook.com\\\/?ref=tn_tnmn\",\"https:\\\/\\\/www.instagram.com\\\/?utm_source=pwa_homescreen\",\"https:\\\/\\\/youtube.com.br\\\/\"],\"url\":\"https:\\\/\\\/blogdofarnesio.com.br\\\/?author=2\"}]}<\/script>\n<!-- \/ Yoast SEO plugin. -->","yoast_head_json":{"title":"Recital marca lan\u00e7amento do livro de Jos\u00e9 In\u00e1cio Vieira de Melo em Petrolina e Juazeiro - Blog do Farn\u00e9sio","robots":{"index":"index","follow":"follow","max-snippet":"max-snippet:-1","max-image-preview":"max-image-preview:large","max-video-preview":"max-video-preview:-1"},"canonical":"https:\/\/blogdofarnesio.com.br\/?p=302414","og_locale":"pt_BR","og_type":"article","og_title":"Recital marca lan\u00e7amento do livro de Jos\u00e9 In\u00e1cio Vieira de Melo em Petrolina e Juazeiro - Blog do Farn\u00e9sio","og_description":"Um recital po\u00e9tico musical com a participa\u00e7\u00e3o de nomes conhecidos da cena art\u00edstica do Vale do S\u00e3o Francisco vai movimentar a regi\u00e3o nesta quinta (16) e sexta-feiras (17), durante o lan\u00e7amento do livro, &#8216;Garatujas Selvagens&#8217;, do poeta, jornalista e produtor cultural alagoano, Jos\u00e9 In\u00e1cio Vieira de Melo. A primeira noite de aut\u00f3grafos, na quinta, vai acontecer a partir das 19h no bar e restaurante O Casar\u00e3o, em pleno cora\u00e7\u00e3o da Petrolina Antiga. O poeta e jornalista Carlos Laerte abre os trabalhos fazendo uma breve apresenta\u00e7\u00e3o da obra e do autor. Na sequ\u00eancia, o p\u00fablico confere a musicalidade do cantor e compositor Roberto Possidio e um recital com poetas regionais declamando versos do livro Garatujas Selvagens. J\u00e1 est\u00e3o confirmadas as participa\u00e7\u00f5es&hellip;","og_url":"https:\/\/blogdofarnesio.com.br\/?p=302414","og_site_name":"Blog do Farn\u00e9sio","article_publisher":"https:\/\/www.facebook.com\/BlogQuerSaberPolitica\/","article_author":"https:\/\/www.facebook.com\/?ref=tn_tnmn","article_published_time":"2021-12-15T13:43:57+00:00","og_image":[{"width":601,"height":488,"url":"https:\/\/blogdofarnesio.com.br\/wp-content\/uploads\/2021\/12\/WhatsApp-Image-2021-12-14-at-17.09.05-e1639514949959.jpeg","type":"image\/jpeg"}],"author":"Farn\u00e9sio","twitter_card":"summary_large_image","twitter_misc":{"Escrito por":"Farn\u00e9sio","Est. tempo de leitura":"3 minutos"},"schema":{"@context":"https:\/\/schema.org","@graph":[{"@type":"Article","@id":"https:\/\/blogdofarnesio.com.br\/?p=302414#article","isPartOf":{"@id":"https:\/\/blogdofarnesio.com.br\/?p=302414"},"author":{"name":"Farn\u00e9sio","@id":"https:\/\/blogdofarnesio.com.br\/#\/schema\/person\/bb9b23ae3ad0609ce8df7b6c9e76824d"},"headline":"Recital marca lan\u00e7amento do livro de Jos\u00e9 In\u00e1cio Vieira de Melo em Petrolina e Juazeiro","datePublished":"2021-12-15T13:43:57+00:00","mainEntityOfPage":{"@id":"https:\/\/blogdofarnesio.com.br\/?p=302414"},"wordCount":427,"commentCount":0,"publisher":{"@id":"https:\/\/blogdofarnesio.com.br\/#organization"},"image":{"@id":"https:\/\/blogdofarnesio.com.br\/?p=302414#primaryimage"},"thumbnailUrl":"https:\/\/blogdofarnesio.com.br\/wp-content\/uploads\/2021\/12\/WhatsApp-Image-2021-12-14-at-17.09.05-e1639514949959.jpeg","articleSection":["Cultura"],"inLanguage":"pt-BR","potentialAction":[{"@type":"CommentAction","name":"Comment","target":["https:\/\/blogdofarnesio.com.br\/?p=302414#respond"]}]},{"@type":"WebPage","@id":"https:\/\/blogdofarnesio.com.br\/?p=302414","url":"https:\/\/blogdofarnesio.com.br\/?p=302414","name":"Recital marca lan\u00e7amento do livro de Jos\u00e9 In\u00e1cio Vieira de Melo em Petrolina e Juazeiro - Blog do Farn\u00e9sio","isPartOf":{"@id":"https:\/\/blogdofarnesio.com.br\/#website"},"primaryImageOfPage":{"@id":"https:\/\/blogdofarnesio.com.br\/?p=302414#primaryimage"},"image":{"@id":"https:\/\/blogdofarnesio.com.br\/?p=302414#primaryimage"},"thumbnailUrl":"https:\/\/blogdofarnesio.com.br\/wp-content\/uploads\/2021\/12\/WhatsApp-Image-2021-12-14-at-17.09.05-e1639514949959.jpeg","datePublished":"2021-12-15T13:43:57+00:00","breadcrumb":{"@id":"https:\/\/blogdofarnesio.com.br\/?p=302414#breadcrumb"},"inLanguage":"pt-BR","potentialAction":[{"@type":"ReadAction","target":["https:\/\/blogdofarnesio.com.br\/?p=302414"]}]},{"@type":"ImageObject","inLanguage":"pt-BR","@id":"https:\/\/blogdofarnesio.com.br\/?p=302414#primaryimage","url":"https:\/\/blogdofarnesio.com.br\/wp-content\/uploads\/2021\/12\/WhatsApp-Image-2021-12-14-at-17.09.05-e1639514949959.jpeg","contentUrl":"https:\/\/blogdofarnesio.com.br\/wp-content\/uploads\/2021\/12\/WhatsApp-Image-2021-12-14-at-17.09.05-e1639514949959.jpeg","width":601,"height":488},{"@type":"BreadcrumbList","@id":"https:\/\/blogdofarnesio.com.br\/?p=302414#breadcrumb","itemListElement":[{"@type":"ListItem","position":1,"name":"In\u00edcio","item":"https:\/\/blogdofarnesio.com.br\/"},{"@type":"ListItem","position":2,"name":"Recital marca lan\u00e7amento do livro de Jos\u00e9 In\u00e1cio Vieira de Melo em Petrolina e Juazeiro"}]},{"@type":"WebSite","@id":"https:\/\/blogdofarnesio.com.br\/#website","url":"https:\/\/blogdofarnesio.com.br\/","name":"Blog do Farn\u00e9sio","description":"Quer Saber Pol\u00edtica?","publisher":{"@id":"https:\/\/blogdofarnesio.com.br\/#organization"},"potentialAction":[{"@type":"SearchAction","target":{"@type":"EntryPoint","urlTemplate":"https:\/\/blogdofarnesio.com.br\/?s={search_term_string}"},"query-input":{"@type":"PropertyValueSpecification","valueRequired":true,"valueName":"search_term_string"}}],"inLanguage":"pt-BR"},{"@type":"Organization","@id":"https:\/\/blogdofarnesio.com.br\/#organization","name":"Blog do Farn\u00e9sio","url":"https:\/\/blogdofarnesio.com.br\/","logo":{"@type":"ImageObject","inLanguage":"pt-BR","@id":"https:\/\/blogdofarnesio.com.br\/#\/schema\/logo\/image\/","url":"https:\/\/blogdofarnesio.com.br\/wp-content\/uploads\/2026\/03\/cropped-logo_new-1.png","contentUrl":"https:\/\/blogdofarnesio.com.br\/wp-content\/uploads\/2026\/03\/cropped-logo_new-1.png","width":881,"height":685,"caption":"Blog do Farn\u00e9sio"},"image":{"@id":"https:\/\/blogdofarnesio.com.br\/#\/schema\/logo\/image\/"},"sameAs":["https:\/\/www.facebook.com\/BlogQuerSaberPolitica\/"]},{"@type":"Person","@id":"https:\/\/blogdofarnesio.com.br\/#\/schema\/person\/bb9b23ae3ad0609ce8df7b6c9e76824d","name":"Farn\u00e9sio","image":{"@type":"ImageObject","inLanguage":"pt-BR","@id":"https:\/\/secure.gravatar.com\/avatar\/986aa4c61ccdb66f8555bf88fc2a65609d00bcabd4d2d94377a727547345cbca?s=96&d=mm&r=g","url":"https:\/\/secure.gravatar.com\/avatar\/986aa4c61ccdb66f8555bf88fc2a65609d00bcabd4d2d94377a727547345cbca?s=96&d=mm&r=g","contentUrl":"https:\/\/secure.gravatar.com\/avatar\/986aa4c61ccdb66f8555bf88fc2a65609d00bcabd4d2d94377a727547345cbca?s=96&d=mm&r=g","caption":"Farn\u00e9sio"},"description":"Radialista blogueiro, chegou a Petrolina\/Juazeiro em setembro de 1980, Farn\u00e9sio Silva \u00e9 de Arapiraca-Alagoas.","sameAs":["http:\/\/blogdofarnesio.com.br","https:\/\/www.facebook.com\/?ref=tn_tnmn","https:\/\/www.instagram.com\/?utm_source=pwa_homescreen","https:\/\/youtube.com.br\/"],"url":"https:\/\/blogdofarnesio.com.br\/?author=2"}]}},"_links":{"self":[{"href":"https:\/\/blogdofarnesio.com.br\/index.php?rest_route=\/wp\/v2\/posts\/302414","targetHints":{"allow":["GET"]}}],"collection":[{"href":"https:\/\/blogdofarnesio.com.br\/index.php?rest_route=\/wp\/v2\/posts"}],"about":[{"href":"https:\/\/blogdofarnesio.com.br\/index.php?rest_route=\/wp\/v2\/types\/post"}],"author":[{"embeddable":true,"href":"https:\/\/blogdofarnesio.com.br\/index.php?rest_route=\/wp\/v2\/users\/2"}],"replies":[{"embeddable":true,"href":"https:\/\/blogdofarnesio.com.br\/index.php?rest_route=%2Fwp%2Fv2%2Fcomments&post=302414"}],"version-history":[{"count":0,"href":"https:\/\/blogdofarnesio.com.br\/index.php?rest_route=\/wp\/v2\/posts\/302414\/revisions"}],"wp:featuredmedia":[{"embeddable":true,"href":"https:\/\/blogdofarnesio.com.br\/index.php?rest_route=\/wp\/v2\/media\/302415"}],"wp:attachment":[{"href":"https:\/\/blogdofarnesio.com.br\/index.php?rest_route=%2Fwp%2Fv2%2Fmedia&parent=302414"}],"wp:term":[{"taxonomy":"category","embeddable":true,"href":"https:\/\/blogdofarnesio.com.br\/index.php?rest_route=%2Fwp%2Fv2%2Fcategories&post=302414"},{"taxonomy":"post_tag","embeddable":true,"href":"https:\/\/blogdofarnesio.com.br\/index.php?rest_route=%2Fwp%2Fv2%2Ftags&post=302414"}],"curies":[{"name":"wp","href":"https:\/\/api.w.org\/{rel}","templated":true}]}}