{"id":302399,"date":"2021-12-15T08:03:49","date_gmt":"2021-12-15T11:03:49","guid":{"rendered":"https:\/\/blogdofarnesio.com.br\/?p=302399"},"modified":"2021-12-14T17:29:59","modified_gmt":"2021-12-14T20:29:59","slug":"senador-escolhido-ao-tcu-tera-cargo-vitalicio-salario-de-r-37-mil-e-poder-politico","status":"publish","type":"post","link":"https:\/\/blogdofarnesio.com.br\/?p=302399","title":{"rendered":"Senador escolhido ao TCU ter\u00e1 cargo vital\u00edcio, sal\u00e1rio de R$ 37 mil e poder pol\u00edtico"},"content":{"rendered":"<div class=\"box-title\">\n<p>por Folhapress &#8211;<\/p>\n<\/div>\n<div class=\"box-body\" data-io-article-url=\"https:\/\/www.bahianoticias.com.br\/\">\n<div class=\"text-descricao\">\n<p>O Senado analisa nesta as indica\u00e7\u00f5es para a vaga de ministro do TCU (Tribunal de Contas da Uni\u00e3o) aberta com a sa\u00edda antecipada de Raimundo Carreiro. O cargo tem sido alvo de grande disputa entre senadores j\u00e1 que proporciona sal\u00e1rio alto, estabilidade e poder pol\u00edtico.<\/p>\n<p>Os nove ministros que comp\u00f5em a corte t\u00eam cargo vital\u00edcio e s\u00f3 se aposentam compulsoriamente aos 75 anos. O sal\u00e1rio tamb\u00e9m \u00e9 bem atrativo. Os integrantes do tribunal ganham uma remunera\u00e7\u00e3o bruta de R$ 37.328,65, mais uma s\u00e9rie de benef\u00edcios.<\/p>\n<p>Politicamente, a corte tem relev\u00e2ncia por atuar como fiscal do Poder Executivo. Cabe ao TCU julgar as contas do governo federal, realizar inspe\u00e7\u00f5es e auditorias de repasse de verbas, por exemplo.<br \/>\nEst\u00e3o no p\u00e1reo a senadora K\u00e1tia Abreu (PP-TO), o senador Antonio Anastasia (PSD-MG) e o l\u00edder do governo no Senado, Fernando Bezerra Coelho (MDB-PE).<br \/>\nA vaga na corte foi aberta ap\u00f3s o plen\u00e1rio do Senado ter aprovado, no dia 30 de novembro, a indica\u00e7\u00e3o de Raimundo Carreiro para o cargo de embaixador do Brasil em Portugal. Foram 65 votos favor\u00e1veis, cinco votos contr\u00e1rios e uma absten\u00e7\u00e3o,<br \/>\nAntes da aprova\u00e7\u00e3o, Carreiro j\u00e1 havia passado por sabatina na Comiss\u00e3o de Rela\u00e7\u00f5es Exteriores do Senado.<\/p>\n<p>Carreiro oficialmente s\u00f3 iria se aposentar em 2023, portanto n\u00e3o haveria a necessidade de o Senado escolher agora o seu sucessor. No entanto o presidente Jair Bolsonaro decidiu indic\u00e1-lo ao posto em Lisboa.<\/p>\n<p>Com a previs\u00e3o de sa\u00edda de Carreiro da vaga que ocupa no TCU, senadores com for\u00e7a pol\u00edtica no Congresso se colocaram em lados opostos e agora disputam o cargo.<\/p>\n<p>Como n\u00e3o h\u00e1 uma regra formal, as indica\u00e7\u00f5es que pertencem ao Senado para a vaga no tribunal vinham sendo decididas por acordo e consenso, com a sess\u00e3o de escolha se configurando apenas como um rito formal.<\/p>\n<p>Entretanto n\u00e3o h\u00e1 um acordo entre os parlamentares para a atual disputa, que dever\u00e1 ser decidida com a vota\u00e7\u00e3o.<\/p>\n<p>Na mais ferrenha briga entre senadores por uma vaga no TCU dos \u00faltimos 13 anos, at\u00e9 suplentes entraram em jogo para tentar virar votos \u00e0s v\u00e9speras da sess\u00e3o que eleger\u00e1 o pr\u00f3ximo ministro da corte, marcada para esta ter\u00e7a-feira (14).<\/p>\n<p>Como mostrou a Folha de S.Paulo, o embate est\u00e1 acirrado e se intensificou na reta final, com acusa\u00e7\u00f5es de &#8220;gol baixo&#8221; entre os candidatos .<\/p>\n<p>Para os suplentes, a nomea\u00e7\u00e3o de um dos senadores significa a oportunidade de eles assumirem uma vaga no Senado.<\/p>\n<p>No caso de K\u00e1tia Abreu, os dois suplentes, um do PT e outro evang\u00e9lico, apoiador de Jair Bolsonaro (PL), t\u00eam enviado mensagens e ligado para parlamentares pedindo apoio.<\/p>\n<p>Em outra frente, o l\u00edder da Igreja Quadrangular, Bispo Guaracy Batista da Silveira (PSL-TO), segundo suplente de K\u00e1tia, disparou mensagens a senadores nos \u00faltimos tr\u00eas dias tamb\u00e9m em busca de respaldo.<\/p>\n<p>Em outra raia, Anastasia tem contado com a articula\u00e7\u00e3o do diretor de Assuntos T\u00e9cnicos e Jur\u00eddicos da Presid\u00eancia do Senado, Alexandre Silveira, seu primeiro suplente. Anastasia \u00e9 o candidato do presidente da Casa, Rodrigo Pacheco (PSD-MG), de quem Silveira \u00e9 pr\u00f3ximo.<\/p>\n<p>Presidente do PSD de Minas, o diretor do Senado j\u00e1 foi deputado federal por dois mandatos e tem atuado nas costuras de bastidor da candidatura do senador mineiro.<\/p>\n<p>Nos \u00faltimos dias, ganhou for\u00e7a o nome de Bezerra. Nos bastidores muitos parlamentares falam no &#8220;efeito Mendon\u00e7a&#8221;, em refer\u00eancia \u00e0 vit\u00f3ria da indica\u00e7\u00e3o do ex-ministro Andr\u00e9 Mendon\u00e7a para uma vaga no STF (Supremo Tribunal Federal), que mostrou a for\u00e7a do governo na Casa em uma dif\u00edcil disputa.<\/p>\n<p>Nomes influentes no Senado tamb\u00e9m apontam que a ascens\u00e3o de Bezerra est\u00e1 relacionada com a libera\u00e7\u00e3o de emendas em troca de votos.<\/p>\n<p>Embora ressaltem que Bolsonaro se manteve neutro na disputa, o representante do presidente no Senado tem acesso direto a minist\u00e9rios. Bezerra negou veementemente por meio de sua assessoria de imprensa que esteja negociando emendas para obter apoio.<\/p>\n<p>Senadores aliados dos tr\u00eas candidatos tentaram at\u00e9 o \u00faltimo minuto construir um acordo para evitar a disputa nesta ter\u00e7a, mas a chance de isso ocorrer \u00e9 muito pequena.<\/p>\n<p>A ideia seria buscar cargos com mandato a serem assumidos pelos senadores para se retirarem da disputa. Os tr\u00eas candidatos terminam o mandato em 2021 e, segundo aliados, t\u00eam o receio de n\u00e3o serem reeleitos.<\/p>\n<p>A vota\u00e7\u00e3o promete ser apertada. Os aliados de cada candidato t\u00eam propagado placares muito distintos.<\/p>\n<\/div>\n<\/div>\n","protected":false},"excerpt":{"rendered":"<p>por Folhapress &#8211; O Senado analisa nesta as indica\u00e7\u00f5es para a vaga de ministro do TCU (Tribunal de Contas da Uni\u00e3o) aberta com a sa\u00edda antecipada de Raimundo Carreiro. O cargo tem sido alvo de grande disputa entre senadores j\u00e1 que proporciona sal\u00e1rio alto, estabilidade e poder pol\u00edtico. Os nove ministros que comp\u00f5em a corte t\u00eam cargo vital\u00edcio e s\u00f3 se aposentam compulsoriamente aos 75 anos. O sal\u00e1rio tamb\u00e9m \u00e9 bem atrativo. Os integrantes do tribunal ganham uma remunera\u00e7\u00e3o bruta de R$ 37.328,65, mais uma s\u00e9rie de benef\u00edcios. Politicamente, a corte tem relev\u00e2ncia por atuar como fiscal do Poder Executivo. Cabe ao TCU julgar as contas do governo federal, realizar inspe\u00e7\u00f5es e auditorias de repasse de verbas, por exemplo. Est\u00e3o&hellip; <\/p>\n","protected":false},"author":2,"featured_media":302400,"comment_status":"open","ping_status":"open","sticky":false,"template":"","format":"standard","meta":{"_acf_changed":false,"footnotes":""},"categories":[1],"tags":[],"class_list":["post-302399","post","type-post","status-publish","format-standard","has-post-thumbnail","hentry","category-politica"],"acf":[],"yoast_head":"<!-- This site is optimized with the Yoast SEO plugin v27.4 - https:\/\/yoast.com\/product\/yoast-seo-wordpress\/ -->\n<title>Senador escolhido ao TCU ter\u00e1 cargo vital\u00edcio, sal\u00e1rio de R$ 37 mil e poder pol\u00edtico - Blog do Farn\u00e9sio<\/title>\n<meta name=\"robots\" content=\"index, follow, max-snippet:-1, max-image-preview:large, max-video-preview:-1\" \/>\n<link rel=\"canonical\" href=\"https:\/\/blogdofarnesio.com.br\/?p=302399\" \/>\n<meta property=\"og:locale\" content=\"pt_BR\" \/>\n<meta property=\"og:type\" content=\"article\" \/>\n<meta property=\"og:title\" content=\"Senador escolhido ao TCU ter\u00e1 cargo vital\u00edcio, sal\u00e1rio de R$ 37 mil e poder pol\u00edtico - Blog do Farn\u00e9sio\" \/>\n<meta property=\"og:description\" content=\"por Folhapress &#8211; O Senado analisa nesta as indica\u00e7\u00f5es para a vaga de ministro do TCU (Tribunal de Contas da Uni\u00e3o) aberta com a sa\u00edda antecipada de Raimundo Carreiro. O cargo tem sido alvo de grande disputa entre senadores j\u00e1 que proporciona sal\u00e1rio alto, estabilidade e poder pol\u00edtico. Os nove ministros que comp\u00f5em a corte t\u00eam cargo vital\u00edcio e s\u00f3 se aposentam compulsoriamente aos 75 anos. O sal\u00e1rio tamb\u00e9m \u00e9 bem atrativo. Os integrantes do tribunal ganham uma remunera\u00e7\u00e3o bruta de R$ 37.328,65, mais uma s\u00e9rie de benef\u00edcios. Politicamente, a corte tem relev\u00e2ncia por atuar como fiscal do Poder Executivo. Cabe ao TCU julgar as contas do governo federal, realizar inspe\u00e7\u00f5es e auditorias de repasse de verbas, por exemplo. Est\u00e3o&hellip;\" \/>\n<meta property=\"og:url\" content=\"https:\/\/blogdofarnesio.com.br\/?p=302399\" \/>\n<meta property=\"og:site_name\" content=\"Blog do Farn\u00e9sio\" \/>\n<meta property=\"article:publisher\" content=\"https:\/\/www.facebook.com\/BlogQuerSaberPolitica\/\" \/>\n<meta property=\"article:author\" content=\"https:\/\/www.facebook.com\/?ref=tn_tnmn\" \/>\n<meta property=\"article:published_time\" content=\"2021-12-15T11:03:49+00:00\" \/>\n<meta property=\"og:image\" content=\"https:\/\/blogdofarnesio.com.br\/wp-content\/uploads\/2021\/12\/blogqsptcu-candidatos.jpg\" \/>\n\t<meta property=\"og:image:width\" content=\"380\" \/>\n\t<meta property=\"og:image:height\" content=\"280\" \/>\n\t<meta property=\"og:image:type\" content=\"image\/jpeg\" \/>\n<meta name=\"author\" content=\"Farn\u00e9sio\" \/>\n<meta name=\"twitter:card\" content=\"summary_large_image\" \/>\n<meta name=\"twitter:label1\" content=\"Escrito por\" \/>\n\t<meta name=\"twitter:data1\" content=\"Farn\u00e9sio\" \/>\n\t<meta name=\"twitter:label2\" content=\"Est. tempo de leitura\" \/>\n\t<meta name=\"twitter:data2\" content=\"4 minutos\" \/>\n<script type=\"application\/ld+json\" class=\"yoast-schema-graph\">{\"@context\":\"https:\\\/\\\/schema.org\",\"@graph\":[{\"@type\":\"Article\",\"@id\":\"https:\\\/\\\/blogdofarnesio.com.br\\\/?p=302399#article\",\"isPartOf\":{\"@id\":\"https:\\\/\\\/blogdofarnesio.com.br\\\/?p=302399\"},\"author\":{\"name\":\"Farn\u00e9sio\",\"@id\":\"https:\\\/\\\/blogdofarnesio.com.br\\\/#\\\/schema\\\/person\\\/bb9b23ae3ad0609ce8df7b6c9e76824d\"},\"headline\":\"Senador escolhido ao TCU ter\u00e1 cargo vital\u00edcio, sal\u00e1rio de R$ 37 mil e poder pol\u00edtico\",\"datePublished\":\"2021-12-15T11:03:49+00:00\",\"mainEntityOfPage\":{\"@id\":\"https:\\\/\\\/blogdofarnesio.com.br\\\/?p=302399\"},\"wordCount\":794,\"commentCount\":0,\"publisher\":{\"@id\":\"https:\\\/\\\/blogdofarnesio.com.br\\\/#organization\"},\"image\":{\"@id\":\"https:\\\/\\\/blogdofarnesio.com.br\\\/?p=302399#primaryimage\"},\"thumbnailUrl\":\"https:\\\/\\\/blogdofarnesio.com.br\\\/wp-content\\\/uploads\\\/2021\\\/12\\\/blogqsptcu-candidatos.jpg\",\"articleSection\":[\"Pol\u00edtica\"],\"inLanguage\":\"pt-BR\",\"potentialAction\":[{\"@type\":\"CommentAction\",\"name\":\"Comment\",\"target\":[\"https:\\\/\\\/blogdofarnesio.com.br\\\/?p=302399#respond\"]}]},{\"@type\":\"WebPage\",\"@id\":\"https:\\\/\\\/blogdofarnesio.com.br\\\/?p=302399\",\"url\":\"https:\\\/\\\/blogdofarnesio.com.br\\\/?p=302399\",\"name\":\"Senador escolhido ao TCU ter\u00e1 cargo vital\u00edcio, sal\u00e1rio de R$ 37 mil e poder pol\u00edtico - Blog do Farn\u00e9sio\",\"isPartOf\":{\"@id\":\"https:\\\/\\\/blogdofarnesio.com.br\\\/#website\"},\"primaryImageOfPage\":{\"@id\":\"https:\\\/\\\/blogdofarnesio.com.br\\\/?p=302399#primaryimage\"},\"image\":{\"@id\":\"https:\\\/\\\/blogdofarnesio.com.br\\\/?p=302399#primaryimage\"},\"thumbnailUrl\":\"https:\\\/\\\/blogdofarnesio.com.br\\\/wp-content\\\/uploads\\\/2021\\\/12\\\/blogqsptcu-candidatos.jpg\",\"datePublished\":\"2021-12-15T11:03:49+00:00\",\"breadcrumb\":{\"@id\":\"https:\\\/\\\/blogdofarnesio.com.br\\\/?p=302399#breadcrumb\"},\"inLanguage\":\"pt-BR\",\"potentialAction\":[{\"@type\":\"ReadAction\",\"target\":[\"https:\\\/\\\/blogdofarnesio.com.br\\\/?p=302399\"]}]},{\"@type\":\"ImageObject\",\"inLanguage\":\"pt-BR\",\"@id\":\"https:\\\/\\\/blogdofarnesio.com.br\\\/?p=302399#primaryimage\",\"url\":\"https:\\\/\\\/blogdofarnesio.com.br\\\/wp-content\\\/uploads\\\/2021\\\/12\\\/blogqsptcu-candidatos.jpg\",\"contentUrl\":\"https:\\\/\\\/blogdofarnesio.com.br\\\/wp-content\\\/uploads\\\/2021\\\/12\\\/blogqsptcu-candidatos.jpg\",\"width\":380,\"height\":280,\"caption\":\"Montagem K\u00e1tia Abreu, Fernando Bezerra e Antonio Anastasia | Foto: Divulga\u00e7\u00e3o\"},{\"@type\":\"BreadcrumbList\",\"@id\":\"https:\\\/\\\/blogdofarnesio.com.br\\\/?p=302399#breadcrumb\",\"itemListElement\":[{\"@type\":\"ListItem\",\"position\":1,\"name\":\"In\u00edcio\",\"item\":\"https:\\\/\\\/blogdofarnesio.com.br\\\/\"},{\"@type\":\"ListItem\",\"position\":2,\"name\":\"Senador escolhido ao TCU ter\u00e1 cargo vital\u00edcio, sal\u00e1rio de R$ 37 mil e poder pol\u00edtico\"}]},{\"@type\":\"WebSite\",\"@id\":\"https:\\\/\\\/blogdofarnesio.com.br\\\/#website\",\"url\":\"https:\\\/\\\/blogdofarnesio.com.br\\\/\",\"name\":\"Blog do Farn\u00e9sio\",\"description\":\"Quer Saber Pol\u00edtica?\",\"publisher\":{\"@id\":\"https:\\\/\\\/blogdofarnesio.com.br\\\/#organization\"},\"potentialAction\":[{\"@type\":\"SearchAction\",\"target\":{\"@type\":\"EntryPoint\",\"urlTemplate\":\"https:\\\/\\\/blogdofarnesio.com.br\\\/?s={search_term_string}\"},\"query-input\":{\"@type\":\"PropertyValueSpecification\",\"valueRequired\":true,\"valueName\":\"search_term_string\"}}],\"inLanguage\":\"pt-BR\"},{\"@type\":\"Organization\",\"@id\":\"https:\\\/\\\/blogdofarnesio.com.br\\\/#organization\",\"name\":\"Blog do Farn\u00e9sio\",\"url\":\"https:\\\/\\\/blogdofarnesio.com.br\\\/\",\"logo\":{\"@type\":\"ImageObject\",\"inLanguage\":\"pt-BR\",\"@id\":\"https:\\\/\\\/blogdofarnesio.com.br\\\/#\\\/schema\\\/logo\\\/image\\\/\",\"url\":\"https:\\\/\\\/blogdofarnesio.com.br\\\/wp-content\\\/uploads\\\/2026\\\/03\\\/cropped-logo_new-1.png\",\"contentUrl\":\"https:\\\/\\\/blogdofarnesio.com.br\\\/wp-content\\\/uploads\\\/2026\\\/03\\\/cropped-logo_new-1.png\",\"width\":881,\"height\":685,\"caption\":\"Blog do Farn\u00e9sio\"},\"image\":{\"@id\":\"https:\\\/\\\/blogdofarnesio.com.br\\\/#\\\/schema\\\/logo\\\/image\\\/\"},\"sameAs\":[\"https:\\\/\\\/www.facebook.com\\\/BlogQuerSaberPolitica\\\/\"]},{\"@type\":\"Person\",\"@id\":\"https:\\\/\\\/blogdofarnesio.com.br\\\/#\\\/schema\\\/person\\\/bb9b23ae3ad0609ce8df7b6c9e76824d\",\"name\":\"Farn\u00e9sio\",\"image\":{\"@type\":\"ImageObject\",\"inLanguage\":\"pt-BR\",\"@id\":\"https:\\\/\\\/secure.gravatar.com\\\/avatar\\\/986aa4c61ccdb66f8555bf88fc2a65609d00bcabd4d2d94377a727547345cbca?s=96&d=mm&r=g\",\"url\":\"https:\\\/\\\/secure.gravatar.com\\\/avatar\\\/986aa4c61ccdb66f8555bf88fc2a65609d00bcabd4d2d94377a727547345cbca?s=96&d=mm&r=g\",\"contentUrl\":\"https:\\\/\\\/secure.gravatar.com\\\/avatar\\\/986aa4c61ccdb66f8555bf88fc2a65609d00bcabd4d2d94377a727547345cbca?s=96&d=mm&r=g\",\"caption\":\"Farn\u00e9sio\"},\"description\":\"Radialista blogueiro, chegou a Petrolina\\\/Juazeiro em setembro de 1980, Farn\u00e9sio Silva \u00e9 de Arapiraca-Alagoas.\",\"sameAs\":[\"http:\\\/\\\/blogdofarnesio.com.br\",\"https:\\\/\\\/www.facebook.com\\\/?ref=tn_tnmn\",\"https:\\\/\\\/www.instagram.com\\\/?utm_source=pwa_homescreen\",\"https:\\\/\\\/youtube.com.br\\\/\"],\"url\":\"https:\\\/\\\/blogdofarnesio.com.br\\\/?author=2\"}]}<\/script>\n<!-- \/ Yoast SEO plugin. -->","yoast_head_json":{"title":"Senador escolhido ao TCU ter\u00e1 cargo vital\u00edcio, sal\u00e1rio de R$ 37 mil e poder pol\u00edtico - Blog do Farn\u00e9sio","robots":{"index":"index","follow":"follow","max-snippet":"max-snippet:-1","max-image-preview":"max-image-preview:large","max-video-preview":"max-video-preview:-1"},"canonical":"https:\/\/blogdofarnesio.com.br\/?p=302399","og_locale":"pt_BR","og_type":"article","og_title":"Senador escolhido ao TCU ter\u00e1 cargo vital\u00edcio, sal\u00e1rio de R$ 37 mil e poder pol\u00edtico - Blog do Farn\u00e9sio","og_description":"por Folhapress &#8211; O Senado analisa nesta as indica\u00e7\u00f5es para a vaga de ministro do TCU (Tribunal de Contas da Uni\u00e3o) aberta com a sa\u00edda antecipada de Raimundo Carreiro. O cargo tem sido alvo de grande disputa entre senadores j\u00e1 que proporciona sal\u00e1rio alto, estabilidade e poder pol\u00edtico. Os nove ministros que comp\u00f5em a corte t\u00eam cargo vital\u00edcio e s\u00f3 se aposentam compulsoriamente aos 75 anos. O sal\u00e1rio tamb\u00e9m \u00e9 bem atrativo. Os integrantes do tribunal ganham uma remunera\u00e7\u00e3o bruta de R$ 37.328,65, mais uma s\u00e9rie de benef\u00edcios. Politicamente, a corte tem relev\u00e2ncia por atuar como fiscal do Poder Executivo. Cabe ao TCU julgar as contas do governo federal, realizar inspe\u00e7\u00f5es e auditorias de repasse de verbas, por exemplo. Est\u00e3o&hellip;","og_url":"https:\/\/blogdofarnesio.com.br\/?p=302399","og_site_name":"Blog do Farn\u00e9sio","article_publisher":"https:\/\/www.facebook.com\/BlogQuerSaberPolitica\/","article_author":"https:\/\/www.facebook.com\/?ref=tn_tnmn","article_published_time":"2021-12-15T11:03:49+00:00","og_image":[{"width":380,"height":280,"url":"https:\/\/blogdofarnesio.com.br\/wp-content\/uploads\/2021\/12\/blogqsptcu-candidatos.jpg","type":"image\/jpeg"}],"author":"Farn\u00e9sio","twitter_card":"summary_large_image","twitter_misc":{"Escrito por":"Farn\u00e9sio","Est. tempo de leitura":"4 minutos"},"schema":{"@context":"https:\/\/schema.org","@graph":[{"@type":"Article","@id":"https:\/\/blogdofarnesio.com.br\/?p=302399#article","isPartOf":{"@id":"https:\/\/blogdofarnesio.com.br\/?p=302399"},"author":{"name":"Farn\u00e9sio","@id":"https:\/\/blogdofarnesio.com.br\/#\/schema\/person\/bb9b23ae3ad0609ce8df7b6c9e76824d"},"headline":"Senador escolhido ao TCU ter\u00e1 cargo vital\u00edcio, sal\u00e1rio de R$ 37 mil e poder pol\u00edtico","datePublished":"2021-12-15T11:03:49+00:00","mainEntityOfPage":{"@id":"https:\/\/blogdofarnesio.com.br\/?p=302399"},"wordCount":794,"commentCount":0,"publisher":{"@id":"https:\/\/blogdofarnesio.com.br\/#organization"},"image":{"@id":"https:\/\/blogdofarnesio.com.br\/?p=302399#primaryimage"},"thumbnailUrl":"https:\/\/blogdofarnesio.com.br\/wp-content\/uploads\/2021\/12\/blogqsptcu-candidatos.jpg","articleSection":["Pol\u00edtica"],"inLanguage":"pt-BR","potentialAction":[{"@type":"CommentAction","name":"Comment","target":["https:\/\/blogdofarnesio.com.br\/?p=302399#respond"]}]},{"@type":"WebPage","@id":"https:\/\/blogdofarnesio.com.br\/?p=302399","url":"https:\/\/blogdofarnesio.com.br\/?p=302399","name":"Senador escolhido ao TCU ter\u00e1 cargo vital\u00edcio, sal\u00e1rio de R$ 37 mil e poder pol\u00edtico - Blog do Farn\u00e9sio","isPartOf":{"@id":"https:\/\/blogdofarnesio.com.br\/#website"},"primaryImageOfPage":{"@id":"https:\/\/blogdofarnesio.com.br\/?p=302399#primaryimage"},"image":{"@id":"https:\/\/blogdofarnesio.com.br\/?p=302399#primaryimage"},"thumbnailUrl":"https:\/\/blogdofarnesio.com.br\/wp-content\/uploads\/2021\/12\/blogqsptcu-candidatos.jpg","datePublished":"2021-12-15T11:03:49+00:00","breadcrumb":{"@id":"https:\/\/blogdofarnesio.com.br\/?p=302399#breadcrumb"},"inLanguage":"pt-BR","potentialAction":[{"@type":"ReadAction","target":["https:\/\/blogdofarnesio.com.br\/?p=302399"]}]},{"@type":"ImageObject","inLanguage":"pt-BR","@id":"https:\/\/blogdofarnesio.com.br\/?p=302399#primaryimage","url":"https:\/\/blogdofarnesio.com.br\/wp-content\/uploads\/2021\/12\/blogqsptcu-candidatos.jpg","contentUrl":"https:\/\/blogdofarnesio.com.br\/wp-content\/uploads\/2021\/12\/blogqsptcu-candidatos.jpg","width":380,"height":280,"caption":"Montagem K\u00e1tia Abreu, Fernando Bezerra e Antonio Anastasia | Foto: Divulga\u00e7\u00e3o"},{"@type":"BreadcrumbList","@id":"https:\/\/blogdofarnesio.com.br\/?p=302399#breadcrumb","itemListElement":[{"@type":"ListItem","position":1,"name":"In\u00edcio","item":"https:\/\/blogdofarnesio.com.br\/"},{"@type":"ListItem","position":2,"name":"Senador escolhido ao TCU ter\u00e1 cargo vital\u00edcio, sal\u00e1rio de R$ 37 mil e poder pol\u00edtico"}]},{"@type":"WebSite","@id":"https:\/\/blogdofarnesio.com.br\/#website","url":"https:\/\/blogdofarnesio.com.br\/","name":"Blog do Farn\u00e9sio","description":"Quer Saber Pol\u00edtica?","publisher":{"@id":"https:\/\/blogdofarnesio.com.br\/#organization"},"potentialAction":[{"@type":"SearchAction","target":{"@type":"EntryPoint","urlTemplate":"https:\/\/blogdofarnesio.com.br\/?s={search_term_string}"},"query-input":{"@type":"PropertyValueSpecification","valueRequired":true,"valueName":"search_term_string"}}],"inLanguage":"pt-BR"},{"@type":"Organization","@id":"https:\/\/blogdofarnesio.com.br\/#organization","name":"Blog do Farn\u00e9sio","url":"https:\/\/blogdofarnesio.com.br\/","logo":{"@type":"ImageObject","inLanguage":"pt-BR","@id":"https:\/\/blogdofarnesio.com.br\/#\/schema\/logo\/image\/","url":"https:\/\/blogdofarnesio.com.br\/wp-content\/uploads\/2026\/03\/cropped-logo_new-1.png","contentUrl":"https:\/\/blogdofarnesio.com.br\/wp-content\/uploads\/2026\/03\/cropped-logo_new-1.png","width":881,"height":685,"caption":"Blog do Farn\u00e9sio"},"image":{"@id":"https:\/\/blogdofarnesio.com.br\/#\/schema\/logo\/image\/"},"sameAs":["https:\/\/www.facebook.com\/BlogQuerSaberPolitica\/"]},{"@type":"Person","@id":"https:\/\/blogdofarnesio.com.br\/#\/schema\/person\/bb9b23ae3ad0609ce8df7b6c9e76824d","name":"Farn\u00e9sio","image":{"@type":"ImageObject","inLanguage":"pt-BR","@id":"https:\/\/secure.gravatar.com\/avatar\/986aa4c61ccdb66f8555bf88fc2a65609d00bcabd4d2d94377a727547345cbca?s=96&d=mm&r=g","url":"https:\/\/secure.gravatar.com\/avatar\/986aa4c61ccdb66f8555bf88fc2a65609d00bcabd4d2d94377a727547345cbca?s=96&d=mm&r=g","contentUrl":"https:\/\/secure.gravatar.com\/avatar\/986aa4c61ccdb66f8555bf88fc2a65609d00bcabd4d2d94377a727547345cbca?s=96&d=mm&r=g","caption":"Farn\u00e9sio"},"description":"Radialista blogueiro, chegou a Petrolina\/Juazeiro em setembro de 1980, Farn\u00e9sio Silva \u00e9 de Arapiraca-Alagoas.","sameAs":["http:\/\/blogdofarnesio.com.br","https:\/\/www.facebook.com\/?ref=tn_tnmn","https:\/\/www.instagram.com\/?utm_source=pwa_homescreen","https:\/\/youtube.com.br\/"],"url":"https:\/\/blogdofarnesio.com.br\/?author=2"}]}},"_links":{"self":[{"href":"https:\/\/blogdofarnesio.com.br\/index.php?rest_route=\/wp\/v2\/posts\/302399","targetHints":{"allow":["GET"]}}],"collection":[{"href":"https:\/\/blogdofarnesio.com.br\/index.php?rest_route=\/wp\/v2\/posts"}],"about":[{"href":"https:\/\/blogdofarnesio.com.br\/index.php?rest_route=\/wp\/v2\/types\/post"}],"author":[{"embeddable":true,"href":"https:\/\/blogdofarnesio.com.br\/index.php?rest_route=\/wp\/v2\/users\/2"}],"replies":[{"embeddable":true,"href":"https:\/\/blogdofarnesio.com.br\/index.php?rest_route=%2Fwp%2Fv2%2Fcomments&post=302399"}],"version-history":[{"count":0,"href":"https:\/\/blogdofarnesio.com.br\/index.php?rest_route=\/wp\/v2\/posts\/302399\/revisions"}],"wp:featuredmedia":[{"embeddable":true,"href":"https:\/\/blogdofarnesio.com.br\/index.php?rest_route=\/wp\/v2\/media\/302400"}],"wp:attachment":[{"href":"https:\/\/blogdofarnesio.com.br\/index.php?rest_route=%2Fwp%2Fv2%2Fmedia&parent=302399"}],"wp:term":[{"taxonomy":"category","embeddable":true,"href":"https:\/\/blogdofarnesio.com.br\/index.php?rest_route=%2Fwp%2Fv2%2Fcategories&post=302399"},{"taxonomy":"post_tag","embeddable":true,"href":"https:\/\/blogdofarnesio.com.br\/index.php?rest_route=%2Fwp%2Fv2%2Ftags&post=302399"}],"curies":[{"name":"wp","href":"https:\/\/api.w.org\/{rel}","templated":true}]}}