{"id":302396,"date":"2021-12-14T17:08:56","date_gmt":"2021-12-14T20:08:56","guid":{"rendered":"https:\/\/blogdofarnesio.com.br\/?p=302396"},"modified":"2021-12-14T17:08:56","modified_gmt":"2021-12-14T20:08:56","slug":"petrobras-reduz-preco-da-gasolina-em-313-para-distribuidoras-primeiro-corte-desde-junho","status":"publish","type":"post","link":"https:\/\/blogdofarnesio.com.br\/?p=302396","title":{"rendered":"Petrobras reduz pre\u00e7o da gasolina em 3,13% para distribuidoras, primeiro corte desde junho"},"content":{"rendered":"<header class=\"article-header article-header--\">\n<div class=\"article-header__container\">\n<div class=\"article-header__content\">\n<div class=\"article__subtitle\">O Globo<\/div>\n<\/div>\n<\/div>\n<\/header>\n<div class=\"article__content-container protected-content\"><main class=\"main-content\">\u00a0&#8211; A Petrobras vai reduzir o pre\u00e7o de gasolina nas refinarias em 3,13% a partir desta quinta-feira, informou a estatal, o primeiro corte desde junho passado. Apesar da queda, o combust\u00edvel acumula alta de 67,9% desde janeiro. O diesel n\u00e3o ter\u00e1 varia\u00e7\u00e3o de pre\u00e7o.<\/p>\n<p>O movimento da empresa\u00a0<a href=\"https:\/\/oglobo.globo.com\/economia\/petrobras-vai-anunciar-reducao-do-preco-dos-combustiveis-esta-semana-diz-bolsonaro-25306910\" target=\"_blank\" rel=\"noopener\">havia sido antecipado pelo presidente Jair Bolsonaro<\/a>\u00a0no in\u00edcio do m\u00eas. Em entrevista ao site Poder 360, Bolsonaro disse que a estatal ia come\u00e7ar a diminuir os pre\u00e7os da gasolina.<\/p>\n<p>\u2014 A Petrobras come\u00e7a esta semana a anunciar a redu\u00e7\u00e3o no pre\u00e7o do combust\u00edvel. Nesta semana j\u00e1 come\u00e7a a anunciar \u2014 disse no dia 5 de dezembro, enquanto acompanhava a final do campeonato de futebol do Minas Bras\u00edlia T\u00eanis Clube, em Bras\u00edlia.<\/p>\n<div class=\"article__embed-container\">\n<div class=\"embed-social\">\n<p><iframe title=\"Iframe Calculadora\" src=\"https:\/\/infograficos-estaticos.s3.us-east-1.amazonaws.com\/calculadora-gasolina\/index.html\" data-mce-fragment=\"1\"><\/iframe><\/p>\n<\/div>\n<\/div>\n<p>No dia seguinte, a Comiss\u00e3o de Valores Mobili\u00e1rios (CVM), \u00f3rg\u00e3o que regula o mercado de capitais no Brasil,\u00a0<a href=\"https:\/\/oglobo.globo.com\/economia\/cvm-abre-novo-processo-contra-petrobras-apos-declaracao-de-bolsonaro-2-25307722\" target=\"_blank\" rel=\"noopener\">abriu novo processo administrativo<\/a>\u00a0para apurar se houve vazamento de informa\u00e7\u00e3o.<\/p>\n<h2>Petr\u00f3leo e c\u00e2mbio mais est\u00e1veis<\/h2>\n<p>De acordo com a Petrobras, o pre\u00e7o m\u00e9dio de venda da gasolina para as distribuidoras passar\u00e1 de R$ 3,19 para R$ 3,09 por litro, a partir de amanh\u00e3.<\/p>\n<p>A queda n\u00e3o chegar\u00e1 na mesma propor\u00e7\u00e3o nem de forma imediata ao confumidor final, pois o pre\u00e7o cobrado nos postos \u00e9 composto n\u00e3o apenas do combust\u00edvel em si como tamb\u00e9m de tributos e margem das distribuidoras.<\/p>\n<p><strong>G\u00e1s:<\/strong><a href=\"https:\/\/oglobo.globo.com\/economia\/negocios\/distribuidoras-comecam-repassar-reajuste-de-50-no-gas-encanado-no-gnv-25318403\" target=\"_blank\" rel=\"noopener\">Distribuidoras come\u00e7am a repassar reajuste de 50% no g\u00e1s encanado e no GNV<\/a><\/p>\n<p>Em nota, a Petrobras afirmou que o ajuste reflete, em parte, a evolu\u00e7\u00e3o dos pre\u00e7os internacionais do petr\u00f3leo e da taxa de c\u00e2mbio, que se estabilizaram em patamar inferior para a gasolina.<\/p>\n<section class=\"article__photo-gallery-teaser gallery-teaser small-gallery gallery-teaser--mista\">\n<header class=\"photo-gallery-teaser__header gallery-teaser__header\">\n<h4 class=\"photo-gallery-teaser__header-title gallery-teaser__header-title\">CONHE\u00c7A AS REFINARIAS QUE A PETROBRAS DECIDIU VENDER<\/h4>\n<\/header>\n<div class=\"gallery__controls carousel-controls\">\n<div class=\"carousel__page-counter control--counter\">1 de 11<\/div>\n<div class=\"carousel__controls\"><button class=\"control--before carousel-controls__previous carousel-controls__previous--disabled\"><\/button>\u00a0<button class=\"control--after carousel-controls__next\"><\/button><\/div>\n<\/div>\n<div class=\"gallery-teaser--container carousel__container\">\n<div class=\"gallery-teaser--wrapper article_gallery-teaser--wrapper carousel__wrapper\">\n<article id=\"posicaoFoto1\" class=\"photo-gallery-teaser gallery-teaser gallery-teaser--horizontal carousel__item\">\n<figure class=\"photo-gallery-teaser__figure gallery-figure article__picture article__picture--horizontal\"><img loading=\"lazy\" decoding=\"async\" class=\"lazyload photo-gallery-teaser__image gallery-image article__picture-image image--loaded\" src=\"https:\/\/ogimg.infoglobo.com.br\/in\/24645666-5b2-dae\/FT1086A\/620x372x89636134_Petrobras-planeja-vender-a-Refinaria-Landulpho-Alves-e-de-mais-sete-unidade-de-refino.-Foto.jpg.pagespeed.ic.6Kh9gPvca_.jpg\" alt=\"Petrobras vendeu a Refinaria Landulpho Alves (RLAM), localizada no Rec\u00f4ncavo Baiano, e mais sete unidades de refino, para para fundo \u00e1rabe por US$ 1,6 bi. Foto: Geraldo Kosinski \/ Ag\u00eancia O Globo\" width=\"620\" height=\"372\" data-src=\"https:\/\/ogimg.infoglobo.com.br\/in\/24645666-5b2-dae\/FT1086A\/620x372x89636134_Petrobras-planeja-vender-a-Refinaria-Landulpho-Alves-e-de-mais-sete-unidade-de-refino.-Foto.jpg.pagespeed.ic.6Kh9gPvca_.jpg\" \/><figcaption class=\"photo-gallery-teaser__figcaption gallery-caption article__picture-caption\">Petrobras vendeu a Refinaria Landulpho Alves (RLAM), localizada no Rec\u00f4ncavo Baiano, e mais sete unidades de refino, para para fundo \u00e1rabe por US$ 1,6 bi. Foto: Geraldo Kosinski \/ Ag\u00eancia O Globo<\/figcaption><\/figure>\n<\/article>\n<article id=\"posicaoFoto2\" class=\"photo-gallery-teaser gallery-teaser gallery-teaser--horizontal carousel__item\">\n<figure class=\"photo-gallery-teaser__figure gallery-figure article__picture article__picture--horizontal\"><img loading=\"lazy\" decoding=\"async\" class=\"lazyload photo-gallery-teaser__image gallery-image article__picture-image image--loaded\" src=\"https:\/\/ogimg.infoglobo.com.br\/in\/24645669-e83-225\/FT1086A\/620x372x89636314_BAHIA-14-12-2017-Refinaria-Landulpho-Alves-MataripeRLAM-localizada-no-municipio-deSao-Fra.jpg.pagespeed.ic.LU1Pq3bi0c.jpg\" alt=\"Primeira refinaria do Brasil, a RLAM completou 70 anos prestes a ser vendida. A unidade tem capacidade de produ\u00e7\u00e3o de 333 mil barris\/dia. Foto: Saulo Cruz \/ MME\" width=\"620\" height=\"372\" data-src=\"https:\/\/ogimg.infoglobo.com.br\/in\/24645669-e83-225\/FT1086A\/620x372x89636314_BAHIA-14-12-2017-Refinaria-Landulpho-Alves-MataripeRLAM-localizada-no-municipio-deSao-Fra.jpg.pagespeed.ic.LU1Pq3bi0c.jpg\" \/><figcaption class=\"photo-gallery-teaser__figcaption gallery-caption article__picture-caption\">Primeira refinaria do Brasil, a RLAM completou 70 anos prestes a ser vendida. A unidade tem capacidade de produ\u00e7\u00e3o de 333 mil barris\/dia. Foto: Saulo Cruz \/ MME<\/figcaption><\/figure>\n<\/article>\n<article id=\"posicaoFoto3\" class=\"photo-gallery-teaser gallery-teaser gallery-teaser--horizontal carousel__item\">\n<figure class=\"photo-gallery-teaser__figure gallery-figure article__picture article__picture--horizontal\"><img loading=\"lazy\" decoding=\"async\" class=\"lazyload photo-gallery-teaser__image gallery-image article__picture-image image--loaded\" src=\"https:\/\/ogimg.infoglobo.com.br\/in\/24645693-960-a86\/FT1086A\/620x372x77744192_E10-12-2014EMBARGADO-E-EXCLUSIVO-ABREU-E-LIMA-OPERACAOESPECIAL-DOMINICAL-PARA-ECONO.jpg.pagespeed.ic.xW5bW68cj-.jpg\" alt=\"A estatal suspendeu o processo de venda da Refinaria Abreu e Lima (RNEST), e decidiu investir US$ 1 bi na unidade, que iniciou suas opera\u00e7\u00f5es em 2014. Est\u00e1 localizada no Complexo Industrial Portu\u00e1rio de Suape, distante 45 km do Recife, em Pernambuco. Foto: Wilton Junior \/ Ag\u00eancia O Globo\" width=\"620\" height=\"372\" data-src=\"https:\/\/ogimg.infoglobo.com.br\/in\/24645693-960-a86\/FT1086A\/620x372x77744192_E10-12-2014EMBARGADO-E-EXCLUSIVO-ABREU-E-LIMA-OPERACAOESPECIAL-DOMINICAL-PARA-ECONO.jpg.pagespeed.ic.xW5bW68cj-.jpg\" \/><figcaption class=\"photo-gallery-teaser__figcaption gallery-caption article__picture-caption\">A estatal suspendeu o processo de venda da Refinaria Abreu e Lima (RNEST), e decidiu investir US$ 1 bi na unidade, que iniciou suas opera\u00e7\u00f5es em 2014. Est\u00e1 localizada no Complexo Industrial Portu\u00e1rio de Suape, distante 45 km do Recife, em Pernambuco. Foto: Wilton Junior \/ Ag\u00eancia O Globo<\/figcaption><\/figure>\n<\/article>\n<article id=\"posicaoFoto4\" class=\"photo-gallery-teaser gallery-teaser gallery-teaser--horizontal carousel__item\">\n<figure class=\"photo-gallery-teaser__figure gallery-figure article__picture article__picture--horizontal\"><img loading=\"lazy\" decoding=\"async\" class=\"lazyload photo-gallery-teaser__image gallery-image article__picture-image image--loaded\" src=\"https:\/\/ogimg.infoglobo.com.br\/in\/24666619-a17-efd\/FT1086A\/620x372xRefinaria-Abreu-e-Lima-Em-pernambuco-Reproducao-site-da-Petrobras.jpg.pagespeed.ic.K96nLS8e44.jpg\" alt=\"A RNEST, que foi alvo da Lava-Jato, tem capacidade de processamento de 230 mil barris de petr\u00f3leo por dia. Nesta unidade, s\u00e3o produzidos derivados de petr\u00f3leo, como nafta, diesel e g\u00e1s\nliquefeito de petr\u00f3leo (GLP) Foto: Reprodu\u00e7\u00e3o\/Site da Petrobras\" width=\"620\" height=\"372\" data-src=\"https:\/\/ogimg.infoglobo.com.br\/in\/24666619-a17-efd\/FT1086A\/620x372xRefinaria-Abreu-e-Lima-Em-pernambuco-Reproducao-site-da-Petrobras.jpg.pagespeed.ic.K96nLS8e44.jpg\" \/><figcaption class=\"photo-gallery-teaser__figcaption gallery-caption article__picture-caption\">A RNEST, que foi alvo da Lava-Jato, tem capacidade de processamento de 230 mil barris de petr\u00f3leo por dia. Nesta unidade, s\u00e3o produzidos derivados de petr\u00f3leo, como nafta, diesel e g\u00e1s liquefeito de petr\u00f3leo (GLP) Foto: Reprodu\u00e7\u00e3o\/Site da Petrobras<\/figcaption><\/figure>\n<\/article>\n<article id=\"posicaoFoto5\" class=\"photo-gallery-teaser gallery-teaser gallery-teaser--horizontal carousel__item\">\n<figure class=\"photo-gallery-teaser__figure gallery-figure article__picture article__picture--horizontal\"><img loading=\"lazy\" decoding=\"async\" class=\"lazyload photo-gallery-teaser__image gallery-image article__picture-image image--loaded\" src=\"https:\/\/ogimg.infoglobo.com.br\/in\/24645698-55f-e52\/FT1086A\/620x372x72878323_Programa-de-Aceleracao-do-Crescimento-SeguirRepar-PR-Obras-de-modernizacao-da-refinaria-Pre.jpg.pagespeed.ic.9GynyQX-P4.jpg\" alt=\"A Refinaria Presidente Get\u00falio Vargas (Repar), no Paran\u00e1, tem capacidade de processamento de 33 mil m\u00b3 de petr\u00f3leo por dia. Segundo fontes, os grupos Ultra, dono dos postos Ipiranga, e Ra\u00edzen, associa\u00e7\u00e3o de Cosan e Shell, est\u00e3o interessados na compra Foto: Silvio Aurichio \/ Ag\u00eancia O Globo\" width=\"620\" height=\"372\" data-src=\"https:\/\/ogimg.infoglobo.com.br\/in\/24645698-55f-e52\/FT1086A\/620x372x72878323_Programa-de-Aceleracao-do-Crescimento-SeguirRepar-PR-Obras-de-modernizacao-da-refinaria-Pre.jpg.pagespeed.ic.9GynyQX-P4.jpg\" \/><figcaption class=\"photo-gallery-teaser__figcaption gallery-caption article__picture-caption\">A Refinaria Presidente Get\u00falio Vargas (Repar), no Paran\u00e1, tem capacidade de processamento de 33 mil m\u00b3 de petr\u00f3leo por dia. Segundo fontes, os grupos Ultra, dono dos postos Ipiranga, e Ra\u00edzen, associa\u00e7\u00e3o de Cosan e Shell, est\u00e3o interessados na compra Foto: Silvio Aurichio \/ Ag\u00eancia O Globo<\/figcaption><\/figure>\n<\/article>\n<div class=\"photo-gallery-ad gallery-ad carousel__item carousel__item--advertising\" data-oglobo-photo-gallery-title=\"Publicidade\" data-oglobo-photo-gallery-url=\"https:\/\/www.publicidadeeditoraglobo.com.br\/midiakit-digital\">\n<div class=\"block__advertising block__advertising-fotogaleria\">\n<div class=\"block__advertising-header\"><a href=\"https:\/\/www.publicidadeeditoraglobo.com.br\/midiakit-digital\" target=\"_blank\" rel=\"noopener\">PUBLICIDADE<\/a><\/div>\n<div class=\"block__advertising-content\">\n<div class=\"advertising advertising--fotogaleria\" data-oglobo-advertising-format=\"fotogaleria\"><\/div>\n<\/div>\n<\/div>\n<\/div>\n<article id=\"posicaoFoto6\" class=\"photo-gallery-teaser gallery-teaser gallery-teaser--horizontal carousel__item\">\n<figure class=\"photo-gallery-teaser__figure gallery-figure article__picture article__picture--horizontal\"><img loading=\"lazy\" decoding=\"async\" class=\"lazyload photo-gallery-teaser__image gallery-image article__picture-image image--loaded\" src=\"https:\/\/ogimg.infoglobo.com.br\/in\/24645700-200-3b7\/FT1086A\/620x372x72878303_Programa-de-Aceleracao-do-Crescimento-SeguirRepar-PR-Obras-de-modernizacao-da-refinaria-Pre.jpg.pagespeed.ic.scfCf7nCj1.jpg\" alt=\"Localizada no munic\u00edpio de Arauc\u00e1ria, no Paran\u00e1, a Repar \u00e9 respons\u00e1vel por aproximadamente 12% da produ\u00e7\u00e3o nacional de derivados de petr\u00f3leo, ente eles diesel, gasolina, GLP, coque, asfalto, e propeno Foto: Silvio Aurichio \/ Ag\u00eancia O Globo\" width=\"620\" height=\"372\" data-src=\"https:\/\/ogimg.infoglobo.com.br\/in\/24645700-200-3b7\/FT1086A\/620x372x72878303_Programa-de-Aceleracao-do-Crescimento-SeguirRepar-PR-Obras-de-modernizacao-da-refinaria-Pre.jpg.pagespeed.ic.scfCf7nCj1.jpg\" \/><figcaption class=\"photo-gallery-teaser__figcaption gallery-caption article__picture-caption\">Localizada no munic\u00edpio de Arauc\u00e1ria, no Paran\u00e1, a Repar \u00e9 respons\u00e1vel por aproximadamente 12% da produ\u00e7\u00e3o nacional de derivados de petr\u00f3leo, ente eles diesel, gasolina, GLP, coque, asfalto, e propeno Foto: Silvio Aurichio \/ Ag\u00eancia O Globo<\/figcaption><\/figure>\n<\/article>\n<article id=\"posicaoFoto7\" class=\"photo-gallery-teaser gallery-teaser gallery-teaser--horizontal carousel__item\">\n<figure class=\"photo-gallery-teaser__figure gallery-figure article__picture article__picture--horizontal\"><img loading=\"lazy\" decoding=\"async\" class=\"lazyload photo-gallery-teaser__image gallery-image article__picture-image image--loaded\" src=\"https:\/\/ogimg.infoglobo.com.br\/in\/24645759-94b-d0c\/FT1086A\/620x372xRefinaria-Alberto-Pasqualini.jpg.pagespeed.ic.TQ0EiOhLyb.jpg\" alt=\"Refinaria Alberto Pasqualini (Refap) est\u00e1 instalada em uma \u00e1rea de 580 hectares no munic\u00edpio ga\u00facho de Canoas (RS). Foto: Divulga\u00e7\u00e3o\" width=\"620\" height=\"372\" data-src=\"https:\/\/ogimg.infoglobo.com.br\/in\/24645759-94b-d0c\/FT1086A\/620x372xRefinaria-Alberto-Pasqualini.jpg.pagespeed.ic.TQ0EiOhLyb.jpg\" \/><figcaption class=\"photo-gallery-teaser__figcaption gallery-caption article__picture-caption\">Refinaria Alberto Pasqualini (Refap) est\u00e1 instalada em uma \u00e1rea de 580 hectares no munic\u00edpio ga\u00facho de Canoas (RS). Foto: Divulga\u00e7\u00e3o<\/figcaption><\/figure>\n<\/article>\n<article id=\"posicaoFoto8\" class=\"photo-gallery-teaser gallery-teaser gallery-teaser--horizontal carousel__item\">\n<figure class=\"photo-gallery-teaser__figure gallery-figure article__picture article__picture--horizontal\"><img loading=\"lazy\" decoding=\"async\" class=\"lazyload photo-gallery-teaser__image gallery-image article__picture-image image--loaded\" src=\"https:\/\/ogimg.infoglobo.com.br\/in\/24645758-6de-618\/FT1086A\/620x372xsix.jpg.pagespeed.ic.pDZ3UE_TAh.jpg\" alt=\"A Petrobras tamb\u00e9m j\u00e1 vendeu a Unidade de Industrializa\u00e7\u00e3o do Xisto (SIX) para o grupo F&amp;amp;M por R$ 178 milh\u00f5es. A SIX fica localizada em S\u00e3o Mateus do Sul (PR) sobre uma das maiores reservas mundiais de xisto Foto: Divulga\u00e7\u00e3o\" width=\"620\" height=\"372\" data-src=\"https:\/\/ogimg.infoglobo.com.br\/in\/24645758-6de-618\/FT1086A\/620x372xsix.jpg.pagespeed.ic.pDZ3UE_TAh.jpg\" \/><figcaption class=\"photo-gallery-teaser__figcaption gallery-caption article__picture-caption\">A Petrobras tamb\u00e9m j\u00e1 vendeu a Unidade de Industrializa\u00e7\u00e3o do Xisto (SIX) para o grupo F&amp;M por R$ 178 milh\u00f5es. A SIX fica localizada em S\u00e3o Mateus do Sul (PR) sobre uma das maiores reservas mundiais de xisto Foto: Divulga\u00e7\u00e3o<\/figcaption><\/figure>\n<\/article>\n<article id=\"posicaoFoto9\" class=\"photo-gallery-teaser gallery-teaser gallery-teaser--horizontal carousel__item\">\n<figure class=\"photo-gallery-teaser__figure gallery-figure article__picture article__picture--horizontal\"><img loading=\"lazy\" decoding=\"async\" class=\"lazyload photo-gallery-teaser__image gallery-image article__picture-image image--loaded\" src=\"https:\/\/ogimg.infoglobo.com.br\/in\/24645729-a37-7b5\/FT1086A\/620x372x77083902_Contagem-MG-31-05-2018-Greve-dos-caminhoneirosApos-dez-dias-de-greve-dos-caminhoneiros-a.jpg.pagespeed.ic.98wIT3s5W6.jpg\" alt=\"A Refinaria Gabriel Passos (Regap), em Betim, regi\u00e3o metropolina de Belo Horizonte (MG), foi inaugurada em 30 de mar\u00e7o de 1968, com capacidade inicial de 7.200 m\u00b3\/dia. Hoje, sua capacidade de processamento \u00e9 de 24 mil m\u00b3\/dia ou 150 mil bbl\/dia Foto: Ramon Bitencourt \/ O Tempo\" width=\"620\" height=\"372\" data-src=\"https:\/\/ogimg.infoglobo.com.br\/in\/24645729-a37-7b5\/FT1086A\/620x372x77083902_Contagem-MG-31-05-2018-Greve-dos-caminhoneirosApos-dez-dias-de-greve-dos-caminhoneiros-a.jpg.pagespeed.ic.98wIT3s5W6.jpg\" \/><figcaption class=\"photo-gallery-teaser__figcaption gallery-caption article__picture-caption\">A Refinaria Gabriel Passos (Regap), em Betim, regi\u00e3o metropolina de Belo Horizonte (MG), foi inaugurada em 30 de mar\u00e7o de 1968, com capacidade inicial de 7.200 m\u00b3\/dia. Hoje, sua capacidade de processamento \u00e9 de 24 mil m\u00b3\/dia ou 150 mil bbl\/dia Foto: Ramon Bitencourt \/ O Tempo<\/figcaption><\/figure>\n<\/article>\n<article id=\"posicaoFoto10\" class=\"photo-gallery-teaser gallery-teaser gallery-teaser--horizontal carousel__item\">\n<figure class=\"photo-gallery-teaser__figure gallery-figure article__picture article__picture--horizontal\"><img loading=\"lazy\" decoding=\"async\" class=\"lazyload photo-gallery-teaser__image gallery-image article__picture-image image--loaded\" src=\"https:\/\/ogimg.infoglobo.com.br\/in\/24666674-349-da5\/FT1086A\/620x372xReman-refinaria-Isaac-Sabba.jpg.pagespeed.ic.nLTKsBw2P0.jpg\" alt=\"A Refinaria Isaac Sabb\u00e1 (Reman) foi vendida em agosto para a Atem por US$ 189,5 milh\u00f5es. A unidade foi inaugurada em 3 de janeiro de 1957 e est\u00e1 localizada \u00e0 margem esquerda do Rio Negro, em Manaus, estado do Amazonas. Em 31 de maio de 1974, foi incorporada ao Sistema Petrobras Foto: Reprodu\u00e7\u00e3o\" width=\"620\" height=\"372\" data-src=\"https:\/\/ogimg.infoglobo.com.br\/in\/24666674-349-da5\/FT1086A\/620x372xReman-refinaria-Isaac-Sabba.jpg.pagespeed.ic.nLTKsBw2P0.jpg\" \/><figcaption class=\"photo-gallery-teaser__figcaption gallery-caption article__picture-caption\">A Refinaria Isaac Sabb\u00e1 (Reman) foi vendida em agosto para a Atem por US$ 189,5 milh\u00f5es. A unidade foi inaugurada em 3 de janeiro de 1957 e est\u00e1 localizada \u00e0 margem esquerda do Rio Negro, em Manaus, estado do Amazonas. Em 31 de maio de 1974, foi incorporada ao Sistema Petrobras Foto: Reprodu\u00e7\u00e3o<\/figcaption><\/figure>\n<\/article>\n<div class=\"photo-gallery-ad gallery-ad carousel__item carousel__item--advertising\" data-oglobo-photo-gallery-title=\"Publicidade\" data-oglobo-photo-gallery-url=\"https:\/\/www.publicidadeeditoraglobo.com.br\/midiakit-digital\">\n<div class=\"block__advertising block__advertising-fotogaleria\">\n<div class=\"block__advertising-header\"><a href=\"https:\/\/www.publicidadeeditoraglobo.com.br\/midiakit-digital\" target=\"_blank\" rel=\"noopener\">PUBLICIDADE<\/a><\/div>\n<div class=\"block__advertising-content\">\n<div class=\"advertising advertising--fotogaleria\" data-oglobo-advertising-format=\"fotogaleria\"><\/div>\n<\/div>\n<\/div>\n<\/div>\n<article id=\"posicaoFoto11\" class=\"photo-gallery-teaser gallery-teaser gallery-teaser--horizontal carousel__item\">\n<figure class=\"photo-gallery-teaser__figure gallery-figure article__picture article__picture--horizontal\"><img loading=\"lazy\" decoding=\"async\" class=\"lazyload photo-gallery-teaser__image gallery-image article__picture-image image--loaded\" src=\"https:\/\/ogimg.infoglobo.com.br\/in\/24645788-541-dc3\/FT1086A\/620x372xLUBNOR_Juarez-Cavalcanti_Banco-de-Imagens-Petrobras-750x430.jpg.pagespeed.ic.jCMmW2WUb-.jpg\" alt=\"Refinaria Lubrificantes e Derivados do Nordeste (Lubnor), no Cear\u00e1, \u00e9 uma das l\u00edderes na produ\u00e7\u00e3o de asfalto no Brasil, sendo respons\u00e1vel por cerca de 10% da produ\u00e7\u00e3o do produto no pais. Foto: Divulga\u00e7\u00e3o\" width=\"620\" height=\"372\" data-src=\"https:\/\/ogimg.infoglobo.com.br\/in\/24645788-541-dc3\/FT1086A\/620x372xLUBNOR_Juarez-Cavalcanti_Banco-de-Imagens-Petrobras-750x430.jpg.pagespeed.ic.jCMmW2WUb-.jpg\" \/><figcaption class=\"photo-gallery-teaser__figcaption gallery-caption article__picture-caption\">Refinaria Lubrificantes e Derivados do Nordeste (Lubnor), no Cear\u00e1, \u00e9 uma das l\u00edderes na produ\u00e7\u00e3o de asfalto no Brasil, sendo respons\u00e1vel por cerca de 10% da produ\u00e7\u00e3o do produto no pais. Foto: Divulga\u00e7\u00e3o<\/figcaption><\/figure>\n<\/article>\n<\/div>\n<\/div>\n<\/section>\n<p>&nbsp;<\/p>\n<p>A estatal reiterou &#8220;seu compromisso com a pr\u00e1tica de pre\u00e7os competitivos e em equil\u00edbrio com o mercado, ao mesmo tempo em que evita o repasse imediato para os pre\u00e7os internos, das volatilidades externas e da taxa de c\u00e2mbio causadas por eventos conjunturais&#8221;.<\/p>\n<p>Na avalia\u00e7\u00e3o do diretor do Centro Brasileiro de Infraestrutura, Adriano Pires, o principal reflexo da varia\u00e7\u00e3o do pre\u00e7o da gasolina neste momento \u00e9 preocupa\u00e7\u00e3o do mercado global com os rumos da nova variante do coronav\u00edrus \u00d4micron.<\/p>\n<div class=\"article__embed-container\">\n<div class=\"embed-social\">\n<div class=\"flourish-embed flourish-chart\" data-src=\"visualisation\/8129157\"><iframe title=\"Interactive or visual content\" src=\"https:\/\/flo.uri.sh\/visualisation\/8129157\/embed?auto=1\" frameborder=\"0\" scrolling=\"no\" sandbox=\"allow-same-origin allow-forms allow-scripts allow-downloads allow-popups allow-popups-to-escape-sandbox allow-top-navigation-by-user-activation\" data-mce-fragment=\"1\"><\/iframe><\/p>\n<div class=\"flourish-credit\"><a href=\"https:\/\/public.flourish.studio\/visualisation\/8129157\/?utm_source=showcase&amp;utm_campaign=visualisation\/8129157\" target=\"_top\" rel=\"noopener\"><img decoding=\"async\" src=\"https:\/\/public.flourish.studio\/resources\/bosh.svg\" alt=\"Flourish logo\" \/>A Flourish chart<\/a><\/div>\n<\/div>\n<div class=\"flourish-embed flourish-chart\" data-src=\"visualisation\/8129244\"><iframe title=\"Interactive or visual content\" src=\"https:\/\/flo.uri.sh\/visualisation\/8129244\/embed?auto=1\" frameborder=\"0\" scrolling=\"no\" sandbox=\"allow-same-origin allow-forms allow-scripts allow-downloads allow-popups allow-popups-to-escape-sandbox allow-top-navigation-by-user-activation\" data-mce-fragment=\"1\"><\/iframe><\/p>\n<div class=\"flourish-credit\"><a href=\"https:\/\/public.flourish.studio\/visualisation\/8129244\/?utm_source=showcase&amp;utm_campaign=visualisation\/8129244\" target=\"_top\" rel=\"noopener\"><img decoding=\"async\" src=\"https:\/\/public.flourish.studio\/resources\/bosh.svg\" alt=\"Flourish logo\" \/>A Flourish chart<\/a><\/div>\n<\/div>\n<\/div>\n<\/div>\n<p>\u2014 O medo de um novo lockdown, de como a variante vai se comportar est\u00e1 sendo acompanhado pelo mercado com cautela. Depende de como vai evoluir.<\/p>\n<p>Ao contr\u00e1rio do que o presidente anunciou, para ele, sem este fator sanit\u00e1rio, o valor a m\u00e9dio e longo prazo do petr\u00f3leo deve subir: \u2014 A economia cresce e consumo de petr\u00f3leo tamb\u00e9m. A tend\u00eancia \u00e9 subir.<\/p>\n<p>J\u00e1 em rela\u00e7\u00e3o ao diesel, Pires descarta oscila\u00e7\u00f5es, visto que o c\u00e2mbio e pre\u00e7o do barril est\u00e3o e devem continuar est\u00e1veis.<\/p>\n<h2>Evolu\u00e7\u00e3o dos pre\u00e7os em 2021<\/h2>\n<p>Considera o pre\u00e7o na refinaria nas datas em que entrarem em vigor (por litro)<\/p>\n<ul>\n<li>1\/1 R$ 1,83 (foi reajustado em 29 de dezembro)<\/li>\n<li>19\/01\u00a0 R$ 1,98<\/li>\n<li>27\/01\u00a0 R$ 2,08<\/li>\n<li>09\/02\u00a0\u00a0 R$ 2,25<\/li>\n<li>19\/02\u00a0\u00a0 R$ 2,48<\/li>\n<li>02\/03\u00a0 R$ 2,60<\/li>\n<li>09\/03\u00a0 R$ 2,84<\/li>\n<li>20\/03\u00a0 R$ 2,70<\/li>\n<li>25\/03\u00a0 R$ 2,59<\/li>\n<li>16\/04\u00a0 R$ 2,64<\/li>\n<li>01\/05 R$ 2,59<\/li>\n<li>12\/06\u00a0 R$ 2,53<\/li>\n<li>06\/07 R$ 2,69<\/li>\n<li>12\/08 R$ 2,78<\/li>\n<li>09\/10\u00a0 R$ 2,98<\/li>\n<li>26\/10\u00a0 R$ 3,19<\/li>\n<li>15\/12 R$ \u00a03,09<\/li>\n<\/ul>\n<p><\/main><\/div>\n","protected":false},"excerpt":{"rendered":"<p>O Globo \u00a0&#8211; A Petrobras vai reduzir o pre\u00e7o de gasolina nas refinarias em 3,13% a partir desta quinta-feira, informou a estatal, o primeiro corte desde junho passado. Apesar da queda, o combust\u00edvel acumula alta de 67,9% desde janeiro. O diesel n\u00e3o ter\u00e1 varia\u00e7\u00e3o de pre\u00e7o. O movimento da empresa\u00a0havia sido antecipado pelo presidente Jair Bolsonaro\u00a0no in\u00edcio do m\u00eas. Em entrevista ao site Poder 360, Bolsonaro disse que a estatal ia come\u00e7ar a diminuir os pre\u00e7os da gasolina. \u2014 A Petrobras come\u00e7a esta semana a anunciar a redu\u00e7\u00e3o no pre\u00e7o do combust\u00edvel. Nesta semana j\u00e1 come\u00e7a a anunciar \u2014 disse no dia 5 de dezembro, enquanto acompanhava a final do campeonato de futebol do Minas Bras\u00edlia T\u00eanis Clube, em Bras\u00edlia.&hellip; <\/p>\n","protected":false},"author":2,"featured_media":302397,"comment_status":"open","ping_status":"open","sticky":false,"template":"","format":"standard","meta":{"_acf_changed":false,"footnotes":""},"categories":[20],"tags":[],"class_list":["post-302396","post","type-post","status-publish","format-standard","has-post-thumbnail","hentry","category-economia"],"acf":[],"yoast_head":"<!-- This site is optimized with the Yoast SEO plugin v27.4 - https:\/\/yoast.com\/product\/yoast-seo-wordpress\/ -->\n<title>Petrobras reduz pre\u00e7o da gasolina em 3,13% para distribuidoras, primeiro corte desde junho - Blog do Farn\u00e9sio<\/title>\n<meta name=\"robots\" content=\"index, follow, max-snippet:-1, max-image-preview:large, max-video-preview:-1\" \/>\n<link rel=\"canonical\" href=\"https:\/\/blogdofarnesio.com.br\/?p=302396\" \/>\n<meta property=\"og:locale\" content=\"pt_BR\" \/>\n<meta property=\"og:type\" content=\"article\" \/>\n<meta property=\"og:title\" content=\"Petrobras reduz pre\u00e7o da gasolina em 3,13% para distribuidoras, primeiro corte desde junho - Blog do Farn\u00e9sio\" \/>\n<meta property=\"og:description\" content=\"O Globo \u00a0&#8211; A Petrobras vai reduzir o pre\u00e7o de gasolina nas refinarias em 3,13% a partir desta quinta-feira, informou a estatal, o primeiro corte desde junho passado. Apesar da queda, o combust\u00edvel acumula alta de 67,9% desde janeiro. O diesel n\u00e3o ter\u00e1 varia\u00e7\u00e3o de pre\u00e7o. O movimento da empresa\u00a0havia sido antecipado pelo presidente Jair Bolsonaro\u00a0no in\u00edcio do m\u00eas. Em entrevista ao site Poder 360, Bolsonaro disse que a estatal ia come\u00e7ar a diminuir os pre\u00e7os da gasolina. \u2014 A Petrobras come\u00e7a esta semana a anunciar a redu\u00e7\u00e3o no pre\u00e7o do combust\u00edvel. Nesta semana j\u00e1 come\u00e7a a anunciar \u2014 disse no dia 5 de dezembro, enquanto acompanhava a final do campeonato de futebol do Minas Bras\u00edlia T\u00eanis Clube, em Bras\u00edlia.&hellip;\" \/>\n<meta property=\"og:url\" content=\"https:\/\/blogdofarnesio.com.br\/?p=302396\" \/>\n<meta property=\"og:site_name\" content=\"Blog do Farn\u00e9sio\" \/>\n<meta property=\"article:publisher\" content=\"https:\/\/www.facebook.com\/BlogQuerSaberPolitica\/\" \/>\n<meta property=\"article:author\" content=\"https:\/\/www.facebook.com\/?ref=tn_tnmn\" \/>\n<meta property=\"article:published_time\" content=\"2021-12-14T20:08:56+00:00\" \/>\n<meta property=\"og:image\" content=\"https:\/\/blogdofarnesio.com.br\/wp-content\/uploads\/2021\/12\/blogqsppetrobras_Posto-de-gasolina-1.jpg.pagespeed.ic_.kFiHtIu8tj-e1639512498923.jpg\" \/>\n\t<meta property=\"og:image:width\" content=\"686\" \/>\n\t<meta property=\"og:image:height\" content=\"412\" \/>\n\t<meta property=\"og:image:type\" content=\"image\/jpeg\" \/>\n<meta name=\"author\" content=\"Farn\u00e9sio\" \/>\n<meta name=\"twitter:card\" content=\"summary_large_image\" \/>\n<meta name=\"twitter:label1\" content=\"Escrito por\" \/>\n\t<meta name=\"twitter:data1\" content=\"Farn\u00e9sio\" \/>\n\t<meta name=\"twitter:label2\" content=\"Est. tempo de leitura\" \/>\n\t<meta name=\"twitter:data2\" content=\"8 minutos\" \/>\n<script type=\"application\/ld+json\" class=\"yoast-schema-graph\">{\"@context\":\"https:\\\/\\\/schema.org\",\"@graph\":[{\"@type\":\"Article\",\"@id\":\"https:\\\/\\\/blogdofarnesio.com.br\\\/?p=302396#article\",\"isPartOf\":{\"@id\":\"https:\\\/\\\/blogdofarnesio.com.br\\\/?p=302396\"},\"author\":{\"name\":\"Farn\u00e9sio\",\"@id\":\"https:\\\/\\\/blogdofarnesio.com.br\\\/#\\\/schema\\\/person\\\/bb9b23ae3ad0609ce8df7b6c9e76824d\"},\"headline\":\"Petrobras reduz pre\u00e7o da gasolina em 3,13% para distribuidoras, primeiro corte desde junho\",\"datePublished\":\"2021-12-14T20:08:56+00:00\",\"mainEntityOfPage\":{\"@id\":\"https:\\\/\\\/blogdofarnesio.com.br\\\/?p=302396\"},\"wordCount\":992,\"commentCount\":0,\"publisher\":{\"@id\":\"https:\\\/\\\/blogdofarnesio.com.br\\\/#organization\"},\"image\":{\"@id\":\"https:\\\/\\\/blogdofarnesio.com.br\\\/?p=302396#primaryimage\"},\"thumbnailUrl\":\"https:\\\/\\\/blogdofarnesio.com.br\\\/wp-content\\\/uploads\\\/2021\\\/12\\\/blogqsppetrobras_Posto-de-gasolina-1.jpg.pagespeed.ic_.kFiHtIu8tj-e1639512498923.jpg\",\"articleSection\":[\"Economia\"],\"inLanguage\":\"pt-BR\",\"potentialAction\":[{\"@type\":\"CommentAction\",\"name\":\"Comment\",\"target\":[\"https:\\\/\\\/blogdofarnesio.com.br\\\/?p=302396#respond\"]}]},{\"@type\":\"WebPage\",\"@id\":\"https:\\\/\\\/blogdofarnesio.com.br\\\/?p=302396\",\"url\":\"https:\\\/\\\/blogdofarnesio.com.br\\\/?p=302396\",\"name\":\"Petrobras reduz pre\u00e7o da gasolina em 3,13% para distribuidoras, primeiro corte desde junho - Blog do Farn\u00e9sio\",\"isPartOf\":{\"@id\":\"https:\\\/\\\/blogdofarnesio.com.br\\\/#website\"},\"primaryImageOfPage\":{\"@id\":\"https:\\\/\\\/blogdofarnesio.com.br\\\/?p=302396#primaryimage\"},\"image\":{\"@id\":\"https:\\\/\\\/blogdofarnesio.com.br\\\/?p=302396#primaryimage\"},\"thumbnailUrl\":\"https:\\\/\\\/blogdofarnesio.com.br\\\/wp-content\\\/uploads\\\/2021\\\/12\\\/blogqsppetrobras_Posto-de-gasolina-1.jpg.pagespeed.ic_.kFiHtIu8tj-e1639512498923.jpg\",\"datePublished\":\"2021-12-14T20:08:56+00:00\",\"breadcrumb\":{\"@id\":\"https:\\\/\\\/blogdofarnesio.com.br\\\/?p=302396#breadcrumb\"},\"inLanguage\":\"pt-BR\",\"potentialAction\":[{\"@type\":\"ReadAction\",\"target\":[\"https:\\\/\\\/blogdofarnesio.com.br\\\/?p=302396\"]}]},{\"@type\":\"ImageObject\",\"inLanguage\":\"pt-BR\",\"@id\":\"https:\\\/\\\/blogdofarnesio.com.br\\\/?p=302396#primaryimage\",\"url\":\"https:\\\/\\\/blogdofarnesio.com.br\\\/wp-content\\\/uploads\\\/2021\\\/12\\\/blogqsppetrobras_Posto-de-gasolina-1.jpg.pagespeed.ic_.kFiHtIu8tj-e1639512498923.jpg\",\"contentUrl\":\"https:\\\/\\\/blogdofarnesio.com.br\\\/wp-content\\\/uploads\\\/2021\\\/12\\\/blogqsppetrobras_Posto-de-gasolina-1.jpg.pagespeed.ic_.kFiHtIu8tj-e1639512498923.jpg\",\"width\":686,\"height\":412,\"caption\":\"Foto: Gabriela Fittipaldi \\\/ Ag\u00eancia Globo\"},{\"@type\":\"BreadcrumbList\",\"@id\":\"https:\\\/\\\/blogdofarnesio.com.br\\\/?p=302396#breadcrumb\",\"itemListElement\":[{\"@type\":\"ListItem\",\"position\":1,\"name\":\"In\u00edcio\",\"item\":\"https:\\\/\\\/blogdofarnesio.com.br\\\/\"},{\"@type\":\"ListItem\",\"position\":2,\"name\":\"Petrobras reduz pre\u00e7o da gasolina em 3,13% para distribuidoras, primeiro corte desde junho\"}]},{\"@type\":\"WebSite\",\"@id\":\"https:\\\/\\\/blogdofarnesio.com.br\\\/#website\",\"url\":\"https:\\\/\\\/blogdofarnesio.com.br\\\/\",\"name\":\"Blog do Farn\u00e9sio\",\"description\":\"Quer Saber Pol\u00edtica?\",\"publisher\":{\"@id\":\"https:\\\/\\\/blogdofarnesio.com.br\\\/#organization\"},\"potentialAction\":[{\"@type\":\"SearchAction\",\"target\":{\"@type\":\"EntryPoint\",\"urlTemplate\":\"https:\\\/\\\/blogdofarnesio.com.br\\\/?s={search_term_string}\"},\"query-input\":{\"@type\":\"PropertyValueSpecification\",\"valueRequired\":true,\"valueName\":\"search_term_string\"}}],\"inLanguage\":\"pt-BR\"},{\"@type\":\"Organization\",\"@id\":\"https:\\\/\\\/blogdofarnesio.com.br\\\/#organization\",\"name\":\"Blog do Farn\u00e9sio\",\"url\":\"https:\\\/\\\/blogdofarnesio.com.br\\\/\",\"logo\":{\"@type\":\"ImageObject\",\"inLanguage\":\"pt-BR\",\"@id\":\"https:\\\/\\\/blogdofarnesio.com.br\\\/#\\\/schema\\\/logo\\\/image\\\/\",\"url\":\"https:\\\/\\\/blogdofarnesio.com.br\\\/wp-content\\\/uploads\\\/2026\\\/03\\\/cropped-logo_new-1.png\",\"contentUrl\":\"https:\\\/\\\/blogdofarnesio.com.br\\\/wp-content\\\/uploads\\\/2026\\\/03\\\/cropped-logo_new-1.png\",\"width\":881,\"height\":685,\"caption\":\"Blog do Farn\u00e9sio\"},\"image\":{\"@id\":\"https:\\\/\\\/blogdofarnesio.com.br\\\/#\\\/schema\\\/logo\\\/image\\\/\"},\"sameAs\":[\"https:\\\/\\\/www.facebook.com\\\/BlogQuerSaberPolitica\\\/\"]},{\"@type\":\"Person\",\"@id\":\"https:\\\/\\\/blogdofarnesio.com.br\\\/#\\\/schema\\\/person\\\/bb9b23ae3ad0609ce8df7b6c9e76824d\",\"name\":\"Farn\u00e9sio\",\"image\":{\"@type\":\"ImageObject\",\"inLanguage\":\"pt-BR\",\"@id\":\"https:\\\/\\\/secure.gravatar.com\\\/avatar\\\/986aa4c61ccdb66f8555bf88fc2a65609d00bcabd4d2d94377a727547345cbca?s=96&d=mm&r=g\",\"url\":\"https:\\\/\\\/secure.gravatar.com\\\/avatar\\\/986aa4c61ccdb66f8555bf88fc2a65609d00bcabd4d2d94377a727547345cbca?s=96&d=mm&r=g\",\"contentUrl\":\"https:\\\/\\\/secure.gravatar.com\\\/avatar\\\/986aa4c61ccdb66f8555bf88fc2a65609d00bcabd4d2d94377a727547345cbca?s=96&d=mm&r=g\",\"caption\":\"Farn\u00e9sio\"},\"description\":\"Radialista blogueiro, chegou a Petrolina\\\/Juazeiro em setembro de 1980, Farn\u00e9sio Silva \u00e9 de Arapiraca-Alagoas.\",\"sameAs\":[\"http:\\\/\\\/blogdofarnesio.com.br\",\"https:\\\/\\\/www.facebook.com\\\/?ref=tn_tnmn\",\"https:\\\/\\\/www.instagram.com\\\/?utm_source=pwa_homescreen\",\"https:\\\/\\\/youtube.com.br\\\/\"],\"url\":\"https:\\\/\\\/blogdofarnesio.com.br\\\/?author=2\"}]}<\/script>\n<!-- \/ Yoast SEO plugin. -->","yoast_head_json":{"title":"Petrobras reduz pre\u00e7o da gasolina em 3,13% para distribuidoras, primeiro corte desde junho - Blog do Farn\u00e9sio","robots":{"index":"index","follow":"follow","max-snippet":"max-snippet:-1","max-image-preview":"max-image-preview:large","max-video-preview":"max-video-preview:-1"},"canonical":"https:\/\/blogdofarnesio.com.br\/?p=302396","og_locale":"pt_BR","og_type":"article","og_title":"Petrobras reduz pre\u00e7o da gasolina em 3,13% para distribuidoras, primeiro corte desde junho - Blog do Farn\u00e9sio","og_description":"O Globo \u00a0&#8211; A Petrobras vai reduzir o pre\u00e7o de gasolina nas refinarias em 3,13% a partir desta quinta-feira, informou a estatal, o primeiro corte desde junho passado. Apesar da queda, o combust\u00edvel acumula alta de 67,9% desde janeiro. O diesel n\u00e3o ter\u00e1 varia\u00e7\u00e3o de pre\u00e7o. O movimento da empresa\u00a0havia sido antecipado pelo presidente Jair Bolsonaro\u00a0no in\u00edcio do m\u00eas. Em entrevista ao site Poder 360, Bolsonaro disse que a estatal ia come\u00e7ar a diminuir os pre\u00e7os da gasolina. \u2014 A Petrobras come\u00e7a esta semana a anunciar a redu\u00e7\u00e3o no pre\u00e7o do combust\u00edvel. Nesta semana j\u00e1 come\u00e7a a anunciar \u2014 disse no dia 5 de dezembro, enquanto acompanhava a final do campeonato de futebol do Minas Bras\u00edlia T\u00eanis Clube, em Bras\u00edlia.&hellip;","og_url":"https:\/\/blogdofarnesio.com.br\/?p=302396","og_site_name":"Blog do Farn\u00e9sio","article_publisher":"https:\/\/www.facebook.com\/BlogQuerSaberPolitica\/","article_author":"https:\/\/www.facebook.com\/?ref=tn_tnmn","article_published_time":"2021-12-14T20:08:56+00:00","og_image":[{"width":686,"height":412,"url":"https:\/\/blogdofarnesio.com.br\/wp-content\/uploads\/2021\/12\/blogqsppetrobras_Posto-de-gasolina-1.jpg.pagespeed.ic_.kFiHtIu8tj-e1639512498923.jpg","type":"image\/jpeg"}],"author":"Farn\u00e9sio","twitter_card":"summary_large_image","twitter_misc":{"Escrito por":"Farn\u00e9sio","Est. tempo de leitura":"8 minutos"},"schema":{"@context":"https:\/\/schema.org","@graph":[{"@type":"Article","@id":"https:\/\/blogdofarnesio.com.br\/?p=302396#article","isPartOf":{"@id":"https:\/\/blogdofarnesio.com.br\/?p=302396"},"author":{"name":"Farn\u00e9sio","@id":"https:\/\/blogdofarnesio.com.br\/#\/schema\/person\/bb9b23ae3ad0609ce8df7b6c9e76824d"},"headline":"Petrobras reduz pre\u00e7o da gasolina em 3,13% para distribuidoras, primeiro corte desde junho","datePublished":"2021-12-14T20:08:56+00:00","mainEntityOfPage":{"@id":"https:\/\/blogdofarnesio.com.br\/?p=302396"},"wordCount":992,"commentCount":0,"publisher":{"@id":"https:\/\/blogdofarnesio.com.br\/#organization"},"image":{"@id":"https:\/\/blogdofarnesio.com.br\/?p=302396#primaryimage"},"thumbnailUrl":"https:\/\/blogdofarnesio.com.br\/wp-content\/uploads\/2021\/12\/blogqsppetrobras_Posto-de-gasolina-1.jpg.pagespeed.ic_.kFiHtIu8tj-e1639512498923.jpg","articleSection":["Economia"],"inLanguage":"pt-BR","potentialAction":[{"@type":"CommentAction","name":"Comment","target":["https:\/\/blogdofarnesio.com.br\/?p=302396#respond"]}]},{"@type":"WebPage","@id":"https:\/\/blogdofarnesio.com.br\/?p=302396","url":"https:\/\/blogdofarnesio.com.br\/?p=302396","name":"Petrobras reduz pre\u00e7o da gasolina em 3,13% para distribuidoras, primeiro corte desde junho - Blog do Farn\u00e9sio","isPartOf":{"@id":"https:\/\/blogdofarnesio.com.br\/#website"},"primaryImageOfPage":{"@id":"https:\/\/blogdofarnesio.com.br\/?p=302396#primaryimage"},"image":{"@id":"https:\/\/blogdofarnesio.com.br\/?p=302396#primaryimage"},"thumbnailUrl":"https:\/\/blogdofarnesio.com.br\/wp-content\/uploads\/2021\/12\/blogqsppetrobras_Posto-de-gasolina-1.jpg.pagespeed.ic_.kFiHtIu8tj-e1639512498923.jpg","datePublished":"2021-12-14T20:08:56+00:00","breadcrumb":{"@id":"https:\/\/blogdofarnesio.com.br\/?p=302396#breadcrumb"},"inLanguage":"pt-BR","potentialAction":[{"@type":"ReadAction","target":["https:\/\/blogdofarnesio.com.br\/?p=302396"]}]},{"@type":"ImageObject","inLanguage":"pt-BR","@id":"https:\/\/blogdofarnesio.com.br\/?p=302396#primaryimage","url":"https:\/\/blogdofarnesio.com.br\/wp-content\/uploads\/2021\/12\/blogqsppetrobras_Posto-de-gasolina-1.jpg.pagespeed.ic_.kFiHtIu8tj-e1639512498923.jpg","contentUrl":"https:\/\/blogdofarnesio.com.br\/wp-content\/uploads\/2021\/12\/blogqsppetrobras_Posto-de-gasolina-1.jpg.pagespeed.ic_.kFiHtIu8tj-e1639512498923.jpg","width":686,"height":412,"caption":"Foto: Gabriela Fittipaldi \/ Ag\u00eancia Globo"},{"@type":"BreadcrumbList","@id":"https:\/\/blogdofarnesio.com.br\/?p=302396#breadcrumb","itemListElement":[{"@type":"ListItem","position":1,"name":"In\u00edcio","item":"https:\/\/blogdofarnesio.com.br\/"},{"@type":"ListItem","position":2,"name":"Petrobras reduz pre\u00e7o da gasolina em 3,13% para distribuidoras, primeiro corte desde junho"}]},{"@type":"WebSite","@id":"https:\/\/blogdofarnesio.com.br\/#website","url":"https:\/\/blogdofarnesio.com.br\/","name":"Blog do Farn\u00e9sio","description":"Quer Saber Pol\u00edtica?","publisher":{"@id":"https:\/\/blogdofarnesio.com.br\/#organization"},"potentialAction":[{"@type":"SearchAction","target":{"@type":"EntryPoint","urlTemplate":"https:\/\/blogdofarnesio.com.br\/?s={search_term_string}"},"query-input":{"@type":"PropertyValueSpecification","valueRequired":true,"valueName":"search_term_string"}}],"inLanguage":"pt-BR"},{"@type":"Organization","@id":"https:\/\/blogdofarnesio.com.br\/#organization","name":"Blog do Farn\u00e9sio","url":"https:\/\/blogdofarnesio.com.br\/","logo":{"@type":"ImageObject","inLanguage":"pt-BR","@id":"https:\/\/blogdofarnesio.com.br\/#\/schema\/logo\/image\/","url":"https:\/\/blogdofarnesio.com.br\/wp-content\/uploads\/2026\/03\/cropped-logo_new-1.png","contentUrl":"https:\/\/blogdofarnesio.com.br\/wp-content\/uploads\/2026\/03\/cropped-logo_new-1.png","width":881,"height":685,"caption":"Blog do Farn\u00e9sio"},"image":{"@id":"https:\/\/blogdofarnesio.com.br\/#\/schema\/logo\/image\/"},"sameAs":["https:\/\/www.facebook.com\/BlogQuerSaberPolitica\/"]},{"@type":"Person","@id":"https:\/\/blogdofarnesio.com.br\/#\/schema\/person\/bb9b23ae3ad0609ce8df7b6c9e76824d","name":"Farn\u00e9sio","image":{"@type":"ImageObject","inLanguage":"pt-BR","@id":"https:\/\/secure.gravatar.com\/avatar\/986aa4c61ccdb66f8555bf88fc2a65609d00bcabd4d2d94377a727547345cbca?s=96&d=mm&r=g","url":"https:\/\/secure.gravatar.com\/avatar\/986aa4c61ccdb66f8555bf88fc2a65609d00bcabd4d2d94377a727547345cbca?s=96&d=mm&r=g","contentUrl":"https:\/\/secure.gravatar.com\/avatar\/986aa4c61ccdb66f8555bf88fc2a65609d00bcabd4d2d94377a727547345cbca?s=96&d=mm&r=g","caption":"Farn\u00e9sio"},"description":"Radialista blogueiro, chegou a Petrolina\/Juazeiro em setembro de 1980, Farn\u00e9sio Silva \u00e9 de Arapiraca-Alagoas.","sameAs":["http:\/\/blogdofarnesio.com.br","https:\/\/www.facebook.com\/?ref=tn_tnmn","https:\/\/www.instagram.com\/?utm_source=pwa_homescreen","https:\/\/youtube.com.br\/"],"url":"https:\/\/blogdofarnesio.com.br\/?author=2"}]}},"_links":{"self":[{"href":"https:\/\/blogdofarnesio.com.br\/index.php?rest_route=\/wp\/v2\/posts\/302396","targetHints":{"allow":["GET"]}}],"collection":[{"href":"https:\/\/blogdofarnesio.com.br\/index.php?rest_route=\/wp\/v2\/posts"}],"about":[{"href":"https:\/\/blogdofarnesio.com.br\/index.php?rest_route=\/wp\/v2\/types\/post"}],"author":[{"embeddable":true,"href":"https:\/\/blogdofarnesio.com.br\/index.php?rest_route=\/wp\/v2\/users\/2"}],"replies":[{"embeddable":true,"href":"https:\/\/blogdofarnesio.com.br\/index.php?rest_route=%2Fwp%2Fv2%2Fcomments&post=302396"}],"version-history":[{"count":0,"href":"https:\/\/blogdofarnesio.com.br\/index.php?rest_route=\/wp\/v2\/posts\/302396\/revisions"}],"wp:featuredmedia":[{"embeddable":true,"href":"https:\/\/blogdofarnesio.com.br\/index.php?rest_route=\/wp\/v2\/media\/302397"}],"wp:attachment":[{"href":"https:\/\/blogdofarnesio.com.br\/index.php?rest_route=%2Fwp%2Fv2%2Fmedia&parent=302396"}],"wp:term":[{"taxonomy":"category","embeddable":true,"href":"https:\/\/blogdofarnesio.com.br\/index.php?rest_route=%2Fwp%2Fv2%2Fcategories&post=302396"},{"taxonomy":"post_tag","embeddable":true,"href":"https:\/\/blogdofarnesio.com.br\/index.php?rest_route=%2Fwp%2Fv2%2Ftags&post=302396"}],"curies":[{"name":"wp","href":"https:\/\/api.w.org\/{rel}","templated":true}]}}