{"id":301559,"date":"2021-12-03T14:21:07","date_gmt":"2021-12-03T17:21:07","guid":{"rendered":"https:\/\/blogdofarnesio.com.br\/?p=301559"},"modified":"2021-12-03T11:06:50","modified_gmt":"2021-12-03T14:06:50","slug":"obra-do-governo-do-estado-por-meio-da-compesa-beneficiara-30-mil-pessoas-de-afranio-dormentes-e-zona-rural-de-petrolina","status":"publish","type":"post","link":"https:\/\/blogdofarnesio.com.br\/?p=301559","title":{"rendered":"OBRA DO GOVERNO DO ESTADO, POR MEIO DA COMPESA, BENEFICIAR\u00c1 30 MIL PESSOAS DE AFR\u00c2NIO, DORMENTES E ZONA RURAL DE PETROLINA"},"content":{"rendered":"<p>Est\u00e1 em fase de contrata\u00e7\u00e3o a obra de amplia\u00e7\u00e3o da capacidade de bombeamento e produ\u00e7\u00e3o do Sistema Maria Tereza, uma segunda etapa de melhorias que vai aumentar a oferta de \u00e1gua para a popula\u00e7\u00e3o de Afr\u00e2nio, Dormentes, al\u00e9m das localidades de Rajada e Pau Ferro, que ficam em Petrolina. A obra, que faz parte do Plano Retomada do Governo do Estado, ir\u00e1 beneficiar cerca de 30 mil pessoas. A proje\u00e7\u00e3o da Compesa \u00e9 que a oferta de \u00e1gua passe para 75 litros por segundo, proporcionando confiabilidade do sistema e estabilidade da vaz\u00e3o m\u00e1xima produzida, permitindo expandir o atendimento para o bairro Josias Elp\u00eddio, em Dormentes.<\/p>\n<p>Com um investimento de mais de R$ 1,7 milh\u00e3o, a obra ir\u00e1 modificar a vida da popula\u00e7\u00e3o local. Para o gerente de Unidade de Neg\u00f3cios da Compesa, Marcelo Guimar\u00e3es, \u201ca conclus\u00e3o dessa segunda etapa proporcionar\u00e1 uma melhor condi\u00e7\u00e3o operacional do sistema e, com isso, a Compesa poder\u00e1 abastecer com maior seguran\u00e7a mais de 60 comunidades rurais nos munic\u00edpios de Petrolina, Afr\u00e2nio e Dormentes, al\u00e9m das sedes urbanas dos dois \u00faltimos, levando mais qualidade de vida para a popula\u00e7\u00e3o\u201d, comenta.<\/p>\n<p>A primeira etapa da obra foi conclu\u00edda em abril deste ano. Foram substitu\u00eddos mais de oito quil\u00f4metros de tubula\u00e7\u00f5es com investimento da ordem de R$ 800 mil. \u201cNas duas etapas, o investimento soma R$ 2,5 milh\u00f5es, o que mostra o compromisso do Governo do Estado e da Compesa para melhorar o abastecimento dessa regi\u00e3o do S\u00e3o Francisco\u201d, afirmou o gerente.<\/p>\n","protected":false},"excerpt":{"rendered":"<p>Est\u00e1 em fase de contrata\u00e7\u00e3o a obra de amplia\u00e7\u00e3o da capacidade de bombeamento e produ\u00e7\u00e3o do Sistema Maria Tereza, uma segunda etapa de melhorias que vai aumentar a oferta de \u00e1gua para a popula\u00e7\u00e3o de Afr\u00e2nio, Dormentes, al\u00e9m das localidades de Rajada e Pau Ferro, que ficam em Petrolina. A obra, que faz parte do Plano Retomada do Governo do Estado, ir\u00e1 beneficiar cerca de 30 mil pessoas. A proje\u00e7\u00e3o da Compesa \u00e9 que a oferta de \u00e1gua passe para 75 litros por segundo, proporcionando confiabilidade do sistema e estabilidade da vaz\u00e3o m\u00e1xima produzida, permitindo expandir o atendimento para o bairro Josias Elp\u00eddio, em Dormentes. Com um investimento de mais de R$ 1,7 milh\u00e3o, a obra ir\u00e1 modificar a vida&hellip; <\/p>\n","protected":false},"author":2,"featured_media":169566,"comment_status":"open","ping_status":"open","sticky":false,"template":"","format":"standard","meta":{"_acf_changed":false,"footnotes":""},"categories":[56],"tags":[],"class_list":["post-301559","post","type-post","status-publish","format-standard","has-post-thumbnail","hentry","category-agua"],"acf":[],"yoast_head":"<!-- This site is optimized with the Yoast SEO plugin v27.4 - https:\/\/yoast.com\/product\/yoast-seo-wordpress\/ -->\n<title>OBRA DO GOVERNO DO ESTADO, POR MEIO DA COMPESA, BENEFICIAR\u00c1 30 MIL PESSOAS DE AFR\u00c2NIO, DORMENTES E ZONA RURAL DE PETROLINA - Blog do Farn\u00e9sio<\/title>\n<meta name=\"robots\" content=\"index, follow, max-snippet:-1, max-image-preview:large, max-video-preview:-1\" \/>\n<link rel=\"canonical\" href=\"https:\/\/blogdofarnesio.com.br\/?p=301559\" \/>\n<meta property=\"og:locale\" content=\"pt_BR\" \/>\n<meta property=\"og:type\" content=\"article\" \/>\n<meta property=\"og:title\" content=\"OBRA DO GOVERNO DO ESTADO, POR MEIO DA COMPESA, BENEFICIAR\u00c1 30 MIL PESSOAS DE AFR\u00c2NIO, DORMENTES E ZONA RURAL DE PETROLINA - Blog do Farn\u00e9sio\" \/>\n<meta property=\"og:description\" content=\"Est\u00e1 em fase de contrata\u00e7\u00e3o a obra de amplia\u00e7\u00e3o da capacidade de bombeamento e produ\u00e7\u00e3o do Sistema Maria Tereza, uma segunda etapa de melhorias que vai aumentar a oferta de \u00e1gua para a popula\u00e7\u00e3o de Afr\u00e2nio, Dormentes, al\u00e9m das localidades de Rajada e Pau Ferro, que ficam em Petrolina. A obra, que faz parte do Plano Retomada do Governo do Estado, ir\u00e1 beneficiar cerca de 30 mil pessoas. A proje\u00e7\u00e3o da Compesa \u00e9 que a oferta de \u00e1gua passe para 75 litros por segundo, proporcionando confiabilidade do sistema e estabilidade da vaz\u00e3o m\u00e1xima produzida, permitindo expandir o atendimento para o bairro Josias Elp\u00eddio, em Dormentes. Com um investimento de mais de R$ 1,7 milh\u00e3o, a obra ir\u00e1 modificar a vida&hellip;\" \/>\n<meta property=\"og:url\" content=\"https:\/\/blogdofarnesio.com.br\/?p=301559\" \/>\n<meta property=\"og:site_name\" content=\"Blog do Farn\u00e9sio\" \/>\n<meta property=\"article:publisher\" content=\"https:\/\/www.facebook.com\/BlogQuerSaberPolitica\/\" \/>\n<meta property=\"article:author\" content=\"https:\/\/www.facebook.com\/?ref=tn_tnmn\" \/>\n<meta property=\"article:published_time\" content=\"2021-12-03T17:21:07+00:00\" \/>\n<meta property=\"og:image\" content=\"https:\/\/blogdofarnesio.com.br\/wp-content\/uploads\/2017\/06\/blogqspAFRANIO-P.jpg\" \/>\n\t<meta property=\"og:image:width\" content=\"448\" \/>\n\t<meta property=\"og:image:height\" content=\"299\" \/>\n\t<meta property=\"og:image:type\" content=\"image\/jpeg\" \/>\n<meta name=\"author\" content=\"Farn\u00e9sio\" \/>\n<meta name=\"twitter:card\" content=\"summary_large_image\" \/>\n<meta name=\"twitter:label1\" content=\"Escrito por\" \/>\n\t<meta name=\"twitter:data1\" content=\"Farn\u00e9sio\" \/>\n\t<meta name=\"twitter:label2\" content=\"Est. tempo de leitura\" \/>\n\t<meta name=\"twitter:data2\" content=\"2 minutos\" \/>\n<script type=\"application\/ld+json\" class=\"yoast-schema-graph\">{\"@context\":\"https:\\\/\\\/schema.org\",\"@graph\":[{\"@type\":\"Article\",\"@id\":\"https:\\\/\\\/blogdofarnesio.com.br\\\/?p=301559#article\",\"isPartOf\":{\"@id\":\"https:\\\/\\\/blogdofarnesio.com.br\\\/?p=301559\"},\"author\":{\"name\":\"Farn\u00e9sio\",\"@id\":\"https:\\\/\\\/blogdofarnesio.com.br\\\/#\\\/schema\\\/person\\\/bb9b23ae3ad0609ce8df7b6c9e76824d\"},\"headline\":\"OBRA DO GOVERNO DO ESTADO, POR MEIO DA COMPESA, BENEFICIAR\u00c1 30 MIL PESSOAS DE AFR\u00c2NIO, DORMENTES E ZONA RURAL DE PETROLINA\",\"datePublished\":\"2021-12-03T17:21:07+00:00\",\"mainEntityOfPage\":{\"@id\":\"https:\\\/\\\/blogdofarnesio.com.br\\\/?p=301559\"},\"wordCount\":286,\"commentCount\":0,\"publisher\":{\"@id\":\"https:\\\/\\\/blogdofarnesio.com.br\\\/#organization\"},\"image\":{\"@id\":\"https:\\\/\\\/blogdofarnesio.com.br\\\/?p=301559#primaryimage\"},\"thumbnailUrl\":\"https:\\\/\\\/blogdofarnesio.com.br\\\/wp-content\\\/uploads\\\/2017\\\/06\\\/blogqspAFRANIO-P.jpg\",\"articleSection\":[\"\u00c1gua\"],\"inLanguage\":\"pt-BR\",\"potentialAction\":[{\"@type\":\"CommentAction\",\"name\":\"Comment\",\"target\":[\"https:\\\/\\\/blogdofarnesio.com.br\\\/?p=301559#respond\"]}]},{\"@type\":\"WebPage\",\"@id\":\"https:\\\/\\\/blogdofarnesio.com.br\\\/?p=301559\",\"url\":\"https:\\\/\\\/blogdofarnesio.com.br\\\/?p=301559\",\"name\":\"OBRA DO GOVERNO DO ESTADO, POR MEIO DA COMPESA, BENEFICIAR\u00c1 30 MIL PESSOAS DE AFR\u00c2NIO, DORMENTES E ZONA RURAL DE PETROLINA - Blog do Farn\u00e9sio\",\"isPartOf\":{\"@id\":\"https:\\\/\\\/blogdofarnesio.com.br\\\/#website\"},\"primaryImageOfPage\":{\"@id\":\"https:\\\/\\\/blogdofarnesio.com.br\\\/?p=301559#primaryimage\"},\"image\":{\"@id\":\"https:\\\/\\\/blogdofarnesio.com.br\\\/?p=301559#primaryimage\"},\"thumbnailUrl\":\"https:\\\/\\\/blogdofarnesio.com.br\\\/wp-content\\\/uploads\\\/2017\\\/06\\\/blogqspAFRANIO-P.jpg\",\"datePublished\":\"2021-12-03T17:21:07+00:00\",\"breadcrumb\":{\"@id\":\"https:\\\/\\\/blogdofarnesio.com.br\\\/?p=301559#breadcrumb\"},\"inLanguage\":\"pt-BR\",\"potentialAction\":[{\"@type\":\"ReadAction\",\"target\":[\"https:\\\/\\\/blogdofarnesio.com.br\\\/?p=301559\"]}]},{\"@type\":\"ImageObject\",\"inLanguage\":\"pt-BR\",\"@id\":\"https:\\\/\\\/blogdofarnesio.com.br\\\/?p=301559#primaryimage\",\"url\":\"https:\\\/\\\/blogdofarnesio.com.br\\\/wp-content\\\/uploads\\\/2017\\\/06\\\/blogqspAFRANIO-P.jpg\",\"contentUrl\":\"https:\\\/\\\/blogdofarnesio.com.br\\\/wp-content\\\/uploads\\\/2017\\\/06\\\/blogqspAFRANIO-P.jpg\",\"width\":448,\"height\":299,\"caption\":\"Afr\u00e2nio vista panoramica\"},{\"@type\":\"BreadcrumbList\",\"@id\":\"https:\\\/\\\/blogdofarnesio.com.br\\\/?p=301559#breadcrumb\",\"itemListElement\":[{\"@type\":\"ListItem\",\"position\":1,\"name\":\"In\u00edcio\",\"item\":\"https:\\\/\\\/blogdofarnesio.com.br\\\/\"},{\"@type\":\"ListItem\",\"position\":2,\"name\":\"OBRA DO GOVERNO DO ESTADO, POR MEIO DA COMPESA, BENEFICIAR\u00c1 30 MIL PESSOAS DE AFR\u00c2NIO, DORMENTES E ZONA RURAL DE PETROLINA\"}]},{\"@type\":\"WebSite\",\"@id\":\"https:\\\/\\\/blogdofarnesio.com.br\\\/#website\",\"url\":\"https:\\\/\\\/blogdofarnesio.com.br\\\/\",\"name\":\"Blog do Farn\u00e9sio\",\"description\":\"Quer Saber Pol\u00edtica?\",\"publisher\":{\"@id\":\"https:\\\/\\\/blogdofarnesio.com.br\\\/#organization\"},\"potentialAction\":[{\"@type\":\"SearchAction\",\"target\":{\"@type\":\"EntryPoint\",\"urlTemplate\":\"https:\\\/\\\/blogdofarnesio.com.br\\\/?s={search_term_string}\"},\"query-input\":{\"@type\":\"PropertyValueSpecification\",\"valueRequired\":true,\"valueName\":\"search_term_string\"}}],\"inLanguage\":\"pt-BR\"},{\"@type\":\"Organization\",\"@id\":\"https:\\\/\\\/blogdofarnesio.com.br\\\/#organization\",\"name\":\"Blog do Farn\u00e9sio\",\"url\":\"https:\\\/\\\/blogdofarnesio.com.br\\\/\",\"logo\":{\"@type\":\"ImageObject\",\"inLanguage\":\"pt-BR\",\"@id\":\"https:\\\/\\\/blogdofarnesio.com.br\\\/#\\\/schema\\\/logo\\\/image\\\/\",\"url\":\"https:\\\/\\\/blogdofarnesio.com.br\\\/wp-content\\\/uploads\\\/2026\\\/03\\\/cropped-logo_new-1.png\",\"contentUrl\":\"https:\\\/\\\/blogdofarnesio.com.br\\\/wp-content\\\/uploads\\\/2026\\\/03\\\/cropped-logo_new-1.png\",\"width\":881,\"height\":685,\"caption\":\"Blog do Farn\u00e9sio\"},\"image\":{\"@id\":\"https:\\\/\\\/blogdofarnesio.com.br\\\/#\\\/schema\\\/logo\\\/image\\\/\"},\"sameAs\":[\"https:\\\/\\\/www.facebook.com\\\/BlogQuerSaberPolitica\\\/\"]},{\"@type\":\"Person\",\"@id\":\"https:\\\/\\\/blogdofarnesio.com.br\\\/#\\\/schema\\\/person\\\/bb9b23ae3ad0609ce8df7b6c9e76824d\",\"name\":\"Farn\u00e9sio\",\"image\":{\"@type\":\"ImageObject\",\"inLanguage\":\"pt-BR\",\"@id\":\"https:\\\/\\\/secure.gravatar.com\\\/avatar\\\/986aa4c61ccdb66f8555bf88fc2a65609d00bcabd4d2d94377a727547345cbca?s=96&d=mm&r=g\",\"url\":\"https:\\\/\\\/secure.gravatar.com\\\/avatar\\\/986aa4c61ccdb66f8555bf88fc2a65609d00bcabd4d2d94377a727547345cbca?s=96&d=mm&r=g\",\"contentUrl\":\"https:\\\/\\\/secure.gravatar.com\\\/avatar\\\/986aa4c61ccdb66f8555bf88fc2a65609d00bcabd4d2d94377a727547345cbca?s=96&d=mm&r=g\",\"caption\":\"Farn\u00e9sio\"},\"description\":\"Radialista blogueiro, chegou a Petrolina\\\/Juazeiro em setembro de 1980, Farn\u00e9sio Silva \u00e9 de Arapiraca-Alagoas.\",\"sameAs\":[\"http:\\\/\\\/blogdofarnesio.com.br\",\"https:\\\/\\\/www.facebook.com\\\/?ref=tn_tnmn\",\"https:\\\/\\\/www.instagram.com\\\/?utm_source=pwa_homescreen\",\"https:\\\/\\\/youtube.com.br\\\/\"],\"url\":\"https:\\\/\\\/blogdofarnesio.com.br\\\/?author=2\"}]}<\/script>\n<!-- \/ Yoast SEO plugin. -->","yoast_head_json":{"title":"OBRA DO GOVERNO DO ESTADO, POR MEIO DA COMPESA, BENEFICIAR\u00c1 30 MIL PESSOAS DE AFR\u00c2NIO, DORMENTES E ZONA RURAL DE PETROLINA - Blog do Farn\u00e9sio","robots":{"index":"index","follow":"follow","max-snippet":"max-snippet:-1","max-image-preview":"max-image-preview:large","max-video-preview":"max-video-preview:-1"},"canonical":"https:\/\/blogdofarnesio.com.br\/?p=301559","og_locale":"pt_BR","og_type":"article","og_title":"OBRA DO GOVERNO DO ESTADO, POR MEIO DA COMPESA, BENEFICIAR\u00c1 30 MIL PESSOAS DE AFR\u00c2NIO, DORMENTES E ZONA RURAL DE PETROLINA - Blog do Farn\u00e9sio","og_description":"Est\u00e1 em fase de contrata\u00e7\u00e3o a obra de amplia\u00e7\u00e3o da capacidade de bombeamento e produ\u00e7\u00e3o do Sistema Maria Tereza, uma segunda etapa de melhorias que vai aumentar a oferta de \u00e1gua para a popula\u00e7\u00e3o de Afr\u00e2nio, Dormentes, al\u00e9m das localidades de Rajada e Pau Ferro, que ficam em Petrolina. A obra, que faz parte do Plano Retomada do Governo do Estado, ir\u00e1 beneficiar cerca de 30 mil pessoas. A proje\u00e7\u00e3o da Compesa \u00e9 que a oferta de \u00e1gua passe para 75 litros por segundo, proporcionando confiabilidade do sistema e estabilidade da vaz\u00e3o m\u00e1xima produzida, permitindo expandir o atendimento para o bairro Josias Elp\u00eddio, em Dormentes. Com um investimento de mais de R$ 1,7 milh\u00e3o, a obra ir\u00e1 modificar a vida&hellip;","og_url":"https:\/\/blogdofarnesio.com.br\/?p=301559","og_site_name":"Blog do Farn\u00e9sio","article_publisher":"https:\/\/www.facebook.com\/BlogQuerSaberPolitica\/","article_author":"https:\/\/www.facebook.com\/?ref=tn_tnmn","article_published_time":"2021-12-03T17:21:07+00:00","og_image":[{"width":448,"height":299,"url":"https:\/\/blogdofarnesio.com.br\/wp-content\/uploads\/2017\/06\/blogqspAFRANIO-P.jpg","type":"image\/jpeg"}],"author":"Farn\u00e9sio","twitter_card":"summary_large_image","twitter_misc":{"Escrito por":"Farn\u00e9sio","Est. tempo de leitura":"2 minutos"},"schema":{"@context":"https:\/\/schema.org","@graph":[{"@type":"Article","@id":"https:\/\/blogdofarnesio.com.br\/?p=301559#article","isPartOf":{"@id":"https:\/\/blogdofarnesio.com.br\/?p=301559"},"author":{"name":"Farn\u00e9sio","@id":"https:\/\/blogdofarnesio.com.br\/#\/schema\/person\/bb9b23ae3ad0609ce8df7b6c9e76824d"},"headline":"OBRA DO GOVERNO DO ESTADO, POR MEIO DA COMPESA, BENEFICIAR\u00c1 30 MIL PESSOAS DE AFR\u00c2NIO, DORMENTES E ZONA RURAL DE PETROLINA","datePublished":"2021-12-03T17:21:07+00:00","mainEntityOfPage":{"@id":"https:\/\/blogdofarnesio.com.br\/?p=301559"},"wordCount":286,"commentCount":0,"publisher":{"@id":"https:\/\/blogdofarnesio.com.br\/#organization"},"image":{"@id":"https:\/\/blogdofarnesio.com.br\/?p=301559#primaryimage"},"thumbnailUrl":"https:\/\/blogdofarnesio.com.br\/wp-content\/uploads\/2017\/06\/blogqspAFRANIO-P.jpg","articleSection":["\u00c1gua"],"inLanguage":"pt-BR","potentialAction":[{"@type":"CommentAction","name":"Comment","target":["https:\/\/blogdofarnesio.com.br\/?p=301559#respond"]}]},{"@type":"WebPage","@id":"https:\/\/blogdofarnesio.com.br\/?p=301559","url":"https:\/\/blogdofarnesio.com.br\/?p=301559","name":"OBRA DO GOVERNO DO ESTADO, POR MEIO DA COMPESA, BENEFICIAR\u00c1 30 MIL PESSOAS DE AFR\u00c2NIO, DORMENTES E ZONA RURAL DE PETROLINA - Blog do Farn\u00e9sio","isPartOf":{"@id":"https:\/\/blogdofarnesio.com.br\/#website"},"primaryImageOfPage":{"@id":"https:\/\/blogdofarnesio.com.br\/?p=301559#primaryimage"},"image":{"@id":"https:\/\/blogdofarnesio.com.br\/?p=301559#primaryimage"},"thumbnailUrl":"https:\/\/blogdofarnesio.com.br\/wp-content\/uploads\/2017\/06\/blogqspAFRANIO-P.jpg","datePublished":"2021-12-03T17:21:07+00:00","breadcrumb":{"@id":"https:\/\/blogdofarnesio.com.br\/?p=301559#breadcrumb"},"inLanguage":"pt-BR","potentialAction":[{"@type":"ReadAction","target":["https:\/\/blogdofarnesio.com.br\/?p=301559"]}]},{"@type":"ImageObject","inLanguage":"pt-BR","@id":"https:\/\/blogdofarnesio.com.br\/?p=301559#primaryimage","url":"https:\/\/blogdofarnesio.com.br\/wp-content\/uploads\/2017\/06\/blogqspAFRANIO-P.jpg","contentUrl":"https:\/\/blogdofarnesio.com.br\/wp-content\/uploads\/2017\/06\/blogqspAFRANIO-P.jpg","width":448,"height":299,"caption":"Afr\u00e2nio vista panoramica"},{"@type":"BreadcrumbList","@id":"https:\/\/blogdofarnesio.com.br\/?p=301559#breadcrumb","itemListElement":[{"@type":"ListItem","position":1,"name":"In\u00edcio","item":"https:\/\/blogdofarnesio.com.br\/"},{"@type":"ListItem","position":2,"name":"OBRA DO GOVERNO DO ESTADO, POR MEIO DA COMPESA, BENEFICIAR\u00c1 30 MIL PESSOAS DE AFR\u00c2NIO, DORMENTES E ZONA RURAL DE PETROLINA"}]},{"@type":"WebSite","@id":"https:\/\/blogdofarnesio.com.br\/#website","url":"https:\/\/blogdofarnesio.com.br\/","name":"Blog do Farn\u00e9sio","description":"Quer Saber Pol\u00edtica?","publisher":{"@id":"https:\/\/blogdofarnesio.com.br\/#organization"},"potentialAction":[{"@type":"SearchAction","target":{"@type":"EntryPoint","urlTemplate":"https:\/\/blogdofarnesio.com.br\/?s={search_term_string}"},"query-input":{"@type":"PropertyValueSpecification","valueRequired":true,"valueName":"search_term_string"}}],"inLanguage":"pt-BR"},{"@type":"Organization","@id":"https:\/\/blogdofarnesio.com.br\/#organization","name":"Blog do Farn\u00e9sio","url":"https:\/\/blogdofarnesio.com.br\/","logo":{"@type":"ImageObject","inLanguage":"pt-BR","@id":"https:\/\/blogdofarnesio.com.br\/#\/schema\/logo\/image\/","url":"https:\/\/blogdofarnesio.com.br\/wp-content\/uploads\/2026\/03\/cropped-logo_new-1.png","contentUrl":"https:\/\/blogdofarnesio.com.br\/wp-content\/uploads\/2026\/03\/cropped-logo_new-1.png","width":881,"height":685,"caption":"Blog do Farn\u00e9sio"},"image":{"@id":"https:\/\/blogdofarnesio.com.br\/#\/schema\/logo\/image\/"},"sameAs":["https:\/\/www.facebook.com\/BlogQuerSaberPolitica\/"]},{"@type":"Person","@id":"https:\/\/blogdofarnesio.com.br\/#\/schema\/person\/bb9b23ae3ad0609ce8df7b6c9e76824d","name":"Farn\u00e9sio","image":{"@type":"ImageObject","inLanguage":"pt-BR","@id":"https:\/\/secure.gravatar.com\/avatar\/986aa4c61ccdb66f8555bf88fc2a65609d00bcabd4d2d94377a727547345cbca?s=96&d=mm&r=g","url":"https:\/\/secure.gravatar.com\/avatar\/986aa4c61ccdb66f8555bf88fc2a65609d00bcabd4d2d94377a727547345cbca?s=96&d=mm&r=g","contentUrl":"https:\/\/secure.gravatar.com\/avatar\/986aa4c61ccdb66f8555bf88fc2a65609d00bcabd4d2d94377a727547345cbca?s=96&d=mm&r=g","caption":"Farn\u00e9sio"},"description":"Radialista blogueiro, chegou a Petrolina\/Juazeiro em setembro de 1980, Farn\u00e9sio Silva \u00e9 de Arapiraca-Alagoas.","sameAs":["http:\/\/blogdofarnesio.com.br","https:\/\/www.facebook.com\/?ref=tn_tnmn","https:\/\/www.instagram.com\/?utm_source=pwa_homescreen","https:\/\/youtube.com.br\/"],"url":"https:\/\/blogdofarnesio.com.br\/?author=2"}]}},"_links":{"self":[{"href":"https:\/\/blogdofarnesio.com.br\/index.php?rest_route=\/wp\/v2\/posts\/301559","targetHints":{"allow":["GET"]}}],"collection":[{"href":"https:\/\/blogdofarnesio.com.br\/index.php?rest_route=\/wp\/v2\/posts"}],"about":[{"href":"https:\/\/blogdofarnesio.com.br\/index.php?rest_route=\/wp\/v2\/types\/post"}],"author":[{"embeddable":true,"href":"https:\/\/blogdofarnesio.com.br\/index.php?rest_route=\/wp\/v2\/users\/2"}],"replies":[{"embeddable":true,"href":"https:\/\/blogdofarnesio.com.br\/index.php?rest_route=%2Fwp%2Fv2%2Fcomments&post=301559"}],"version-history":[{"count":0,"href":"https:\/\/blogdofarnesio.com.br\/index.php?rest_route=\/wp\/v2\/posts\/301559\/revisions"}],"wp:featuredmedia":[{"embeddable":true,"href":"https:\/\/blogdofarnesio.com.br\/index.php?rest_route=\/wp\/v2\/media\/169566"}],"wp:attachment":[{"href":"https:\/\/blogdofarnesio.com.br\/index.php?rest_route=%2Fwp%2Fv2%2Fmedia&parent=301559"}],"wp:term":[{"taxonomy":"category","embeddable":true,"href":"https:\/\/blogdofarnesio.com.br\/index.php?rest_route=%2Fwp%2Fv2%2Fcategories&post=301559"},{"taxonomy":"post_tag","embeddable":true,"href":"https:\/\/blogdofarnesio.com.br\/index.php?rest_route=%2Fwp%2Fv2%2Ftags&post=301559"}],"curies":[{"name":"wp","href":"https:\/\/api.w.org\/{rel}","templated":true}]}}