{"id":301550,"date":"2021-12-03T13:00:16","date_gmt":"2021-12-03T16:00:16","guid":{"rendered":"https:\/\/blogdofarnesio.com.br\/?p=301550"},"modified":"2021-12-03T11:04:21","modified_gmt":"2021-12-03T14:04:21","slug":"raquel-lyra-aliados-e-movimento-levanta-pernambuco-chegam-a-salgueiro-floresta-e-arcoverde","status":"publish","type":"post","link":"https:\/\/blogdofarnesio.com.br\/?p=301550","title":{"rendered":"Raquel Lyra, aliados e movimento \u201cLevanta Pernambuco\u201d chegam a Salgueiro, Floresta e Arcoverde"},"content":{"rendered":"<p>O Movimento Levanta Pernambuco, iniciativa do PSDB \u2013 PL- PSC e Cidadania, chega nesta sexta (3) ao sert\u00e3o do estado com um encontro \u00e0s 19h, no Salgueiro Plaza Hotel. J\u00e1 amanh\u00e3 (4) a programa\u00e7\u00e3o continua nas cidades de Floresta e Arcoverde. O fim da primeira etapa do Movimento acontece em ato no munic\u00edpio de Jaboat\u00e3o dos Guararapes, no pr\u00f3ximo dia 22. At\u00e9 l\u00e1, v\u00e3o acontecer encontros no Sert\u00e3o, Agreste e Regi\u00e3o Metropolitana.<\/p>\n<p>Os detalhes das pr\u00f3ximas agendas foram alinhados hoje, no Recife, durante reuni\u00e3o coordenada pela presidente do PSDB Pernambuco e prefeita de Caruaru, Raquel Lyra, e pelo presidente do PL e prefeito de Jaboat\u00e3o dos Guararapes, Anderson Ferreira.<\/p>\n<p>Tamb\u00e9m participaram do encontro o deputado federal e presidente do PSC, Andr\u00e9 Ferreira; o deputado federal e presidente do Cidadania, Daniel Coelho, as deputadas Priscila Krause e Alessandra Vieira; o vereador do Recife, Fred Ferreira e os ex-prefeitos Edson Vieira (Santa Cruz do Capibaribe) e Jo\u00e3ozinho Ten\u00f3rio (S\u00e3o Joaquim do Monte).<\/p>\n<p>\u201cO nosso movimento est\u00e1 ouvindo os pernambucanos de todas as regi\u00f5es. Os desafios s\u00e3o grandes. Estamos saindo de uma pandemia e o nosso estado passou a ter nos \u00faltimos anos n\u00fameros constrangedores. O Levanta Pernambuco \u00e9 um debate sobre a vida real para construir uma agenda que dialogue, construindo estrat\u00e9gias de desenvolvimento para gerar um olhar para o futuro\u201d, afirmou Raquel Lyra. \u201cJ\u00e1 passamos por as outras regi\u00f5es do estado e agora estamos chegando ao Sert\u00e3o e onde as dificuldades que a popula\u00e7\u00e3o enfrenta s\u00e3o v\u00e1rias. Podemos citar o problema da falta de \u00e1gua, onde h\u00e1 locais que ficam 30 dias sem abastecimento. Por isso queremos ouvir as pessoas e discutir as solu\u00e7\u00f5es\u201d, complementou Anderson Ferreira.<\/p>\n<p>O Movimento Levanta Pernambuco, lan\u00e7ado no Recife, no dia 28 de outubro j\u00e1 esteve nas cidades de Catende, Vic\u00eancia, Santa Cruz do Capibaribe e Bonito.<\/p>\n","protected":false},"excerpt":{"rendered":"<p>O Movimento Levanta Pernambuco, iniciativa do PSDB \u2013 PL- PSC e Cidadania, chega nesta sexta (3) ao sert\u00e3o do estado com um encontro \u00e0s 19h, no Salgueiro Plaza Hotel. J\u00e1 amanh\u00e3 (4) a programa\u00e7\u00e3o continua nas cidades de Floresta e Arcoverde. O fim da primeira etapa do Movimento acontece em ato no munic\u00edpio de Jaboat\u00e3o dos Guararapes, no pr\u00f3ximo dia 22. At\u00e9 l\u00e1, v\u00e3o acontecer encontros no Sert\u00e3o, Agreste e Regi\u00e3o Metropolitana. Os detalhes das pr\u00f3ximas agendas foram alinhados hoje, no Recife, durante reuni\u00e3o coordenada pela presidente do PSDB Pernambuco e prefeita de Caruaru, Raquel Lyra, e pelo presidente do PL e prefeito de Jaboat\u00e3o dos Guararapes, Anderson Ferreira. Tamb\u00e9m participaram do encontro o deputado federal e presidente do PSC,&hellip; <\/p>\n","protected":false},"author":2,"featured_media":301551,"comment_status":"open","ping_status":"open","sticky":false,"template":"","format":"standard","meta":{"_acf_changed":false,"footnotes":""},"categories":[43],"tags":[],"class_list":["post-301550","post","type-post","status-publish","format-standard","has-post-thumbnail","hentry","category-sem-categoria"],"acf":[],"yoast_head":"<!-- This site is optimized with the Yoast SEO plugin v27.4 - https:\/\/yoast.com\/product\/yoast-seo-wordpress\/ -->\n<title>Raquel Lyra, aliados e movimento \u201cLevanta Pernambuco\u201d chegam a Salgueiro, Floresta e Arcoverde - Blog do Farn\u00e9sio<\/title>\n<meta name=\"robots\" content=\"index, follow, max-snippet:-1, max-image-preview:large, max-video-preview:-1\" \/>\n<link rel=\"canonical\" href=\"https:\/\/blogdofarnesio.com.br\/?p=301550\" \/>\n<meta property=\"og:locale\" content=\"pt_BR\" \/>\n<meta property=\"og:type\" content=\"article\" \/>\n<meta property=\"og:title\" content=\"Raquel Lyra, aliados e movimento \u201cLevanta Pernambuco\u201d chegam a Salgueiro, Floresta e Arcoverde - Blog do Farn\u00e9sio\" \/>\n<meta property=\"og:description\" content=\"O Movimento Levanta Pernambuco, iniciativa do PSDB \u2013 PL- PSC e Cidadania, chega nesta sexta (3) ao sert\u00e3o do estado com um encontro \u00e0s 19h, no Salgueiro Plaza Hotel. J\u00e1 amanh\u00e3 (4) a programa\u00e7\u00e3o continua nas cidades de Floresta e Arcoverde. O fim da primeira etapa do Movimento acontece em ato no munic\u00edpio de Jaboat\u00e3o dos Guararapes, no pr\u00f3ximo dia 22. At\u00e9 l\u00e1, v\u00e3o acontecer encontros no Sert\u00e3o, Agreste e Regi\u00e3o Metropolitana. Os detalhes das pr\u00f3ximas agendas foram alinhados hoje, no Recife, durante reuni\u00e3o coordenada pela presidente do PSDB Pernambuco e prefeita de Caruaru, Raquel Lyra, e pelo presidente do PL e prefeito de Jaboat\u00e3o dos Guararapes, Anderson Ferreira. Tamb\u00e9m participaram do encontro o deputado federal e presidente do PSC,&hellip;\" \/>\n<meta property=\"og:url\" content=\"https:\/\/blogdofarnesio.com.br\/?p=301550\" \/>\n<meta property=\"og:site_name\" content=\"Blog do Farn\u00e9sio\" \/>\n<meta property=\"article:publisher\" content=\"https:\/\/www.facebook.com\/BlogQuerSaberPolitica\/\" \/>\n<meta property=\"article:author\" content=\"https:\/\/www.facebook.com\/?ref=tn_tnmn\" \/>\n<meta property=\"article:published_time\" content=\"2021-12-03T16:00:16+00:00\" \/>\n<meta property=\"og:image\" content=\"https:\/\/blogdofarnesio.com.br\/wp-content\/uploads\/2021\/12\/blogqspeleicoes-raquel-lyra.jpeg\" \/>\n\t<meta property=\"og:image:width\" content=\"600\" \/>\n\t<meta property=\"og:image:height\" content=\"400\" \/>\n\t<meta property=\"og:image:type\" content=\"image\/jpeg\" \/>\n<meta name=\"author\" content=\"Farn\u00e9sio\" \/>\n<meta name=\"twitter:card\" content=\"summary_large_image\" \/>\n<meta name=\"twitter:label1\" content=\"Escrito por\" \/>\n\t<meta name=\"twitter:data1\" content=\"Farn\u00e9sio\" \/>\n\t<meta name=\"twitter:label2\" content=\"Est. tempo de leitura\" \/>\n\t<meta name=\"twitter:data2\" content=\"2 minutos\" \/>\n<script type=\"application\/ld+json\" class=\"yoast-schema-graph\">{\"@context\":\"https:\\\/\\\/schema.org\",\"@graph\":[{\"@type\":\"Article\",\"@id\":\"https:\\\/\\\/blogdofarnesio.com.br\\\/?p=301550#article\",\"isPartOf\":{\"@id\":\"https:\\\/\\\/blogdofarnesio.com.br\\\/?p=301550\"},\"author\":{\"name\":\"Farn\u00e9sio\",\"@id\":\"https:\\\/\\\/blogdofarnesio.com.br\\\/#\\\/schema\\\/person\\\/bb9b23ae3ad0609ce8df7b6c9e76824d\"},\"headline\":\"Raquel Lyra, aliados e movimento \u201cLevanta Pernambuco\u201d chegam a Salgueiro, Floresta e Arcoverde\",\"datePublished\":\"2021-12-03T16:00:16+00:00\",\"mainEntityOfPage\":{\"@id\":\"https:\\\/\\\/blogdofarnesio.com.br\\\/?p=301550\"},\"wordCount\":334,\"commentCount\":0,\"publisher\":{\"@id\":\"https:\\\/\\\/blogdofarnesio.com.br\\\/#organization\"},\"image\":{\"@id\":\"https:\\\/\\\/blogdofarnesio.com.br\\\/?p=301550#primaryimage\"},\"thumbnailUrl\":\"https:\\\/\\\/blogdofarnesio.com.br\\\/wp-content\\\/uploads\\\/2021\\\/12\\\/blogqspeleicoes-raquel-lyra.jpeg\",\"inLanguage\":\"pt-BR\",\"potentialAction\":[{\"@type\":\"CommentAction\",\"name\":\"Comment\",\"target\":[\"https:\\\/\\\/blogdofarnesio.com.br\\\/?p=301550#respond\"]}]},{\"@type\":\"WebPage\",\"@id\":\"https:\\\/\\\/blogdofarnesio.com.br\\\/?p=301550\",\"url\":\"https:\\\/\\\/blogdofarnesio.com.br\\\/?p=301550\",\"name\":\"Raquel Lyra, aliados e movimento \u201cLevanta Pernambuco\u201d chegam a Salgueiro, Floresta e Arcoverde - Blog do Farn\u00e9sio\",\"isPartOf\":{\"@id\":\"https:\\\/\\\/blogdofarnesio.com.br\\\/#website\"},\"primaryImageOfPage\":{\"@id\":\"https:\\\/\\\/blogdofarnesio.com.br\\\/?p=301550#primaryimage\"},\"image\":{\"@id\":\"https:\\\/\\\/blogdofarnesio.com.br\\\/?p=301550#primaryimage\"},\"thumbnailUrl\":\"https:\\\/\\\/blogdofarnesio.com.br\\\/wp-content\\\/uploads\\\/2021\\\/12\\\/blogqspeleicoes-raquel-lyra.jpeg\",\"datePublished\":\"2021-12-03T16:00:16+00:00\",\"breadcrumb\":{\"@id\":\"https:\\\/\\\/blogdofarnesio.com.br\\\/?p=301550#breadcrumb\"},\"inLanguage\":\"pt-BR\",\"potentialAction\":[{\"@type\":\"ReadAction\",\"target\":[\"https:\\\/\\\/blogdofarnesio.com.br\\\/?p=301550\"]}]},{\"@type\":\"ImageObject\",\"inLanguage\":\"pt-BR\",\"@id\":\"https:\\\/\\\/blogdofarnesio.com.br\\\/?p=301550#primaryimage\",\"url\":\"https:\\\/\\\/blogdofarnesio.com.br\\\/wp-content\\\/uploads\\\/2021\\\/12\\\/blogqspeleicoes-raquel-lyra.jpeg\",\"contentUrl\":\"https:\\\/\\\/blogdofarnesio.com.br\\\/wp-content\\\/uploads\\\/2021\\\/12\\\/blogqspeleicoes-raquel-lyra.jpeg\",\"width\":600,\"height\":400},{\"@type\":\"BreadcrumbList\",\"@id\":\"https:\\\/\\\/blogdofarnesio.com.br\\\/?p=301550#breadcrumb\",\"itemListElement\":[{\"@type\":\"ListItem\",\"position\":1,\"name\":\"In\u00edcio\",\"item\":\"https:\\\/\\\/blogdofarnesio.com.br\\\/\"},{\"@type\":\"ListItem\",\"position\":2,\"name\":\"Raquel Lyra, aliados e movimento \u201cLevanta Pernambuco\u201d chegam a Salgueiro, Floresta e Arcoverde\"}]},{\"@type\":\"WebSite\",\"@id\":\"https:\\\/\\\/blogdofarnesio.com.br\\\/#website\",\"url\":\"https:\\\/\\\/blogdofarnesio.com.br\\\/\",\"name\":\"Blog do Farn\u00e9sio\",\"description\":\"Quer Saber Pol\u00edtica?\",\"publisher\":{\"@id\":\"https:\\\/\\\/blogdofarnesio.com.br\\\/#organization\"},\"potentialAction\":[{\"@type\":\"SearchAction\",\"target\":{\"@type\":\"EntryPoint\",\"urlTemplate\":\"https:\\\/\\\/blogdofarnesio.com.br\\\/?s={search_term_string}\"},\"query-input\":{\"@type\":\"PropertyValueSpecification\",\"valueRequired\":true,\"valueName\":\"search_term_string\"}}],\"inLanguage\":\"pt-BR\"},{\"@type\":\"Organization\",\"@id\":\"https:\\\/\\\/blogdofarnesio.com.br\\\/#organization\",\"name\":\"Blog do Farn\u00e9sio\",\"url\":\"https:\\\/\\\/blogdofarnesio.com.br\\\/\",\"logo\":{\"@type\":\"ImageObject\",\"inLanguage\":\"pt-BR\",\"@id\":\"https:\\\/\\\/blogdofarnesio.com.br\\\/#\\\/schema\\\/logo\\\/image\\\/\",\"url\":\"https:\\\/\\\/blogdofarnesio.com.br\\\/wp-content\\\/uploads\\\/2026\\\/03\\\/cropped-logo_new-1.png\",\"contentUrl\":\"https:\\\/\\\/blogdofarnesio.com.br\\\/wp-content\\\/uploads\\\/2026\\\/03\\\/cropped-logo_new-1.png\",\"width\":881,\"height\":685,\"caption\":\"Blog do Farn\u00e9sio\"},\"image\":{\"@id\":\"https:\\\/\\\/blogdofarnesio.com.br\\\/#\\\/schema\\\/logo\\\/image\\\/\"},\"sameAs\":[\"https:\\\/\\\/www.facebook.com\\\/BlogQuerSaberPolitica\\\/\"]},{\"@type\":\"Person\",\"@id\":\"https:\\\/\\\/blogdofarnesio.com.br\\\/#\\\/schema\\\/person\\\/bb9b23ae3ad0609ce8df7b6c9e76824d\",\"name\":\"Farn\u00e9sio\",\"image\":{\"@type\":\"ImageObject\",\"inLanguage\":\"pt-BR\",\"@id\":\"https:\\\/\\\/secure.gravatar.com\\\/avatar\\\/986aa4c61ccdb66f8555bf88fc2a65609d00bcabd4d2d94377a727547345cbca?s=96&d=mm&r=g\",\"url\":\"https:\\\/\\\/secure.gravatar.com\\\/avatar\\\/986aa4c61ccdb66f8555bf88fc2a65609d00bcabd4d2d94377a727547345cbca?s=96&d=mm&r=g\",\"contentUrl\":\"https:\\\/\\\/secure.gravatar.com\\\/avatar\\\/986aa4c61ccdb66f8555bf88fc2a65609d00bcabd4d2d94377a727547345cbca?s=96&d=mm&r=g\",\"caption\":\"Farn\u00e9sio\"},\"description\":\"Radialista blogueiro, chegou a Petrolina\\\/Juazeiro em setembro de 1980, Farn\u00e9sio Silva \u00e9 de Arapiraca-Alagoas.\",\"sameAs\":[\"http:\\\/\\\/blogdofarnesio.com.br\",\"https:\\\/\\\/www.facebook.com\\\/?ref=tn_tnmn\",\"https:\\\/\\\/www.instagram.com\\\/?utm_source=pwa_homescreen\",\"https:\\\/\\\/youtube.com.br\\\/\"],\"url\":\"https:\\\/\\\/blogdofarnesio.com.br\\\/?author=2\"}]}<\/script>\n<!-- \/ Yoast SEO plugin. -->","yoast_head_json":{"title":"Raquel Lyra, aliados e movimento \u201cLevanta Pernambuco\u201d chegam a Salgueiro, Floresta e Arcoverde - Blog do Farn\u00e9sio","robots":{"index":"index","follow":"follow","max-snippet":"max-snippet:-1","max-image-preview":"max-image-preview:large","max-video-preview":"max-video-preview:-1"},"canonical":"https:\/\/blogdofarnesio.com.br\/?p=301550","og_locale":"pt_BR","og_type":"article","og_title":"Raquel Lyra, aliados e movimento \u201cLevanta Pernambuco\u201d chegam a Salgueiro, Floresta e Arcoverde - Blog do Farn\u00e9sio","og_description":"O Movimento Levanta Pernambuco, iniciativa do PSDB \u2013 PL- PSC e Cidadania, chega nesta sexta (3) ao sert\u00e3o do estado com um encontro \u00e0s 19h, no Salgueiro Plaza Hotel. J\u00e1 amanh\u00e3 (4) a programa\u00e7\u00e3o continua nas cidades de Floresta e Arcoverde. O fim da primeira etapa do Movimento acontece em ato no munic\u00edpio de Jaboat\u00e3o dos Guararapes, no pr\u00f3ximo dia 22. At\u00e9 l\u00e1, v\u00e3o acontecer encontros no Sert\u00e3o, Agreste e Regi\u00e3o Metropolitana. Os detalhes das pr\u00f3ximas agendas foram alinhados hoje, no Recife, durante reuni\u00e3o coordenada pela presidente do PSDB Pernambuco e prefeita de Caruaru, Raquel Lyra, e pelo presidente do PL e prefeito de Jaboat\u00e3o dos Guararapes, Anderson Ferreira. Tamb\u00e9m participaram do encontro o deputado federal e presidente do PSC,&hellip;","og_url":"https:\/\/blogdofarnesio.com.br\/?p=301550","og_site_name":"Blog do Farn\u00e9sio","article_publisher":"https:\/\/www.facebook.com\/BlogQuerSaberPolitica\/","article_author":"https:\/\/www.facebook.com\/?ref=tn_tnmn","article_published_time":"2021-12-03T16:00:16+00:00","og_image":[{"width":600,"height":400,"url":"https:\/\/blogdofarnesio.com.br\/wp-content\/uploads\/2021\/12\/blogqspeleicoes-raquel-lyra.jpeg","type":"image\/jpeg"}],"author":"Farn\u00e9sio","twitter_card":"summary_large_image","twitter_misc":{"Escrito por":"Farn\u00e9sio","Est. tempo de leitura":"2 minutos"},"schema":{"@context":"https:\/\/schema.org","@graph":[{"@type":"Article","@id":"https:\/\/blogdofarnesio.com.br\/?p=301550#article","isPartOf":{"@id":"https:\/\/blogdofarnesio.com.br\/?p=301550"},"author":{"name":"Farn\u00e9sio","@id":"https:\/\/blogdofarnesio.com.br\/#\/schema\/person\/bb9b23ae3ad0609ce8df7b6c9e76824d"},"headline":"Raquel Lyra, aliados e movimento \u201cLevanta Pernambuco\u201d chegam a Salgueiro, Floresta e Arcoverde","datePublished":"2021-12-03T16:00:16+00:00","mainEntityOfPage":{"@id":"https:\/\/blogdofarnesio.com.br\/?p=301550"},"wordCount":334,"commentCount":0,"publisher":{"@id":"https:\/\/blogdofarnesio.com.br\/#organization"},"image":{"@id":"https:\/\/blogdofarnesio.com.br\/?p=301550#primaryimage"},"thumbnailUrl":"https:\/\/blogdofarnesio.com.br\/wp-content\/uploads\/2021\/12\/blogqspeleicoes-raquel-lyra.jpeg","inLanguage":"pt-BR","potentialAction":[{"@type":"CommentAction","name":"Comment","target":["https:\/\/blogdofarnesio.com.br\/?p=301550#respond"]}]},{"@type":"WebPage","@id":"https:\/\/blogdofarnesio.com.br\/?p=301550","url":"https:\/\/blogdofarnesio.com.br\/?p=301550","name":"Raquel Lyra, aliados e movimento \u201cLevanta Pernambuco\u201d chegam a Salgueiro, Floresta e Arcoverde - Blog do Farn\u00e9sio","isPartOf":{"@id":"https:\/\/blogdofarnesio.com.br\/#website"},"primaryImageOfPage":{"@id":"https:\/\/blogdofarnesio.com.br\/?p=301550#primaryimage"},"image":{"@id":"https:\/\/blogdofarnesio.com.br\/?p=301550#primaryimage"},"thumbnailUrl":"https:\/\/blogdofarnesio.com.br\/wp-content\/uploads\/2021\/12\/blogqspeleicoes-raquel-lyra.jpeg","datePublished":"2021-12-03T16:00:16+00:00","breadcrumb":{"@id":"https:\/\/blogdofarnesio.com.br\/?p=301550#breadcrumb"},"inLanguage":"pt-BR","potentialAction":[{"@type":"ReadAction","target":["https:\/\/blogdofarnesio.com.br\/?p=301550"]}]},{"@type":"ImageObject","inLanguage":"pt-BR","@id":"https:\/\/blogdofarnesio.com.br\/?p=301550#primaryimage","url":"https:\/\/blogdofarnesio.com.br\/wp-content\/uploads\/2021\/12\/blogqspeleicoes-raquel-lyra.jpeg","contentUrl":"https:\/\/blogdofarnesio.com.br\/wp-content\/uploads\/2021\/12\/blogqspeleicoes-raquel-lyra.jpeg","width":600,"height":400},{"@type":"BreadcrumbList","@id":"https:\/\/blogdofarnesio.com.br\/?p=301550#breadcrumb","itemListElement":[{"@type":"ListItem","position":1,"name":"In\u00edcio","item":"https:\/\/blogdofarnesio.com.br\/"},{"@type":"ListItem","position":2,"name":"Raquel Lyra, aliados e movimento \u201cLevanta Pernambuco\u201d chegam a Salgueiro, Floresta e Arcoverde"}]},{"@type":"WebSite","@id":"https:\/\/blogdofarnesio.com.br\/#website","url":"https:\/\/blogdofarnesio.com.br\/","name":"Blog do Farn\u00e9sio","description":"Quer Saber Pol\u00edtica?","publisher":{"@id":"https:\/\/blogdofarnesio.com.br\/#organization"},"potentialAction":[{"@type":"SearchAction","target":{"@type":"EntryPoint","urlTemplate":"https:\/\/blogdofarnesio.com.br\/?s={search_term_string}"},"query-input":{"@type":"PropertyValueSpecification","valueRequired":true,"valueName":"search_term_string"}}],"inLanguage":"pt-BR"},{"@type":"Organization","@id":"https:\/\/blogdofarnesio.com.br\/#organization","name":"Blog do Farn\u00e9sio","url":"https:\/\/blogdofarnesio.com.br\/","logo":{"@type":"ImageObject","inLanguage":"pt-BR","@id":"https:\/\/blogdofarnesio.com.br\/#\/schema\/logo\/image\/","url":"https:\/\/blogdofarnesio.com.br\/wp-content\/uploads\/2026\/03\/cropped-logo_new-1.png","contentUrl":"https:\/\/blogdofarnesio.com.br\/wp-content\/uploads\/2026\/03\/cropped-logo_new-1.png","width":881,"height":685,"caption":"Blog do Farn\u00e9sio"},"image":{"@id":"https:\/\/blogdofarnesio.com.br\/#\/schema\/logo\/image\/"},"sameAs":["https:\/\/www.facebook.com\/BlogQuerSaberPolitica\/"]},{"@type":"Person","@id":"https:\/\/blogdofarnesio.com.br\/#\/schema\/person\/bb9b23ae3ad0609ce8df7b6c9e76824d","name":"Farn\u00e9sio","image":{"@type":"ImageObject","inLanguage":"pt-BR","@id":"https:\/\/secure.gravatar.com\/avatar\/986aa4c61ccdb66f8555bf88fc2a65609d00bcabd4d2d94377a727547345cbca?s=96&d=mm&r=g","url":"https:\/\/secure.gravatar.com\/avatar\/986aa4c61ccdb66f8555bf88fc2a65609d00bcabd4d2d94377a727547345cbca?s=96&d=mm&r=g","contentUrl":"https:\/\/secure.gravatar.com\/avatar\/986aa4c61ccdb66f8555bf88fc2a65609d00bcabd4d2d94377a727547345cbca?s=96&d=mm&r=g","caption":"Farn\u00e9sio"},"description":"Radialista blogueiro, chegou a Petrolina\/Juazeiro em setembro de 1980, Farn\u00e9sio Silva \u00e9 de Arapiraca-Alagoas.","sameAs":["http:\/\/blogdofarnesio.com.br","https:\/\/www.facebook.com\/?ref=tn_tnmn","https:\/\/www.instagram.com\/?utm_source=pwa_homescreen","https:\/\/youtube.com.br\/"],"url":"https:\/\/blogdofarnesio.com.br\/?author=2"}]}},"_links":{"self":[{"href":"https:\/\/blogdofarnesio.com.br\/index.php?rest_route=\/wp\/v2\/posts\/301550","targetHints":{"allow":["GET"]}}],"collection":[{"href":"https:\/\/blogdofarnesio.com.br\/index.php?rest_route=\/wp\/v2\/posts"}],"about":[{"href":"https:\/\/blogdofarnesio.com.br\/index.php?rest_route=\/wp\/v2\/types\/post"}],"author":[{"embeddable":true,"href":"https:\/\/blogdofarnesio.com.br\/index.php?rest_route=\/wp\/v2\/users\/2"}],"replies":[{"embeddable":true,"href":"https:\/\/blogdofarnesio.com.br\/index.php?rest_route=%2Fwp%2Fv2%2Fcomments&post=301550"}],"version-history":[{"count":0,"href":"https:\/\/blogdofarnesio.com.br\/index.php?rest_route=\/wp\/v2\/posts\/301550\/revisions"}],"wp:featuredmedia":[{"embeddable":true,"href":"https:\/\/blogdofarnesio.com.br\/index.php?rest_route=\/wp\/v2\/media\/301551"}],"wp:attachment":[{"href":"https:\/\/blogdofarnesio.com.br\/index.php?rest_route=%2Fwp%2Fv2%2Fmedia&parent=301550"}],"wp:term":[{"taxonomy":"category","embeddable":true,"href":"https:\/\/blogdofarnesio.com.br\/index.php?rest_route=%2Fwp%2Fv2%2Fcategories&post=301550"},{"taxonomy":"post_tag","embeddable":true,"href":"https:\/\/blogdofarnesio.com.br\/index.php?rest_route=%2Fwp%2Fv2%2Ftags&post=301550"}],"curies":[{"name":"wp","href":"https:\/\/api.w.org\/{rel}","templated":true}]}}