{"id":301546,"date":"2021-12-03T11:23:00","date_gmt":"2021-12-03T14:23:00","guid":{"rendered":"https:\/\/blogdofarnesio.com.br\/?p=301546"},"modified":"2021-12-03T08:17:19","modified_gmt":"2021-12-03T11:17:19","slug":"prefeita-suzana-ramos-visita-obras-de-readequacao-que-vao-ampliar-capacidade-de-atendimento-na-upa-de-juazeiro","status":"publish","type":"post","link":"https:\/\/blogdofarnesio.com.br\/?p=301546","title":{"rendered":"Prefeita Suzana Ramos visita obras de readequa\u00e7\u00e3o que v\u00e3o ampliar capacidade de atendimento na UPA de Juazeiro"},"content":{"rendered":"<p style=\"font-weight: 400;\">A prefeita de Juazeiro, Suzana Ramos, visitou nesta quinta-feira (2) junto ao secret\u00e1rio de Sa\u00fade, Fernando Costa, a Unidade de Pronto Atendimento (UPA). O pr\u00e9dio est\u00e1 passando por uma readequa\u00e7\u00e3o na estrutura f\u00edsica. Com investimento de R$ 4 milh\u00f5es, a UPA de Juazeiro ter\u00e1 a implanta\u00e7\u00e3o de tom\u00f3grafo, raio-x digital, usina de oxig\u00eanio, onde vai ser poss\u00edvel produzir o oxig\u00eanio e o ar comprimido medicinal, e outros equipamentos importantes para a manuten\u00e7\u00e3o da vida como respiradores, gas\u00f4metros, monitores, entre outros.<\/p>\n<p style=\"font-weight: 400;\">Animada, Suzana Ramos celebrou os ganhos que esta nova UPA vai trazer para a sa\u00fade dos juazeirenses. \u201cEu estou muito feliz, porque tenho certeza que, futuramente, a gente vai ter um mini hospital, um suporte muito grande para o nosso povo. Eu tenho certeza que essa UPA toda equipada vai aliviar as dores de muita gente. \u00c9 isso que n\u00f3s queremos, melhorar a sa\u00fade. N\u00f3s sabemos que gerenciar a Sa\u00fade \u00e9 complexo, mas a gente tem se doado, junto com o secret\u00e1rio, Fernando Costa, e toda a sua equipe, a gente tem se empenhado para melhorar a cada dia. Estou muito feliz com o que estou vendo aqui\u201d, declarou a prefeita.<\/p>\n<p style=\"font-weight: 400;\">O secret\u00e1rio de sa\u00fade, Fernando Costa, notou avan\u00e7o nas obras, que t\u00eam previs\u00e3o de conclus\u00e3o de seis meses. Mas que, pelo ritmo de trabalho, pode ser entregue antes do prazo. \u201c\u00c9 gratificante o que encontrei aqui, juntamente com a prefeita Suzana. As obras est\u00e3o em andamento de maneira veloz, mais que o esperado.<\/p>\n<p style=\"font-weight: 400;\">A gente acredita que as obras terminem em pouco tempo, mesmo que a previs\u00e3o seja de seis meses. Estamos ansiosos para isso. O ganho para a popula\u00e7\u00e3o \u00e9 absurdo. Vamos ter usina de oxig\u00eanio, tom\u00f3grafo, raio-x\u00a0 digital e v\u00e1rios equipamentos importantes para a vida. \u00c9 um legado que a prefeita Suzana Ramos vai deixar para a cidade de Juazeiro e isso eu tenho certeza que n\u00e3o vai ser esquecido\u201d, destacou o secret\u00e1rio de Sa\u00fade.<\/p>\n<p style=\"font-weight: 400;\">Com a implanta\u00e7\u00e3o de equipamentos como o tom\u00f3grafo, o diagn\u00f3stico dos pacientes ser\u00e1 mais \u00e1gil. \u201cA implanta\u00e7\u00e3o da tomografia d\u00e1 independ\u00eancia \u00e0 UPA. A gente n\u00e3o vai depender mais de exames externos para fazer a transfer\u00eancia dos pacientes para as unidades de refer\u00eancia. Vamos receber tamb\u00e9m a usina de oxig\u00eanio que \u00e9 um ganho extraordin\u00e1rio. Realmente fica para a hist\u00f3ria da cidade, porque deixa essa unidade totalmente independente com rela\u00e7\u00e3o a pacientes que precisam de suporte respirat\u00f3rio\u201d, disse o diretor geral da UPA, R\u00e9gio Cunha.<\/p>\n<p style=\"font-weight: 400;\"><strong>Obras<\/strong><\/p>\n<p style=\"font-weight: 400;\">As obras de readequa\u00e7\u00e3o da UPA iniciaram no dia 17 de novembro. A arquiteta da Secretaria de Sa\u00fade (Sesau), Julia Benevides, explicou que al\u00e9m da implanta\u00e7\u00e3o do tom\u00f3grafo, outras mudan\u00e7as est\u00e3o sendo feitas na unidade. \u201cA gente estava tendo a necessidade, al\u00e9m da sala para o tom\u00f3grafo, da constru\u00e7\u00e3o do consult\u00f3rio na parte da frente. Foram feitas essas mudan\u00e7as e, consequentemente, pensamos em melhorias para o layout da UPA. Estamos fazendo tamb\u00e9m a reforma da sala de raio-x. Vamos repaginar essa fachada, trazer uma revitaliza\u00e7\u00e3o para ela e deixar o ambiente mais interessante\u201d, disse a arquiteta.<\/p>\n<p style=\"font-weight: 400;\">Texto: Amanda Franco \u2013 Ascom Sesau PMJ<\/p>\n","protected":false},"excerpt":{"rendered":"<p>A prefeita de Juazeiro, Suzana Ramos, visitou nesta quinta-feira (2) junto ao secret\u00e1rio de Sa\u00fade, Fernando Costa, a Unidade de Pronto Atendimento (UPA). O pr\u00e9dio est\u00e1 passando por uma readequa\u00e7\u00e3o na estrutura f\u00edsica. Com investimento de R$ 4 milh\u00f5es, a UPA de Juazeiro ter\u00e1 a implanta\u00e7\u00e3o de tom\u00f3grafo, raio-x digital, usina de oxig\u00eanio, onde vai ser poss\u00edvel produzir o oxig\u00eanio e o ar comprimido medicinal, e outros equipamentos importantes para a manuten\u00e7\u00e3o da vida como respiradores, gas\u00f4metros, monitores, entre outros. Animada, Suzana Ramos celebrou os ganhos que esta nova UPA vai trazer para a sa\u00fade dos juazeirenses. \u201cEu estou muito feliz, porque tenho certeza que, futuramente, a gente vai ter um mini hospital, um suporte muito grande para o nosso&hellip; <\/p>\n","protected":false},"author":2,"featured_media":301547,"comment_status":"open","ping_status":"open","sticky":false,"template":"","format":"standard","meta":{"_acf_changed":false,"footnotes":""},"categories":[44],"tags":[],"class_list":["post-301546","post","type-post","status-publish","format-standard","has-post-thumbnail","hentry","category-administracao"],"acf":[],"yoast_head":"<!-- This site is optimized with the Yoast SEO plugin v27.4 - https:\/\/yoast.com\/product\/yoast-seo-wordpress\/ -->\n<title>Prefeita Suzana Ramos visita obras de readequa\u00e7\u00e3o que v\u00e3o ampliar capacidade de atendimento na UPA de Juazeiro - Blog do Farn\u00e9sio<\/title>\n<meta name=\"robots\" content=\"index, follow, max-snippet:-1, max-image-preview:large, max-video-preview:-1\" \/>\n<link rel=\"canonical\" href=\"https:\/\/blogdofarnesio.com.br\/?p=301546\" \/>\n<meta property=\"og:locale\" content=\"pt_BR\" \/>\n<meta property=\"og:type\" content=\"article\" \/>\n<meta property=\"og:title\" content=\"Prefeita Suzana Ramos visita obras de readequa\u00e7\u00e3o que v\u00e3o ampliar capacidade de atendimento na UPA de Juazeiro - Blog do Farn\u00e9sio\" \/>\n<meta property=\"og:description\" content=\"A prefeita de Juazeiro, Suzana Ramos, visitou nesta quinta-feira (2) junto ao secret\u00e1rio de Sa\u00fade, Fernando Costa, a Unidade de Pronto Atendimento (UPA). O pr\u00e9dio est\u00e1 passando por uma readequa\u00e7\u00e3o na estrutura f\u00edsica. Com investimento de R$ 4 milh\u00f5es, a UPA de Juazeiro ter\u00e1 a implanta\u00e7\u00e3o de tom\u00f3grafo, raio-x digital, usina de oxig\u00eanio, onde vai ser poss\u00edvel produzir o oxig\u00eanio e o ar comprimido medicinal, e outros equipamentos importantes para a manuten\u00e7\u00e3o da vida como respiradores, gas\u00f4metros, monitores, entre outros. Animada, Suzana Ramos celebrou os ganhos que esta nova UPA vai trazer para a sa\u00fade dos juazeirenses. \u201cEu estou muito feliz, porque tenho certeza que, futuramente, a gente vai ter um mini hospital, um suporte muito grande para o nosso&hellip;\" \/>\n<meta property=\"og:url\" content=\"https:\/\/blogdofarnesio.com.br\/?p=301546\" \/>\n<meta property=\"og:site_name\" content=\"Blog do Farn\u00e9sio\" \/>\n<meta property=\"article:publisher\" content=\"https:\/\/www.facebook.com\/BlogQuerSaberPolitica\/\" \/>\n<meta property=\"article:author\" content=\"https:\/\/www.facebook.com\/?ref=tn_tnmn\" \/>\n<meta property=\"article:published_time\" content=\"2021-12-03T14:23:00+00:00\" \/>\n<meta property=\"og:image\" content=\"https:\/\/blogdofarnesio.com.br\/wp-content\/uploads\/2021\/12\/suzana-upa-02.12.2021-12-e1638529194348.jpg\" \/>\n\t<meta property=\"og:image:width\" content=\"620\" \/>\n\t<meta property=\"og:image:height\" content=\"414\" \/>\n\t<meta property=\"og:image:type\" content=\"image\/jpeg\" \/>\n<meta name=\"author\" content=\"Farn\u00e9sio\" \/>\n<meta name=\"twitter:card\" content=\"summary_large_image\" \/>\n<meta name=\"twitter:label1\" content=\"Escrito por\" \/>\n\t<meta name=\"twitter:data1\" content=\"Farn\u00e9sio\" \/>\n\t<meta name=\"twitter:label2\" content=\"Est. tempo de leitura\" \/>\n\t<meta name=\"twitter:data2\" content=\"3 minutos\" \/>\n<script type=\"application\/ld+json\" class=\"yoast-schema-graph\">{\"@context\":\"https:\\\/\\\/schema.org\",\"@graph\":[{\"@type\":\"Article\",\"@id\":\"https:\\\/\\\/blogdofarnesio.com.br\\\/?p=301546#article\",\"isPartOf\":{\"@id\":\"https:\\\/\\\/blogdofarnesio.com.br\\\/?p=301546\"},\"author\":{\"name\":\"Farn\u00e9sio\",\"@id\":\"https:\\\/\\\/blogdofarnesio.com.br\\\/#\\\/schema\\\/person\\\/bb9b23ae3ad0609ce8df7b6c9e76824d\"},\"headline\":\"Prefeita Suzana Ramos visita obras de readequa\u00e7\u00e3o que v\u00e3o ampliar capacidade de atendimento na UPA de Juazeiro\",\"datePublished\":\"2021-12-03T14:23:00+00:00\",\"mainEntityOfPage\":{\"@id\":\"https:\\\/\\\/blogdofarnesio.com.br\\\/?p=301546\"},\"wordCount\":578,\"commentCount\":0,\"publisher\":{\"@id\":\"https:\\\/\\\/blogdofarnesio.com.br\\\/#organization\"},\"image\":{\"@id\":\"https:\\\/\\\/blogdofarnesio.com.br\\\/?p=301546#primaryimage\"},\"thumbnailUrl\":\"https:\\\/\\\/blogdofarnesio.com.br\\\/wp-content\\\/uploads\\\/2021\\\/12\\\/suzana-upa-02.12.2021-12-e1638529194348.jpg\",\"articleSection\":[\"Administra\u00e7\u00e3o\"],\"inLanguage\":\"pt-BR\",\"potentialAction\":[{\"@type\":\"CommentAction\",\"name\":\"Comment\",\"target\":[\"https:\\\/\\\/blogdofarnesio.com.br\\\/?p=301546#respond\"]}]},{\"@type\":\"WebPage\",\"@id\":\"https:\\\/\\\/blogdofarnesio.com.br\\\/?p=301546\",\"url\":\"https:\\\/\\\/blogdofarnesio.com.br\\\/?p=301546\",\"name\":\"Prefeita Suzana Ramos visita obras de readequa\u00e7\u00e3o que v\u00e3o ampliar capacidade de atendimento na UPA de Juazeiro - Blog do Farn\u00e9sio\",\"isPartOf\":{\"@id\":\"https:\\\/\\\/blogdofarnesio.com.br\\\/#website\"},\"primaryImageOfPage\":{\"@id\":\"https:\\\/\\\/blogdofarnesio.com.br\\\/?p=301546#primaryimage\"},\"image\":{\"@id\":\"https:\\\/\\\/blogdofarnesio.com.br\\\/?p=301546#primaryimage\"},\"thumbnailUrl\":\"https:\\\/\\\/blogdofarnesio.com.br\\\/wp-content\\\/uploads\\\/2021\\\/12\\\/suzana-upa-02.12.2021-12-e1638529194348.jpg\",\"datePublished\":\"2021-12-03T14:23:00+00:00\",\"breadcrumb\":{\"@id\":\"https:\\\/\\\/blogdofarnesio.com.br\\\/?p=301546#breadcrumb\"},\"inLanguage\":\"pt-BR\",\"potentialAction\":[{\"@type\":\"ReadAction\",\"target\":[\"https:\\\/\\\/blogdofarnesio.com.br\\\/?p=301546\"]}]},{\"@type\":\"ImageObject\",\"inLanguage\":\"pt-BR\",\"@id\":\"https:\\\/\\\/blogdofarnesio.com.br\\\/?p=301546#primaryimage\",\"url\":\"https:\\\/\\\/blogdofarnesio.com.br\\\/wp-content\\\/uploads\\\/2021\\\/12\\\/suzana-upa-02.12.2021-12-e1638529194348.jpg\",\"contentUrl\":\"https:\\\/\\\/blogdofarnesio.com.br\\\/wp-content\\\/uploads\\\/2021\\\/12\\\/suzana-upa-02.12.2021-12-e1638529194348.jpg\",\"width\":620,\"height\":414},{\"@type\":\"BreadcrumbList\",\"@id\":\"https:\\\/\\\/blogdofarnesio.com.br\\\/?p=301546#breadcrumb\",\"itemListElement\":[{\"@type\":\"ListItem\",\"position\":1,\"name\":\"In\u00edcio\",\"item\":\"https:\\\/\\\/blogdofarnesio.com.br\\\/\"},{\"@type\":\"ListItem\",\"position\":2,\"name\":\"Prefeita Suzana Ramos visita obras de readequa\u00e7\u00e3o que v\u00e3o ampliar capacidade de atendimento na UPA de Juazeiro\"}]},{\"@type\":\"WebSite\",\"@id\":\"https:\\\/\\\/blogdofarnesio.com.br\\\/#website\",\"url\":\"https:\\\/\\\/blogdofarnesio.com.br\\\/\",\"name\":\"Blog do Farn\u00e9sio\",\"description\":\"Quer Saber Pol\u00edtica?\",\"publisher\":{\"@id\":\"https:\\\/\\\/blogdofarnesio.com.br\\\/#organization\"},\"potentialAction\":[{\"@type\":\"SearchAction\",\"target\":{\"@type\":\"EntryPoint\",\"urlTemplate\":\"https:\\\/\\\/blogdofarnesio.com.br\\\/?s={search_term_string}\"},\"query-input\":{\"@type\":\"PropertyValueSpecification\",\"valueRequired\":true,\"valueName\":\"search_term_string\"}}],\"inLanguage\":\"pt-BR\"},{\"@type\":\"Organization\",\"@id\":\"https:\\\/\\\/blogdofarnesio.com.br\\\/#organization\",\"name\":\"Blog do Farn\u00e9sio\",\"url\":\"https:\\\/\\\/blogdofarnesio.com.br\\\/\",\"logo\":{\"@type\":\"ImageObject\",\"inLanguage\":\"pt-BR\",\"@id\":\"https:\\\/\\\/blogdofarnesio.com.br\\\/#\\\/schema\\\/logo\\\/image\\\/\",\"url\":\"https:\\\/\\\/blogdofarnesio.com.br\\\/wp-content\\\/uploads\\\/2026\\\/03\\\/cropped-logo_new-1.png\",\"contentUrl\":\"https:\\\/\\\/blogdofarnesio.com.br\\\/wp-content\\\/uploads\\\/2026\\\/03\\\/cropped-logo_new-1.png\",\"width\":881,\"height\":685,\"caption\":\"Blog do Farn\u00e9sio\"},\"image\":{\"@id\":\"https:\\\/\\\/blogdofarnesio.com.br\\\/#\\\/schema\\\/logo\\\/image\\\/\"},\"sameAs\":[\"https:\\\/\\\/www.facebook.com\\\/BlogQuerSaberPolitica\\\/\"]},{\"@type\":\"Person\",\"@id\":\"https:\\\/\\\/blogdofarnesio.com.br\\\/#\\\/schema\\\/person\\\/bb9b23ae3ad0609ce8df7b6c9e76824d\",\"name\":\"Farn\u00e9sio\",\"image\":{\"@type\":\"ImageObject\",\"inLanguage\":\"pt-BR\",\"@id\":\"https:\\\/\\\/secure.gravatar.com\\\/avatar\\\/986aa4c61ccdb66f8555bf88fc2a65609d00bcabd4d2d94377a727547345cbca?s=96&d=mm&r=g\",\"url\":\"https:\\\/\\\/secure.gravatar.com\\\/avatar\\\/986aa4c61ccdb66f8555bf88fc2a65609d00bcabd4d2d94377a727547345cbca?s=96&d=mm&r=g\",\"contentUrl\":\"https:\\\/\\\/secure.gravatar.com\\\/avatar\\\/986aa4c61ccdb66f8555bf88fc2a65609d00bcabd4d2d94377a727547345cbca?s=96&d=mm&r=g\",\"caption\":\"Farn\u00e9sio\"},\"description\":\"Radialista blogueiro, chegou a Petrolina\\\/Juazeiro em setembro de 1980, Farn\u00e9sio Silva \u00e9 de Arapiraca-Alagoas.\",\"sameAs\":[\"http:\\\/\\\/blogdofarnesio.com.br\",\"https:\\\/\\\/www.facebook.com\\\/?ref=tn_tnmn\",\"https:\\\/\\\/www.instagram.com\\\/?utm_source=pwa_homescreen\",\"https:\\\/\\\/youtube.com.br\\\/\"],\"url\":\"https:\\\/\\\/blogdofarnesio.com.br\\\/?author=2\"}]}<\/script>\n<!-- \/ Yoast SEO plugin. -->","yoast_head_json":{"title":"Prefeita Suzana Ramos visita obras de readequa\u00e7\u00e3o que v\u00e3o ampliar capacidade de atendimento na UPA de Juazeiro - Blog do Farn\u00e9sio","robots":{"index":"index","follow":"follow","max-snippet":"max-snippet:-1","max-image-preview":"max-image-preview:large","max-video-preview":"max-video-preview:-1"},"canonical":"https:\/\/blogdofarnesio.com.br\/?p=301546","og_locale":"pt_BR","og_type":"article","og_title":"Prefeita Suzana Ramos visita obras de readequa\u00e7\u00e3o que v\u00e3o ampliar capacidade de atendimento na UPA de Juazeiro - Blog do Farn\u00e9sio","og_description":"A prefeita de Juazeiro, Suzana Ramos, visitou nesta quinta-feira (2) junto ao secret\u00e1rio de Sa\u00fade, Fernando Costa, a Unidade de Pronto Atendimento (UPA). O pr\u00e9dio est\u00e1 passando por uma readequa\u00e7\u00e3o na estrutura f\u00edsica. Com investimento de R$ 4 milh\u00f5es, a UPA de Juazeiro ter\u00e1 a implanta\u00e7\u00e3o de tom\u00f3grafo, raio-x digital, usina de oxig\u00eanio, onde vai ser poss\u00edvel produzir o oxig\u00eanio e o ar comprimido medicinal, e outros equipamentos importantes para a manuten\u00e7\u00e3o da vida como respiradores, gas\u00f4metros, monitores, entre outros. Animada, Suzana Ramos celebrou os ganhos que esta nova UPA vai trazer para a sa\u00fade dos juazeirenses. \u201cEu estou muito feliz, porque tenho certeza que, futuramente, a gente vai ter um mini hospital, um suporte muito grande para o nosso&hellip;","og_url":"https:\/\/blogdofarnesio.com.br\/?p=301546","og_site_name":"Blog do Farn\u00e9sio","article_publisher":"https:\/\/www.facebook.com\/BlogQuerSaberPolitica\/","article_author":"https:\/\/www.facebook.com\/?ref=tn_tnmn","article_published_time":"2021-12-03T14:23:00+00:00","og_image":[{"width":620,"height":414,"url":"https:\/\/blogdofarnesio.com.br\/wp-content\/uploads\/2021\/12\/suzana-upa-02.12.2021-12-e1638529194348.jpg","type":"image\/jpeg"}],"author":"Farn\u00e9sio","twitter_card":"summary_large_image","twitter_misc":{"Escrito por":"Farn\u00e9sio","Est. tempo de leitura":"3 minutos"},"schema":{"@context":"https:\/\/schema.org","@graph":[{"@type":"Article","@id":"https:\/\/blogdofarnesio.com.br\/?p=301546#article","isPartOf":{"@id":"https:\/\/blogdofarnesio.com.br\/?p=301546"},"author":{"name":"Farn\u00e9sio","@id":"https:\/\/blogdofarnesio.com.br\/#\/schema\/person\/bb9b23ae3ad0609ce8df7b6c9e76824d"},"headline":"Prefeita Suzana Ramos visita obras de readequa\u00e7\u00e3o que v\u00e3o ampliar capacidade de atendimento na UPA de Juazeiro","datePublished":"2021-12-03T14:23:00+00:00","mainEntityOfPage":{"@id":"https:\/\/blogdofarnesio.com.br\/?p=301546"},"wordCount":578,"commentCount":0,"publisher":{"@id":"https:\/\/blogdofarnesio.com.br\/#organization"},"image":{"@id":"https:\/\/blogdofarnesio.com.br\/?p=301546#primaryimage"},"thumbnailUrl":"https:\/\/blogdofarnesio.com.br\/wp-content\/uploads\/2021\/12\/suzana-upa-02.12.2021-12-e1638529194348.jpg","articleSection":["Administra\u00e7\u00e3o"],"inLanguage":"pt-BR","potentialAction":[{"@type":"CommentAction","name":"Comment","target":["https:\/\/blogdofarnesio.com.br\/?p=301546#respond"]}]},{"@type":"WebPage","@id":"https:\/\/blogdofarnesio.com.br\/?p=301546","url":"https:\/\/blogdofarnesio.com.br\/?p=301546","name":"Prefeita Suzana Ramos visita obras de readequa\u00e7\u00e3o que v\u00e3o ampliar capacidade de atendimento na UPA de Juazeiro - Blog do Farn\u00e9sio","isPartOf":{"@id":"https:\/\/blogdofarnesio.com.br\/#website"},"primaryImageOfPage":{"@id":"https:\/\/blogdofarnesio.com.br\/?p=301546#primaryimage"},"image":{"@id":"https:\/\/blogdofarnesio.com.br\/?p=301546#primaryimage"},"thumbnailUrl":"https:\/\/blogdofarnesio.com.br\/wp-content\/uploads\/2021\/12\/suzana-upa-02.12.2021-12-e1638529194348.jpg","datePublished":"2021-12-03T14:23:00+00:00","breadcrumb":{"@id":"https:\/\/blogdofarnesio.com.br\/?p=301546#breadcrumb"},"inLanguage":"pt-BR","potentialAction":[{"@type":"ReadAction","target":["https:\/\/blogdofarnesio.com.br\/?p=301546"]}]},{"@type":"ImageObject","inLanguage":"pt-BR","@id":"https:\/\/blogdofarnesio.com.br\/?p=301546#primaryimage","url":"https:\/\/blogdofarnesio.com.br\/wp-content\/uploads\/2021\/12\/suzana-upa-02.12.2021-12-e1638529194348.jpg","contentUrl":"https:\/\/blogdofarnesio.com.br\/wp-content\/uploads\/2021\/12\/suzana-upa-02.12.2021-12-e1638529194348.jpg","width":620,"height":414},{"@type":"BreadcrumbList","@id":"https:\/\/blogdofarnesio.com.br\/?p=301546#breadcrumb","itemListElement":[{"@type":"ListItem","position":1,"name":"In\u00edcio","item":"https:\/\/blogdofarnesio.com.br\/"},{"@type":"ListItem","position":2,"name":"Prefeita Suzana Ramos visita obras de readequa\u00e7\u00e3o que v\u00e3o ampliar capacidade de atendimento na UPA de Juazeiro"}]},{"@type":"WebSite","@id":"https:\/\/blogdofarnesio.com.br\/#website","url":"https:\/\/blogdofarnesio.com.br\/","name":"Blog do Farn\u00e9sio","description":"Quer Saber Pol\u00edtica?","publisher":{"@id":"https:\/\/blogdofarnesio.com.br\/#organization"},"potentialAction":[{"@type":"SearchAction","target":{"@type":"EntryPoint","urlTemplate":"https:\/\/blogdofarnesio.com.br\/?s={search_term_string}"},"query-input":{"@type":"PropertyValueSpecification","valueRequired":true,"valueName":"search_term_string"}}],"inLanguage":"pt-BR"},{"@type":"Organization","@id":"https:\/\/blogdofarnesio.com.br\/#organization","name":"Blog do Farn\u00e9sio","url":"https:\/\/blogdofarnesio.com.br\/","logo":{"@type":"ImageObject","inLanguage":"pt-BR","@id":"https:\/\/blogdofarnesio.com.br\/#\/schema\/logo\/image\/","url":"https:\/\/blogdofarnesio.com.br\/wp-content\/uploads\/2026\/03\/cropped-logo_new-1.png","contentUrl":"https:\/\/blogdofarnesio.com.br\/wp-content\/uploads\/2026\/03\/cropped-logo_new-1.png","width":881,"height":685,"caption":"Blog do Farn\u00e9sio"},"image":{"@id":"https:\/\/blogdofarnesio.com.br\/#\/schema\/logo\/image\/"},"sameAs":["https:\/\/www.facebook.com\/BlogQuerSaberPolitica\/"]},{"@type":"Person","@id":"https:\/\/blogdofarnesio.com.br\/#\/schema\/person\/bb9b23ae3ad0609ce8df7b6c9e76824d","name":"Farn\u00e9sio","image":{"@type":"ImageObject","inLanguage":"pt-BR","@id":"https:\/\/secure.gravatar.com\/avatar\/986aa4c61ccdb66f8555bf88fc2a65609d00bcabd4d2d94377a727547345cbca?s=96&d=mm&r=g","url":"https:\/\/secure.gravatar.com\/avatar\/986aa4c61ccdb66f8555bf88fc2a65609d00bcabd4d2d94377a727547345cbca?s=96&d=mm&r=g","contentUrl":"https:\/\/secure.gravatar.com\/avatar\/986aa4c61ccdb66f8555bf88fc2a65609d00bcabd4d2d94377a727547345cbca?s=96&d=mm&r=g","caption":"Farn\u00e9sio"},"description":"Radialista blogueiro, chegou a Petrolina\/Juazeiro em setembro de 1980, Farn\u00e9sio Silva \u00e9 de Arapiraca-Alagoas.","sameAs":["http:\/\/blogdofarnesio.com.br","https:\/\/www.facebook.com\/?ref=tn_tnmn","https:\/\/www.instagram.com\/?utm_source=pwa_homescreen","https:\/\/youtube.com.br\/"],"url":"https:\/\/blogdofarnesio.com.br\/?author=2"}]}},"_links":{"self":[{"href":"https:\/\/blogdofarnesio.com.br\/index.php?rest_route=\/wp\/v2\/posts\/301546","targetHints":{"allow":["GET"]}}],"collection":[{"href":"https:\/\/blogdofarnesio.com.br\/index.php?rest_route=\/wp\/v2\/posts"}],"about":[{"href":"https:\/\/blogdofarnesio.com.br\/index.php?rest_route=\/wp\/v2\/types\/post"}],"author":[{"embeddable":true,"href":"https:\/\/blogdofarnesio.com.br\/index.php?rest_route=\/wp\/v2\/users\/2"}],"replies":[{"embeddable":true,"href":"https:\/\/blogdofarnesio.com.br\/index.php?rest_route=%2Fwp%2Fv2%2Fcomments&post=301546"}],"version-history":[{"count":0,"href":"https:\/\/blogdofarnesio.com.br\/index.php?rest_route=\/wp\/v2\/posts\/301546\/revisions"}],"wp:featuredmedia":[{"embeddable":true,"href":"https:\/\/blogdofarnesio.com.br\/index.php?rest_route=\/wp\/v2\/media\/301547"}],"wp:attachment":[{"href":"https:\/\/blogdofarnesio.com.br\/index.php?rest_route=%2Fwp%2Fv2%2Fmedia&parent=301546"}],"wp:term":[{"taxonomy":"category","embeddable":true,"href":"https:\/\/blogdofarnesio.com.br\/index.php?rest_route=%2Fwp%2Fv2%2Fcategories&post=301546"},{"taxonomy":"post_tag","embeddable":true,"href":"https:\/\/blogdofarnesio.com.br\/index.php?rest_route=%2Fwp%2Fv2%2Ftags&post=301546"}],"curies":[{"name":"wp","href":"https:\/\/api.w.org\/{rel}","templated":true}]}}