{"id":301504,"date":"2021-12-03T10:43:31","date_gmt":"2021-12-03T13:43:31","guid":{"rendered":"https:\/\/blogdofarnesio.com.br\/?p=301504"},"modified":"2021-12-03T08:04:07","modified_gmt":"2021-12-03T11:04:07","slug":"sesi-pe-oferece-300-vagas-para-cursos-gratuitos-na-area-corporativa-e-de-financas","status":"publish","type":"post","link":"https:\/\/blogdofarnesio.com.br\/?p=301504","title":{"rendered":"SESI-PE oferece 300 vagas para cursos gratuitos na \u00e1rea corporativa e de finan\u00e7as"},"content":{"rendered":"<div>\n<div>\n<div dir=\"ltr\">\n<div dir=\"ltr\">\n<div>\n<div dir=\"ltr\">\n<div dir=\"ltr\">\n<p>Para quem est\u00e1 em busca de melhorar a comunica\u00e7\u00e3o e o relacionamento interpessoal no ambiente de trabalho ou de ter um maior controle da vida financeira, o Servi\u00e7o Social da Ind\u00fastria de Pernambuco (SESI-PE) est\u00e1 oferecendo cursos gratuitos e a dist\u00e2ncia nessas tr\u00eas \u00e1reas. S\u00e3o 300 vagas ao todo, sendo 100 para cada um dos cursos: \u201cAdministrando o Seu Dinheiro\u201d, \u201cComunica\u00e7\u00e3o no Foco Organizacional\u201d e \u201cRelacionamento Interpessoal no Ambiente de Trabalho\u201d. As inscri\u00e7\u00f5es podem ser feitas pelo site\u00a0<a href=\"http:\/\/pe.sesi.org.br\/\" target=\"_blank\" rel=\"noopener\" data-saferedirecturl=\"https:\/\/www.google.com\/url?q=http:\/\/pe.sesi.org.br&amp;source=gmail&amp;ust=1638554554970000&amp;usg=AOvVaw2YVXjFXp0-giun-lYxbCxg\">pe.sesi.org.br<\/a>\u00a0e v\u00e3o at\u00e9 o pr\u00f3ximo dia 17 de dezembro ou as vagas serem preenchidas.<\/p>\n<p>Os pr\u00e9-requisitos s\u00e3o ter, no m\u00ednimo, 16 anos, e-mail, acesso \u00e0 internet e no\u00e7\u00f5es b\u00e1sicas de inform\u00e1tica. Ap\u00f3s a confirma\u00e7\u00e3o da inscri\u00e7\u00e3o e da matr\u00edcula, o estudante tem 30 dias para acompanhar os conte\u00fados e concluir o curso desejado.<\/p>\n<p>Com o objetivo de conscientizar sobre a import\u00e2ncia de administrar suas finan\u00e7as pessoais e familiares de forma adequada, o curso \u201cAdministrando seu Dinheiro\u201d, cuja carga hor\u00e1ria \u00e9 de 12 horas, trar\u00e1 conte\u00fados como Planejamento pessoal, familiar e com renda vari\u00e1vel; Como evitar d\u00edvidas e como sair delas; e Formas de investimento.<\/p>\n<p>J\u00e1 em \u201cComunica\u00e7\u00e3o no Foco Organizacional\u201d, ser\u00e3o promovidos conhecimentos b\u00e1sicos sobre a comunica\u00e7\u00e3o, considerando as demandas de trabalho e as intera\u00e7\u00f5es com as pessoas. O aluno ir\u00e1 aprender sobre O que \u00e9 comunica\u00e7\u00e3o e qual sua import\u00e2ncia; Aspectos que envolvem a comunica\u00e7\u00e3o; Fatores implicados na comunica\u00e7\u00e3o; Comunica\u00e7\u00e3o e as suas formas de abordagem; Gest\u00e3o e comunica\u00e7\u00e3o. O curso tem carga hor\u00e1ria de 20 horas.<\/p>\n<p>Com uma carga hor\u00e1ria de 12 horas, o curso \u201cRelacionamento Interpessoal no Ambiente de Trabalho\u201d far\u00e1 com que o aluno reflita sobre a import\u00e2ncia das rela\u00e7\u00f5es com o objetivo de ter um ambiente de trabalho saud\u00e1vel. Entre os conte\u00fados que ser\u00e3o trabalhados est\u00e3o O ambiente de trabalho e as rela\u00e7\u00f5es; Intelig\u00eancia interpessoal; Percep\u00e7\u00e3o: eu e o outro; Comunica\u00e7\u00e3o; Escuta; Assertividade; Empatia; Cordialidade; \u00c9tica; Gest\u00e3o de Conflitos.<\/p>\n<p>Ap\u00f3s o cumprimento da carga hor\u00e1ria total do curso escolhido, o estudante participar\u00e1 de uma avalia\u00e7\u00e3o na plataforma educacional e, se alcan\u00e7ar 70 pontos ou mais no exame, receber\u00e1 a Certifica\u00e7\u00e3o de Conclus\u00e3o. Para outras informa\u00e7\u00f5es, basta entrar em contato pelo e-mail\u00a0<a href=\"mailto:educacao.distancia@pe.sesi.org.br\" target=\"_blank\" rel=\"noopener\">educacao.distancia@pe.sesi.<wbr \/>org.br<\/a>.<\/p>\n<\/div>\n<div dir=\"ltr\"><\/div>\n<div dir=\"ltr\">\n<div><strong>&#8212;<\/strong><\/div>\n<div><strong>CLAS Comunica\u00e7\u00e3o &amp; Marketing<\/strong><\/div>\n<\/div>\n<\/div>\n<\/div>\n<\/div>\n<\/div>\n<\/div>\n<\/div>\n","protected":false},"excerpt":{"rendered":"<p>Para quem est\u00e1 em busca de melhorar a comunica\u00e7\u00e3o e o relacionamento interpessoal no ambiente de trabalho ou de ter um maior controle da vida financeira, o Servi\u00e7o Social da Ind\u00fastria de Pernambuco (SESI-PE) est\u00e1 oferecendo cursos gratuitos e a dist\u00e2ncia nessas tr\u00eas \u00e1reas. S\u00e3o 300 vagas ao todo, sendo 100 para cada um dos cursos: \u201cAdministrando o Seu Dinheiro\u201d, \u201cComunica\u00e7\u00e3o no Foco Organizacional\u201d e \u201cRelacionamento Interpessoal no Ambiente de Trabalho\u201d. As inscri\u00e7\u00f5es podem ser feitas pelo site\u00a0pe.sesi.org.br\u00a0e v\u00e3o at\u00e9 o pr\u00f3ximo dia 17 de dezembro ou as vagas serem preenchidas. Os pr\u00e9-requisitos s\u00e3o ter, no m\u00ednimo, 16 anos, e-mail, acesso \u00e0 internet e no\u00e7\u00f5es b\u00e1sicas de inform\u00e1tica. Ap\u00f3s a confirma\u00e7\u00e3o da inscri\u00e7\u00e3o e da matr\u00edcula, o estudante tem 30&hellip; <\/p>\n","protected":false},"author":2,"featured_media":275982,"comment_status":"open","ping_status":"open","sticky":false,"template":"","format":"standard","meta":{"_acf_changed":false,"footnotes":""},"categories":[6],"tags":[],"class_list":["post-301504","post","type-post","status-publish","format-standard","has-post-thumbnail","hentry","category-educacao"],"acf":[],"yoast_head":"<!-- This site is optimized with the Yoast SEO plugin v27.4 - https:\/\/yoast.com\/product\/yoast-seo-wordpress\/ -->\n<title>SESI-PE oferece 300 vagas para cursos gratuitos na \u00e1rea corporativa e de finan\u00e7as - Blog do Farn\u00e9sio<\/title>\n<meta name=\"robots\" content=\"index, follow, max-snippet:-1, max-image-preview:large, max-video-preview:-1\" \/>\n<link rel=\"canonical\" href=\"https:\/\/blogdofarnesio.com.br\/?p=301504\" \/>\n<meta property=\"og:locale\" content=\"pt_BR\" \/>\n<meta property=\"og:type\" content=\"article\" \/>\n<meta property=\"og:title\" content=\"SESI-PE oferece 300 vagas para cursos gratuitos na \u00e1rea corporativa e de finan\u00e7as - Blog do Farn\u00e9sio\" \/>\n<meta property=\"og:description\" content=\"Para quem est\u00e1 em busca de melhorar a comunica\u00e7\u00e3o e o relacionamento interpessoal no ambiente de trabalho ou de ter um maior controle da vida financeira, o Servi\u00e7o Social da Ind\u00fastria de Pernambuco (SESI-PE) est\u00e1 oferecendo cursos gratuitos e a dist\u00e2ncia nessas tr\u00eas \u00e1reas. S\u00e3o 300 vagas ao todo, sendo 100 para cada um dos cursos: \u201cAdministrando o Seu Dinheiro\u201d, \u201cComunica\u00e7\u00e3o no Foco Organizacional\u201d e \u201cRelacionamento Interpessoal no Ambiente de Trabalho\u201d. As inscri\u00e7\u00f5es podem ser feitas pelo site\u00a0pe.sesi.org.br\u00a0e v\u00e3o at\u00e9 o pr\u00f3ximo dia 17 de dezembro ou as vagas serem preenchidas. Os pr\u00e9-requisitos s\u00e3o ter, no m\u00ednimo, 16 anos, e-mail, acesso \u00e0 internet e no\u00e7\u00f5es b\u00e1sicas de inform\u00e1tica. Ap\u00f3s a confirma\u00e7\u00e3o da inscri\u00e7\u00e3o e da matr\u00edcula, o estudante tem 30&hellip;\" \/>\n<meta property=\"og:url\" content=\"https:\/\/blogdofarnesio.com.br\/?p=301504\" \/>\n<meta property=\"og:site_name\" content=\"Blog do Farn\u00e9sio\" \/>\n<meta property=\"article:publisher\" content=\"https:\/\/www.facebook.com\/BlogQuerSaberPolitica\/\" \/>\n<meta property=\"article:author\" content=\"https:\/\/www.facebook.com\/?ref=tn_tnmn\" \/>\n<meta property=\"article:published_time\" content=\"2021-12-03T13:43:31+00:00\" \/>\n<meta property=\"og:image\" content=\"https:\/\/blogdofarnesio.com.br\/wp-content\/uploads\/2021\/01\/unnamed.jpg\" \/>\n\t<meta property=\"og:image:width\" content=\"512\" \/>\n\t<meta property=\"og:image:height\" content=\"320\" \/>\n\t<meta property=\"og:image:type\" content=\"image\/jpeg\" \/>\n<meta name=\"author\" content=\"Farn\u00e9sio\" \/>\n<meta name=\"twitter:card\" content=\"summary_large_image\" \/>\n<meta name=\"twitter:label1\" content=\"Escrito por\" \/>\n\t<meta name=\"twitter:data1\" content=\"Farn\u00e9sio\" \/>\n\t<meta name=\"twitter:label2\" content=\"Est. tempo de leitura\" \/>\n\t<meta name=\"twitter:data2\" content=\"2 minutos\" \/>\n<script type=\"application\/ld+json\" class=\"yoast-schema-graph\">{\"@context\":\"https:\\\/\\\/schema.org\",\"@graph\":[{\"@type\":\"Article\",\"@id\":\"https:\\\/\\\/blogdofarnesio.com.br\\\/?p=301504#article\",\"isPartOf\":{\"@id\":\"https:\\\/\\\/blogdofarnesio.com.br\\\/?p=301504\"},\"author\":{\"name\":\"Farn\u00e9sio\",\"@id\":\"https:\\\/\\\/blogdofarnesio.com.br\\\/#\\\/schema\\\/person\\\/bb9b23ae3ad0609ce8df7b6c9e76824d\"},\"headline\":\"SESI-PE oferece 300 vagas para cursos gratuitos na \u00e1rea corporativa e de finan\u00e7as\",\"datePublished\":\"2021-12-03T13:43:31+00:00\",\"mainEntityOfPage\":{\"@id\":\"https:\\\/\\\/blogdofarnesio.com.br\\\/?p=301504\"},\"wordCount\":430,\"commentCount\":0,\"publisher\":{\"@id\":\"https:\\\/\\\/blogdofarnesio.com.br\\\/#organization\"},\"image\":{\"@id\":\"https:\\\/\\\/blogdofarnesio.com.br\\\/?p=301504#primaryimage\"},\"thumbnailUrl\":\"https:\\\/\\\/blogdofarnesio.com.br\\\/wp-content\\\/uploads\\\/2021\\\/01\\\/unnamed.jpg\",\"articleSection\":[\"Educa\u00e7\u00e3o\"],\"inLanguage\":\"pt-BR\",\"potentialAction\":[{\"@type\":\"CommentAction\",\"name\":\"Comment\",\"target\":[\"https:\\\/\\\/blogdofarnesio.com.br\\\/?p=301504#respond\"]}]},{\"@type\":\"WebPage\",\"@id\":\"https:\\\/\\\/blogdofarnesio.com.br\\\/?p=301504\",\"url\":\"https:\\\/\\\/blogdofarnesio.com.br\\\/?p=301504\",\"name\":\"SESI-PE oferece 300 vagas para cursos gratuitos na \u00e1rea corporativa e de finan\u00e7as - Blog do Farn\u00e9sio\",\"isPartOf\":{\"@id\":\"https:\\\/\\\/blogdofarnesio.com.br\\\/#website\"},\"primaryImageOfPage\":{\"@id\":\"https:\\\/\\\/blogdofarnesio.com.br\\\/?p=301504#primaryimage\"},\"image\":{\"@id\":\"https:\\\/\\\/blogdofarnesio.com.br\\\/?p=301504#primaryimage\"},\"thumbnailUrl\":\"https:\\\/\\\/blogdofarnesio.com.br\\\/wp-content\\\/uploads\\\/2021\\\/01\\\/unnamed.jpg\",\"datePublished\":\"2021-12-03T13:43:31+00:00\",\"breadcrumb\":{\"@id\":\"https:\\\/\\\/blogdofarnesio.com.br\\\/?p=301504#breadcrumb\"},\"inLanguage\":\"pt-BR\",\"potentialAction\":[{\"@type\":\"ReadAction\",\"target\":[\"https:\\\/\\\/blogdofarnesio.com.br\\\/?p=301504\"]}]},{\"@type\":\"ImageObject\",\"inLanguage\":\"pt-BR\",\"@id\":\"https:\\\/\\\/blogdofarnesio.com.br\\\/?p=301504#primaryimage\",\"url\":\"https:\\\/\\\/blogdofarnesio.com.br\\\/wp-content\\\/uploads\\\/2021\\\/01\\\/unnamed.jpg\",\"contentUrl\":\"https:\\\/\\\/blogdofarnesio.com.br\\\/wp-content\\\/uploads\\\/2021\\\/01\\\/unnamed.jpg\",\"width\":512,\"height\":320,\"caption\":\"Sesi-Petrolina\"},{\"@type\":\"BreadcrumbList\",\"@id\":\"https:\\\/\\\/blogdofarnesio.com.br\\\/?p=301504#breadcrumb\",\"itemListElement\":[{\"@type\":\"ListItem\",\"position\":1,\"name\":\"In\u00edcio\",\"item\":\"https:\\\/\\\/blogdofarnesio.com.br\\\/\"},{\"@type\":\"ListItem\",\"position\":2,\"name\":\"SESI-PE oferece 300 vagas para cursos gratuitos na \u00e1rea corporativa e de finan\u00e7as\"}]},{\"@type\":\"WebSite\",\"@id\":\"https:\\\/\\\/blogdofarnesio.com.br\\\/#website\",\"url\":\"https:\\\/\\\/blogdofarnesio.com.br\\\/\",\"name\":\"Blog do Farn\u00e9sio\",\"description\":\"Quer Saber Pol\u00edtica?\",\"publisher\":{\"@id\":\"https:\\\/\\\/blogdofarnesio.com.br\\\/#organization\"},\"potentialAction\":[{\"@type\":\"SearchAction\",\"target\":{\"@type\":\"EntryPoint\",\"urlTemplate\":\"https:\\\/\\\/blogdofarnesio.com.br\\\/?s={search_term_string}\"},\"query-input\":{\"@type\":\"PropertyValueSpecification\",\"valueRequired\":true,\"valueName\":\"search_term_string\"}}],\"inLanguage\":\"pt-BR\"},{\"@type\":\"Organization\",\"@id\":\"https:\\\/\\\/blogdofarnesio.com.br\\\/#organization\",\"name\":\"Blog do Farn\u00e9sio\",\"url\":\"https:\\\/\\\/blogdofarnesio.com.br\\\/\",\"logo\":{\"@type\":\"ImageObject\",\"inLanguage\":\"pt-BR\",\"@id\":\"https:\\\/\\\/blogdofarnesio.com.br\\\/#\\\/schema\\\/logo\\\/image\\\/\",\"url\":\"https:\\\/\\\/blogdofarnesio.com.br\\\/wp-content\\\/uploads\\\/2026\\\/03\\\/cropped-logo_new-1.png\",\"contentUrl\":\"https:\\\/\\\/blogdofarnesio.com.br\\\/wp-content\\\/uploads\\\/2026\\\/03\\\/cropped-logo_new-1.png\",\"width\":881,\"height\":685,\"caption\":\"Blog do Farn\u00e9sio\"},\"image\":{\"@id\":\"https:\\\/\\\/blogdofarnesio.com.br\\\/#\\\/schema\\\/logo\\\/image\\\/\"},\"sameAs\":[\"https:\\\/\\\/www.facebook.com\\\/BlogQuerSaberPolitica\\\/\"]},{\"@type\":\"Person\",\"@id\":\"https:\\\/\\\/blogdofarnesio.com.br\\\/#\\\/schema\\\/person\\\/bb9b23ae3ad0609ce8df7b6c9e76824d\",\"name\":\"Farn\u00e9sio\",\"image\":{\"@type\":\"ImageObject\",\"inLanguage\":\"pt-BR\",\"@id\":\"https:\\\/\\\/secure.gravatar.com\\\/avatar\\\/986aa4c61ccdb66f8555bf88fc2a65609d00bcabd4d2d94377a727547345cbca?s=96&d=mm&r=g\",\"url\":\"https:\\\/\\\/secure.gravatar.com\\\/avatar\\\/986aa4c61ccdb66f8555bf88fc2a65609d00bcabd4d2d94377a727547345cbca?s=96&d=mm&r=g\",\"contentUrl\":\"https:\\\/\\\/secure.gravatar.com\\\/avatar\\\/986aa4c61ccdb66f8555bf88fc2a65609d00bcabd4d2d94377a727547345cbca?s=96&d=mm&r=g\",\"caption\":\"Farn\u00e9sio\"},\"description\":\"Radialista blogueiro, chegou a Petrolina\\\/Juazeiro em setembro de 1980, Farn\u00e9sio Silva \u00e9 de Arapiraca-Alagoas.\",\"sameAs\":[\"http:\\\/\\\/blogdofarnesio.com.br\",\"https:\\\/\\\/www.facebook.com\\\/?ref=tn_tnmn\",\"https:\\\/\\\/www.instagram.com\\\/?utm_source=pwa_homescreen\",\"https:\\\/\\\/youtube.com.br\\\/\"],\"url\":\"https:\\\/\\\/blogdofarnesio.com.br\\\/?author=2\"}]}<\/script>\n<!-- \/ Yoast SEO plugin. -->","yoast_head_json":{"title":"SESI-PE oferece 300 vagas para cursos gratuitos na \u00e1rea corporativa e de finan\u00e7as - Blog do Farn\u00e9sio","robots":{"index":"index","follow":"follow","max-snippet":"max-snippet:-1","max-image-preview":"max-image-preview:large","max-video-preview":"max-video-preview:-1"},"canonical":"https:\/\/blogdofarnesio.com.br\/?p=301504","og_locale":"pt_BR","og_type":"article","og_title":"SESI-PE oferece 300 vagas para cursos gratuitos na \u00e1rea corporativa e de finan\u00e7as - Blog do Farn\u00e9sio","og_description":"Para quem est\u00e1 em busca de melhorar a comunica\u00e7\u00e3o e o relacionamento interpessoal no ambiente de trabalho ou de ter um maior controle da vida financeira, o Servi\u00e7o Social da Ind\u00fastria de Pernambuco (SESI-PE) est\u00e1 oferecendo cursos gratuitos e a dist\u00e2ncia nessas tr\u00eas \u00e1reas. S\u00e3o 300 vagas ao todo, sendo 100 para cada um dos cursos: \u201cAdministrando o Seu Dinheiro\u201d, \u201cComunica\u00e7\u00e3o no Foco Organizacional\u201d e \u201cRelacionamento Interpessoal no Ambiente de Trabalho\u201d. As inscri\u00e7\u00f5es podem ser feitas pelo site\u00a0pe.sesi.org.br\u00a0e v\u00e3o at\u00e9 o pr\u00f3ximo dia 17 de dezembro ou as vagas serem preenchidas. Os pr\u00e9-requisitos s\u00e3o ter, no m\u00ednimo, 16 anos, e-mail, acesso \u00e0 internet e no\u00e7\u00f5es b\u00e1sicas de inform\u00e1tica. Ap\u00f3s a confirma\u00e7\u00e3o da inscri\u00e7\u00e3o e da matr\u00edcula, o estudante tem 30&hellip;","og_url":"https:\/\/blogdofarnesio.com.br\/?p=301504","og_site_name":"Blog do Farn\u00e9sio","article_publisher":"https:\/\/www.facebook.com\/BlogQuerSaberPolitica\/","article_author":"https:\/\/www.facebook.com\/?ref=tn_tnmn","article_published_time":"2021-12-03T13:43:31+00:00","og_image":[{"width":512,"height":320,"url":"https:\/\/blogdofarnesio.com.br\/wp-content\/uploads\/2021\/01\/unnamed.jpg","type":"image\/jpeg"}],"author":"Farn\u00e9sio","twitter_card":"summary_large_image","twitter_misc":{"Escrito por":"Farn\u00e9sio","Est. tempo de leitura":"2 minutos"},"schema":{"@context":"https:\/\/schema.org","@graph":[{"@type":"Article","@id":"https:\/\/blogdofarnesio.com.br\/?p=301504#article","isPartOf":{"@id":"https:\/\/blogdofarnesio.com.br\/?p=301504"},"author":{"name":"Farn\u00e9sio","@id":"https:\/\/blogdofarnesio.com.br\/#\/schema\/person\/bb9b23ae3ad0609ce8df7b6c9e76824d"},"headline":"SESI-PE oferece 300 vagas para cursos gratuitos na \u00e1rea corporativa e de finan\u00e7as","datePublished":"2021-12-03T13:43:31+00:00","mainEntityOfPage":{"@id":"https:\/\/blogdofarnesio.com.br\/?p=301504"},"wordCount":430,"commentCount":0,"publisher":{"@id":"https:\/\/blogdofarnesio.com.br\/#organization"},"image":{"@id":"https:\/\/blogdofarnesio.com.br\/?p=301504#primaryimage"},"thumbnailUrl":"https:\/\/blogdofarnesio.com.br\/wp-content\/uploads\/2021\/01\/unnamed.jpg","articleSection":["Educa\u00e7\u00e3o"],"inLanguage":"pt-BR","potentialAction":[{"@type":"CommentAction","name":"Comment","target":["https:\/\/blogdofarnesio.com.br\/?p=301504#respond"]}]},{"@type":"WebPage","@id":"https:\/\/blogdofarnesio.com.br\/?p=301504","url":"https:\/\/blogdofarnesio.com.br\/?p=301504","name":"SESI-PE oferece 300 vagas para cursos gratuitos na \u00e1rea corporativa e de finan\u00e7as - Blog do Farn\u00e9sio","isPartOf":{"@id":"https:\/\/blogdofarnesio.com.br\/#website"},"primaryImageOfPage":{"@id":"https:\/\/blogdofarnesio.com.br\/?p=301504#primaryimage"},"image":{"@id":"https:\/\/blogdofarnesio.com.br\/?p=301504#primaryimage"},"thumbnailUrl":"https:\/\/blogdofarnesio.com.br\/wp-content\/uploads\/2021\/01\/unnamed.jpg","datePublished":"2021-12-03T13:43:31+00:00","breadcrumb":{"@id":"https:\/\/blogdofarnesio.com.br\/?p=301504#breadcrumb"},"inLanguage":"pt-BR","potentialAction":[{"@type":"ReadAction","target":["https:\/\/blogdofarnesio.com.br\/?p=301504"]}]},{"@type":"ImageObject","inLanguage":"pt-BR","@id":"https:\/\/blogdofarnesio.com.br\/?p=301504#primaryimage","url":"https:\/\/blogdofarnesio.com.br\/wp-content\/uploads\/2021\/01\/unnamed.jpg","contentUrl":"https:\/\/blogdofarnesio.com.br\/wp-content\/uploads\/2021\/01\/unnamed.jpg","width":512,"height":320,"caption":"Sesi-Petrolina"},{"@type":"BreadcrumbList","@id":"https:\/\/blogdofarnesio.com.br\/?p=301504#breadcrumb","itemListElement":[{"@type":"ListItem","position":1,"name":"In\u00edcio","item":"https:\/\/blogdofarnesio.com.br\/"},{"@type":"ListItem","position":2,"name":"SESI-PE oferece 300 vagas para cursos gratuitos na \u00e1rea corporativa e de finan\u00e7as"}]},{"@type":"WebSite","@id":"https:\/\/blogdofarnesio.com.br\/#website","url":"https:\/\/blogdofarnesio.com.br\/","name":"Blog do Farn\u00e9sio","description":"Quer Saber Pol\u00edtica?","publisher":{"@id":"https:\/\/blogdofarnesio.com.br\/#organization"},"potentialAction":[{"@type":"SearchAction","target":{"@type":"EntryPoint","urlTemplate":"https:\/\/blogdofarnesio.com.br\/?s={search_term_string}"},"query-input":{"@type":"PropertyValueSpecification","valueRequired":true,"valueName":"search_term_string"}}],"inLanguage":"pt-BR"},{"@type":"Organization","@id":"https:\/\/blogdofarnesio.com.br\/#organization","name":"Blog do Farn\u00e9sio","url":"https:\/\/blogdofarnesio.com.br\/","logo":{"@type":"ImageObject","inLanguage":"pt-BR","@id":"https:\/\/blogdofarnesio.com.br\/#\/schema\/logo\/image\/","url":"https:\/\/blogdofarnesio.com.br\/wp-content\/uploads\/2026\/03\/cropped-logo_new-1.png","contentUrl":"https:\/\/blogdofarnesio.com.br\/wp-content\/uploads\/2026\/03\/cropped-logo_new-1.png","width":881,"height":685,"caption":"Blog do Farn\u00e9sio"},"image":{"@id":"https:\/\/blogdofarnesio.com.br\/#\/schema\/logo\/image\/"},"sameAs":["https:\/\/www.facebook.com\/BlogQuerSaberPolitica\/"]},{"@type":"Person","@id":"https:\/\/blogdofarnesio.com.br\/#\/schema\/person\/bb9b23ae3ad0609ce8df7b6c9e76824d","name":"Farn\u00e9sio","image":{"@type":"ImageObject","inLanguage":"pt-BR","@id":"https:\/\/secure.gravatar.com\/avatar\/986aa4c61ccdb66f8555bf88fc2a65609d00bcabd4d2d94377a727547345cbca?s=96&d=mm&r=g","url":"https:\/\/secure.gravatar.com\/avatar\/986aa4c61ccdb66f8555bf88fc2a65609d00bcabd4d2d94377a727547345cbca?s=96&d=mm&r=g","contentUrl":"https:\/\/secure.gravatar.com\/avatar\/986aa4c61ccdb66f8555bf88fc2a65609d00bcabd4d2d94377a727547345cbca?s=96&d=mm&r=g","caption":"Farn\u00e9sio"},"description":"Radialista blogueiro, chegou a Petrolina\/Juazeiro em setembro de 1980, Farn\u00e9sio Silva \u00e9 de Arapiraca-Alagoas.","sameAs":["http:\/\/blogdofarnesio.com.br","https:\/\/www.facebook.com\/?ref=tn_tnmn","https:\/\/www.instagram.com\/?utm_source=pwa_homescreen","https:\/\/youtube.com.br\/"],"url":"https:\/\/blogdofarnesio.com.br\/?author=2"}]}},"_links":{"self":[{"href":"https:\/\/blogdofarnesio.com.br\/index.php?rest_route=\/wp\/v2\/posts\/301504","targetHints":{"allow":["GET"]}}],"collection":[{"href":"https:\/\/blogdofarnesio.com.br\/index.php?rest_route=\/wp\/v2\/posts"}],"about":[{"href":"https:\/\/blogdofarnesio.com.br\/index.php?rest_route=\/wp\/v2\/types\/post"}],"author":[{"embeddable":true,"href":"https:\/\/blogdofarnesio.com.br\/index.php?rest_route=\/wp\/v2\/users\/2"}],"replies":[{"embeddable":true,"href":"https:\/\/blogdofarnesio.com.br\/index.php?rest_route=%2Fwp%2Fv2%2Fcomments&post=301504"}],"version-history":[{"count":0,"href":"https:\/\/blogdofarnesio.com.br\/index.php?rest_route=\/wp\/v2\/posts\/301504\/revisions"}],"wp:featuredmedia":[{"embeddable":true,"href":"https:\/\/blogdofarnesio.com.br\/index.php?rest_route=\/wp\/v2\/media\/275982"}],"wp:attachment":[{"href":"https:\/\/blogdofarnesio.com.br\/index.php?rest_route=%2Fwp%2Fv2%2Fmedia&parent=301504"}],"wp:term":[{"taxonomy":"category","embeddable":true,"href":"https:\/\/blogdofarnesio.com.br\/index.php?rest_route=%2Fwp%2Fv2%2Fcategories&post=301504"},{"taxonomy":"post_tag","embeddable":true,"href":"https:\/\/blogdofarnesio.com.br\/index.php?rest_route=%2Fwp%2Fv2%2Ftags&post=301504"}],"curies":[{"name":"wp","href":"https:\/\/api.w.org\/{rel}","templated":true}]}}