{"id":301238,"date":"2021-11-30T10:02:49","date_gmt":"2021-11-30T13:02:49","guid":{"rendered":"https:\/\/blogdofarnesio.com.br\/?p=301238"},"modified":"2021-11-29T19:56:35","modified_gmt":"2021-11-29T22:56:35","slug":"noivinha-do-aristides-bolsonaro-despontou-na-politica-com-artigo-motivado-pela-noticia-de-homossexualidade-na-aman","status":"publish","type":"post","link":"https:\/\/blogdofarnesio.com.br\/?p=301238","title":{"rendered":"&#8220;Noivinha do Aristides&#8221;: Bolsonaro despontou na pol\u00edtica com artigo motivado pela not\u00edcia de homossexualidade na Aman"},"content":{"rendered":"<div class=\"article__lead\">\n<p><b>Por Joaquim de Carvalho, 247<\/b> &#8211; A sexualidade de Jair Bolsonaro \u00e9 assunto da esfera privada, mas que se tornou p\u00fablico com a rea\u00e7\u00e3o dele \u00e0 mulher que foi presa por cham\u00e1-lo de Noivinha de Aristides. Este seria um sargento que dava aulas de jud\u00f4 na Academia Militar de Agulhas Negras (Aman) quando Bolsonaro era cadete. Se \u00e9 verdade que Bolsonaro tinha affair com o militar, de patente inferior, n\u00e3o importa.<\/p>\n<\/div>\n<div class=\"article__text marginTop30\">\n<p>A quest\u00e3o \u00e9 que a homossexualidade \u00e9 essencial para entender como Jair Bolsonaro entrou na pol\u00edtica. <img loading=\"lazy\" decoding=\"async\" src=\"https:\/\/track.mailerlite.com\/webforms\/o\/4533589\/q9s5r2?v1629209839\" alt=\".\" width=\"1\" height=\"1\" border=\"0\" \/><\/p>\n<p>Em 1986, ele se tornou conhecido nacionalmente por publicar artigo na revista Veja em resposta \u00e0 reportagem que apontava a debandada de militares que serviam na Aman por conta da homossexualidade.<\/p>\n<p>&#8220;H\u00e1 poucos dias, a imprensa divulgou o desligamento de dezenas de cadetes da Academia Militar de Agulhas Negras (Aman) por homossexualismo, consumo de drogas e uma suposta falta de voca\u00e7\u00e3o para a carreira militar&#8221;, escreveu.<\/p>\n<p>Ele destacou ainda:<\/p>\n<p>&#8220;Em nome da verdade, \u00e9 preciso esclarecer que, embora tenham ocorrido efetivamente casos residuais envolvendo a pr\u00e1tica de homossexualismo, consumo de drogas e mesmo indisciplina, o motivo \u00e9 outro. Mais de 90% das evas\u00f5es se deram devido \u00e0 crise financeira que assola a massa dos oficiais e sargentos do Ex\u00e9rcito&#8221;.<\/p>\n<p>Bolsonaro responsabilizou publicamente o ent\u00e3o ministro do Ex\u00e9rcito, Le\u00f4nidas Pires Gon\u00e7alves, pelos sal\u00e1rios supostamente baixos e, em raz\u00e3o disso, foi preso durante 15 dias por indisciplina.<\/p>\n<p>O caso conferiu a Bolsonaro a lideran\u00e7a entre os militares de patentes mais baixas. Ele se tornou \u00eddolo e, mais tarde, disse \u00e0 rep\u00f3rter C\u00e1ssia Maria, de Veja, que tinha plano para promover explos\u00f5es em banheiros da Aman e em outros alvos.<\/p>\n<p>A revista publicou at\u00e9 croqui que teria sido feito de pr\u00f3prio punho por Bolsonaro. Era off, mas a revista, em raz\u00e3o da gravidade das informa\u00e7\u00f5es, tornou o plano p\u00fablico.<\/p>\n<p>Bolsonaro foi submetido a um Conselho de Justifica\u00e7\u00e3o, que decidiu pela sua expuls\u00e3o do Ex\u00e9rcito, mas o Superior Tribunal Militar (STM), ignorando provas t\u00e9cnicas, o manteve na corpora\u00e7\u00e3o, por 8 votos a 4.<\/p>\n<p>Pouco depois, Bolsonaro pediu aposentadoria proporcional e entrou na pol\u00edtica como vereador eleito pelo Rio de Janeiro.<\/p>\n<p>Em 2011, em entrevista ao portal Terra, o coronel Jarbas Passarinho, que foi ministro durante a ditadura e no governo Collor, disse que Bolsonaro foi protegido por um general amigo dele no STM e acrescentou que, quando era candidato, Bolsonaro gostava &#8220;pernoitar no alojamento dos sargentos&#8221;. Ao dizer a frase, riu.<\/p>\n<p>Terra excluiu a entrevista do site, mas o<a href=\"https:\/\/oglobo.globo.com\/politica\/jarbas-passarinho-critica-posicoes-de-jair-bolsonaro-diz-que-nao-suporta-deputado-2802680\" target=\"_blank\" rel=\"noopener\">\u00a0Globo<\/a>\u00a0fez uma reportagem sobre a entrevista e mant\u00e9m o texto em seu arquivo.<\/p>\n<p>&#8220;Nem todos os militares est\u00e3o ligados a ele, mas como ele \u00e9 o \u00fanico que aparece falando&#8230; os militares, inclusive depois do meu sil\u00eancio por doen\u00e7a, perderam espa\u00e7o. Eu perdi meu espa\u00e7o no &#8220;Estado de S. Paulo&#8221;, no &#8220;JB&#8221; (Jornal do Brasil), que infelizmente faliu, no &#8220;Correio Braziliense&#8221;, no &#8220;Estado de Minas&#8221;. Ent\u00e3o, desapareceu essa voz que tinha uma penetra\u00e7\u00e3o na \u00e1rea mais nobre da m\u00eddia. Ele irrita muito os militares tamb\u00e9m, porque quando est\u00e1 em campanha, em vez de ele ir ao Clube Militar, como oficial, ele vai pernoitar no alojamento dos sargentos (risos)&#8221;, afirmou o Jarbas Passarinho, que foi coronel do Ex\u00e9rcito.<\/p>\n<\/div>\n","protected":false},"excerpt":{"rendered":"<p>Por Joaquim de Carvalho, 247 &#8211; A sexualidade de Jair Bolsonaro \u00e9 assunto da esfera privada, mas que se tornou p\u00fablico com a rea\u00e7\u00e3o dele \u00e0 mulher que foi presa por cham\u00e1-lo de Noivinha de Aristides. Este seria um sargento que dava aulas de jud\u00f4 na Academia Militar de Agulhas Negras (Aman) quando Bolsonaro era cadete. Se \u00e9 verdade que Bolsonaro tinha affair com o militar, de patente inferior, n\u00e3o importa. A quest\u00e3o \u00e9 que a homossexualidade \u00e9 essencial para entender como Jair Bolsonaro entrou na pol\u00edtica. Em 1986, ele se tornou conhecido nacionalmente por publicar artigo na revista Veja em resposta \u00e0 reportagem que apontava a debandada de militares que serviam na Aman por conta da homossexualidade. &#8220;H\u00e1 poucos&hellip; <\/p>\n","protected":false},"author":2,"featured_media":296940,"comment_status":"open","ping_status":"open","sticky":false,"template":"","format":"standard","meta":{"_acf_changed":false,"footnotes":""},"categories":[1],"tags":[],"class_list":["post-301238","post","type-post","status-publish","format-standard","has-post-thumbnail","hentry","category-politica"],"acf":[],"yoast_head":"<!-- This site is optimized with the Yoast SEO plugin v27.4 - https:\/\/yoast.com\/product\/yoast-seo-wordpress\/ -->\n<title>&quot;Noivinha do Aristides&quot;: Bolsonaro despontou na pol\u00edtica com artigo motivado pela not\u00edcia de homossexualidade na Aman - Blog do Farn\u00e9sio<\/title>\n<meta name=\"robots\" content=\"index, follow, max-snippet:-1, max-image-preview:large, max-video-preview:-1\" \/>\n<link rel=\"canonical\" href=\"https:\/\/blogdofarnesio.com.br\/?p=301238\" \/>\n<meta property=\"og:locale\" content=\"pt_BR\" \/>\n<meta property=\"og:type\" content=\"article\" \/>\n<meta property=\"og:title\" content=\"&quot;Noivinha do Aristides&quot;: Bolsonaro despontou na pol\u00edtica com artigo motivado pela not\u00edcia de homossexualidade na Aman - Blog do Farn\u00e9sio\" \/>\n<meta property=\"og:description\" content=\"Por Joaquim de Carvalho, 247 &#8211; A sexualidade de Jair Bolsonaro \u00e9 assunto da esfera privada, mas que se tornou p\u00fablico com a rea\u00e7\u00e3o dele \u00e0 mulher que foi presa por cham\u00e1-lo de Noivinha de Aristides. Este seria um sargento que dava aulas de jud\u00f4 na Academia Militar de Agulhas Negras (Aman) quando Bolsonaro era cadete. Se \u00e9 verdade que Bolsonaro tinha affair com o militar, de patente inferior, n\u00e3o importa. A quest\u00e3o \u00e9 que a homossexualidade \u00e9 essencial para entender como Jair Bolsonaro entrou na pol\u00edtica. Em 1986, ele se tornou conhecido nacionalmente por publicar artigo na revista Veja em resposta \u00e0 reportagem que apontava a debandada de militares que serviam na Aman por conta da homossexualidade. &#8220;H\u00e1 poucos&hellip;\" \/>\n<meta property=\"og:url\" content=\"https:\/\/blogdofarnesio.com.br\/?p=301238\" \/>\n<meta property=\"og:site_name\" content=\"Blog do Farn\u00e9sio\" \/>\n<meta property=\"article:publisher\" content=\"https:\/\/www.facebook.com\/BlogQuerSaberPolitica\/\" \/>\n<meta property=\"article:author\" content=\"https:\/\/www.facebook.com\/?ref=tn_tnmn\" \/>\n<meta property=\"article:published_time\" content=\"2021-11-30T13:02:49+00:00\" \/>\n<meta property=\"og:image\" content=\"https:\/\/blogdofarnesio.com.br\/wp-content\/uploads\/2021\/10\/blogqspbolsonaro-vergonha.jpg\" \/>\n\t<meta property=\"og:image:width\" content=\"832\" \/>\n\t<meta property=\"og:image:height\" content=\"555\" \/>\n\t<meta property=\"og:image:type\" content=\"image\/jpeg\" \/>\n<meta name=\"author\" content=\"Farn\u00e9sio\" \/>\n<meta name=\"twitter:card\" content=\"summary_large_image\" \/>\n<meta name=\"twitter:label1\" content=\"Escrito por\" \/>\n\t<meta name=\"twitter:data1\" content=\"Farn\u00e9sio\" \/>\n\t<meta name=\"twitter:label2\" content=\"Est. tempo de leitura\" \/>\n\t<meta name=\"twitter:data2\" content=\"3 minutos\" \/>\n<script type=\"application\/ld+json\" class=\"yoast-schema-graph\">{\"@context\":\"https:\\\/\\\/schema.org\",\"@graph\":[{\"@type\":\"Article\",\"@id\":\"https:\\\/\\\/blogdofarnesio.com.br\\\/?p=301238#article\",\"isPartOf\":{\"@id\":\"https:\\\/\\\/blogdofarnesio.com.br\\\/?p=301238\"},\"author\":{\"name\":\"Farn\u00e9sio\",\"@id\":\"https:\\\/\\\/blogdofarnesio.com.br\\\/#\\\/schema\\\/person\\\/bb9b23ae3ad0609ce8df7b6c9e76824d\"},\"headline\":\"&#8220;Noivinha do Aristides&#8221;: Bolsonaro despontou na pol\u00edtica com artigo motivado pela not\u00edcia de homossexualidade na Aman\",\"datePublished\":\"2021-11-30T13:02:49+00:00\",\"mainEntityOfPage\":{\"@id\":\"https:\\\/\\\/blogdofarnesio.com.br\\\/?p=301238\"},\"wordCount\":571,\"commentCount\":0,\"publisher\":{\"@id\":\"https:\\\/\\\/blogdofarnesio.com.br\\\/#organization\"},\"image\":{\"@id\":\"https:\\\/\\\/blogdofarnesio.com.br\\\/?p=301238#primaryimage\"},\"thumbnailUrl\":\"https:\\\/\\\/blogdofarnesio.com.br\\\/wp-content\\\/uploads\\\/2021\\\/10\\\/blogqspbolsonaro-vergonha.jpg\",\"articleSection\":[\"Pol\u00edtica\"],\"inLanguage\":\"pt-BR\",\"potentialAction\":[{\"@type\":\"CommentAction\",\"name\":\"Comment\",\"target\":[\"https:\\\/\\\/blogdofarnesio.com.br\\\/?p=301238#respond\"]}]},{\"@type\":\"WebPage\",\"@id\":\"https:\\\/\\\/blogdofarnesio.com.br\\\/?p=301238\",\"url\":\"https:\\\/\\\/blogdofarnesio.com.br\\\/?p=301238\",\"name\":\"\\\"Noivinha do Aristides\\\": Bolsonaro despontou na pol\u00edtica com artigo motivado pela not\u00edcia de homossexualidade na Aman - Blog do Farn\u00e9sio\",\"isPartOf\":{\"@id\":\"https:\\\/\\\/blogdofarnesio.com.br\\\/#website\"},\"primaryImageOfPage\":{\"@id\":\"https:\\\/\\\/blogdofarnesio.com.br\\\/?p=301238#primaryimage\"},\"image\":{\"@id\":\"https:\\\/\\\/blogdofarnesio.com.br\\\/?p=301238#primaryimage\"},\"thumbnailUrl\":\"https:\\\/\\\/blogdofarnesio.com.br\\\/wp-content\\\/uploads\\\/2021\\\/10\\\/blogqspbolsonaro-vergonha.jpg\",\"datePublished\":\"2021-11-30T13:02:49+00:00\",\"breadcrumb\":{\"@id\":\"https:\\\/\\\/blogdofarnesio.com.br\\\/?p=301238#breadcrumb\"},\"inLanguage\":\"pt-BR\",\"potentialAction\":[{\"@type\":\"ReadAction\",\"target\":[\"https:\\\/\\\/blogdofarnesio.com.br\\\/?p=301238\"]}]},{\"@type\":\"ImageObject\",\"inLanguage\":\"pt-BR\",\"@id\":\"https:\\\/\\\/blogdofarnesio.com.br\\\/?p=301238#primaryimage\",\"url\":\"https:\\\/\\\/blogdofarnesio.com.br\\\/wp-content\\\/uploads\\\/2021\\\/10\\\/blogqspbolsonaro-vergonha.jpg\",\"contentUrl\":\"https:\\\/\\\/blogdofarnesio.com.br\\\/wp-content\\\/uploads\\\/2021\\\/10\\\/blogqspbolsonaro-vergonha.jpg\",\"width\":832,\"height\":555,\"caption\":\"ILustra\u00e7\u00e3o\"},{\"@type\":\"BreadcrumbList\",\"@id\":\"https:\\\/\\\/blogdofarnesio.com.br\\\/?p=301238#breadcrumb\",\"itemListElement\":[{\"@type\":\"ListItem\",\"position\":1,\"name\":\"In\u00edcio\",\"item\":\"https:\\\/\\\/blogdofarnesio.com.br\\\/\"},{\"@type\":\"ListItem\",\"position\":2,\"name\":\"&#8220;Noivinha do Aristides&#8221;: Bolsonaro despontou na pol\u00edtica com artigo motivado pela not\u00edcia de homossexualidade na Aman\"}]},{\"@type\":\"WebSite\",\"@id\":\"https:\\\/\\\/blogdofarnesio.com.br\\\/#website\",\"url\":\"https:\\\/\\\/blogdofarnesio.com.br\\\/\",\"name\":\"Blog do Farn\u00e9sio\",\"description\":\"Quer Saber Pol\u00edtica?\",\"publisher\":{\"@id\":\"https:\\\/\\\/blogdofarnesio.com.br\\\/#organization\"},\"potentialAction\":[{\"@type\":\"SearchAction\",\"target\":{\"@type\":\"EntryPoint\",\"urlTemplate\":\"https:\\\/\\\/blogdofarnesio.com.br\\\/?s={search_term_string}\"},\"query-input\":{\"@type\":\"PropertyValueSpecification\",\"valueRequired\":true,\"valueName\":\"search_term_string\"}}],\"inLanguage\":\"pt-BR\"},{\"@type\":\"Organization\",\"@id\":\"https:\\\/\\\/blogdofarnesio.com.br\\\/#organization\",\"name\":\"Blog do Farn\u00e9sio\",\"url\":\"https:\\\/\\\/blogdofarnesio.com.br\\\/\",\"logo\":{\"@type\":\"ImageObject\",\"inLanguage\":\"pt-BR\",\"@id\":\"https:\\\/\\\/blogdofarnesio.com.br\\\/#\\\/schema\\\/logo\\\/image\\\/\",\"url\":\"https:\\\/\\\/blogdofarnesio.com.br\\\/wp-content\\\/uploads\\\/2026\\\/03\\\/cropped-logo_new-1.png\",\"contentUrl\":\"https:\\\/\\\/blogdofarnesio.com.br\\\/wp-content\\\/uploads\\\/2026\\\/03\\\/cropped-logo_new-1.png\",\"width\":881,\"height\":685,\"caption\":\"Blog do Farn\u00e9sio\"},\"image\":{\"@id\":\"https:\\\/\\\/blogdofarnesio.com.br\\\/#\\\/schema\\\/logo\\\/image\\\/\"},\"sameAs\":[\"https:\\\/\\\/www.facebook.com\\\/BlogQuerSaberPolitica\\\/\"]},{\"@type\":\"Person\",\"@id\":\"https:\\\/\\\/blogdofarnesio.com.br\\\/#\\\/schema\\\/person\\\/bb9b23ae3ad0609ce8df7b6c9e76824d\",\"name\":\"Farn\u00e9sio\",\"image\":{\"@type\":\"ImageObject\",\"inLanguage\":\"pt-BR\",\"@id\":\"https:\\\/\\\/secure.gravatar.com\\\/avatar\\\/986aa4c61ccdb66f8555bf88fc2a65609d00bcabd4d2d94377a727547345cbca?s=96&d=mm&r=g\",\"url\":\"https:\\\/\\\/secure.gravatar.com\\\/avatar\\\/986aa4c61ccdb66f8555bf88fc2a65609d00bcabd4d2d94377a727547345cbca?s=96&d=mm&r=g\",\"contentUrl\":\"https:\\\/\\\/secure.gravatar.com\\\/avatar\\\/986aa4c61ccdb66f8555bf88fc2a65609d00bcabd4d2d94377a727547345cbca?s=96&d=mm&r=g\",\"caption\":\"Farn\u00e9sio\"},\"description\":\"Radialista blogueiro, chegou a Petrolina\\\/Juazeiro em setembro de 1980, Farn\u00e9sio Silva \u00e9 de Arapiraca-Alagoas.\",\"sameAs\":[\"http:\\\/\\\/blogdofarnesio.com.br\",\"https:\\\/\\\/www.facebook.com\\\/?ref=tn_tnmn\",\"https:\\\/\\\/www.instagram.com\\\/?utm_source=pwa_homescreen\",\"https:\\\/\\\/youtube.com.br\\\/\"],\"url\":\"https:\\\/\\\/blogdofarnesio.com.br\\\/?author=2\"}]}<\/script>\n<!-- \/ Yoast SEO plugin. -->","yoast_head_json":{"title":"\"Noivinha do Aristides\": Bolsonaro despontou na pol\u00edtica com artigo motivado pela not\u00edcia de homossexualidade na Aman - Blog do Farn\u00e9sio","robots":{"index":"index","follow":"follow","max-snippet":"max-snippet:-1","max-image-preview":"max-image-preview:large","max-video-preview":"max-video-preview:-1"},"canonical":"https:\/\/blogdofarnesio.com.br\/?p=301238","og_locale":"pt_BR","og_type":"article","og_title":"\"Noivinha do Aristides\": Bolsonaro despontou na pol\u00edtica com artigo motivado pela not\u00edcia de homossexualidade na Aman - Blog do Farn\u00e9sio","og_description":"Por Joaquim de Carvalho, 247 &#8211; A sexualidade de Jair Bolsonaro \u00e9 assunto da esfera privada, mas que se tornou p\u00fablico com a rea\u00e7\u00e3o dele \u00e0 mulher que foi presa por cham\u00e1-lo de Noivinha de Aristides. Este seria um sargento que dava aulas de jud\u00f4 na Academia Militar de Agulhas Negras (Aman) quando Bolsonaro era cadete. Se \u00e9 verdade que Bolsonaro tinha affair com o militar, de patente inferior, n\u00e3o importa. A quest\u00e3o \u00e9 que a homossexualidade \u00e9 essencial para entender como Jair Bolsonaro entrou na pol\u00edtica. Em 1986, ele se tornou conhecido nacionalmente por publicar artigo na revista Veja em resposta \u00e0 reportagem que apontava a debandada de militares que serviam na Aman por conta da homossexualidade. &#8220;H\u00e1 poucos&hellip;","og_url":"https:\/\/blogdofarnesio.com.br\/?p=301238","og_site_name":"Blog do Farn\u00e9sio","article_publisher":"https:\/\/www.facebook.com\/BlogQuerSaberPolitica\/","article_author":"https:\/\/www.facebook.com\/?ref=tn_tnmn","article_published_time":"2021-11-30T13:02:49+00:00","og_image":[{"width":832,"height":555,"url":"https:\/\/blogdofarnesio.com.br\/wp-content\/uploads\/2021\/10\/blogqspbolsonaro-vergonha.jpg","type":"image\/jpeg"}],"author":"Farn\u00e9sio","twitter_card":"summary_large_image","twitter_misc":{"Escrito por":"Farn\u00e9sio","Est. tempo de leitura":"3 minutos"},"schema":{"@context":"https:\/\/schema.org","@graph":[{"@type":"Article","@id":"https:\/\/blogdofarnesio.com.br\/?p=301238#article","isPartOf":{"@id":"https:\/\/blogdofarnesio.com.br\/?p=301238"},"author":{"name":"Farn\u00e9sio","@id":"https:\/\/blogdofarnesio.com.br\/#\/schema\/person\/bb9b23ae3ad0609ce8df7b6c9e76824d"},"headline":"&#8220;Noivinha do Aristides&#8221;: Bolsonaro despontou na pol\u00edtica com artigo motivado pela not\u00edcia de homossexualidade na Aman","datePublished":"2021-11-30T13:02:49+00:00","mainEntityOfPage":{"@id":"https:\/\/blogdofarnesio.com.br\/?p=301238"},"wordCount":571,"commentCount":0,"publisher":{"@id":"https:\/\/blogdofarnesio.com.br\/#organization"},"image":{"@id":"https:\/\/blogdofarnesio.com.br\/?p=301238#primaryimage"},"thumbnailUrl":"https:\/\/blogdofarnesio.com.br\/wp-content\/uploads\/2021\/10\/blogqspbolsonaro-vergonha.jpg","articleSection":["Pol\u00edtica"],"inLanguage":"pt-BR","potentialAction":[{"@type":"CommentAction","name":"Comment","target":["https:\/\/blogdofarnesio.com.br\/?p=301238#respond"]}]},{"@type":"WebPage","@id":"https:\/\/blogdofarnesio.com.br\/?p=301238","url":"https:\/\/blogdofarnesio.com.br\/?p=301238","name":"\"Noivinha do Aristides\": Bolsonaro despontou na pol\u00edtica com artigo motivado pela not\u00edcia de homossexualidade na Aman - Blog do Farn\u00e9sio","isPartOf":{"@id":"https:\/\/blogdofarnesio.com.br\/#website"},"primaryImageOfPage":{"@id":"https:\/\/blogdofarnesio.com.br\/?p=301238#primaryimage"},"image":{"@id":"https:\/\/blogdofarnesio.com.br\/?p=301238#primaryimage"},"thumbnailUrl":"https:\/\/blogdofarnesio.com.br\/wp-content\/uploads\/2021\/10\/blogqspbolsonaro-vergonha.jpg","datePublished":"2021-11-30T13:02:49+00:00","breadcrumb":{"@id":"https:\/\/blogdofarnesio.com.br\/?p=301238#breadcrumb"},"inLanguage":"pt-BR","potentialAction":[{"@type":"ReadAction","target":["https:\/\/blogdofarnesio.com.br\/?p=301238"]}]},{"@type":"ImageObject","inLanguage":"pt-BR","@id":"https:\/\/blogdofarnesio.com.br\/?p=301238#primaryimage","url":"https:\/\/blogdofarnesio.com.br\/wp-content\/uploads\/2021\/10\/blogqspbolsonaro-vergonha.jpg","contentUrl":"https:\/\/blogdofarnesio.com.br\/wp-content\/uploads\/2021\/10\/blogqspbolsonaro-vergonha.jpg","width":832,"height":555,"caption":"ILustra\u00e7\u00e3o"},{"@type":"BreadcrumbList","@id":"https:\/\/blogdofarnesio.com.br\/?p=301238#breadcrumb","itemListElement":[{"@type":"ListItem","position":1,"name":"In\u00edcio","item":"https:\/\/blogdofarnesio.com.br\/"},{"@type":"ListItem","position":2,"name":"&#8220;Noivinha do Aristides&#8221;: Bolsonaro despontou na pol\u00edtica com artigo motivado pela not\u00edcia de homossexualidade na Aman"}]},{"@type":"WebSite","@id":"https:\/\/blogdofarnesio.com.br\/#website","url":"https:\/\/blogdofarnesio.com.br\/","name":"Blog do Farn\u00e9sio","description":"Quer Saber Pol\u00edtica?","publisher":{"@id":"https:\/\/blogdofarnesio.com.br\/#organization"},"potentialAction":[{"@type":"SearchAction","target":{"@type":"EntryPoint","urlTemplate":"https:\/\/blogdofarnesio.com.br\/?s={search_term_string}"},"query-input":{"@type":"PropertyValueSpecification","valueRequired":true,"valueName":"search_term_string"}}],"inLanguage":"pt-BR"},{"@type":"Organization","@id":"https:\/\/blogdofarnesio.com.br\/#organization","name":"Blog do Farn\u00e9sio","url":"https:\/\/blogdofarnesio.com.br\/","logo":{"@type":"ImageObject","inLanguage":"pt-BR","@id":"https:\/\/blogdofarnesio.com.br\/#\/schema\/logo\/image\/","url":"https:\/\/blogdofarnesio.com.br\/wp-content\/uploads\/2026\/03\/cropped-logo_new-1.png","contentUrl":"https:\/\/blogdofarnesio.com.br\/wp-content\/uploads\/2026\/03\/cropped-logo_new-1.png","width":881,"height":685,"caption":"Blog do Farn\u00e9sio"},"image":{"@id":"https:\/\/blogdofarnesio.com.br\/#\/schema\/logo\/image\/"},"sameAs":["https:\/\/www.facebook.com\/BlogQuerSaberPolitica\/"]},{"@type":"Person","@id":"https:\/\/blogdofarnesio.com.br\/#\/schema\/person\/bb9b23ae3ad0609ce8df7b6c9e76824d","name":"Farn\u00e9sio","image":{"@type":"ImageObject","inLanguage":"pt-BR","@id":"https:\/\/secure.gravatar.com\/avatar\/986aa4c61ccdb66f8555bf88fc2a65609d00bcabd4d2d94377a727547345cbca?s=96&d=mm&r=g","url":"https:\/\/secure.gravatar.com\/avatar\/986aa4c61ccdb66f8555bf88fc2a65609d00bcabd4d2d94377a727547345cbca?s=96&d=mm&r=g","contentUrl":"https:\/\/secure.gravatar.com\/avatar\/986aa4c61ccdb66f8555bf88fc2a65609d00bcabd4d2d94377a727547345cbca?s=96&d=mm&r=g","caption":"Farn\u00e9sio"},"description":"Radialista blogueiro, chegou a Petrolina\/Juazeiro em setembro de 1980, Farn\u00e9sio Silva \u00e9 de Arapiraca-Alagoas.","sameAs":["http:\/\/blogdofarnesio.com.br","https:\/\/www.facebook.com\/?ref=tn_tnmn","https:\/\/www.instagram.com\/?utm_source=pwa_homescreen","https:\/\/youtube.com.br\/"],"url":"https:\/\/blogdofarnesio.com.br\/?author=2"}]}},"_links":{"self":[{"href":"https:\/\/blogdofarnesio.com.br\/index.php?rest_route=\/wp\/v2\/posts\/301238","targetHints":{"allow":["GET"]}}],"collection":[{"href":"https:\/\/blogdofarnesio.com.br\/index.php?rest_route=\/wp\/v2\/posts"}],"about":[{"href":"https:\/\/blogdofarnesio.com.br\/index.php?rest_route=\/wp\/v2\/types\/post"}],"author":[{"embeddable":true,"href":"https:\/\/blogdofarnesio.com.br\/index.php?rest_route=\/wp\/v2\/users\/2"}],"replies":[{"embeddable":true,"href":"https:\/\/blogdofarnesio.com.br\/index.php?rest_route=%2Fwp%2Fv2%2Fcomments&post=301238"}],"version-history":[{"count":0,"href":"https:\/\/blogdofarnesio.com.br\/index.php?rest_route=\/wp\/v2\/posts\/301238\/revisions"}],"wp:featuredmedia":[{"embeddable":true,"href":"https:\/\/blogdofarnesio.com.br\/index.php?rest_route=\/wp\/v2\/media\/296940"}],"wp:attachment":[{"href":"https:\/\/blogdofarnesio.com.br\/index.php?rest_route=%2Fwp%2Fv2%2Fmedia&parent=301238"}],"wp:term":[{"taxonomy":"category","embeddable":true,"href":"https:\/\/blogdofarnesio.com.br\/index.php?rest_route=%2Fwp%2Fv2%2Fcategories&post=301238"},{"taxonomy":"post_tag","embeddable":true,"href":"https:\/\/blogdofarnesio.com.br\/index.php?rest_route=%2Fwp%2Fv2%2Ftags&post=301238"}],"curies":[{"name":"wp","href":"https:\/\/api.w.org\/{rel}","templated":true}]}}