{"id":301225,"date":"2021-11-30T10:23:44","date_gmt":"2021-11-30T13:23:44","guid":{"rendered":"https:\/\/blogdofarnesio.com.br\/?p=301225"},"modified":"2021-11-30T08:14:17","modified_gmt":"2021-11-30T11:14:17","slug":"prefeitura-de-petrolina-orienta-populacao-sobre-pagamentos-do-auxilio-brasil","status":"publish","type":"post","link":"https:\/\/blogdofarnesio.com.br\/?p=301225","title":{"rendered":"Prefeitura de Petrolina orienta popula\u00e7\u00e3o sobre pagamentos do Aux\u00edlio Brasil"},"content":{"rendered":"<p>Assim como milh\u00f5es de brasileiros, muitos petrolinenses ainda est\u00e3o com d\u00favidas acerca do \u2018Aux\u00edlio Brasil\u2019 que come\u00e7ou a ser pago neste m\u00eas. As datas est\u00e3o seguindo o modelo do Bolsa Fam\u00edlia, que pagava aos benefici\u00e1rios nos dez \u00faltimos dias \u00fateis do m\u00eas, com base no d\u00edgito final do N\u00famero de Inscri\u00e7\u00e3o Social (NIS).<\/p>\n<p>Assim como no Bolsa Fam\u00edlia e no aux\u00edlio emergencial, o pagamento ser\u00e1 feito pela Caixa Econ\u00f4mica Federal. Quem estava recebendo o Bolsa Fam\u00edlia at\u00e9 o m\u00eas de outubro de 2021 n\u00e3o precisa agendar para ir aos centros de Refer\u00eancia de Assist\u00eancia Social (Cras) ou Casa Bolsa para atualizar o Cadastro \u00danico, uma vez que, o Aux\u00edlio Brasil usar\u00e1 a mesma base de dados do antigo programa social.<\/p>\n<p>Os agendamentos devem ser feitos apenas nos casos em que o usu\u00e1rio estiver h\u00e1 mais de dois anos sem atualizar informa\u00e7\u00f5es, como mudan\u00e7as na fam\u00edlia e na documenta\u00e7\u00e3o do respons\u00e1vel ou em caso de novos cadastros. O agendamento na Casa Bolsa deve ser feito, preferencialmente, pelo site\u00a0<a href=\"http:\/\/agendasocial.petrolina.pe.gov.br\/\" data-saferedirecturl=\"https:\/\/www.google.com\/url?hl=pt-BR&amp;q=http:\/\/agendasocial.petrolina.pe.gov.br&amp;source=gmail&amp;ust=1638304714604000&amp;usg=AOvVaw1JID4ZhS3FWO6UZfWRHEpg\">http:\/\/agendasocial.petrolina.pe.gov.br<\/a>\u00a0\u00e0s ter\u00e7as e quintas, quando s\u00e3o disponibilizadas novas vagas. Ele tamb\u00e9m pode ser feito pelo telefone (87) 3863-6871 das 7h30 \u00e0s 16h30.<\/p>\n<p>O benefici\u00e1rio poder\u00e1 consultar informa\u00e7\u00f5es sobre as datas de pagamento, o valor do benef\u00edcio e a composi\u00e7\u00e3o das parcelas em dois aplicativos: o novo aplicativo Aux\u00edlio Brasil, desenvolvido para o programa social e o aplicativo Caixa Tem, usado para acompanhar as contas poupan\u00e7a digitais do banco e nos canais do Governo Federal 0800 707 2003 ou 121.<\/p>\n<p>Magn\u00f3lia Costa &#8211; Assessora de comunica\u00e7\u00e3<\/p>\n","protected":false},"excerpt":{"rendered":"<p>Assim como milh\u00f5es de brasileiros, muitos petrolinenses ainda est\u00e3o com d\u00favidas acerca do \u2018Aux\u00edlio Brasil\u2019 que come\u00e7ou a ser pago neste m\u00eas. As datas est\u00e3o seguindo o modelo do Bolsa Fam\u00edlia, que pagava aos benefici\u00e1rios nos dez \u00faltimos dias \u00fateis do m\u00eas, com base no d\u00edgito final do N\u00famero de Inscri\u00e7\u00e3o Social (NIS). Assim como no Bolsa Fam\u00edlia e no aux\u00edlio emergencial, o pagamento ser\u00e1 feito pela Caixa Econ\u00f4mica Federal. Quem estava recebendo o Bolsa Fam\u00edlia at\u00e9 o m\u00eas de outubro de 2021 n\u00e3o precisa agendar para ir aos centros de Refer\u00eancia de Assist\u00eancia Social (Cras) ou Casa Bolsa para atualizar o Cadastro \u00danico, uma vez que, o Aux\u00edlio Brasil usar\u00e1 a mesma base de dados do antigo programa social.&hellip; <\/p>\n","protected":false},"author":2,"featured_media":298049,"comment_status":"open","ping_status":"open","sticky":false,"template":"","format":"standard","meta":{"_acf_changed":false,"footnotes":""},"categories":[22],"tags":[],"class_list":["post-301225","post","type-post","status-publish","format-standard","has-post-thumbnail","hentry","category-acao-social"],"acf":[],"yoast_head":"<!-- This site is optimized with the Yoast SEO plugin v27.4 - https:\/\/yoast.com\/product\/yoast-seo-wordpress\/ -->\n<title>Prefeitura de Petrolina orienta popula\u00e7\u00e3o sobre pagamentos do Aux\u00edlio Brasil - Blog do Farn\u00e9sio<\/title>\n<meta name=\"robots\" content=\"index, follow, max-snippet:-1, max-image-preview:large, max-video-preview:-1\" \/>\n<link rel=\"canonical\" href=\"https:\/\/blogdofarnesio.com.br\/?p=301225\" \/>\n<meta property=\"og:locale\" content=\"pt_BR\" \/>\n<meta property=\"og:type\" content=\"article\" \/>\n<meta property=\"og:title\" content=\"Prefeitura de Petrolina orienta popula\u00e7\u00e3o sobre pagamentos do Aux\u00edlio Brasil - Blog do Farn\u00e9sio\" \/>\n<meta property=\"og:description\" content=\"Assim como milh\u00f5es de brasileiros, muitos petrolinenses ainda est\u00e3o com d\u00favidas acerca do \u2018Aux\u00edlio Brasil\u2019 que come\u00e7ou a ser pago neste m\u00eas. As datas est\u00e3o seguindo o modelo do Bolsa Fam\u00edlia, que pagava aos benefici\u00e1rios nos dez \u00faltimos dias \u00fateis do m\u00eas, com base no d\u00edgito final do N\u00famero de Inscri\u00e7\u00e3o Social (NIS). Assim como no Bolsa Fam\u00edlia e no aux\u00edlio emergencial, o pagamento ser\u00e1 feito pela Caixa Econ\u00f4mica Federal. Quem estava recebendo o Bolsa Fam\u00edlia at\u00e9 o m\u00eas de outubro de 2021 n\u00e3o precisa agendar para ir aos centros de Refer\u00eancia de Assist\u00eancia Social (Cras) ou Casa Bolsa para atualizar o Cadastro \u00danico, uma vez que, o Aux\u00edlio Brasil usar\u00e1 a mesma base de dados do antigo programa social.&hellip;\" \/>\n<meta property=\"og:url\" content=\"https:\/\/blogdofarnesio.com.br\/?p=301225\" \/>\n<meta property=\"og:site_name\" content=\"Blog do Farn\u00e9sio\" \/>\n<meta property=\"article:publisher\" content=\"https:\/\/www.facebook.com\/BlogQuerSaberPolitica\/\" \/>\n<meta property=\"article:author\" content=\"https:\/\/www.facebook.com\/?ref=tn_tnmn\" \/>\n<meta property=\"article:published_time\" content=\"2021-11-30T13:23:44+00:00\" \/>\n<meta property=\"og:image\" content=\"https:\/\/blogdofarnesio.com.br\/wp-content\/uploads\/2021\/10\/blogqspAUXILIO-BRASIL-e1636561636443.png\" \/>\n\t<meta property=\"og:image:width\" content=\"650\" \/>\n\t<meta property=\"og:image:height\" content=\"366\" \/>\n\t<meta property=\"og:image:type\" content=\"image\/png\" \/>\n<meta name=\"author\" content=\"Farn\u00e9sio\" \/>\n<meta name=\"twitter:card\" content=\"summary_large_image\" \/>\n<meta name=\"twitter:label1\" content=\"Escrito por\" \/>\n\t<meta name=\"twitter:data1\" content=\"Farn\u00e9sio\" \/>\n\t<meta name=\"twitter:label2\" content=\"Est. tempo de leitura\" \/>\n\t<meta name=\"twitter:data2\" content=\"2 minutos\" \/>\n<script type=\"application\/ld+json\" class=\"yoast-schema-graph\">{\"@context\":\"https:\\\/\\\/schema.org\",\"@graph\":[{\"@type\":\"Article\",\"@id\":\"https:\\\/\\\/blogdofarnesio.com.br\\\/?p=301225#article\",\"isPartOf\":{\"@id\":\"https:\\\/\\\/blogdofarnesio.com.br\\\/?p=301225\"},\"author\":{\"name\":\"Farn\u00e9sio\",\"@id\":\"https:\\\/\\\/blogdofarnesio.com.br\\\/#\\\/schema\\\/person\\\/bb9b23ae3ad0609ce8df7b6c9e76824d\"},\"headline\":\"Prefeitura de Petrolina orienta popula\u00e7\u00e3o sobre pagamentos do Aux\u00edlio Brasil\",\"datePublished\":\"2021-11-30T13:23:44+00:00\",\"mainEntityOfPage\":{\"@id\":\"https:\\\/\\\/blogdofarnesio.com.br\\\/?p=301225\"},\"wordCount\":302,\"commentCount\":0,\"publisher\":{\"@id\":\"https:\\\/\\\/blogdofarnesio.com.br\\\/#organization\"},\"image\":{\"@id\":\"https:\\\/\\\/blogdofarnesio.com.br\\\/?p=301225#primaryimage\"},\"thumbnailUrl\":\"https:\\\/\\\/blogdofarnesio.com.br\\\/wp-content\\\/uploads\\\/2021\\\/10\\\/blogqspAUXILIO-BRASIL-e1636561636443.png\",\"articleSection\":[\"A\u00e7\u00e3o Social\"],\"inLanguage\":\"pt-BR\",\"potentialAction\":[{\"@type\":\"CommentAction\",\"name\":\"Comment\",\"target\":[\"https:\\\/\\\/blogdofarnesio.com.br\\\/?p=301225#respond\"]}]},{\"@type\":\"WebPage\",\"@id\":\"https:\\\/\\\/blogdofarnesio.com.br\\\/?p=301225\",\"url\":\"https:\\\/\\\/blogdofarnesio.com.br\\\/?p=301225\",\"name\":\"Prefeitura de Petrolina orienta popula\u00e7\u00e3o sobre pagamentos do Aux\u00edlio Brasil - Blog do Farn\u00e9sio\",\"isPartOf\":{\"@id\":\"https:\\\/\\\/blogdofarnesio.com.br\\\/#website\"},\"primaryImageOfPage\":{\"@id\":\"https:\\\/\\\/blogdofarnesio.com.br\\\/?p=301225#primaryimage\"},\"image\":{\"@id\":\"https:\\\/\\\/blogdofarnesio.com.br\\\/?p=301225#primaryimage\"},\"thumbnailUrl\":\"https:\\\/\\\/blogdofarnesio.com.br\\\/wp-content\\\/uploads\\\/2021\\\/10\\\/blogqspAUXILIO-BRASIL-e1636561636443.png\",\"datePublished\":\"2021-11-30T13:23:44+00:00\",\"breadcrumb\":{\"@id\":\"https:\\\/\\\/blogdofarnesio.com.br\\\/?p=301225#breadcrumb\"},\"inLanguage\":\"pt-BR\",\"potentialAction\":[{\"@type\":\"ReadAction\",\"target\":[\"https:\\\/\\\/blogdofarnesio.com.br\\\/?p=301225\"]}]},{\"@type\":\"ImageObject\",\"inLanguage\":\"pt-BR\",\"@id\":\"https:\\\/\\\/blogdofarnesio.com.br\\\/?p=301225#primaryimage\",\"url\":\"https:\\\/\\\/blogdofarnesio.com.br\\\/wp-content\\\/uploads\\\/2021\\\/10\\\/blogqspAUXILIO-BRASIL-e1636561636443.png\",\"contentUrl\":\"https:\\\/\\\/blogdofarnesio.com.br\\\/wp-content\\\/uploads\\\/2021\\\/10\\\/blogqspAUXILIO-BRASIL-e1636561636443.png\",\"width\":650,\"height\":366},{\"@type\":\"BreadcrumbList\",\"@id\":\"https:\\\/\\\/blogdofarnesio.com.br\\\/?p=301225#breadcrumb\",\"itemListElement\":[{\"@type\":\"ListItem\",\"position\":1,\"name\":\"In\u00edcio\",\"item\":\"https:\\\/\\\/blogdofarnesio.com.br\\\/\"},{\"@type\":\"ListItem\",\"position\":2,\"name\":\"Prefeitura de Petrolina orienta popula\u00e7\u00e3o sobre pagamentos do Aux\u00edlio Brasil\"}]},{\"@type\":\"WebSite\",\"@id\":\"https:\\\/\\\/blogdofarnesio.com.br\\\/#website\",\"url\":\"https:\\\/\\\/blogdofarnesio.com.br\\\/\",\"name\":\"Blog do Farn\u00e9sio\",\"description\":\"Quer Saber Pol\u00edtica?\",\"publisher\":{\"@id\":\"https:\\\/\\\/blogdofarnesio.com.br\\\/#organization\"},\"potentialAction\":[{\"@type\":\"SearchAction\",\"target\":{\"@type\":\"EntryPoint\",\"urlTemplate\":\"https:\\\/\\\/blogdofarnesio.com.br\\\/?s={search_term_string}\"},\"query-input\":{\"@type\":\"PropertyValueSpecification\",\"valueRequired\":true,\"valueName\":\"search_term_string\"}}],\"inLanguage\":\"pt-BR\"},{\"@type\":\"Organization\",\"@id\":\"https:\\\/\\\/blogdofarnesio.com.br\\\/#organization\",\"name\":\"Blog do Farn\u00e9sio\",\"url\":\"https:\\\/\\\/blogdofarnesio.com.br\\\/\",\"logo\":{\"@type\":\"ImageObject\",\"inLanguage\":\"pt-BR\",\"@id\":\"https:\\\/\\\/blogdofarnesio.com.br\\\/#\\\/schema\\\/logo\\\/image\\\/\",\"url\":\"https:\\\/\\\/blogdofarnesio.com.br\\\/wp-content\\\/uploads\\\/2026\\\/03\\\/cropped-logo_new-1.png\",\"contentUrl\":\"https:\\\/\\\/blogdofarnesio.com.br\\\/wp-content\\\/uploads\\\/2026\\\/03\\\/cropped-logo_new-1.png\",\"width\":881,\"height\":685,\"caption\":\"Blog do Farn\u00e9sio\"},\"image\":{\"@id\":\"https:\\\/\\\/blogdofarnesio.com.br\\\/#\\\/schema\\\/logo\\\/image\\\/\"},\"sameAs\":[\"https:\\\/\\\/www.facebook.com\\\/BlogQuerSaberPolitica\\\/\"]},{\"@type\":\"Person\",\"@id\":\"https:\\\/\\\/blogdofarnesio.com.br\\\/#\\\/schema\\\/person\\\/bb9b23ae3ad0609ce8df7b6c9e76824d\",\"name\":\"Farn\u00e9sio\",\"image\":{\"@type\":\"ImageObject\",\"inLanguage\":\"pt-BR\",\"@id\":\"https:\\\/\\\/secure.gravatar.com\\\/avatar\\\/986aa4c61ccdb66f8555bf88fc2a65609d00bcabd4d2d94377a727547345cbca?s=96&d=mm&r=g\",\"url\":\"https:\\\/\\\/secure.gravatar.com\\\/avatar\\\/986aa4c61ccdb66f8555bf88fc2a65609d00bcabd4d2d94377a727547345cbca?s=96&d=mm&r=g\",\"contentUrl\":\"https:\\\/\\\/secure.gravatar.com\\\/avatar\\\/986aa4c61ccdb66f8555bf88fc2a65609d00bcabd4d2d94377a727547345cbca?s=96&d=mm&r=g\",\"caption\":\"Farn\u00e9sio\"},\"description\":\"Radialista blogueiro, chegou a Petrolina\\\/Juazeiro em setembro de 1980, Farn\u00e9sio Silva \u00e9 de Arapiraca-Alagoas.\",\"sameAs\":[\"http:\\\/\\\/blogdofarnesio.com.br\",\"https:\\\/\\\/www.facebook.com\\\/?ref=tn_tnmn\",\"https:\\\/\\\/www.instagram.com\\\/?utm_source=pwa_homescreen\",\"https:\\\/\\\/youtube.com.br\\\/\"],\"url\":\"https:\\\/\\\/blogdofarnesio.com.br\\\/?author=2\"}]}<\/script>\n<!-- \/ Yoast SEO plugin. -->","yoast_head_json":{"title":"Prefeitura de Petrolina orienta popula\u00e7\u00e3o sobre pagamentos do Aux\u00edlio Brasil - Blog do Farn\u00e9sio","robots":{"index":"index","follow":"follow","max-snippet":"max-snippet:-1","max-image-preview":"max-image-preview:large","max-video-preview":"max-video-preview:-1"},"canonical":"https:\/\/blogdofarnesio.com.br\/?p=301225","og_locale":"pt_BR","og_type":"article","og_title":"Prefeitura de Petrolina orienta popula\u00e7\u00e3o sobre pagamentos do Aux\u00edlio Brasil - Blog do Farn\u00e9sio","og_description":"Assim como milh\u00f5es de brasileiros, muitos petrolinenses ainda est\u00e3o com d\u00favidas acerca do \u2018Aux\u00edlio Brasil\u2019 que come\u00e7ou a ser pago neste m\u00eas. As datas est\u00e3o seguindo o modelo do Bolsa Fam\u00edlia, que pagava aos benefici\u00e1rios nos dez \u00faltimos dias \u00fateis do m\u00eas, com base no d\u00edgito final do N\u00famero de Inscri\u00e7\u00e3o Social (NIS). Assim como no Bolsa Fam\u00edlia e no aux\u00edlio emergencial, o pagamento ser\u00e1 feito pela Caixa Econ\u00f4mica Federal. Quem estava recebendo o Bolsa Fam\u00edlia at\u00e9 o m\u00eas de outubro de 2021 n\u00e3o precisa agendar para ir aos centros de Refer\u00eancia de Assist\u00eancia Social (Cras) ou Casa Bolsa para atualizar o Cadastro \u00danico, uma vez que, o Aux\u00edlio Brasil usar\u00e1 a mesma base de dados do antigo programa social.&hellip;","og_url":"https:\/\/blogdofarnesio.com.br\/?p=301225","og_site_name":"Blog do Farn\u00e9sio","article_publisher":"https:\/\/www.facebook.com\/BlogQuerSaberPolitica\/","article_author":"https:\/\/www.facebook.com\/?ref=tn_tnmn","article_published_time":"2021-11-30T13:23:44+00:00","og_image":[{"width":650,"height":366,"url":"https:\/\/blogdofarnesio.com.br\/wp-content\/uploads\/2021\/10\/blogqspAUXILIO-BRASIL-e1636561636443.png","type":"image\/png"}],"author":"Farn\u00e9sio","twitter_card":"summary_large_image","twitter_misc":{"Escrito por":"Farn\u00e9sio","Est. tempo de leitura":"2 minutos"},"schema":{"@context":"https:\/\/schema.org","@graph":[{"@type":"Article","@id":"https:\/\/blogdofarnesio.com.br\/?p=301225#article","isPartOf":{"@id":"https:\/\/blogdofarnesio.com.br\/?p=301225"},"author":{"name":"Farn\u00e9sio","@id":"https:\/\/blogdofarnesio.com.br\/#\/schema\/person\/bb9b23ae3ad0609ce8df7b6c9e76824d"},"headline":"Prefeitura de Petrolina orienta popula\u00e7\u00e3o sobre pagamentos do Aux\u00edlio Brasil","datePublished":"2021-11-30T13:23:44+00:00","mainEntityOfPage":{"@id":"https:\/\/blogdofarnesio.com.br\/?p=301225"},"wordCount":302,"commentCount":0,"publisher":{"@id":"https:\/\/blogdofarnesio.com.br\/#organization"},"image":{"@id":"https:\/\/blogdofarnesio.com.br\/?p=301225#primaryimage"},"thumbnailUrl":"https:\/\/blogdofarnesio.com.br\/wp-content\/uploads\/2021\/10\/blogqspAUXILIO-BRASIL-e1636561636443.png","articleSection":["A\u00e7\u00e3o Social"],"inLanguage":"pt-BR","potentialAction":[{"@type":"CommentAction","name":"Comment","target":["https:\/\/blogdofarnesio.com.br\/?p=301225#respond"]}]},{"@type":"WebPage","@id":"https:\/\/blogdofarnesio.com.br\/?p=301225","url":"https:\/\/blogdofarnesio.com.br\/?p=301225","name":"Prefeitura de Petrolina orienta popula\u00e7\u00e3o sobre pagamentos do Aux\u00edlio Brasil - Blog do Farn\u00e9sio","isPartOf":{"@id":"https:\/\/blogdofarnesio.com.br\/#website"},"primaryImageOfPage":{"@id":"https:\/\/blogdofarnesio.com.br\/?p=301225#primaryimage"},"image":{"@id":"https:\/\/blogdofarnesio.com.br\/?p=301225#primaryimage"},"thumbnailUrl":"https:\/\/blogdofarnesio.com.br\/wp-content\/uploads\/2021\/10\/blogqspAUXILIO-BRASIL-e1636561636443.png","datePublished":"2021-11-30T13:23:44+00:00","breadcrumb":{"@id":"https:\/\/blogdofarnesio.com.br\/?p=301225#breadcrumb"},"inLanguage":"pt-BR","potentialAction":[{"@type":"ReadAction","target":["https:\/\/blogdofarnesio.com.br\/?p=301225"]}]},{"@type":"ImageObject","inLanguage":"pt-BR","@id":"https:\/\/blogdofarnesio.com.br\/?p=301225#primaryimage","url":"https:\/\/blogdofarnesio.com.br\/wp-content\/uploads\/2021\/10\/blogqspAUXILIO-BRASIL-e1636561636443.png","contentUrl":"https:\/\/blogdofarnesio.com.br\/wp-content\/uploads\/2021\/10\/blogqspAUXILIO-BRASIL-e1636561636443.png","width":650,"height":366},{"@type":"BreadcrumbList","@id":"https:\/\/blogdofarnesio.com.br\/?p=301225#breadcrumb","itemListElement":[{"@type":"ListItem","position":1,"name":"In\u00edcio","item":"https:\/\/blogdofarnesio.com.br\/"},{"@type":"ListItem","position":2,"name":"Prefeitura de Petrolina orienta popula\u00e7\u00e3o sobre pagamentos do Aux\u00edlio Brasil"}]},{"@type":"WebSite","@id":"https:\/\/blogdofarnesio.com.br\/#website","url":"https:\/\/blogdofarnesio.com.br\/","name":"Blog do Farn\u00e9sio","description":"Quer Saber Pol\u00edtica?","publisher":{"@id":"https:\/\/blogdofarnesio.com.br\/#organization"},"potentialAction":[{"@type":"SearchAction","target":{"@type":"EntryPoint","urlTemplate":"https:\/\/blogdofarnesio.com.br\/?s={search_term_string}"},"query-input":{"@type":"PropertyValueSpecification","valueRequired":true,"valueName":"search_term_string"}}],"inLanguage":"pt-BR"},{"@type":"Organization","@id":"https:\/\/blogdofarnesio.com.br\/#organization","name":"Blog do Farn\u00e9sio","url":"https:\/\/blogdofarnesio.com.br\/","logo":{"@type":"ImageObject","inLanguage":"pt-BR","@id":"https:\/\/blogdofarnesio.com.br\/#\/schema\/logo\/image\/","url":"https:\/\/blogdofarnesio.com.br\/wp-content\/uploads\/2026\/03\/cropped-logo_new-1.png","contentUrl":"https:\/\/blogdofarnesio.com.br\/wp-content\/uploads\/2026\/03\/cropped-logo_new-1.png","width":881,"height":685,"caption":"Blog do Farn\u00e9sio"},"image":{"@id":"https:\/\/blogdofarnesio.com.br\/#\/schema\/logo\/image\/"},"sameAs":["https:\/\/www.facebook.com\/BlogQuerSaberPolitica\/"]},{"@type":"Person","@id":"https:\/\/blogdofarnesio.com.br\/#\/schema\/person\/bb9b23ae3ad0609ce8df7b6c9e76824d","name":"Farn\u00e9sio","image":{"@type":"ImageObject","inLanguage":"pt-BR","@id":"https:\/\/secure.gravatar.com\/avatar\/986aa4c61ccdb66f8555bf88fc2a65609d00bcabd4d2d94377a727547345cbca?s=96&d=mm&r=g","url":"https:\/\/secure.gravatar.com\/avatar\/986aa4c61ccdb66f8555bf88fc2a65609d00bcabd4d2d94377a727547345cbca?s=96&d=mm&r=g","contentUrl":"https:\/\/secure.gravatar.com\/avatar\/986aa4c61ccdb66f8555bf88fc2a65609d00bcabd4d2d94377a727547345cbca?s=96&d=mm&r=g","caption":"Farn\u00e9sio"},"description":"Radialista blogueiro, chegou a Petrolina\/Juazeiro em setembro de 1980, Farn\u00e9sio Silva \u00e9 de Arapiraca-Alagoas.","sameAs":["http:\/\/blogdofarnesio.com.br","https:\/\/www.facebook.com\/?ref=tn_tnmn","https:\/\/www.instagram.com\/?utm_source=pwa_homescreen","https:\/\/youtube.com.br\/"],"url":"https:\/\/blogdofarnesio.com.br\/?author=2"}]}},"_links":{"self":[{"href":"https:\/\/blogdofarnesio.com.br\/index.php?rest_route=\/wp\/v2\/posts\/301225","targetHints":{"allow":["GET"]}}],"collection":[{"href":"https:\/\/blogdofarnesio.com.br\/index.php?rest_route=\/wp\/v2\/posts"}],"about":[{"href":"https:\/\/blogdofarnesio.com.br\/index.php?rest_route=\/wp\/v2\/types\/post"}],"author":[{"embeddable":true,"href":"https:\/\/blogdofarnesio.com.br\/index.php?rest_route=\/wp\/v2\/users\/2"}],"replies":[{"embeddable":true,"href":"https:\/\/blogdofarnesio.com.br\/index.php?rest_route=%2Fwp%2Fv2%2Fcomments&post=301225"}],"version-history":[{"count":0,"href":"https:\/\/blogdofarnesio.com.br\/index.php?rest_route=\/wp\/v2\/posts\/301225\/revisions"}],"wp:featuredmedia":[{"embeddable":true,"href":"https:\/\/blogdofarnesio.com.br\/index.php?rest_route=\/wp\/v2\/media\/298049"}],"wp:attachment":[{"href":"https:\/\/blogdofarnesio.com.br\/index.php?rest_route=%2Fwp%2Fv2%2Fmedia&parent=301225"}],"wp:term":[{"taxonomy":"category","embeddable":true,"href":"https:\/\/blogdofarnesio.com.br\/index.php?rest_route=%2Fwp%2Fv2%2Fcategories&post=301225"},{"taxonomy":"post_tag","embeddable":true,"href":"https:\/\/blogdofarnesio.com.br\/index.php?rest_route=%2Fwp%2Fv2%2Ftags&post=301225"}],"curies":[{"name":"wp","href":"https:\/\/api.w.org\/{rel}","templated":true}]}}