{"id":300893,"date":"2021-11-25T14:21:01","date_gmt":"2021-11-25T17:21:01","guid":{"rendered":"https:\/\/blogdofarnesio.com.br\/?p=300893"},"modified":"2021-11-25T09:32:58","modified_gmt":"2021-11-25T12:32:58","slug":"comecou-hoje-25-em-casa-nova-vacinacao-irrestrita-para-quem-tem-18-anos-ou-mais","status":"publish","type":"post","link":"https:\/\/blogdofarnesio.com.br\/?p=300893","title":{"rendered":"Come\u00e7ou hoje (25) em Casa Nova, vacina\u00e7\u00e3o irrestrita para quem tem 18 anos ou mais"},"content":{"rendered":"<p>\u201cTomara que todas as pessoas que ainda n\u00e3o se vacinaram estejam presentes neste dia D\u201d \u2013 come\u00e7a o Prefeito Wilker Torres \u2013 \u201cTivemos uma resposta t\u00e3o expressiva aos nossos chamamentos, que pouca gente ainda falta se vacinar em Casa Nova e s\u00e3o estes remanescentes que precisam ir ao SESP, precisam se vacinar, para garantir tranquilidade a si e \u00e0s suas fam\u00edlias\u201d.<\/p>\n<p>Os n\u00fameros da SESAB confirmam as afirmativas do Prefeito Wilker Torres. De acordo com o Acompanhamento da Cobertura Vacinal, o munic\u00edpio de Casa Nova, em 24\/11 \u00e0s 16:00 hs, j\u00e1 vacinou 39.079 pessoas com a primeira dose, 27.194 com a segunda dose e 3.215 com a dose de refor\u00e7o. O n\u00famero de vacinados corresponde a mais de 73 por cento de toda a popula\u00e7\u00e3o vacin\u00e1vel.<\/p>\n<p>Para o prefeito estas campanhas espec\u00edficas dentro da campanha, juntando informa\u00e7\u00e3o e incentivando a preven\u00e7\u00e3o, contribu\u00edram para o sucesso da vacina\u00e7\u00e3o: \u201cMantivemos um ritmo de vacina\u00e7\u00e3o constante, mantivemos nossas equipes o tempo todo alertas e temos priorizado as testagens. Tudo isso n\u00e3o nos daria esse resultado favor\u00e1vel, n\u00e3o fosse o envolvimento da popula\u00e7\u00e3o\u201d.<\/p>\n<p>O Dia D, dia 25 de novembro, vai oferecer vacina a todas as pessoas com 18 anos ou mais, que n\u00e3o tenham tomado nenhuma das doses, que estejam em atraso pra a segunda dose e os que j\u00e1 alcan\u00e7aram o per\u00edodo para a terceira dose.<\/p>\n<p>A vacina\u00e7\u00e3o segue os mesmos protocolos anteriores de intervalo entre uma e outra, se exige os documentos de identifica\u00e7\u00e3o, a carteira de vacina\u00e7\u00e3o e o cart\u00e3o do SUS e \u00e9 imprescind\u00edvel um comprovante de resid\u00eancia.<\/p>\n<p>Manoel Le\u00e3o<\/p>\n","protected":false},"excerpt":{"rendered":"<p>\u201cTomara que todas as pessoas que ainda n\u00e3o se vacinaram estejam presentes neste dia D\u201d \u2013 come\u00e7a o Prefeito Wilker Torres \u2013 \u201cTivemos uma resposta t\u00e3o expressiva aos nossos chamamentos, que pouca gente ainda falta se vacinar em Casa Nova e s\u00e3o estes remanescentes que precisam ir ao SESP, precisam se vacinar, para garantir tranquilidade a si e \u00e0s suas fam\u00edlias\u201d. Os n\u00fameros da SESAB confirmam as afirmativas do Prefeito Wilker Torres. De acordo com o Acompanhamento da Cobertura Vacinal, o munic\u00edpio de Casa Nova, em 24\/11 \u00e0s 16:00 hs, j\u00e1 vacinou 39.079 pessoas com a primeira dose, 27.194 com a segunda dose e 3.215 com a dose de refor\u00e7o. O n\u00famero de vacinados corresponde a mais de 73 por&hellip; <\/p>\n","protected":false},"author":2,"featured_media":300894,"comment_status":"open","ping_status":"open","sticky":false,"template":"","format":"standard","meta":{"_acf_changed":false,"footnotes":""},"categories":[27],"tags":[],"class_list":["post-300893","post","type-post","status-publish","format-standard","has-post-thumbnail","hentry","category-cidades"],"acf":[],"yoast_head":"<!-- This site is optimized with the Yoast SEO plugin v27.4 - https:\/\/yoast.com\/product\/yoast-seo-wordpress\/ -->\n<title>Come\u00e7ou hoje (25) em Casa Nova, vacina\u00e7\u00e3o irrestrita para quem tem 18 anos ou mais - Blog do Farn\u00e9sio<\/title>\n<meta name=\"robots\" content=\"index, follow, max-snippet:-1, max-image-preview:large, max-video-preview:-1\" \/>\n<link rel=\"canonical\" href=\"https:\/\/blogdofarnesio.com.br\/?p=300893\" \/>\n<meta property=\"og:locale\" content=\"pt_BR\" \/>\n<meta property=\"og:type\" content=\"article\" \/>\n<meta property=\"og:title\" content=\"Come\u00e7ou hoje (25) em Casa Nova, vacina\u00e7\u00e3o irrestrita para quem tem 18 anos ou mais - Blog do Farn\u00e9sio\" \/>\n<meta property=\"og:description\" content=\"\u201cTomara que todas as pessoas que ainda n\u00e3o se vacinaram estejam presentes neste dia D\u201d \u2013 come\u00e7a o Prefeito Wilker Torres \u2013 \u201cTivemos uma resposta t\u00e3o expressiva aos nossos chamamentos, que pouca gente ainda falta se vacinar em Casa Nova e s\u00e3o estes remanescentes que precisam ir ao SESP, precisam se vacinar, para garantir tranquilidade a si e \u00e0s suas fam\u00edlias\u201d. Os n\u00fameros da SESAB confirmam as afirmativas do Prefeito Wilker Torres. De acordo com o Acompanhamento da Cobertura Vacinal, o munic\u00edpio de Casa Nova, em 24\/11 \u00e0s 16:00 hs, j\u00e1 vacinou 39.079 pessoas com a primeira dose, 27.194 com a segunda dose e 3.215 com a dose de refor\u00e7o. O n\u00famero de vacinados corresponde a mais de 73 por&hellip;\" \/>\n<meta property=\"og:url\" content=\"https:\/\/blogdofarnesio.com.br\/?p=300893\" \/>\n<meta property=\"og:site_name\" content=\"Blog do Farn\u00e9sio\" \/>\n<meta property=\"article:publisher\" content=\"https:\/\/www.facebook.com\/BlogQuerSaberPolitica\/\" \/>\n<meta property=\"article:author\" content=\"https:\/\/www.facebook.com\/?ref=tn_tnmn\" \/>\n<meta property=\"article:published_time\" content=\"2021-11-25T17:21:01+00:00\" \/>\n<meta property=\"og:image\" content=\"https:\/\/blogdofarnesio.com.br\/wp-content\/uploads\/2021\/11\/Chamada-para-vacinacao-18-anos-e1637839760459.jpg\" \/>\n\t<meta property=\"og:image:width\" content=\"524\" \/>\n\t<meta property=\"og:image:height\" content=\"465\" \/>\n\t<meta property=\"og:image:type\" content=\"image\/jpeg\" \/>\n<meta name=\"author\" content=\"Farn\u00e9sio\" \/>\n<meta name=\"twitter:card\" content=\"summary_large_image\" \/>\n<meta name=\"twitter:label1\" content=\"Escrito por\" \/>\n\t<meta name=\"twitter:data1\" content=\"Farn\u00e9sio\" \/>\n\t<meta name=\"twitter:label2\" content=\"Est. tempo de leitura\" \/>\n\t<meta name=\"twitter:data2\" content=\"2 minutos\" \/>\n<script type=\"application\/ld+json\" class=\"yoast-schema-graph\">{\"@context\":\"https:\\\/\\\/schema.org\",\"@graph\":[{\"@type\":\"Article\",\"@id\":\"https:\\\/\\\/blogdofarnesio.com.br\\\/?p=300893#article\",\"isPartOf\":{\"@id\":\"https:\\\/\\\/blogdofarnesio.com.br\\\/?p=300893\"},\"author\":{\"name\":\"Farn\u00e9sio\",\"@id\":\"https:\\\/\\\/blogdofarnesio.com.br\\\/#\\\/schema\\\/person\\\/bb9b23ae3ad0609ce8df7b6c9e76824d\"},\"headline\":\"Come\u00e7ou hoje (25) em Casa Nova, vacina\u00e7\u00e3o irrestrita para quem tem 18 anos ou mais\",\"datePublished\":\"2021-11-25T17:21:01+00:00\",\"mainEntityOfPage\":{\"@id\":\"https:\\\/\\\/blogdofarnesio.com.br\\\/?p=300893\"},\"wordCount\":296,\"commentCount\":0,\"publisher\":{\"@id\":\"https:\\\/\\\/blogdofarnesio.com.br\\\/#organization\"},\"image\":{\"@id\":\"https:\\\/\\\/blogdofarnesio.com.br\\\/?p=300893#primaryimage\"},\"thumbnailUrl\":\"https:\\\/\\\/blogdofarnesio.com.br\\\/wp-content\\\/uploads\\\/2021\\\/11\\\/Chamada-para-vacinacao-18-anos-e1637839760459.jpg\",\"articleSection\":[\"Cidades\"],\"inLanguage\":\"pt-BR\",\"potentialAction\":[{\"@type\":\"CommentAction\",\"name\":\"Comment\",\"target\":[\"https:\\\/\\\/blogdofarnesio.com.br\\\/?p=300893#respond\"]}]},{\"@type\":\"WebPage\",\"@id\":\"https:\\\/\\\/blogdofarnesio.com.br\\\/?p=300893\",\"url\":\"https:\\\/\\\/blogdofarnesio.com.br\\\/?p=300893\",\"name\":\"Come\u00e7ou hoje (25) em Casa Nova, vacina\u00e7\u00e3o irrestrita para quem tem 18 anos ou mais - Blog do Farn\u00e9sio\",\"isPartOf\":{\"@id\":\"https:\\\/\\\/blogdofarnesio.com.br\\\/#website\"},\"primaryImageOfPage\":{\"@id\":\"https:\\\/\\\/blogdofarnesio.com.br\\\/?p=300893#primaryimage\"},\"image\":{\"@id\":\"https:\\\/\\\/blogdofarnesio.com.br\\\/?p=300893#primaryimage\"},\"thumbnailUrl\":\"https:\\\/\\\/blogdofarnesio.com.br\\\/wp-content\\\/uploads\\\/2021\\\/11\\\/Chamada-para-vacinacao-18-anos-e1637839760459.jpg\",\"datePublished\":\"2021-11-25T17:21:01+00:00\",\"breadcrumb\":{\"@id\":\"https:\\\/\\\/blogdofarnesio.com.br\\\/?p=300893#breadcrumb\"},\"inLanguage\":\"pt-BR\",\"potentialAction\":[{\"@type\":\"ReadAction\",\"target\":[\"https:\\\/\\\/blogdofarnesio.com.br\\\/?p=300893\"]}]},{\"@type\":\"ImageObject\",\"inLanguage\":\"pt-BR\",\"@id\":\"https:\\\/\\\/blogdofarnesio.com.br\\\/?p=300893#primaryimage\",\"url\":\"https:\\\/\\\/blogdofarnesio.com.br\\\/wp-content\\\/uploads\\\/2021\\\/11\\\/Chamada-para-vacinacao-18-anos-e1637839760459.jpg\",\"contentUrl\":\"https:\\\/\\\/blogdofarnesio.com.br\\\/wp-content\\\/uploads\\\/2021\\\/11\\\/Chamada-para-vacinacao-18-anos-e1637839760459.jpg\",\"width\":524,\"height\":465},{\"@type\":\"BreadcrumbList\",\"@id\":\"https:\\\/\\\/blogdofarnesio.com.br\\\/?p=300893#breadcrumb\",\"itemListElement\":[{\"@type\":\"ListItem\",\"position\":1,\"name\":\"In\u00edcio\",\"item\":\"https:\\\/\\\/blogdofarnesio.com.br\\\/\"},{\"@type\":\"ListItem\",\"position\":2,\"name\":\"Come\u00e7ou hoje (25) em Casa Nova, vacina\u00e7\u00e3o irrestrita para quem tem 18 anos ou mais\"}]},{\"@type\":\"WebSite\",\"@id\":\"https:\\\/\\\/blogdofarnesio.com.br\\\/#website\",\"url\":\"https:\\\/\\\/blogdofarnesio.com.br\\\/\",\"name\":\"Blog do Farn\u00e9sio\",\"description\":\"Quer Saber Pol\u00edtica?\",\"publisher\":{\"@id\":\"https:\\\/\\\/blogdofarnesio.com.br\\\/#organization\"},\"potentialAction\":[{\"@type\":\"SearchAction\",\"target\":{\"@type\":\"EntryPoint\",\"urlTemplate\":\"https:\\\/\\\/blogdofarnesio.com.br\\\/?s={search_term_string}\"},\"query-input\":{\"@type\":\"PropertyValueSpecification\",\"valueRequired\":true,\"valueName\":\"search_term_string\"}}],\"inLanguage\":\"pt-BR\"},{\"@type\":\"Organization\",\"@id\":\"https:\\\/\\\/blogdofarnesio.com.br\\\/#organization\",\"name\":\"Blog do Farn\u00e9sio\",\"url\":\"https:\\\/\\\/blogdofarnesio.com.br\\\/\",\"logo\":{\"@type\":\"ImageObject\",\"inLanguage\":\"pt-BR\",\"@id\":\"https:\\\/\\\/blogdofarnesio.com.br\\\/#\\\/schema\\\/logo\\\/image\\\/\",\"url\":\"https:\\\/\\\/blogdofarnesio.com.br\\\/wp-content\\\/uploads\\\/2026\\\/03\\\/cropped-logo_new-1.png\",\"contentUrl\":\"https:\\\/\\\/blogdofarnesio.com.br\\\/wp-content\\\/uploads\\\/2026\\\/03\\\/cropped-logo_new-1.png\",\"width\":881,\"height\":685,\"caption\":\"Blog do Farn\u00e9sio\"},\"image\":{\"@id\":\"https:\\\/\\\/blogdofarnesio.com.br\\\/#\\\/schema\\\/logo\\\/image\\\/\"},\"sameAs\":[\"https:\\\/\\\/www.facebook.com\\\/BlogQuerSaberPolitica\\\/\"]},{\"@type\":\"Person\",\"@id\":\"https:\\\/\\\/blogdofarnesio.com.br\\\/#\\\/schema\\\/person\\\/bb9b23ae3ad0609ce8df7b6c9e76824d\",\"name\":\"Farn\u00e9sio\",\"image\":{\"@type\":\"ImageObject\",\"inLanguage\":\"pt-BR\",\"@id\":\"https:\\\/\\\/secure.gravatar.com\\\/avatar\\\/986aa4c61ccdb66f8555bf88fc2a65609d00bcabd4d2d94377a727547345cbca?s=96&d=mm&r=g\",\"url\":\"https:\\\/\\\/secure.gravatar.com\\\/avatar\\\/986aa4c61ccdb66f8555bf88fc2a65609d00bcabd4d2d94377a727547345cbca?s=96&d=mm&r=g\",\"contentUrl\":\"https:\\\/\\\/secure.gravatar.com\\\/avatar\\\/986aa4c61ccdb66f8555bf88fc2a65609d00bcabd4d2d94377a727547345cbca?s=96&d=mm&r=g\",\"caption\":\"Farn\u00e9sio\"},\"description\":\"Radialista blogueiro, chegou a Petrolina\\\/Juazeiro em setembro de 1980, Farn\u00e9sio Silva \u00e9 de Arapiraca-Alagoas.\",\"sameAs\":[\"http:\\\/\\\/blogdofarnesio.com.br\",\"https:\\\/\\\/www.facebook.com\\\/?ref=tn_tnmn\",\"https:\\\/\\\/www.instagram.com\\\/?utm_source=pwa_homescreen\",\"https:\\\/\\\/youtube.com.br\\\/\"],\"url\":\"https:\\\/\\\/blogdofarnesio.com.br\\\/?author=2\"}]}<\/script>\n<!-- \/ Yoast SEO plugin. -->","yoast_head_json":{"title":"Come\u00e7ou hoje (25) em Casa Nova, vacina\u00e7\u00e3o irrestrita para quem tem 18 anos ou mais - Blog do Farn\u00e9sio","robots":{"index":"index","follow":"follow","max-snippet":"max-snippet:-1","max-image-preview":"max-image-preview:large","max-video-preview":"max-video-preview:-1"},"canonical":"https:\/\/blogdofarnesio.com.br\/?p=300893","og_locale":"pt_BR","og_type":"article","og_title":"Come\u00e7ou hoje (25) em Casa Nova, vacina\u00e7\u00e3o irrestrita para quem tem 18 anos ou mais - Blog do Farn\u00e9sio","og_description":"\u201cTomara que todas as pessoas que ainda n\u00e3o se vacinaram estejam presentes neste dia D\u201d \u2013 come\u00e7a o Prefeito Wilker Torres \u2013 \u201cTivemos uma resposta t\u00e3o expressiva aos nossos chamamentos, que pouca gente ainda falta se vacinar em Casa Nova e s\u00e3o estes remanescentes que precisam ir ao SESP, precisam se vacinar, para garantir tranquilidade a si e \u00e0s suas fam\u00edlias\u201d. Os n\u00fameros da SESAB confirmam as afirmativas do Prefeito Wilker Torres. De acordo com o Acompanhamento da Cobertura Vacinal, o munic\u00edpio de Casa Nova, em 24\/11 \u00e0s 16:00 hs, j\u00e1 vacinou 39.079 pessoas com a primeira dose, 27.194 com a segunda dose e 3.215 com a dose de refor\u00e7o. O n\u00famero de vacinados corresponde a mais de 73 por&hellip;","og_url":"https:\/\/blogdofarnesio.com.br\/?p=300893","og_site_name":"Blog do Farn\u00e9sio","article_publisher":"https:\/\/www.facebook.com\/BlogQuerSaberPolitica\/","article_author":"https:\/\/www.facebook.com\/?ref=tn_tnmn","article_published_time":"2021-11-25T17:21:01+00:00","og_image":[{"width":524,"height":465,"url":"https:\/\/blogdofarnesio.com.br\/wp-content\/uploads\/2021\/11\/Chamada-para-vacinacao-18-anos-e1637839760459.jpg","type":"image\/jpeg"}],"author":"Farn\u00e9sio","twitter_card":"summary_large_image","twitter_misc":{"Escrito por":"Farn\u00e9sio","Est. tempo de leitura":"2 minutos"},"schema":{"@context":"https:\/\/schema.org","@graph":[{"@type":"Article","@id":"https:\/\/blogdofarnesio.com.br\/?p=300893#article","isPartOf":{"@id":"https:\/\/blogdofarnesio.com.br\/?p=300893"},"author":{"name":"Farn\u00e9sio","@id":"https:\/\/blogdofarnesio.com.br\/#\/schema\/person\/bb9b23ae3ad0609ce8df7b6c9e76824d"},"headline":"Come\u00e7ou hoje (25) em Casa Nova, vacina\u00e7\u00e3o irrestrita para quem tem 18 anos ou mais","datePublished":"2021-11-25T17:21:01+00:00","mainEntityOfPage":{"@id":"https:\/\/blogdofarnesio.com.br\/?p=300893"},"wordCount":296,"commentCount":0,"publisher":{"@id":"https:\/\/blogdofarnesio.com.br\/#organization"},"image":{"@id":"https:\/\/blogdofarnesio.com.br\/?p=300893#primaryimage"},"thumbnailUrl":"https:\/\/blogdofarnesio.com.br\/wp-content\/uploads\/2021\/11\/Chamada-para-vacinacao-18-anos-e1637839760459.jpg","articleSection":["Cidades"],"inLanguage":"pt-BR","potentialAction":[{"@type":"CommentAction","name":"Comment","target":["https:\/\/blogdofarnesio.com.br\/?p=300893#respond"]}]},{"@type":"WebPage","@id":"https:\/\/blogdofarnesio.com.br\/?p=300893","url":"https:\/\/blogdofarnesio.com.br\/?p=300893","name":"Come\u00e7ou hoje (25) em Casa Nova, vacina\u00e7\u00e3o irrestrita para quem tem 18 anos ou mais - Blog do Farn\u00e9sio","isPartOf":{"@id":"https:\/\/blogdofarnesio.com.br\/#website"},"primaryImageOfPage":{"@id":"https:\/\/blogdofarnesio.com.br\/?p=300893#primaryimage"},"image":{"@id":"https:\/\/blogdofarnesio.com.br\/?p=300893#primaryimage"},"thumbnailUrl":"https:\/\/blogdofarnesio.com.br\/wp-content\/uploads\/2021\/11\/Chamada-para-vacinacao-18-anos-e1637839760459.jpg","datePublished":"2021-11-25T17:21:01+00:00","breadcrumb":{"@id":"https:\/\/blogdofarnesio.com.br\/?p=300893#breadcrumb"},"inLanguage":"pt-BR","potentialAction":[{"@type":"ReadAction","target":["https:\/\/blogdofarnesio.com.br\/?p=300893"]}]},{"@type":"ImageObject","inLanguage":"pt-BR","@id":"https:\/\/blogdofarnesio.com.br\/?p=300893#primaryimage","url":"https:\/\/blogdofarnesio.com.br\/wp-content\/uploads\/2021\/11\/Chamada-para-vacinacao-18-anos-e1637839760459.jpg","contentUrl":"https:\/\/blogdofarnesio.com.br\/wp-content\/uploads\/2021\/11\/Chamada-para-vacinacao-18-anos-e1637839760459.jpg","width":524,"height":465},{"@type":"BreadcrumbList","@id":"https:\/\/blogdofarnesio.com.br\/?p=300893#breadcrumb","itemListElement":[{"@type":"ListItem","position":1,"name":"In\u00edcio","item":"https:\/\/blogdofarnesio.com.br\/"},{"@type":"ListItem","position":2,"name":"Come\u00e7ou hoje (25) em Casa Nova, vacina\u00e7\u00e3o irrestrita para quem tem 18 anos ou mais"}]},{"@type":"WebSite","@id":"https:\/\/blogdofarnesio.com.br\/#website","url":"https:\/\/blogdofarnesio.com.br\/","name":"Blog do Farn\u00e9sio","description":"Quer Saber Pol\u00edtica?","publisher":{"@id":"https:\/\/blogdofarnesio.com.br\/#organization"},"potentialAction":[{"@type":"SearchAction","target":{"@type":"EntryPoint","urlTemplate":"https:\/\/blogdofarnesio.com.br\/?s={search_term_string}"},"query-input":{"@type":"PropertyValueSpecification","valueRequired":true,"valueName":"search_term_string"}}],"inLanguage":"pt-BR"},{"@type":"Organization","@id":"https:\/\/blogdofarnesio.com.br\/#organization","name":"Blog do Farn\u00e9sio","url":"https:\/\/blogdofarnesio.com.br\/","logo":{"@type":"ImageObject","inLanguage":"pt-BR","@id":"https:\/\/blogdofarnesio.com.br\/#\/schema\/logo\/image\/","url":"https:\/\/blogdofarnesio.com.br\/wp-content\/uploads\/2026\/03\/cropped-logo_new-1.png","contentUrl":"https:\/\/blogdofarnesio.com.br\/wp-content\/uploads\/2026\/03\/cropped-logo_new-1.png","width":881,"height":685,"caption":"Blog do Farn\u00e9sio"},"image":{"@id":"https:\/\/blogdofarnesio.com.br\/#\/schema\/logo\/image\/"},"sameAs":["https:\/\/www.facebook.com\/BlogQuerSaberPolitica\/"]},{"@type":"Person","@id":"https:\/\/blogdofarnesio.com.br\/#\/schema\/person\/bb9b23ae3ad0609ce8df7b6c9e76824d","name":"Farn\u00e9sio","image":{"@type":"ImageObject","inLanguage":"pt-BR","@id":"https:\/\/secure.gravatar.com\/avatar\/986aa4c61ccdb66f8555bf88fc2a65609d00bcabd4d2d94377a727547345cbca?s=96&d=mm&r=g","url":"https:\/\/secure.gravatar.com\/avatar\/986aa4c61ccdb66f8555bf88fc2a65609d00bcabd4d2d94377a727547345cbca?s=96&d=mm&r=g","contentUrl":"https:\/\/secure.gravatar.com\/avatar\/986aa4c61ccdb66f8555bf88fc2a65609d00bcabd4d2d94377a727547345cbca?s=96&d=mm&r=g","caption":"Farn\u00e9sio"},"description":"Radialista blogueiro, chegou a Petrolina\/Juazeiro em setembro de 1980, Farn\u00e9sio Silva \u00e9 de Arapiraca-Alagoas.","sameAs":["http:\/\/blogdofarnesio.com.br","https:\/\/www.facebook.com\/?ref=tn_tnmn","https:\/\/www.instagram.com\/?utm_source=pwa_homescreen","https:\/\/youtube.com.br\/"],"url":"https:\/\/blogdofarnesio.com.br\/?author=2"}]}},"_links":{"self":[{"href":"https:\/\/blogdofarnesio.com.br\/index.php?rest_route=\/wp\/v2\/posts\/300893","targetHints":{"allow":["GET"]}}],"collection":[{"href":"https:\/\/blogdofarnesio.com.br\/index.php?rest_route=\/wp\/v2\/posts"}],"about":[{"href":"https:\/\/blogdofarnesio.com.br\/index.php?rest_route=\/wp\/v2\/types\/post"}],"author":[{"embeddable":true,"href":"https:\/\/blogdofarnesio.com.br\/index.php?rest_route=\/wp\/v2\/users\/2"}],"replies":[{"embeddable":true,"href":"https:\/\/blogdofarnesio.com.br\/index.php?rest_route=%2Fwp%2Fv2%2Fcomments&post=300893"}],"version-history":[{"count":0,"href":"https:\/\/blogdofarnesio.com.br\/index.php?rest_route=\/wp\/v2\/posts\/300893\/revisions"}],"wp:featuredmedia":[{"embeddable":true,"href":"https:\/\/blogdofarnesio.com.br\/index.php?rest_route=\/wp\/v2\/media\/300894"}],"wp:attachment":[{"href":"https:\/\/blogdofarnesio.com.br\/index.php?rest_route=%2Fwp%2Fv2%2Fmedia&parent=300893"}],"wp:term":[{"taxonomy":"category","embeddable":true,"href":"https:\/\/blogdofarnesio.com.br\/index.php?rest_route=%2Fwp%2Fv2%2Fcategories&post=300893"},{"taxonomy":"post_tag","embeddable":true,"href":"https:\/\/blogdofarnesio.com.br\/index.php?rest_route=%2Fwp%2Fv2%2Ftags&post=300893"}],"curies":[{"name":"wp","href":"https:\/\/api.w.org\/{rel}","templated":true}]}}