{"id":300803,"date":"2021-11-24T14:00:55","date_gmt":"2021-11-24T17:00:55","guid":{"rendered":"https:\/\/blogdofarnesio.com.br\/?p=300803"},"modified":"2021-11-24T12:26:50","modified_gmt":"2021-11-24T15:26:50","slug":"com-previsao-de-fortes-chuvas-em-juazeiro-ainda-este-mes-defesa-civil-reforca-atencao","status":"publish","type":"post","link":"https:\/\/blogdofarnesio.com.br\/?p=300803","title":{"rendered":"Com previs\u00e3o de fortes chuvas em Juazeiro ainda este m\u00eas, Defesa Civil refor\u00e7a aten\u00e7\u00e3o"},"content":{"rendered":"<p>As chuvas que ca\u00edram em Juazeiro no in\u00edcio de novembro s\u00e3o um indicativo do que se pode esperar para o final do m\u00eas, segundo prev\u00ea o Instituto Climatempo, que aponta mudan\u00e7a no tempo para os pr\u00f3ximos dias na cidade.<\/p>\n<p>O alerta \u00e9 da Defesa Civil do munic\u00edpio, que mant\u00e9m sua equipe de prontid\u00e3o.<\/p>\n<p>Como vem acontecendo desde o in\u00edcio do ano, as equipes da Prefeitura de Juazeiro seguem refor\u00e7ando as vistorias nos pontos onde costumam ocorrer alagamentos e garantindo a manuten\u00e7\u00e3o e limpeza desses trechos, como forma preventiva.<\/p>\n<p>O coordenador da Defesa Civil, Ramiro Cordeiro, explica que as a\u00e7\u00f5es preventivas s\u00e3o de extrema import\u00e2ncia, por isso Juazeiro tem ficado cada vez mais preparada para temporais. \u201cO trabalho que a prefeitura vem desenvolvendo ao longo deste ano, com a\u00e7\u00f5es preventivas, tem feito com que o escoamento das \u00e1guas ocorra da forma correta, evitando transtornos. Mas \u00e9 preciso a colabora\u00e7\u00e3o da popula\u00e7\u00e3o no sentido de n\u00e3o jogar lixo e m\u00f3veis velhos nas ruas, canais e galerias. As equipes do SAAE, Sesp e Sedur t\u00eam feito um trabalho preventivo brilhante\u201d, destaca.<\/p>\n<p><strong>Preven\u00e7\u00e3o nos bairros<\/strong><\/p>\n<p>As a\u00e7\u00f5es acontecem na \u00e1rea central e tamb\u00e9m nos bairros. Recentemente, foi feito um dreno (valeta) para escoar a \u00e1gua da lagoa do bairro Alto da Alian\u00e7a para dentro do canal, justamente\u00a0 para que a \u00e1gua flua sem impedimentos. No bairro Nossa Senhora das Grotas, atrav\u00e9s das equipes do Servi\u00e7o de \u00c1gua e Saneamento Ambiental (SAAE), foram removidas manilhas, que por serem estreitas, impediam o escoamento da \u00e1gua. No local foram colocadas manilhas com a estrutura adequada para cumprir o seu papel, evitando futuros transtornos\u00a0 para a popula\u00e7\u00e3o.<\/p>\n<p>\u201cNo bairro Jo\u00e3o XXIII, as equipes do SAAE retiraram um aterro irregular que, por ter uma altura superior ao n\u00edvel da rua, estava funcionando como uma represa, impedindo o seu curso natural. Nossos profissionais est\u00e3o empenhados e, desde as \u00faltimas chuvas, estamos em alerta, realizando solu\u00e7\u00f5es\u201d, enfatizou a diretora-presidente do SAAE Juazeiro, Josilene Alixandre.<\/p>\n<p><strong>Plant\u00e3o<\/strong><\/p>\n<p>O trabalho preventivo da Prefeitura de Juazeiro segue em regime de plant\u00e3o para garantir a seguran\u00e7a da popula\u00e7\u00e3o. Em caso de necessidade, a comunidade poder\u00e1 entrar em contato com a Defesa Civil, atrav\u00e9s do telefone (74) 9 9198-1233 (WhatsApp).<\/p>\n<p>&nbsp;<\/p>\n<p>Texto: Fab\u00edola Paiva &#8211; Ascom\/PMJ<\/p>\n","protected":false},"excerpt":{"rendered":"<p>As chuvas que ca\u00edram em Juazeiro no in\u00edcio de novembro s\u00e3o um indicativo do que se pode esperar para o final do m\u00eas, segundo prev\u00ea o Instituto Climatempo, que aponta mudan\u00e7a no tempo para os pr\u00f3ximos dias na cidade. O alerta \u00e9 da Defesa Civil do munic\u00edpio, que mant\u00e9m sua equipe de prontid\u00e3o. Como vem acontecendo desde o in\u00edcio do ano, as equipes da Prefeitura de Juazeiro seguem refor\u00e7ando as vistorias nos pontos onde costumam ocorrer alagamentos e garantindo a manuten\u00e7\u00e3o e limpeza desses trechos, como forma preventiva. O coordenador da Defesa Civil, Ramiro Cordeiro, explica que as a\u00e7\u00f5es preventivas s\u00e3o de extrema import\u00e2ncia, por isso Juazeiro tem ficado cada vez mais preparada para temporais. \u201cO trabalho que a prefeitura&hellip; <\/p>\n","protected":false},"author":2,"featured_media":153134,"comment_status":"open","ping_status":"open","sticky":false,"template":"","format":"standard","meta":{"_acf_changed":false,"footnotes":""},"categories":[5],"tags":[],"class_list":["post-300803","post","type-post","status-publish","format-standard","has-post-thumbnail","hentry","category-seguranca"],"acf":[],"yoast_head":"<!-- This site is optimized with the Yoast SEO plugin v27.4 - https:\/\/yoast.com\/product\/yoast-seo-wordpress\/ -->\n<title>Com previs\u00e3o de fortes chuvas em Juazeiro ainda este m\u00eas, Defesa Civil refor\u00e7a aten\u00e7\u00e3o - Blog do Farn\u00e9sio<\/title>\n<meta name=\"robots\" content=\"index, follow, max-snippet:-1, max-image-preview:large, max-video-preview:-1\" \/>\n<link rel=\"canonical\" href=\"https:\/\/blogdofarnesio.com.br\/?p=300803\" \/>\n<meta property=\"og:locale\" content=\"pt_BR\" \/>\n<meta property=\"og:type\" content=\"article\" \/>\n<meta property=\"og:title\" content=\"Com previs\u00e3o de fortes chuvas em Juazeiro ainda este m\u00eas, Defesa Civil refor\u00e7a aten\u00e7\u00e3o - Blog do Farn\u00e9sio\" \/>\n<meta property=\"og:description\" content=\"As chuvas que ca\u00edram em Juazeiro no in\u00edcio de novembro s\u00e3o um indicativo do que se pode esperar para o final do m\u00eas, segundo prev\u00ea o Instituto Climatempo, que aponta mudan\u00e7a no tempo para os pr\u00f3ximos dias na cidade. O alerta \u00e9 da Defesa Civil do munic\u00edpio, que mant\u00e9m sua equipe de prontid\u00e3o. Como vem acontecendo desde o in\u00edcio do ano, as equipes da Prefeitura de Juazeiro seguem refor\u00e7ando as vistorias nos pontos onde costumam ocorrer alagamentos e garantindo a manuten\u00e7\u00e3o e limpeza desses trechos, como forma preventiva. O coordenador da Defesa Civil, Ramiro Cordeiro, explica que as a\u00e7\u00f5es preventivas s\u00e3o de extrema import\u00e2ncia, por isso Juazeiro tem ficado cada vez mais preparada para temporais. \u201cO trabalho que a prefeitura&hellip;\" \/>\n<meta property=\"og:url\" content=\"https:\/\/blogdofarnesio.com.br\/?p=300803\" \/>\n<meta property=\"og:site_name\" content=\"Blog do Farn\u00e9sio\" \/>\n<meta property=\"article:publisher\" content=\"https:\/\/www.facebook.com\/BlogQuerSaberPolitica\/\" \/>\n<meta property=\"article:author\" content=\"https:\/\/www.facebook.com\/?ref=tn_tnmn\" \/>\n<meta property=\"article:published_time\" content=\"2021-11-24T17:00:55+00:00\" \/>\n<meta property=\"og:image\" content=\"https:\/\/blogdofarnesio.com.br\/wp-content\/uploads\/2016\/12\/blog-qsp-chuva-imagem-reproducao.jpg\" \/>\n\t<meta property=\"og:image:width\" content=\"448\" \/>\n\t<meta property=\"og:image:height\" content=\"293\" \/>\n\t<meta property=\"og:image:type\" content=\"image\/jpeg\" \/>\n<meta name=\"author\" content=\"Farn\u00e9sio\" \/>\n<meta name=\"twitter:card\" content=\"summary_large_image\" \/>\n<meta name=\"twitter:label1\" content=\"Escrito por\" \/>\n\t<meta name=\"twitter:data1\" content=\"Farn\u00e9sio\" \/>\n\t<meta name=\"twitter:label2\" content=\"Est. tempo de leitura\" \/>\n\t<meta name=\"twitter:data2\" content=\"2 minutos\" \/>\n<script type=\"application\/ld+json\" class=\"yoast-schema-graph\">{\"@context\":\"https:\\\/\\\/schema.org\",\"@graph\":[{\"@type\":\"Article\",\"@id\":\"https:\\\/\\\/blogdofarnesio.com.br\\\/?p=300803#article\",\"isPartOf\":{\"@id\":\"https:\\\/\\\/blogdofarnesio.com.br\\\/?p=300803\"},\"author\":{\"name\":\"Farn\u00e9sio\",\"@id\":\"https:\\\/\\\/blogdofarnesio.com.br\\\/#\\\/schema\\\/person\\\/bb9b23ae3ad0609ce8df7b6c9e76824d\"},\"headline\":\"Com previs\u00e3o de fortes chuvas em Juazeiro ainda este m\u00eas, Defesa Civil refor\u00e7a aten\u00e7\u00e3o\",\"datePublished\":\"2021-11-24T17:00:55+00:00\",\"mainEntityOfPage\":{\"@id\":\"https:\\\/\\\/blogdofarnesio.com.br\\\/?p=300803\"},\"wordCount\":422,\"commentCount\":0,\"publisher\":{\"@id\":\"https:\\\/\\\/blogdofarnesio.com.br\\\/#organization\"},\"image\":{\"@id\":\"https:\\\/\\\/blogdofarnesio.com.br\\\/?p=300803#primaryimage\"},\"thumbnailUrl\":\"https:\\\/\\\/blogdofarnesio.com.br\\\/wp-content\\\/uploads\\\/2016\\\/12\\\/blog-qsp-chuva-imagem-reproducao.jpg\",\"articleSection\":[\"Seguran\u00e7a\"],\"inLanguage\":\"pt-BR\",\"potentialAction\":[{\"@type\":\"CommentAction\",\"name\":\"Comment\",\"target\":[\"https:\\\/\\\/blogdofarnesio.com.br\\\/?p=300803#respond\"]}]},{\"@type\":\"WebPage\",\"@id\":\"https:\\\/\\\/blogdofarnesio.com.br\\\/?p=300803\",\"url\":\"https:\\\/\\\/blogdofarnesio.com.br\\\/?p=300803\",\"name\":\"Com previs\u00e3o de fortes chuvas em Juazeiro ainda este m\u00eas, Defesa Civil refor\u00e7a aten\u00e7\u00e3o - Blog do Farn\u00e9sio\",\"isPartOf\":{\"@id\":\"https:\\\/\\\/blogdofarnesio.com.br\\\/#website\"},\"primaryImageOfPage\":{\"@id\":\"https:\\\/\\\/blogdofarnesio.com.br\\\/?p=300803#primaryimage\"},\"image\":{\"@id\":\"https:\\\/\\\/blogdofarnesio.com.br\\\/?p=300803#primaryimage\"},\"thumbnailUrl\":\"https:\\\/\\\/blogdofarnesio.com.br\\\/wp-content\\\/uploads\\\/2016\\\/12\\\/blog-qsp-chuva-imagem-reproducao.jpg\",\"datePublished\":\"2021-11-24T17:00:55+00:00\",\"breadcrumb\":{\"@id\":\"https:\\\/\\\/blogdofarnesio.com.br\\\/?p=300803#breadcrumb\"},\"inLanguage\":\"pt-BR\",\"potentialAction\":[{\"@type\":\"ReadAction\",\"target\":[\"https:\\\/\\\/blogdofarnesio.com.br\\\/?p=300803\"]}]},{\"@type\":\"ImageObject\",\"inLanguage\":\"pt-BR\",\"@id\":\"https:\\\/\\\/blogdofarnesio.com.br\\\/?p=300803#primaryimage\",\"url\":\"https:\\\/\\\/blogdofarnesio.com.br\\\/wp-content\\\/uploads\\\/2016\\\/12\\\/blog-qsp-chuva-imagem-reproducao.jpg\",\"contentUrl\":\"https:\\\/\\\/blogdofarnesio.com.br\\\/wp-content\\\/uploads\\\/2016\\\/12\\\/blog-qsp-chuva-imagem-reproducao.jpg\",\"width\":448,\"height\":293,\"caption\":\"Pingos de chuva no Sert\u00e3o Foto Farn\u00e9sio Silva\"},{\"@type\":\"BreadcrumbList\",\"@id\":\"https:\\\/\\\/blogdofarnesio.com.br\\\/?p=300803#breadcrumb\",\"itemListElement\":[{\"@type\":\"ListItem\",\"position\":1,\"name\":\"In\u00edcio\",\"item\":\"https:\\\/\\\/blogdofarnesio.com.br\\\/\"},{\"@type\":\"ListItem\",\"position\":2,\"name\":\"Com previs\u00e3o de fortes chuvas em Juazeiro ainda este m\u00eas, Defesa Civil refor\u00e7a aten\u00e7\u00e3o\"}]},{\"@type\":\"WebSite\",\"@id\":\"https:\\\/\\\/blogdofarnesio.com.br\\\/#website\",\"url\":\"https:\\\/\\\/blogdofarnesio.com.br\\\/\",\"name\":\"Blog do Farn\u00e9sio\",\"description\":\"Quer Saber Pol\u00edtica?\",\"publisher\":{\"@id\":\"https:\\\/\\\/blogdofarnesio.com.br\\\/#organization\"},\"potentialAction\":[{\"@type\":\"SearchAction\",\"target\":{\"@type\":\"EntryPoint\",\"urlTemplate\":\"https:\\\/\\\/blogdofarnesio.com.br\\\/?s={search_term_string}\"},\"query-input\":{\"@type\":\"PropertyValueSpecification\",\"valueRequired\":true,\"valueName\":\"search_term_string\"}}],\"inLanguage\":\"pt-BR\"},{\"@type\":\"Organization\",\"@id\":\"https:\\\/\\\/blogdofarnesio.com.br\\\/#organization\",\"name\":\"Blog do Farn\u00e9sio\",\"url\":\"https:\\\/\\\/blogdofarnesio.com.br\\\/\",\"logo\":{\"@type\":\"ImageObject\",\"inLanguage\":\"pt-BR\",\"@id\":\"https:\\\/\\\/blogdofarnesio.com.br\\\/#\\\/schema\\\/logo\\\/image\\\/\",\"url\":\"https:\\\/\\\/blogdofarnesio.com.br\\\/wp-content\\\/uploads\\\/2026\\\/03\\\/cropped-logo_new-1.png\",\"contentUrl\":\"https:\\\/\\\/blogdofarnesio.com.br\\\/wp-content\\\/uploads\\\/2026\\\/03\\\/cropped-logo_new-1.png\",\"width\":881,\"height\":685,\"caption\":\"Blog do Farn\u00e9sio\"},\"image\":{\"@id\":\"https:\\\/\\\/blogdofarnesio.com.br\\\/#\\\/schema\\\/logo\\\/image\\\/\"},\"sameAs\":[\"https:\\\/\\\/www.facebook.com\\\/BlogQuerSaberPolitica\\\/\"]},{\"@type\":\"Person\",\"@id\":\"https:\\\/\\\/blogdofarnesio.com.br\\\/#\\\/schema\\\/person\\\/bb9b23ae3ad0609ce8df7b6c9e76824d\",\"name\":\"Farn\u00e9sio\",\"image\":{\"@type\":\"ImageObject\",\"inLanguage\":\"pt-BR\",\"@id\":\"https:\\\/\\\/secure.gravatar.com\\\/avatar\\\/986aa4c61ccdb66f8555bf88fc2a65609d00bcabd4d2d94377a727547345cbca?s=96&d=mm&r=g\",\"url\":\"https:\\\/\\\/secure.gravatar.com\\\/avatar\\\/986aa4c61ccdb66f8555bf88fc2a65609d00bcabd4d2d94377a727547345cbca?s=96&d=mm&r=g\",\"contentUrl\":\"https:\\\/\\\/secure.gravatar.com\\\/avatar\\\/986aa4c61ccdb66f8555bf88fc2a65609d00bcabd4d2d94377a727547345cbca?s=96&d=mm&r=g\",\"caption\":\"Farn\u00e9sio\"},\"description\":\"Radialista blogueiro, chegou a Petrolina\\\/Juazeiro em setembro de 1980, Farn\u00e9sio Silva \u00e9 de Arapiraca-Alagoas.\",\"sameAs\":[\"http:\\\/\\\/blogdofarnesio.com.br\",\"https:\\\/\\\/www.facebook.com\\\/?ref=tn_tnmn\",\"https:\\\/\\\/www.instagram.com\\\/?utm_source=pwa_homescreen\",\"https:\\\/\\\/youtube.com.br\\\/\"],\"url\":\"https:\\\/\\\/blogdofarnesio.com.br\\\/?author=2\"}]}<\/script>\n<!-- \/ Yoast SEO plugin. -->","yoast_head_json":{"title":"Com previs\u00e3o de fortes chuvas em Juazeiro ainda este m\u00eas, Defesa Civil refor\u00e7a aten\u00e7\u00e3o - Blog do Farn\u00e9sio","robots":{"index":"index","follow":"follow","max-snippet":"max-snippet:-1","max-image-preview":"max-image-preview:large","max-video-preview":"max-video-preview:-1"},"canonical":"https:\/\/blogdofarnesio.com.br\/?p=300803","og_locale":"pt_BR","og_type":"article","og_title":"Com previs\u00e3o de fortes chuvas em Juazeiro ainda este m\u00eas, Defesa Civil refor\u00e7a aten\u00e7\u00e3o - Blog do Farn\u00e9sio","og_description":"As chuvas que ca\u00edram em Juazeiro no in\u00edcio de novembro s\u00e3o um indicativo do que se pode esperar para o final do m\u00eas, segundo prev\u00ea o Instituto Climatempo, que aponta mudan\u00e7a no tempo para os pr\u00f3ximos dias na cidade. O alerta \u00e9 da Defesa Civil do munic\u00edpio, que mant\u00e9m sua equipe de prontid\u00e3o. Como vem acontecendo desde o in\u00edcio do ano, as equipes da Prefeitura de Juazeiro seguem refor\u00e7ando as vistorias nos pontos onde costumam ocorrer alagamentos e garantindo a manuten\u00e7\u00e3o e limpeza desses trechos, como forma preventiva. O coordenador da Defesa Civil, Ramiro Cordeiro, explica que as a\u00e7\u00f5es preventivas s\u00e3o de extrema import\u00e2ncia, por isso Juazeiro tem ficado cada vez mais preparada para temporais. \u201cO trabalho que a prefeitura&hellip;","og_url":"https:\/\/blogdofarnesio.com.br\/?p=300803","og_site_name":"Blog do Farn\u00e9sio","article_publisher":"https:\/\/www.facebook.com\/BlogQuerSaberPolitica\/","article_author":"https:\/\/www.facebook.com\/?ref=tn_tnmn","article_published_time":"2021-11-24T17:00:55+00:00","og_image":[{"width":448,"height":293,"url":"https:\/\/blogdofarnesio.com.br\/wp-content\/uploads\/2016\/12\/blog-qsp-chuva-imagem-reproducao.jpg","type":"image\/jpeg"}],"author":"Farn\u00e9sio","twitter_card":"summary_large_image","twitter_misc":{"Escrito por":"Farn\u00e9sio","Est. tempo de leitura":"2 minutos"},"schema":{"@context":"https:\/\/schema.org","@graph":[{"@type":"Article","@id":"https:\/\/blogdofarnesio.com.br\/?p=300803#article","isPartOf":{"@id":"https:\/\/blogdofarnesio.com.br\/?p=300803"},"author":{"name":"Farn\u00e9sio","@id":"https:\/\/blogdofarnesio.com.br\/#\/schema\/person\/bb9b23ae3ad0609ce8df7b6c9e76824d"},"headline":"Com previs\u00e3o de fortes chuvas em Juazeiro ainda este m\u00eas, Defesa Civil refor\u00e7a aten\u00e7\u00e3o","datePublished":"2021-11-24T17:00:55+00:00","mainEntityOfPage":{"@id":"https:\/\/blogdofarnesio.com.br\/?p=300803"},"wordCount":422,"commentCount":0,"publisher":{"@id":"https:\/\/blogdofarnesio.com.br\/#organization"},"image":{"@id":"https:\/\/blogdofarnesio.com.br\/?p=300803#primaryimage"},"thumbnailUrl":"https:\/\/blogdofarnesio.com.br\/wp-content\/uploads\/2016\/12\/blog-qsp-chuva-imagem-reproducao.jpg","articleSection":["Seguran\u00e7a"],"inLanguage":"pt-BR","potentialAction":[{"@type":"CommentAction","name":"Comment","target":["https:\/\/blogdofarnesio.com.br\/?p=300803#respond"]}]},{"@type":"WebPage","@id":"https:\/\/blogdofarnesio.com.br\/?p=300803","url":"https:\/\/blogdofarnesio.com.br\/?p=300803","name":"Com previs\u00e3o de fortes chuvas em Juazeiro ainda este m\u00eas, Defesa Civil refor\u00e7a aten\u00e7\u00e3o - Blog do Farn\u00e9sio","isPartOf":{"@id":"https:\/\/blogdofarnesio.com.br\/#website"},"primaryImageOfPage":{"@id":"https:\/\/blogdofarnesio.com.br\/?p=300803#primaryimage"},"image":{"@id":"https:\/\/blogdofarnesio.com.br\/?p=300803#primaryimage"},"thumbnailUrl":"https:\/\/blogdofarnesio.com.br\/wp-content\/uploads\/2016\/12\/blog-qsp-chuva-imagem-reproducao.jpg","datePublished":"2021-11-24T17:00:55+00:00","breadcrumb":{"@id":"https:\/\/blogdofarnesio.com.br\/?p=300803#breadcrumb"},"inLanguage":"pt-BR","potentialAction":[{"@type":"ReadAction","target":["https:\/\/blogdofarnesio.com.br\/?p=300803"]}]},{"@type":"ImageObject","inLanguage":"pt-BR","@id":"https:\/\/blogdofarnesio.com.br\/?p=300803#primaryimage","url":"https:\/\/blogdofarnesio.com.br\/wp-content\/uploads\/2016\/12\/blog-qsp-chuva-imagem-reproducao.jpg","contentUrl":"https:\/\/blogdofarnesio.com.br\/wp-content\/uploads\/2016\/12\/blog-qsp-chuva-imagem-reproducao.jpg","width":448,"height":293,"caption":"Pingos de chuva no Sert\u00e3o Foto Farn\u00e9sio Silva"},{"@type":"BreadcrumbList","@id":"https:\/\/blogdofarnesio.com.br\/?p=300803#breadcrumb","itemListElement":[{"@type":"ListItem","position":1,"name":"In\u00edcio","item":"https:\/\/blogdofarnesio.com.br\/"},{"@type":"ListItem","position":2,"name":"Com previs\u00e3o de fortes chuvas em Juazeiro ainda este m\u00eas, Defesa Civil refor\u00e7a aten\u00e7\u00e3o"}]},{"@type":"WebSite","@id":"https:\/\/blogdofarnesio.com.br\/#website","url":"https:\/\/blogdofarnesio.com.br\/","name":"Blog do Farn\u00e9sio","description":"Quer Saber Pol\u00edtica?","publisher":{"@id":"https:\/\/blogdofarnesio.com.br\/#organization"},"potentialAction":[{"@type":"SearchAction","target":{"@type":"EntryPoint","urlTemplate":"https:\/\/blogdofarnesio.com.br\/?s={search_term_string}"},"query-input":{"@type":"PropertyValueSpecification","valueRequired":true,"valueName":"search_term_string"}}],"inLanguage":"pt-BR"},{"@type":"Organization","@id":"https:\/\/blogdofarnesio.com.br\/#organization","name":"Blog do Farn\u00e9sio","url":"https:\/\/blogdofarnesio.com.br\/","logo":{"@type":"ImageObject","inLanguage":"pt-BR","@id":"https:\/\/blogdofarnesio.com.br\/#\/schema\/logo\/image\/","url":"https:\/\/blogdofarnesio.com.br\/wp-content\/uploads\/2026\/03\/cropped-logo_new-1.png","contentUrl":"https:\/\/blogdofarnesio.com.br\/wp-content\/uploads\/2026\/03\/cropped-logo_new-1.png","width":881,"height":685,"caption":"Blog do Farn\u00e9sio"},"image":{"@id":"https:\/\/blogdofarnesio.com.br\/#\/schema\/logo\/image\/"},"sameAs":["https:\/\/www.facebook.com\/BlogQuerSaberPolitica\/"]},{"@type":"Person","@id":"https:\/\/blogdofarnesio.com.br\/#\/schema\/person\/bb9b23ae3ad0609ce8df7b6c9e76824d","name":"Farn\u00e9sio","image":{"@type":"ImageObject","inLanguage":"pt-BR","@id":"https:\/\/secure.gravatar.com\/avatar\/986aa4c61ccdb66f8555bf88fc2a65609d00bcabd4d2d94377a727547345cbca?s=96&d=mm&r=g","url":"https:\/\/secure.gravatar.com\/avatar\/986aa4c61ccdb66f8555bf88fc2a65609d00bcabd4d2d94377a727547345cbca?s=96&d=mm&r=g","contentUrl":"https:\/\/secure.gravatar.com\/avatar\/986aa4c61ccdb66f8555bf88fc2a65609d00bcabd4d2d94377a727547345cbca?s=96&d=mm&r=g","caption":"Farn\u00e9sio"},"description":"Radialista blogueiro, chegou a Petrolina\/Juazeiro em setembro de 1980, Farn\u00e9sio Silva \u00e9 de Arapiraca-Alagoas.","sameAs":["http:\/\/blogdofarnesio.com.br","https:\/\/www.facebook.com\/?ref=tn_tnmn","https:\/\/www.instagram.com\/?utm_source=pwa_homescreen","https:\/\/youtube.com.br\/"],"url":"https:\/\/blogdofarnesio.com.br\/?author=2"}]}},"_links":{"self":[{"href":"https:\/\/blogdofarnesio.com.br\/index.php?rest_route=\/wp\/v2\/posts\/300803","targetHints":{"allow":["GET"]}}],"collection":[{"href":"https:\/\/blogdofarnesio.com.br\/index.php?rest_route=\/wp\/v2\/posts"}],"about":[{"href":"https:\/\/blogdofarnesio.com.br\/index.php?rest_route=\/wp\/v2\/types\/post"}],"author":[{"embeddable":true,"href":"https:\/\/blogdofarnesio.com.br\/index.php?rest_route=\/wp\/v2\/users\/2"}],"replies":[{"embeddable":true,"href":"https:\/\/blogdofarnesio.com.br\/index.php?rest_route=%2Fwp%2Fv2%2Fcomments&post=300803"}],"version-history":[{"count":0,"href":"https:\/\/blogdofarnesio.com.br\/index.php?rest_route=\/wp\/v2\/posts\/300803\/revisions"}],"wp:featuredmedia":[{"embeddable":true,"href":"https:\/\/blogdofarnesio.com.br\/index.php?rest_route=\/wp\/v2\/media\/153134"}],"wp:attachment":[{"href":"https:\/\/blogdofarnesio.com.br\/index.php?rest_route=%2Fwp%2Fv2%2Fmedia&parent=300803"}],"wp:term":[{"taxonomy":"category","embeddable":true,"href":"https:\/\/blogdofarnesio.com.br\/index.php?rest_route=%2Fwp%2Fv2%2Fcategories&post=300803"},{"taxonomy":"post_tag","embeddable":true,"href":"https:\/\/blogdofarnesio.com.br\/index.php?rest_route=%2Fwp%2Fv2%2Ftags&post=300803"}],"curies":[{"name":"wp","href":"https:\/\/api.w.org\/{rel}","templated":true}]}}