{"id":300704,"date":"2021-11-23T15:02:25","date_gmt":"2021-11-23T18:02:25","guid":{"rendered":"https:\/\/blogdofarnesio.com.br\/?p=300704"},"modified":"2021-11-23T09:59:18","modified_gmt":"2021-11-23T12:59:18","slug":"petrolina-inaugura-a-ubs-do-bairro-nova-petrolina-nesta-terca-feira","status":"publish","type":"post","link":"https:\/\/blogdofarnesio.com.br\/2021\/11\/petrolina-inaugura-a-ubs-do-bairro-nova-petrolina-nesta-terca-feira\/","title":{"rendered":"Petrolina inaugura a UBS do bairro Nova Petrolina nesta ter\u00e7a-feira"},"content":{"rendered":"<p style=\"font-weight: 400;\">Nesta ter\u00e7a-feira (23), a Prefeitura de Petrolina, atrav\u00e9s da Secretaria de Sa\u00fade, inaugura a Unidade B\u00e1sica de Sa\u00fade do Nova Petrolina. O equipamento \u00e9 o maior em \u00e1rea constru\u00edda, e a equipe atender\u00e1 os moradores dos residenciais, condom\u00ednios e loteamentos no bairro. A entrega ser\u00e1 \u00e0s 18h.<\/p>\n<p style=\"font-weight: 400;\">A unidade atender\u00e1 cerca de 16 mil pessoas das localidades: Parque das Mangueiras, Parque das Videiras, Residencial Brasil, Loteamento Rafael, Residencial Nova Petrolina, Jardim Guanabara, Condom\u00ednio Encontro das \u00c1guas, Condom\u00ednio Valle Petrolina, Condom\u00ednio Valle Dos Coqueiros, Condom\u00ednio Valle Das Mangueiras, Condom\u00ednio Flor de Algod\u00e3o e Loteamento Beija Flor.<\/p>\n<p style=\"font-weight: 400;\">A comunidade tem, no momento, 100 gestantes, 500 idosos e 304 crian\u00e7as menores de 5 anos. A Secretaria de Sa\u00fade informa ainda que os atendimentos na unidade alugada est\u00e3o suspensos nesta ter\u00e7a-feira (23) para mudan\u00e7a para o novo posto de sa\u00fade. Assim, os pacientes com consultas marcadas para hoje ser\u00e3o remarcados. Nesta quarta-feira (24) os atendimentos j\u00e1 ser\u00e3o feitos na nova unidade de sa\u00fade.<\/p>\n<p style=\"font-weight: 400;\">________<\/p>\n","protected":false},"excerpt":{"rendered":"<p>Nesta ter\u00e7a-feira (23), a Prefeitura de Petrolina, atrav\u00e9s da Secretaria de Sa\u00fade, inaugura a Unidade B\u00e1sica de Sa\u00fade do Nova Petrolina. O equipamento \u00e9 o maior em \u00e1rea constru\u00edda, e a equipe atender\u00e1 os moradores dos residenciais, condom\u00ednios e loteamentos no bairro. A entrega ser\u00e1 \u00e0s 18h. A unidade atender\u00e1 cerca de 16 mil pessoas das localidades: Parque das Mangueiras, Parque das Videiras, Residencial Brasil, Loteamento Rafael, Residencial Nova Petrolina, Jardim Guanabara, Condom\u00ednio Encontro das \u00c1guas, Condom\u00ednio Valle Petrolina, Condom\u00ednio Valle Dos Coqueiros, Condom\u00ednio Valle Das Mangueiras, Condom\u00ednio Flor de Algod\u00e3o e Loteamento Beija Flor. A comunidade tem, no momento, 100 gestantes, 500 idosos e 304 crian\u00e7as menores de 5 anos. A Secretaria de Sa\u00fade informa ainda que os atendimentos&hellip; <\/p>\n","protected":false},"author":2,"featured_media":294455,"comment_status":"open","ping_status":"open","sticky":false,"template":"","format":"standard","meta":{"_acf_changed":false,"footnotes":""},"categories":[44],"tags":[],"class_list":["post-300704","post","type-post","status-publish","format-standard","has-post-thumbnail","hentry","category-administracao"],"acf":[],"yoast_head":"<!-- This site is optimized with the Yoast SEO plugin v27.5 - https:\/\/yoast.com\/product\/yoast-seo-wordpress\/ -->\n<title>Petrolina inaugura a UBS do bairro Nova Petrolina nesta ter\u00e7a-feira - Blog do Farn\u00e9sio<\/title>\n<meta name=\"robots\" content=\"index, follow, max-snippet:-1, max-image-preview:large, max-video-preview:-1\" \/>\n<link rel=\"canonical\" href=\"https:\/\/blogdofarnesio.com.br\/2021\/11\/petrolina-inaugura-a-ubs-do-bairro-nova-petrolina-nesta-terca-feira\/\" \/>\n<meta property=\"og:locale\" content=\"pt_BR\" \/>\n<meta property=\"og:type\" content=\"article\" \/>\n<meta property=\"og:title\" content=\"Petrolina inaugura a UBS do bairro Nova Petrolina nesta ter\u00e7a-feira - Blog do Farn\u00e9sio\" \/>\n<meta property=\"og:description\" content=\"Nesta ter\u00e7a-feira (23), a Prefeitura de Petrolina, atrav\u00e9s da Secretaria de Sa\u00fade, inaugura a Unidade B\u00e1sica de Sa\u00fade do Nova Petrolina. O equipamento \u00e9 o maior em \u00e1rea constru\u00edda, e a equipe atender\u00e1 os moradores dos residenciais, condom\u00ednios e loteamentos no bairro. A entrega ser\u00e1 \u00e0s 18h. A unidade atender\u00e1 cerca de 16 mil pessoas das localidades: Parque das Mangueiras, Parque das Videiras, Residencial Brasil, Loteamento Rafael, Residencial Nova Petrolina, Jardim Guanabara, Condom\u00ednio Encontro das \u00c1guas, Condom\u00ednio Valle Petrolina, Condom\u00ednio Valle Dos Coqueiros, Condom\u00ednio Valle Das Mangueiras, Condom\u00ednio Flor de Algod\u00e3o e Loteamento Beija Flor. A comunidade tem, no momento, 100 gestantes, 500 idosos e 304 crian\u00e7as menores de 5 anos. A Secretaria de Sa\u00fade informa ainda que os atendimentos&hellip;\" \/>\n<meta property=\"og:url\" content=\"https:\/\/blogdofarnesio.com.br\/2021\/11\/petrolina-inaugura-a-ubs-do-bairro-nova-petrolina-nesta-terca-feira\/\" \/>\n<meta property=\"og:site_name\" content=\"Blog do Farn\u00e9sio\" \/>\n<meta property=\"article:publisher\" content=\"https:\/\/www.facebook.com\/BlogQuerSaberPolitica\/\" \/>\n<meta property=\"article:author\" content=\"https:\/\/www.facebook.com\/?ref=tn_tnmn\" \/>\n<meta property=\"article:published_time\" content=\"2021-11-23T18:02:25+00:00\" \/>\n<meta property=\"og:image\" content=\"https:\/\/blogdofarnesio.com.br\/wp-content\/uploads\/2021\/08\/UBS-Nova-Petrolina-I.jpeg\" \/>\n\t<meta property=\"og:image:width\" content=\"1152\" \/>\n\t<meta property=\"og:image:height\" content=\"864\" \/>\n\t<meta property=\"og:image:type\" content=\"image\/jpeg\" \/>\n<meta name=\"author\" content=\"Farn\u00e9sio\" \/>\n<meta name=\"twitter:card\" content=\"summary_large_image\" \/>\n<meta name=\"twitter:label1\" content=\"Escrito por\" \/>\n\t<meta name=\"twitter:data1\" content=\"Farn\u00e9sio\" \/>\n\t<meta name=\"twitter:label2\" content=\"Est. tempo de leitura\" \/>\n\t<meta name=\"twitter:data2\" content=\"1 minuto\" \/>\n<script type=\"application\/ld+json\" class=\"yoast-schema-graph\">{\"@context\":\"https:\\\/\\\/schema.org\",\"@graph\":[{\"@type\":\"Article\",\"@id\":\"https:\\\/\\\/blogdofarnesio.com.br\\\/2021\\\/11\\\/petrolina-inaugura-a-ubs-do-bairro-nova-petrolina-nesta-terca-feira\\\/#article\",\"isPartOf\":{\"@id\":\"https:\\\/\\\/blogdofarnesio.com.br\\\/2021\\\/11\\\/petrolina-inaugura-a-ubs-do-bairro-nova-petrolina-nesta-terca-feira\\\/\"},\"author\":{\"name\":\"Farn\u00e9sio\",\"@id\":\"https:\\\/\\\/blogdofarnesio.com.br\\\/#\\\/schema\\\/person\\\/bb9b23ae3ad0609ce8df7b6c9e76824d\"},\"headline\":\"Petrolina inaugura a UBS do bairro Nova Petrolina nesta ter\u00e7a-feira\",\"datePublished\":\"2021-11-23T18:02:25+00:00\",\"mainEntityOfPage\":{\"@id\":\"https:\\\/\\\/blogdofarnesio.com.br\\\/2021\\\/11\\\/petrolina-inaugura-a-ubs-do-bairro-nova-petrolina-nesta-terca-feira\\\/\"},\"wordCount\":183,\"commentCount\":0,\"publisher\":{\"@id\":\"https:\\\/\\\/blogdofarnesio.com.br\\\/#organization\"},\"image\":{\"@id\":\"https:\\\/\\\/blogdofarnesio.com.br\\\/2021\\\/11\\\/petrolina-inaugura-a-ubs-do-bairro-nova-petrolina-nesta-terca-feira\\\/#primaryimage\"},\"thumbnailUrl\":\"https:\\\/\\\/blogdofarnesio.com.br\\\/wp-content\\\/uploads\\\/2021\\\/08\\\/UBS-Nova-Petrolina-I.jpeg\",\"articleSection\":[\"Administra\u00e7\u00e3o\"],\"inLanguage\":\"pt-BR\",\"potentialAction\":[{\"@type\":\"CommentAction\",\"name\":\"Comment\",\"target\":[\"https:\\\/\\\/blogdofarnesio.com.br\\\/2021\\\/11\\\/petrolina-inaugura-a-ubs-do-bairro-nova-petrolina-nesta-terca-feira\\\/#respond\"]}]},{\"@type\":\"WebPage\",\"@id\":\"https:\\\/\\\/blogdofarnesio.com.br\\\/2021\\\/11\\\/petrolina-inaugura-a-ubs-do-bairro-nova-petrolina-nesta-terca-feira\\\/\",\"url\":\"https:\\\/\\\/blogdofarnesio.com.br\\\/2021\\\/11\\\/petrolina-inaugura-a-ubs-do-bairro-nova-petrolina-nesta-terca-feira\\\/\",\"name\":\"Petrolina inaugura a UBS do bairro Nova Petrolina nesta ter\u00e7a-feira - Blog do Farn\u00e9sio\",\"isPartOf\":{\"@id\":\"https:\\\/\\\/blogdofarnesio.com.br\\\/#website\"},\"primaryImageOfPage\":{\"@id\":\"https:\\\/\\\/blogdofarnesio.com.br\\\/2021\\\/11\\\/petrolina-inaugura-a-ubs-do-bairro-nova-petrolina-nesta-terca-feira\\\/#primaryimage\"},\"image\":{\"@id\":\"https:\\\/\\\/blogdofarnesio.com.br\\\/2021\\\/11\\\/petrolina-inaugura-a-ubs-do-bairro-nova-petrolina-nesta-terca-feira\\\/#primaryimage\"},\"thumbnailUrl\":\"https:\\\/\\\/blogdofarnesio.com.br\\\/wp-content\\\/uploads\\\/2021\\\/08\\\/UBS-Nova-Petrolina-I.jpeg\",\"datePublished\":\"2021-11-23T18:02:25+00:00\",\"breadcrumb\":{\"@id\":\"https:\\\/\\\/blogdofarnesio.com.br\\\/2021\\\/11\\\/petrolina-inaugura-a-ubs-do-bairro-nova-petrolina-nesta-terca-feira\\\/#breadcrumb\"},\"inLanguage\":\"pt-BR\",\"potentialAction\":[{\"@type\":\"ReadAction\",\"target\":[\"https:\\\/\\\/blogdofarnesio.com.br\\\/2021\\\/11\\\/petrolina-inaugura-a-ubs-do-bairro-nova-petrolina-nesta-terca-feira\\\/\"]}]},{\"@type\":\"ImageObject\",\"inLanguage\":\"pt-BR\",\"@id\":\"https:\\\/\\\/blogdofarnesio.com.br\\\/2021\\\/11\\\/petrolina-inaugura-a-ubs-do-bairro-nova-petrolina-nesta-terca-feira\\\/#primaryimage\",\"url\":\"https:\\\/\\\/blogdofarnesio.com.br\\\/wp-content\\\/uploads\\\/2021\\\/08\\\/UBS-Nova-Petrolina-I.jpeg\",\"contentUrl\":\"https:\\\/\\\/blogdofarnesio.com.br\\\/wp-content\\\/uploads\\\/2021\\\/08\\\/UBS-Nova-Petrolina-I.jpeg\",\"width\":1152,\"height\":864},{\"@type\":\"BreadcrumbList\",\"@id\":\"https:\\\/\\\/blogdofarnesio.com.br\\\/2021\\\/11\\\/petrolina-inaugura-a-ubs-do-bairro-nova-petrolina-nesta-terca-feira\\\/#breadcrumb\",\"itemListElement\":[{\"@type\":\"ListItem\",\"position\":1,\"name\":\"In\u00edcio\",\"item\":\"https:\\\/\\\/blogdofarnesio.com.br\\\/\"},{\"@type\":\"ListItem\",\"position\":2,\"name\":\"Petrolina inaugura a UBS do bairro Nova Petrolina nesta ter\u00e7a-feira\"}]},{\"@type\":\"WebSite\",\"@id\":\"https:\\\/\\\/blogdofarnesio.com.br\\\/#website\",\"url\":\"https:\\\/\\\/blogdofarnesio.com.br\\\/\",\"name\":\"Blog do Farn\u00e9sio\",\"description\":\"Quer Saber Pol\u00edtica?\",\"publisher\":{\"@id\":\"https:\\\/\\\/blogdofarnesio.com.br\\\/#organization\"},\"potentialAction\":[{\"@type\":\"SearchAction\",\"target\":{\"@type\":\"EntryPoint\",\"urlTemplate\":\"https:\\\/\\\/blogdofarnesio.com.br\\\/?s={search_term_string}\"},\"query-input\":{\"@type\":\"PropertyValueSpecification\",\"valueRequired\":true,\"valueName\":\"search_term_string\"}}],\"inLanguage\":\"pt-BR\"},{\"@type\":\"Organization\",\"@id\":\"https:\\\/\\\/blogdofarnesio.com.br\\\/#organization\",\"name\":\"Blog do Farn\u00e9sio\",\"url\":\"https:\\\/\\\/blogdofarnesio.com.br\\\/\",\"logo\":{\"@type\":\"ImageObject\",\"inLanguage\":\"pt-BR\",\"@id\":\"https:\\\/\\\/blogdofarnesio.com.br\\\/#\\\/schema\\\/logo\\\/image\\\/\",\"url\":\"https:\\\/\\\/blogdofarnesio.com.br\\\/wp-content\\\/uploads\\\/2026\\\/03\\\/cropped-logo_new-1.png\",\"contentUrl\":\"https:\\\/\\\/blogdofarnesio.com.br\\\/wp-content\\\/uploads\\\/2026\\\/03\\\/cropped-logo_new-1.png\",\"width\":881,\"height\":685,\"caption\":\"Blog do Farn\u00e9sio\"},\"image\":{\"@id\":\"https:\\\/\\\/blogdofarnesio.com.br\\\/#\\\/schema\\\/logo\\\/image\\\/\"},\"sameAs\":[\"https:\\\/\\\/www.facebook.com\\\/BlogQuerSaberPolitica\\\/\"]},{\"@type\":\"Person\",\"@id\":\"https:\\\/\\\/blogdofarnesio.com.br\\\/#\\\/schema\\\/person\\\/bb9b23ae3ad0609ce8df7b6c9e76824d\",\"name\":\"Farn\u00e9sio\",\"image\":{\"@type\":\"ImageObject\",\"inLanguage\":\"pt-BR\",\"@id\":\"https:\\\/\\\/secure.gravatar.com\\\/avatar\\\/986aa4c61ccdb66f8555bf88fc2a65609d00bcabd4d2d94377a727547345cbca?s=96&d=mm&r=g\",\"url\":\"https:\\\/\\\/secure.gravatar.com\\\/avatar\\\/986aa4c61ccdb66f8555bf88fc2a65609d00bcabd4d2d94377a727547345cbca?s=96&d=mm&r=g\",\"contentUrl\":\"https:\\\/\\\/secure.gravatar.com\\\/avatar\\\/986aa4c61ccdb66f8555bf88fc2a65609d00bcabd4d2d94377a727547345cbca?s=96&d=mm&r=g\",\"caption\":\"Farn\u00e9sio\"},\"description\":\"Radialista blogueiro, chegou a Petrolina\\\/Juazeiro em setembro de 1980, Farn\u00e9sio Silva \u00e9 de Arapiraca-Alagoas.\",\"sameAs\":[\"http:\\\/\\\/blogdofarnesio.com.br\",\"https:\\\/\\\/www.facebook.com\\\/?ref=tn_tnmn\",\"https:\\\/\\\/www.instagram.com\\\/?utm_source=pwa_homescreen\",\"https:\\\/\\\/youtube.com.br\\\/\"],\"url\":\"https:\\\/\\\/blogdofarnesio.com.br\\\/author\\\/farnesio-2\\\/\"}]}<\/script>\n<!-- \/ Yoast SEO plugin. -->","yoast_head_json":{"title":"Petrolina inaugura a UBS do bairro Nova Petrolina nesta ter\u00e7a-feira - Blog do Farn\u00e9sio","robots":{"index":"index","follow":"follow","max-snippet":"max-snippet:-1","max-image-preview":"max-image-preview:large","max-video-preview":"max-video-preview:-1"},"canonical":"https:\/\/blogdofarnesio.com.br\/2021\/11\/petrolina-inaugura-a-ubs-do-bairro-nova-petrolina-nesta-terca-feira\/","og_locale":"pt_BR","og_type":"article","og_title":"Petrolina inaugura a UBS do bairro Nova Petrolina nesta ter\u00e7a-feira - Blog do Farn\u00e9sio","og_description":"Nesta ter\u00e7a-feira (23), a Prefeitura de Petrolina, atrav\u00e9s da Secretaria de Sa\u00fade, inaugura a Unidade B\u00e1sica de Sa\u00fade do Nova Petrolina. O equipamento \u00e9 o maior em \u00e1rea constru\u00edda, e a equipe atender\u00e1 os moradores dos residenciais, condom\u00ednios e loteamentos no bairro. A entrega ser\u00e1 \u00e0s 18h. A unidade atender\u00e1 cerca de 16 mil pessoas das localidades: Parque das Mangueiras, Parque das Videiras, Residencial Brasil, Loteamento Rafael, Residencial Nova Petrolina, Jardim Guanabara, Condom\u00ednio Encontro das \u00c1guas, Condom\u00ednio Valle Petrolina, Condom\u00ednio Valle Dos Coqueiros, Condom\u00ednio Valle Das Mangueiras, Condom\u00ednio Flor de Algod\u00e3o e Loteamento Beija Flor. A comunidade tem, no momento, 100 gestantes, 500 idosos e 304 crian\u00e7as menores de 5 anos. A Secretaria de Sa\u00fade informa ainda que os atendimentos&hellip;","og_url":"https:\/\/blogdofarnesio.com.br\/2021\/11\/petrolina-inaugura-a-ubs-do-bairro-nova-petrolina-nesta-terca-feira\/","og_site_name":"Blog do Farn\u00e9sio","article_publisher":"https:\/\/www.facebook.com\/BlogQuerSaberPolitica\/","article_author":"https:\/\/www.facebook.com\/?ref=tn_tnmn","article_published_time":"2021-11-23T18:02:25+00:00","og_image":[{"width":1152,"height":864,"url":"https:\/\/blogdofarnesio.com.br\/wp-content\/uploads\/2021\/08\/UBS-Nova-Petrolina-I.jpeg","type":"image\/jpeg"}],"author":"Farn\u00e9sio","twitter_card":"summary_large_image","twitter_misc":{"Escrito por":"Farn\u00e9sio","Est. tempo de leitura":"1 minuto"},"schema":{"@context":"https:\/\/schema.org","@graph":[{"@type":"Article","@id":"https:\/\/blogdofarnesio.com.br\/2021\/11\/petrolina-inaugura-a-ubs-do-bairro-nova-petrolina-nesta-terca-feira\/#article","isPartOf":{"@id":"https:\/\/blogdofarnesio.com.br\/2021\/11\/petrolina-inaugura-a-ubs-do-bairro-nova-petrolina-nesta-terca-feira\/"},"author":{"name":"Farn\u00e9sio","@id":"https:\/\/blogdofarnesio.com.br\/#\/schema\/person\/bb9b23ae3ad0609ce8df7b6c9e76824d"},"headline":"Petrolina inaugura a UBS do bairro Nova Petrolina nesta ter\u00e7a-feira","datePublished":"2021-11-23T18:02:25+00:00","mainEntityOfPage":{"@id":"https:\/\/blogdofarnesio.com.br\/2021\/11\/petrolina-inaugura-a-ubs-do-bairro-nova-petrolina-nesta-terca-feira\/"},"wordCount":183,"commentCount":0,"publisher":{"@id":"https:\/\/blogdofarnesio.com.br\/#organization"},"image":{"@id":"https:\/\/blogdofarnesio.com.br\/2021\/11\/petrolina-inaugura-a-ubs-do-bairro-nova-petrolina-nesta-terca-feira\/#primaryimage"},"thumbnailUrl":"https:\/\/blogdofarnesio.com.br\/wp-content\/uploads\/2021\/08\/UBS-Nova-Petrolina-I.jpeg","articleSection":["Administra\u00e7\u00e3o"],"inLanguage":"pt-BR","potentialAction":[{"@type":"CommentAction","name":"Comment","target":["https:\/\/blogdofarnesio.com.br\/2021\/11\/petrolina-inaugura-a-ubs-do-bairro-nova-petrolina-nesta-terca-feira\/#respond"]}]},{"@type":"WebPage","@id":"https:\/\/blogdofarnesio.com.br\/2021\/11\/petrolina-inaugura-a-ubs-do-bairro-nova-petrolina-nesta-terca-feira\/","url":"https:\/\/blogdofarnesio.com.br\/2021\/11\/petrolina-inaugura-a-ubs-do-bairro-nova-petrolina-nesta-terca-feira\/","name":"Petrolina inaugura a UBS do bairro Nova Petrolina nesta ter\u00e7a-feira - Blog do Farn\u00e9sio","isPartOf":{"@id":"https:\/\/blogdofarnesio.com.br\/#website"},"primaryImageOfPage":{"@id":"https:\/\/blogdofarnesio.com.br\/2021\/11\/petrolina-inaugura-a-ubs-do-bairro-nova-petrolina-nesta-terca-feira\/#primaryimage"},"image":{"@id":"https:\/\/blogdofarnesio.com.br\/2021\/11\/petrolina-inaugura-a-ubs-do-bairro-nova-petrolina-nesta-terca-feira\/#primaryimage"},"thumbnailUrl":"https:\/\/blogdofarnesio.com.br\/wp-content\/uploads\/2021\/08\/UBS-Nova-Petrolina-I.jpeg","datePublished":"2021-11-23T18:02:25+00:00","breadcrumb":{"@id":"https:\/\/blogdofarnesio.com.br\/2021\/11\/petrolina-inaugura-a-ubs-do-bairro-nova-petrolina-nesta-terca-feira\/#breadcrumb"},"inLanguage":"pt-BR","potentialAction":[{"@type":"ReadAction","target":["https:\/\/blogdofarnesio.com.br\/2021\/11\/petrolina-inaugura-a-ubs-do-bairro-nova-petrolina-nesta-terca-feira\/"]}]},{"@type":"ImageObject","inLanguage":"pt-BR","@id":"https:\/\/blogdofarnesio.com.br\/2021\/11\/petrolina-inaugura-a-ubs-do-bairro-nova-petrolina-nesta-terca-feira\/#primaryimage","url":"https:\/\/blogdofarnesio.com.br\/wp-content\/uploads\/2021\/08\/UBS-Nova-Petrolina-I.jpeg","contentUrl":"https:\/\/blogdofarnesio.com.br\/wp-content\/uploads\/2021\/08\/UBS-Nova-Petrolina-I.jpeg","width":1152,"height":864},{"@type":"BreadcrumbList","@id":"https:\/\/blogdofarnesio.com.br\/2021\/11\/petrolina-inaugura-a-ubs-do-bairro-nova-petrolina-nesta-terca-feira\/#breadcrumb","itemListElement":[{"@type":"ListItem","position":1,"name":"In\u00edcio","item":"https:\/\/blogdofarnesio.com.br\/"},{"@type":"ListItem","position":2,"name":"Petrolina inaugura a UBS do bairro Nova Petrolina nesta ter\u00e7a-feira"}]},{"@type":"WebSite","@id":"https:\/\/blogdofarnesio.com.br\/#website","url":"https:\/\/blogdofarnesio.com.br\/","name":"Blog do Farn\u00e9sio","description":"Quer Saber Pol\u00edtica?","publisher":{"@id":"https:\/\/blogdofarnesio.com.br\/#organization"},"potentialAction":[{"@type":"SearchAction","target":{"@type":"EntryPoint","urlTemplate":"https:\/\/blogdofarnesio.com.br\/?s={search_term_string}"},"query-input":{"@type":"PropertyValueSpecification","valueRequired":true,"valueName":"search_term_string"}}],"inLanguage":"pt-BR"},{"@type":"Organization","@id":"https:\/\/blogdofarnesio.com.br\/#organization","name":"Blog do Farn\u00e9sio","url":"https:\/\/blogdofarnesio.com.br\/","logo":{"@type":"ImageObject","inLanguage":"pt-BR","@id":"https:\/\/blogdofarnesio.com.br\/#\/schema\/logo\/image\/","url":"https:\/\/blogdofarnesio.com.br\/wp-content\/uploads\/2026\/03\/cropped-logo_new-1.png","contentUrl":"https:\/\/blogdofarnesio.com.br\/wp-content\/uploads\/2026\/03\/cropped-logo_new-1.png","width":881,"height":685,"caption":"Blog do Farn\u00e9sio"},"image":{"@id":"https:\/\/blogdofarnesio.com.br\/#\/schema\/logo\/image\/"},"sameAs":["https:\/\/www.facebook.com\/BlogQuerSaberPolitica\/"]},{"@type":"Person","@id":"https:\/\/blogdofarnesio.com.br\/#\/schema\/person\/bb9b23ae3ad0609ce8df7b6c9e76824d","name":"Farn\u00e9sio","image":{"@type":"ImageObject","inLanguage":"pt-BR","@id":"https:\/\/secure.gravatar.com\/avatar\/986aa4c61ccdb66f8555bf88fc2a65609d00bcabd4d2d94377a727547345cbca?s=96&d=mm&r=g","url":"https:\/\/secure.gravatar.com\/avatar\/986aa4c61ccdb66f8555bf88fc2a65609d00bcabd4d2d94377a727547345cbca?s=96&d=mm&r=g","contentUrl":"https:\/\/secure.gravatar.com\/avatar\/986aa4c61ccdb66f8555bf88fc2a65609d00bcabd4d2d94377a727547345cbca?s=96&d=mm&r=g","caption":"Farn\u00e9sio"},"description":"Radialista blogueiro, chegou a Petrolina\/Juazeiro em setembro de 1980, Farn\u00e9sio Silva \u00e9 de Arapiraca-Alagoas.","sameAs":["http:\/\/blogdofarnesio.com.br","https:\/\/www.facebook.com\/?ref=tn_tnmn","https:\/\/www.instagram.com\/?utm_source=pwa_homescreen","https:\/\/youtube.com.br\/"],"url":"https:\/\/blogdofarnesio.com.br\/author\/farnesio-2\/"}]}},"_links":{"self":[{"href":"https:\/\/blogdofarnesio.com.br\/wp-json\/wp\/v2\/posts\/300704","targetHints":{"allow":["GET"]}}],"collection":[{"href":"https:\/\/blogdofarnesio.com.br\/wp-json\/wp\/v2\/posts"}],"about":[{"href":"https:\/\/blogdofarnesio.com.br\/wp-json\/wp\/v2\/types\/post"}],"author":[{"embeddable":true,"href":"https:\/\/blogdofarnesio.com.br\/wp-json\/wp\/v2\/users\/2"}],"replies":[{"embeddable":true,"href":"https:\/\/blogdofarnesio.com.br\/wp-json\/wp\/v2\/comments?post=300704"}],"version-history":[{"count":0,"href":"https:\/\/blogdofarnesio.com.br\/wp-json\/wp\/v2\/posts\/300704\/revisions"}],"wp:featuredmedia":[{"embeddable":true,"href":"https:\/\/blogdofarnesio.com.br\/wp-json\/wp\/v2\/media\/294455"}],"wp:attachment":[{"href":"https:\/\/blogdofarnesio.com.br\/wp-json\/wp\/v2\/media?parent=300704"}],"wp:term":[{"taxonomy":"category","embeddable":true,"href":"https:\/\/blogdofarnesio.com.br\/wp-json\/wp\/v2\/categories?post=300704"},{"taxonomy":"post_tag","embeddable":true,"href":"https:\/\/blogdofarnesio.com.br\/wp-json\/wp\/v2\/tags?post=300704"}],"curies":[{"name":"wp","href":"https:\/\/api.w.org\/{rel}","templated":true}]}}