{"id":300690,"date":"2021-11-23T14:00:53","date_gmt":"2021-11-23T17:00:53","guid":{"rendered":"https:\/\/blogdofarnesio.com.br\/?p=300690"},"modified":"2021-11-23T10:01:13","modified_gmt":"2021-11-23T13:01:13","slug":"6a-edicao-da-semana-do-bebe-teve-inicio-nesta-segunda-feira-em-petrolina","status":"publish","type":"post","link":"https:\/\/blogdofarnesio.com.br\/2021\/11\/6a-edicao-da-semana-do-bebe-teve-inicio-nesta-segunda-feira-em-petrolina\/","title":{"rendered":"6\u00aa edi\u00e7\u00e3o da Semana do Beb\u00ea teve in\u00edcio nesta segunda-feira em Petrolina"},"content":{"rendered":"<p style=\"font-weight: 400;\">A Prefeitura de Petrolina realiza desde ontem (22), a 6\u00aa edi\u00e7\u00e3o da Semana do Beb\u00ea, com o tema: \u201cAleitamento materno e Vacina\u00e7\u00e3o: amor e prote\u00e7\u00e3o desde o in\u00edcio da vida\u201d. A iniciativa promove, at\u00e9 sexta-feira (26), diversas atividades voltadas para crian\u00e7as da primeira inf\u00e2ncia (0 a 6 anos), gestantes e seus familiares.<\/p>\n<p style=\"font-weight: 400;\">A Semana do Beb\u00ea \u00e9 uma das principais estrat\u00e9gias do Fundo das Na\u00e7\u00f5es Unidas para a Inf\u00e2ncia (UNICEF) para assegurar a aten\u00e7\u00e3o adequada a crian\u00e7as de at\u00e9 6 anos de idade. O evento \u00e9 realizado em parceira com as Secretarias de Sa\u00fade (SESAU), Educa\u00e7\u00e3o, Cultura e Esportes (SEDUCE) e Desenvolvimento Social e Direitos Humanos (SEDESDH).<\/p>\n<p style=\"font-weight: 400;\">\u201cA Semana do Beb\u00ea \u00e9 um momento de reflex\u00e3o e avalia\u00e7\u00e3o das condi\u00e7\u00f5es sociais, educacionais e de sa\u00fade que o munic\u00edpio oferece \u00e0s crian\u00e7as em sua primeira inf\u00e2ncia e com essa avalia\u00e7\u00e3o melhorar os servi\u00e7os\u201d, salientou a Articuladora do Selo UNICEF, K\u00e1tia Carvalho.<\/p>\n<p style=\"font-weight: 400;\"><strong>PROGRAMA\u00c7\u00c3O:<\/strong><\/p>\n<p style=\"font-weight: 400;\">&#8211; Segunda-feira (22\/11):<\/p>\n<p style=\"font-weight: 400;\">Abertura com in\u00edcio da campanha de incentivo ao aleitamento Materno: divulga\u00e7\u00e3o de v\u00eddeo institucional com a Primeira-dama Lara Secchi Coelho<\/p>\n<p style=\"font-weight: 400;\">&#8211; hoje (23\/11):<\/p>\n<p style=\"font-weight: 400;\">Evento: \u201cBeb\u00ea prefeito\u201d: o primeiro beb\u00ea a nascer no dia 22\/11 na Casa de Parto de Petrolina, receber\u00e1 o t\u00edtulo e certificado de Beb\u00ea prefeito, sendo contemplado com diversos mimos em celebra\u00e7\u00e3o e valoriza\u00e7\u00e3o desse momento especial.<\/p>\n<p style=\"font-weight: 400;\">&#8211; Atividades de educa\u00e7\u00e3o em sa\u00fade sobre aleitamento materno.<\/p>\n<p style=\"font-weight: 400;\">&#8211; Vacina\u00e7\u00e3o<\/p>\n<p style=\"font-weight: 400;\">&#8211; Triagem neonatal (rec\u00e9m-nascido)<\/p>\n<p style=\"font-weight: 400;\">&#8211; Realiza\u00e7\u00e3o de testes da linguinha em beb\u00eas.<\/p>\n<p style=\"font-weight: 400;\">&#8211; Quarta-feira (24\/11):<\/p>\n<p style=\"font-weight: 400;\">&#8211; A\u00e7\u00f5es de Aten\u00e7\u00e3o B\u00e1sica com equipe de Sa\u00fade da Fam\u00edlia voltada a primeira inf\u00e2ncia na CMEI Cardoso de S\u00e1 (bairro Jos\u00e9 e Maria)<\/p>\n<p style=\"font-weight: 400;\">&#8211; Quinta-feira (25\/11):<\/p>\n<p style=\"font-weight: 400;\">Projeto \u201cBem Maior\u201d: oficinas, conta\u00e7\u00e3o de hist\u00f3rias e rodas de conversa para crian\u00e7as e gestantes atendidas pelo programa Bem maior no Centro de Refer\u00eancia em Assist\u00eancia Social (CRAS) Jos\u00e9 e Maria.<\/p>\n<p style=\"font-weight: 400;\">&#8211; A\u00e7\u00f5es de Aten\u00e7\u00e3o B\u00e1sica com equipe de Sa\u00fade da Fam\u00edlia voltada a primeira inf\u00e2ncia na CMEI Gabriel Moreira (Rajada)<\/p>\n<p style=\"font-weight: 400;\">Sexta-feira (26\/11):<\/p>\n<p style=\"font-weight: 400;\">&#8211; Live com Pediatra sobre a import\u00e2ncia do aleitamento materno e cumprimento do calend\u00e1rio de vacina\u00e7\u00e3o das gestantes e crian\u00e7as.<\/p>\n<p style=\"font-weight: 400;\">&#8212;&#8212;&#8212;&#8212;&#8212;&#8212;&#8212;&#8211;<\/p>\n<p style=\"font-weight: 400;\">Irislane Pacheco\/ Ascom Selo UNICEF<\/p>\n","protected":false},"excerpt":{"rendered":"<p>A Prefeitura de Petrolina realiza desde ontem (22), a 6\u00aa edi\u00e7\u00e3o da Semana do Beb\u00ea, com o tema: \u201cAleitamento materno e Vacina\u00e7\u00e3o: amor e prote\u00e7\u00e3o desde o in\u00edcio da vida\u201d. A iniciativa promove, at\u00e9 sexta-feira (26), diversas atividades voltadas para crian\u00e7as da primeira inf\u00e2ncia (0 a 6 anos), gestantes e seus familiares. A Semana do Beb\u00ea \u00e9 uma das principais estrat\u00e9gias do Fundo das Na\u00e7\u00f5es Unidas para a Inf\u00e2ncia (UNICEF) para assegurar a aten\u00e7\u00e3o adequada a crian\u00e7as de at\u00e9 6 anos de idade. O evento \u00e9 realizado em parceira com as Secretarias de Sa\u00fade (SESAU), Educa\u00e7\u00e3o, Cultura e Esportes (SEDUCE) e Desenvolvimento Social e Direitos Humanos (SEDESDH). \u201cA Semana do Beb\u00ea \u00e9 um momento de reflex\u00e3o e avalia\u00e7\u00e3o das condi\u00e7\u00f5es&hellip; <\/p>\n","protected":false},"author":2,"featured_media":300691,"comment_status":"open","ping_status":"open","sticky":false,"template":"","format":"standard","meta":{"_acf_changed":false,"footnotes":""},"categories":[43],"tags":[],"class_list":["post-300690","post","type-post","status-publish","format-standard","has-post-thumbnail","hentry","category-sem-categoria"],"acf":[],"yoast_head":"<!-- This site is optimized with the Yoast SEO plugin v27.5 - https:\/\/yoast.com\/product\/yoast-seo-wordpress\/ -->\n<title>6\u00aa edi\u00e7\u00e3o da Semana do Beb\u00ea teve in\u00edcio nesta segunda-feira em Petrolina - Blog do Farn\u00e9sio<\/title>\n<meta name=\"robots\" content=\"index, follow, max-snippet:-1, max-image-preview:large, max-video-preview:-1\" \/>\n<link rel=\"canonical\" href=\"https:\/\/blogdofarnesio.com.br\/2021\/11\/6a-edicao-da-semana-do-bebe-teve-inicio-nesta-segunda-feira-em-petrolina\/\" \/>\n<meta property=\"og:locale\" content=\"pt_BR\" \/>\n<meta property=\"og:type\" content=\"article\" \/>\n<meta property=\"og:title\" content=\"6\u00aa edi\u00e7\u00e3o da Semana do Beb\u00ea teve in\u00edcio nesta segunda-feira em Petrolina - Blog do Farn\u00e9sio\" \/>\n<meta property=\"og:description\" content=\"A Prefeitura de Petrolina realiza desde ontem (22), a 6\u00aa edi\u00e7\u00e3o da Semana do Beb\u00ea, com o tema: \u201cAleitamento materno e Vacina\u00e7\u00e3o: amor e prote\u00e7\u00e3o desde o in\u00edcio da vida\u201d. A iniciativa promove, at\u00e9 sexta-feira (26), diversas atividades voltadas para crian\u00e7as da primeira inf\u00e2ncia (0 a 6 anos), gestantes e seus familiares. A Semana do Beb\u00ea \u00e9 uma das principais estrat\u00e9gias do Fundo das Na\u00e7\u00f5es Unidas para a Inf\u00e2ncia (UNICEF) para assegurar a aten\u00e7\u00e3o adequada a crian\u00e7as de at\u00e9 6 anos de idade. O evento \u00e9 realizado em parceira com as Secretarias de Sa\u00fade (SESAU), Educa\u00e7\u00e3o, Cultura e Esportes (SEDUCE) e Desenvolvimento Social e Direitos Humanos (SEDESDH). \u201cA Semana do Beb\u00ea \u00e9 um momento de reflex\u00e3o e avalia\u00e7\u00e3o das condi\u00e7\u00f5es&hellip;\" \/>\n<meta property=\"og:url\" content=\"https:\/\/blogdofarnesio.com.br\/2021\/11\/6a-edicao-da-semana-do-bebe-teve-inicio-nesta-segunda-feira-em-petrolina\/\" \/>\n<meta property=\"og:site_name\" content=\"Blog do Farn\u00e9sio\" \/>\n<meta property=\"article:publisher\" content=\"https:\/\/www.facebook.com\/BlogQuerSaberPolitica\/\" \/>\n<meta property=\"article:author\" content=\"https:\/\/www.facebook.com\/?ref=tn_tnmn\" \/>\n<meta property=\"article:published_time\" content=\"2021-11-23T17:00:53+00:00\" \/>\n<meta property=\"og:image\" content=\"https:\/\/blogdofarnesio.com.br\/wp-content\/uploads\/2021\/11\/Semana-do-Bebe-1-e1669670871467.jpeg\" \/>\n\t<meta property=\"og:image:width\" content=\"680\" \/>\n\t<meta property=\"og:image:height\" content=\"372\" \/>\n\t<meta property=\"og:image:type\" content=\"image\/jpeg\" \/>\n<meta name=\"author\" content=\"Farn\u00e9sio\" \/>\n<meta name=\"twitter:card\" content=\"summary_large_image\" \/>\n<meta name=\"twitter:label1\" content=\"Escrito por\" \/>\n\t<meta name=\"twitter:data1\" content=\"Farn\u00e9sio\" \/>\n\t<meta name=\"twitter:label2\" content=\"Est. tempo de leitura\" \/>\n\t<meta name=\"twitter:data2\" content=\"2 minutos\" \/>\n<script type=\"application\/ld+json\" class=\"yoast-schema-graph\">{\"@context\":\"https:\\\/\\\/schema.org\",\"@graph\":[{\"@type\":\"Article\",\"@id\":\"https:\\\/\\\/blogdofarnesio.com.br\\\/2021\\\/11\\\/6a-edicao-da-semana-do-bebe-teve-inicio-nesta-segunda-feira-em-petrolina\\\/#article\",\"isPartOf\":{\"@id\":\"https:\\\/\\\/blogdofarnesio.com.br\\\/2021\\\/11\\\/6a-edicao-da-semana-do-bebe-teve-inicio-nesta-segunda-feira-em-petrolina\\\/\"},\"author\":{\"name\":\"Farn\u00e9sio\",\"@id\":\"https:\\\/\\\/blogdofarnesio.com.br\\\/#\\\/schema\\\/person\\\/bb9b23ae3ad0609ce8df7b6c9e76824d\"},\"headline\":\"6\u00aa edi\u00e7\u00e3o da Semana do Beb\u00ea teve in\u00edcio nesta segunda-feira em Petrolina\",\"datePublished\":\"2021-11-23T17:00:53+00:00\",\"mainEntityOfPage\":{\"@id\":\"https:\\\/\\\/blogdofarnesio.com.br\\\/2021\\\/11\\\/6a-edicao-da-semana-do-bebe-teve-inicio-nesta-segunda-feira-em-petrolina\\\/\"},\"wordCount\":401,\"commentCount\":0,\"publisher\":{\"@id\":\"https:\\\/\\\/blogdofarnesio.com.br\\\/#organization\"},\"image\":{\"@id\":\"https:\\\/\\\/blogdofarnesio.com.br\\\/2021\\\/11\\\/6a-edicao-da-semana-do-bebe-teve-inicio-nesta-segunda-feira-em-petrolina\\\/#primaryimage\"},\"thumbnailUrl\":\"https:\\\/\\\/blogdofarnesio.com.br\\\/wp-content\\\/uploads\\\/2021\\\/11\\\/Semana-do-Bebe-1-e1669670871467.jpeg\",\"inLanguage\":\"pt-BR\",\"potentialAction\":[{\"@type\":\"CommentAction\",\"name\":\"Comment\",\"target\":[\"https:\\\/\\\/blogdofarnesio.com.br\\\/2021\\\/11\\\/6a-edicao-da-semana-do-bebe-teve-inicio-nesta-segunda-feira-em-petrolina\\\/#respond\"]}]},{\"@type\":\"WebPage\",\"@id\":\"https:\\\/\\\/blogdofarnesio.com.br\\\/2021\\\/11\\\/6a-edicao-da-semana-do-bebe-teve-inicio-nesta-segunda-feira-em-petrolina\\\/\",\"url\":\"https:\\\/\\\/blogdofarnesio.com.br\\\/2021\\\/11\\\/6a-edicao-da-semana-do-bebe-teve-inicio-nesta-segunda-feira-em-petrolina\\\/\",\"name\":\"6\u00aa edi\u00e7\u00e3o da Semana do Beb\u00ea teve in\u00edcio nesta segunda-feira em Petrolina - Blog do Farn\u00e9sio\",\"isPartOf\":{\"@id\":\"https:\\\/\\\/blogdofarnesio.com.br\\\/#website\"},\"primaryImageOfPage\":{\"@id\":\"https:\\\/\\\/blogdofarnesio.com.br\\\/2021\\\/11\\\/6a-edicao-da-semana-do-bebe-teve-inicio-nesta-segunda-feira-em-petrolina\\\/#primaryimage\"},\"image\":{\"@id\":\"https:\\\/\\\/blogdofarnesio.com.br\\\/2021\\\/11\\\/6a-edicao-da-semana-do-bebe-teve-inicio-nesta-segunda-feira-em-petrolina\\\/#primaryimage\"},\"thumbnailUrl\":\"https:\\\/\\\/blogdofarnesio.com.br\\\/wp-content\\\/uploads\\\/2021\\\/11\\\/Semana-do-Bebe-1-e1669670871467.jpeg\",\"datePublished\":\"2021-11-23T17:00:53+00:00\",\"breadcrumb\":{\"@id\":\"https:\\\/\\\/blogdofarnesio.com.br\\\/2021\\\/11\\\/6a-edicao-da-semana-do-bebe-teve-inicio-nesta-segunda-feira-em-petrolina\\\/#breadcrumb\"},\"inLanguage\":\"pt-BR\",\"potentialAction\":[{\"@type\":\"ReadAction\",\"target\":[\"https:\\\/\\\/blogdofarnesio.com.br\\\/2021\\\/11\\\/6a-edicao-da-semana-do-bebe-teve-inicio-nesta-segunda-feira-em-petrolina\\\/\"]}]},{\"@type\":\"ImageObject\",\"inLanguage\":\"pt-BR\",\"@id\":\"https:\\\/\\\/blogdofarnesio.com.br\\\/2021\\\/11\\\/6a-edicao-da-semana-do-bebe-teve-inicio-nesta-segunda-feira-em-petrolina\\\/#primaryimage\",\"url\":\"https:\\\/\\\/blogdofarnesio.com.br\\\/wp-content\\\/uploads\\\/2021\\\/11\\\/Semana-do-Bebe-1-e1669670871467.jpeg\",\"contentUrl\":\"https:\\\/\\\/blogdofarnesio.com.br\\\/wp-content\\\/uploads\\\/2021\\\/11\\\/Semana-do-Bebe-1-e1669670871467.jpeg\",\"width\":680,\"height\":372},{\"@type\":\"BreadcrumbList\",\"@id\":\"https:\\\/\\\/blogdofarnesio.com.br\\\/2021\\\/11\\\/6a-edicao-da-semana-do-bebe-teve-inicio-nesta-segunda-feira-em-petrolina\\\/#breadcrumb\",\"itemListElement\":[{\"@type\":\"ListItem\",\"position\":1,\"name\":\"In\u00edcio\",\"item\":\"https:\\\/\\\/blogdofarnesio.com.br\\\/\"},{\"@type\":\"ListItem\",\"position\":2,\"name\":\"6\u00aa edi\u00e7\u00e3o da Semana do Beb\u00ea teve in\u00edcio nesta segunda-feira em Petrolina\"}]},{\"@type\":\"WebSite\",\"@id\":\"https:\\\/\\\/blogdofarnesio.com.br\\\/#website\",\"url\":\"https:\\\/\\\/blogdofarnesio.com.br\\\/\",\"name\":\"Blog do Farn\u00e9sio\",\"description\":\"Quer Saber Pol\u00edtica?\",\"publisher\":{\"@id\":\"https:\\\/\\\/blogdofarnesio.com.br\\\/#organization\"},\"potentialAction\":[{\"@type\":\"SearchAction\",\"target\":{\"@type\":\"EntryPoint\",\"urlTemplate\":\"https:\\\/\\\/blogdofarnesio.com.br\\\/?s={search_term_string}\"},\"query-input\":{\"@type\":\"PropertyValueSpecification\",\"valueRequired\":true,\"valueName\":\"search_term_string\"}}],\"inLanguage\":\"pt-BR\"},{\"@type\":\"Organization\",\"@id\":\"https:\\\/\\\/blogdofarnesio.com.br\\\/#organization\",\"name\":\"Blog do Farn\u00e9sio\",\"url\":\"https:\\\/\\\/blogdofarnesio.com.br\\\/\",\"logo\":{\"@type\":\"ImageObject\",\"inLanguage\":\"pt-BR\",\"@id\":\"https:\\\/\\\/blogdofarnesio.com.br\\\/#\\\/schema\\\/logo\\\/image\\\/\",\"url\":\"https:\\\/\\\/blogdofarnesio.com.br\\\/wp-content\\\/uploads\\\/2026\\\/03\\\/cropped-logo_new-1.png\",\"contentUrl\":\"https:\\\/\\\/blogdofarnesio.com.br\\\/wp-content\\\/uploads\\\/2026\\\/03\\\/cropped-logo_new-1.png\",\"width\":881,\"height\":685,\"caption\":\"Blog do Farn\u00e9sio\"},\"image\":{\"@id\":\"https:\\\/\\\/blogdofarnesio.com.br\\\/#\\\/schema\\\/logo\\\/image\\\/\"},\"sameAs\":[\"https:\\\/\\\/www.facebook.com\\\/BlogQuerSaberPolitica\\\/\"]},{\"@type\":\"Person\",\"@id\":\"https:\\\/\\\/blogdofarnesio.com.br\\\/#\\\/schema\\\/person\\\/bb9b23ae3ad0609ce8df7b6c9e76824d\",\"name\":\"Farn\u00e9sio\",\"image\":{\"@type\":\"ImageObject\",\"inLanguage\":\"pt-BR\",\"@id\":\"https:\\\/\\\/secure.gravatar.com\\\/avatar\\\/986aa4c61ccdb66f8555bf88fc2a65609d00bcabd4d2d94377a727547345cbca?s=96&d=mm&r=g\",\"url\":\"https:\\\/\\\/secure.gravatar.com\\\/avatar\\\/986aa4c61ccdb66f8555bf88fc2a65609d00bcabd4d2d94377a727547345cbca?s=96&d=mm&r=g\",\"contentUrl\":\"https:\\\/\\\/secure.gravatar.com\\\/avatar\\\/986aa4c61ccdb66f8555bf88fc2a65609d00bcabd4d2d94377a727547345cbca?s=96&d=mm&r=g\",\"caption\":\"Farn\u00e9sio\"},\"description\":\"Radialista blogueiro, chegou a Petrolina\\\/Juazeiro em setembro de 1980, Farn\u00e9sio Silva \u00e9 de Arapiraca-Alagoas.\",\"sameAs\":[\"http:\\\/\\\/blogdofarnesio.com.br\",\"https:\\\/\\\/www.facebook.com\\\/?ref=tn_tnmn\",\"https:\\\/\\\/www.instagram.com\\\/?utm_source=pwa_homescreen\",\"https:\\\/\\\/youtube.com.br\\\/\"],\"url\":\"https:\\\/\\\/blogdofarnesio.com.br\\\/author\\\/farnesio-2\\\/\"}]}<\/script>\n<!-- \/ Yoast SEO plugin. -->","yoast_head_json":{"title":"6\u00aa edi\u00e7\u00e3o da Semana do Beb\u00ea teve in\u00edcio nesta segunda-feira em Petrolina - Blog do Farn\u00e9sio","robots":{"index":"index","follow":"follow","max-snippet":"max-snippet:-1","max-image-preview":"max-image-preview:large","max-video-preview":"max-video-preview:-1"},"canonical":"https:\/\/blogdofarnesio.com.br\/2021\/11\/6a-edicao-da-semana-do-bebe-teve-inicio-nesta-segunda-feira-em-petrolina\/","og_locale":"pt_BR","og_type":"article","og_title":"6\u00aa edi\u00e7\u00e3o da Semana do Beb\u00ea teve in\u00edcio nesta segunda-feira em Petrolina - Blog do Farn\u00e9sio","og_description":"A Prefeitura de Petrolina realiza desde ontem (22), a 6\u00aa edi\u00e7\u00e3o da Semana do Beb\u00ea, com o tema: \u201cAleitamento materno e Vacina\u00e7\u00e3o: amor e prote\u00e7\u00e3o desde o in\u00edcio da vida\u201d. A iniciativa promove, at\u00e9 sexta-feira (26), diversas atividades voltadas para crian\u00e7as da primeira inf\u00e2ncia (0 a 6 anos), gestantes e seus familiares. A Semana do Beb\u00ea \u00e9 uma das principais estrat\u00e9gias do Fundo das Na\u00e7\u00f5es Unidas para a Inf\u00e2ncia (UNICEF) para assegurar a aten\u00e7\u00e3o adequada a crian\u00e7as de at\u00e9 6 anos de idade. O evento \u00e9 realizado em parceira com as Secretarias de Sa\u00fade (SESAU), Educa\u00e7\u00e3o, Cultura e Esportes (SEDUCE) e Desenvolvimento Social e Direitos Humanos (SEDESDH). \u201cA Semana do Beb\u00ea \u00e9 um momento de reflex\u00e3o e avalia\u00e7\u00e3o das condi\u00e7\u00f5es&hellip;","og_url":"https:\/\/blogdofarnesio.com.br\/2021\/11\/6a-edicao-da-semana-do-bebe-teve-inicio-nesta-segunda-feira-em-petrolina\/","og_site_name":"Blog do Farn\u00e9sio","article_publisher":"https:\/\/www.facebook.com\/BlogQuerSaberPolitica\/","article_author":"https:\/\/www.facebook.com\/?ref=tn_tnmn","article_published_time":"2021-11-23T17:00:53+00:00","og_image":[{"width":680,"height":372,"url":"https:\/\/blogdofarnesio.com.br\/wp-content\/uploads\/2021\/11\/Semana-do-Bebe-1-e1669670871467.jpeg","type":"image\/jpeg"}],"author":"Farn\u00e9sio","twitter_card":"summary_large_image","twitter_misc":{"Escrito por":"Farn\u00e9sio","Est. tempo de leitura":"2 minutos"},"schema":{"@context":"https:\/\/schema.org","@graph":[{"@type":"Article","@id":"https:\/\/blogdofarnesio.com.br\/2021\/11\/6a-edicao-da-semana-do-bebe-teve-inicio-nesta-segunda-feira-em-petrolina\/#article","isPartOf":{"@id":"https:\/\/blogdofarnesio.com.br\/2021\/11\/6a-edicao-da-semana-do-bebe-teve-inicio-nesta-segunda-feira-em-petrolina\/"},"author":{"name":"Farn\u00e9sio","@id":"https:\/\/blogdofarnesio.com.br\/#\/schema\/person\/bb9b23ae3ad0609ce8df7b6c9e76824d"},"headline":"6\u00aa edi\u00e7\u00e3o da Semana do Beb\u00ea teve in\u00edcio nesta segunda-feira em Petrolina","datePublished":"2021-11-23T17:00:53+00:00","mainEntityOfPage":{"@id":"https:\/\/blogdofarnesio.com.br\/2021\/11\/6a-edicao-da-semana-do-bebe-teve-inicio-nesta-segunda-feira-em-petrolina\/"},"wordCount":401,"commentCount":0,"publisher":{"@id":"https:\/\/blogdofarnesio.com.br\/#organization"},"image":{"@id":"https:\/\/blogdofarnesio.com.br\/2021\/11\/6a-edicao-da-semana-do-bebe-teve-inicio-nesta-segunda-feira-em-petrolina\/#primaryimage"},"thumbnailUrl":"https:\/\/blogdofarnesio.com.br\/wp-content\/uploads\/2021\/11\/Semana-do-Bebe-1-e1669670871467.jpeg","inLanguage":"pt-BR","potentialAction":[{"@type":"CommentAction","name":"Comment","target":["https:\/\/blogdofarnesio.com.br\/2021\/11\/6a-edicao-da-semana-do-bebe-teve-inicio-nesta-segunda-feira-em-petrolina\/#respond"]}]},{"@type":"WebPage","@id":"https:\/\/blogdofarnesio.com.br\/2021\/11\/6a-edicao-da-semana-do-bebe-teve-inicio-nesta-segunda-feira-em-petrolina\/","url":"https:\/\/blogdofarnesio.com.br\/2021\/11\/6a-edicao-da-semana-do-bebe-teve-inicio-nesta-segunda-feira-em-petrolina\/","name":"6\u00aa edi\u00e7\u00e3o da Semana do Beb\u00ea teve in\u00edcio nesta segunda-feira em Petrolina - Blog do Farn\u00e9sio","isPartOf":{"@id":"https:\/\/blogdofarnesio.com.br\/#website"},"primaryImageOfPage":{"@id":"https:\/\/blogdofarnesio.com.br\/2021\/11\/6a-edicao-da-semana-do-bebe-teve-inicio-nesta-segunda-feira-em-petrolina\/#primaryimage"},"image":{"@id":"https:\/\/blogdofarnesio.com.br\/2021\/11\/6a-edicao-da-semana-do-bebe-teve-inicio-nesta-segunda-feira-em-petrolina\/#primaryimage"},"thumbnailUrl":"https:\/\/blogdofarnesio.com.br\/wp-content\/uploads\/2021\/11\/Semana-do-Bebe-1-e1669670871467.jpeg","datePublished":"2021-11-23T17:00:53+00:00","breadcrumb":{"@id":"https:\/\/blogdofarnesio.com.br\/2021\/11\/6a-edicao-da-semana-do-bebe-teve-inicio-nesta-segunda-feira-em-petrolina\/#breadcrumb"},"inLanguage":"pt-BR","potentialAction":[{"@type":"ReadAction","target":["https:\/\/blogdofarnesio.com.br\/2021\/11\/6a-edicao-da-semana-do-bebe-teve-inicio-nesta-segunda-feira-em-petrolina\/"]}]},{"@type":"ImageObject","inLanguage":"pt-BR","@id":"https:\/\/blogdofarnesio.com.br\/2021\/11\/6a-edicao-da-semana-do-bebe-teve-inicio-nesta-segunda-feira-em-petrolina\/#primaryimage","url":"https:\/\/blogdofarnesio.com.br\/wp-content\/uploads\/2021\/11\/Semana-do-Bebe-1-e1669670871467.jpeg","contentUrl":"https:\/\/blogdofarnesio.com.br\/wp-content\/uploads\/2021\/11\/Semana-do-Bebe-1-e1669670871467.jpeg","width":680,"height":372},{"@type":"BreadcrumbList","@id":"https:\/\/blogdofarnesio.com.br\/2021\/11\/6a-edicao-da-semana-do-bebe-teve-inicio-nesta-segunda-feira-em-petrolina\/#breadcrumb","itemListElement":[{"@type":"ListItem","position":1,"name":"In\u00edcio","item":"https:\/\/blogdofarnesio.com.br\/"},{"@type":"ListItem","position":2,"name":"6\u00aa edi\u00e7\u00e3o da Semana do Beb\u00ea teve in\u00edcio nesta segunda-feira em Petrolina"}]},{"@type":"WebSite","@id":"https:\/\/blogdofarnesio.com.br\/#website","url":"https:\/\/blogdofarnesio.com.br\/","name":"Blog do Farn\u00e9sio","description":"Quer Saber Pol\u00edtica?","publisher":{"@id":"https:\/\/blogdofarnesio.com.br\/#organization"},"potentialAction":[{"@type":"SearchAction","target":{"@type":"EntryPoint","urlTemplate":"https:\/\/blogdofarnesio.com.br\/?s={search_term_string}"},"query-input":{"@type":"PropertyValueSpecification","valueRequired":true,"valueName":"search_term_string"}}],"inLanguage":"pt-BR"},{"@type":"Organization","@id":"https:\/\/blogdofarnesio.com.br\/#organization","name":"Blog do Farn\u00e9sio","url":"https:\/\/blogdofarnesio.com.br\/","logo":{"@type":"ImageObject","inLanguage":"pt-BR","@id":"https:\/\/blogdofarnesio.com.br\/#\/schema\/logo\/image\/","url":"https:\/\/blogdofarnesio.com.br\/wp-content\/uploads\/2026\/03\/cropped-logo_new-1.png","contentUrl":"https:\/\/blogdofarnesio.com.br\/wp-content\/uploads\/2026\/03\/cropped-logo_new-1.png","width":881,"height":685,"caption":"Blog do Farn\u00e9sio"},"image":{"@id":"https:\/\/blogdofarnesio.com.br\/#\/schema\/logo\/image\/"},"sameAs":["https:\/\/www.facebook.com\/BlogQuerSaberPolitica\/"]},{"@type":"Person","@id":"https:\/\/blogdofarnesio.com.br\/#\/schema\/person\/bb9b23ae3ad0609ce8df7b6c9e76824d","name":"Farn\u00e9sio","image":{"@type":"ImageObject","inLanguage":"pt-BR","@id":"https:\/\/secure.gravatar.com\/avatar\/986aa4c61ccdb66f8555bf88fc2a65609d00bcabd4d2d94377a727547345cbca?s=96&d=mm&r=g","url":"https:\/\/secure.gravatar.com\/avatar\/986aa4c61ccdb66f8555bf88fc2a65609d00bcabd4d2d94377a727547345cbca?s=96&d=mm&r=g","contentUrl":"https:\/\/secure.gravatar.com\/avatar\/986aa4c61ccdb66f8555bf88fc2a65609d00bcabd4d2d94377a727547345cbca?s=96&d=mm&r=g","caption":"Farn\u00e9sio"},"description":"Radialista blogueiro, chegou a Petrolina\/Juazeiro em setembro de 1980, Farn\u00e9sio Silva \u00e9 de Arapiraca-Alagoas.","sameAs":["http:\/\/blogdofarnesio.com.br","https:\/\/www.facebook.com\/?ref=tn_tnmn","https:\/\/www.instagram.com\/?utm_source=pwa_homescreen","https:\/\/youtube.com.br\/"],"url":"https:\/\/blogdofarnesio.com.br\/author\/farnesio-2\/"}]}},"_links":{"self":[{"href":"https:\/\/blogdofarnesio.com.br\/wp-json\/wp\/v2\/posts\/300690","targetHints":{"allow":["GET"]}}],"collection":[{"href":"https:\/\/blogdofarnesio.com.br\/wp-json\/wp\/v2\/posts"}],"about":[{"href":"https:\/\/blogdofarnesio.com.br\/wp-json\/wp\/v2\/types\/post"}],"author":[{"embeddable":true,"href":"https:\/\/blogdofarnesio.com.br\/wp-json\/wp\/v2\/users\/2"}],"replies":[{"embeddable":true,"href":"https:\/\/blogdofarnesio.com.br\/wp-json\/wp\/v2\/comments?post=300690"}],"version-history":[{"count":0,"href":"https:\/\/blogdofarnesio.com.br\/wp-json\/wp\/v2\/posts\/300690\/revisions"}],"wp:featuredmedia":[{"embeddable":true,"href":"https:\/\/blogdofarnesio.com.br\/wp-json\/wp\/v2\/media\/300691"}],"wp:attachment":[{"href":"https:\/\/blogdofarnesio.com.br\/wp-json\/wp\/v2\/media?parent=300690"}],"wp:term":[{"taxonomy":"category","embeddable":true,"href":"https:\/\/blogdofarnesio.com.br\/wp-json\/wp\/v2\/categories?post=300690"},{"taxonomy":"post_tag","embeddable":true,"href":"https:\/\/blogdofarnesio.com.br\/wp-json\/wp\/v2\/tags?post=300690"}],"curies":[{"name":"wp","href":"https:\/\/api.w.org\/{rel}","templated":true}]}}