{"id":300587,"date":"2021-11-22T07:00:18","date_gmt":"2021-11-22T10:00:18","guid":{"rendered":"https:\/\/blogdofarnesio.com.br\/?p=300587"},"modified":"2021-11-21T17:34:37","modified_gmt":"2021-11-21T20:34:37","slug":"semana-comeca-com-vacina-contra-a-covid19-para-todas-idades-em-juazeiro","status":"publish","type":"post","link":"https:\/\/blogdofarnesio.com.br\/?p=300587","title":{"rendered":"Semana come\u00e7a com vacina contra a Covid19 para todas idades em Juazeiro. Confira onde"},"content":{"rendered":"<p style=\"font-weight: 400;\">A Prefeitura de Juazeiro, atrav\u00e9s da Secretaria de Sa\u00fade (Sesau), d\u00e1 continuidade \u00e0 vacina\u00e7\u00e3o contra a Covid-19 nesta segunda-feira (22). Os adolescentes de 12 a 17 anos da zona urbana precisam realizar agendamento na plataforma\u00a0<a href=\"http:\/\/vacina.juazeiro.ba.gov.br\/\" data-saferedirecturl=\"https:\/\/www.google.com\/url?q=http:\/\/vacina.juazeiro.ba.gov.br&amp;source=gmail&amp;ust=1637612092898000&amp;usg=AOvVaw3ecBhyyRU-Ld-z7pEcplfu\">vacina.juazeiro.ba.gov.br<\/a>. Tamb\u00e9m haver\u00e1 vacina\u00e7\u00e3o de adolescentes na zona rural, al\u00e9m de pontos de aplica\u00e7\u00e3o de primeira dose para as pessoas com 18 anos ou mais que ainda n\u00e3o iniciaram a imuniza\u00e7\u00e3o, da segunda dose e da dose de refor\u00e7o.<\/p>\n<p style=\"font-weight: 400;\"><strong>Agendamento Adolescentes de 12 a 17 anos \u2013 zona urbana<\/strong><\/p>\n<p style=\"font-weight: 400;\">Este p\u00fablico que ainda n\u00e3o recebeu a primeira dose deve realizar agendamento na plataforma\u00a0<a href=\"http:\/\/vacina.juazeiro.ba.gov.br\/\" data-saferedirecturl=\"https:\/\/www.google.com\/url?q=http:\/\/vacina.juazeiro.ba.gov.br&amp;source=gmail&amp;ust=1637612092898000&amp;usg=AOvVaw3ecBhyyRU-Ld-z7pEcplfu\">vacina.juazeiro.ba.gov.br<\/a>. A vacina\u00e7\u00e3o na segunda-feira ser\u00e1 nas Unidades B\u00e1sicas de Sa\u00fade (UBSs) Penha, Dom Jos\u00e9 Rodrigues e Ant\u00f4nio Guilhermino. O hor\u00e1rio \u00e9 das 8h \u00e0s 11h30. Ser\u00e3o 100 doses em cada unidade. \u00c9 preciso levar RG, CPF, cart\u00e3o SUS e comprovante de resid\u00eancia. Os adolescentes precisam estar acompanhados de pais ou respons\u00e1veis. Apenas adolescentes agendados receber\u00e3o a vacina. O agendamento segue at\u00e9 o encerramento das doses.<\/p>\n<p style=\"font-weight: 400;\"><strong>Adolescentes 12 a 17 anos- zona rural<\/strong><\/p>\n<p style=\"font-weight: 400;\">Tamb\u00e9m haver\u00e1 vacina\u00e7\u00e3o de adolescentes na zona rural nas comunidades do Distrito 5: Mandacaru II, Pinh\u00f5es, Carna\u00edba do Sert\u00e3o e Lagoa do Salitre. O hor\u00e1rio \u00e9 das 8h \u00e0s 12h. A vacina\u00e7\u00e3o da zona rural \u00e9 exclusiva para os moradores destas localidades. \u00c9 preciso levar RG, CPF, cart\u00e3o SUS e comprovante de resid\u00eancia. Os adolescentes precisam estar acompanhados de pais ou respons\u00e1veis. N\u00e3o \u00e9 necess\u00e1rio agendamento para a zona rural.<\/p>\n<p style=\"font-weight: 400;\"><strong>Repescagem- P\u00fablico 18 anos ou mais<\/strong><\/p>\n<p style=\"font-weight: 400;\">Quem tem 18 anos ou mais e ainda n\u00e3o tomou a primeira dose da vacina contra a Covid-19 deve buscar pela Uneb. O hor\u00e1rio \u00e9 de 8h \u00e0s 11h30 e das 13h30 \u00e0s 16h. \u00c9 preciso levar RG, CPF, Cart\u00e3o SUS e comprovante de resid\u00eancia.<\/p>\n<p style=\"font-weight: 400;\"><strong>Segunda dose &#8211; Pfizer, Oxford\/AstraZeneca e CoronaVac<\/strong><\/p>\n<p style=\"font-weight: 400;\">A vacina\u00e7\u00e3o com a Pfizer ser\u00e1 realizada no Ju\u00e1 Garden Shopping, das 10h \u00e0s 16h; nas UBSs Jardim Fl\u00f3rida e CSU, de 8h \u00e0s 11h30 e das 13h30 \u00e0s 16h; e na UBS Itaberaba, das 8h \u00e0s 11h30. A vacina\u00e7\u00e3o com Oxford e CoronaVac ser\u00e1 no Audit\u00f3rio do Centro de Sa\u00fade III (bairro Angary), no hor\u00e1rio das 8h \u00e0s 11h30 e das 14h \u00e0s 16h. \u00c9 preciso levar RG, CPF, Cart\u00e3o SUS, cart\u00e3o de vacina e comprovante de resid\u00eancia. Por orienta\u00e7\u00e3o do Minist\u00e9rio da Sa\u00fade, o prazo para a aplica\u00e7\u00e3o da segunda dose da vacina Pfizer foi reduzido para 8 semanas (56 dias).<\/p>\n<p style=\"font-weight: 400;\"><strong>Dose de Refor\u00e7o (3\u00aa dose)<\/strong><\/p>\n<p style=\"font-weight: 400;\">A dose de refor\u00e7o \u00e9 destinada a pessoas, residentes em Juazeiro, com 55 anos ou mais e que tenham intervalo de 5 meses em rela\u00e7\u00e3o \u00e0 \u00faltima dose; profissionais de sa\u00fade ativos e lotados em Juazeiro e que tenham intervalo de 5 meses em rela\u00e7\u00e3o \u00e0 \u00faltima dose; e imunossuprimidos que estejam com intervalo de 28 dias em rela\u00e7\u00e3o \u00e0 \u00faltima dose.<\/p>\n<p style=\"font-weight: 400;\">A vacina\u00e7\u00e3o destes p\u00fablicos ser\u00e1 na Univasf, das 8h \u00e0s 11h30 e das 13h30 \u00e0s 16h. \u00c9 preciso levar RG, CPF, cart\u00e3o SUS, comprovante de resid\u00eancia e cart\u00e3o de vacina. O trabalhador de sa\u00fade deve levar tamb\u00e9m o comprovante de v\u00ednculo empregat\u00edcio atualizado (a exemplo do contracheque). Os imunossuprimidos tamb\u00e9m precisam levar original e c\u00f3pia do laudo m\u00e9dico (a c\u00f3pia ficar\u00e1 retida).<\/p>\n<p style=\"font-weight: 400;\">S\u00e3o considerados imunossuprimidos as pessoas com doen\u00e7as reum\u00e1ticas imunomediadas sist\u00eamicas em atividade e em uso de dose de prednisona ou equivalente a 10 mg\/dia ou recebendo pulsoterapia com cortic\u00f3ide e\/ou ciclofosfamida; demais indiv\u00edduos em uso de imunossupressores ou com imunodefici\u00eancias prim\u00e1rias; pacientes oncol\u00f3gicos que realizaram tratamento quimioter\u00e1pico ou radioter\u00e1pico nos \u00faltimos 6 meses; neoplasias hematol\u00f3gicas e pacientes renais cr\u00f4nicos.<\/p>\n<p style=\"font-weight: 400;\">Texto: Amanda Franco \u2013 Ascom Sesau PMJ<\/p>\n<p style=\"font-weight: 400;\">&#8211;<\/p>\n","protected":false},"excerpt":{"rendered":"<p>A Prefeitura de Juazeiro, atrav\u00e9s da Secretaria de Sa\u00fade (Sesau), d\u00e1 continuidade \u00e0 vacina\u00e7\u00e3o contra a Covid-19 nesta segunda-feira (22). Os adolescentes de 12 a 17 anos da zona urbana precisam realizar agendamento na plataforma\u00a0vacina.juazeiro.ba.gov.br. Tamb\u00e9m haver\u00e1 vacina\u00e7\u00e3o de adolescentes na zona rural, al\u00e9m de pontos de aplica\u00e7\u00e3o de primeira dose para as pessoas com 18 anos ou mais que ainda n\u00e3o iniciaram a imuniza\u00e7\u00e3o, da segunda dose e da dose de refor\u00e7o. Agendamento Adolescentes de 12 a 17 anos \u2013 zona urbana Este p\u00fablico que ainda n\u00e3o recebeu a primeira dose deve realizar agendamento na plataforma\u00a0vacina.juazeiro.ba.gov.br. A vacina\u00e7\u00e3o na segunda-feira ser\u00e1 nas Unidades B\u00e1sicas de Sa\u00fade (UBSs) Penha, Dom Jos\u00e9 Rodrigues e Ant\u00f4nio Guilhermino. O hor\u00e1rio \u00e9 das 8h&hellip; <\/p>\n","protected":false},"author":2,"featured_media":296501,"comment_status":"open","ping_status":"open","sticky":false,"template":"","format":"standard","meta":{"_acf_changed":false,"footnotes":""},"categories":[4],"tags":[],"class_list":["post-300587","post","type-post","status-publish","format-standard","has-post-thumbnail","hentry","category-saude"],"acf":[],"yoast_head":"<!-- This site is optimized with the Yoast SEO plugin v27.4 - https:\/\/yoast.com\/product\/yoast-seo-wordpress\/ -->\n<title>Semana come\u00e7a com vacina contra a Covid19 para todas idades em Juazeiro. Confira onde - Blog do Farn\u00e9sio<\/title>\n<meta name=\"robots\" content=\"index, follow, max-snippet:-1, max-image-preview:large, max-video-preview:-1\" \/>\n<link rel=\"canonical\" href=\"https:\/\/blogdofarnesio.com.br\/?p=300587\" \/>\n<meta property=\"og:locale\" content=\"pt_BR\" \/>\n<meta property=\"og:type\" content=\"article\" \/>\n<meta property=\"og:title\" content=\"Semana come\u00e7a com vacina contra a Covid19 para todas idades em Juazeiro. Confira onde - Blog do Farn\u00e9sio\" \/>\n<meta property=\"og:description\" content=\"A Prefeitura de Juazeiro, atrav\u00e9s da Secretaria de Sa\u00fade (Sesau), d\u00e1 continuidade \u00e0 vacina\u00e7\u00e3o contra a Covid-19 nesta segunda-feira (22). Os adolescentes de 12 a 17 anos da zona urbana precisam realizar agendamento na plataforma\u00a0vacina.juazeiro.ba.gov.br. Tamb\u00e9m haver\u00e1 vacina\u00e7\u00e3o de adolescentes na zona rural, al\u00e9m de pontos de aplica\u00e7\u00e3o de primeira dose para as pessoas com 18 anos ou mais que ainda n\u00e3o iniciaram a imuniza\u00e7\u00e3o, da segunda dose e da dose de refor\u00e7o. Agendamento Adolescentes de 12 a 17 anos \u2013 zona urbana Este p\u00fablico que ainda n\u00e3o recebeu a primeira dose deve realizar agendamento na plataforma\u00a0vacina.juazeiro.ba.gov.br. A vacina\u00e7\u00e3o na segunda-feira ser\u00e1 nas Unidades B\u00e1sicas de Sa\u00fade (UBSs) Penha, Dom Jos\u00e9 Rodrigues e Ant\u00f4nio Guilhermino. O hor\u00e1rio \u00e9 das 8h&hellip;\" \/>\n<meta property=\"og:url\" content=\"https:\/\/blogdofarnesio.com.br\/?p=300587\" \/>\n<meta property=\"og:site_name\" content=\"Blog do Farn\u00e9sio\" \/>\n<meta property=\"article:publisher\" content=\"https:\/\/www.facebook.com\/BlogQuerSaberPolitica\/\" \/>\n<meta property=\"article:author\" content=\"https:\/\/www.facebook.com\/?ref=tn_tnmn\" \/>\n<meta property=\"article:published_time\" content=\"2021-11-22T10:00:18+00:00\" \/>\n<meta property=\"og:image\" content=\"https:\/\/blogdofarnesio.com.br\/wp-content\/uploads\/2021\/09\/blogqspvacina-agenda-e1632852555317.jpg\" \/>\n\t<meta property=\"og:image:width\" content=\"730\" \/>\n\t<meta property=\"og:image:height\" content=\"341\" \/>\n\t<meta property=\"og:image:type\" content=\"image\/jpeg\" \/>\n<meta name=\"author\" content=\"Farn\u00e9sio\" \/>\n<meta name=\"twitter:card\" content=\"summary_large_image\" \/>\n<meta name=\"twitter:label1\" content=\"Escrito por\" \/>\n\t<meta name=\"twitter:data1\" content=\"Farn\u00e9sio\" \/>\n\t<meta name=\"twitter:label2\" content=\"Est. tempo de leitura\" \/>\n\t<meta name=\"twitter:data2\" content=\"3 minutos\" \/>\n<script type=\"application\/ld+json\" class=\"yoast-schema-graph\">{\"@context\":\"https:\\\/\\\/schema.org\",\"@graph\":[{\"@type\":\"Article\",\"@id\":\"https:\\\/\\\/blogdofarnesio.com.br\\\/?p=300587#article\",\"isPartOf\":{\"@id\":\"https:\\\/\\\/blogdofarnesio.com.br\\\/?p=300587\"},\"author\":{\"name\":\"Farn\u00e9sio\",\"@id\":\"https:\\\/\\\/blogdofarnesio.com.br\\\/#\\\/schema\\\/person\\\/bb9b23ae3ad0609ce8df7b6c9e76824d\"},\"headline\":\"Semana come\u00e7a com vacina contra a Covid19 para todas idades em Juazeiro. Confira onde\",\"datePublished\":\"2021-11-22T10:00:18+00:00\",\"mainEntityOfPage\":{\"@id\":\"https:\\\/\\\/blogdofarnesio.com.br\\\/?p=300587\"},\"wordCount\":669,\"commentCount\":0,\"publisher\":{\"@id\":\"https:\\\/\\\/blogdofarnesio.com.br\\\/#organization\"},\"image\":{\"@id\":\"https:\\\/\\\/blogdofarnesio.com.br\\\/?p=300587#primaryimage\"},\"thumbnailUrl\":\"https:\\\/\\\/blogdofarnesio.com.br\\\/wp-content\\\/uploads\\\/2021\\\/09\\\/blogqspvacina-agenda-e1632852555317.jpg\",\"articleSection\":[\"Sa\u00fade\"],\"inLanguage\":\"pt-BR\",\"potentialAction\":[{\"@type\":\"CommentAction\",\"name\":\"Comment\",\"target\":[\"https:\\\/\\\/blogdofarnesio.com.br\\\/?p=300587#respond\"]}]},{\"@type\":\"WebPage\",\"@id\":\"https:\\\/\\\/blogdofarnesio.com.br\\\/?p=300587\",\"url\":\"https:\\\/\\\/blogdofarnesio.com.br\\\/?p=300587\",\"name\":\"Semana come\u00e7a com vacina contra a Covid19 para todas idades em Juazeiro. Confira onde - Blog do Farn\u00e9sio\",\"isPartOf\":{\"@id\":\"https:\\\/\\\/blogdofarnesio.com.br\\\/#website\"},\"primaryImageOfPage\":{\"@id\":\"https:\\\/\\\/blogdofarnesio.com.br\\\/?p=300587#primaryimage\"},\"image\":{\"@id\":\"https:\\\/\\\/blogdofarnesio.com.br\\\/?p=300587#primaryimage\"},\"thumbnailUrl\":\"https:\\\/\\\/blogdofarnesio.com.br\\\/wp-content\\\/uploads\\\/2021\\\/09\\\/blogqspvacina-agenda-e1632852555317.jpg\",\"datePublished\":\"2021-11-22T10:00:18+00:00\",\"breadcrumb\":{\"@id\":\"https:\\\/\\\/blogdofarnesio.com.br\\\/?p=300587#breadcrumb\"},\"inLanguage\":\"pt-BR\",\"potentialAction\":[{\"@type\":\"ReadAction\",\"target\":[\"https:\\\/\\\/blogdofarnesio.com.br\\\/?p=300587\"]}]},{\"@type\":\"ImageObject\",\"inLanguage\":\"pt-BR\",\"@id\":\"https:\\\/\\\/blogdofarnesio.com.br\\\/?p=300587#primaryimage\",\"url\":\"https:\\\/\\\/blogdofarnesio.com.br\\\/wp-content\\\/uploads\\\/2021\\\/09\\\/blogqspvacina-agenda-e1632852555317.jpg\",\"contentUrl\":\"https:\\\/\\\/blogdofarnesio.com.br\\\/wp-content\\\/uploads\\\/2021\\\/09\\\/blogqspvacina-agenda-e1632852555317.jpg\",\"width\":730,\"height\":341},{\"@type\":\"BreadcrumbList\",\"@id\":\"https:\\\/\\\/blogdofarnesio.com.br\\\/?p=300587#breadcrumb\",\"itemListElement\":[{\"@type\":\"ListItem\",\"position\":1,\"name\":\"In\u00edcio\",\"item\":\"https:\\\/\\\/blogdofarnesio.com.br\\\/\"},{\"@type\":\"ListItem\",\"position\":2,\"name\":\"Semana come\u00e7a com vacina contra a Covid19 para todas idades em Juazeiro. Confira onde\"}]},{\"@type\":\"WebSite\",\"@id\":\"https:\\\/\\\/blogdofarnesio.com.br\\\/#website\",\"url\":\"https:\\\/\\\/blogdofarnesio.com.br\\\/\",\"name\":\"Blog do Farn\u00e9sio\",\"description\":\"Quer Saber Pol\u00edtica?\",\"publisher\":{\"@id\":\"https:\\\/\\\/blogdofarnesio.com.br\\\/#organization\"},\"potentialAction\":[{\"@type\":\"SearchAction\",\"target\":{\"@type\":\"EntryPoint\",\"urlTemplate\":\"https:\\\/\\\/blogdofarnesio.com.br\\\/?s={search_term_string}\"},\"query-input\":{\"@type\":\"PropertyValueSpecification\",\"valueRequired\":true,\"valueName\":\"search_term_string\"}}],\"inLanguage\":\"pt-BR\"},{\"@type\":\"Organization\",\"@id\":\"https:\\\/\\\/blogdofarnesio.com.br\\\/#organization\",\"name\":\"Blog do Farn\u00e9sio\",\"url\":\"https:\\\/\\\/blogdofarnesio.com.br\\\/\",\"logo\":{\"@type\":\"ImageObject\",\"inLanguage\":\"pt-BR\",\"@id\":\"https:\\\/\\\/blogdofarnesio.com.br\\\/#\\\/schema\\\/logo\\\/image\\\/\",\"url\":\"https:\\\/\\\/blogdofarnesio.com.br\\\/wp-content\\\/uploads\\\/2026\\\/03\\\/cropped-logo_new-1.png\",\"contentUrl\":\"https:\\\/\\\/blogdofarnesio.com.br\\\/wp-content\\\/uploads\\\/2026\\\/03\\\/cropped-logo_new-1.png\",\"width\":881,\"height\":685,\"caption\":\"Blog do Farn\u00e9sio\"},\"image\":{\"@id\":\"https:\\\/\\\/blogdofarnesio.com.br\\\/#\\\/schema\\\/logo\\\/image\\\/\"},\"sameAs\":[\"https:\\\/\\\/www.facebook.com\\\/BlogQuerSaberPolitica\\\/\"]},{\"@type\":\"Person\",\"@id\":\"https:\\\/\\\/blogdofarnesio.com.br\\\/#\\\/schema\\\/person\\\/bb9b23ae3ad0609ce8df7b6c9e76824d\",\"name\":\"Farn\u00e9sio\",\"image\":{\"@type\":\"ImageObject\",\"inLanguage\":\"pt-BR\",\"@id\":\"https:\\\/\\\/secure.gravatar.com\\\/avatar\\\/986aa4c61ccdb66f8555bf88fc2a65609d00bcabd4d2d94377a727547345cbca?s=96&d=mm&r=g\",\"url\":\"https:\\\/\\\/secure.gravatar.com\\\/avatar\\\/986aa4c61ccdb66f8555bf88fc2a65609d00bcabd4d2d94377a727547345cbca?s=96&d=mm&r=g\",\"contentUrl\":\"https:\\\/\\\/secure.gravatar.com\\\/avatar\\\/986aa4c61ccdb66f8555bf88fc2a65609d00bcabd4d2d94377a727547345cbca?s=96&d=mm&r=g\",\"caption\":\"Farn\u00e9sio\"},\"description\":\"Radialista blogueiro, chegou a Petrolina\\\/Juazeiro em setembro de 1980, Farn\u00e9sio Silva \u00e9 de Arapiraca-Alagoas.\",\"sameAs\":[\"http:\\\/\\\/blogdofarnesio.com.br\",\"https:\\\/\\\/www.facebook.com\\\/?ref=tn_tnmn\",\"https:\\\/\\\/www.instagram.com\\\/?utm_source=pwa_homescreen\",\"https:\\\/\\\/youtube.com.br\\\/\"],\"url\":\"https:\\\/\\\/blogdofarnesio.com.br\\\/?author=2\"}]}<\/script>\n<!-- \/ Yoast SEO plugin. -->","yoast_head_json":{"title":"Semana come\u00e7a com vacina contra a Covid19 para todas idades em Juazeiro. Confira onde - Blog do Farn\u00e9sio","robots":{"index":"index","follow":"follow","max-snippet":"max-snippet:-1","max-image-preview":"max-image-preview:large","max-video-preview":"max-video-preview:-1"},"canonical":"https:\/\/blogdofarnesio.com.br\/?p=300587","og_locale":"pt_BR","og_type":"article","og_title":"Semana come\u00e7a com vacina contra a Covid19 para todas idades em Juazeiro. Confira onde - Blog do Farn\u00e9sio","og_description":"A Prefeitura de Juazeiro, atrav\u00e9s da Secretaria de Sa\u00fade (Sesau), d\u00e1 continuidade \u00e0 vacina\u00e7\u00e3o contra a Covid-19 nesta segunda-feira (22). Os adolescentes de 12 a 17 anos da zona urbana precisam realizar agendamento na plataforma\u00a0vacina.juazeiro.ba.gov.br. Tamb\u00e9m haver\u00e1 vacina\u00e7\u00e3o de adolescentes na zona rural, al\u00e9m de pontos de aplica\u00e7\u00e3o de primeira dose para as pessoas com 18 anos ou mais que ainda n\u00e3o iniciaram a imuniza\u00e7\u00e3o, da segunda dose e da dose de refor\u00e7o. Agendamento Adolescentes de 12 a 17 anos \u2013 zona urbana Este p\u00fablico que ainda n\u00e3o recebeu a primeira dose deve realizar agendamento na plataforma\u00a0vacina.juazeiro.ba.gov.br. A vacina\u00e7\u00e3o na segunda-feira ser\u00e1 nas Unidades B\u00e1sicas de Sa\u00fade (UBSs) Penha, Dom Jos\u00e9 Rodrigues e Ant\u00f4nio Guilhermino. O hor\u00e1rio \u00e9 das 8h&hellip;","og_url":"https:\/\/blogdofarnesio.com.br\/?p=300587","og_site_name":"Blog do Farn\u00e9sio","article_publisher":"https:\/\/www.facebook.com\/BlogQuerSaberPolitica\/","article_author":"https:\/\/www.facebook.com\/?ref=tn_tnmn","article_published_time":"2021-11-22T10:00:18+00:00","og_image":[{"width":730,"height":341,"url":"https:\/\/blogdofarnesio.com.br\/wp-content\/uploads\/2021\/09\/blogqspvacina-agenda-e1632852555317.jpg","type":"image\/jpeg"}],"author":"Farn\u00e9sio","twitter_card":"summary_large_image","twitter_misc":{"Escrito por":"Farn\u00e9sio","Est. tempo de leitura":"3 minutos"},"schema":{"@context":"https:\/\/schema.org","@graph":[{"@type":"Article","@id":"https:\/\/blogdofarnesio.com.br\/?p=300587#article","isPartOf":{"@id":"https:\/\/blogdofarnesio.com.br\/?p=300587"},"author":{"name":"Farn\u00e9sio","@id":"https:\/\/blogdofarnesio.com.br\/#\/schema\/person\/bb9b23ae3ad0609ce8df7b6c9e76824d"},"headline":"Semana come\u00e7a com vacina contra a Covid19 para todas idades em Juazeiro. Confira onde","datePublished":"2021-11-22T10:00:18+00:00","mainEntityOfPage":{"@id":"https:\/\/blogdofarnesio.com.br\/?p=300587"},"wordCount":669,"commentCount":0,"publisher":{"@id":"https:\/\/blogdofarnesio.com.br\/#organization"},"image":{"@id":"https:\/\/blogdofarnesio.com.br\/?p=300587#primaryimage"},"thumbnailUrl":"https:\/\/blogdofarnesio.com.br\/wp-content\/uploads\/2021\/09\/blogqspvacina-agenda-e1632852555317.jpg","articleSection":["Sa\u00fade"],"inLanguage":"pt-BR","potentialAction":[{"@type":"CommentAction","name":"Comment","target":["https:\/\/blogdofarnesio.com.br\/?p=300587#respond"]}]},{"@type":"WebPage","@id":"https:\/\/blogdofarnesio.com.br\/?p=300587","url":"https:\/\/blogdofarnesio.com.br\/?p=300587","name":"Semana come\u00e7a com vacina contra a Covid19 para todas idades em Juazeiro. Confira onde - Blog do Farn\u00e9sio","isPartOf":{"@id":"https:\/\/blogdofarnesio.com.br\/#website"},"primaryImageOfPage":{"@id":"https:\/\/blogdofarnesio.com.br\/?p=300587#primaryimage"},"image":{"@id":"https:\/\/blogdofarnesio.com.br\/?p=300587#primaryimage"},"thumbnailUrl":"https:\/\/blogdofarnesio.com.br\/wp-content\/uploads\/2021\/09\/blogqspvacina-agenda-e1632852555317.jpg","datePublished":"2021-11-22T10:00:18+00:00","breadcrumb":{"@id":"https:\/\/blogdofarnesio.com.br\/?p=300587#breadcrumb"},"inLanguage":"pt-BR","potentialAction":[{"@type":"ReadAction","target":["https:\/\/blogdofarnesio.com.br\/?p=300587"]}]},{"@type":"ImageObject","inLanguage":"pt-BR","@id":"https:\/\/blogdofarnesio.com.br\/?p=300587#primaryimage","url":"https:\/\/blogdofarnesio.com.br\/wp-content\/uploads\/2021\/09\/blogqspvacina-agenda-e1632852555317.jpg","contentUrl":"https:\/\/blogdofarnesio.com.br\/wp-content\/uploads\/2021\/09\/blogqspvacina-agenda-e1632852555317.jpg","width":730,"height":341},{"@type":"BreadcrumbList","@id":"https:\/\/blogdofarnesio.com.br\/?p=300587#breadcrumb","itemListElement":[{"@type":"ListItem","position":1,"name":"In\u00edcio","item":"https:\/\/blogdofarnesio.com.br\/"},{"@type":"ListItem","position":2,"name":"Semana come\u00e7a com vacina contra a Covid19 para todas idades em Juazeiro. Confira onde"}]},{"@type":"WebSite","@id":"https:\/\/blogdofarnesio.com.br\/#website","url":"https:\/\/blogdofarnesio.com.br\/","name":"Blog do Farn\u00e9sio","description":"Quer Saber Pol\u00edtica?","publisher":{"@id":"https:\/\/blogdofarnesio.com.br\/#organization"},"potentialAction":[{"@type":"SearchAction","target":{"@type":"EntryPoint","urlTemplate":"https:\/\/blogdofarnesio.com.br\/?s={search_term_string}"},"query-input":{"@type":"PropertyValueSpecification","valueRequired":true,"valueName":"search_term_string"}}],"inLanguage":"pt-BR"},{"@type":"Organization","@id":"https:\/\/blogdofarnesio.com.br\/#organization","name":"Blog do Farn\u00e9sio","url":"https:\/\/blogdofarnesio.com.br\/","logo":{"@type":"ImageObject","inLanguage":"pt-BR","@id":"https:\/\/blogdofarnesio.com.br\/#\/schema\/logo\/image\/","url":"https:\/\/blogdofarnesio.com.br\/wp-content\/uploads\/2026\/03\/cropped-logo_new-1.png","contentUrl":"https:\/\/blogdofarnesio.com.br\/wp-content\/uploads\/2026\/03\/cropped-logo_new-1.png","width":881,"height":685,"caption":"Blog do Farn\u00e9sio"},"image":{"@id":"https:\/\/blogdofarnesio.com.br\/#\/schema\/logo\/image\/"},"sameAs":["https:\/\/www.facebook.com\/BlogQuerSaberPolitica\/"]},{"@type":"Person","@id":"https:\/\/blogdofarnesio.com.br\/#\/schema\/person\/bb9b23ae3ad0609ce8df7b6c9e76824d","name":"Farn\u00e9sio","image":{"@type":"ImageObject","inLanguage":"pt-BR","@id":"https:\/\/secure.gravatar.com\/avatar\/986aa4c61ccdb66f8555bf88fc2a65609d00bcabd4d2d94377a727547345cbca?s=96&d=mm&r=g","url":"https:\/\/secure.gravatar.com\/avatar\/986aa4c61ccdb66f8555bf88fc2a65609d00bcabd4d2d94377a727547345cbca?s=96&d=mm&r=g","contentUrl":"https:\/\/secure.gravatar.com\/avatar\/986aa4c61ccdb66f8555bf88fc2a65609d00bcabd4d2d94377a727547345cbca?s=96&d=mm&r=g","caption":"Farn\u00e9sio"},"description":"Radialista blogueiro, chegou a Petrolina\/Juazeiro em setembro de 1980, Farn\u00e9sio Silva \u00e9 de Arapiraca-Alagoas.","sameAs":["http:\/\/blogdofarnesio.com.br","https:\/\/www.facebook.com\/?ref=tn_tnmn","https:\/\/www.instagram.com\/?utm_source=pwa_homescreen","https:\/\/youtube.com.br\/"],"url":"https:\/\/blogdofarnesio.com.br\/?author=2"}]}},"_links":{"self":[{"href":"https:\/\/blogdofarnesio.com.br\/index.php?rest_route=\/wp\/v2\/posts\/300587","targetHints":{"allow":["GET"]}}],"collection":[{"href":"https:\/\/blogdofarnesio.com.br\/index.php?rest_route=\/wp\/v2\/posts"}],"about":[{"href":"https:\/\/blogdofarnesio.com.br\/index.php?rest_route=\/wp\/v2\/types\/post"}],"author":[{"embeddable":true,"href":"https:\/\/blogdofarnesio.com.br\/index.php?rest_route=\/wp\/v2\/users\/2"}],"replies":[{"embeddable":true,"href":"https:\/\/blogdofarnesio.com.br\/index.php?rest_route=%2Fwp%2Fv2%2Fcomments&post=300587"}],"version-history":[{"count":0,"href":"https:\/\/blogdofarnesio.com.br\/index.php?rest_route=\/wp\/v2\/posts\/300587\/revisions"}],"wp:featuredmedia":[{"embeddable":true,"href":"https:\/\/blogdofarnesio.com.br\/index.php?rest_route=\/wp\/v2\/media\/296501"}],"wp:attachment":[{"href":"https:\/\/blogdofarnesio.com.br\/index.php?rest_route=%2Fwp%2Fv2%2Fmedia&parent=300587"}],"wp:term":[{"taxonomy":"category","embeddable":true,"href":"https:\/\/blogdofarnesio.com.br\/index.php?rest_route=%2Fwp%2Fv2%2Fcategories&post=300587"},{"taxonomy":"post_tag","embeddable":true,"href":"https:\/\/blogdofarnesio.com.br\/index.php?rest_route=%2Fwp%2Fv2%2Ftags&post=300587"}],"curies":[{"name":"wp","href":"https:\/\/api.w.org\/{rel}","templated":true}]}}