{"id":300490,"date":"2021-11-22T09:02:50","date_gmt":"2021-11-22T12:02:50","guid":{"rendered":"https:\/\/blogdofarnesio.com.br\/?p=300490"},"modified":"2021-11-20T08:31:08","modified_gmt":"2021-11-20T11:31:08","slug":"mega-vacinacao-em-casa-nova-vai-garantir-mais-seguranca-contra-covid","status":"publish","type":"post","link":"https:\/\/blogdofarnesio.com.br\/?p=300490","title":{"rendered":"Mega Vacina\u00e7\u00e3o em Casa Nova vai garantir mais seguran\u00e7a contra COVID"},"content":{"rendered":"<p>Com 72,63 por cento de toda a popula\u00e7\u00e3o eleg\u00edvel vacinada, taxa de transmiss\u00e3o estimada em 0,45, menos da metade da situa\u00e7\u00e3o de risco, equipes com vacina buscando os n\u00e3o vacinados em todas as \u00e1reas do munic\u00edpio, acompanhando trabalhadores rurais que se deslocam, mantendo ainda algumas restri\u00e7\u00f5es, comemorando a ades\u00e3o da popula\u00e7\u00e3o \u00e0s medidas protetivas, Casa Nova resolveu realizar um per\u00edodo de \u201cMega Vacina\u00e7\u00e3o\u201d, at\u00e9 o dia 29 de novembro.<\/p>\n<p>Primeira, segunda e a dose de refor\u00e7o em todas as faixas et\u00e1rias. Vamos refor\u00e7ar o controle nas fazendas e levar para as comunidades nossas equipes de vacina\u00e7\u00e3o. Queremos chegar a dezembro com a garantia de que em Casa Nova n\u00e3o mais ningu\u00e9m sem vacinar-se\u201d \u2013 diz o prefeito Wilker Torres, ao lado da Secret\u00e1ria de Sa\u00fade Maria Regina.<\/p>\n<p>A \u201cMega Vacina\u00e7\u00e3o\u201d acontecer\u00e1 das 8 as 17 horas no Centro de Vacina\u00e7\u00e3o e ser\u00e3o aplicadas primeira, segunda e doses de refor\u00e7o ou dose \u00fanica, obedecendo apenas prazos e restri\u00e7\u00f5es constantes das orienta\u00e7\u00f5es do MS,\u00a0\u00a0para as seguintes faixas et\u00e1rias: 1\u00aa dose para adolescentes de 12 a 17 anos acompanhados dos pais; 2\u00aa dose, vacina Pfizer e AstraZeneca, para quem se vacinou at\u00e9 o dia 24 de setembro e CoronaVac para quem j\u00e1 tem 28 dias da 1\u00aa dose.<\/p>\n<p>Completa a Mega Vacina\u00e7\u00e3o com a terceira dose para todos os adultos com 18 anos ou mais que tenham tomado duas doses da vacina h\u00e1 mais de 5 meses.<\/p>\n<p>\u201cQueremos garantir tranquilidade ao casanovense. Como disse o prefeito essa \u00e9 uma guerra que a gente est\u00e1 vencendo. E isso s\u00f3 foi poss\u00edvel pelo apoio e ades\u00e3o de todos na campanha desde o in\u00edcio\u201d \u2013 avalia a Secret\u00e1ria Maria Regina, refor\u00e7ando o convite e a necessidade da vacina: \u201cOs n\u00fameros refletem nosso esfor\u00e7o. Queremos continuar assim e isso s\u00f3 \u00e9 poss\u00edvel com a vacina\u00e7\u00e3o em massa\u201d<\/p>\n<p>45.392 vacinados<\/p>\n<p>Popula\u00e7\u00e3o estimada 73.092<\/p>\n<p>Popula\u00e7\u00e3o vacin\u00e1vel =\u00a0\u00a062.494<\/p>\n<p>Ascom<\/p>\n<p>&nbsp;<\/p>\n","protected":false},"excerpt":{"rendered":"<p>Com 72,63 por cento de toda a popula\u00e7\u00e3o eleg\u00edvel vacinada, taxa de transmiss\u00e3o estimada em 0,45, menos da metade da situa\u00e7\u00e3o de risco, equipes com vacina buscando os n\u00e3o vacinados em todas as \u00e1reas do munic\u00edpio, acompanhando trabalhadores rurais que se deslocam, mantendo ainda algumas restri\u00e7\u00f5es, comemorando a ades\u00e3o da popula\u00e7\u00e3o \u00e0s medidas protetivas, Casa Nova resolveu realizar um per\u00edodo de \u201cMega Vacina\u00e7\u00e3o\u201d, at\u00e9 o dia 29 de novembro. Primeira, segunda e a dose de refor\u00e7o em todas as faixas et\u00e1rias. Vamos refor\u00e7ar o controle nas fazendas e levar para as comunidades nossas equipes de vacina\u00e7\u00e3o. Queremos chegar a dezembro com a garantia de que em Casa Nova n\u00e3o mais ningu\u00e9m sem vacinar-se\u201d \u2013 diz o prefeito Wilker Torres, ao&hellip; <\/p>\n","protected":false},"author":2,"featured_media":300491,"comment_status":"open","ping_status":"open","sticky":false,"template":"","format":"standard","meta":{"_acf_changed":false,"footnotes":""},"categories":[43],"tags":[],"class_list":["post-300490","post","type-post","status-publish","format-standard","has-post-thumbnail","hentry","category-sem-categoria"],"acf":[],"yoast_head":"<!-- This site is optimized with the Yoast SEO plugin v27.4 - https:\/\/yoast.com\/product\/yoast-seo-wordpress\/ -->\n<title>Mega Vacina\u00e7\u00e3o em Casa Nova vai garantir mais seguran\u00e7a contra COVID - Blog do Farn\u00e9sio<\/title>\n<meta name=\"robots\" content=\"index, follow, max-snippet:-1, max-image-preview:large, max-video-preview:-1\" \/>\n<link rel=\"canonical\" href=\"https:\/\/blogdofarnesio.com.br\/?p=300490\" \/>\n<meta property=\"og:locale\" content=\"pt_BR\" \/>\n<meta property=\"og:type\" content=\"article\" \/>\n<meta property=\"og:title\" content=\"Mega Vacina\u00e7\u00e3o em Casa Nova vai garantir mais seguran\u00e7a contra COVID - Blog do Farn\u00e9sio\" \/>\n<meta property=\"og:description\" content=\"Com 72,63 por cento de toda a popula\u00e7\u00e3o eleg\u00edvel vacinada, taxa de transmiss\u00e3o estimada em 0,45, menos da metade da situa\u00e7\u00e3o de risco, equipes com vacina buscando os n\u00e3o vacinados em todas as \u00e1reas do munic\u00edpio, acompanhando trabalhadores rurais que se deslocam, mantendo ainda algumas restri\u00e7\u00f5es, comemorando a ades\u00e3o da popula\u00e7\u00e3o \u00e0s medidas protetivas, Casa Nova resolveu realizar um per\u00edodo de \u201cMega Vacina\u00e7\u00e3o\u201d, at\u00e9 o dia 29 de novembro. Primeira, segunda e a dose de refor\u00e7o em todas as faixas et\u00e1rias. Vamos refor\u00e7ar o controle nas fazendas e levar para as comunidades nossas equipes de vacina\u00e7\u00e3o. Queremos chegar a dezembro com a garantia de que em Casa Nova n\u00e3o mais ningu\u00e9m sem vacinar-se\u201d \u2013 diz o prefeito Wilker Torres, ao&hellip;\" \/>\n<meta property=\"og:url\" content=\"https:\/\/blogdofarnesio.com.br\/?p=300490\" \/>\n<meta property=\"og:site_name\" content=\"Blog do Farn\u00e9sio\" \/>\n<meta property=\"article:publisher\" content=\"https:\/\/www.facebook.com\/BlogQuerSaberPolitica\/\" \/>\n<meta property=\"article:author\" content=\"https:\/\/www.facebook.com\/?ref=tn_tnmn\" \/>\n<meta property=\"article:published_time\" content=\"2021-11-22T12:02:50+00:00\" \/>\n<meta property=\"og:image\" content=\"https:\/\/blogdofarnesio.com.br\/wp-content\/uploads\/2021\/11\/Hora-da-mega-vacinacao-Casa-Nova-nov-2021-e1637407829786.jpg\" \/>\n\t<meta property=\"og:image:width\" content=\"495\" \/>\n\t<meta property=\"og:image:height\" content=\"497\" \/>\n\t<meta property=\"og:image:type\" content=\"image\/jpeg\" \/>\n<meta name=\"author\" content=\"Farn\u00e9sio\" \/>\n<meta name=\"twitter:card\" content=\"summary_large_image\" \/>\n<meta name=\"twitter:label1\" content=\"Escrito por\" \/>\n\t<meta name=\"twitter:data1\" content=\"Farn\u00e9sio\" \/>\n\t<meta name=\"twitter:label2\" content=\"Est. tempo de leitura\" \/>\n\t<meta name=\"twitter:data2\" content=\"2 minutos\" \/>\n<script type=\"application\/ld+json\" class=\"yoast-schema-graph\">{\"@context\":\"https:\\\/\\\/schema.org\",\"@graph\":[{\"@type\":\"Article\",\"@id\":\"https:\\\/\\\/blogdofarnesio.com.br\\\/?p=300490#article\",\"isPartOf\":{\"@id\":\"https:\\\/\\\/blogdofarnesio.com.br\\\/?p=300490\"},\"author\":{\"name\":\"Farn\u00e9sio\",\"@id\":\"https:\\\/\\\/blogdofarnesio.com.br\\\/#\\\/schema\\\/person\\\/bb9b23ae3ad0609ce8df7b6c9e76824d\"},\"headline\":\"Mega Vacina\u00e7\u00e3o em Casa Nova vai garantir mais seguran\u00e7a contra COVID\",\"datePublished\":\"2021-11-22T12:02:50+00:00\",\"mainEntityOfPage\":{\"@id\":\"https:\\\/\\\/blogdofarnesio.com.br\\\/?p=300490\"},\"wordCount\":342,\"commentCount\":0,\"publisher\":{\"@id\":\"https:\\\/\\\/blogdofarnesio.com.br\\\/#organization\"},\"image\":{\"@id\":\"https:\\\/\\\/blogdofarnesio.com.br\\\/?p=300490#primaryimage\"},\"thumbnailUrl\":\"https:\\\/\\\/blogdofarnesio.com.br\\\/wp-content\\\/uploads\\\/2021\\\/11\\\/Hora-da-mega-vacinacao-Casa-Nova-nov-2021-e1637407829786.jpg\",\"inLanguage\":\"pt-BR\",\"potentialAction\":[{\"@type\":\"CommentAction\",\"name\":\"Comment\",\"target\":[\"https:\\\/\\\/blogdofarnesio.com.br\\\/?p=300490#respond\"]}]},{\"@type\":\"WebPage\",\"@id\":\"https:\\\/\\\/blogdofarnesio.com.br\\\/?p=300490\",\"url\":\"https:\\\/\\\/blogdofarnesio.com.br\\\/?p=300490\",\"name\":\"Mega Vacina\u00e7\u00e3o em Casa Nova vai garantir mais seguran\u00e7a contra COVID - Blog do Farn\u00e9sio\",\"isPartOf\":{\"@id\":\"https:\\\/\\\/blogdofarnesio.com.br\\\/#website\"},\"primaryImageOfPage\":{\"@id\":\"https:\\\/\\\/blogdofarnesio.com.br\\\/?p=300490#primaryimage\"},\"image\":{\"@id\":\"https:\\\/\\\/blogdofarnesio.com.br\\\/?p=300490#primaryimage\"},\"thumbnailUrl\":\"https:\\\/\\\/blogdofarnesio.com.br\\\/wp-content\\\/uploads\\\/2021\\\/11\\\/Hora-da-mega-vacinacao-Casa-Nova-nov-2021-e1637407829786.jpg\",\"datePublished\":\"2021-11-22T12:02:50+00:00\",\"breadcrumb\":{\"@id\":\"https:\\\/\\\/blogdofarnesio.com.br\\\/?p=300490#breadcrumb\"},\"inLanguage\":\"pt-BR\",\"potentialAction\":[{\"@type\":\"ReadAction\",\"target\":[\"https:\\\/\\\/blogdofarnesio.com.br\\\/?p=300490\"]}]},{\"@type\":\"ImageObject\",\"inLanguage\":\"pt-BR\",\"@id\":\"https:\\\/\\\/blogdofarnesio.com.br\\\/?p=300490#primaryimage\",\"url\":\"https:\\\/\\\/blogdofarnesio.com.br\\\/wp-content\\\/uploads\\\/2021\\\/11\\\/Hora-da-mega-vacinacao-Casa-Nova-nov-2021-e1637407829786.jpg\",\"contentUrl\":\"https:\\\/\\\/blogdofarnesio.com.br\\\/wp-content\\\/uploads\\\/2021\\\/11\\\/Hora-da-mega-vacinacao-Casa-Nova-nov-2021-e1637407829786.jpg\",\"width\":495,\"height\":497},{\"@type\":\"BreadcrumbList\",\"@id\":\"https:\\\/\\\/blogdofarnesio.com.br\\\/?p=300490#breadcrumb\",\"itemListElement\":[{\"@type\":\"ListItem\",\"position\":1,\"name\":\"In\u00edcio\",\"item\":\"https:\\\/\\\/blogdofarnesio.com.br\\\/\"},{\"@type\":\"ListItem\",\"position\":2,\"name\":\"Mega Vacina\u00e7\u00e3o em Casa Nova vai garantir mais seguran\u00e7a contra COVID\"}]},{\"@type\":\"WebSite\",\"@id\":\"https:\\\/\\\/blogdofarnesio.com.br\\\/#website\",\"url\":\"https:\\\/\\\/blogdofarnesio.com.br\\\/\",\"name\":\"Blog do Farn\u00e9sio\",\"description\":\"Quer Saber Pol\u00edtica?\",\"publisher\":{\"@id\":\"https:\\\/\\\/blogdofarnesio.com.br\\\/#organization\"},\"potentialAction\":[{\"@type\":\"SearchAction\",\"target\":{\"@type\":\"EntryPoint\",\"urlTemplate\":\"https:\\\/\\\/blogdofarnesio.com.br\\\/?s={search_term_string}\"},\"query-input\":{\"@type\":\"PropertyValueSpecification\",\"valueRequired\":true,\"valueName\":\"search_term_string\"}}],\"inLanguage\":\"pt-BR\"},{\"@type\":\"Organization\",\"@id\":\"https:\\\/\\\/blogdofarnesio.com.br\\\/#organization\",\"name\":\"Blog do Farn\u00e9sio\",\"url\":\"https:\\\/\\\/blogdofarnesio.com.br\\\/\",\"logo\":{\"@type\":\"ImageObject\",\"inLanguage\":\"pt-BR\",\"@id\":\"https:\\\/\\\/blogdofarnesio.com.br\\\/#\\\/schema\\\/logo\\\/image\\\/\",\"url\":\"https:\\\/\\\/blogdofarnesio.com.br\\\/wp-content\\\/uploads\\\/2026\\\/03\\\/cropped-logo_new-1.png\",\"contentUrl\":\"https:\\\/\\\/blogdofarnesio.com.br\\\/wp-content\\\/uploads\\\/2026\\\/03\\\/cropped-logo_new-1.png\",\"width\":881,\"height\":685,\"caption\":\"Blog do Farn\u00e9sio\"},\"image\":{\"@id\":\"https:\\\/\\\/blogdofarnesio.com.br\\\/#\\\/schema\\\/logo\\\/image\\\/\"},\"sameAs\":[\"https:\\\/\\\/www.facebook.com\\\/BlogQuerSaberPolitica\\\/\"]},{\"@type\":\"Person\",\"@id\":\"https:\\\/\\\/blogdofarnesio.com.br\\\/#\\\/schema\\\/person\\\/bb9b23ae3ad0609ce8df7b6c9e76824d\",\"name\":\"Farn\u00e9sio\",\"image\":{\"@type\":\"ImageObject\",\"inLanguage\":\"pt-BR\",\"@id\":\"https:\\\/\\\/secure.gravatar.com\\\/avatar\\\/986aa4c61ccdb66f8555bf88fc2a65609d00bcabd4d2d94377a727547345cbca?s=96&d=mm&r=g\",\"url\":\"https:\\\/\\\/secure.gravatar.com\\\/avatar\\\/986aa4c61ccdb66f8555bf88fc2a65609d00bcabd4d2d94377a727547345cbca?s=96&d=mm&r=g\",\"contentUrl\":\"https:\\\/\\\/secure.gravatar.com\\\/avatar\\\/986aa4c61ccdb66f8555bf88fc2a65609d00bcabd4d2d94377a727547345cbca?s=96&d=mm&r=g\",\"caption\":\"Farn\u00e9sio\"},\"description\":\"Radialista blogueiro, chegou a Petrolina\\\/Juazeiro em setembro de 1980, Farn\u00e9sio Silva \u00e9 de Arapiraca-Alagoas.\",\"sameAs\":[\"http:\\\/\\\/blogdofarnesio.com.br\",\"https:\\\/\\\/www.facebook.com\\\/?ref=tn_tnmn\",\"https:\\\/\\\/www.instagram.com\\\/?utm_source=pwa_homescreen\",\"https:\\\/\\\/youtube.com.br\\\/\"],\"url\":\"https:\\\/\\\/blogdofarnesio.com.br\\\/?author=2\"}]}<\/script>\n<!-- \/ Yoast SEO plugin. -->","yoast_head_json":{"title":"Mega Vacina\u00e7\u00e3o em Casa Nova vai garantir mais seguran\u00e7a contra COVID - Blog do Farn\u00e9sio","robots":{"index":"index","follow":"follow","max-snippet":"max-snippet:-1","max-image-preview":"max-image-preview:large","max-video-preview":"max-video-preview:-1"},"canonical":"https:\/\/blogdofarnesio.com.br\/?p=300490","og_locale":"pt_BR","og_type":"article","og_title":"Mega Vacina\u00e7\u00e3o em Casa Nova vai garantir mais seguran\u00e7a contra COVID - Blog do Farn\u00e9sio","og_description":"Com 72,63 por cento de toda a popula\u00e7\u00e3o eleg\u00edvel vacinada, taxa de transmiss\u00e3o estimada em 0,45, menos da metade da situa\u00e7\u00e3o de risco, equipes com vacina buscando os n\u00e3o vacinados em todas as \u00e1reas do munic\u00edpio, acompanhando trabalhadores rurais que se deslocam, mantendo ainda algumas restri\u00e7\u00f5es, comemorando a ades\u00e3o da popula\u00e7\u00e3o \u00e0s medidas protetivas, Casa Nova resolveu realizar um per\u00edodo de \u201cMega Vacina\u00e7\u00e3o\u201d, at\u00e9 o dia 29 de novembro. Primeira, segunda e a dose de refor\u00e7o em todas as faixas et\u00e1rias. Vamos refor\u00e7ar o controle nas fazendas e levar para as comunidades nossas equipes de vacina\u00e7\u00e3o. Queremos chegar a dezembro com a garantia de que em Casa Nova n\u00e3o mais ningu\u00e9m sem vacinar-se\u201d \u2013 diz o prefeito Wilker Torres, ao&hellip;","og_url":"https:\/\/blogdofarnesio.com.br\/?p=300490","og_site_name":"Blog do Farn\u00e9sio","article_publisher":"https:\/\/www.facebook.com\/BlogQuerSaberPolitica\/","article_author":"https:\/\/www.facebook.com\/?ref=tn_tnmn","article_published_time":"2021-11-22T12:02:50+00:00","og_image":[{"width":495,"height":497,"url":"https:\/\/blogdofarnesio.com.br\/wp-content\/uploads\/2021\/11\/Hora-da-mega-vacinacao-Casa-Nova-nov-2021-e1637407829786.jpg","type":"image\/jpeg"}],"author":"Farn\u00e9sio","twitter_card":"summary_large_image","twitter_misc":{"Escrito por":"Farn\u00e9sio","Est. tempo de leitura":"2 minutos"},"schema":{"@context":"https:\/\/schema.org","@graph":[{"@type":"Article","@id":"https:\/\/blogdofarnesio.com.br\/?p=300490#article","isPartOf":{"@id":"https:\/\/blogdofarnesio.com.br\/?p=300490"},"author":{"name":"Farn\u00e9sio","@id":"https:\/\/blogdofarnesio.com.br\/#\/schema\/person\/bb9b23ae3ad0609ce8df7b6c9e76824d"},"headline":"Mega Vacina\u00e7\u00e3o em Casa Nova vai garantir mais seguran\u00e7a contra COVID","datePublished":"2021-11-22T12:02:50+00:00","mainEntityOfPage":{"@id":"https:\/\/blogdofarnesio.com.br\/?p=300490"},"wordCount":342,"commentCount":0,"publisher":{"@id":"https:\/\/blogdofarnesio.com.br\/#organization"},"image":{"@id":"https:\/\/blogdofarnesio.com.br\/?p=300490#primaryimage"},"thumbnailUrl":"https:\/\/blogdofarnesio.com.br\/wp-content\/uploads\/2021\/11\/Hora-da-mega-vacinacao-Casa-Nova-nov-2021-e1637407829786.jpg","inLanguage":"pt-BR","potentialAction":[{"@type":"CommentAction","name":"Comment","target":["https:\/\/blogdofarnesio.com.br\/?p=300490#respond"]}]},{"@type":"WebPage","@id":"https:\/\/blogdofarnesio.com.br\/?p=300490","url":"https:\/\/blogdofarnesio.com.br\/?p=300490","name":"Mega Vacina\u00e7\u00e3o em Casa Nova vai garantir mais seguran\u00e7a contra COVID - Blog do Farn\u00e9sio","isPartOf":{"@id":"https:\/\/blogdofarnesio.com.br\/#website"},"primaryImageOfPage":{"@id":"https:\/\/blogdofarnesio.com.br\/?p=300490#primaryimage"},"image":{"@id":"https:\/\/blogdofarnesio.com.br\/?p=300490#primaryimage"},"thumbnailUrl":"https:\/\/blogdofarnesio.com.br\/wp-content\/uploads\/2021\/11\/Hora-da-mega-vacinacao-Casa-Nova-nov-2021-e1637407829786.jpg","datePublished":"2021-11-22T12:02:50+00:00","breadcrumb":{"@id":"https:\/\/blogdofarnesio.com.br\/?p=300490#breadcrumb"},"inLanguage":"pt-BR","potentialAction":[{"@type":"ReadAction","target":["https:\/\/blogdofarnesio.com.br\/?p=300490"]}]},{"@type":"ImageObject","inLanguage":"pt-BR","@id":"https:\/\/blogdofarnesio.com.br\/?p=300490#primaryimage","url":"https:\/\/blogdofarnesio.com.br\/wp-content\/uploads\/2021\/11\/Hora-da-mega-vacinacao-Casa-Nova-nov-2021-e1637407829786.jpg","contentUrl":"https:\/\/blogdofarnesio.com.br\/wp-content\/uploads\/2021\/11\/Hora-da-mega-vacinacao-Casa-Nova-nov-2021-e1637407829786.jpg","width":495,"height":497},{"@type":"BreadcrumbList","@id":"https:\/\/blogdofarnesio.com.br\/?p=300490#breadcrumb","itemListElement":[{"@type":"ListItem","position":1,"name":"In\u00edcio","item":"https:\/\/blogdofarnesio.com.br\/"},{"@type":"ListItem","position":2,"name":"Mega Vacina\u00e7\u00e3o em Casa Nova vai garantir mais seguran\u00e7a contra COVID"}]},{"@type":"WebSite","@id":"https:\/\/blogdofarnesio.com.br\/#website","url":"https:\/\/blogdofarnesio.com.br\/","name":"Blog do Farn\u00e9sio","description":"Quer Saber Pol\u00edtica?","publisher":{"@id":"https:\/\/blogdofarnesio.com.br\/#organization"},"potentialAction":[{"@type":"SearchAction","target":{"@type":"EntryPoint","urlTemplate":"https:\/\/blogdofarnesio.com.br\/?s={search_term_string}"},"query-input":{"@type":"PropertyValueSpecification","valueRequired":true,"valueName":"search_term_string"}}],"inLanguage":"pt-BR"},{"@type":"Organization","@id":"https:\/\/blogdofarnesio.com.br\/#organization","name":"Blog do Farn\u00e9sio","url":"https:\/\/blogdofarnesio.com.br\/","logo":{"@type":"ImageObject","inLanguage":"pt-BR","@id":"https:\/\/blogdofarnesio.com.br\/#\/schema\/logo\/image\/","url":"https:\/\/blogdofarnesio.com.br\/wp-content\/uploads\/2026\/03\/cropped-logo_new-1.png","contentUrl":"https:\/\/blogdofarnesio.com.br\/wp-content\/uploads\/2026\/03\/cropped-logo_new-1.png","width":881,"height":685,"caption":"Blog do Farn\u00e9sio"},"image":{"@id":"https:\/\/blogdofarnesio.com.br\/#\/schema\/logo\/image\/"},"sameAs":["https:\/\/www.facebook.com\/BlogQuerSaberPolitica\/"]},{"@type":"Person","@id":"https:\/\/blogdofarnesio.com.br\/#\/schema\/person\/bb9b23ae3ad0609ce8df7b6c9e76824d","name":"Farn\u00e9sio","image":{"@type":"ImageObject","inLanguage":"pt-BR","@id":"https:\/\/secure.gravatar.com\/avatar\/986aa4c61ccdb66f8555bf88fc2a65609d00bcabd4d2d94377a727547345cbca?s=96&d=mm&r=g","url":"https:\/\/secure.gravatar.com\/avatar\/986aa4c61ccdb66f8555bf88fc2a65609d00bcabd4d2d94377a727547345cbca?s=96&d=mm&r=g","contentUrl":"https:\/\/secure.gravatar.com\/avatar\/986aa4c61ccdb66f8555bf88fc2a65609d00bcabd4d2d94377a727547345cbca?s=96&d=mm&r=g","caption":"Farn\u00e9sio"},"description":"Radialista blogueiro, chegou a Petrolina\/Juazeiro em setembro de 1980, Farn\u00e9sio Silva \u00e9 de Arapiraca-Alagoas.","sameAs":["http:\/\/blogdofarnesio.com.br","https:\/\/www.facebook.com\/?ref=tn_tnmn","https:\/\/www.instagram.com\/?utm_source=pwa_homescreen","https:\/\/youtube.com.br\/"],"url":"https:\/\/blogdofarnesio.com.br\/?author=2"}]}},"_links":{"self":[{"href":"https:\/\/blogdofarnesio.com.br\/index.php?rest_route=\/wp\/v2\/posts\/300490","targetHints":{"allow":["GET"]}}],"collection":[{"href":"https:\/\/blogdofarnesio.com.br\/index.php?rest_route=\/wp\/v2\/posts"}],"about":[{"href":"https:\/\/blogdofarnesio.com.br\/index.php?rest_route=\/wp\/v2\/types\/post"}],"author":[{"embeddable":true,"href":"https:\/\/blogdofarnesio.com.br\/index.php?rest_route=\/wp\/v2\/users\/2"}],"replies":[{"embeddable":true,"href":"https:\/\/blogdofarnesio.com.br\/index.php?rest_route=%2Fwp%2Fv2%2Fcomments&post=300490"}],"version-history":[{"count":0,"href":"https:\/\/blogdofarnesio.com.br\/index.php?rest_route=\/wp\/v2\/posts\/300490\/revisions"}],"wp:featuredmedia":[{"embeddable":true,"href":"https:\/\/blogdofarnesio.com.br\/index.php?rest_route=\/wp\/v2\/media\/300491"}],"wp:attachment":[{"href":"https:\/\/blogdofarnesio.com.br\/index.php?rest_route=%2Fwp%2Fv2%2Fmedia&parent=300490"}],"wp:term":[{"taxonomy":"category","embeddable":true,"href":"https:\/\/blogdofarnesio.com.br\/index.php?rest_route=%2Fwp%2Fv2%2Fcategories&post=300490"},{"taxonomy":"post_tag","embeddable":true,"href":"https:\/\/blogdofarnesio.com.br\/index.php?rest_route=%2Fwp%2Fv2%2Ftags&post=300490"}],"curies":[{"name":"wp","href":"https:\/\/api.w.org\/{rel}","templated":true}]}}