{"id":300401,"date":"2021-11-22T08:02:52","date_gmt":"2021-11-22T11:02:52","guid":{"rendered":"https:\/\/blogdofarnesio.com.br\/?p=300401"},"modified":"2021-11-21T10:48:41","modified_gmt":"2021-11-21T13:48:41","slug":"como-o-bolsonarismo-criou-uma-sindemia-no-brasil","status":"publish","type":"post","link":"https:\/\/blogdofarnesio.com.br\/?p=300401","title":{"rendered":"Como o bolsonarismo criou uma sindemia no Brasil"},"content":{"rendered":"<p><i>Jornalista Cesar Calejon analisa a interse\u00e7\u00e3o da pandemia da Covid-19 com o fen\u00f4meno pol\u00edtico de extrema-direita em novo livro, &#8220;Tempestade Perfeita&#8221;<\/i><\/p>\n<div>\n<div>\n<div>\n<div>\n<div>\n<p>A interse\u00e7\u00e3o do bolsonarismo com a pandemia da Covid-19 criou uma sindemia no Brasil entre os anos de 2020 e 2021. Esse fen\u00f4meno e suas consequ\u00eancias nefastas para o pa\u00eds s\u00e3o analisados pelo jornalista <strong>Cesar Calejon<\/strong>\u00a0no livro\u00a0<strong><em>Tempestade Perfeita: o bolsonarismo e a sindemia Covid-19 no Brasil<\/em><\/strong>, publicado pela Editora Contracorrente.<\/p>\n<p>A obra evidencia como a combina\u00e7\u00e3o destes dois eventos sociais e a instabilidade pol\u00edtica levaram a m\u00faltiplos planos de crise institucional: dentro do pr\u00f3prio governo federal; entre os n\u00edveis federativos; com os demais poderes da Rep\u00fablica (Judici\u00e1rio e Legislativo) e junto \u00e0 sociedade internacional. Este cen\u00e1rio, segundo o autor, foi o respons\u00e1vel pelo agravamento do que se tornou uma sindemia no pa\u00eds.<\/p>\n<p>O jornalista aponta como vetores centrais o simbolismo presidencial, a aus\u00eancia do federalismo cooperativo, a m\u00e1 gest\u00e3o do Minist\u00e9rio da Sa\u00fade do Brasil e a subdiagnostica\u00e7\u00e3o-<wbr \/>subnotifica\u00e7\u00e3o de casos . Este \u00faltimo, devido aos baix\u00edssimos n\u00edveis de testes que foram realizados na popula\u00e7\u00e3o, \u00e0 morosidade do governo federal em adquirir os reagentes para viabilizar o processo em ampla escala e \u00e0 politiza\u00e7\u00e3o que o bolsonarismo imprimiu ao tema.<\/p>\n<p><em>O resultado foi a forma\u00e7\u00e3o da tempestade perfeita para o Brasil. Um cen\u00e1rio de incertezas, colapso sanit\u00e1rio e social, descr\u00e9dito internacional, falta de harmonia institucional, inseguran\u00e7a p\u00fablica, destrui\u00e7\u00e3o do meio-ambiente e recess\u00e3o econ\u00f4mica poucas vezes \u2013 ou talvez jamais \u2013 verificados na hist\u00f3ria da Nova Rep\u00fablica, justamente durante a maior pandemia dos \u00faltimos cem anos.\u00a0<\/em>(Tempestade Perfeita, p. 26)<\/p>\n<p>Para a pesquisa,\u00a0<strong>Cesar Calejon<\/strong>\u00a0conduziu, entre mar\u00e7o de 2020 e junho de 2021, dezenas de entrevistas multidisciplinares com doutores nas principais \u00e1reas do conhecimento, al\u00e9m de pesquisadores, enfermeiros e jornalistas. Conta, ainda, com a participa\u00e7\u00e3o de algumas das figuras mais proeminentes da pol\u00edtica nacional, que avaliam a atua\u00e7\u00e3o do governo Bolsonaro frente \u00e0 pandemia.<\/p>\n<p>\u201cCalejon oferece aos democratas brasileiros um eloquente cat\u00e1logo de raz\u00f5es para lutar contra o bolsonarismo em nome da democracia e da vida&#8221;, diz o soci\u00f3logo portugu\u00eas Boaventura de Sousa Santos, um dos intelectuais que endossam\u00a0<strong><em>Tempestade Perfeita<\/em><\/strong>. A obra finaliza as an\u00e1lises com a defesa de que Jair Bolsonaro seja responsabilizado juridicamente pelos crimes cometidos no pa\u00eds ou, se preciso for, pelas cortes internacionais.<\/p>\n<p><strong>Ficha t\u00e9cnica<br \/>\n<\/strong><strong>Livro<\/strong>: Tempestade Perfeita: o bolsonarismo e a sindemia Covid-19 no Brasil<br \/>\n<strong>Autor<\/strong>: Cesar Calejon<br \/>\n<strong>Editora<\/strong>: Contracorrente<br \/>\n<strong>Pre\u00e7o<\/strong>: R$ 75,00<br \/>\n<strong>ISBN<\/strong>: 978-6588470787<br \/>\n<strong>Formato<\/strong>: 23&#215;16 cm<br \/>\n<strong>P\u00e1ginas<\/strong>: 320<br \/>\n<strong>Links de compra:<\/strong>\u00a0<a href=\"https:\/\/www.amazon.com.br\/Tempestade-Perfeita-Bolsonarismo-Sindemia-Covid-19\/dp\/6588470789\/ref=mp_s_a_1_3?dchild=1&amp;keywords=Tempestade+Perfeita&amp;qid=1633101655&amp;sr=8-3&amp;ufe=app_do%3Aamzn1.fos.6d798eae-cadf-45de-946a-f477d47705b9\" target=\"_blank\" rel=\"noopener\" data-saferedirecturl=\"https:\/\/www.google.com\/url?q=https:\/\/www.amazon.com.br\/Tempestade-Perfeita-Bolsonarismo-Sindemia-Covid-19\/dp\/6588470789\/ref%3Dmp_s_a_1_3?dchild%3D1%26keywords%3DTempestade%2BPerfeita%26qid%3D1633101655%26sr%3D8-3%26ufe%3Dapp_do%253Aamzn1.fos.6d798eae-cadf-45de-946a-f477d47705b9&amp;source=gmail&amp;ust=1637353834462000&amp;usg=AOvVaw2dsPkyf7qidJPe88_PKgs7\">Amazon<\/a>\u00a0e\u00a0<a href=\"https:\/\/loja-editoracontracorrente.com.br\/produto\/tempestade-perfeita-o-bolsonarismo-e-a-sindemia-covid-19-no-brasil\/\" target=\"_blank\" rel=\"noopener\" data-saferedirecturl=\"https:\/\/www.google.com\/url?q=https:\/\/loja-editoracontracorrente.com.br\/produto\/tempestade-perfeita-o-bolsonarismo-e-a-sindemia-covid-19-no-brasil\/&amp;source=gmail&amp;ust=1637353834463000&amp;usg=AOvVaw3LuwYSv3MgnrQKpj3QUyB4\">Editora<\/a><\/p>\n<p><strong>Sinopse:<\/strong>\u00a0No Brasil, a crise causada pela covid-19 combinou-se com o bolsonarismo e a instabilidade pol\u00edtica preexistente, ganhando novos contornos. Apesar de ser uma quest\u00e3o social extremamente ampla e complexa, os vetores centrais do agravamento do que se tornou uma sindemia no pa\u00eds entre 2020 e 2021 foram o simbolismo presidencial, a aus\u00eancia do federalismo cooperativo, a m\u00e1 gest\u00e3o do Minist\u00e9rio da Sa\u00fade do Brasil e a subdiagnostica\u00e7\u00e3o-<wbr \/>subnotifica\u00e7\u00e3o de casos. Na presente obra, o autor nos presenteia com uma an\u00e1lise cuidadosa e detalhada sobre esses temas, constituindo uma ferramenta decisiva de combate ao bolsonarismo e suas consequ\u00eancias nefastas ao nosso pa\u00eds.<\/p>\n<p><strong><img decoding=\"async\" class=\"CToWUd a6T\" tabindex=\"0\" src=\"https:\/\/ci5.googleusercontent.com\/proxy\/uw0aSJKWIZc1Do6rh7uoGF-QKEPva4BiQvnICMBtHVs2E9fyhsGactPWjJcCsa-2h9HbT0X3MF9_OGWjwi0Q7zwDlNmofM427J8aeqN-DSa2XiTpNmpEpMOlAwtC5fBP0jQC_sbyDGUCik_-IF4dEx_gCMLnswh4xvfbd2c6qvUSgzGtsnoZcEPmtpBQXuCXen3ORPggGNL_M_0=s0-d-e1-ft#https:\/\/files.pressmanager.net\/clientes\/64a8e8d576d3505a7823819ae1fa6eb7\/imagens\/2021\/10\/07\/4054e87a1942acf631f1c94f1c094d0e_medium.jpg\" alt=\"\" width=\"150\" align=\"left\" hspace=\"10\" \/>S<\/strong><strong>obre o autor:<\/strong>\u00a0Cesar Calejon \u00e9 jornalista e escritor com especializa\u00e7\u00e3o em Rela\u00e7\u00f5es Internacionais pela FGV e mestrando em Mudan\u00e7a Social e Participa\u00e7\u00e3o Pol\u00edtica pela USP. Autor tamb\u00e9m do livro\u00a0<em>A Ascens\u00e3o do bolsonarismo no Brasil do S\u00e9culo XXI<\/em>\u00a0(Kotter).<\/p>\n<p><strong>Redes sociais<br \/>\n<\/strong><a href=\"https:\/\/www.instagram.com\/cesarcalejon\/\" target=\"_blank\" rel=\"noopener\" data-saferedirecturl=\"https:\/\/www.google.com\/url?q=https:\/\/www.instagram.com\/cesarcalejon\/&amp;source=gmail&amp;ust=1637353834463000&amp;usg=AOvVaw1tCGTXZScVrH9083_ZdiEG\">Instagram<\/a>\u00a0|\u00a0<a href=\"https:\/\/www.facebook.com\/calejon\" target=\"_blank\" rel=\"noopener\" data-saferedirecturl=\"https:\/\/www.google.com\/url?q=https:\/\/www.facebook.com\/calejon&amp;source=gmail&amp;ust=1637353834463000&amp;usg=AOvVaw2azuyI8kctnIDZ9JQ2WGRU\">Facebook<\/a>\u00a0|\u00a0<a href=\"https:\/\/www.linkedin.com\/in\/cesar-calejon-2a53216\/\" target=\"_blank\" rel=\"noopener\" data-saferedirecturl=\"https:\/\/www.google.com\/url?q=https:\/\/www.linkedin.com\/in\/cesar-calejon-2a53216\/&amp;source=gmail&amp;ust=1637353834463000&amp;usg=AOvVaw1FtdwXnMpAMfWOzcktWHKn\">Linkedi<wbr \/>n<\/a><\/p>\n<\/div>\n<\/div>\n<\/div>\n<\/div>\n<\/div>\n","protected":false},"excerpt":{"rendered":"<p>Jornalista Cesar Calejon analisa a interse\u00e7\u00e3o da pandemia da Covid-19 com o fen\u00f4meno pol\u00edtico de extrema-direita em novo livro, &#8220;Tempestade Perfeita&#8221; A interse\u00e7\u00e3o do bolsonarismo com a pandemia da Covid-19 criou uma sindemia no Brasil entre os anos de 2020 e 2021. Esse fen\u00f4meno e suas consequ\u00eancias nefastas para o pa\u00eds s\u00e3o analisados pelo jornalista Cesar Calejon\u00a0no livro\u00a0Tempestade Perfeita: o bolsonarismo e a sindemia Covid-19 no Brasil, publicado pela Editora Contracorrente. A obra evidencia como a combina\u00e7\u00e3o destes dois eventos sociais e a instabilidade pol\u00edtica levaram a m\u00faltiplos planos de crise institucional: dentro do pr\u00f3prio governo federal; entre os n\u00edveis federativos; com os demais poderes da Rep\u00fablica (Judici\u00e1rio e Legislativo) e junto \u00e0 sociedade internacional. Este cen\u00e1rio, segundo o autor,&hellip; <\/p>\n","protected":false},"author":2,"featured_media":300402,"comment_status":"open","ping_status":"open","sticky":false,"template":"","format":"standard","meta":{"_acf_changed":false,"footnotes":""},"categories":[30],"tags":[],"class_list":["post-300401","post","type-post","status-publish","format-standard","has-post-thumbnail","hentry","category-artigo"],"acf":[],"yoast_head":"<!-- This site is optimized with the Yoast SEO plugin v27.4 - https:\/\/yoast.com\/product\/yoast-seo-wordpress\/ -->\n<title>Como o bolsonarismo criou uma sindemia no Brasil - Blog do Farn\u00e9sio<\/title>\n<meta name=\"robots\" content=\"index, follow, max-snippet:-1, max-image-preview:large, max-video-preview:-1\" \/>\n<link rel=\"canonical\" href=\"https:\/\/blogdofarnesio.com.br\/?p=300401\" \/>\n<meta property=\"og:locale\" content=\"pt_BR\" \/>\n<meta property=\"og:type\" content=\"article\" \/>\n<meta property=\"og:title\" content=\"Como o bolsonarismo criou uma sindemia no Brasil - Blog do Farn\u00e9sio\" \/>\n<meta property=\"og:description\" content=\"Jornalista Cesar Calejon analisa a interse\u00e7\u00e3o da pandemia da Covid-19 com o fen\u00f4meno pol\u00edtico de extrema-direita em novo livro, &#8220;Tempestade Perfeita&#8221; A interse\u00e7\u00e3o do bolsonarismo com a pandemia da Covid-19 criou uma sindemia no Brasil entre os anos de 2020 e 2021. Esse fen\u00f4meno e suas consequ\u00eancias nefastas para o pa\u00eds s\u00e3o analisados pelo jornalista Cesar Calejon\u00a0no livro\u00a0Tempestade Perfeita: o bolsonarismo e a sindemia Covid-19 no Brasil, publicado pela Editora Contracorrente. A obra evidencia como a combina\u00e7\u00e3o destes dois eventos sociais e a instabilidade pol\u00edtica levaram a m\u00faltiplos planos de crise institucional: dentro do pr\u00f3prio governo federal; entre os n\u00edveis federativos; com os demais poderes da Rep\u00fablica (Judici\u00e1rio e Legislativo) e junto \u00e0 sociedade internacional. Este cen\u00e1rio, segundo o autor,&hellip;\" \/>\n<meta property=\"og:url\" content=\"https:\/\/blogdofarnesio.com.br\/?p=300401\" \/>\n<meta property=\"og:site_name\" content=\"Blog do Farn\u00e9sio\" \/>\n<meta property=\"article:publisher\" content=\"https:\/\/www.facebook.com\/BlogQuerSaberPolitica\/\" \/>\n<meta property=\"article:author\" content=\"https:\/\/www.facebook.com\/?ref=tn_tnmn\" \/>\n<meta property=\"article:published_time\" content=\"2021-11-22T11:02:52+00:00\" \/>\n<meta property=\"og:image\" content=\"https:\/\/blogdofarnesio.com.br\/wp-content\/uploads\/2021\/11\/Tempestade-Capa-e1637275485444.jpg\" \/>\n\t<meta property=\"og:image:width\" content=\"410\" \/>\n\t<meta property=\"og:image:height\" content=\"596\" \/>\n\t<meta property=\"og:image:type\" content=\"image\/jpeg\" \/>\n<meta name=\"author\" content=\"Farn\u00e9sio\" \/>\n<meta name=\"twitter:card\" content=\"summary_large_image\" \/>\n<meta name=\"twitter:label1\" content=\"Escrito por\" \/>\n\t<meta name=\"twitter:data1\" content=\"Farn\u00e9sio\" \/>\n\t<meta name=\"twitter:label2\" content=\"Est. tempo de leitura\" \/>\n\t<meta name=\"twitter:data2\" content=\"3 minutos\" \/>\n<script type=\"application\/ld+json\" class=\"yoast-schema-graph\">{\"@context\":\"https:\\\/\\\/schema.org\",\"@graph\":[{\"@type\":\"Article\",\"@id\":\"https:\\\/\\\/blogdofarnesio.com.br\\\/?p=300401#article\",\"isPartOf\":{\"@id\":\"https:\\\/\\\/blogdofarnesio.com.br\\\/?p=300401\"},\"author\":{\"name\":\"Farn\u00e9sio\",\"@id\":\"https:\\\/\\\/blogdofarnesio.com.br\\\/#\\\/schema\\\/person\\\/bb9b23ae3ad0609ce8df7b6c9e76824d\"},\"headline\":\"Como o bolsonarismo criou uma sindemia no Brasil\",\"datePublished\":\"2021-11-22T11:02:52+00:00\",\"mainEntityOfPage\":{\"@id\":\"https:\\\/\\\/blogdofarnesio.com.br\\\/?p=300401\"},\"wordCount\":625,\"commentCount\":0,\"publisher\":{\"@id\":\"https:\\\/\\\/blogdofarnesio.com.br\\\/#organization\"},\"image\":{\"@id\":\"https:\\\/\\\/blogdofarnesio.com.br\\\/?p=300401#primaryimage\"},\"thumbnailUrl\":\"https:\\\/\\\/blogdofarnesio.com.br\\\/wp-content\\\/uploads\\\/2021\\\/11\\\/Tempestade-Capa-e1637275485444.jpg\",\"articleSection\":[\"Artigo\"],\"inLanguage\":\"pt-BR\",\"potentialAction\":[{\"@type\":\"CommentAction\",\"name\":\"Comment\",\"target\":[\"https:\\\/\\\/blogdofarnesio.com.br\\\/?p=300401#respond\"]}]},{\"@type\":\"WebPage\",\"@id\":\"https:\\\/\\\/blogdofarnesio.com.br\\\/?p=300401\",\"url\":\"https:\\\/\\\/blogdofarnesio.com.br\\\/?p=300401\",\"name\":\"Como o bolsonarismo criou uma sindemia no Brasil - Blog do Farn\u00e9sio\",\"isPartOf\":{\"@id\":\"https:\\\/\\\/blogdofarnesio.com.br\\\/#website\"},\"primaryImageOfPage\":{\"@id\":\"https:\\\/\\\/blogdofarnesio.com.br\\\/?p=300401#primaryimage\"},\"image\":{\"@id\":\"https:\\\/\\\/blogdofarnesio.com.br\\\/?p=300401#primaryimage\"},\"thumbnailUrl\":\"https:\\\/\\\/blogdofarnesio.com.br\\\/wp-content\\\/uploads\\\/2021\\\/11\\\/Tempestade-Capa-e1637275485444.jpg\",\"datePublished\":\"2021-11-22T11:02:52+00:00\",\"breadcrumb\":{\"@id\":\"https:\\\/\\\/blogdofarnesio.com.br\\\/?p=300401#breadcrumb\"},\"inLanguage\":\"pt-BR\",\"potentialAction\":[{\"@type\":\"ReadAction\",\"target\":[\"https:\\\/\\\/blogdofarnesio.com.br\\\/?p=300401\"]}]},{\"@type\":\"ImageObject\",\"inLanguage\":\"pt-BR\",\"@id\":\"https:\\\/\\\/blogdofarnesio.com.br\\\/?p=300401#primaryimage\",\"url\":\"https:\\\/\\\/blogdofarnesio.com.br\\\/wp-content\\\/uploads\\\/2021\\\/11\\\/Tempestade-Capa-e1637275485444.jpg\",\"contentUrl\":\"https:\\\/\\\/blogdofarnesio.com.br\\\/wp-content\\\/uploads\\\/2021\\\/11\\\/Tempestade-Capa-e1637275485444.jpg\",\"width\":410,\"height\":596},{\"@type\":\"BreadcrumbList\",\"@id\":\"https:\\\/\\\/blogdofarnesio.com.br\\\/?p=300401#breadcrumb\",\"itemListElement\":[{\"@type\":\"ListItem\",\"position\":1,\"name\":\"In\u00edcio\",\"item\":\"https:\\\/\\\/blogdofarnesio.com.br\\\/\"},{\"@type\":\"ListItem\",\"position\":2,\"name\":\"Como o bolsonarismo criou uma sindemia no Brasil\"}]},{\"@type\":\"WebSite\",\"@id\":\"https:\\\/\\\/blogdofarnesio.com.br\\\/#website\",\"url\":\"https:\\\/\\\/blogdofarnesio.com.br\\\/\",\"name\":\"Blog do Farn\u00e9sio\",\"description\":\"Quer Saber Pol\u00edtica?\",\"publisher\":{\"@id\":\"https:\\\/\\\/blogdofarnesio.com.br\\\/#organization\"},\"potentialAction\":[{\"@type\":\"SearchAction\",\"target\":{\"@type\":\"EntryPoint\",\"urlTemplate\":\"https:\\\/\\\/blogdofarnesio.com.br\\\/?s={search_term_string}\"},\"query-input\":{\"@type\":\"PropertyValueSpecification\",\"valueRequired\":true,\"valueName\":\"search_term_string\"}}],\"inLanguage\":\"pt-BR\"},{\"@type\":\"Organization\",\"@id\":\"https:\\\/\\\/blogdofarnesio.com.br\\\/#organization\",\"name\":\"Blog do Farn\u00e9sio\",\"url\":\"https:\\\/\\\/blogdofarnesio.com.br\\\/\",\"logo\":{\"@type\":\"ImageObject\",\"inLanguage\":\"pt-BR\",\"@id\":\"https:\\\/\\\/blogdofarnesio.com.br\\\/#\\\/schema\\\/logo\\\/image\\\/\",\"url\":\"https:\\\/\\\/blogdofarnesio.com.br\\\/wp-content\\\/uploads\\\/2026\\\/03\\\/cropped-logo_new-1.png\",\"contentUrl\":\"https:\\\/\\\/blogdofarnesio.com.br\\\/wp-content\\\/uploads\\\/2026\\\/03\\\/cropped-logo_new-1.png\",\"width\":881,\"height\":685,\"caption\":\"Blog do Farn\u00e9sio\"},\"image\":{\"@id\":\"https:\\\/\\\/blogdofarnesio.com.br\\\/#\\\/schema\\\/logo\\\/image\\\/\"},\"sameAs\":[\"https:\\\/\\\/www.facebook.com\\\/BlogQuerSaberPolitica\\\/\"]},{\"@type\":\"Person\",\"@id\":\"https:\\\/\\\/blogdofarnesio.com.br\\\/#\\\/schema\\\/person\\\/bb9b23ae3ad0609ce8df7b6c9e76824d\",\"name\":\"Farn\u00e9sio\",\"image\":{\"@type\":\"ImageObject\",\"inLanguage\":\"pt-BR\",\"@id\":\"https:\\\/\\\/secure.gravatar.com\\\/avatar\\\/986aa4c61ccdb66f8555bf88fc2a65609d00bcabd4d2d94377a727547345cbca?s=96&d=mm&r=g\",\"url\":\"https:\\\/\\\/secure.gravatar.com\\\/avatar\\\/986aa4c61ccdb66f8555bf88fc2a65609d00bcabd4d2d94377a727547345cbca?s=96&d=mm&r=g\",\"contentUrl\":\"https:\\\/\\\/secure.gravatar.com\\\/avatar\\\/986aa4c61ccdb66f8555bf88fc2a65609d00bcabd4d2d94377a727547345cbca?s=96&d=mm&r=g\",\"caption\":\"Farn\u00e9sio\"},\"description\":\"Radialista blogueiro, chegou a Petrolina\\\/Juazeiro em setembro de 1980, Farn\u00e9sio Silva \u00e9 de Arapiraca-Alagoas.\",\"sameAs\":[\"http:\\\/\\\/blogdofarnesio.com.br\",\"https:\\\/\\\/www.facebook.com\\\/?ref=tn_tnmn\",\"https:\\\/\\\/www.instagram.com\\\/?utm_source=pwa_homescreen\",\"https:\\\/\\\/youtube.com.br\\\/\"],\"url\":\"https:\\\/\\\/blogdofarnesio.com.br\\\/?author=2\"}]}<\/script>\n<!-- \/ Yoast SEO plugin. -->","yoast_head_json":{"title":"Como o bolsonarismo criou uma sindemia no Brasil - Blog do Farn\u00e9sio","robots":{"index":"index","follow":"follow","max-snippet":"max-snippet:-1","max-image-preview":"max-image-preview:large","max-video-preview":"max-video-preview:-1"},"canonical":"https:\/\/blogdofarnesio.com.br\/?p=300401","og_locale":"pt_BR","og_type":"article","og_title":"Como o bolsonarismo criou uma sindemia no Brasil - Blog do Farn\u00e9sio","og_description":"Jornalista Cesar Calejon analisa a interse\u00e7\u00e3o da pandemia da Covid-19 com o fen\u00f4meno pol\u00edtico de extrema-direita em novo livro, &#8220;Tempestade Perfeita&#8221; A interse\u00e7\u00e3o do bolsonarismo com a pandemia da Covid-19 criou uma sindemia no Brasil entre os anos de 2020 e 2021. Esse fen\u00f4meno e suas consequ\u00eancias nefastas para o pa\u00eds s\u00e3o analisados pelo jornalista Cesar Calejon\u00a0no livro\u00a0Tempestade Perfeita: o bolsonarismo e a sindemia Covid-19 no Brasil, publicado pela Editora Contracorrente. A obra evidencia como a combina\u00e7\u00e3o destes dois eventos sociais e a instabilidade pol\u00edtica levaram a m\u00faltiplos planos de crise institucional: dentro do pr\u00f3prio governo federal; entre os n\u00edveis federativos; com os demais poderes da Rep\u00fablica (Judici\u00e1rio e Legislativo) e junto \u00e0 sociedade internacional. Este cen\u00e1rio, segundo o autor,&hellip;","og_url":"https:\/\/blogdofarnesio.com.br\/?p=300401","og_site_name":"Blog do Farn\u00e9sio","article_publisher":"https:\/\/www.facebook.com\/BlogQuerSaberPolitica\/","article_author":"https:\/\/www.facebook.com\/?ref=tn_tnmn","article_published_time":"2021-11-22T11:02:52+00:00","og_image":[{"width":410,"height":596,"url":"https:\/\/blogdofarnesio.com.br\/wp-content\/uploads\/2021\/11\/Tempestade-Capa-e1637275485444.jpg","type":"image\/jpeg"}],"author":"Farn\u00e9sio","twitter_card":"summary_large_image","twitter_misc":{"Escrito por":"Farn\u00e9sio","Est. tempo de leitura":"3 minutos"},"schema":{"@context":"https:\/\/schema.org","@graph":[{"@type":"Article","@id":"https:\/\/blogdofarnesio.com.br\/?p=300401#article","isPartOf":{"@id":"https:\/\/blogdofarnesio.com.br\/?p=300401"},"author":{"name":"Farn\u00e9sio","@id":"https:\/\/blogdofarnesio.com.br\/#\/schema\/person\/bb9b23ae3ad0609ce8df7b6c9e76824d"},"headline":"Como o bolsonarismo criou uma sindemia no Brasil","datePublished":"2021-11-22T11:02:52+00:00","mainEntityOfPage":{"@id":"https:\/\/blogdofarnesio.com.br\/?p=300401"},"wordCount":625,"commentCount":0,"publisher":{"@id":"https:\/\/blogdofarnesio.com.br\/#organization"},"image":{"@id":"https:\/\/blogdofarnesio.com.br\/?p=300401#primaryimage"},"thumbnailUrl":"https:\/\/blogdofarnesio.com.br\/wp-content\/uploads\/2021\/11\/Tempestade-Capa-e1637275485444.jpg","articleSection":["Artigo"],"inLanguage":"pt-BR","potentialAction":[{"@type":"CommentAction","name":"Comment","target":["https:\/\/blogdofarnesio.com.br\/?p=300401#respond"]}]},{"@type":"WebPage","@id":"https:\/\/blogdofarnesio.com.br\/?p=300401","url":"https:\/\/blogdofarnesio.com.br\/?p=300401","name":"Como o bolsonarismo criou uma sindemia no Brasil - Blog do Farn\u00e9sio","isPartOf":{"@id":"https:\/\/blogdofarnesio.com.br\/#website"},"primaryImageOfPage":{"@id":"https:\/\/blogdofarnesio.com.br\/?p=300401#primaryimage"},"image":{"@id":"https:\/\/blogdofarnesio.com.br\/?p=300401#primaryimage"},"thumbnailUrl":"https:\/\/blogdofarnesio.com.br\/wp-content\/uploads\/2021\/11\/Tempestade-Capa-e1637275485444.jpg","datePublished":"2021-11-22T11:02:52+00:00","breadcrumb":{"@id":"https:\/\/blogdofarnesio.com.br\/?p=300401#breadcrumb"},"inLanguage":"pt-BR","potentialAction":[{"@type":"ReadAction","target":["https:\/\/blogdofarnesio.com.br\/?p=300401"]}]},{"@type":"ImageObject","inLanguage":"pt-BR","@id":"https:\/\/blogdofarnesio.com.br\/?p=300401#primaryimage","url":"https:\/\/blogdofarnesio.com.br\/wp-content\/uploads\/2021\/11\/Tempestade-Capa-e1637275485444.jpg","contentUrl":"https:\/\/blogdofarnesio.com.br\/wp-content\/uploads\/2021\/11\/Tempestade-Capa-e1637275485444.jpg","width":410,"height":596},{"@type":"BreadcrumbList","@id":"https:\/\/blogdofarnesio.com.br\/?p=300401#breadcrumb","itemListElement":[{"@type":"ListItem","position":1,"name":"In\u00edcio","item":"https:\/\/blogdofarnesio.com.br\/"},{"@type":"ListItem","position":2,"name":"Como o bolsonarismo criou uma sindemia no Brasil"}]},{"@type":"WebSite","@id":"https:\/\/blogdofarnesio.com.br\/#website","url":"https:\/\/blogdofarnesio.com.br\/","name":"Blog do Farn\u00e9sio","description":"Quer Saber Pol\u00edtica?","publisher":{"@id":"https:\/\/blogdofarnesio.com.br\/#organization"},"potentialAction":[{"@type":"SearchAction","target":{"@type":"EntryPoint","urlTemplate":"https:\/\/blogdofarnesio.com.br\/?s={search_term_string}"},"query-input":{"@type":"PropertyValueSpecification","valueRequired":true,"valueName":"search_term_string"}}],"inLanguage":"pt-BR"},{"@type":"Organization","@id":"https:\/\/blogdofarnesio.com.br\/#organization","name":"Blog do Farn\u00e9sio","url":"https:\/\/blogdofarnesio.com.br\/","logo":{"@type":"ImageObject","inLanguage":"pt-BR","@id":"https:\/\/blogdofarnesio.com.br\/#\/schema\/logo\/image\/","url":"https:\/\/blogdofarnesio.com.br\/wp-content\/uploads\/2026\/03\/cropped-logo_new-1.png","contentUrl":"https:\/\/blogdofarnesio.com.br\/wp-content\/uploads\/2026\/03\/cropped-logo_new-1.png","width":881,"height":685,"caption":"Blog do Farn\u00e9sio"},"image":{"@id":"https:\/\/blogdofarnesio.com.br\/#\/schema\/logo\/image\/"},"sameAs":["https:\/\/www.facebook.com\/BlogQuerSaberPolitica\/"]},{"@type":"Person","@id":"https:\/\/blogdofarnesio.com.br\/#\/schema\/person\/bb9b23ae3ad0609ce8df7b6c9e76824d","name":"Farn\u00e9sio","image":{"@type":"ImageObject","inLanguage":"pt-BR","@id":"https:\/\/secure.gravatar.com\/avatar\/986aa4c61ccdb66f8555bf88fc2a65609d00bcabd4d2d94377a727547345cbca?s=96&d=mm&r=g","url":"https:\/\/secure.gravatar.com\/avatar\/986aa4c61ccdb66f8555bf88fc2a65609d00bcabd4d2d94377a727547345cbca?s=96&d=mm&r=g","contentUrl":"https:\/\/secure.gravatar.com\/avatar\/986aa4c61ccdb66f8555bf88fc2a65609d00bcabd4d2d94377a727547345cbca?s=96&d=mm&r=g","caption":"Farn\u00e9sio"},"description":"Radialista blogueiro, chegou a Petrolina\/Juazeiro em setembro de 1980, Farn\u00e9sio Silva \u00e9 de Arapiraca-Alagoas.","sameAs":["http:\/\/blogdofarnesio.com.br","https:\/\/www.facebook.com\/?ref=tn_tnmn","https:\/\/www.instagram.com\/?utm_source=pwa_homescreen","https:\/\/youtube.com.br\/"],"url":"https:\/\/blogdofarnesio.com.br\/?author=2"}]}},"_links":{"self":[{"href":"https:\/\/blogdofarnesio.com.br\/index.php?rest_route=\/wp\/v2\/posts\/300401","targetHints":{"allow":["GET"]}}],"collection":[{"href":"https:\/\/blogdofarnesio.com.br\/index.php?rest_route=\/wp\/v2\/posts"}],"about":[{"href":"https:\/\/blogdofarnesio.com.br\/index.php?rest_route=\/wp\/v2\/types\/post"}],"author":[{"embeddable":true,"href":"https:\/\/blogdofarnesio.com.br\/index.php?rest_route=\/wp\/v2\/users\/2"}],"replies":[{"embeddable":true,"href":"https:\/\/blogdofarnesio.com.br\/index.php?rest_route=%2Fwp%2Fv2%2Fcomments&post=300401"}],"version-history":[{"count":0,"href":"https:\/\/blogdofarnesio.com.br\/index.php?rest_route=\/wp\/v2\/posts\/300401\/revisions"}],"wp:featuredmedia":[{"embeddable":true,"href":"https:\/\/blogdofarnesio.com.br\/index.php?rest_route=\/wp\/v2\/media\/300402"}],"wp:attachment":[{"href":"https:\/\/blogdofarnesio.com.br\/index.php?rest_route=%2Fwp%2Fv2%2Fmedia&parent=300401"}],"wp:term":[{"taxonomy":"category","embeddable":true,"href":"https:\/\/blogdofarnesio.com.br\/index.php?rest_route=%2Fwp%2Fv2%2Fcategories&post=300401"},{"taxonomy":"post_tag","embeddable":true,"href":"https:\/\/blogdofarnesio.com.br\/index.php?rest_route=%2Fwp%2Fv2%2Ftags&post=300401"}],"curies":[{"name":"wp","href":"https:\/\/api.w.org\/{rel}","templated":true}]}}