{"id":300316,"date":"2021-11-18T11:45:52","date_gmt":"2021-11-18T14:45:52","guid":{"rendered":"https:\/\/blogdofarnesio.com.br\/?p=300316"},"modified":"2021-11-18T08:35:25","modified_gmt":"2021-11-18T11:35:25","slug":"luciano-huck-fracassa-ao-vivo-com-grosserias-e-desconhecimento-e-preocupa-a-globo","status":"publish","type":"post","link":"https:\/\/blogdofarnesio.com.br\/?p=300316","title":{"rendered":"Luciano Huck fracassa ao vivo com grosserias e desconhecimento e preocupa a globo"},"content":{"rendered":"<ul class=\"caas-list caas-list-bullet\">\n<li><em>&#8220;Doming\u00e3o com o Huck&#8221; \u00e9 marcado por uma s\u00e9rie de grosserias de Luciano Huck<\/em><\/li>\n<li><em>Dedicado \u00e0 mem\u00f3ria de Mar\u00edlia Mendon\u00e7a, programa ao vivo mostrou defici\u00eancias de Huck como apresentador<\/em><\/li>\n<li><em>Machismo, gordofobia e indelicadeza com convidados marcaram a conduta do comunicador<\/em><\/li>\n<\/ul>\n<p>\u00c0s pressas, o &#8220;Doming\u00e3o&#8221; com o Huck deste domingo (7) apostou numa edi\u00e7\u00e3o ao vivo para homenagear\u00a0<a class=\"link rapid-noclick-resp yahoo-link\" href=\"https:\/\/br.vida-estilo.yahoo.com\/rainha-da-sofrencia-marilia-mendonca-morre-em-acidente-aereo-204852140.html\" target=\"_top\" rel=\"noopener\">Mar\u00edlia Mendon\u00e7a, cantora infelizmente morta na sexta-feira (5), v\u00edtima de uma trag\u00e9dia a\u00e9rea no estado de Minas Gerais.<\/a>\u00a0Escolhido para a miss\u00e3o de lembrar a vida e a carreira de uma das cantoras brasileiras mais talentosas do s\u00e9culo, Luciano Huck se mostrou muito aqu\u00e9m do desafio, protagonizando um festival de grosserias no hor\u00e1rio nobre da TV Globo.<\/p>\n<p>N\u00e3o foram poucas as gafes cometidas por Huck durante o programa. Quase todas elas, ali\u00e1s, tiveram cunho machista. Logo no in\u00edcio da atra\u00e7\u00e3o, o apresentador deixou convidados desconfort\u00e1veis ao fazer coment\u00e1rios completamente sobre os corpos de Mar\u00edlia Mendon\u00e7a e Maiara e Mara\u00edsa. &#8220;Tr\u00eas semanas que eu estava com as tr\u00eas no palco. Na verdade, era s\u00f3 metade das tr\u00eas no palco, porque elas estavam as tr\u00eas magrinhas\u2026\u201d, disse ele, sorrindo.<\/p>\n<p>Uma das convidadas do programa, Lu\u00edsa Sonza sofreu particularmente com o apresentador. Al\u00e9m de ter o sobrenome confundido (Huck a chamou de &#8220;Lu\u00edsa Souza&#8221;), a cantora ainda foi alvo de uma brincadeira infeliz de Huck na hora de cantar &#8220;Graveto&#8221; com Tierry: &#8220;s\u00f3 n\u00e3o vale chorar, hein&#8221;. Amiga pessoal de Mar\u00edlia Mendon\u00e7a, Lu\u00edsa foi praticamente proibida de demonstrar tristeza no palco.\u00a0<a class=\"link rapid-noclick-resp yahoo-link\" href=\"https:\/\/br.vida-estilo.yahoo.com\/marilia-mendonca-velada-famosos-murilo-huff-simone-mendes-luiza-sonza-maiara-maraisa-164340086.html\" target=\"_top\" rel=\"noopener\">Ela foi uma das mais emocionadas no vel\u00f3rio da artista.<\/a><\/p>\n","protected":false},"excerpt":{"rendered":"<p>&#8220;Doming\u00e3o com o Huck&#8221; \u00e9 marcado por uma s\u00e9rie de grosserias de Luciano Huck Dedicado \u00e0 mem\u00f3ria de Mar\u00edlia Mendon\u00e7a, programa ao vivo mostrou defici\u00eancias de Huck como apresentador Machismo, gordofobia e indelicadeza com convidados marcaram a conduta do comunicador \u00c0s pressas, o &#8220;Doming\u00e3o&#8221; com o Huck deste domingo (7) apostou numa edi\u00e7\u00e3o ao vivo para homenagear\u00a0Mar\u00edlia Mendon\u00e7a, cantora infelizmente morta na sexta-feira (5), v\u00edtima de uma trag\u00e9dia a\u00e9rea no estado de Minas Gerais.\u00a0Escolhido para a miss\u00e3o de lembrar a vida e a carreira de uma das cantoras brasileiras mais talentosas do s\u00e9culo, Luciano Huck se mostrou muito aqu\u00e9m do desafio, protagonizando um festival de grosserias no hor\u00e1rio nobre da TV Globo. N\u00e3o foram poucas as gafes cometidas por Huck&hellip; <\/p>\n","protected":false},"author":2,"featured_media":236505,"comment_status":"open","ping_status":"open","sticky":false,"template":"","format":"standard","meta":{"_acf_changed":false,"footnotes":""},"categories":[43],"tags":[],"class_list":["post-300316","post","type-post","status-publish","format-standard","has-post-thumbnail","hentry","category-sem-categoria"],"acf":[],"yoast_head":"<!-- This site is optimized with the Yoast SEO plugin v27.4 - https:\/\/yoast.com\/product\/yoast-seo-wordpress\/ -->\n<title>Luciano Huck fracassa ao vivo com grosserias e desconhecimento e preocupa a globo - Blog do Farn\u00e9sio<\/title>\n<meta name=\"robots\" content=\"index, follow, max-snippet:-1, max-image-preview:large, max-video-preview:-1\" \/>\n<link rel=\"canonical\" href=\"https:\/\/blogdofarnesio.com.br\/?p=300316\" \/>\n<meta property=\"og:locale\" content=\"pt_BR\" \/>\n<meta property=\"og:type\" content=\"article\" \/>\n<meta property=\"og:title\" content=\"Luciano Huck fracassa ao vivo com grosserias e desconhecimento e preocupa a globo - Blog do Farn\u00e9sio\" \/>\n<meta property=\"og:description\" content=\"&#8220;Doming\u00e3o com o Huck&#8221; \u00e9 marcado por uma s\u00e9rie de grosserias de Luciano Huck Dedicado \u00e0 mem\u00f3ria de Mar\u00edlia Mendon\u00e7a, programa ao vivo mostrou defici\u00eancias de Huck como apresentador Machismo, gordofobia e indelicadeza com convidados marcaram a conduta do comunicador \u00c0s pressas, o &#8220;Doming\u00e3o&#8221; com o Huck deste domingo (7) apostou numa edi\u00e7\u00e3o ao vivo para homenagear\u00a0Mar\u00edlia Mendon\u00e7a, cantora infelizmente morta na sexta-feira (5), v\u00edtima de uma trag\u00e9dia a\u00e9rea no estado de Minas Gerais.\u00a0Escolhido para a miss\u00e3o de lembrar a vida e a carreira de uma das cantoras brasileiras mais talentosas do s\u00e9culo, Luciano Huck se mostrou muito aqu\u00e9m do desafio, protagonizando um festival de grosserias no hor\u00e1rio nobre da TV Globo. N\u00e3o foram poucas as gafes cometidas por Huck&hellip;\" \/>\n<meta property=\"og:url\" content=\"https:\/\/blogdofarnesio.com.br\/?p=300316\" \/>\n<meta property=\"og:site_name\" content=\"Blog do Farn\u00e9sio\" \/>\n<meta property=\"article:publisher\" content=\"https:\/\/www.facebook.com\/BlogQuerSaberPolitica\/\" \/>\n<meta property=\"article:author\" content=\"https:\/\/www.facebook.com\/?ref=tn_tnmn\" \/>\n<meta property=\"article:published_time\" content=\"2021-11-18T14:45:52+00:00\" \/>\n<meta property=\"og:image\" content=\"https:\/\/blogdofarnesio.com.br\/wp-content\/uploads\/2019\/08\/blogqspLuciano-Huck-1.jpg\" \/>\n\t<meta property=\"og:image:width\" content=\"380\" \/>\n\t<meta property=\"og:image:height\" content=\"280\" \/>\n\t<meta property=\"og:image:type\" content=\"image\/jpeg\" \/>\n<meta name=\"author\" content=\"Farn\u00e9sio\" \/>\n<meta name=\"twitter:card\" content=\"summary_large_image\" \/>\n<meta name=\"twitter:label1\" content=\"Escrito por\" \/>\n\t<meta name=\"twitter:data1\" content=\"Farn\u00e9sio\" \/>\n\t<meta name=\"twitter:label2\" content=\"Est. tempo de leitura\" \/>\n\t<meta name=\"twitter:data2\" content=\"2 minutos\" \/>\n<script type=\"application\/ld+json\" class=\"yoast-schema-graph\">{\"@context\":\"https:\\\/\\\/schema.org\",\"@graph\":[{\"@type\":\"Article\",\"@id\":\"https:\\\/\\\/blogdofarnesio.com.br\\\/?p=300316#article\",\"isPartOf\":{\"@id\":\"https:\\\/\\\/blogdofarnesio.com.br\\\/?p=300316\"},\"author\":{\"name\":\"Farn\u00e9sio\",\"@id\":\"https:\\\/\\\/blogdofarnesio.com.br\\\/#\\\/schema\\\/person\\\/bb9b23ae3ad0609ce8df7b6c9e76824d\"},\"headline\":\"Luciano Huck fracassa ao vivo com grosserias e desconhecimento e preocupa a globo\",\"datePublished\":\"2021-11-18T14:45:52+00:00\",\"mainEntityOfPage\":{\"@id\":\"https:\\\/\\\/blogdofarnesio.com.br\\\/?p=300316\"},\"wordCount\":302,\"commentCount\":0,\"publisher\":{\"@id\":\"https:\\\/\\\/blogdofarnesio.com.br\\\/#organization\"},\"image\":{\"@id\":\"https:\\\/\\\/blogdofarnesio.com.br\\\/?p=300316#primaryimage\"},\"thumbnailUrl\":\"https:\\\/\\\/blogdofarnesio.com.br\\\/wp-content\\\/uploads\\\/2019\\\/08\\\/blogqspLuciano-Huck-1.jpg\",\"inLanguage\":\"pt-BR\",\"potentialAction\":[{\"@type\":\"CommentAction\",\"name\":\"Comment\",\"target\":[\"https:\\\/\\\/blogdofarnesio.com.br\\\/?p=300316#respond\"]}]},{\"@type\":\"WebPage\",\"@id\":\"https:\\\/\\\/blogdofarnesio.com.br\\\/?p=300316\",\"url\":\"https:\\\/\\\/blogdofarnesio.com.br\\\/?p=300316\",\"name\":\"Luciano Huck fracassa ao vivo com grosserias e desconhecimento e preocupa a globo - Blog do Farn\u00e9sio\",\"isPartOf\":{\"@id\":\"https:\\\/\\\/blogdofarnesio.com.br\\\/#website\"},\"primaryImageOfPage\":{\"@id\":\"https:\\\/\\\/blogdofarnesio.com.br\\\/?p=300316#primaryimage\"},\"image\":{\"@id\":\"https:\\\/\\\/blogdofarnesio.com.br\\\/?p=300316#primaryimage\"},\"thumbnailUrl\":\"https:\\\/\\\/blogdofarnesio.com.br\\\/wp-content\\\/uploads\\\/2019\\\/08\\\/blogqspLuciano-Huck-1.jpg\",\"datePublished\":\"2021-11-18T14:45:52+00:00\",\"breadcrumb\":{\"@id\":\"https:\\\/\\\/blogdofarnesio.com.br\\\/?p=300316#breadcrumb\"},\"inLanguage\":\"pt-BR\",\"potentialAction\":[{\"@type\":\"ReadAction\",\"target\":[\"https:\\\/\\\/blogdofarnesio.com.br\\\/?p=300316\"]}]},{\"@type\":\"ImageObject\",\"inLanguage\":\"pt-BR\",\"@id\":\"https:\\\/\\\/blogdofarnesio.com.br\\\/?p=300316#primaryimage\",\"url\":\"https:\\\/\\\/blogdofarnesio.com.br\\\/wp-content\\\/uploads\\\/2019\\\/08\\\/blogqspLuciano-Huck-1.jpg\",\"contentUrl\":\"https:\\\/\\\/blogdofarnesio.com.br\\\/wp-content\\\/uploads\\\/2019\\\/08\\\/blogqspLuciano-Huck-1.jpg\",\"width\":380,\"height\":280},{\"@type\":\"BreadcrumbList\",\"@id\":\"https:\\\/\\\/blogdofarnesio.com.br\\\/?p=300316#breadcrumb\",\"itemListElement\":[{\"@type\":\"ListItem\",\"position\":1,\"name\":\"In\u00edcio\",\"item\":\"https:\\\/\\\/blogdofarnesio.com.br\\\/\"},{\"@type\":\"ListItem\",\"position\":2,\"name\":\"Luciano Huck fracassa ao vivo com grosserias e desconhecimento e preocupa a globo\"}]},{\"@type\":\"WebSite\",\"@id\":\"https:\\\/\\\/blogdofarnesio.com.br\\\/#website\",\"url\":\"https:\\\/\\\/blogdofarnesio.com.br\\\/\",\"name\":\"Blog do Farn\u00e9sio\",\"description\":\"Quer Saber Pol\u00edtica?\",\"publisher\":{\"@id\":\"https:\\\/\\\/blogdofarnesio.com.br\\\/#organization\"},\"potentialAction\":[{\"@type\":\"SearchAction\",\"target\":{\"@type\":\"EntryPoint\",\"urlTemplate\":\"https:\\\/\\\/blogdofarnesio.com.br\\\/?s={search_term_string}\"},\"query-input\":{\"@type\":\"PropertyValueSpecification\",\"valueRequired\":true,\"valueName\":\"search_term_string\"}}],\"inLanguage\":\"pt-BR\"},{\"@type\":\"Organization\",\"@id\":\"https:\\\/\\\/blogdofarnesio.com.br\\\/#organization\",\"name\":\"Blog do Farn\u00e9sio\",\"url\":\"https:\\\/\\\/blogdofarnesio.com.br\\\/\",\"logo\":{\"@type\":\"ImageObject\",\"inLanguage\":\"pt-BR\",\"@id\":\"https:\\\/\\\/blogdofarnesio.com.br\\\/#\\\/schema\\\/logo\\\/image\\\/\",\"url\":\"https:\\\/\\\/blogdofarnesio.com.br\\\/wp-content\\\/uploads\\\/2026\\\/03\\\/cropped-logo_new-1.png\",\"contentUrl\":\"https:\\\/\\\/blogdofarnesio.com.br\\\/wp-content\\\/uploads\\\/2026\\\/03\\\/cropped-logo_new-1.png\",\"width\":881,\"height\":685,\"caption\":\"Blog do Farn\u00e9sio\"},\"image\":{\"@id\":\"https:\\\/\\\/blogdofarnesio.com.br\\\/#\\\/schema\\\/logo\\\/image\\\/\"},\"sameAs\":[\"https:\\\/\\\/www.facebook.com\\\/BlogQuerSaberPolitica\\\/\"]},{\"@type\":\"Person\",\"@id\":\"https:\\\/\\\/blogdofarnesio.com.br\\\/#\\\/schema\\\/person\\\/bb9b23ae3ad0609ce8df7b6c9e76824d\",\"name\":\"Farn\u00e9sio\",\"image\":{\"@type\":\"ImageObject\",\"inLanguage\":\"pt-BR\",\"@id\":\"https:\\\/\\\/secure.gravatar.com\\\/avatar\\\/986aa4c61ccdb66f8555bf88fc2a65609d00bcabd4d2d94377a727547345cbca?s=96&d=mm&r=g\",\"url\":\"https:\\\/\\\/secure.gravatar.com\\\/avatar\\\/986aa4c61ccdb66f8555bf88fc2a65609d00bcabd4d2d94377a727547345cbca?s=96&d=mm&r=g\",\"contentUrl\":\"https:\\\/\\\/secure.gravatar.com\\\/avatar\\\/986aa4c61ccdb66f8555bf88fc2a65609d00bcabd4d2d94377a727547345cbca?s=96&d=mm&r=g\",\"caption\":\"Farn\u00e9sio\"},\"description\":\"Radialista blogueiro, chegou a Petrolina\\\/Juazeiro em setembro de 1980, Farn\u00e9sio Silva \u00e9 de Arapiraca-Alagoas.\",\"sameAs\":[\"http:\\\/\\\/blogdofarnesio.com.br\",\"https:\\\/\\\/www.facebook.com\\\/?ref=tn_tnmn\",\"https:\\\/\\\/www.instagram.com\\\/?utm_source=pwa_homescreen\",\"https:\\\/\\\/youtube.com.br\\\/\"],\"url\":\"https:\\\/\\\/blogdofarnesio.com.br\\\/?author=2\"}]}<\/script>\n<!-- \/ Yoast SEO plugin. -->","yoast_head_json":{"title":"Luciano Huck fracassa ao vivo com grosserias e desconhecimento e preocupa a globo - Blog do Farn\u00e9sio","robots":{"index":"index","follow":"follow","max-snippet":"max-snippet:-1","max-image-preview":"max-image-preview:large","max-video-preview":"max-video-preview:-1"},"canonical":"https:\/\/blogdofarnesio.com.br\/?p=300316","og_locale":"pt_BR","og_type":"article","og_title":"Luciano Huck fracassa ao vivo com grosserias e desconhecimento e preocupa a globo - Blog do Farn\u00e9sio","og_description":"&#8220;Doming\u00e3o com o Huck&#8221; \u00e9 marcado por uma s\u00e9rie de grosserias de Luciano Huck Dedicado \u00e0 mem\u00f3ria de Mar\u00edlia Mendon\u00e7a, programa ao vivo mostrou defici\u00eancias de Huck como apresentador Machismo, gordofobia e indelicadeza com convidados marcaram a conduta do comunicador \u00c0s pressas, o &#8220;Doming\u00e3o&#8221; com o Huck deste domingo (7) apostou numa edi\u00e7\u00e3o ao vivo para homenagear\u00a0Mar\u00edlia Mendon\u00e7a, cantora infelizmente morta na sexta-feira (5), v\u00edtima de uma trag\u00e9dia a\u00e9rea no estado de Minas Gerais.\u00a0Escolhido para a miss\u00e3o de lembrar a vida e a carreira de uma das cantoras brasileiras mais talentosas do s\u00e9culo, Luciano Huck se mostrou muito aqu\u00e9m do desafio, protagonizando um festival de grosserias no hor\u00e1rio nobre da TV Globo. N\u00e3o foram poucas as gafes cometidas por Huck&hellip;","og_url":"https:\/\/blogdofarnesio.com.br\/?p=300316","og_site_name":"Blog do Farn\u00e9sio","article_publisher":"https:\/\/www.facebook.com\/BlogQuerSaberPolitica\/","article_author":"https:\/\/www.facebook.com\/?ref=tn_tnmn","article_published_time":"2021-11-18T14:45:52+00:00","og_image":[{"width":380,"height":280,"url":"https:\/\/blogdofarnesio.com.br\/wp-content\/uploads\/2019\/08\/blogqspLuciano-Huck-1.jpg","type":"image\/jpeg"}],"author":"Farn\u00e9sio","twitter_card":"summary_large_image","twitter_misc":{"Escrito por":"Farn\u00e9sio","Est. tempo de leitura":"2 minutos"},"schema":{"@context":"https:\/\/schema.org","@graph":[{"@type":"Article","@id":"https:\/\/blogdofarnesio.com.br\/?p=300316#article","isPartOf":{"@id":"https:\/\/blogdofarnesio.com.br\/?p=300316"},"author":{"name":"Farn\u00e9sio","@id":"https:\/\/blogdofarnesio.com.br\/#\/schema\/person\/bb9b23ae3ad0609ce8df7b6c9e76824d"},"headline":"Luciano Huck fracassa ao vivo com grosserias e desconhecimento e preocupa a globo","datePublished":"2021-11-18T14:45:52+00:00","mainEntityOfPage":{"@id":"https:\/\/blogdofarnesio.com.br\/?p=300316"},"wordCount":302,"commentCount":0,"publisher":{"@id":"https:\/\/blogdofarnesio.com.br\/#organization"},"image":{"@id":"https:\/\/blogdofarnesio.com.br\/?p=300316#primaryimage"},"thumbnailUrl":"https:\/\/blogdofarnesio.com.br\/wp-content\/uploads\/2019\/08\/blogqspLuciano-Huck-1.jpg","inLanguage":"pt-BR","potentialAction":[{"@type":"CommentAction","name":"Comment","target":["https:\/\/blogdofarnesio.com.br\/?p=300316#respond"]}]},{"@type":"WebPage","@id":"https:\/\/blogdofarnesio.com.br\/?p=300316","url":"https:\/\/blogdofarnesio.com.br\/?p=300316","name":"Luciano Huck fracassa ao vivo com grosserias e desconhecimento e preocupa a globo - Blog do Farn\u00e9sio","isPartOf":{"@id":"https:\/\/blogdofarnesio.com.br\/#website"},"primaryImageOfPage":{"@id":"https:\/\/blogdofarnesio.com.br\/?p=300316#primaryimage"},"image":{"@id":"https:\/\/blogdofarnesio.com.br\/?p=300316#primaryimage"},"thumbnailUrl":"https:\/\/blogdofarnesio.com.br\/wp-content\/uploads\/2019\/08\/blogqspLuciano-Huck-1.jpg","datePublished":"2021-11-18T14:45:52+00:00","breadcrumb":{"@id":"https:\/\/blogdofarnesio.com.br\/?p=300316#breadcrumb"},"inLanguage":"pt-BR","potentialAction":[{"@type":"ReadAction","target":["https:\/\/blogdofarnesio.com.br\/?p=300316"]}]},{"@type":"ImageObject","inLanguage":"pt-BR","@id":"https:\/\/blogdofarnesio.com.br\/?p=300316#primaryimage","url":"https:\/\/blogdofarnesio.com.br\/wp-content\/uploads\/2019\/08\/blogqspLuciano-Huck-1.jpg","contentUrl":"https:\/\/blogdofarnesio.com.br\/wp-content\/uploads\/2019\/08\/blogqspLuciano-Huck-1.jpg","width":380,"height":280},{"@type":"BreadcrumbList","@id":"https:\/\/blogdofarnesio.com.br\/?p=300316#breadcrumb","itemListElement":[{"@type":"ListItem","position":1,"name":"In\u00edcio","item":"https:\/\/blogdofarnesio.com.br\/"},{"@type":"ListItem","position":2,"name":"Luciano Huck fracassa ao vivo com grosserias e desconhecimento e preocupa a globo"}]},{"@type":"WebSite","@id":"https:\/\/blogdofarnesio.com.br\/#website","url":"https:\/\/blogdofarnesio.com.br\/","name":"Blog do Farn\u00e9sio","description":"Quer Saber Pol\u00edtica?","publisher":{"@id":"https:\/\/blogdofarnesio.com.br\/#organization"},"potentialAction":[{"@type":"SearchAction","target":{"@type":"EntryPoint","urlTemplate":"https:\/\/blogdofarnesio.com.br\/?s={search_term_string}"},"query-input":{"@type":"PropertyValueSpecification","valueRequired":true,"valueName":"search_term_string"}}],"inLanguage":"pt-BR"},{"@type":"Organization","@id":"https:\/\/blogdofarnesio.com.br\/#organization","name":"Blog do Farn\u00e9sio","url":"https:\/\/blogdofarnesio.com.br\/","logo":{"@type":"ImageObject","inLanguage":"pt-BR","@id":"https:\/\/blogdofarnesio.com.br\/#\/schema\/logo\/image\/","url":"https:\/\/blogdofarnesio.com.br\/wp-content\/uploads\/2026\/03\/cropped-logo_new-1.png","contentUrl":"https:\/\/blogdofarnesio.com.br\/wp-content\/uploads\/2026\/03\/cropped-logo_new-1.png","width":881,"height":685,"caption":"Blog do Farn\u00e9sio"},"image":{"@id":"https:\/\/blogdofarnesio.com.br\/#\/schema\/logo\/image\/"},"sameAs":["https:\/\/www.facebook.com\/BlogQuerSaberPolitica\/"]},{"@type":"Person","@id":"https:\/\/blogdofarnesio.com.br\/#\/schema\/person\/bb9b23ae3ad0609ce8df7b6c9e76824d","name":"Farn\u00e9sio","image":{"@type":"ImageObject","inLanguage":"pt-BR","@id":"https:\/\/secure.gravatar.com\/avatar\/986aa4c61ccdb66f8555bf88fc2a65609d00bcabd4d2d94377a727547345cbca?s=96&d=mm&r=g","url":"https:\/\/secure.gravatar.com\/avatar\/986aa4c61ccdb66f8555bf88fc2a65609d00bcabd4d2d94377a727547345cbca?s=96&d=mm&r=g","contentUrl":"https:\/\/secure.gravatar.com\/avatar\/986aa4c61ccdb66f8555bf88fc2a65609d00bcabd4d2d94377a727547345cbca?s=96&d=mm&r=g","caption":"Farn\u00e9sio"},"description":"Radialista blogueiro, chegou a Petrolina\/Juazeiro em setembro de 1980, Farn\u00e9sio Silva \u00e9 de Arapiraca-Alagoas.","sameAs":["http:\/\/blogdofarnesio.com.br","https:\/\/www.facebook.com\/?ref=tn_tnmn","https:\/\/www.instagram.com\/?utm_source=pwa_homescreen","https:\/\/youtube.com.br\/"],"url":"https:\/\/blogdofarnesio.com.br\/?author=2"}]}},"_links":{"self":[{"href":"https:\/\/blogdofarnesio.com.br\/index.php?rest_route=\/wp\/v2\/posts\/300316","targetHints":{"allow":["GET"]}}],"collection":[{"href":"https:\/\/blogdofarnesio.com.br\/index.php?rest_route=\/wp\/v2\/posts"}],"about":[{"href":"https:\/\/blogdofarnesio.com.br\/index.php?rest_route=\/wp\/v2\/types\/post"}],"author":[{"embeddable":true,"href":"https:\/\/blogdofarnesio.com.br\/index.php?rest_route=\/wp\/v2\/users\/2"}],"replies":[{"embeddable":true,"href":"https:\/\/blogdofarnesio.com.br\/index.php?rest_route=%2Fwp%2Fv2%2Fcomments&post=300316"}],"version-history":[{"count":0,"href":"https:\/\/blogdofarnesio.com.br\/index.php?rest_route=\/wp\/v2\/posts\/300316\/revisions"}],"wp:featuredmedia":[{"embeddable":true,"href":"https:\/\/blogdofarnesio.com.br\/index.php?rest_route=\/wp\/v2\/media\/236505"}],"wp:attachment":[{"href":"https:\/\/blogdofarnesio.com.br\/index.php?rest_route=%2Fwp%2Fv2%2Fmedia&parent=300316"}],"wp:term":[{"taxonomy":"category","embeddable":true,"href":"https:\/\/blogdofarnesio.com.br\/index.php?rest_route=%2Fwp%2Fv2%2Fcategories&post=300316"},{"taxonomy":"post_tag","embeddable":true,"href":"https:\/\/blogdofarnesio.com.br\/index.php?rest_route=%2Fwp%2Fv2%2Ftags&post=300316"}],"curies":[{"name":"wp","href":"https:\/\/api.w.org\/{rel}","templated":true}]}}