{"id":300280,"date":"2021-11-18T09:03:21","date_gmt":"2021-11-18T12:03:21","guid":{"rendered":"https:\/\/blogdofarnesio.com.br\/?p=300280"},"modified":"2021-11-17T19:54:00","modified_gmt":"2021-11-17T22:54:00","slug":"saae-juazeiro-entra-na-reta-final-de-obra-que-garantira-agua-nas-torneiras-de-moradores-da-vila-estrela-em-manicoba","status":"publish","type":"post","link":"https:\/\/blogdofarnesio.com.br\/?p=300280","title":{"rendered":"SAAE\/Juazeiro: Obra que garantir\u00e1 \u00e1gua nas torneiras de moradores da Vila Estrela\/Mani\u00e7oba em fase de conclus\u00e3o"},"content":{"rendered":"<p>A Prefeitura de Juazeiro, atrav\u00e9s do Servi\u00e7o de \u00c1gua e Saneamento Ambiental (SAAE), est\u00e1 engajada em mudar a hist\u00f3ria do abastecimento de \u00e1gua no interior do munic\u00edpio. Na quarta-feira (17), a equipe t\u00e9cnica da autarquia, liderada pela diretora-presidente Josilene Alixandre, acompanhou mais um dia de trabalho do pessoal que est\u00e1 concluindo a extens\u00e3o de rede na Vila Estrela, interior do distrito de Mani\u00e7oba.<\/p>\n<p>A extens\u00e3o de rede de abastecimento \u00a0de 110mm ligar\u00e1 a localidade \u00e0 Vila Santa In\u00eas. A extens\u00e3o tem 458m de tubo de 85mm, e deriva\u00e7\u00f5es de 1.508m de tubos de 60mm. Essa iniciativa faz parte do investimento de R$ 1 milh\u00e3o, fruto de emenda parlamentar do deputado Adolfo Viana.<\/p>\n<p>\u201cEssa \u00e9 uma prioridade da gest\u00e3o Suzana Ramos e Leonardo Bandeira. Nossa equipe t\u00e9cnica trabalha de forma detalhada para que tudo saia como previsto e a \u00e1gua chegue com press\u00e3o a cada resid\u00eancia. Nosso trabalho j\u00e1 est\u00e1 beneficiando diversas localidades do interior de Juazeiro, que agora contam com \u00e1gua de qualidade nas torneiras\u201d, destaca a diretora-presidente do SAAE, Josilene Alixandre.<\/p>\n<p>A representante dos moradores de Vila Estrela, Rejane da Silva Oliveira est\u00e1 contando as horas para abrir as torneiras. \u201cA dificuldade aqui \u00e9 muito grande, mas agora, a \u00a0esperan\u00e7a renasceu. Gra\u00e7as a Deus, em breve, teremos \u00e1gua nas torneiras. Vai acabar esse neg\u00f3cio de carro-pipa, de pegar \u00e1gua em outras comunidades. Estamos muito felizes e muito gratos\u201d, celebra Rejane.<\/p>\n<p><strong>Andamento dos trabalhos<\/strong><\/p>\n<p>O gestor do SAAE no Interior, Nerivaldo de Jesus falou sobre o andamento da obra. \u201cUma verdadeira riqueza, e a gente fica feliz, porque o nosso intuito \u00e9 resolver o problema da falta de \u00e1gua dessa popula\u00e7\u00e3o. Estamos concluindo o aterramento, e dentro de 15 dias, as muretas e hidr\u00f4metros tamb\u00e9m ter\u00e3o chegado\u201d, adiantou.<\/p>\n<p>Essa a\u00e7\u00e3o em Vila Estrela beneficiar\u00e1 mais de 350 usu\u00e1rios. Depois, a equipe segue para Vila S\u00e3o Francisco, que tamb\u00e9m receber\u00e1 a extens\u00e3o de rede.<\/p>\n<p>\u201cAs extens\u00f5es de rede t\u00eam sido uma marca dessa nova gest\u00e3o da Prefeitura de Juazeiro. A\u00e7\u00f5es como essas t\u00eam alcan\u00e7ado os 4 cantos da cidade, como em \u00a0Mani\u00e7oba, Massaroca, Itamotinga, que j\u00e1 come\u00e7am a desfrutar desse novo tempo\u201d, finaliza a diretora-presidente do SAAE Juazeiro, Josilene Alixandre.<\/p>\n<p>Texto: Fab\u00edola Paiva &#8211; Ascom\/SAAE\/PMJ<\/p>\n<div>\n<div dir=\"ltr\" data-smartmail=\"gmail_signature\">\n<div dir=\"ltr\">&#8212;-<\/div>\n<\/div>\n<\/div>\n","protected":false},"excerpt":{"rendered":"<p>A Prefeitura de Juazeiro, atrav\u00e9s do Servi\u00e7o de \u00c1gua e Saneamento Ambiental (SAAE), est\u00e1 engajada em mudar a hist\u00f3ria do abastecimento de \u00e1gua no interior do munic\u00edpio. Na quarta-feira (17), a equipe t\u00e9cnica da autarquia, liderada pela diretora-presidente Josilene Alixandre, acompanhou mais um dia de trabalho do pessoal que est\u00e1 concluindo a extens\u00e3o de rede na Vila Estrela, interior do distrito de Mani\u00e7oba. A extens\u00e3o de rede de abastecimento \u00a0de 110mm ligar\u00e1 a localidade \u00e0 Vila Santa In\u00eas. A extens\u00e3o tem 458m de tubo de 85mm, e deriva\u00e7\u00f5es de 1.508m de tubos de 60mm. Essa iniciativa faz parte do investimento de R$ 1 milh\u00e3o, fruto de emenda parlamentar do deputado Adolfo Viana. \u201cEssa \u00e9 uma prioridade da gest\u00e3o Suzana Ramos&hellip; <\/p>\n","protected":false},"author":2,"featured_media":262420,"comment_status":"open","ping_status":"open","sticky":false,"template":"","format":"standard","meta":{"_acf_changed":false,"footnotes":""},"categories":[56],"tags":[],"class_list":["post-300280","post","type-post","status-publish","format-standard","has-post-thumbnail","hentry","category-agua"],"acf":[],"yoast_head":"<!-- This site is optimized with the Yoast SEO plugin v27.4 - https:\/\/yoast.com\/product\/yoast-seo-wordpress\/ -->\n<title>SAAE\/Juazeiro: Obra que garantir\u00e1 \u00e1gua nas torneiras de moradores da Vila Estrela\/Mani\u00e7oba em fase de conclus\u00e3o - Blog do Farn\u00e9sio<\/title>\n<meta name=\"robots\" content=\"index, follow, max-snippet:-1, max-image-preview:large, max-video-preview:-1\" \/>\n<link rel=\"canonical\" href=\"https:\/\/blogdofarnesio.com.br\/?p=300280\" \/>\n<meta property=\"og:locale\" content=\"pt_BR\" \/>\n<meta property=\"og:type\" content=\"article\" \/>\n<meta property=\"og:title\" content=\"SAAE\/Juazeiro: Obra que garantir\u00e1 \u00e1gua nas torneiras de moradores da Vila Estrela\/Mani\u00e7oba em fase de conclus\u00e3o - Blog do Farn\u00e9sio\" \/>\n<meta property=\"og:description\" content=\"A Prefeitura de Juazeiro, atrav\u00e9s do Servi\u00e7o de \u00c1gua e Saneamento Ambiental (SAAE), est\u00e1 engajada em mudar a hist\u00f3ria do abastecimento de \u00e1gua no interior do munic\u00edpio. Na quarta-feira (17), a equipe t\u00e9cnica da autarquia, liderada pela diretora-presidente Josilene Alixandre, acompanhou mais um dia de trabalho do pessoal que est\u00e1 concluindo a extens\u00e3o de rede na Vila Estrela, interior do distrito de Mani\u00e7oba. A extens\u00e3o de rede de abastecimento \u00a0de 110mm ligar\u00e1 a localidade \u00e0 Vila Santa In\u00eas. A extens\u00e3o tem 458m de tubo de 85mm, e deriva\u00e7\u00f5es de 1.508m de tubos de 60mm. Essa iniciativa faz parte do investimento de R$ 1 milh\u00e3o, fruto de emenda parlamentar do deputado Adolfo Viana. \u201cEssa \u00e9 uma prioridade da gest\u00e3o Suzana Ramos&hellip;\" \/>\n<meta property=\"og:url\" content=\"https:\/\/blogdofarnesio.com.br\/?p=300280\" \/>\n<meta property=\"og:site_name\" content=\"Blog do Farn\u00e9sio\" \/>\n<meta property=\"article:publisher\" content=\"https:\/\/www.facebook.com\/BlogQuerSaberPolitica\/\" \/>\n<meta property=\"article:author\" content=\"https:\/\/www.facebook.com\/?ref=tn_tnmn\" \/>\n<meta property=\"article:published_time\" content=\"2021-11-18T12:03:21+00:00\" \/>\n<meta property=\"og:image\" content=\"https:\/\/blogdofarnesio.com.br\/wp-content\/uploads\/2020\/07\/SAAE-inaugura-sistemas-de-abastecimento-no-distrito-de-Mani\u00e7oba-Velha-e1604948430147.jpg\" \/>\n\t<meta property=\"og:image:width\" content=\"624\" \/>\n\t<meta property=\"og:image:height\" content=\"416\" \/>\n\t<meta property=\"og:image:type\" content=\"image\/jpeg\" \/>\n<meta name=\"author\" content=\"Farn\u00e9sio\" \/>\n<meta name=\"twitter:card\" content=\"summary_large_image\" \/>\n<meta name=\"twitter:label1\" content=\"Escrito por\" \/>\n\t<meta name=\"twitter:data1\" content=\"Farn\u00e9sio\" \/>\n\t<meta name=\"twitter:label2\" content=\"Est. tempo de leitura\" \/>\n\t<meta name=\"twitter:data2\" content=\"2 minutos\" \/>\n<script type=\"application\/ld+json\" class=\"yoast-schema-graph\">{\"@context\":\"https:\\\/\\\/schema.org\",\"@graph\":[{\"@type\":\"Article\",\"@id\":\"https:\\\/\\\/blogdofarnesio.com.br\\\/?p=300280#article\",\"isPartOf\":{\"@id\":\"https:\\\/\\\/blogdofarnesio.com.br\\\/?p=300280\"},\"author\":{\"name\":\"Farn\u00e9sio\",\"@id\":\"https:\\\/\\\/blogdofarnesio.com.br\\\/#\\\/schema\\\/person\\\/bb9b23ae3ad0609ce8df7b6c9e76824d\"},\"headline\":\"SAAE\\\/Juazeiro: Obra que garantir\u00e1 \u00e1gua nas torneiras de moradores da Vila Estrela\\\/Mani\u00e7oba em fase de conclus\u00e3o\",\"datePublished\":\"2021-11-18T12:03:21+00:00\",\"mainEntityOfPage\":{\"@id\":\"https:\\\/\\\/blogdofarnesio.com.br\\\/?p=300280\"},\"wordCount\":415,\"commentCount\":0,\"publisher\":{\"@id\":\"https:\\\/\\\/blogdofarnesio.com.br\\\/#organization\"},\"image\":{\"@id\":\"https:\\\/\\\/blogdofarnesio.com.br\\\/?p=300280#primaryimage\"},\"thumbnailUrl\":\"https:\\\/\\\/blogdofarnesio.com.br\\\/wp-content\\\/uploads\\\/2020\\\/07\\\/SAAE-inaugura-sistemas-de-abastecimento-no-distrito-de-Mani\u00e7oba-Velha-e1604948430147.jpg\",\"articleSection\":[\"\u00c1gua\"],\"inLanguage\":\"pt-BR\",\"potentialAction\":[{\"@type\":\"CommentAction\",\"name\":\"Comment\",\"target\":[\"https:\\\/\\\/blogdofarnesio.com.br\\\/?p=300280#respond\"]}]},{\"@type\":\"WebPage\",\"@id\":\"https:\\\/\\\/blogdofarnesio.com.br\\\/?p=300280\",\"url\":\"https:\\\/\\\/blogdofarnesio.com.br\\\/?p=300280\",\"name\":\"SAAE\\\/Juazeiro: Obra que garantir\u00e1 \u00e1gua nas torneiras de moradores da Vila Estrela\\\/Mani\u00e7oba em fase de conclus\u00e3o - Blog do Farn\u00e9sio\",\"isPartOf\":{\"@id\":\"https:\\\/\\\/blogdofarnesio.com.br\\\/#website\"},\"primaryImageOfPage\":{\"@id\":\"https:\\\/\\\/blogdofarnesio.com.br\\\/?p=300280#primaryimage\"},\"image\":{\"@id\":\"https:\\\/\\\/blogdofarnesio.com.br\\\/?p=300280#primaryimage\"},\"thumbnailUrl\":\"https:\\\/\\\/blogdofarnesio.com.br\\\/wp-content\\\/uploads\\\/2020\\\/07\\\/SAAE-inaugura-sistemas-de-abastecimento-no-distrito-de-Mani\u00e7oba-Velha-e1604948430147.jpg\",\"datePublished\":\"2021-11-18T12:03:21+00:00\",\"breadcrumb\":{\"@id\":\"https:\\\/\\\/blogdofarnesio.com.br\\\/?p=300280#breadcrumb\"},\"inLanguage\":\"pt-BR\",\"potentialAction\":[{\"@type\":\"ReadAction\",\"target\":[\"https:\\\/\\\/blogdofarnesio.com.br\\\/?p=300280\"]}]},{\"@type\":\"ImageObject\",\"inLanguage\":\"pt-BR\",\"@id\":\"https:\\\/\\\/blogdofarnesio.com.br\\\/?p=300280#primaryimage\",\"url\":\"https:\\\/\\\/blogdofarnesio.com.br\\\/wp-content\\\/uploads\\\/2020\\\/07\\\/SAAE-inaugura-sistemas-de-abastecimento-no-distrito-de-Mani\u00e7oba-Velha-e1604948430147.jpg\",\"contentUrl\":\"https:\\\/\\\/blogdofarnesio.com.br\\\/wp-content\\\/uploads\\\/2020\\\/07\\\/SAAE-inaugura-sistemas-de-abastecimento-no-distrito-de-Mani\u00e7oba-Velha-e1604948430147.jpg\",\"width\":624,\"height\":416,\"caption\":\"Ilustra\u00e7\u00e3o\"},{\"@type\":\"BreadcrumbList\",\"@id\":\"https:\\\/\\\/blogdofarnesio.com.br\\\/?p=300280#breadcrumb\",\"itemListElement\":[{\"@type\":\"ListItem\",\"position\":1,\"name\":\"In\u00edcio\",\"item\":\"https:\\\/\\\/blogdofarnesio.com.br\\\/\"},{\"@type\":\"ListItem\",\"position\":2,\"name\":\"SAAE\\\/Juazeiro: Obra que garantir\u00e1 \u00e1gua nas torneiras de moradores da Vila Estrela\\\/Mani\u00e7oba em fase de conclus\u00e3o\"}]},{\"@type\":\"WebSite\",\"@id\":\"https:\\\/\\\/blogdofarnesio.com.br\\\/#website\",\"url\":\"https:\\\/\\\/blogdofarnesio.com.br\\\/\",\"name\":\"Blog do Farn\u00e9sio\",\"description\":\"Quer Saber Pol\u00edtica?\",\"publisher\":{\"@id\":\"https:\\\/\\\/blogdofarnesio.com.br\\\/#organization\"},\"potentialAction\":[{\"@type\":\"SearchAction\",\"target\":{\"@type\":\"EntryPoint\",\"urlTemplate\":\"https:\\\/\\\/blogdofarnesio.com.br\\\/?s={search_term_string}\"},\"query-input\":{\"@type\":\"PropertyValueSpecification\",\"valueRequired\":true,\"valueName\":\"search_term_string\"}}],\"inLanguage\":\"pt-BR\"},{\"@type\":\"Organization\",\"@id\":\"https:\\\/\\\/blogdofarnesio.com.br\\\/#organization\",\"name\":\"Blog do Farn\u00e9sio\",\"url\":\"https:\\\/\\\/blogdofarnesio.com.br\\\/\",\"logo\":{\"@type\":\"ImageObject\",\"inLanguage\":\"pt-BR\",\"@id\":\"https:\\\/\\\/blogdofarnesio.com.br\\\/#\\\/schema\\\/logo\\\/image\\\/\",\"url\":\"https:\\\/\\\/blogdofarnesio.com.br\\\/wp-content\\\/uploads\\\/2026\\\/03\\\/cropped-logo_new-1.png\",\"contentUrl\":\"https:\\\/\\\/blogdofarnesio.com.br\\\/wp-content\\\/uploads\\\/2026\\\/03\\\/cropped-logo_new-1.png\",\"width\":881,\"height\":685,\"caption\":\"Blog do Farn\u00e9sio\"},\"image\":{\"@id\":\"https:\\\/\\\/blogdofarnesio.com.br\\\/#\\\/schema\\\/logo\\\/image\\\/\"},\"sameAs\":[\"https:\\\/\\\/www.facebook.com\\\/BlogQuerSaberPolitica\\\/\"]},{\"@type\":\"Person\",\"@id\":\"https:\\\/\\\/blogdofarnesio.com.br\\\/#\\\/schema\\\/person\\\/bb9b23ae3ad0609ce8df7b6c9e76824d\",\"name\":\"Farn\u00e9sio\",\"image\":{\"@type\":\"ImageObject\",\"inLanguage\":\"pt-BR\",\"@id\":\"https:\\\/\\\/secure.gravatar.com\\\/avatar\\\/986aa4c61ccdb66f8555bf88fc2a65609d00bcabd4d2d94377a727547345cbca?s=96&d=mm&r=g\",\"url\":\"https:\\\/\\\/secure.gravatar.com\\\/avatar\\\/986aa4c61ccdb66f8555bf88fc2a65609d00bcabd4d2d94377a727547345cbca?s=96&d=mm&r=g\",\"contentUrl\":\"https:\\\/\\\/secure.gravatar.com\\\/avatar\\\/986aa4c61ccdb66f8555bf88fc2a65609d00bcabd4d2d94377a727547345cbca?s=96&d=mm&r=g\",\"caption\":\"Farn\u00e9sio\"},\"description\":\"Radialista blogueiro, chegou a Petrolina\\\/Juazeiro em setembro de 1980, Farn\u00e9sio Silva \u00e9 de Arapiraca-Alagoas.\",\"sameAs\":[\"http:\\\/\\\/blogdofarnesio.com.br\",\"https:\\\/\\\/www.facebook.com\\\/?ref=tn_tnmn\",\"https:\\\/\\\/www.instagram.com\\\/?utm_source=pwa_homescreen\",\"https:\\\/\\\/youtube.com.br\\\/\"],\"url\":\"https:\\\/\\\/blogdofarnesio.com.br\\\/?author=2\"}]}<\/script>\n<!-- \/ Yoast SEO plugin. -->","yoast_head_json":{"title":"SAAE\/Juazeiro: Obra que garantir\u00e1 \u00e1gua nas torneiras de moradores da Vila Estrela\/Mani\u00e7oba em fase de conclus\u00e3o - Blog do Farn\u00e9sio","robots":{"index":"index","follow":"follow","max-snippet":"max-snippet:-1","max-image-preview":"max-image-preview:large","max-video-preview":"max-video-preview:-1"},"canonical":"https:\/\/blogdofarnesio.com.br\/?p=300280","og_locale":"pt_BR","og_type":"article","og_title":"SAAE\/Juazeiro: Obra que garantir\u00e1 \u00e1gua nas torneiras de moradores da Vila Estrela\/Mani\u00e7oba em fase de conclus\u00e3o - Blog do Farn\u00e9sio","og_description":"A Prefeitura de Juazeiro, atrav\u00e9s do Servi\u00e7o de \u00c1gua e Saneamento Ambiental (SAAE), est\u00e1 engajada em mudar a hist\u00f3ria do abastecimento de \u00e1gua no interior do munic\u00edpio. Na quarta-feira (17), a equipe t\u00e9cnica da autarquia, liderada pela diretora-presidente Josilene Alixandre, acompanhou mais um dia de trabalho do pessoal que est\u00e1 concluindo a extens\u00e3o de rede na Vila Estrela, interior do distrito de Mani\u00e7oba. A extens\u00e3o de rede de abastecimento \u00a0de 110mm ligar\u00e1 a localidade \u00e0 Vila Santa In\u00eas. A extens\u00e3o tem 458m de tubo de 85mm, e deriva\u00e7\u00f5es de 1.508m de tubos de 60mm. Essa iniciativa faz parte do investimento de R$ 1 milh\u00e3o, fruto de emenda parlamentar do deputado Adolfo Viana. \u201cEssa \u00e9 uma prioridade da gest\u00e3o Suzana Ramos&hellip;","og_url":"https:\/\/blogdofarnesio.com.br\/?p=300280","og_site_name":"Blog do Farn\u00e9sio","article_publisher":"https:\/\/www.facebook.com\/BlogQuerSaberPolitica\/","article_author":"https:\/\/www.facebook.com\/?ref=tn_tnmn","article_published_time":"2021-11-18T12:03:21+00:00","og_image":[{"width":624,"height":416,"url":"https:\/\/blogdofarnesio.com.br\/wp-content\/uploads\/2020\/07\/SAAE-inaugura-sistemas-de-abastecimento-no-distrito-de-Mani\u00e7oba-Velha-e1604948430147.jpg","type":"image\/jpeg"}],"author":"Farn\u00e9sio","twitter_card":"summary_large_image","twitter_misc":{"Escrito por":"Farn\u00e9sio","Est. tempo de leitura":"2 minutos"},"schema":{"@context":"https:\/\/schema.org","@graph":[{"@type":"Article","@id":"https:\/\/blogdofarnesio.com.br\/?p=300280#article","isPartOf":{"@id":"https:\/\/blogdofarnesio.com.br\/?p=300280"},"author":{"name":"Farn\u00e9sio","@id":"https:\/\/blogdofarnesio.com.br\/#\/schema\/person\/bb9b23ae3ad0609ce8df7b6c9e76824d"},"headline":"SAAE\/Juazeiro: Obra que garantir\u00e1 \u00e1gua nas torneiras de moradores da Vila Estrela\/Mani\u00e7oba em fase de conclus\u00e3o","datePublished":"2021-11-18T12:03:21+00:00","mainEntityOfPage":{"@id":"https:\/\/blogdofarnesio.com.br\/?p=300280"},"wordCount":415,"commentCount":0,"publisher":{"@id":"https:\/\/blogdofarnesio.com.br\/#organization"},"image":{"@id":"https:\/\/blogdofarnesio.com.br\/?p=300280#primaryimage"},"thumbnailUrl":"https:\/\/blogdofarnesio.com.br\/wp-content\/uploads\/2020\/07\/SAAE-inaugura-sistemas-de-abastecimento-no-distrito-de-Mani\u00e7oba-Velha-e1604948430147.jpg","articleSection":["\u00c1gua"],"inLanguage":"pt-BR","potentialAction":[{"@type":"CommentAction","name":"Comment","target":["https:\/\/blogdofarnesio.com.br\/?p=300280#respond"]}]},{"@type":"WebPage","@id":"https:\/\/blogdofarnesio.com.br\/?p=300280","url":"https:\/\/blogdofarnesio.com.br\/?p=300280","name":"SAAE\/Juazeiro: Obra que garantir\u00e1 \u00e1gua nas torneiras de moradores da Vila Estrela\/Mani\u00e7oba em fase de conclus\u00e3o - Blog do Farn\u00e9sio","isPartOf":{"@id":"https:\/\/blogdofarnesio.com.br\/#website"},"primaryImageOfPage":{"@id":"https:\/\/blogdofarnesio.com.br\/?p=300280#primaryimage"},"image":{"@id":"https:\/\/blogdofarnesio.com.br\/?p=300280#primaryimage"},"thumbnailUrl":"https:\/\/blogdofarnesio.com.br\/wp-content\/uploads\/2020\/07\/SAAE-inaugura-sistemas-de-abastecimento-no-distrito-de-Mani\u00e7oba-Velha-e1604948430147.jpg","datePublished":"2021-11-18T12:03:21+00:00","breadcrumb":{"@id":"https:\/\/blogdofarnesio.com.br\/?p=300280#breadcrumb"},"inLanguage":"pt-BR","potentialAction":[{"@type":"ReadAction","target":["https:\/\/blogdofarnesio.com.br\/?p=300280"]}]},{"@type":"ImageObject","inLanguage":"pt-BR","@id":"https:\/\/blogdofarnesio.com.br\/?p=300280#primaryimage","url":"https:\/\/blogdofarnesio.com.br\/wp-content\/uploads\/2020\/07\/SAAE-inaugura-sistemas-de-abastecimento-no-distrito-de-Mani\u00e7oba-Velha-e1604948430147.jpg","contentUrl":"https:\/\/blogdofarnesio.com.br\/wp-content\/uploads\/2020\/07\/SAAE-inaugura-sistemas-de-abastecimento-no-distrito-de-Mani\u00e7oba-Velha-e1604948430147.jpg","width":624,"height":416,"caption":"Ilustra\u00e7\u00e3o"},{"@type":"BreadcrumbList","@id":"https:\/\/blogdofarnesio.com.br\/?p=300280#breadcrumb","itemListElement":[{"@type":"ListItem","position":1,"name":"In\u00edcio","item":"https:\/\/blogdofarnesio.com.br\/"},{"@type":"ListItem","position":2,"name":"SAAE\/Juazeiro: Obra que garantir\u00e1 \u00e1gua nas torneiras de moradores da Vila Estrela\/Mani\u00e7oba em fase de conclus\u00e3o"}]},{"@type":"WebSite","@id":"https:\/\/blogdofarnesio.com.br\/#website","url":"https:\/\/blogdofarnesio.com.br\/","name":"Blog do Farn\u00e9sio","description":"Quer Saber Pol\u00edtica?","publisher":{"@id":"https:\/\/blogdofarnesio.com.br\/#organization"},"potentialAction":[{"@type":"SearchAction","target":{"@type":"EntryPoint","urlTemplate":"https:\/\/blogdofarnesio.com.br\/?s={search_term_string}"},"query-input":{"@type":"PropertyValueSpecification","valueRequired":true,"valueName":"search_term_string"}}],"inLanguage":"pt-BR"},{"@type":"Organization","@id":"https:\/\/blogdofarnesio.com.br\/#organization","name":"Blog do Farn\u00e9sio","url":"https:\/\/blogdofarnesio.com.br\/","logo":{"@type":"ImageObject","inLanguage":"pt-BR","@id":"https:\/\/blogdofarnesio.com.br\/#\/schema\/logo\/image\/","url":"https:\/\/blogdofarnesio.com.br\/wp-content\/uploads\/2026\/03\/cropped-logo_new-1.png","contentUrl":"https:\/\/blogdofarnesio.com.br\/wp-content\/uploads\/2026\/03\/cropped-logo_new-1.png","width":881,"height":685,"caption":"Blog do Farn\u00e9sio"},"image":{"@id":"https:\/\/blogdofarnesio.com.br\/#\/schema\/logo\/image\/"},"sameAs":["https:\/\/www.facebook.com\/BlogQuerSaberPolitica\/"]},{"@type":"Person","@id":"https:\/\/blogdofarnesio.com.br\/#\/schema\/person\/bb9b23ae3ad0609ce8df7b6c9e76824d","name":"Farn\u00e9sio","image":{"@type":"ImageObject","inLanguage":"pt-BR","@id":"https:\/\/secure.gravatar.com\/avatar\/986aa4c61ccdb66f8555bf88fc2a65609d00bcabd4d2d94377a727547345cbca?s=96&d=mm&r=g","url":"https:\/\/secure.gravatar.com\/avatar\/986aa4c61ccdb66f8555bf88fc2a65609d00bcabd4d2d94377a727547345cbca?s=96&d=mm&r=g","contentUrl":"https:\/\/secure.gravatar.com\/avatar\/986aa4c61ccdb66f8555bf88fc2a65609d00bcabd4d2d94377a727547345cbca?s=96&d=mm&r=g","caption":"Farn\u00e9sio"},"description":"Radialista blogueiro, chegou a Petrolina\/Juazeiro em setembro de 1980, Farn\u00e9sio Silva \u00e9 de Arapiraca-Alagoas.","sameAs":["http:\/\/blogdofarnesio.com.br","https:\/\/www.facebook.com\/?ref=tn_tnmn","https:\/\/www.instagram.com\/?utm_source=pwa_homescreen","https:\/\/youtube.com.br\/"],"url":"https:\/\/blogdofarnesio.com.br\/?author=2"}]}},"_links":{"self":[{"href":"https:\/\/blogdofarnesio.com.br\/index.php?rest_route=\/wp\/v2\/posts\/300280","targetHints":{"allow":["GET"]}}],"collection":[{"href":"https:\/\/blogdofarnesio.com.br\/index.php?rest_route=\/wp\/v2\/posts"}],"about":[{"href":"https:\/\/blogdofarnesio.com.br\/index.php?rest_route=\/wp\/v2\/types\/post"}],"author":[{"embeddable":true,"href":"https:\/\/blogdofarnesio.com.br\/index.php?rest_route=\/wp\/v2\/users\/2"}],"replies":[{"embeddable":true,"href":"https:\/\/blogdofarnesio.com.br\/index.php?rest_route=%2Fwp%2Fv2%2Fcomments&post=300280"}],"version-history":[{"count":0,"href":"https:\/\/blogdofarnesio.com.br\/index.php?rest_route=\/wp\/v2\/posts\/300280\/revisions"}],"wp:featuredmedia":[{"embeddable":true,"href":"https:\/\/blogdofarnesio.com.br\/index.php?rest_route=\/wp\/v2\/media\/262420"}],"wp:attachment":[{"href":"https:\/\/blogdofarnesio.com.br\/index.php?rest_route=%2Fwp%2Fv2%2Fmedia&parent=300280"}],"wp:term":[{"taxonomy":"category","embeddable":true,"href":"https:\/\/blogdofarnesio.com.br\/index.php?rest_route=%2Fwp%2Fv2%2Fcategories&post=300280"},{"taxonomy":"post_tag","embeddable":true,"href":"https:\/\/blogdofarnesio.com.br\/index.php?rest_route=%2Fwp%2Fv2%2Ftags&post=300280"}],"curies":[{"name":"wp","href":"https:\/\/api.w.org\/{rel}","templated":true}]}}