{"id":300094,"date":"2021-11-22T07:42:30","date_gmt":"2021-11-22T10:42:30","guid":{"rendered":"https:\/\/blogdofarnesio.com.br\/?p=300094"},"modified":"2021-11-21T10:51:56","modified_gmt":"2021-11-21T13:51:56","slug":"estudantes-da-rede-municipal-de-ensino-de-petrolina-devem-realizar-a-rematricula-este-mes","status":"publish","type":"post","link":"https:\/\/blogdofarnesio.com.br\/?p=300094","title":{"rendered":"Estudantes da rede municipal de ensino de Petrolina devem realizar a rematr\u00edcula at\u00e9 amanh\u00e3 (23)"},"content":{"rendered":"<p>Os alunos da rede de ensino de Petrolina t\u00eam at\u00e9 amanh\u00e3, dia 23 de novembro, para realizar a renova\u00e7\u00e3o da matr\u00edcula nas 215 escolas do Munic\u00edpio.<\/p>\n<p>Esta \u00e9 a primeira das tr\u00eas fases do processo de efetiva\u00e7\u00e3o da matr\u00edcula do corpo discente. Assim, os pais, m\u00e3es ou respons\u00e1veis legais devem ficar atentos \u00e0 data e aos hor\u00e1rios estabelecidos por cada unidade de ensino.<\/p>\n<p>Para o aluno que j\u00e1 est\u00e1 com toda a documenta\u00e7\u00e3o na escola em dia, basta levar o comprovante de resid\u00eancia atualizado. Os que t\u00eam documentos pendentes, a recomenda\u00e7\u00e3o \u00e9 entrar em contato com a respectiva unidade e se informar sobre o que \u00e9 necess\u00e1rio para regularizar a situa\u00e7\u00e3o.<\/p>\n<p>\u201c<em>Com a pandemia da Covid-19, muitos estudantes mudaram de endere\u00e7o e este \u00e9 um per\u00edodo de atualiza\u00e7\u00e3o dos documentos daqueles que optaram por continuar na mesma escola no pr\u00f3ximo ano letivo. Por isso, \u00e9 importante ficar atento. Cada escola est\u00e1 com seu pr\u00f3prio cronograma de hor\u00e1rios de atendimento, com o intuito de n\u00e3o causar aglomera\u00e7\u00f5es. Ent\u00e3o, pedimos que se informem sobre esses hor\u00e1rios o quanto antes. \u00c9 um processo simples e r\u00e1pido, n\u00e3o h\u00e1 porque deixar para a \u00faltima hora<\/em>\u201d, explicou o secret\u00e1rio de Educa\u00e7\u00e3o, Cultura e Esportes, Pl\u00ednio Amorim.<\/p>\n<p>O secret\u00e1rio ainda destaca que nesses quase cinco anos de gest\u00e3o, a Secretaria de Educa\u00e7\u00e3o sempre procurou organizar, simplificar e tornar o processo de matr\u00edcula e rematr\u00edcula mais pr\u00e1tico para as fam\u00edlias dos alunos que fazem parte das escolas da rede municipal.<\/p>\n<p><strong>Pr\u00f3ximas fases<\/strong><\/p>\n<p>A etapa da transfer\u00eancia interna, a qual consiste na transfer\u00eancia do aluno dentro da pr\u00f3pria rede, de uma escola para outra, acontecer\u00e1 entre os dias 16 e 23 de novembro, onde os respons\u00e1veis dever\u00e3o informar na pr\u00f3pria escola em que o aluno est\u00e1 matriculado a mudan\u00e7a de institui\u00e7\u00e3o para o ano letivo de 2022. Ap\u00f3s essa fase, a Seduce come\u00e7a a abrir vagas para novos alunos, oriundos da rede estadual ou particular de ensino, por meio da matr\u00edcula online, que estar\u00e1 dispon\u00edvel de 20 a 30 de dezembro.<\/p>\n<p>As aulas da rede municipal de Petrolina est\u00e3o previstas para iniciar em fevereiro de 2022. Mesmo ap\u00f3s o in\u00edcio das aulas, as matr\u00edculas remanescentes, aquelas n\u00e3o preenchidas ao longo do processo, continuam abertas.<\/p>\n<p>&#8212;&#8212;&#8212;&#8212;&#8212;&#8212;&#8212;&#8212;&#8212;&#8212;&#8212;&#8212;&#8212;&#8212;&#8212;&#8211;<\/p>\n","protected":false},"excerpt":{"rendered":"<p>Os alunos da rede de ensino de Petrolina t\u00eam at\u00e9 amanh\u00e3, dia 23 de novembro, para realizar a renova\u00e7\u00e3o da matr\u00edcula nas 215 escolas do Munic\u00edpio. Esta \u00e9 a primeira das tr\u00eas fases do processo de efetiva\u00e7\u00e3o da matr\u00edcula do corpo discente. Assim, os pais, m\u00e3es ou respons\u00e1veis legais devem ficar atentos \u00e0 data e aos hor\u00e1rios estabelecidos por cada unidade de ensino. Para o aluno que j\u00e1 est\u00e1 com toda a documenta\u00e7\u00e3o na escola em dia, basta levar o comprovante de resid\u00eancia atualizado. Os que t\u00eam documentos pendentes, a recomenda\u00e7\u00e3o \u00e9 entrar em contato com a respectiva unidade e se informar sobre o que \u00e9 necess\u00e1rio para regularizar a situa\u00e7\u00e3o. \u201cCom a pandemia da Covid-19, muitos estudantes mudaram de&hellip; <\/p>\n","protected":false},"author":2,"featured_media":112447,"comment_status":"open","ping_status":"open","sticky":false,"template":"","format":"standard","meta":{"_acf_changed":false,"footnotes":""},"categories":[6],"tags":[],"class_list":["post-300094","post","type-post","status-publish","format-standard","has-post-thumbnail","hentry","category-educacao"],"acf":[],"yoast_head":"<!-- This site is optimized with the Yoast SEO plugin v27.4 - https:\/\/yoast.com\/product\/yoast-seo-wordpress\/ -->\n<title>Estudantes da rede municipal de ensino de Petrolina devem realizar a rematr\u00edcula at\u00e9 amanh\u00e3 (23) - Blog do Farn\u00e9sio<\/title>\n<meta name=\"robots\" content=\"index, follow, max-snippet:-1, max-image-preview:large, max-video-preview:-1\" \/>\n<link rel=\"canonical\" href=\"https:\/\/blogdofarnesio.com.br\/?p=300094\" \/>\n<meta property=\"og:locale\" content=\"pt_BR\" \/>\n<meta property=\"og:type\" content=\"article\" \/>\n<meta property=\"og:title\" content=\"Estudantes da rede municipal de ensino de Petrolina devem realizar a rematr\u00edcula at\u00e9 amanh\u00e3 (23) - Blog do Farn\u00e9sio\" \/>\n<meta property=\"og:description\" content=\"Os alunos da rede de ensino de Petrolina t\u00eam at\u00e9 amanh\u00e3, dia 23 de novembro, para realizar a renova\u00e7\u00e3o da matr\u00edcula nas 215 escolas do Munic\u00edpio. Esta \u00e9 a primeira das tr\u00eas fases do processo de efetiva\u00e7\u00e3o da matr\u00edcula do corpo discente. Assim, os pais, m\u00e3es ou respons\u00e1veis legais devem ficar atentos \u00e0 data e aos hor\u00e1rios estabelecidos por cada unidade de ensino. Para o aluno que j\u00e1 est\u00e1 com toda a documenta\u00e7\u00e3o na escola em dia, basta levar o comprovante de resid\u00eancia atualizado. Os que t\u00eam documentos pendentes, a recomenda\u00e7\u00e3o \u00e9 entrar em contato com a respectiva unidade e se informar sobre o que \u00e9 necess\u00e1rio para regularizar a situa\u00e7\u00e3o. \u201cCom a pandemia da Covid-19, muitos estudantes mudaram de&hellip;\" \/>\n<meta property=\"og:url\" content=\"https:\/\/blogdofarnesio.com.br\/?p=300094\" \/>\n<meta property=\"og:site_name\" content=\"Blog do Farn\u00e9sio\" \/>\n<meta property=\"article:publisher\" content=\"https:\/\/www.facebook.com\/BlogQuerSaberPolitica\/\" \/>\n<meta property=\"article:author\" content=\"https:\/\/www.facebook.com\/?ref=tn_tnmn\" \/>\n<meta property=\"article:published_time\" content=\"2021-11-22T10:42:30+00:00\" \/>\n<meta property=\"og:image\" content=\"https:\/\/blogdofarnesio.com.br\/wp-content\/uploads\/2015\/01\/blogqsp.matriculas.jpg\" \/>\n\t<meta property=\"og:image:width\" content=\"448\" \/>\n\t<meta property=\"og:image:height\" content=\"276\" \/>\n\t<meta property=\"og:image:type\" content=\"image\/jpeg\" \/>\n<meta name=\"author\" content=\"Farn\u00e9sio\" \/>\n<meta name=\"twitter:card\" content=\"summary_large_image\" \/>\n<meta name=\"twitter:label1\" content=\"Escrito por\" \/>\n\t<meta name=\"twitter:data1\" content=\"Farn\u00e9sio\" \/>\n\t<meta name=\"twitter:label2\" content=\"Est. tempo de leitura\" \/>\n\t<meta name=\"twitter:data2\" content=\"2 minutos\" \/>\n<script type=\"application\/ld+json\" class=\"yoast-schema-graph\">{\"@context\":\"https:\\\/\\\/schema.org\",\"@graph\":[{\"@type\":\"Article\",\"@id\":\"https:\\\/\\\/blogdofarnesio.com.br\\\/?p=300094#article\",\"isPartOf\":{\"@id\":\"https:\\\/\\\/blogdofarnesio.com.br\\\/?p=300094\"},\"author\":{\"name\":\"Farn\u00e9sio\",\"@id\":\"https:\\\/\\\/blogdofarnesio.com.br\\\/#\\\/schema\\\/person\\\/bb9b23ae3ad0609ce8df7b6c9e76824d\"},\"headline\":\"Estudantes da rede municipal de ensino de Petrolina devem realizar a rematr\u00edcula at\u00e9 amanh\u00e3 (23)\",\"datePublished\":\"2021-11-22T10:42:30+00:00\",\"mainEntityOfPage\":{\"@id\":\"https:\\\/\\\/blogdofarnesio.com.br\\\/?p=300094\"},\"wordCount\":423,\"commentCount\":0,\"publisher\":{\"@id\":\"https:\\\/\\\/blogdofarnesio.com.br\\\/#organization\"},\"image\":{\"@id\":\"https:\\\/\\\/blogdofarnesio.com.br\\\/?p=300094#primaryimage\"},\"thumbnailUrl\":\"https:\\\/\\\/blogdofarnesio.com.br\\\/wp-content\\\/uploads\\\/2015\\\/01\\\/blogqsp.matriculas.jpg\",\"articleSection\":[\"Educa\u00e7\u00e3o\"],\"inLanguage\":\"pt-BR\",\"potentialAction\":[{\"@type\":\"CommentAction\",\"name\":\"Comment\",\"target\":[\"https:\\\/\\\/blogdofarnesio.com.br\\\/?p=300094#respond\"]}]},{\"@type\":\"WebPage\",\"@id\":\"https:\\\/\\\/blogdofarnesio.com.br\\\/?p=300094\",\"url\":\"https:\\\/\\\/blogdofarnesio.com.br\\\/?p=300094\",\"name\":\"Estudantes da rede municipal de ensino de Petrolina devem realizar a rematr\u00edcula at\u00e9 amanh\u00e3 (23) - Blog do Farn\u00e9sio\",\"isPartOf\":{\"@id\":\"https:\\\/\\\/blogdofarnesio.com.br\\\/#website\"},\"primaryImageOfPage\":{\"@id\":\"https:\\\/\\\/blogdofarnesio.com.br\\\/?p=300094#primaryimage\"},\"image\":{\"@id\":\"https:\\\/\\\/blogdofarnesio.com.br\\\/?p=300094#primaryimage\"},\"thumbnailUrl\":\"https:\\\/\\\/blogdofarnesio.com.br\\\/wp-content\\\/uploads\\\/2015\\\/01\\\/blogqsp.matriculas.jpg\",\"datePublished\":\"2021-11-22T10:42:30+00:00\",\"breadcrumb\":{\"@id\":\"https:\\\/\\\/blogdofarnesio.com.br\\\/?p=300094#breadcrumb\"},\"inLanguage\":\"pt-BR\",\"potentialAction\":[{\"@type\":\"ReadAction\",\"target\":[\"https:\\\/\\\/blogdofarnesio.com.br\\\/?p=300094\"]}]},{\"@type\":\"ImageObject\",\"inLanguage\":\"pt-BR\",\"@id\":\"https:\\\/\\\/blogdofarnesio.com.br\\\/?p=300094#primaryimage\",\"url\":\"https:\\\/\\\/blogdofarnesio.com.br\\\/wp-content\\\/uploads\\\/2015\\\/01\\\/blogqsp.matriculas.jpg\",\"contentUrl\":\"https:\\\/\\\/blogdofarnesio.com.br\\\/wp-content\\\/uploads\\\/2015\\\/01\\\/blogqsp.matriculas.jpg\",\"width\":448,\"height\":276},{\"@type\":\"BreadcrumbList\",\"@id\":\"https:\\\/\\\/blogdofarnesio.com.br\\\/?p=300094#breadcrumb\",\"itemListElement\":[{\"@type\":\"ListItem\",\"position\":1,\"name\":\"In\u00edcio\",\"item\":\"https:\\\/\\\/blogdofarnesio.com.br\\\/\"},{\"@type\":\"ListItem\",\"position\":2,\"name\":\"Estudantes da rede municipal de ensino de Petrolina devem realizar a rematr\u00edcula at\u00e9 amanh\u00e3 (23)\"}]},{\"@type\":\"WebSite\",\"@id\":\"https:\\\/\\\/blogdofarnesio.com.br\\\/#website\",\"url\":\"https:\\\/\\\/blogdofarnesio.com.br\\\/\",\"name\":\"Blog do Farn\u00e9sio\",\"description\":\"Quer Saber Pol\u00edtica?\",\"publisher\":{\"@id\":\"https:\\\/\\\/blogdofarnesio.com.br\\\/#organization\"},\"potentialAction\":[{\"@type\":\"SearchAction\",\"target\":{\"@type\":\"EntryPoint\",\"urlTemplate\":\"https:\\\/\\\/blogdofarnesio.com.br\\\/?s={search_term_string}\"},\"query-input\":{\"@type\":\"PropertyValueSpecification\",\"valueRequired\":true,\"valueName\":\"search_term_string\"}}],\"inLanguage\":\"pt-BR\"},{\"@type\":\"Organization\",\"@id\":\"https:\\\/\\\/blogdofarnesio.com.br\\\/#organization\",\"name\":\"Blog do Farn\u00e9sio\",\"url\":\"https:\\\/\\\/blogdofarnesio.com.br\\\/\",\"logo\":{\"@type\":\"ImageObject\",\"inLanguage\":\"pt-BR\",\"@id\":\"https:\\\/\\\/blogdofarnesio.com.br\\\/#\\\/schema\\\/logo\\\/image\\\/\",\"url\":\"https:\\\/\\\/blogdofarnesio.com.br\\\/wp-content\\\/uploads\\\/2026\\\/03\\\/cropped-logo_new-1.png\",\"contentUrl\":\"https:\\\/\\\/blogdofarnesio.com.br\\\/wp-content\\\/uploads\\\/2026\\\/03\\\/cropped-logo_new-1.png\",\"width\":881,\"height\":685,\"caption\":\"Blog do Farn\u00e9sio\"},\"image\":{\"@id\":\"https:\\\/\\\/blogdofarnesio.com.br\\\/#\\\/schema\\\/logo\\\/image\\\/\"},\"sameAs\":[\"https:\\\/\\\/www.facebook.com\\\/BlogQuerSaberPolitica\\\/\"]},{\"@type\":\"Person\",\"@id\":\"https:\\\/\\\/blogdofarnesio.com.br\\\/#\\\/schema\\\/person\\\/bb9b23ae3ad0609ce8df7b6c9e76824d\",\"name\":\"Farn\u00e9sio\",\"image\":{\"@type\":\"ImageObject\",\"inLanguage\":\"pt-BR\",\"@id\":\"https:\\\/\\\/secure.gravatar.com\\\/avatar\\\/986aa4c61ccdb66f8555bf88fc2a65609d00bcabd4d2d94377a727547345cbca?s=96&d=mm&r=g\",\"url\":\"https:\\\/\\\/secure.gravatar.com\\\/avatar\\\/986aa4c61ccdb66f8555bf88fc2a65609d00bcabd4d2d94377a727547345cbca?s=96&d=mm&r=g\",\"contentUrl\":\"https:\\\/\\\/secure.gravatar.com\\\/avatar\\\/986aa4c61ccdb66f8555bf88fc2a65609d00bcabd4d2d94377a727547345cbca?s=96&d=mm&r=g\",\"caption\":\"Farn\u00e9sio\"},\"description\":\"Radialista blogueiro, chegou a Petrolina\\\/Juazeiro em setembro de 1980, Farn\u00e9sio Silva \u00e9 de Arapiraca-Alagoas.\",\"sameAs\":[\"http:\\\/\\\/blogdofarnesio.com.br\",\"https:\\\/\\\/www.facebook.com\\\/?ref=tn_tnmn\",\"https:\\\/\\\/www.instagram.com\\\/?utm_source=pwa_homescreen\",\"https:\\\/\\\/youtube.com.br\\\/\"],\"url\":\"https:\\\/\\\/blogdofarnesio.com.br\\\/?author=2\"}]}<\/script>\n<!-- \/ Yoast SEO plugin. -->","yoast_head_json":{"title":"Estudantes da rede municipal de ensino de Petrolina devem realizar a rematr\u00edcula at\u00e9 amanh\u00e3 (23) - Blog do Farn\u00e9sio","robots":{"index":"index","follow":"follow","max-snippet":"max-snippet:-1","max-image-preview":"max-image-preview:large","max-video-preview":"max-video-preview:-1"},"canonical":"https:\/\/blogdofarnesio.com.br\/?p=300094","og_locale":"pt_BR","og_type":"article","og_title":"Estudantes da rede municipal de ensino de Petrolina devem realizar a rematr\u00edcula at\u00e9 amanh\u00e3 (23) - Blog do Farn\u00e9sio","og_description":"Os alunos da rede de ensino de Petrolina t\u00eam at\u00e9 amanh\u00e3, dia 23 de novembro, para realizar a renova\u00e7\u00e3o da matr\u00edcula nas 215 escolas do Munic\u00edpio. Esta \u00e9 a primeira das tr\u00eas fases do processo de efetiva\u00e7\u00e3o da matr\u00edcula do corpo discente. Assim, os pais, m\u00e3es ou respons\u00e1veis legais devem ficar atentos \u00e0 data e aos hor\u00e1rios estabelecidos por cada unidade de ensino. Para o aluno que j\u00e1 est\u00e1 com toda a documenta\u00e7\u00e3o na escola em dia, basta levar o comprovante de resid\u00eancia atualizado. Os que t\u00eam documentos pendentes, a recomenda\u00e7\u00e3o \u00e9 entrar em contato com a respectiva unidade e se informar sobre o que \u00e9 necess\u00e1rio para regularizar a situa\u00e7\u00e3o. \u201cCom a pandemia da Covid-19, muitos estudantes mudaram de&hellip;","og_url":"https:\/\/blogdofarnesio.com.br\/?p=300094","og_site_name":"Blog do Farn\u00e9sio","article_publisher":"https:\/\/www.facebook.com\/BlogQuerSaberPolitica\/","article_author":"https:\/\/www.facebook.com\/?ref=tn_tnmn","article_published_time":"2021-11-22T10:42:30+00:00","og_image":[{"width":448,"height":276,"url":"https:\/\/blogdofarnesio.com.br\/wp-content\/uploads\/2015\/01\/blogqsp.matriculas.jpg","type":"image\/jpeg"}],"author":"Farn\u00e9sio","twitter_card":"summary_large_image","twitter_misc":{"Escrito por":"Farn\u00e9sio","Est. tempo de leitura":"2 minutos"},"schema":{"@context":"https:\/\/schema.org","@graph":[{"@type":"Article","@id":"https:\/\/blogdofarnesio.com.br\/?p=300094#article","isPartOf":{"@id":"https:\/\/blogdofarnesio.com.br\/?p=300094"},"author":{"name":"Farn\u00e9sio","@id":"https:\/\/blogdofarnesio.com.br\/#\/schema\/person\/bb9b23ae3ad0609ce8df7b6c9e76824d"},"headline":"Estudantes da rede municipal de ensino de Petrolina devem realizar a rematr\u00edcula at\u00e9 amanh\u00e3 (23)","datePublished":"2021-11-22T10:42:30+00:00","mainEntityOfPage":{"@id":"https:\/\/blogdofarnesio.com.br\/?p=300094"},"wordCount":423,"commentCount":0,"publisher":{"@id":"https:\/\/blogdofarnesio.com.br\/#organization"},"image":{"@id":"https:\/\/blogdofarnesio.com.br\/?p=300094#primaryimage"},"thumbnailUrl":"https:\/\/blogdofarnesio.com.br\/wp-content\/uploads\/2015\/01\/blogqsp.matriculas.jpg","articleSection":["Educa\u00e7\u00e3o"],"inLanguage":"pt-BR","potentialAction":[{"@type":"CommentAction","name":"Comment","target":["https:\/\/blogdofarnesio.com.br\/?p=300094#respond"]}]},{"@type":"WebPage","@id":"https:\/\/blogdofarnesio.com.br\/?p=300094","url":"https:\/\/blogdofarnesio.com.br\/?p=300094","name":"Estudantes da rede municipal de ensino de Petrolina devem realizar a rematr\u00edcula at\u00e9 amanh\u00e3 (23) - Blog do Farn\u00e9sio","isPartOf":{"@id":"https:\/\/blogdofarnesio.com.br\/#website"},"primaryImageOfPage":{"@id":"https:\/\/blogdofarnesio.com.br\/?p=300094#primaryimage"},"image":{"@id":"https:\/\/blogdofarnesio.com.br\/?p=300094#primaryimage"},"thumbnailUrl":"https:\/\/blogdofarnesio.com.br\/wp-content\/uploads\/2015\/01\/blogqsp.matriculas.jpg","datePublished":"2021-11-22T10:42:30+00:00","breadcrumb":{"@id":"https:\/\/blogdofarnesio.com.br\/?p=300094#breadcrumb"},"inLanguage":"pt-BR","potentialAction":[{"@type":"ReadAction","target":["https:\/\/blogdofarnesio.com.br\/?p=300094"]}]},{"@type":"ImageObject","inLanguage":"pt-BR","@id":"https:\/\/blogdofarnesio.com.br\/?p=300094#primaryimage","url":"https:\/\/blogdofarnesio.com.br\/wp-content\/uploads\/2015\/01\/blogqsp.matriculas.jpg","contentUrl":"https:\/\/blogdofarnesio.com.br\/wp-content\/uploads\/2015\/01\/blogqsp.matriculas.jpg","width":448,"height":276},{"@type":"BreadcrumbList","@id":"https:\/\/blogdofarnesio.com.br\/?p=300094#breadcrumb","itemListElement":[{"@type":"ListItem","position":1,"name":"In\u00edcio","item":"https:\/\/blogdofarnesio.com.br\/"},{"@type":"ListItem","position":2,"name":"Estudantes da rede municipal de ensino de Petrolina devem realizar a rematr\u00edcula at\u00e9 amanh\u00e3 (23)"}]},{"@type":"WebSite","@id":"https:\/\/blogdofarnesio.com.br\/#website","url":"https:\/\/blogdofarnesio.com.br\/","name":"Blog do Farn\u00e9sio","description":"Quer Saber Pol\u00edtica?","publisher":{"@id":"https:\/\/blogdofarnesio.com.br\/#organization"},"potentialAction":[{"@type":"SearchAction","target":{"@type":"EntryPoint","urlTemplate":"https:\/\/blogdofarnesio.com.br\/?s={search_term_string}"},"query-input":{"@type":"PropertyValueSpecification","valueRequired":true,"valueName":"search_term_string"}}],"inLanguage":"pt-BR"},{"@type":"Organization","@id":"https:\/\/blogdofarnesio.com.br\/#organization","name":"Blog do Farn\u00e9sio","url":"https:\/\/blogdofarnesio.com.br\/","logo":{"@type":"ImageObject","inLanguage":"pt-BR","@id":"https:\/\/blogdofarnesio.com.br\/#\/schema\/logo\/image\/","url":"https:\/\/blogdofarnesio.com.br\/wp-content\/uploads\/2026\/03\/cropped-logo_new-1.png","contentUrl":"https:\/\/blogdofarnesio.com.br\/wp-content\/uploads\/2026\/03\/cropped-logo_new-1.png","width":881,"height":685,"caption":"Blog do Farn\u00e9sio"},"image":{"@id":"https:\/\/blogdofarnesio.com.br\/#\/schema\/logo\/image\/"},"sameAs":["https:\/\/www.facebook.com\/BlogQuerSaberPolitica\/"]},{"@type":"Person","@id":"https:\/\/blogdofarnesio.com.br\/#\/schema\/person\/bb9b23ae3ad0609ce8df7b6c9e76824d","name":"Farn\u00e9sio","image":{"@type":"ImageObject","inLanguage":"pt-BR","@id":"https:\/\/secure.gravatar.com\/avatar\/986aa4c61ccdb66f8555bf88fc2a65609d00bcabd4d2d94377a727547345cbca?s=96&d=mm&r=g","url":"https:\/\/secure.gravatar.com\/avatar\/986aa4c61ccdb66f8555bf88fc2a65609d00bcabd4d2d94377a727547345cbca?s=96&d=mm&r=g","contentUrl":"https:\/\/secure.gravatar.com\/avatar\/986aa4c61ccdb66f8555bf88fc2a65609d00bcabd4d2d94377a727547345cbca?s=96&d=mm&r=g","caption":"Farn\u00e9sio"},"description":"Radialista blogueiro, chegou a Petrolina\/Juazeiro em setembro de 1980, Farn\u00e9sio Silva \u00e9 de Arapiraca-Alagoas.","sameAs":["http:\/\/blogdofarnesio.com.br","https:\/\/www.facebook.com\/?ref=tn_tnmn","https:\/\/www.instagram.com\/?utm_source=pwa_homescreen","https:\/\/youtube.com.br\/"],"url":"https:\/\/blogdofarnesio.com.br\/?author=2"}]}},"_links":{"self":[{"href":"https:\/\/blogdofarnesio.com.br\/index.php?rest_route=\/wp\/v2\/posts\/300094","targetHints":{"allow":["GET"]}}],"collection":[{"href":"https:\/\/blogdofarnesio.com.br\/index.php?rest_route=\/wp\/v2\/posts"}],"about":[{"href":"https:\/\/blogdofarnesio.com.br\/index.php?rest_route=\/wp\/v2\/types\/post"}],"author":[{"embeddable":true,"href":"https:\/\/blogdofarnesio.com.br\/index.php?rest_route=\/wp\/v2\/users\/2"}],"replies":[{"embeddable":true,"href":"https:\/\/blogdofarnesio.com.br\/index.php?rest_route=%2Fwp%2Fv2%2Fcomments&post=300094"}],"version-history":[{"count":0,"href":"https:\/\/blogdofarnesio.com.br\/index.php?rest_route=\/wp\/v2\/posts\/300094\/revisions"}],"wp:featuredmedia":[{"embeddable":true,"href":"https:\/\/blogdofarnesio.com.br\/index.php?rest_route=\/wp\/v2\/media\/112447"}],"wp:attachment":[{"href":"https:\/\/blogdofarnesio.com.br\/index.php?rest_route=%2Fwp%2Fv2%2Fmedia&parent=300094"}],"wp:term":[{"taxonomy":"category","embeddable":true,"href":"https:\/\/blogdofarnesio.com.br\/index.php?rest_route=%2Fwp%2Fv2%2Fcategories&post=300094"},{"taxonomy":"post_tag","embeddable":true,"href":"https:\/\/blogdofarnesio.com.br\/index.php?rest_route=%2Fwp%2Fv2%2Ftags&post=300094"}],"curies":[{"name":"wp","href":"https:\/\/api.w.org\/{rel}","templated":true}]}}