{"id":299832,"date":"2021-11-11T14:43:15","date_gmt":"2021-11-11T17:43:15","guid":{"rendered":"https:\/\/blogdofarnesio.com.br\/?p=299832"},"modified":"2021-11-11T09:26:37","modified_gmt":"2021-11-11T12:26:37","slug":"covid-19-segundo-dia-de-vacinacao-de-primeira-dose-sem-agendamento-acontece-em-petrolina","status":"publish","type":"post","link":"https:\/\/blogdofarnesio.com.br\/?p=299832","title":{"rendered":"COVID-19: segundo dia de vacina\u00e7\u00e3o de primeira dose sem agendamento acontece em Petrolina"},"content":{"rendered":"<p style=\"font-weight: 400;\">A Prefeitura de Petrolina continua, nesta quinta-feira (11) com o mutir\u00e3o de vacina\u00e7\u00e3o para aplica\u00e7\u00e3o da primeira dose do imunizante contra o novo Coronav\u00edrus. Ser\u00e3o realizadas 10 horas de vacina\u00e7\u00e3o, sem intervalo para almo\u00e7o.<\/p>\n<p style=\"font-weight: 400;\">Atrav\u00e9s da Secretaria de Sa\u00fade, est\u00e3o sendo disponibilizadas sete mil doses por demanda livre, ou seja, sem agendamento, para esses tr\u00eas dias de a\u00e7\u00e3o. Podem receber a vacina todas as pessoas que tenham idade a partir de 12 anos e que sejam residentes no munic\u00edpio. As equipes atendem das 9h \u00e0s 19h. O mutir\u00e3o segue at\u00e9 amanh\u00e3 (12).<\/p>\n<p style=\"font-weight: 400;\">A vacina\u00e7\u00e3o acontece no Centro de Conven\u00e7\u00f5es e no drive-thru da Avenida da Integra\u00e7\u00e3o. Para receber a vacina, as pessoas precisam portar documento oficial com foto, CPF ou cart\u00e3o do SUS e comprovante de resid\u00eancia. Para o p\u00fablico de 12 a 17 anos \u00e9 necess\u00e1rio comparecer ao polo com os pais ou respons\u00e1veis.<\/p>\n","protected":false},"excerpt":{"rendered":"<p>A Prefeitura de Petrolina continua, nesta quinta-feira (11) com o mutir\u00e3o de vacina\u00e7\u00e3o para aplica\u00e7\u00e3o da primeira dose do imunizante contra o novo Coronav\u00edrus. Ser\u00e3o realizadas 10 horas de vacina\u00e7\u00e3o, sem intervalo para almo\u00e7o. Atrav\u00e9s da Secretaria de Sa\u00fade, est\u00e3o sendo disponibilizadas sete mil doses por demanda livre, ou seja, sem agendamento, para esses tr\u00eas dias de a\u00e7\u00e3o. Podem receber a vacina todas as pessoas que tenham idade a partir de 12 anos e que sejam residentes no munic\u00edpio. As equipes atendem das 9h \u00e0s 19h. O mutir\u00e3o segue at\u00e9 amanh\u00e3 (12). A vacina\u00e7\u00e3o acontece no Centro de Conven\u00e7\u00f5es e no drive-thru da Avenida da Integra\u00e7\u00e3o. Para receber a vacina, as pessoas precisam portar documento oficial com foto, CPF ou&hellip; <\/p>\n","protected":false},"author":2,"featured_media":298819,"comment_status":"open","ping_status":"open","sticky":false,"template":"","format":"standard","meta":{"_acf_changed":false,"footnotes":""},"categories":[4],"tags":[],"class_list":["post-299832","post","type-post","status-publish","format-standard","has-post-thumbnail","hentry","category-saude"],"acf":[],"yoast_head":"<!-- This site is optimized with the Yoast SEO plugin v27.4 - https:\/\/yoast.com\/product\/yoast-seo-wordpress\/ -->\n<title>COVID-19: segundo dia de vacina\u00e7\u00e3o de primeira dose sem agendamento acontece em Petrolina - Blog do Farn\u00e9sio<\/title>\n<meta name=\"robots\" content=\"index, follow, max-snippet:-1, max-image-preview:large, max-video-preview:-1\" \/>\n<link rel=\"canonical\" href=\"https:\/\/blogdofarnesio.com.br\/?p=299832\" \/>\n<meta property=\"og:locale\" content=\"pt_BR\" \/>\n<meta property=\"og:type\" content=\"article\" \/>\n<meta property=\"og:title\" content=\"COVID-19: segundo dia de vacina\u00e7\u00e3o de primeira dose sem agendamento acontece em Petrolina - Blog do Farn\u00e9sio\" \/>\n<meta property=\"og:description\" content=\"A Prefeitura de Petrolina continua, nesta quinta-feira (11) com o mutir\u00e3o de vacina\u00e7\u00e3o para aplica\u00e7\u00e3o da primeira dose do imunizante contra o novo Coronav\u00edrus. Ser\u00e3o realizadas 10 horas de vacina\u00e7\u00e3o, sem intervalo para almo\u00e7o. Atrav\u00e9s da Secretaria de Sa\u00fade, est\u00e3o sendo disponibilizadas sete mil doses por demanda livre, ou seja, sem agendamento, para esses tr\u00eas dias de a\u00e7\u00e3o. Podem receber a vacina todas as pessoas que tenham idade a partir de 12 anos e que sejam residentes no munic\u00edpio. As equipes atendem das 9h \u00e0s 19h. O mutir\u00e3o segue at\u00e9 amanh\u00e3 (12). A vacina\u00e7\u00e3o acontece no Centro de Conven\u00e7\u00f5es e no drive-thru da Avenida da Integra\u00e7\u00e3o. Para receber a vacina, as pessoas precisam portar documento oficial com foto, CPF ou&hellip;\" \/>\n<meta property=\"og:url\" content=\"https:\/\/blogdofarnesio.com.br\/?p=299832\" \/>\n<meta property=\"og:site_name\" content=\"Blog do Farn\u00e9sio\" \/>\n<meta property=\"article:publisher\" content=\"https:\/\/www.facebook.com\/BlogQuerSaberPolitica\/\" \/>\n<meta property=\"article:author\" content=\"https:\/\/www.facebook.com\/?ref=tn_tnmn\" \/>\n<meta property=\"article:published_time\" content=\"2021-11-11T17:43:15+00:00\" \/>\n<meta property=\"og:image\" content=\"https:\/\/blogdofarnesio.com.br\/wp-content\/uploads\/2021\/10\/blogqspvacina-respesca-18.jpg\" \/>\n\t<meta property=\"og:image:width\" content=\"700\" \/>\n\t<meta property=\"og:image:height\" content=\"550\" \/>\n\t<meta property=\"og:image:type\" content=\"image\/jpeg\" \/>\n<meta name=\"author\" content=\"Farn\u00e9sio\" \/>\n<meta name=\"twitter:card\" content=\"summary_large_image\" \/>\n<meta name=\"twitter:label1\" content=\"Escrito por\" \/>\n\t<meta name=\"twitter:data1\" content=\"Farn\u00e9sio\" \/>\n\t<meta name=\"twitter:label2\" content=\"Est. tempo de leitura\" \/>\n\t<meta name=\"twitter:data2\" content=\"1 minuto\" \/>\n<script type=\"application\/ld+json\" class=\"yoast-schema-graph\">{\"@context\":\"https:\\\/\\\/schema.org\",\"@graph\":[{\"@type\":\"Article\",\"@id\":\"https:\\\/\\\/blogdofarnesio.com.br\\\/?p=299832#article\",\"isPartOf\":{\"@id\":\"https:\\\/\\\/blogdofarnesio.com.br\\\/?p=299832\"},\"author\":{\"name\":\"Farn\u00e9sio\",\"@id\":\"https:\\\/\\\/blogdofarnesio.com.br\\\/#\\\/schema\\\/person\\\/bb9b23ae3ad0609ce8df7b6c9e76824d\"},\"headline\":\"COVID-19: segundo dia de vacina\u00e7\u00e3o de primeira dose sem agendamento acontece em Petrolina\",\"datePublished\":\"2021-11-11T17:43:15+00:00\",\"mainEntityOfPage\":{\"@id\":\"https:\\\/\\\/blogdofarnesio.com.br\\\/?p=299832\"},\"wordCount\":174,\"commentCount\":0,\"publisher\":{\"@id\":\"https:\\\/\\\/blogdofarnesio.com.br\\\/#organization\"},\"image\":{\"@id\":\"https:\\\/\\\/blogdofarnesio.com.br\\\/?p=299832#primaryimage\"},\"thumbnailUrl\":\"https:\\\/\\\/blogdofarnesio.com.br\\\/wp-content\\\/uploads\\\/2021\\\/10\\\/blogqspvacina-respesca-18.jpg\",\"articleSection\":[\"Sa\u00fade\"],\"inLanguage\":\"pt-BR\",\"potentialAction\":[{\"@type\":\"CommentAction\",\"name\":\"Comment\",\"target\":[\"https:\\\/\\\/blogdofarnesio.com.br\\\/?p=299832#respond\"]}]},{\"@type\":\"WebPage\",\"@id\":\"https:\\\/\\\/blogdofarnesio.com.br\\\/?p=299832\",\"url\":\"https:\\\/\\\/blogdofarnesio.com.br\\\/?p=299832\",\"name\":\"COVID-19: segundo dia de vacina\u00e7\u00e3o de primeira dose sem agendamento acontece em Petrolina - Blog do Farn\u00e9sio\",\"isPartOf\":{\"@id\":\"https:\\\/\\\/blogdofarnesio.com.br\\\/#website\"},\"primaryImageOfPage\":{\"@id\":\"https:\\\/\\\/blogdofarnesio.com.br\\\/?p=299832#primaryimage\"},\"image\":{\"@id\":\"https:\\\/\\\/blogdofarnesio.com.br\\\/?p=299832#primaryimage\"},\"thumbnailUrl\":\"https:\\\/\\\/blogdofarnesio.com.br\\\/wp-content\\\/uploads\\\/2021\\\/10\\\/blogqspvacina-respesca-18.jpg\",\"datePublished\":\"2021-11-11T17:43:15+00:00\",\"breadcrumb\":{\"@id\":\"https:\\\/\\\/blogdofarnesio.com.br\\\/?p=299832#breadcrumb\"},\"inLanguage\":\"pt-BR\",\"potentialAction\":[{\"@type\":\"ReadAction\",\"target\":[\"https:\\\/\\\/blogdofarnesio.com.br\\\/?p=299832\"]}]},{\"@type\":\"ImageObject\",\"inLanguage\":\"pt-BR\",\"@id\":\"https:\\\/\\\/blogdofarnesio.com.br\\\/?p=299832#primaryimage\",\"url\":\"https:\\\/\\\/blogdofarnesio.com.br\\\/wp-content\\\/uploads\\\/2021\\\/10\\\/blogqspvacina-respesca-18.jpg\",\"contentUrl\":\"https:\\\/\\\/blogdofarnesio.com.br\\\/wp-content\\\/uploads\\\/2021\\\/10\\\/blogqspvacina-respesca-18.jpg\",\"width\":700,\"height\":550},{\"@type\":\"BreadcrumbList\",\"@id\":\"https:\\\/\\\/blogdofarnesio.com.br\\\/?p=299832#breadcrumb\",\"itemListElement\":[{\"@type\":\"ListItem\",\"position\":1,\"name\":\"In\u00edcio\",\"item\":\"https:\\\/\\\/blogdofarnesio.com.br\\\/\"},{\"@type\":\"ListItem\",\"position\":2,\"name\":\"COVID-19: segundo dia de vacina\u00e7\u00e3o de primeira dose sem agendamento acontece em Petrolina\"}]},{\"@type\":\"WebSite\",\"@id\":\"https:\\\/\\\/blogdofarnesio.com.br\\\/#website\",\"url\":\"https:\\\/\\\/blogdofarnesio.com.br\\\/\",\"name\":\"Blog do Farn\u00e9sio\",\"description\":\"Quer Saber Pol\u00edtica?\",\"publisher\":{\"@id\":\"https:\\\/\\\/blogdofarnesio.com.br\\\/#organization\"},\"potentialAction\":[{\"@type\":\"SearchAction\",\"target\":{\"@type\":\"EntryPoint\",\"urlTemplate\":\"https:\\\/\\\/blogdofarnesio.com.br\\\/?s={search_term_string}\"},\"query-input\":{\"@type\":\"PropertyValueSpecification\",\"valueRequired\":true,\"valueName\":\"search_term_string\"}}],\"inLanguage\":\"pt-BR\"},{\"@type\":\"Organization\",\"@id\":\"https:\\\/\\\/blogdofarnesio.com.br\\\/#organization\",\"name\":\"Blog do Farn\u00e9sio\",\"url\":\"https:\\\/\\\/blogdofarnesio.com.br\\\/\",\"logo\":{\"@type\":\"ImageObject\",\"inLanguage\":\"pt-BR\",\"@id\":\"https:\\\/\\\/blogdofarnesio.com.br\\\/#\\\/schema\\\/logo\\\/image\\\/\",\"url\":\"https:\\\/\\\/blogdofarnesio.com.br\\\/wp-content\\\/uploads\\\/2026\\\/03\\\/cropped-logo_new-1.png\",\"contentUrl\":\"https:\\\/\\\/blogdofarnesio.com.br\\\/wp-content\\\/uploads\\\/2026\\\/03\\\/cropped-logo_new-1.png\",\"width\":881,\"height\":685,\"caption\":\"Blog do Farn\u00e9sio\"},\"image\":{\"@id\":\"https:\\\/\\\/blogdofarnesio.com.br\\\/#\\\/schema\\\/logo\\\/image\\\/\"},\"sameAs\":[\"https:\\\/\\\/www.facebook.com\\\/BlogQuerSaberPolitica\\\/\"]},{\"@type\":\"Person\",\"@id\":\"https:\\\/\\\/blogdofarnesio.com.br\\\/#\\\/schema\\\/person\\\/bb9b23ae3ad0609ce8df7b6c9e76824d\",\"name\":\"Farn\u00e9sio\",\"image\":{\"@type\":\"ImageObject\",\"inLanguage\":\"pt-BR\",\"@id\":\"https:\\\/\\\/secure.gravatar.com\\\/avatar\\\/986aa4c61ccdb66f8555bf88fc2a65609d00bcabd4d2d94377a727547345cbca?s=96&d=mm&r=g\",\"url\":\"https:\\\/\\\/secure.gravatar.com\\\/avatar\\\/986aa4c61ccdb66f8555bf88fc2a65609d00bcabd4d2d94377a727547345cbca?s=96&d=mm&r=g\",\"contentUrl\":\"https:\\\/\\\/secure.gravatar.com\\\/avatar\\\/986aa4c61ccdb66f8555bf88fc2a65609d00bcabd4d2d94377a727547345cbca?s=96&d=mm&r=g\",\"caption\":\"Farn\u00e9sio\"},\"description\":\"Radialista blogueiro, chegou a Petrolina\\\/Juazeiro em setembro de 1980, Farn\u00e9sio Silva \u00e9 de Arapiraca-Alagoas.\",\"sameAs\":[\"http:\\\/\\\/blogdofarnesio.com.br\",\"https:\\\/\\\/www.facebook.com\\\/?ref=tn_tnmn\",\"https:\\\/\\\/www.instagram.com\\\/?utm_source=pwa_homescreen\",\"https:\\\/\\\/youtube.com.br\\\/\"],\"url\":\"https:\\\/\\\/blogdofarnesio.com.br\\\/?author=2\"}]}<\/script>\n<!-- \/ Yoast SEO plugin. -->","yoast_head_json":{"title":"COVID-19: segundo dia de vacina\u00e7\u00e3o de primeira dose sem agendamento acontece em Petrolina - Blog do Farn\u00e9sio","robots":{"index":"index","follow":"follow","max-snippet":"max-snippet:-1","max-image-preview":"max-image-preview:large","max-video-preview":"max-video-preview:-1"},"canonical":"https:\/\/blogdofarnesio.com.br\/?p=299832","og_locale":"pt_BR","og_type":"article","og_title":"COVID-19: segundo dia de vacina\u00e7\u00e3o de primeira dose sem agendamento acontece em Petrolina - Blog do Farn\u00e9sio","og_description":"A Prefeitura de Petrolina continua, nesta quinta-feira (11) com o mutir\u00e3o de vacina\u00e7\u00e3o para aplica\u00e7\u00e3o da primeira dose do imunizante contra o novo Coronav\u00edrus. Ser\u00e3o realizadas 10 horas de vacina\u00e7\u00e3o, sem intervalo para almo\u00e7o. Atrav\u00e9s da Secretaria de Sa\u00fade, est\u00e3o sendo disponibilizadas sete mil doses por demanda livre, ou seja, sem agendamento, para esses tr\u00eas dias de a\u00e7\u00e3o. Podem receber a vacina todas as pessoas que tenham idade a partir de 12 anos e que sejam residentes no munic\u00edpio. As equipes atendem das 9h \u00e0s 19h. O mutir\u00e3o segue at\u00e9 amanh\u00e3 (12). A vacina\u00e7\u00e3o acontece no Centro de Conven\u00e7\u00f5es e no drive-thru da Avenida da Integra\u00e7\u00e3o. Para receber a vacina, as pessoas precisam portar documento oficial com foto, CPF ou&hellip;","og_url":"https:\/\/blogdofarnesio.com.br\/?p=299832","og_site_name":"Blog do Farn\u00e9sio","article_publisher":"https:\/\/www.facebook.com\/BlogQuerSaberPolitica\/","article_author":"https:\/\/www.facebook.com\/?ref=tn_tnmn","article_published_time":"2021-11-11T17:43:15+00:00","og_image":[{"width":700,"height":550,"url":"https:\/\/blogdofarnesio.com.br\/wp-content\/uploads\/2021\/10\/blogqspvacina-respesca-18.jpg","type":"image\/jpeg"}],"author":"Farn\u00e9sio","twitter_card":"summary_large_image","twitter_misc":{"Escrito por":"Farn\u00e9sio","Est. tempo de leitura":"1 minuto"},"schema":{"@context":"https:\/\/schema.org","@graph":[{"@type":"Article","@id":"https:\/\/blogdofarnesio.com.br\/?p=299832#article","isPartOf":{"@id":"https:\/\/blogdofarnesio.com.br\/?p=299832"},"author":{"name":"Farn\u00e9sio","@id":"https:\/\/blogdofarnesio.com.br\/#\/schema\/person\/bb9b23ae3ad0609ce8df7b6c9e76824d"},"headline":"COVID-19: segundo dia de vacina\u00e7\u00e3o de primeira dose sem agendamento acontece em Petrolina","datePublished":"2021-11-11T17:43:15+00:00","mainEntityOfPage":{"@id":"https:\/\/blogdofarnesio.com.br\/?p=299832"},"wordCount":174,"commentCount":0,"publisher":{"@id":"https:\/\/blogdofarnesio.com.br\/#organization"},"image":{"@id":"https:\/\/blogdofarnesio.com.br\/?p=299832#primaryimage"},"thumbnailUrl":"https:\/\/blogdofarnesio.com.br\/wp-content\/uploads\/2021\/10\/blogqspvacina-respesca-18.jpg","articleSection":["Sa\u00fade"],"inLanguage":"pt-BR","potentialAction":[{"@type":"CommentAction","name":"Comment","target":["https:\/\/blogdofarnesio.com.br\/?p=299832#respond"]}]},{"@type":"WebPage","@id":"https:\/\/blogdofarnesio.com.br\/?p=299832","url":"https:\/\/blogdofarnesio.com.br\/?p=299832","name":"COVID-19: segundo dia de vacina\u00e7\u00e3o de primeira dose sem agendamento acontece em Petrolina - Blog do Farn\u00e9sio","isPartOf":{"@id":"https:\/\/blogdofarnesio.com.br\/#website"},"primaryImageOfPage":{"@id":"https:\/\/blogdofarnesio.com.br\/?p=299832#primaryimage"},"image":{"@id":"https:\/\/blogdofarnesio.com.br\/?p=299832#primaryimage"},"thumbnailUrl":"https:\/\/blogdofarnesio.com.br\/wp-content\/uploads\/2021\/10\/blogqspvacina-respesca-18.jpg","datePublished":"2021-11-11T17:43:15+00:00","breadcrumb":{"@id":"https:\/\/blogdofarnesio.com.br\/?p=299832#breadcrumb"},"inLanguage":"pt-BR","potentialAction":[{"@type":"ReadAction","target":["https:\/\/blogdofarnesio.com.br\/?p=299832"]}]},{"@type":"ImageObject","inLanguage":"pt-BR","@id":"https:\/\/blogdofarnesio.com.br\/?p=299832#primaryimage","url":"https:\/\/blogdofarnesio.com.br\/wp-content\/uploads\/2021\/10\/blogqspvacina-respesca-18.jpg","contentUrl":"https:\/\/blogdofarnesio.com.br\/wp-content\/uploads\/2021\/10\/blogqspvacina-respesca-18.jpg","width":700,"height":550},{"@type":"BreadcrumbList","@id":"https:\/\/blogdofarnesio.com.br\/?p=299832#breadcrumb","itemListElement":[{"@type":"ListItem","position":1,"name":"In\u00edcio","item":"https:\/\/blogdofarnesio.com.br\/"},{"@type":"ListItem","position":2,"name":"COVID-19: segundo dia de vacina\u00e7\u00e3o de primeira dose sem agendamento acontece em Petrolina"}]},{"@type":"WebSite","@id":"https:\/\/blogdofarnesio.com.br\/#website","url":"https:\/\/blogdofarnesio.com.br\/","name":"Blog do Farn\u00e9sio","description":"Quer Saber Pol\u00edtica?","publisher":{"@id":"https:\/\/blogdofarnesio.com.br\/#organization"},"potentialAction":[{"@type":"SearchAction","target":{"@type":"EntryPoint","urlTemplate":"https:\/\/blogdofarnesio.com.br\/?s={search_term_string}"},"query-input":{"@type":"PropertyValueSpecification","valueRequired":true,"valueName":"search_term_string"}}],"inLanguage":"pt-BR"},{"@type":"Organization","@id":"https:\/\/blogdofarnesio.com.br\/#organization","name":"Blog do Farn\u00e9sio","url":"https:\/\/blogdofarnesio.com.br\/","logo":{"@type":"ImageObject","inLanguage":"pt-BR","@id":"https:\/\/blogdofarnesio.com.br\/#\/schema\/logo\/image\/","url":"https:\/\/blogdofarnesio.com.br\/wp-content\/uploads\/2026\/03\/cropped-logo_new-1.png","contentUrl":"https:\/\/blogdofarnesio.com.br\/wp-content\/uploads\/2026\/03\/cropped-logo_new-1.png","width":881,"height":685,"caption":"Blog do Farn\u00e9sio"},"image":{"@id":"https:\/\/blogdofarnesio.com.br\/#\/schema\/logo\/image\/"},"sameAs":["https:\/\/www.facebook.com\/BlogQuerSaberPolitica\/"]},{"@type":"Person","@id":"https:\/\/blogdofarnesio.com.br\/#\/schema\/person\/bb9b23ae3ad0609ce8df7b6c9e76824d","name":"Farn\u00e9sio","image":{"@type":"ImageObject","inLanguage":"pt-BR","@id":"https:\/\/secure.gravatar.com\/avatar\/986aa4c61ccdb66f8555bf88fc2a65609d00bcabd4d2d94377a727547345cbca?s=96&d=mm&r=g","url":"https:\/\/secure.gravatar.com\/avatar\/986aa4c61ccdb66f8555bf88fc2a65609d00bcabd4d2d94377a727547345cbca?s=96&d=mm&r=g","contentUrl":"https:\/\/secure.gravatar.com\/avatar\/986aa4c61ccdb66f8555bf88fc2a65609d00bcabd4d2d94377a727547345cbca?s=96&d=mm&r=g","caption":"Farn\u00e9sio"},"description":"Radialista blogueiro, chegou a Petrolina\/Juazeiro em setembro de 1980, Farn\u00e9sio Silva \u00e9 de Arapiraca-Alagoas.","sameAs":["http:\/\/blogdofarnesio.com.br","https:\/\/www.facebook.com\/?ref=tn_tnmn","https:\/\/www.instagram.com\/?utm_source=pwa_homescreen","https:\/\/youtube.com.br\/"],"url":"https:\/\/blogdofarnesio.com.br\/?author=2"}]}},"_links":{"self":[{"href":"https:\/\/blogdofarnesio.com.br\/index.php?rest_route=\/wp\/v2\/posts\/299832","targetHints":{"allow":["GET"]}}],"collection":[{"href":"https:\/\/blogdofarnesio.com.br\/index.php?rest_route=\/wp\/v2\/posts"}],"about":[{"href":"https:\/\/blogdofarnesio.com.br\/index.php?rest_route=\/wp\/v2\/types\/post"}],"author":[{"embeddable":true,"href":"https:\/\/blogdofarnesio.com.br\/index.php?rest_route=\/wp\/v2\/users\/2"}],"replies":[{"embeddable":true,"href":"https:\/\/blogdofarnesio.com.br\/index.php?rest_route=%2Fwp%2Fv2%2Fcomments&post=299832"}],"version-history":[{"count":0,"href":"https:\/\/blogdofarnesio.com.br\/index.php?rest_route=\/wp\/v2\/posts\/299832\/revisions"}],"wp:featuredmedia":[{"embeddable":true,"href":"https:\/\/blogdofarnesio.com.br\/index.php?rest_route=\/wp\/v2\/media\/298819"}],"wp:attachment":[{"href":"https:\/\/blogdofarnesio.com.br\/index.php?rest_route=%2Fwp%2Fv2%2Fmedia&parent=299832"}],"wp:term":[{"taxonomy":"category","embeddable":true,"href":"https:\/\/blogdofarnesio.com.br\/index.php?rest_route=%2Fwp%2Fv2%2Fcategories&post=299832"},{"taxonomy":"post_tag","embeddable":true,"href":"https:\/\/blogdofarnesio.com.br\/index.php?rest_route=%2Fwp%2Fv2%2Ftags&post=299832"}],"curies":[{"name":"wp","href":"https:\/\/api.w.org\/{rel}","templated":true}]}}