{"id":299471,"date":"2021-11-07T09:30:19","date_gmt":"2021-11-07T12:30:19","guid":{"rendered":"https:\/\/blogdofarnesio.com.br\/?p=299471"},"modified":"2021-11-06T19:56:28","modified_gmt":"2021-11-06T22:56:28","slug":"cidade-do-interior-da-bahia-realiza-eleicoes-suplementares-neste-domingo","status":"publish","type":"post","link":"https:\/\/blogdofarnesio.com.br\/?p=299471","title":{"rendered":"Cidade do Interior da Bahia realiza elei\u00e7\u00f5es suplementares neste domingo"},"content":{"rendered":"<div class=\"box-title\"><\/div>\n<div class=\"box-body\" data-io-article-url=\"https:\/\/www.bahianoticias.com.br\/\">\n<div class=\"text-center\">\n<div class=\"box-img\">\n<div class=\"img-legenda\">Os eleitores da cidade de Jo\u00e3o Dourado, centro-norte da Bahia, far\u00e3o o retorno \u00e0s urnas no domingo (7) para a escolha dos novos prefeito e vice-prefeito da cidade. O novo pleito ocorre por determina\u00e7\u00e3o do Tribunal Superior Eleitoral (TSE), ap\u00f3s o indeferimento das candidaturas de Diam\u00e9rson Costa Cardoso Dourado e de Rita de C\u00e1ssia Amorim do Amaral, eleitos no ano passado.<\/div>\n<\/div>\n<\/div>\n<div class=\"text-descricao\">\n<p>A elei\u00e7\u00e3o ser\u00e1 disputada nas chapas \u201cAgora \u00e9 com mais for\u00e7a\u201d (PL, PSB, PC do B), com Diam\u00e9rson Costa Cardoso Dourado e Cl\u00e9via Santiago Silva Concei\u00e7\u00e3o; e a chapa \u201cJo\u00e3o Dourado para todos\u201d (PT, PSD), com Abimael Dourado Lima J\u00fanior e Jo\u00e3o Nogueira Ferreira, nas vagas de prefeito e vice-prefeito respectivamente.<\/p>\n<p>\u00c9 esperado que mais de 15 mil eleitores participem da vota\u00e7\u00e3o. Ao todo, 15.737 eleitores est\u00e3o aptos a participar, de acordo com a \u00faltima atualiza\u00e7\u00e3o da Justi\u00e7a Eleitoral.<\/p>\n<p>A Elei\u00e7\u00e3o Suplementar de Jo\u00e3o Dourado contar\u00e1 ainda com auditoria das urnas eletr\u00f4nicas, a ser realizada na C\u00e2mara Municipal de Jo\u00e3o Dourado. Ela acontece de forma paralela ao pleito, na mesma data e hora, das 7h \u00e0s 17h, e os equipamentos a serem auditados ser\u00e3o sorteados neste s\u00e1bado (6).<\/p>\n<\/div>\n<\/div>\n","protected":false},"excerpt":{"rendered":"<p>Os eleitores da cidade de Jo\u00e3o Dourado, centro-norte da Bahia, far\u00e3o o retorno \u00e0s urnas no domingo (7) para a escolha dos novos prefeito e vice-prefeito da cidade. O novo pleito ocorre por determina\u00e7\u00e3o do Tribunal Superior Eleitoral (TSE), ap\u00f3s o indeferimento das candidaturas de Diam\u00e9rson Costa Cardoso Dourado e de Rita de C\u00e1ssia Amorim do Amaral, eleitos no ano passado. A elei\u00e7\u00e3o ser\u00e1 disputada nas chapas \u201cAgora \u00e9 com mais for\u00e7a\u201d (PL, PSB, PC do B), com Diam\u00e9rson Costa Cardoso Dourado e Cl\u00e9via Santiago Silva Concei\u00e7\u00e3o; e a chapa \u201cJo\u00e3o Dourado para todos\u201d (PT, PSD), com Abimael Dourado Lima J\u00fanior e Jo\u00e3o Nogueira Ferreira, nas vagas de prefeito e vice-prefeito respectivamente. \u00c9 esperado que mais de 15 mil eleitores&hellip; <\/p>\n","protected":false},"author":2,"featured_media":299472,"comment_status":"open","ping_status":"open","sticky":false,"template":"","format":"standard","meta":{"_acf_changed":false,"footnotes":""},"categories":[34],"tags":[],"class_list":["post-299471","post","type-post","status-publish","format-standard","has-post-thumbnail","hentry","category-eleicoes"],"acf":[],"yoast_head":"<!-- This site is optimized with the Yoast SEO plugin v27.4 - https:\/\/yoast.com\/product\/yoast-seo-wordpress\/ -->\n<title>Cidade do Interior da Bahia realiza elei\u00e7\u00f5es suplementares neste domingo - Blog do Farn\u00e9sio<\/title>\n<meta name=\"robots\" content=\"index, follow, max-snippet:-1, max-image-preview:large, max-video-preview:-1\" \/>\n<link rel=\"canonical\" href=\"https:\/\/blogdofarnesio.com.br\/?p=299471\" \/>\n<meta property=\"og:locale\" content=\"pt_BR\" \/>\n<meta property=\"og:type\" content=\"article\" \/>\n<meta property=\"og:title\" content=\"Cidade do Interior da Bahia realiza elei\u00e7\u00f5es suplementares neste domingo - Blog do Farn\u00e9sio\" \/>\n<meta property=\"og:description\" content=\"Os eleitores da cidade de Jo\u00e3o Dourado, centro-norte da Bahia, far\u00e3o o retorno \u00e0s urnas no domingo (7) para a escolha dos novos prefeito e vice-prefeito da cidade. O novo pleito ocorre por determina\u00e7\u00e3o do Tribunal Superior Eleitoral (TSE), ap\u00f3s o indeferimento das candidaturas de Diam\u00e9rson Costa Cardoso Dourado e de Rita de C\u00e1ssia Amorim do Amaral, eleitos no ano passado. A elei\u00e7\u00e3o ser\u00e1 disputada nas chapas \u201cAgora \u00e9 com mais for\u00e7a\u201d (PL, PSB, PC do B), com Diam\u00e9rson Costa Cardoso Dourado e Cl\u00e9via Santiago Silva Concei\u00e7\u00e3o; e a chapa \u201cJo\u00e3o Dourado para todos\u201d (PT, PSD), com Abimael Dourado Lima J\u00fanior e Jo\u00e3o Nogueira Ferreira, nas vagas de prefeito e vice-prefeito respectivamente. \u00c9 esperado que mais de 15 mil eleitores&hellip;\" \/>\n<meta property=\"og:url\" content=\"https:\/\/blogdofarnesio.com.br\/?p=299471\" \/>\n<meta property=\"og:site_name\" content=\"Blog do Farn\u00e9sio\" \/>\n<meta property=\"article:publisher\" content=\"https:\/\/www.facebook.com\/BlogQuerSaberPolitica\/\" \/>\n<meta property=\"article:author\" content=\"https:\/\/www.facebook.com\/?ref=tn_tnmn\" \/>\n<meta property=\"article:published_time\" content=\"2021-11-07T12:30:19+00:00\" \/>\n<meta property=\"og:image\" content=\"https:\/\/blogdofarnesio.com.br\/wp-content\/uploads\/2021\/11\/blogqspjoao-dourado-BA.jpg\" \/>\n\t<meta property=\"og:image:width\" content=\"600\" \/>\n\t<meta property=\"og:image:height\" content=\"338\" \/>\n\t<meta property=\"og:image:type\" content=\"image\/jpeg\" \/>\n<meta name=\"author\" content=\"Farn\u00e9sio\" \/>\n<meta name=\"twitter:card\" content=\"summary_large_image\" \/>\n<meta name=\"twitter:label1\" content=\"Escrito por\" \/>\n\t<meta name=\"twitter:data1\" content=\"Farn\u00e9sio\" \/>\n\t<meta name=\"twitter:label2\" content=\"Est. tempo de leitura\" \/>\n\t<meta name=\"twitter:data2\" content=\"1 minuto\" \/>\n<script type=\"application\/ld+json\" class=\"yoast-schema-graph\">{\"@context\":\"https:\\\/\\\/schema.org\",\"@graph\":[{\"@type\":\"Article\",\"@id\":\"https:\\\/\\\/blogdofarnesio.com.br\\\/?p=299471#article\",\"isPartOf\":{\"@id\":\"https:\\\/\\\/blogdofarnesio.com.br\\\/?p=299471\"},\"author\":{\"name\":\"Farn\u00e9sio\",\"@id\":\"https:\\\/\\\/blogdofarnesio.com.br\\\/#\\\/schema\\\/person\\\/bb9b23ae3ad0609ce8df7b6c9e76824d\"},\"headline\":\"Cidade do Interior da Bahia realiza elei\u00e7\u00f5es suplementares neste domingo\",\"datePublished\":\"2021-11-07T12:30:19+00:00\",\"mainEntityOfPage\":{\"@id\":\"https:\\\/\\\/blogdofarnesio.com.br\\\/?p=299471\"},\"wordCount\":219,\"commentCount\":0,\"publisher\":{\"@id\":\"https:\\\/\\\/blogdofarnesio.com.br\\\/#organization\"},\"image\":{\"@id\":\"https:\\\/\\\/blogdofarnesio.com.br\\\/?p=299471#primaryimage\"},\"thumbnailUrl\":\"https:\\\/\\\/blogdofarnesio.com.br\\\/wp-content\\\/uploads\\\/2021\\\/11\\\/blogqspjoao-dourado-BA.jpg\",\"articleSection\":[\"Elei\u00e7\u00f5es\"],\"inLanguage\":\"pt-BR\",\"potentialAction\":[{\"@type\":\"CommentAction\",\"name\":\"Comment\",\"target\":[\"https:\\\/\\\/blogdofarnesio.com.br\\\/?p=299471#respond\"]}]},{\"@type\":\"WebPage\",\"@id\":\"https:\\\/\\\/blogdofarnesio.com.br\\\/?p=299471\",\"url\":\"https:\\\/\\\/blogdofarnesio.com.br\\\/?p=299471\",\"name\":\"Cidade do Interior da Bahia realiza elei\u00e7\u00f5es suplementares neste domingo - Blog do Farn\u00e9sio\",\"isPartOf\":{\"@id\":\"https:\\\/\\\/blogdofarnesio.com.br\\\/#website\"},\"primaryImageOfPage\":{\"@id\":\"https:\\\/\\\/blogdofarnesio.com.br\\\/?p=299471#primaryimage\"},\"image\":{\"@id\":\"https:\\\/\\\/blogdofarnesio.com.br\\\/?p=299471#primaryimage\"},\"thumbnailUrl\":\"https:\\\/\\\/blogdofarnesio.com.br\\\/wp-content\\\/uploads\\\/2021\\\/11\\\/blogqspjoao-dourado-BA.jpg\",\"datePublished\":\"2021-11-07T12:30:19+00:00\",\"breadcrumb\":{\"@id\":\"https:\\\/\\\/blogdofarnesio.com.br\\\/?p=299471#breadcrumb\"},\"inLanguage\":\"pt-BR\",\"potentialAction\":[{\"@type\":\"ReadAction\",\"target\":[\"https:\\\/\\\/blogdofarnesio.com.br\\\/?p=299471\"]}]},{\"@type\":\"ImageObject\",\"inLanguage\":\"pt-BR\",\"@id\":\"https:\\\/\\\/blogdofarnesio.com.br\\\/?p=299471#primaryimage\",\"url\":\"https:\\\/\\\/blogdofarnesio.com.br\\\/wp-content\\\/uploads\\\/2021\\\/11\\\/blogqspjoao-dourado-BA.jpg\",\"contentUrl\":\"https:\\\/\\\/blogdofarnesio.com.br\\\/wp-content\\\/uploads\\\/2021\\\/11\\\/blogqspjoao-dourado-BA.jpg\",\"width\":600,\"height\":338},{\"@type\":\"BreadcrumbList\",\"@id\":\"https:\\\/\\\/blogdofarnesio.com.br\\\/?p=299471#breadcrumb\",\"itemListElement\":[{\"@type\":\"ListItem\",\"position\":1,\"name\":\"In\u00edcio\",\"item\":\"https:\\\/\\\/blogdofarnesio.com.br\\\/\"},{\"@type\":\"ListItem\",\"position\":2,\"name\":\"Cidade do Interior da Bahia realiza elei\u00e7\u00f5es suplementares neste domingo\"}]},{\"@type\":\"WebSite\",\"@id\":\"https:\\\/\\\/blogdofarnesio.com.br\\\/#website\",\"url\":\"https:\\\/\\\/blogdofarnesio.com.br\\\/\",\"name\":\"Blog do Farn\u00e9sio\",\"description\":\"Quer Saber Pol\u00edtica?\",\"publisher\":{\"@id\":\"https:\\\/\\\/blogdofarnesio.com.br\\\/#organization\"},\"potentialAction\":[{\"@type\":\"SearchAction\",\"target\":{\"@type\":\"EntryPoint\",\"urlTemplate\":\"https:\\\/\\\/blogdofarnesio.com.br\\\/?s={search_term_string}\"},\"query-input\":{\"@type\":\"PropertyValueSpecification\",\"valueRequired\":true,\"valueName\":\"search_term_string\"}}],\"inLanguage\":\"pt-BR\"},{\"@type\":\"Organization\",\"@id\":\"https:\\\/\\\/blogdofarnesio.com.br\\\/#organization\",\"name\":\"Blog do Farn\u00e9sio\",\"url\":\"https:\\\/\\\/blogdofarnesio.com.br\\\/\",\"logo\":{\"@type\":\"ImageObject\",\"inLanguage\":\"pt-BR\",\"@id\":\"https:\\\/\\\/blogdofarnesio.com.br\\\/#\\\/schema\\\/logo\\\/image\\\/\",\"url\":\"https:\\\/\\\/blogdofarnesio.com.br\\\/wp-content\\\/uploads\\\/2026\\\/03\\\/cropped-logo_new-1.png\",\"contentUrl\":\"https:\\\/\\\/blogdofarnesio.com.br\\\/wp-content\\\/uploads\\\/2026\\\/03\\\/cropped-logo_new-1.png\",\"width\":881,\"height\":685,\"caption\":\"Blog do Farn\u00e9sio\"},\"image\":{\"@id\":\"https:\\\/\\\/blogdofarnesio.com.br\\\/#\\\/schema\\\/logo\\\/image\\\/\"},\"sameAs\":[\"https:\\\/\\\/www.facebook.com\\\/BlogQuerSaberPolitica\\\/\"]},{\"@type\":\"Person\",\"@id\":\"https:\\\/\\\/blogdofarnesio.com.br\\\/#\\\/schema\\\/person\\\/bb9b23ae3ad0609ce8df7b6c9e76824d\",\"name\":\"Farn\u00e9sio\",\"image\":{\"@type\":\"ImageObject\",\"inLanguage\":\"pt-BR\",\"@id\":\"https:\\\/\\\/secure.gravatar.com\\\/avatar\\\/986aa4c61ccdb66f8555bf88fc2a65609d00bcabd4d2d94377a727547345cbca?s=96&d=mm&r=g\",\"url\":\"https:\\\/\\\/secure.gravatar.com\\\/avatar\\\/986aa4c61ccdb66f8555bf88fc2a65609d00bcabd4d2d94377a727547345cbca?s=96&d=mm&r=g\",\"contentUrl\":\"https:\\\/\\\/secure.gravatar.com\\\/avatar\\\/986aa4c61ccdb66f8555bf88fc2a65609d00bcabd4d2d94377a727547345cbca?s=96&d=mm&r=g\",\"caption\":\"Farn\u00e9sio\"},\"description\":\"Radialista blogueiro, chegou a Petrolina\\\/Juazeiro em setembro de 1980, Farn\u00e9sio Silva \u00e9 de Arapiraca-Alagoas.\",\"sameAs\":[\"http:\\\/\\\/blogdofarnesio.com.br\",\"https:\\\/\\\/www.facebook.com\\\/?ref=tn_tnmn\",\"https:\\\/\\\/www.instagram.com\\\/?utm_source=pwa_homescreen\",\"https:\\\/\\\/youtube.com.br\\\/\"],\"url\":\"https:\\\/\\\/blogdofarnesio.com.br\\\/?author=2\"}]}<\/script>\n<!-- \/ Yoast SEO plugin. -->","yoast_head_json":{"title":"Cidade do Interior da Bahia realiza elei\u00e7\u00f5es suplementares neste domingo - Blog do Farn\u00e9sio","robots":{"index":"index","follow":"follow","max-snippet":"max-snippet:-1","max-image-preview":"max-image-preview:large","max-video-preview":"max-video-preview:-1"},"canonical":"https:\/\/blogdofarnesio.com.br\/?p=299471","og_locale":"pt_BR","og_type":"article","og_title":"Cidade do Interior da Bahia realiza elei\u00e7\u00f5es suplementares neste domingo - Blog do Farn\u00e9sio","og_description":"Os eleitores da cidade de Jo\u00e3o Dourado, centro-norte da Bahia, far\u00e3o o retorno \u00e0s urnas no domingo (7) para a escolha dos novos prefeito e vice-prefeito da cidade. O novo pleito ocorre por determina\u00e7\u00e3o do Tribunal Superior Eleitoral (TSE), ap\u00f3s o indeferimento das candidaturas de Diam\u00e9rson Costa Cardoso Dourado e de Rita de C\u00e1ssia Amorim do Amaral, eleitos no ano passado. A elei\u00e7\u00e3o ser\u00e1 disputada nas chapas \u201cAgora \u00e9 com mais for\u00e7a\u201d (PL, PSB, PC do B), com Diam\u00e9rson Costa Cardoso Dourado e Cl\u00e9via Santiago Silva Concei\u00e7\u00e3o; e a chapa \u201cJo\u00e3o Dourado para todos\u201d (PT, PSD), com Abimael Dourado Lima J\u00fanior e Jo\u00e3o Nogueira Ferreira, nas vagas de prefeito e vice-prefeito respectivamente. \u00c9 esperado que mais de 15 mil eleitores&hellip;","og_url":"https:\/\/blogdofarnesio.com.br\/?p=299471","og_site_name":"Blog do Farn\u00e9sio","article_publisher":"https:\/\/www.facebook.com\/BlogQuerSaberPolitica\/","article_author":"https:\/\/www.facebook.com\/?ref=tn_tnmn","article_published_time":"2021-11-07T12:30:19+00:00","og_image":[{"width":600,"height":338,"url":"https:\/\/blogdofarnesio.com.br\/wp-content\/uploads\/2021\/11\/blogqspjoao-dourado-BA.jpg","type":"image\/jpeg"}],"author":"Farn\u00e9sio","twitter_card":"summary_large_image","twitter_misc":{"Escrito por":"Farn\u00e9sio","Est. tempo de leitura":"1 minuto"},"schema":{"@context":"https:\/\/schema.org","@graph":[{"@type":"Article","@id":"https:\/\/blogdofarnesio.com.br\/?p=299471#article","isPartOf":{"@id":"https:\/\/blogdofarnesio.com.br\/?p=299471"},"author":{"name":"Farn\u00e9sio","@id":"https:\/\/blogdofarnesio.com.br\/#\/schema\/person\/bb9b23ae3ad0609ce8df7b6c9e76824d"},"headline":"Cidade do Interior da Bahia realiza elei\u00e7\u00f5es suplementares neste domingo","datePublished":"2021-11-07T12:30:19+00:00","mainEntityOfPage":{"@id":"https:\/\/blogdofarnesio.com.br\/?p=299471"},"wordCount":219,"commentCount":0,"publisher":{"@id":"https:\/\/blogdofarnesio.com.br\/#organization"},"image":{"@id":"https:\/\/blogdofarnesio.com.br\/?p=299471#primaryimage"},"thumbnailUrl":"https:\/\/blogdofarnesio.com.br\/wp-content\/uploads\/2021\/11\/blogqspjoao-dourado-BA.jpg","articleSection":["Elei\u00e7\u00f5es"],"inLanguage":"pt-BR","potentialAction":[{"@type":"CommentAction","name":"Comment","target":["https:\/\/blogdofarnesio.com.br\/?p=299471#respond"]}]},{"@type":"WebPage","@id":"https:\/\/blogdofarnesio.com.br\/?p=299471","url":"https:\/\/blogdofarnesio.com.br\/?p=299471","name":"Cidade do Interior da Bahia realiza elei\u00e7\u00f5es suplementares neste domingo - Blog do Farn\u00e9sio","isPartOf":{"@id":"https:\/\/blogdofarnesio.com.br\/#website"},"primaryImageOfPage":{"@id":"https:\/\/blogdofarnesio.com.br\/?p=299471#primaryimage"},"image":{"@id":"https:\/\/blogdofarnesio.com.br\/?p=299471#primaryimage"},"thumbnailUrl":"https:\/\/blogdofarnesio.com.br\/wp-content\/uploads\/2021\/11\/blogqspjoao-dourado-BA.jpg","datePublished":"2021-11-07T12:30:19+00:00","breadcrumb":{"@id":"https:\/\/blogdofarnesio.com.br\/?p=299471#breadcrumb"},"inLanguage":"pt-BR","potentialAction":[{"@type":"ReadAction","target":["https:\/\/blogdofarnesio.com.br\/?p=299471"]}]},{"@type":"ImageObject","inLanguage":"pt-BR","@id":"https:\/\/blogdofarnesio.com.br\/?p=299471#primaryimage","url":"https:\/\/blogdofarnesio.com.br\/wp-content\/uploads\/2021\/11\/blogqspjoao-dourado-BA.jpg","contentUrl":"https:\/\/blogdofarnesio.com.br\/wp-content\/uploads\/2021\/11\/blogqspjoao-dourado-BA.jpg","width":600,"height":338},{"@type":"BreadcrumbList","@id":"https:\/\/blogdofarnesio.com.br\/?p=299471#breadcrumb","itemListElement":[{"@type":"ListItem","position":1,"name":"In\u00edcio","item":"https:\/\/blogdofarnesio.com.br\/"},{"@type":"ListItem","position":2,"name":"Cidade do Interior da Bahia realiza elei\u00e7\u00f5es suplementares neste domingo"}]},{"@type":"WebSite","@id":"https:\/\/blogdofarnesio.com.br\/#website","url":"https:\/\/blogdofarnesio.com.br\/","name":"Blog do Farn\u00e9sio","description":"Quer Saber Pol\u00edtica?","publisher":{"@id":"https:\/\/blogdofarnesio.com.br\/#organization"},"potentialAction":[{"@type":"SearchAction","target":{"@type":"EntryPoint","urlTemplate":"https:\/\/blogdofarnesio.com.br\/?s={search_term_string}"},"query-input":{"@type":"PropertyValueSpecification","valueRequired":true,"valueName":"search_term_string"}}],"inLanguage":"pt-BR"},{"@type":"Organization","@id":"https:\/\/blogdofarnesio.com.br\/#organization","name":"Blog do Farn\u00e9sio","url":"https:\/\/blogdofarnesio.com.br\/","logo":{"@type":"ImageObject","inLanguage":"pt-BR","@id":"https:\/\/blogdofarnesio.com.br\/#\/schema\/logo\/image\/","url":"https:\/\/blogdofarnesio.com.br\/wp-content\/uploads\/2026\/03\/cropped-logo_new-1.png","contentUrl":"https:\/\/blogdofarnesio.com.br\/wp-content\/uploads\/2026\/03\/cropped-logo_new-1.png","width":881,"height":685,"caption":"Blog do Farn\u00e9sio"},"image":{"@id":"https:\/\/blogdofarnesio.com.br\/#\/schema\/logo\/image\/"},"sameAs":["https:\/\/www.facebook.com\/BlogQuerSaberPolitica\/"]},{"@type":"Person","@id":"https:\/\/blogdofarnesio.com.br\/#\/schema\/person\/bb9b23ae3ad0609ce8df7b6c9e76824d","name":"Farn\u00e9sio","image":{"@type":"ImageObject","inLanguage":"pt-BR","@id":"https:\/\/secure.gravatar.com\/avatar\/986aa4c61ccdb66f8555bf88fc2a65609d00bcabd4d2d94377a727547345cbca?s=96&d=mm&r=g","url":"https:\/\/secure.gravatar.com\/avatar\/986aa4c61ccdb66f8555bf88fc2a65609d00bcabd4d2d94377a727547345cbca?s=96&d=mm&r=g","contentUrl":"https:\/\/secure.gravatar.com\/avatar\/986aa4c61ccdb66f8555bf88fc2a65609d00bcabd4d2d94377a727547345cbca?s=96&d=mm&r=g","caption":"Farn\u00e9sio"},"description":"Radialista blogueiro, chegou a Petrolina\/Juazeiro em setembro de 1980, Farn\u00e9sio Silva \u00e9 de Arapiraca-Alagoas.","sameAs":["http:\/\/blogdofarnesio.com.br","https:\/\/www.facebook.com\/?ref=tn_tnmn","https:\/\/www.instagram.com\/?utm_source=pwa_homescreen","https:\/\/youtube.com.br\/"],"url":"https:\/\/blogdofarnesio.com.br\/?author=2"}]}},"_links":{"self":[{"href":"https:\/\/blogdofarnesio.com.br\/index.php?rest_route=\/wp\/v2\/posts\/299471","targetHints":{"allow":["GET"]}}],"collection":[{"href":"https:\/\/blogdofarnesio.com.br\/index.php?rest_route=\/wp\/v2\/posts"}],"about":[{"href":"https:\/\/blogdofarnesio.com.br\/index.php?rest_route=\/wp\/v2\/types\/post"}],"author":[{"embeddable":true,"href":"https:\/\/blogdofarnesio.com.br\/index.php?rest_route=\/wp\/v2\/users\/2"}],"replies":[{"embeddable":true,"href":"https:\/\/blogdofarnesio.com.br\/index.php?rest_route=%2Fwp%2Fv2%2Fcomments&post=299471"}],"version-history":[{"count":0,"href":"https:\/\/blogdofarnesio.com.br\/index.php?rest_route=\/wp\/v2\/posts\/299471\/revisions"}],"wp:featuredmedia":[{"embeddable":true,"href":"https:\/\/blogdofarnesio.com.br\/index.php?rest_route=\/wp\/v2\/media\/299472"}],"wp:attachment":[{"href":"https:\/\/blogdofarnesio.com.br\/index.php?rest_route=%2Fwp%2Fv2%2Fmedia&parent=299471"}],"wp:term":[{"taxonomy":"category","embeddable":true,"href":"https:\/\/blogdofarnesio.com.br\/index.php?rest_route=%2Fwp%2Fv2%2Fcategories&post=299471"},{"taxonomy":"post_tag","embeddable":true,"href":"https:\/\/blogdofarnesio.com.br\/index.php?rest_route=%2Fwp%2Fv2%2Ftags&post=299471"}],"curies":[{"name":"wp","href":"https:\/\/api.w.org\/{rel}","templated":true}]}}