{"id":299184,"date":"2021-11-05T11:25:41","date_gmt":"2021-11-05T14:25:41","guid":{"rendered":"https:\/\/blogdofarnesio.com.br\/?p=299184"},"modified":"2021-11-05T08:58:01","modified_gmt":"2021-11-05T11:58:01","slug":"prefeitura-de-juazeiro-vai-levar-servicos-de-cidadania-e-saude-para-o-distrito-de-abobora-nesta-sexta-feira","status":"publish","type":"post","link":"https:\/\/blogdofarnesio.com.br\/?p=299184","title":{"rendered":"Prefeitura de Juazeiro vai levar servi\u00e7os de cidadania e sa\u00fade para o distrito de Ab\u00f3bora nesta sexta-feira"},"content":{"rendered":"<div class=\"Tf Hh\">\n<div class=\"Kh\">Promovido pela Prefeitura de Juazeiro, atrav\u00e9s da Secretaria de Desenvolvimento Social, Mulher e Diversidade (Sedes) e da Secretaria Municipal de Sa\u00fade (Sesau), o projeto \u2018Social at\u00e9 Voc\u00ea\u2019 vai atender a comunidade de Ab\u00f3bora, nesta sexta-feira (05).<\/div>\n<div><\/div>\n<div class=\"Kh\">Os servi\u00e7os de cidadania e sa\u00fade ser\u00e3o oferecidos, na Escola Municipal Manoel de Souza Bonfim, das 9h \u00e0s 13h.<\/div>\n<\/div>\n<div class=\"ig\" data-onclick=\"cvmsgcontainercl+22\">\n<div id=\"cvcmsg_17ce6a2645ea11b6\" class=\"Rf\">\n<div id=\"cvcfullmsg_17ce6a2645ea11b6\" class=\"og\">\n<div id=\"cvcmsgbod_17ce6a2645ea11b6\" class=\"th\">\n<div class=\"gh\">\n<div class=\"Gg Ig \" dir=\"ltr\">\n<div dir=\"ltr\">\n<p>Entre os servi\u00e7os oferecidos, est\u00e3o o atendimento do Cadastro \u00danico, emiss\u00e3o da Carteira do Idoso, atendimento do Centro de Refer\u00eancia da Assist\u00eancia Social (CRAS), do Centro de Refer\u00eancia Especializado em Assist\u00eancia Social (CREAS), do Centro de Refer\u00eancia Especializado para Pessoas em Situa\u00e7\u00e3o de Rua (Centro POP), do Centro Integrado de Atendimento \u00e0 Mulher (CIAM), das Diretorias de Habita\u00e7\u00e3o e Diversidade, al\u00e9m de atividades do programa Crian\u00e7a Feliz.<\/p>\n<p>A iniciativa, idealizada pela prefeita Suzana Ramos, visa levar o atendimento de programas, servi\u00e7os, benef\u00edcios e campanhas socioassistenciais, de forma itinerante, para o interior do munic\u00edpio. O projeto tamb\u00e9m conta com a parceria da Secretaria Municipal de Sa\u00fade, com a oferta de testes r\u00e1pidos para HIV e s\u00edfilis, aferi\u00e7\u00e3o de press\u00e3o arterial, medi\u00e7\u00e3o glic\u00eamica e distribui\u00e7\u00e3o de preservativos.<\/p>\n<p><b>Programa\u00e7\u00e3o:<\/b><\/p>\n<p>05. 11 \u2013 Ab\u00f3bora<\/p>\n<p>19. 11 \u2013 Pinh\u00f5es<\/p>\n<p>03. 12 \u2013 Mani\u00e7oba<\/p>\n<p>17. 12 \u2013 Junco\/Goiabeira II<\/p>\n<p>10. 01 \u2013 Mandacaru<\/p>\n<p>24. 01 \u2013 Massaroca<\/p>\n<p>&nbsp;<\/p>\n<p>Texto: Eneida Trindade \u2013 Assessora de Imprensa da Sedes<\/p>\n<\/div>\n<\/div>\n<\/div>\n<\/div>\n<\/div>\n<\/div>\n<\/div>\n","protected":false},"excerpt":{"rendered":"<p>Promovido pela Prefeitura de Juazeiro, atrav\u00e9s da Secretaria de Desenvolvimento Social, Mulher e Diversidade (Sedes) e da Secretaria Municipal de Sa\u00fade (Sesau), o projeto \u2018Social at\u00e9 Voc\u00ea\u2019 vai atender a comunidade de Ab\u00f3bora, nesta sexta-feira (05). Os servi\u00e7os de cidadania e sa\u00fade ser\u00e3o oferecidos, na Escola Municipal Manoel de Souza Bonfim, das 9h \u00e0s 13h. Entre os servi\u00e7os oferecidos, est\u00e3o o atendimento do Cadastro \u00danico, emiss\u00e3o da Carteira do Idoso, atendimento do Centro de Refer\u00eancia da Assist\u00eancia Social (CRAS), do Centro de Refer\u00eancia Especializado em Assist\u00eancia Social (CREAS), do Centro de Refer\u00eancia Especializado para Pessoas em Situa\u00e7\u00e3o de Rua (Centro POP), do Centro Integrado de Atendimento \u00e0 Mulher (CIAM), das Diretorias de Habita\u00e7\u00e3o e Diversidade, al\u00e9m de atividades do programa&hellip; <\/p>\n","protected":false},"author":2,"featured_media":299185,"comment_status":"open","ping_status":"open","sticky":false,"template":"","format":"standard","meta":{"_acf_changed":false,"footnotes":""},"categories":[22],"tags":[],"class_list":["post-299184","post","type-post","status-publish","format-standard","has-post-thumbnail","hentry","category-acao-social"],"acf":[],"yoast_head":"<!-- This site is optimized with the Yoast SEO plugin v27.4 - https:\/\/yoast.com\/product\/yoast-seo-wordpress\/ -->\n<title>Prefeitura de Juazeiro vai levar servi\u00e7os de cidadania e sa\u00fade para o distrito de Ab\u00f3bora nesta sexta-feira - Blog do Farn\u00e9sio<\/title>\n<meta name=\"robots\" content=\"index, follow, max-snippet:-1, max-image-preview:large, max-video-preview:-1\" \/>\n<link rel=\"canonical\" href=\"https:\/\/blogdofarnesio.com.br\/?p=299184\" \/>\n<meta property=\"og:locale\" content=\"pt_BR\" \/>\n<meta property=\"og:type\" content=\"article\" \/>\n<meta property=\"og:title\" content=\"Prefeitura de Juazeiro vai levar servi\u00e7os de cidadania e sa\u00fade para o distrito de Ab\u00f3bora nesta sexta-feira - Blog do Farn\u00e9sio\" \/>\n<meta property=\"og:description\" content=\"Promovido pela Prefeitura de Juazeiro, atrav\u00e9s da Secretaria de Desenvolvimento Social, Mulher e Diversidade (Sedes) e da Secretaria Municipal de Sa\u00fade (Sesau), o projeto \u2018Social at\u00e9 Voc\u00ea\u2019 vai atender a comunidade de Ab\u00f3bora, nesta sexta-feira (05). Os servi\u00e7os de cidadania e sa\u00fade ser\u00e3o oferecidos, na Escola Municipal Manoel de Souza Bonfim, das 9h \u00e0s 13h. Entre os servi\u00e7os oferecidos, est\u00e3o o atendimento do Cadastro \u00danico, emiss\u00e3o da Carteira do Idoso, atendimento do Centro de Refer\u00eancia da Assist\u00eancia Social (CRAS), do Centro de Refer\u00eancia Especializado em Assist\u00eancia Social (CREAS), do Centro de Refer\u00eancia Especializado para Pessoas em Situa\u00e7\u00e3o de Rua (Centro POP), do Centro Integrado de Atendimento \u00e0 Mulher (CIAM), das Diretorias de Habita\u00e7\u00e3o e Diversidade, al\u00e9m de atividades do programa&hellip;\" \/>\n<meta property=\"og:url\" content=\"https:\/\/blogdofarnesio.com.br\/?p=299184\" \/>\n<meta property=\"og:site_name\" content=\"Blog do Farn\u00e9sio\" \/>\n<meta property=\"article:publisher\" content=\"https:\/\/www.facebook.com\/BlogQuerSaberPolitica\/\" \/>\n<meta property=\"article:author\" content=\"https:\/\/www.facebook.com\/?ref=tn_tnmn\" \/>\n<meta property=\"article:published_time\" content=\"2021-11-05T14:25:41+00:00\" \/>\n<meta property=\"og:image\" content=\"https:\/\/blogdofarnesio.com.br\/wp-content\/uploads\/2021\/11\/Social-ate-Voce-05.11-e1636113449327.jpg\" \/>\n\t<meta property=\"og:image:width\" content=\"480\" \/>\n\t<meta property=\"og:image:height\" content=\"348\" \/>\n\t<meta property=\"og:image:type\" content=\"image\/jpeg\" \/>\n<meta name=\"author\" content=\"Farn\u00e9sio\" \/>\n<meta name=\"twitter:card\" content=\"summary_large_image\" \/>\n<meta name=\"twitter:label1\" content=\"Escrito por\" \/>\n\t<meta name=\"twitter:data1\" content=\"Farn\u00e9sio\" \/>\n\t<meta name=\"twitter:label2\" content=\"Est. tempo de leitura\" \/>\n\t<meta name=\"twitter:data2\" content=\"1 minuto\" \/>\n<script type=\"application\/ld+json\" class=\"yoast-schema-graph\">{\"@context\":\"https:\\\/\\\/schema.org\",\"@graph\":[{\"@type\":\"Article\",\"@id\":\"https:\\\/\\\/blogdofarnesio.com.br\\\/?p=299184#article\",\"isPartOf\":{\"@id\":\"https:\\\/\\\/blogdofarnesio.com.br\\\/?p=299184\"},\"author\":{\"name\":\"Farn\u00e9sio\",\"@id\":\"https:\\\/\\\/blogdofarnesio.com.br\\\/#\\\/schema\\\/person\\\/bb9b23ae3ad0609ce8df7b6c9e76824d\"},\"headline\":\"Prefeitura de Juazeiro vai levar servi\u00e7os de cidadania e sa\u00fade para o distrito de Ab\u00f3bora nesta sexta-feira\",\"datePublished\":\"2021-11-05T14:25:41+00:00\",\"mainEntityOfPage\":{\"@id\":\"https:\\\/\\\/blogdofarnesio.com.br\\\/?p=299184\"},\"wordCount\":250,\"commentCount\":0,\"publisher\":{\"@id\":\"https:\\\/\\\/blogdofarnesio.com.br\\\/#organization\"},\"image\":{\"@id\":\"https:\\\/\\\/blogdofarnesio.com.br\\\/?p=299184#primaryimage\"},\"thumbnailUrl\":\"https:\\\/\\\/blogdofarnesio.com.br\\\/wp-content\\\/uploads\\\/2021\\\/11\\\/Social-ate-Voce-05.11-e1636113449327.jpg\",\"articleSection\":[\"A\u00e7\u00e3o Social\"],\"inLanguage\":\"pt-BR\",\"potentialAction\":[{\"@type\":\"CommentAction\",\"name\":\"Comment\",\"target\":[\"https:\\\/\\\/blogdofarnesio.com.br\\\/?p=299184#respond\"]}]},{\"@type\":\"WebPage\",\"@id\":\"https:\\\/\\\/blogdofarnesio.com.br\\\/?p=299184\",\"url\":\"https:\\\/\\\/blogdofarnesio.com.br\\\/?p=299184\",\"name\":\"Prefeitura de Juazeiro vai levar servi\u00e7os de cidadania e sa\u00fade para o distrito de Ab\u00f3bora nesta sexta-feira - Blog do Farn\u00e9sio\",\"isPartOf\":{\"@id\":\"https:\\\/\\\/blogdofarnesio.com.br\\\/#website\"},\"primaryImageOfPage\":{\"@id\":\"https:\\\/\\\/blogdofarnesio.com.br\\\/?p=299184#primaryimage\"},\"image\":{\"@id\":\"https:\\\/\\\/blogdofarnesio.com.br\\\/?p=299184#primaryimage\"},\"thumbnailUrl\":\"https:\\\/\\\/blogdofarnesio.com.br\\\/wp-content\\\/uploads\\\/2021\\\/11\\\/Social-ate-Voce-05.11-e1636113449327.jpg\",\"datePublished\":\"2021-11-05T14:25:41+00:00\",\"breadcrumb\":{\"@id\":\"https:\\\/\\\/blogdofarnesio.com.br\\\/?p=299184#breadcrumb\"},\"inLanguage\":\"pt-BR\",\"potentialAction\":[{\"@type\":\"ReadAction\",\"target\":[\"https:\\\/\\\/blogdofarnesio.com.br\\\/?p=299184\"]}]},{\"@type\":\"ImageObject\",\"inLanguage\":\"pt-BR\",\"@id\":\"https:\\\/\\\/blogdofarnesio.com.br\\\/?p=299184#primaryimage\",\"url\":\"https:\\\/\\\/blogdofarnesio.com.br\\\/wp-content\\\/uploads\\\/2021\\\/11\\\/Social-ate-Voce-05.11-e1636113449327.jpg\",\"contentUrl\":\"https:\\\/\\\/blogdofarnesio.com.br\\\/wp-content\\\/uploads\\\/2021\\\/11\\\/Social-ate-Voce-05.11-e1636113449327.jpg\",\"width\":480,\"height\":348},{\"@type\":\"BreadcrumbList\",\"@id\":\"https:\\\/\\\/blogdofarnesio.com.br\\\/?p=299184#breadcrumb\",\"itemListElement\":[{\"@type\":\"ListItem\",\"position\":1,\"name\":\"In\u00edcio\",\"item\":\"https:\\\/\\\/blogdofarnesio.com.br\\\/\"},{\"@type\":\"ListItem\",\"position\":2,\"name\":\"Prefeitura de Juazeiro vai levar servi\u00e7os de cidadania e sa\u00fade para o distrito de Ab\u00f3bora nesta sexta-feira\"}]},{\"@type\":\"WebSite\",\"@id\":\"https:\\\/\\\/blogdofarnesio.com.br\\\/#website\",\"url\":\"https:\\\/\\\/blogdofarnesio.com.br\\\/\",\"name\":\"Blog do Farn\u00e9sio\",\"description\":\"Quer Saber Pol\u00edtica?\",\"publisher\":{\"@id\":\"https:\\\/\\\/blogdofarnesio.com.br\\\/#organization\"},\"potentialAction\":[{\"@type\":\"SearchAction\",\"target\":{\"@type\":\"EntryPoint\",\"urlTemplate\":\"https:\\\/\\\/blogdofarnesio.com.br\\\/?s={search_term_string}\"},\"query-input\":{\"@type\":\"PropertyValueSpecification\",\"valueRequired\":true,\"valueName\":\"search_term_string\"}}],\"inLanguage\":\"pt-BR\"},{\"@type\":\"Organization\",\"@id\":\"https:\\\/\\\/blogdofarnesio.com.br\\\/#organization\",\"name\":\"Blog do Farn\u00e9sio\",\"url\":\"https:\\\/\\\/blogdofarnesio.com.br\\\/\",\"logo\":{\"@type\":\"ImageObject\",\"inLanguage\":\"pt-BR\",\"@id\":\"https:\\\/\\\/blogdofarnesio.com.br\\\/#\\\/schema\\\/logo\\\/image\\\/\",\"url\":\"https:\\\/\\\/blogdofarnesio.com.br\\\/wp-content\\\/uploads\\\/2026\\\/03\\\/cropped-logo_new-1.png\",\"contentUrl\":\"https:\\\/\\\/blogdofarnesio.com.br\\\/wp-content\\\/uploads\\\/2026\\\/03\\\/cropped-logo_new-1.png\",\"width\":881,\"height\":685,\"caption\":\"Blog do Farn\u00e9sio\"},\"image\":{\"@id\":\"https:\\\/\\\/blogdofarnesio.com.br\\\/#\\\/schema\\\/logo\\\/image\\\/\"},\"sameAs\":[\"https:\\\/\\\/www.facebook.com\\\/BlogQuerSaberPolitica\\\/\"]},{\"@type\":\"Person\",\"@id\":\"https:\\\/\\\/blogdofarnesio.com.br\\\/#\\\/schema\\\/person\\\/bb9b23ae3ad0609ce8df7b6c9e76824d\",\"name\":\"Farn\u00e9sio\",\"image\":{\"@type\":\"ImageObject\",\"inLanguage\":\"pt-BR\",\"@id\":\"https:\\\/\\\/secure.gravatar.com\\\/avatar\\\/986aa4c61ccdb66f8555bf88fc2a65609d00bcabd4d2d94377a727547345cbca?s=96&d=mm&r=g\",\"url\":\"https:\\\/\\\/secure.gravatar.com\\\/avatar\\\/986aa4c61ccdb66f8555bf88fc2a65609d00bcabd4d2d94377a727547345cbca?s=96&d=mm&r=g\",\"contentUrl\":\"https:\\\/\\\/secure.gravatar.com\\\/avatar\\\/986aa4c61ccdb66f8555bf88fc2a65609d00bcabd4d2d94377a727547345cbca?s=96&d=mm&r=g\",\"caption\":\"Farn\u00e9sio\"},\"description\":\"Radialista blogueiro, chegou a Petrolina\\\/Juazeiro em setembro de 1980, Farn\u00e9sio Silva \u00e9 de Arapiraca-Alagoas.\",\"sameAs\":[\"http:\\\/\\\/blogdofarnesio.com.br\",\"https:\\\/\\\/www.facebook.com\\\/?ref=tn_tnmn\",\"https:\\\/\\\/www.instagram.com\\\/?utm_source=pwa_homescreen\",\"https:\\\/\\\/youtube.com.br\\\/\"],\"url\":\"https:\\\/\\\/blogdofarnesio.com.br\\\/?author=2\"}]}<\/script>\n<!-- \/ Yoast SEO plugin. -->","yoast_head_json":{"title":"Prefeitura de Juazeiro vai levar servi\u00e7os de cidadania e sa\u00fade para o distrito de Ab\u00f3bora nesta sexta-feira - Blog do Farn\u00e9sio","robots":{"index":"index","follow":"follow","max-snippet":"max-snippet:-1","max-image-preview":"max-image-preview:large","max-video-preview":"max-video-preview:-1"},"canonical":"https:\/\/blogdofarnesio.com.br\/?p=299184","og_locale":"pt_BR","og_type":"article","og_title":"Prefeitura de Juazeiro vai levar servi\u00e7os de cidadania e sa\u00fade para o distrito de Ab\u00f3bora nesta sexta-feira - Blog do Farn\u00e9sio","og_description":"Promovido pela Prefeitura de Juazeiro, atrav\u00e9s da Secretaria de Desenvolvimento Social, Mulher e Diversidade (Sedes) e da Secretaria Municipal de Sa\u00fade (Sesau), o projeto \u2018Social at\u00e9 Voc\u00ea\u2019 vai atender a comunidade de Ab\u00f3bora, nesta sexta-feira (05). Os servi\u00e7os de cidadania e sa\u00fade ser\u00e3o oferecidos, na Escola Municipal Manoel de Souza Bonfim, das 9h \u00e0s 13h. Entre os servi\u00e7os oferecidos, est\u00e3o o atendimento do Cadastro \u00danico, emiss\u00e3o da Carteira do Idoso, atendimento do Centro de Refer\u00eancia da Assist\u00eancia Social (CRAS), do Centro de Refer\u00eancia Especializado em Assist\u00eancia Social (CREAS), do Centro de Refer\u00eancia Especializado para Pessoas em Situa\u00e7\u00e3o de Rua (Centro POP), do Centro Integrado de Atendimento \u00e0 Mulher (CIAM), das Diretorias de Habita\u00e7\u00e3o e Diversidade, al\u00e9m de atividades do programa&hellip;","og_url":"https:\/\/blogdofarnesio.com.br\/?p=299184","og_site_name":"Blog do Farn\u00e9sio","article_publisher":"https:\/\/www.facebook.com\/BlogQuerSaberPolitica\/","article_author":"https:\/\/www.facebook.com\/?ref=tn_tnmn","article_published_time":"2021-11-05T14:25:41+00:00","og_image":[{"width":480,"height":348,"url":"https:\/\/blogdofarnesio.com.br\/wp-content\/uploads\/2021\/11\/Social-ate-Voce-05.11-e1636113449327.jpg","type":"image\/jpeg"}],"author":"Farn\u00e9sio","twitter_card":"summary_large_image","twitter_misc":{"Escrito por":"Farn\u00e9sio","Est. tempo de leitura":"1 minuto"},"schema":{"@context":"https:\/\/schema.org","@graph":[{"@type":"Article","@id":"https:\/\/blogdofarnesio.com.br\/?p=299184#article","isPartOf":{"@id":"https:\/\/blogdofarnesio.com.br\/?p=299184"},"author":{"name":"Farn\u00e9sio","@id":"https:\/\/blogdofarnesio.com.br\/#\/schema\/person\/bb9b23ae3ad0609ce8df7b6c9e76824d"},"headline":"Prefeitura de Juazeiro vai levar servi\u00e7os de cidadania e sa\u00fade para o distrito de Ab\u00f3bora nesta sexta-feira","datePublished":"2021-11-05T14:25:41+00:00","mainEntityOfPage":{"@id":"https:\/\/blogdofarnesio.com.br\/?p=299184"},"wordCount":250,"commentCount":0,"publisher":{"@id":"https:\/\/blogdofarnesio.com.br\/#organization"},"image":{"@id":"https:\/\/blogdofarnesio.com.br\/?p=299184#primaryimage"},"thumbnailUrl":"https:\/\/blogdofarnesio.com.br\/wp-content\/uploads\/2021\/11\/Social-ate-Voce-05.11-e1636113449327.jpg","articleSection":["A\u00e7\u00e3o Social"],"inLanguage":"pt-BR","potentialAction":[{"@type":"CommentAction","name":"Comment","target":["https:\/\/blogdofarnesio.com.br\/?p=299184#respond"]}]},{"@type":"WebPage","@id":"https:\/\/blogdofarnesio.com.br\/?p=299184","url":"https:\/\/blogdofarnesio.com.br\/?p=299184","name":"Prefeitura de Juazeiro vai levar servi\u00e7os de cidadania e sa\u00fade para o distrito de Ab\u00f3bora nesta sexta-feira - Blog do Farn\u00e9sio","isPartOf":{"@id":"https:\/\/blogdofarnesio.com.br\/#website"},"primaryImageOfPage":{"@id":"https:\/\/blogdofarnesio.com.br\/?p=299184#primaryimage"},"image":{"@id":"https:\/\/blogdofarnesio.com.br\/?p=299184#primaryimage"},"thumbnailUrl":"https:\/\/blogdofarnesio.com.br\/wp-content\/uploads\/2021\/11\/Social-ate-Voce-05.11-e1636113449327.jpg","datePublished":"2021-11-05T14:25:41+00:00","breadcrumb":{"@id":"https:\/\/blogdofarnesio.com.br\/?p=299184#breadcrumb"},"inLanguage":"pt-BR","potentialAction":[{"@type":"ReadAction","target":["https:\/\/blogdofarnesio.com.br\/?p=299184"]}]},{"@type":"ImageObject","inLanguage":"pt-BR","@id":"https:\/\/blogdofarnesio.com.br\/?p=299184#primaryimage","url":"https:\/\/blogdofarnesio.com.br\/wp-content\/uploads\/2021\/11\/Social-ate-Voce-05.11-e1636113449327.jpg","contentUrl":"https:\/\/blogdofarnesio.com.br\/wp-content\/uploads\/2021\/11\/Social-ate-Voce-05.11-e1636113449327.jpg","width":480,"height":348},{"@type":"BreadcrumbList","@id":"https:\/\/blogdofarnesio.com.br\/?p=299184#breadcrumb","itemListElement":[{"@type":"ListItem","position":1,"name":"In\u00edcio","item":"https:\/\/blogdofarnesio.com.br\/"},{"@type":"ListItem","position":2,"name":"Prefeitura de Juazeiro vai levar servi\u00e7os de cidadania e sa\u00fade para o distrito de Ab\u00f3bora nesta sexta-feira"}]},{"@type":"WebSite","@id":"https:\/\/blogdofarnesio.com.br\/#website","url":"https:\/\/blogdofarnesio.com.br\/","name":"Blog do Farn\u00e9sio","description":"Quer Saber Pol\u00edtica?","publisher":{"@id":"https:\/\/blogdofarnesio.com.br\/#organization"},"potentialAction":[{"@type":"SearchAction","target":{"@type":"EntryPoint","urlTemplate":"https:\/\/blogdofarnesio.com.br\/?s={search_term_string}"},"query-input":{"@type":"PropertyValueSpecification","valueRequired":true,"valueName":"search_term_string"}}],"inLanguage":"pt-BR"},{"@type":"Organization","@id":"https:\/\/blogdofarnesio.com.br\/#organization","name":"Blog do Farn\u00e9sio","url":"https:\/\/blogdofarnesio.com.br\/","logo":{"@type":"ImageObject","inLanguage":"pt-BR","@id":"https:\/\/blogdofarnesio.com.br\/#\/schema\/logo\/image\/","url":"https:\/\/blogdofarnesio.com.br\/wp-content\/uploads\/2026\/03\/cropped-logo_new-1.png","contentUrl":"https:\/\/blogdofarnesio.com.br\/wp-content\/uploads\/2026\/03\/cropped-logo_new-1.png","width":881,"height":685,"caption":"Blog do Farn\u00e9sio"},"image":{"@id":"https:\/\/blogdofarnesio.com.br\/#\/schema\/logo\/image\/"},"sameAs":["https:\/\/www.facebook.com\/BlogQuerSaberPolitica\/"]},{"@type":"Person","@id":"https:\/\/blogdofarnesio.com.br\/#\/schema\/person\/bb9b23ae3ad0609ce8df7b6c9e76824d","name":"Farn\u00e9sio","image":{"@type":"ImageObject","inLanguage":"pt-BR","@id":"https:\/\/secure.gravatar.com\/avatar\/986aa4c61ccdb66f8555bf88fc2a65609d00bcabd4d2d94377a727547345cbca?s=96&d=mm&r=g","url":"https:\/\/secure.gravatar.com\/avatar\/986aa4c61ccdb66f8555bf88fc2a65609d00bcabd4d2d94377a727547345cbca?s=96&d=mm&r=g","contentUrl":"https:\/\/secure.gravatar.com\/avatar\/986aa4c61ccdb66f8555bf88fc2a65609d00bcabd4d2d94377a727547345cbca?s=96&d=mm&r=g","caption":"Farn\u00e9sio"},"description":"Radialista blogueiro, chegou a Petrolina\/Juazeiro em setembro de 1980, Farn\u00e9sio Silva \u00e9 de Arapiraca-Alagoas.","sameAs":["http:\/\/blogdofarnesio.com.br","https:\/\/www.facebook.com\/?ref=tn_tnmn","https:\/\/www.instagram.com\/?utm_source=pwa_homescreen","https:\/\/youtube.com.br\/"],"url":"https:\/\/blogdofarnesio.com.br\/?author=2"}]}},"_links":{"self":[{"href":"https:\/\/blogdofarnesio.com.br\/index.php?rest_route=\/wp\/v2\/posts\/299184","targetHints":{"allow":["GET"]}}],"collection":[{"href":"https:\/\/blogdofarnesio.com.br\/index.php?rest_route=\/wp\/v2\/posts"}],"about":[{"href":"https:\/\/blogdofarnesio.com.br\/index.php?rest_route=\/wp\/v2\/types\/post"}],"author":[{"embeddable":true,"href":"https:\/\/blogdofarnesio.com.br\/index.php?rest_route=\/wp\/v2\/users\/2"}],"replies":[{"embeddable":true,"href":"https:\/\/blogdofarnesio.com.br\/index.php?rest_route=%2Fwp%2Fv2%2Fcomments&post=299184"}],"version-history":[{"count":0,"href":"https:\/\/blogdofarnesio.com.br\/index.php?rest_route=\/wp\/v2\/posts\/299184\/revisions"}],"wp:featuredmedia":[{"embeddable":true,"href":"https:\/\/blogdofarnesio.com.br\/index.php?rest_route=\/wp\/v2\/media\/299185"}],"wp:attachment":[{"href":"https:\/\/blogdofarnesio.com.br\/index.php?rest_route=%2Fwp%2Fv2%2Fmedia&parent=299184"}],"wp:term":[{"taxonomy":"category","embeddable":true,"href":"https:\/\/blogdofarnesio.com.br\/index.php?rest_route=%2Fwp%2Fv2%2Fcategories&post=299184"},{"taxonomy":"post_tag","embeddable":true,"href":"https:\/\/blogdofarnesio.com.br\/index.php?rest_route=%2Fwp%2Fv2%2Ftags&post=299184"}],"curies":[{"name":"wp","href":"https:\/\/api.w.org\/{rel}","templated":true}]}}