{"id":299172,"date":"2021-11-03T15:43:40","date_gmt":"2021-11-03T18:43:40","guid":{"rendered":"https:\/\/blogdofarnesio.com.br\/?p=299172"},"modified":"2021-11-03T14:34:00","modified_gmt":"2021-11-03T17:34:00","slug":"vacina-em-spray-e-vacinacao-de-criancas-a-partir-de-5-anos","status":"publish","type":"post","link":"https:\/\/blogdofarnesio.com.br\/?p=299172","title":{"rendered":"VACINA EM SPRAY E VACINA\u00c7\u00c3O DE CRIAN\u00c7AS A PARTIR DE 5 ANOS"},"content":{"rendered":"<p>At\u00e9 o momento, a pandemia do novo coronav\u00edrus j\u00e1 deixou\u00a0<strong>247.714.877<\/strong>\u00a0contaminados e\u00a0<strong>5.016.468<\/strong>\u00a0mortos no mundo. No Brasil s\u00e3o\u00a0<strong>21.821.124<\/strong>\u00a0contaminados e\u00a0<strong>608.071<\/strong>\u00a0mortos. Os dados s\u00e3o da Universidade Johns Hopkins.<\/p>\n<p>O n\u00famero de doses de vacina aplicadas no planeta chegou a\u00a0<strong>7,12 bilh\u00f5es<\/strong>. No Brasil s\u00e3o\u00a0<strong>280.070.562<\/strong>\u00a0de unidades administradas. Os dados s\u00e3o da Bloomberg (mundial) e de VEJA (nacional)<\/p>\n<p><strong>VACINA NAS CRIAN\u00c7AS<\/strong><\/p>\n<p>Os Estados Unidos aprovaram o uso da vacina contra a Covid-19 da Pfizer em\u00a0<a href=\"http:\/\/r.emailabril.com.br\/mk\/cl\/f\/Kbve_ntz24bf0qe_3h4evsSZKg-0cYMVTZaGVwBr0EeccdWxF2ePb-G4blj730JScCgkiDyy2HG0PNxKifgEQiYw5YmZaN5Co3VpcPwDGuOVVUDnkX9gxG08ymmodGkT5FJk5fv2EmC-EQqbdIjN3tbdvFA9a9APcD2hHCyQRUx0VGxIIXgQ_hDWeVlRuOixeWzu5W_MRuqauaUXJ7HxnxtpJLzOduuSkZmN65neivT9kddCkvsKKAVi1Nk6_U2KB1evIIvAS_viB1lNIet2F-A50GEblK2GA3Xd_G3rSQ\" target=\"_blank\" rel=\"noopener\" data-saferedirecturl=\"https:\/\/www.google.com\/url?q=http:\/\/r.emailabril.com.br\/mk\/cl\/f\/Kbve_ntz24bf0qe_3h4evsSZKg-0cYMVTZaGVwBr0EeccdWxF2ePb-G4blj730JScCgkiDyy2HG0PNxKifgEQiYw5YmZaN5Co3VpcPwDGuOVVUDnkX9gxG08ymmodGkT5FJk5fv2EmC-EQqbdIjN3tbdvFA9a9APcD2hHCyQRUx0VGxIIXgQ_hDWeVlRuOixeWzu5W_MRuqauaUXJ7HxnxtpJLzOduuSkZmN65neivT9kddCkvsKKAVi1Nk6_U2KB1evIIvAS_viB1lNIet2F-A50GEblK2GA3Xd_G3rSQ&amp;source=gmail&amp;ust=1636031486443000&amp;usg=AFQjCNHLLtwgQcFyhw2ET-sgALOIuMSuTA\"><strong>crian\u00e7as a partir de 5 anos<\/strong><\/a>. O aval veio depois do sinal verde do Centro de Controle e Preven\u00e7\u00e3o de Doen\u00e7as e da FDA, a ag\u00eancia que regula medicamentos no pa\u00eds. A imuniza\u00e7\u00e3o desse p\u00fablico deve come\u00e7ar na pr\u00f3xima segunda-feira. Os EUA estimam que 28 milh\u00f5es de crian\u00e7as nessa faixa et\u00e1ria sejam vacinadas.<\/p>\n<p><strong>SPRAY DE VACINA<\/strong><\/p>\n<p>O imunizante\u00a0<a href=\"http:\/\/r.emailabril.com.br\/mk\/cl\/f\/Dtnj3NIu3qeIP1p653eq6242Xkt_KP7QuQLFuRBxYMjci6Fi0TisMFL_h1tD3B2mVYHMOB1zkJi2BhoFBiE6JsT10pso9Ng6Mu-GgpIqn9x5OivnIMYD8fvd1mbfUaiVODnXrsUlpLCWNTk7DmuxrXhZDTL9FqO7fWO2-ymOGRVOYVYkXmt09FfX9Qs53NB1sxGYKLliqCRc6BK2RdzO7ufiK0N72xd5kqTUJ9YpXCE3kS7XRotZs0wPLWGbeXp7rHAxegmBaBy4OKAik713HDNEXnAA7DCjWStQmYo\" target=\"_blank\" rel=\"noopener\" data-saferedirecturl=\"https:\/\/www.google.com\/url?q=http:\/\/r.emailabril.com.br\/mk\/cl\/f\/Dtnj3NIu3qeIP1p653eq6242Xkt_KP7QuQLFuRBxYMjci6Fi0TisMFL_h1tD3B2mVYHMOB1zkJi2BhoFBiE6JsT10pso9Ng6Mu-GgpIqn9x5OivnIMYD8fvd1mbfUaiVODnXrsUlpLCWNTk7DmuxrXhZDTL9FqO7fWO2-ymOGRVOYVYkXmt09FfX9Qs53NB1sxGYKLliqCRc6BK2RdzO7ufiK0N72xd5kqTUJ9YpXCE3kS7XRotZs0wPLWGbeXp7rHAxegmBaBy4OKAik713HDNEXnAA7DCjWStQmYo&amp;source=gmail&amp;ust=1636031486444000&amp;usg=AFQjCNG26bLtejnFhFpVJIMIaf4NTa1B5Q\"><strong>em spray<\/strong><\/a>\u00a0contra a Covid-19, desenvolvido pelo Instituto do Cora\u00e7\u00e3o (InCor), da Universidade de S\u00e3o Paulo (USP), pode chegar ao mercado em 2023. O estudo aguarda no momento a autoriza\u00e7\u00e3o da Ag\u00eancia Nacional de Vigil\u00e2ncia Sanit\u00e1ria para o in\u00edcio dos testes cl\u00ednicos com volunt\u00e1rios. Em ensaios preliminares, a vacina em spray apresentou uma resposta imunol\u00f3gica significativa<\/p>\n","protected":false},"excerpt":{"rendered":"<p>At\u00e9 o momento, a pandemia do novo coronav\u00edrus j\u00e1 deixou\u00a0247.714.877\u00a0contaminados e\u00a05.016.468\u00a0mortos no mundo. No Brasil s\u00e3o\u00a021.821.124\u00a0contaminados e\u00a0608.071\u00a0mortos. Os dados s\u00e3o da Universidade Johns Hopkins. O n\u00famero de doses de vacina aplicadas no planeta chegou a\u00a07,12 bilh\u00f5es. No Brasil s\u00e3o\u00a0280.070.562\u00a0de unidades administradas. Os dados s\u00e3o da Bloomberg (mundial) e de VEJA (nacional) VACINA NAS CRIAN\u00c7AS Os Estados Unidos aprovaram o uso da vacina contra a Covid-19 da Pfizer em\u00a0crian\u00e7as a partir de 5 anos. O aval veio depois do sinal verde do Centro de Controle e Preven\u00e7\u00e3o de Doen\u00e7as e da FDA, a ag\u00eancia que regula medicamentos no pa\u00eds. A imuniza\u00e7\u00e3o desse p\u00fablico deve come\u00e7ar na pr\u00f3xima segunda-feira. Os EUA estimam que 28 milh\u00f5es de crian\u00e7as nessa faixa et\u00e1ria sejam vacinadas.&hellip; <\/p>\n","protected":false},"author":2,"featured_media":279605,"comment_status":"open","ping_status":"open","sticky":false,"template":"","format":"standard","meta":{"_acf_changed":false,"footnotes":""},"categories":[4],"tags":[],"class_list":["post-299172","post","type-post","status-publish","format-standard","has-post-thumbnail","hentry","category-saude"],"acf":[],"yoast_head":"<!-- This site is optimized with the Yoast SEO plugin v27.4 - https:\/\/yoast.com\/product\/yoast-seo-wordpress\/ -->\n<title>VACINA EM SPRAY E VACINA\u00c7\u00c3O DE CRIAN\u00c7AS A PARTIR DE 5 ANOS - Blog do Farn\u00e9sio<\/title>\n<meta name=\"robots\" content=\"index, follow, max-snippet:-1, max-image-preview:large, max-video-preview:-1\" \/>\n<link rel=\"canonical\" href=\"https:\/\/blogdofarnesio.com.br\/?p=299172\" \/>\n<meta property=\"og:locale\" content=\"pt_BR\" \/>\n<meta property=\"og:type\" content=\"article\" \/>\n<meta property=\"og:title\" content=\"VACINA EM SPRAY E VACINA\u00c7\u00c3O DE CRIAN\u00c7AS A PARTIR DE 5 ANOS - Blog do Farn\u00e9sio\" \/>\n<meta property=\"og:description\" content=\"At\u00e9 o momento, a pandemia do novo coronav\u00edrus j\u00e1 deixou\u00a0247.714.877\u00a0contaminados e\u00a05.016.468\u00a0mortos no mundo. No Brasil s\u00e3o\u00a021.821.124\u00a0contaminados e\u00a0608.071\u00a0mortos. Os dados s\u00e3o da Universidade Johns Hopkins. O n\u00famero de doses de vacina aplicadas no planeta chegou a\u00a07,12 bilh\u00f5es. No Brasil s\u00e3o\u00a0280.070.562\u00a0de unidades administradas. Os dados s\u00e3o da Bloomberg (mundial) e de VEJA (nacional) VACINA NAS CRIAN\u00c7AS Os Estados Unidos aprovaram o uso da vacina contra a Covid-19 da Pfizer em\u00a0crian\u00e7as a partir de 5 anos. O aval veio depois do sinal verde do Centro de Controle e Preven\u00e7\u00e3o de Doen\u00e7as e da FDA, a ag\u00eancia que regula medicamentos no pa\u00eds. A imuniza\u00e7\u00e3o desse p\u00fablico deve come\u00e7ar na pr\u00f3xima segunda-feira. Os EUA estimam que 28 milh\u00f5es de crian\u00e7as nessa faixa et\u00e1ria sejam vacinadas.&hellip;\" \/>\n<meta property=\"og:url\" content=\"https:\/\/blogdofarnesio.com.br\/?p=299172\" \/>\n<meta property=\"og:site_name\" content=\"Blog do Farn\u00e9sio\" \/>\n<meta property=\"article:publisher\" content=\"https:\/\/www.facebook.com\/BlogQuerSaberPolitica\/\" \/>\n<meta property=\"article:author\" content=\"https:\/\/www.facebook.com\/?ref=tn_tnmn\" \/>\n<meta property=\"article:published_time\" content=\"2021-11-03T18:43:40+00:00\" \/>\n<meta property=\"og:image\" content=\"https:\/\/blogdofarnesio.com.br\/wp-content\/uploads\/2021\/02\/blogqspvacina-pfizer.jpg\" \/>\n\t<meta property=\"og:image:width\" content=\"503\" \/>\n\t<meta property=\"og:image:height\" content=\"400\" \/>\n\t<meta property=\"og:image:type\" content=\"image\/jpeg\" \/>\n<meta name=\"author\" content=\"Farn\u00e9sio\" \/>\n<meta name=\"twitter:card\" content=\"summary_large_image\" \/>\n<meta name=\"twitter:label1\" content=\"Escrito por\" \/>\n\t<meta name=\"twitter:data1\" content=\"Farn\u00e9sio\" \/>\n\t<meta name=\"twitter:label2\" content=\"Est. tempo de leitura\" \/>\n\t<meta name=\"twitter:data2\" content=\"1 minuto\" \/>\n<script type=\"application\/ld+json\" class=\"yoast-schema-graph\">{\"@context\":\"https:\\\/\\\/schema.org\",\"@graph\":[{\"@type\":\"Article\",\"@id\":\"https:\\\/\\\/blogdofarnesio.com.br\\\/?p=299172#article\",\"isPartOf\":{\"@id\":\"https:\\\/\\\/blogdofarnesio.com.br\\\/?p=299172\"},\"author\":{\"name\":\"Farn\u00e9sio\",\"@id\":\"https:\\\/\\\/blogdofarnesio.com.br\\\/#\\\/schema\\\/person\\\/bb9b23ae3ad0609ce8df7b6c9e76824d\"},\"headline\":\"VACINA EM SPRAY E VACINA\u00c7\u00c3O DE CRIAN\u00c7AS A PARTIR DE 5 ANOS\",\"datePublished\":\"2021-11-03T18:43:40+00:00\",\"mainEntityOfPage\":{\"@id\":\"https:\\\/\\\/blogdofarnesio.com.br\\\/?p=299172\"},\"wordCount\":227,\"commentCount\":0,\"publisher\":{\"@id\":\"https:\\\/\\\/blogdofarnesio.com.br\\\/#organization\"},\"image\":{\"@id\":\"https:\\\/\\\/blogdofarnesio.com.br\\\/?p=299172#primaryimage\"},\"thumbnailUrl\":\"https:\\\/\\\/blogdofarnesio.com.br\\\/wp-content\\\/uploads\\\/2021\\\/02\\\/blogqspvacina-pfizer.jpg\",\"articleSection\":[\"Sa\u00fade\"],\"inLanguage\":\"pt-BR\",\"potentialAction\":[{\"@type\":\"CommentAction\",\"name\":\"Comment\",\"target\":[\"https:\\\/\\\/blogdofarnesio.com.br\\\/?p=299172#respond\"]}]},{\"@type\":\"WebPage\",\"@id\":\"https:\\\/\\\/blogdofarnesio.com.br\\\/?p=299172\",\"url\":\"https:\\\/\\\/blogdofarnesio.com.br\\\/?p=299172\",\"name\":\"VACINA EM SPRAY E VACINA\u00c7\u00c3O DE CRIAN\u00c7AS A PARTIR DE 5 ANOS - Blog do Farn\u00e9sio\",\"isPartOf\":{\"@id\":\"https:\\\/\\\/blogdofarnesio.com.br\\\/#website\"},\"primaryImageOfPage\":{\"@id\":\"https:\\\/\\\/blogdofarnesio.com.br\\\/?p=299172#primaryimage\"},\"image\":{\"@id\":\"https:\\\/\\\/blogdofarnesio.com.br\\\/?p=299172#primaryimage\"},\"thumbnailUrl\":\"https:\\\/\\\/blogdofarnesio.com.br\\\/wp-content\\\/uploads\\\/2021\\\/02\\\/blogqspvacina-pfizer.jpg\",\"datePublished\":\"2021-11-03T18:43:40+00:00\",\"breadcrumb\":{\"@id\":\"https:\\\/\\\/blogdofarnesio.com.br\\\/?p=299172#breadcrumb\"},\"inLanguage\":\"pt-BR\",\"potentialAction\":[{\"@type\":\"ReadAction\",\"target\":[\"https:\\\/\\\/blogdofarnesio.com.br\\\/?p=299172\"]}]},{\"@type\":\"ImageObject\",\"inLanguage\":\"pt-BR\",\"@id\":\"https:\\\/\\\/blogdofarnesio.com.br\\\/?p=299172#primaryimage\",\"url\":\"https:\\\/\\\/blogdofarnesio.com.br\\\/wp-content\\\/uploads\\\/2021\\\/02\\\/blogqspvacina-pfizer.jpg\",\"contentUrl\":\"https:\\\/\\\/blogdofarnesio.com.br\\\/wp-content\\\/uploads\\\/2021\\\/02\\\/blogqspvacina-pfizer.jpg\",\"width\":503,\"height\":400,\"caption\":\"An illustration picture shows vials with Covid-19 Vaccine stickers attached, with the logo of US pharmaceutical company Pfizer, on November 17, 2020. (Photo by JUSTIN TALLIS \\\/ AFP)\"},{\"@type\":\"BreadcrumbList\",\"@id\":\"https:\\\/\\\/blogdofarnesio.com.br\\\/?p=299172#breadcrumb\",\"itemListElement\":[{\"@type\":\"ListItem\",\"position\":1,\"name\":\"In\u00edcio\",\"item\":\"https:\\\/\\\/blogdofarnesio.com.br\\\/\"},{\"@type\":\"ListItem\",\"position\":2,\"name\":\"VACINA EM SPRAY E VACINA\u00c7\u00c3O DE CRIAN\u00c7AS A PARTIR DE 5 ANOS\"}]},{\"@type\":\"WebSite\",\"@id\":\"https:\\\/\\\/blogdofarnesio.com.br\\\/#website\",\"url\":\"https:\\\/\\\/blogdofarnesio.com.br\\\/\",\"name\":\"Blog do Farn\u00e9sio\",\"description\":\"Quer Saber Pol\u00edtica?\",\"publisher\":{\"@id\":\"https:\\\/\\\/blogdofarnesio.com.br\\\/#organization\"},\"potentialAction\":[{\"@type\":\"SearchAction\",\"target\":{\"@type\":\"EntryPoint\",\"urlTemplate\":\"https:\\\/\\\/blogdofarnesio.com.br\\\/?s={search_term_string}\"},\"query-input\":{\"@type\":\"PropertyValueSpecification\",\"valueRequired\":true,\"valueName\":\"search_term_string\"}}],\"inLanguage\":\"pt-BR\"},{\"@type\":\"Organization\",\"@id\":\"https:\\\/\\\/blogdofarnesio.com.br\\\/#organization\",\"name\":\"Blog do Farn\u00e9sio\",\"url\":\"https:\\\/\\\/blogdofarnesio.com.br\\\/\",\"logo\":{\"@type\":\"ImageObject\",\"inLanguage\":\"pt-BR\",\"@id\":\"https:\\\/\\\/blogdofarnesio.com.br\\\/#\\\/schema\\\/logo\\\/image\\\/\",\"url\":\"https:\\\/\\\/blogdofarnesio.com.br\\\/wp-content\\\/uploads\\\/2026\\\/03\\\/cropped-logo_new-1.png\",\"contentUrl\":\"https:\\\/\\\/blogdofarnesio.com.br\\\/wp-content\\\/uploads\\\/2026\\\/03\\\/cropped-logo_new-1.png\",\"width\":881,\"height\":685,\"caption\":\"Blog do Farn\u00e9sio\"},\"image\":{\"@id\":\"https:\\\/\\\/blogdofarnesio.com.br\\\/#\\\/schema\\\/logo\\\/image\\\/\"},\"sameAs\":[\"https:\\\/\\\/www.facebook.com\\\/BlogQuerSaberPolitica\\\/\"]},{\"@type\":\"Person\",\"@id\":\"https:\\\/\\\/blogdofarnesio.com.br\\\/#\\\/schema\\\/person\\\/bb9b23ae3ad0609ce8df7b6c9e76824d\",\"name\":\"Farn\u00e9sio\",\"image\":{\"@type\":\"ImageObject\",\"inLanguage\":\"pt-BR\",\"@id\":\"https:\\\/\\\/secure.gravatar.com\\\/avatar\\\/986aa4c61ccdb66f8555bf88fc2a65609d00bcabd4d2d94377a727547345cbca?s=96&d=mm&r=g\",\"url\":\"https:\\\/\\\/secure.gravatar.com\\\/avatar\\\/986aa4c61ccdb66f8555bf88fc2a65609d00bcabd4d2d94377a727547345cbca?s=96&d=mm&r=g\",\"contentUrl\":\"https:\\\/\\\/secure.gravatar.com\\\/avatar\\\/986aa4c61ccdb66f8555bf88fc2a65609d00bcabd4d2d94377a727547345cbca?s=96&d=mm&r=g\",\"caption\":\"Farn\u00e9sio\"},\"description\":\"Radialista blogueiro, chegou a Petrolina\\\/Juazeiro em setembro de 1980, Farn\u00e9sio Silva \u00e9 de Arapiraca-Alagoas.\",\"sameAs\":[\"http:\\\/\\\/blogdofarnesio.com.br\",\"https:\\\/\\\/www.facebook.com\\\/?ref=tn_tnmn\",\"https:\\\/\\\/www.instagram.com\\\/?utm_source=pwa_homescreen\",\"https:\\\/\\\/youtube.com.br\\\/\"],\"url\":\"https:\\\/\\\/blogdofarnesio.com.br\\\/?author=2\"}]}<\/script>\n<!-- \/ Yoast SEO plugin. -->","yoast_head_json":{"title":"VACINA EM SPRAY E VACINA\u00c7\u00c3O DE CRIAN\u00c7AS A PARTIR DE 5 ANOS - Blog do Farn\u00e9sio","robots":{"index":"index","follow":"follow","max-snippet":"max-snippet:-1","max-image-preview":"max-image-preview:large","max-video-preview":"max-video-preview:-1"},"canonical":"https:\/\/blogdofarnesio.com.br\/?p=299172","og_locale":"pt_BR","og_type":"article","og_title":"VACINA EM SPRAY E VACINA\u00c7\u00c3O DE CRIAN\u00c7AS A PARTIR DE 5 ANOS - Blog do Farn\u00e9sio","og_description":"At\u00e9 o momento, a pandemia do novo coronav\u00edrus j\u00e1 deixou\u00a0247.714.877\u00a0contaminados e\u00a05.016.468\u00a0mortos no mundo. No Brasil s\u00e3o\u00a021.821.124\u00a0contaminados e\u00a0608.071\u00a0mortos. Os dados s\u00e3o da Universidade Johns Hopkins. O n\u00famero de doses de vacina aplicadas no planeta chegou a\u00a07,12 bilh\u00f5es. No Brasil s\u00e3o\u00a0280.070.562\u00a0de unidades administradas. Os dados s\u00e3o da Bloomberg (mundial) e de VEJA (nacional) VACINA NAS CRIAN\u00c7AS Os Estados Unidos aprovaram o uso da vacina contra a Covid-19 da Pfizer em\u00a0crian\u00e7as a partir de 5 anos. O aval veio depois do sinal verde do Centro de Controle e Preven\u00e7\u00e3o de Doen\u00e7as e da FDA, a ag\u00eancia que regula medicamentos no pa\u00eds. A imuniza\u00e7\u00e3o desse p\u00fablico deve come\u00e7ar na pr\u00f3xima segunda-feira. Os EUA estimam que 28 milh\u00f5es de crian\u00e7as nessa faixa et\u00e1ria sejam vacinadas.&hellip;","og_url":"https:\/\/blogdofarnesio.com.br\/?p=299172","og_site_name":"Blog do Farn\u00e9sio","article_publisher":"https:\/\/www.facebook.com\/BlogQuerSaberPolitica\/","article_author":"https:\/\/www.facebook.com\/?ref=tn_tnmn","article_published_time":"2021-11-03T18:43:40+00:00","og_image":[{"width":503,"height":400,"url":"https:\/\/blogdofarnesio.com.br\/wp-content\/uploads\/2021\/02\/blogqspvacina-pfizer.jpg","type":"image\/jpeg"}],"author":"Farn\u00e9sio","twitter_card":"summary_large_image","twitter_misc":{"Escrito por":"Farn\u00e9sio","Est. tempo de leitura":"1 minuto"},"schema":{"@context":"https:\/\/schema.org","@graph":[{"@type":"Article","@id":"https:\/\/blogdofarnesio.com.br\/?p=299172#article","isPartOf":{"@id":"https:\/\/blogdofarnesio.com.br\/?p=299172"},"author":{"name":"Farn\u00e9sio","@id":"https:\/\/blogdofarnesio.com.br\/#\/schema\/person\/bb9b23ae3ad0609ce8df7b6c9e76824d"},"headline":"VACINA EM SPRAY E VACINA\u00c7\u00c3O DE CRIAN\u00c7AS A PARTIR DE 5 ANOS","datePublished":"2021-11-03T18:43:40+00:00","mainEntityOfPage":{"@id":"https:\/\/blogdofarnesio.com.br\/?p=299172"},"wordCount":227,"commentCount":0,"publisher":{"@id":"https:\/\/blogdofarnesio.com.br\/#organization"},"image":{"@id":"https:\/\/blogdofarnesio.com.br\/?p=299172#primaryimage"},"thumbnailUrl":"https:\/\/blogdofarnesio.com.br\/wp-content\/uploads\/2021\/02\/blogqspvacina-pfizer.jpg","articleSection":["Sa\u00fade"],"inLanguage":"pt-BR","potentialAction":[{"@type":"CommentAction","name":"Comment","target":["https:\/\/blogdofarnesio.com.br\/?p=299172#respond"]}]},{"@type":"WebPage","@id":"https:\/\/blogdofarnesio.com.br\/?p=299172","url":"https:\/\/blogdofarnesio.com.br\/?p=299172","name":"VACINA EM SPRAY E VACINA\u00c7\u00c3O DE CRIAN\u00c7AS A PARTIR DE 5 ANOS - Blog do Farn\u00e9sio","isPartOf":{"@id":"https:\/\/blogdofarnesio.com.br\/#website"},"primaryImageOfPage":{"@id":"https:\/\/blogdofarnesio.com.br\/?p=299172#primaryimage"},"image":{"@id":"https:\/\/blogdofarnesio.com.br\/?p=299172#primaryimage"},"thumbnailUrl":"https:\/\/blogdofarnesio.com.br\/wp-content\/uploads\/2021\/02\/blogqspvacina-pfizer.jpg","datePublished":"2021-11-03T18:43:40+00:00","breadcrumb":{"@id":"https:\/\/blogdofarnesio.com.br\/?p=299172#breadcrumb"},"inLanguage":"pt-BR","potentialAction":[{"@type":"ReadAction","target":["https:\/\/blogdofarnesio.com.br\/?p=299172"]}]},{"@type":"ImageObject","inLanguage":"pt-BR","@id":"https:\/\/blogdofarnesio.com.br\/?p=299172#primaryimage","url":"https:\/\/blogdofarnesio.com.br\/wp-content\/uploads\/2021\/02\/blogqspvacina-pfizer.jpg","contentUrl":"https:\/\/blogdofarnesio.com.br\/wp-content\/uploads\/2021\/02\/blogqspvacina-pfizer.jpg","width":503,"height":400,"caption":"An illustration picture shows vials with Covid-19 Vaccine stickers attached, with the logo of US pharmaceutical company Pfizer, on November 17, 2020. (Photo by JUSTIN TALLIS \/ AFP)"},{"@type":"BreadcrumbList","@id":"https:\/\/blogdofarnesio.com.br\/?p=299172#breadcrumb","itemListElement":[{"@type":"ListItem","position":1,"name":"In\u00edcio","item":"https:\/\/blogdofarnesio.com.br\/"},{"@type":"ListItem","position":2,"name":"VACINA EM SPRAY E VACINA\u00c7\u00c3O DE CRIAN\u00c7AS A PARTIR DE 5 ANOS"}]},{"@type":"WebSite","@id":"https:\/\/blogdofarnesio.com.br\/#website","url":"https:\/\/blogdofarnesio.com.br\/","name":"Blog do Farn\u00e9sio","description":"Quer Saber Pol\u00edtica?","publisher":{"@id":"https:\/\/blogdofarnesio.com.br\/#organization"},"potentialAction":[{"@type":"SearchAction","target":{"@type":"EntryPoint","urlTemplate":"https:\/\/blogdofarnesio.com.br\/?s={search_term_string}"},"query-input":{"@type":"PropertyValueSpecification","valueRequired":true,"valueName":"search_term_string"}}],"inLanguage":"pt-BR"},{"@type":"Organization","@id":"https:\/\/blogdofarnesio.com.br\/#organization","name":"Blog do Farn\u00e9sio","url":"https:\/\/blogdofarnesio.com.br\/","logo":{"@type":"ImageObject","inLanguage":"pt-BR","@id":"https:\/\/blogdofarnesio.com.br\/#\/schema\/logo\/image\/","url":"https:\/\/blogdofarnesio.com.br\/wp-content\/uploads\/2026\/03\/cropped-logo_new-1.png","contentUrl":"https:\/\/blogdofarnesio.com.br\/wp-content\/uploads\/2026\/03\/cropped-logo_new-1.png","width":881,"height":685,"caption":"Blog do Farn\u00e9sio"},"image":{"@id":"https:\/\/blogdofarnesio.com.br\/#\/schema\/logo\/image\/"},"sameAs":["https:\/\/www.facebook.com\/BlogQuerSaberPolitica\/"]},{"@type":"Person","@id":"https:\/\/blogdofarnesio.com.br\/#\/schema\/person\/bb9b23ae3ad0609ce8df7b6c9e76824d","name":"Farn\u00e9sio","image":{"@type":"ImageObject","inLanguage":"pt-BR","@id":"https:\/\/secure.gravatar.com\/avatar\/986aa4c61ccdb66f8555bf88fc2a65609d00bcabd4d2d94377a727547345cbca?s=96&d=mm&r=g","url":"https:\/\/secure.gravatar.com\/avatar\/986aa4c61ccdb66f8555bf88fc2a65609d00bcabd4d2d94377a727547345cbca?s=96&d=mm&r=g","contentUrl":"https:\/\/secure.gravatar.com\/avatar\/986aa4c61ccdb66f8555bf88fc2a65609d00bcabd4d2d94377a727547345cbca?s=96&d=mm&r=g","caption":"Farn\u00e9sio"},"description":"Radialista blogueiro, chegou a Petrolina\/Juazeiro em setembro de 1980, Farn\u00e9sio Silva \u00e9 de Arapiraca-Alagoas.","sameAs":["http:\/\/blogdofarnesio.com.br","https:\/\/www.facebook.com\/?ref=tn_tnmn","https:\/\/www.instagram.com\/?utm_source=pwa_homescreen","https:\/\/youtube.com.br\/"],"url":"https:\/\/blogdofarnesio.com.br\/?author=2"}]}},"_links":{"self":[{"href":"https:\/\/blogdofarnesio.com.br\/index.php?rest_route=\/wp\/v2\/posts\/299172","targetHints":{"allow":["GET"]}}],"collection":[{"href":"https:\/\/blogdofarnesio.com.br\/index.php?rest_route=\/wp\/v2\/posts"}],"about":[{"href":"https:\/\/blogdofarnesio.com.br\/index.php?rest_route=\/wp\/v2\/types\/post"}],"author":[{"embeddable":true,"href":"https:\/\/blogdofarnesio.com.br\/index.php?rest_route=\/wp\/v2\/users\/2"}],"replies":[{"embeddable":true,"href":"https:\/\/blogdofarnesio.com.br\/index.php?rest_route=%2Fwp%2Fv2%2Fcomments&post=299172"}],"version-history":[{"count":0,"href":"https:\/\/blogdofarnesio.com.br\/index.php?rest_route=\/wp\/v2\/posts\/299172\/revisions"}],"wp:featuredmedia":[{"embeddable":true,"href":"https:\/\/blogdofarnesio.com.br\/index.php?rest_route=\/wp\/v2\/media\/279605"}],"wp:attachment":[{"href":"https:\/\/blogdofarnesio.com.br\/index.php?rest_route=%2Fwp%2Fv2%2Fmedia&parent=299172"}],"wp:term":[{"taxonomy":"category","embeddable":true,"href":"https:\/\/blogdofarnesio.com.br\/index.php?rest_route=%2Fwp%2Fv2%2Fcategories&post=299172"},{"taxonomy":"post_tag","embeddable":true,"href":"https:\/\/blogdofarnesio.com.br\/index.php?rest_route=%2Fwp%2Fv2%2Ftags&post=299172"}],"curies":[{"name":"wp","href":"https:\/\/api.w.org\/{rel}","templated":true}]}}