{"id":298997,"date":"2021-10-31T11:30:11","date_gmt":"2021-10-31T14:30:11","guid":{"rendered":"https:\/\/blogdofarnesio.com.br\/?p=298997"},"modified":"2021-10-31T10:02:17","modified_gmt":"2021-10-31T13:02:17","slug":"298997-2","status":"publish","type":"post","link":"https:\/\/blogdofarnesio.com.br\/?p=298997","title":{"rendered":"Semana da Tecnologia apresenta experi\u00eancias exitosas e inovadoras das Escolas Municipais de Petrolina"},"content":{"rendered":"<p>O incentivo para que os alunos desenvolvam interesse pelos estudos \u00e9 um trabalho que vem motivando os professores da rede municipal de Petrolina a buscar novas formas de mediar a constru\u00e7\u00e3o do conhecimento.<\/p>\n<p>Na era digital uma grande &#8220;ferramenta&#8221; tem deixado as aulas mais eficientes e din\u00e2micas no munic\u00edpio, \u00e9 o ensino com a utiliza\u00e7\u00e3o de novas tecnologias, atrav\u00e9s de atividades inovadoras e metodologias ativas realizadas pelos educadores.<\/p>\n<p>Nesse sentido, a Prefeitura de Petrolina, por meio da Secretaria de Educa\u00e7\u00e3o, Cultura e Esportes, promoveu a 10\u00aa Semana da Tecnologia na Educa\u00e7\u00e3o. A a\u00e7\u00e3o teve o objetivo de apresentar as pesquisas e projetos das Universidades da regi\u00e3o (UPE, UNEB, UFPE, UNEB e IF Sert\u00e3o) e as v\u00e1rias experi\u00eancias exitosas dos docentes na perspectiva de uma educa\u00e7\u00e3o 4.0 em Petrolina.<\/p>\n<p>Durante o evento, que foi realizado no formato online atrav\u00e9s do canal no Youtube da Escola do Saber, foi apresentado o projeto \u2018Santa Escuta-Podcas\u2019t, desenvolvido com os alunos da EJA. Os participantes tamb\u00e9m puderam conhecer o trabalho da Escola Municipal Professora Eliete Ara\u00fajo, que elencou as possibilidades de uso de aplicativos virtuais como ferramenta pedag\u00f3gica. O IF Sert\u00e3o tamb\u00e9m compartilhou com a rede o projeto \u2018Empreendedorismo e as Tecnologias digitais na Economia 4.0\u2019, desenvolvido em Escolas Municipais de Petrolina.<\/p>\n<p>Um dos projetos que ganhou destaque durante a Semana de Tecnologia foi o \u201cEletiva Xeque-Mate no Ingl\u00eas: a gamifica\u00e7\u00e3o no desenvolvimento das habilidades comunicativas num modelo interdisciplinar\u201d, realizado com uma das turmas do 8\u00ba ano da Escola de Tempo Integral Juarez Clemente Canejo. Nesse projeto, os alunos aprenderam sobre a import\u00e2ncia do uso de games de modo pedag\u00f3gico, e como um facilitador da aprendizagem, al\u00e9m de algumas ferramentas tecnol\u00f3gicas para cria\u00e7\u00e3o de games com uso da L\u00edngua Inglesa. Ao final do projeto, os jovens criaram objetivos para cada game e produziram, em forma de link, um jogo e gloss\u00e1rio em ingl\u00eas. A produ\u00e7\u00e3o ficou exposta como um portf\u00f3lio num mural padlet.<\/p>\n<p>Para a coordenadora do N\u00facleo de Tecnologia da Secretaria de Educa\u00e7\u00e3o de Petrolina, Arlete Gouveia, o evento foi muito importante por possibilitar, a rede municipal, conhecimento e experi\u00eancias para a constru\u00e7\u00e3o da Educa\u00e7\u00e3o 4.0. \u201c<em>O mundo mudou e com ele o modo de nos relacionarmos com as pessoas e o ambiente tamb\u00e9m. Por isso, \u00e9 importante considerar o papel dos estudantes nesse contexto e o quanto \u00e9 fundamental adotar pr\u00e1ticas inovadoras na educa\u00e7\u00e3o e assim impactar positivamente a aprendizagem e a vida dos alunos na escola. A Prefeitura de Petrolina tem buscado colocar em pr\u00e1tica o projeto de moderniza\u00e7\u00e3o tecnol\u00f3gica na rede municipal, atrav\u00e9s de diversos investimentos visando melhorar ainda mais o \u00cdndice de Desenvolvimento da Educa\u00e7\u00e3o B\u00e1sica<\/em>\u201d, finalizou Arlete.<\/p>\n<p>&nbsp;<\/p>\n","protected":false},"excerpt":{"rendered":"<p>O incentivo para que os alunos desenvolvam interesse pelos estudos \u00e9 um trabalho que vem motivando os professores da rede municipal de Petrolina a buscar novas formas de mediar a constru\u00e7\u00e3o do conhecimento. Na era digital uma grande &#8220;ferramenta&#8221; tem deixado as aulas mais eficientes e din\u00e2micas no munic\u00edpio, \u00e9 o ensino com a utiliza\u00e7\u00e3o de novas tecnologias, atrav\u00e9s de atividades inovadoras e metodologias ativas realizadas pelos educadores. Nesse sentido, a Prefeitura de Petrolina, por meio da Secretaria de Educa\u00e7\u00e3o, Cultura e Esportes, promoveu a 10\u00aa Semana da Tecnologia na Educa\u00e7\u00e3o. A a\u00e7\u00e3o teve o objetivo de apresentar as pesquisas e projetos das Universidades da regi\u00e3o (UPE, UNEB, UFPE, UNEB e IF Sert\u00e3o) e as v\u00e1rias experi\u00eancias exitosas dos docentes&hellip; <\/p>\n","protected":false},"author":2,"featured_media":298998,"comment_status":"open","ping_status":"open","sticky":false,"template":"","format":"standard","meta":{"_acf_changed":false,"footnotes":""},"categories":[35],"tags":[],"class_list":["post-298997","post","type-post","status-publish","format-standard","has-post-thumbnail","hentry","category-ti-internet"],"acf":[],"yoast_head":"<!-- This site is optimized with the Yoast SEO plugin v27.4 - https:\/\/yoast.com\/product\/yoast-seo-wordpress\/ -->\n<title>Semana da Tecnologia apresenta experi\u00eancias exitosas e inovadoras das Escolas Municipais de Petrolina - Blog do Farn\u00e9sio<\/title>\n<meta name=\"robots\" content=\"index, follow, max-snippet:-1, max-image-preview:large, max-video-preview:-1\" \/>\n<link rel=\"canonical\" href=\"https:\/\/blogdofarnesio.com.br\/?p=298997\" \/>\n<meta property=\"og:locale\" content=\"pt_BR\" \/>\n<meta property=\"og:type\" content=\"article\" \/>\n<meta property=\"og:title\" content=\"Semana da Tecnologia apresenta experi\u00eancias exitosas e inovadoras das Escolas Municipais de Petrolina - Blog do Farn\u00e9sio\" \/>\n<meta property=\"og:description\" content=\"O incentivo para que os alunos desenvolvam interesse pelos estudos \u00e9 um trabalho que vem motivando os professores da rede municipal de Petrolina a buscar novas formas de mediar a constru\u00e7\u00e3o do conhecimento. Na era digital uma grande &#8220;ferramenta&#8221; tem deixado as aulas mais eficientes e din\u00e2micas no munic\u00edpio, \u00e9 o ensino com a utiliza\u00e7\u00e3o de novas tecnologias, atrav\u00e9s de atividades inovadoras e metodologias ativas realizadas pelos educadores. Nesse sentido, a Prefeitura de Petrolina, por meio da Secretaria de Educa\u00e7\u00e3o, Cultura e Esportes, promoveu a 10\u00aa Semana da Tecnologia na Educa\u00e7\u00e3o. A a\u00e7\u00e3o teve o objetivo de apresentar as pesquisas e projetos das Universidades da regi\u00e3o (UPE, UNEB, UFPE, UNEB e IF Sert\u00e3o) e as v\u00e1rias experi\u00eancias exitosas dos docentes&hellip;\" \/>\n<meta property=\"og:url\" content=\"https:\/\/blogdofarnesio.com.br\/?p=298997\" \/>\n<meta property=\"og:site_name\" content=\"Blog do Farn\u00e9sio\" \/>\n<meta property=\"article:publisher\" content=\"https:\/\/www.facebook.com\/BlogQuerSaberPolitica\/\" \/>\n<meta property=\"article:author\" content=\"https:\/\/www.facebook.com\/?ref=tn_tnmn\" \/>\n<meta property=\"article:published_time\" content=\"2021-10-31T14:30:11+00:00\" \/>\n<meta property=\"og:image\" content=\"https:\/\/blogdofarnesio.com.br\/wp-content\/uploads\/2021\/10\/semanatecnologia-e1635685182384.jpeg\" \/>\n\t<meta property=\"og:image:width\" content=\"680\" \/>\n\t<meta property=\"og:image:height\" content=\"512\" \/>\n\t<meta property=\"og:image:type\" content=\"image\/jpeg\" \/>\n<meta name=\"author\" content=\"Farn\u00e9sio\" \/>\n<meta name=\"twitter:card\" content=\"summary_large_image\" \/>\n<meta name=\"twitter:label1\" content=\"Escrito por\" \/>\n\t<meta name=\"twitter:data1\" content=\"Farn\u00e9sio\" \/>\n\t<meta name=\"twitter:label2\" content=\"Est. tempo de leitura\" \/>\n\t<meta name=\"twitter:data2\" content=\"2 minutos\" \/>\n<script type=\"application\/ld+json\" class=\"yoast-schema-graph\">{\"@context\":\"https:\\\/\\\/schema.org\",\"@graph\":[{\"@type\":\"Article\",\"@id\":\"https:\\\/\\\/blogdofarnesio.com.br\\\/?p=298997#article\",\"isPartOf\":{\"@id\":\"https:\\\/\\\/blogdofarnesio.com.br\\\/?p=298997\"},\"author\":{\"name\":\"Farn\u00e9sio\",\"@id\":\"https:\\\/\\\/blogdofarnesio.com.br\\\/#\\\/schema\\\/person\\\/bb9b23ae3ad0609ce8df7b6c9e76824d\"},\"headline\":\"Semana da Tecnologia apresenta experi\u00eancias exitosas e inovadoras das Escolas Municipais de Petrolina\",\"datePublished\":\"2021-10-31T14:30:11+00:00\",\"mainEntityOfPage\":{\"@id\":\"https:\\\/\\\/blogdofarnesio.com.br\\\/?p=298997\"},\"wordCount\":490,\"commentCount\":0,\"publisher\":{\"@id\":\"https:\\\/\\\/blogdofarnesio.com.br\\\/#organization\"},\"image\":{\"@id\":\"https:\\\/\\\/blogdofarnesio.com.br\\\/?p=298997#primaryimage\"},\"thumbnailUrl\":\"https:\\\/\\\/blogdofarnesio.com.br\\\/wp-content\\\/uploads\\\/2021\\\/10\\\/semanatecnologia-e1635685182384.jpeg\",\"articleSection\":[\"T.I. (INTERNET)\"],\"inLanguage\":\"pt-BR\",\"potentialAction\":[{\"@type\":\"CommentAction\",\"name\":\"Comment\",\"target\":[\"https:\\\/\\\/blogdofarnesio.com.br\\\/?p=298997#respond\"]}]},{\"@type\":\"WebPage\",\"@id\":\"https:\\\/\\\/blogdofarnesio.com.br\\\/?p=298997\",\"url\":\"https:\\\/\\\/blogdofarnesio.com.br\\\/?p=298997\",\"name\":\"Semana da Tecnologia apresenta experi\u00eancias exitosas e inovadoras das Escolas Municipais de Petrolina - Blog do Farn\u00e9sio\",\"isPartOf\":{\"@id\":\"https:\\\/\\\/blogdofarnesio.com.br\\\/#website\"},\"primaryImageOfPage\":{\"@id\":\"https:\\\/\\\/blogdofarnesio.com.br\\\/?p=298997#primaryimage\"},\"image\":{\"@id\":\"https:\\\/\\\/blogdofarnesio.com.br\\\/?p=298997#primaryimage\"},\"thumbnailUrl\":\"https:\\\/\\\/blogdofarnesio.com.br\\\/wp-content\\\/uploads\\\/2021\\\/10\\\/semanatecnologia-e1635685182384.jpeg\",\"datePublished\":\"2021-10-31T14:30:11+00:00\",\"breadcrumb\":{\"@id\":\"https:\\\/\\\/blogdofarnesio.com.br\\\/?p=298997#breadcrumb\"},\"inLanguage\":\"pt-BR\",\"potentialAction\":[{\"@type\":\"ReadAction\",\"target\":[\"https:\\\/\\\/blogdofarnesio.com.br\\\/?p=298997\"]}]},{\"@type\":\"ImageObject\",\"inLanguage\":\"pt-BR\",\"@id\":\"https:\\\/\\\/blogdofarnesio.com.br\\\/?p=298997#primaryimage\",\"url\":\"https:\\\/\\\/blogdofarnesio.com.br\\\/wp-content\\\/uploads\\\/2021\\\/10\\\/semanatecnologia-e1635685182384.jpeg\",\"contentUrl\":\"https:\\\/\\\/blogdofarnesio.com.br\\\/wp-content\\\/uploads\\\/2021\\\/10\\\/semanatecnologia-e1635685182384.jpeg\",\"width\":680,\"height\":512},{\"@type\":\"BreadcrumbList\",\"@id\":\"https:\\\/\\\/blogdofarnesio.com.br\\\/?p=298997#breadcrumb\",\"itemListElement\":[{\"@type\":\"ListItem\",\"position\":1,\"name\":\"In\u00edcio\",\"item\":\"https:\\\/\\\/blogdofarnesio.com.br\\\/\"},{\"@type\":\"ListItem\",\"position\":2,\"name\":\"Semana da Tecnologia apresenta experi\u00eancias exitosas e inovadoras das Escolas Municipais de Petrolina\"}]},{\"@type\":\"WebSite\",\"@id\":\"https:\\\/\\\/blogdofarnesio.com.br\\\/#website\",\"url\":\"https:\\\/\\\/blogdofarnesio.com.br\\\/\",\"name\":\"Blog do Farn\u00e9sio\",\"description\":\"Quer Saber Pol\u00edtica?\",\"publisher\":{\"@id\":\"https:\\\/\\\/blogdofarnesio.com.br\\\/#organization\"},\"potentialAction\":[{\"@type\":\"SearchAction\",\"target\":{\"@type\":\"EntryPoint\",\"urlTemplate\":\"https:\\\/\\\/blogdofarnesio.com.br\\\/?s={search_term_string}\"},\"query-input\":{\"@type\":\"PropertyValueSpecification\",\"valueRequired\":true,\"valueName\":\"search_term_string\"}}],\"inLanguage\":\"pt-BR\"},{\"@type\":\"Organization\",\"@id\":\"https:\\\/\\\/blogdofarnesio.com.br\\\/#organization\",\"name\":\"Blog do Farn\u00e9sio\",\"url\":\"https:\\\/\\\/blogdofarnesio.com.br\\\/\",\"logo\":{\"@type\":\"ImageObject\",\"inLanguage\":\"pt-BR\",\"@id\":\"https:\\\/\\\/blogdofarnesio.com.br\\\/#\\\/schema\\\/logo\\\/image\\\/\",\"url\":\"https:\\\/\\\/blogdofarnesio.com.br\\\/wp-content\\\/uploads\\\/2026\\\/03\\\/cropped-logo_new-1.png\",\"contentUrl\":\"https:\\\/\\\/blogdofarnesio.com.br\\\/wp-content\\\/uploads\\\/2026\\\/03\\\/cropped-logo_new-1.png\",\"width\":881,\"height\":685,\"caption\":\"Blog do Farn\u00e9sio\"},\"image\":{\"@id\":\"https:\\\/\\\/blogdofarnesio.com.br\\\/#\\\/schema\\\/logo\\\/image\\\/\"},\"sameAs\":[\"https:\\\/\\\/www.facebook.com\\\/BlogQuerSaberPolitica\\\/\"]},{\"@type\":\"Person\",\"@id\":\"https:\\\/\\\/blogdofarnesio.com.br\\\/#\\\/schema\\\/person\\\/bb9b23ae3ad0609ce8df7b6c9e76824d\",\"name\":\"Farn\u00e9sio\",\"image\":{\"@type\":\"ImageObject\",\"inLanguage\":\"pt-BR\",\"@id\":\"https:\\\/\\\/secure.gravatar.com\\\/avatar\\\/986aa4c61ccdb66f8555bf88fc2a65609d00bcabd4d2d94377a727547345cbca?s=96&d=mm&r=g\",\"url\":\"https:\\\/\\\/secure.gravatar.com\\\/avatar\\\/986aa4c61ccdb66f8555bf88fc2a65609d00bcabd4d2d94377a727547345cbca?s=96&d=mm&r=g\",\"contentUrl\":\"https:\\\/\\\/secure.gravatar.com\\\/avatar\\\/986aa4c61ccdb66f8555bf88fc2a65609d00bcabd4d2d94377a727547345cbca?s=96&d=mm&r=g\",\"caption\":\"Farn\u00e9sio\"},\"description\":\"Radialista blogueiro, chegou a Petrolina\\\/Juazeiro em setembro de 1980, Farn\u00e9sio Silva \u00e9 de Arapiraca-Alagoas.\",\"sameAs\":[\"http:\\\/\\\/blogdofarnesio.com.br\",\"https:\\\/\\\/www.facebook.com\\\/?ref=tn_tnmn\",\"https:\\\/\\\/www.instagram.com\\\/?utm_source=pwa_homescreen\",\"https:\\\/\\\/youtube.com.br\\\/\"],\"url\":\"https:\\\/\\\/blogdofarnesio.com.br\\\/?author=2\"}]}<\/script>\n<!-- \/ Yoast SEO plugin. -->","yoast_head_json":{"title":"Semana da Tecnologia apresenta experi\u00eancias exitosas e inovadoras das Escolas Municipais de Petrolina - Blog do Farn\u00e9sio","robots":{"index":"index","follow":"follow","max-snippet":"max-snippet:-1","max-image-preview":"max-image-preview:large","max-video-preview":"max-video-preview:-1"},"canonical":"https:\/\/blogdofarnesio.com.br\/?p=298997","og_locale":"pt_BR","og_type":"article","og_title":"Semana da Tecnologia apresenta experi\u00eancias exitosas e inovadoras das Escolas Municipais de Petrolina - Blog do Farn\u00e9sio","og_description":"O incentivo para que os alunos desenvolvam interesse pelos estudos \u00e9 um trabalho que vem motivando os professores da rede municipal de Petrolina a buscar novas formas de mediar a constru\u00e7\u00e3o do conhecimento. Na era digital uma grande &#8220;ferramenta&#8221; tem deixado as aulas mais eficientes e din\u00e2micas no munic\u00edpio, \u00e9 o ensino com a utiliza\u00e7\u00e3o de novas tecnologias, atrav\u00e9s de atividades inovadoras e metodologias ativas realizadas pelos educadores. Nesse sentido, a Prefeitura de Petrolina, por meio da Secretaria de Educa\u00e7\u00e3o, Cultura e Esportes, promoveu a 10\u00aa Semana da Tecnologia na Educa\u00e7\u00e3o. A a\u00e7\u00e3o teve o objetivo de apresentar as pesquisas e projetos das Universidades da regi\u00e3o (UPE, UNEB, UFPE, UNEB e IF Sert\u00e3o) e as v\u00e1rias experi\u00eancias exitosas dos docentes&hellip;","og_url":"https:\/\/blogdofarnesio.com.br\/?p=298997","og_site_name":"Blog do Farn\u00e9sio","article_publisher":"https:\/\/www.facebook.com\/BlogQuerSaberPolitica\/","article_author":"https:\/\/www.facebook.com\/?ref=tn_tnmn","article_published_time":"2021-10-31T14:30:11+00:00","og_image":[{"width":680,"height":512,"url":"https:\/\/blogdofarnesio.com.br\/wp-content\/uploads\/2021\/10\/semanatecnologia-e1635685182384.jpeg","type":"image\/jpeg"}],"author":"Farn\u00e9sio","twitter_card":"summary_large_image","twitter_misc":{"Escrito por":"Farn\u00e9sio","Est. tempo de leitura":"2 minutos"},"schema":{"@context":"https:\/\/schema.org","@graph":[{"@type":"Article","@id":"https:\/\/blogdofarnesio.com.br\/?p=298997#article","isPartOf":{"@id":"https:\/\/blogdofarnesio.com.br\/?p=298997"},"author":{"name":"Farn\u00e9sio","@id":"https:\/\/blogdofarnesio.com.br\/#\/schema\/person\/bb9b23ae3ad0609ce8df7b6c9e76824d"},"headline":"Semana da Tecnologia apresenta experi\u00eancias exitosas e inovadoras das Escolas Municipais de Petrolina","datePublished":"2021-10-31T14:30:11+00:00","mainEntityOfPage":{"@id":"https:\/\/blogdofarnesio.com.br\/?p=298997"},"wordCount":490,"commentCount":0,"publisher":{"@id":"https:\/\/blogdofarnesio.com.br\/#organization"},"image":{"@id":"https:\/\/blogdofarnesio.com.br\/?p=298997#primaryimage"},"thumbnailUrl":"https:\/\/blogdofarnesio.com.br\/wp-content\/uploads\/2021\/10\/semanatecnologia-e1635685182384.jpeg","articleSection":["T.I. (INTERNET)"],"inLanguage":"pt-BR","potentialAction":[{"@type":"CommentAction","name":"Comment","target":["https:\/\/blogdofarnesio.com.br\/?p=298997#respond"]}]},{"@type":"WebPage","@id":"https:\/\/blogdofarnesio.com.br\/?p=298997","url":"https:\/\/blogdofarnesio.com.br\/?p=298997","name":"Semana da Tecnologia apresenta experi\u00eancias exitosas e inovadoras das Escolas Municipais de Petrolina - Blog do Farn\u00e9sio","isPartOf":{"@id":"https:\/\/blogdofarnesio.com.br\/#website"},"primaryImageOfPage":{"@id":"https:\/\/blogdofarnesio.com.br\/?p=298997#primaryimage"},"image":{"@id":"https:\/\/blogdofarnesio.com.br\/?p=298997#primaryimage"},"thumbnailUrl":"https:\/\/blogdofarnesio.com.br\/wp-content\/uploads\/2021\/10\/semanatecnologia-e1635685182384.jpeg","datePublished":"2021-10-31T14:30:11+00:00","breadcrumb":{"@id":"https:\/\/blogdofarnesio.com.br\/?p=298997#breadcrumb"},"inLanguage":"pt-BR","potentialAction":[{"@type":"ReadAction","target":["https:\/\/blogdofarnesio.com.br\/?p=298997"]}]},{"@type":"ImageObject","inLanguage":"pt-BR","@id":"https:\/\/blogdofarnesio.com.br\/?p=298997#primaryimage","url":"https:\/\/blogdofarnesio.com.br\/wp-content\/uploads\/2021\/10\/semanatecnologia-e1635685182384.jpeg","contentUrl":"https:\/\/blogdofarnesio.com.br\/wp-content\/uploads\/2021\/10\/semanatecnologia-e1635685182384.jpeg","width":680,"height":512},{"@type":"BreadcrumbList","@id":"https:\/\/blogdofarnesio.com.br\/?p=298997#breadcrumb","itemListElement":[{"@type":"ListItem","position":1,"name":"In\u00edcio","item":"https:\/\/blogdofarnesio.com.br\/"},{"@type":"ListItem","position":2,"name":"Semana da Tecnologia apresenta experi\u00eancias exitosas e inovadoras das Escolas Municipais de Petrolina"}]},{"@type":"WebSite","@id":"https:\/\/blogdofarnesio.com.br\/#website","url":"https:\/\/blogdofarnesio.com.br\/","name":"Blog do Farn\u00e9sio","description":"Quer Saber Pol\u00edtica?","publisher":{"@id":"https:\/\/blogdofarnesio.com.br\/#organization"},"potentialAction":[{"@type":"SearchAction","target":{"@type":"EntryPoint","urlTemplate":"https:\/\/blogdofarnesio.com.br\/?s={search_term_string}"},"query-input":{"@type":"PropertyValueSpecification","valueRequired":true,"valueName":"search_term_string"}}],"inLanguage":"pt-BR"},{"@type":"Organization","@id":"https:\/\/blogdofarnesio.com.br\/#organization","name":"Blog do Farn\u00e9sio","url":"https:\/\/blogdofarnesio.com.br\/","logo":{"@type":"ImageObject","inLanguage":"pt-BR","@id":"https:\/\/blogdofarnesio.com.br\/#\/schema\/logo\/image\/","url":"https:\/\/blogdofarnesio.com.br\/wp-content\/uploads\/2026\/03\/cropped-logo_new-1.png","contentUrl":"https:\/\/blogdofarnesio.com.br\/wp-content\/uploads\/2026\/03\/cropped-logo_new-1.png","width":881,"height":685,"caption":"Blog do Farn\u00e9sio"},"image":{"@id":"https:\/\/blogdofarnesio.com.br\/#\/schema\/logo\/image\/"},"sameAs":["https:\/\/www.facebook.com\/BlogQuerSaberPolitica\/"]},{"@type":"Person","@id":"https:\/\/blogdofarnesio.com.br\/#\/schema\/person\/bb9b23ae3ad0609ce8df7b6c9e76824d","name":"Farn\u00e9sio","image":{"@type":"ImageObject","inLanguage":"pt-BR","@id":"https:\/\/secure.gravatar.com\/avatar\/986aa4c61ccdb66f8555bf88fc2a65609d00bcabd4d2d94377a727547345cbca?s=96&d=mm&r=g","url":"https:\/\/secure.gravatar.com\/avatar\/986aa4c61ccdb66f8555bf88fc2a65609d00bcabd4d2d94377a727547345cbca?s=96&d=mm&r=g","contentUrl":"https:\/\/secure.gravatar.com\/avatar\/986aa4c61ccdb66f8555bf88fc2a65609d00bcabd4d2d94377a727547345cbca?s=96&d=mm&r=g","caption":"Farn\u00e9sio"},"description":"Radialista blogueiro, chegou a Petrolina\/Juazeiro em setembro de 1980, Farn\u00e9sio Silva \u00e9 de Arapiraca-Alagoas.","sameAs":["http:\/\/blogdofarnesio.com.br","https:\/\/www.facebook.com\/?ref=tn_tnmn","https:\/\/www.instagram.com\/?utm_source=pwa_homescreen","https:\/\/youtube.com.br\/"],"url":"https:\/\/blogdofarnesio.com.br\/?author=2"}]}},"_links":{"self":[{"href":"https:\/\/blogdofarnesio.com.br\/index.php?rest_route=\/wp\/v2\/posts\/298997","targetHints":{"allow":["GET"]}}],"collection":[{"href":"https:\/\/blogdofarnesio.com.br\/index.php?rest_route=\/wp\/v2\/posts"}],"about":[{"href":"https:\/\/blogdofarnesio.com.br\/index.php?rest_route=\/wp\/v2\/types\/post"}],"author":[{"embeddable":true,"href":"https:\/\/blogdofarnesio.com.br\/index.php?rest_route=\/wp\/v2\/users\/2"}],"replies":[{"embeddable":true,"href":"https:\/\/blogdofarnesio.com.br\/index.php?rest_route=%2Fwp%2Fv2%2Fcomments&post=298997"}],"version-history":[{"count":0,"href":"https:\/\/blogdofarnesio.com.br\/index.php?rest_route=\/wp\/v2\/posts\/298997\/revisions"}],"wp:featuredmedia":[{"embeddable":true,"href":"https:\/\/blogdofarnesio.com.br\/index.php?rest_route=\/wp\/v2\/media\/298998"}],"wp:attachment":[{"href":"https:\/\/blogdofarnesio.com.br\/index.php?rest_route=%2Fwp%2Fv2%2Fmedia&parent=298997"}],"wp:term":[{"taxonomy":"category","embeddable":true,"href":"https:\/\/blogdofarnesio.com.br\/index.php?rest_route=%2Fwp%2Fv2%2Fcategories&post=298997"},{"taxonomy":"post_tag","embeddable":true,"href":"https:\/\/blogdofarnesio.com.br\/index.php?rest_route=%2Fwp%2Fv2%2Ftags&post=298997"}],"curies":[{"name":"wp","href":"https:\/\/api.w.org\/{rel}","templated":true}]}}