{"id":29861,"date":"2013-03-05T12:00:17","date_gmt":"2013-03-05T15:00:17","guid":{"rendered":"http:\/\/www.quersaberpolitica.com.br\/?p=29861"},"modified":"2013-03-05T08:54:09","modified_gmt":"2013-03-05T11:54:09","slug":"ja-esta-funcionando-em-manicoba-a-unidade-de-saude-24-horas","status":"publish","type":"post","link":"https:\/\/blogdofarnesio.com.br\/?p=29861","title":{"rendered":"J\u00c1 EST\u00c1 FUNCIONANDO EM MANI\u00c7OBA A UNIDADE DE SA\u00daDE 24 HORAS"},"content":{"rendered":"<p style=\"text-align: justify\"><a href=\"http:\/\/www.quersaberpolitica.com.br\/2016\/wp-content\/uploads\/2013\/03\/blogqsp.mani\u00e7oba.jpg\"><img loading=\"lazy\" decoding=\"async\" class=\"alignleft size-medium wp-image-29862\" alt=\"blogqsp.mani\u00e7oba\" src=\"http:\/\/www.quersaberpolitica.com.br\/2016\/wp-content\/uploads\/2013\/03\/blogqsp.mani\u00e7oba-300x199.jpg\" width=\"300\" height=\"199\" srcset=\"https:\/\/blogdofarnesio.com.br\/wp-content\/uploads\/2013\/03\/blogqsp.mani\u00e7oba-300x199.jpg 300w, https:\/\/blogdofarnesio.com.br\/wp-content\/uploads\/2013\/03\/blogqsp.mani\u00e7oba-1024x680.jpg 1024w, https:\/\/blogdofarnesio.com.br\/wp-content\/uploads\/2013\/03\/blogqsp.mani\u00e7oba-451x300.jpg 451w\" sizes=\"auto, (max-width: 300px) 100vw, 300px\" \/><\/a>A primeira Unidade de Sa\u00fade 24 horas do munic\u00edpio foi inaugurada na \u00faltima sexta-feira, 1 de mar\u00e7o, pelo prefeito Isaac Carvalho na comunidade de Mani\u00e7oba I.<\/p>\n<p style=\"text-align: justify\">E j\u00e1 foi entregue com a equipe de enfermagem de plant\u00e3o e uma ambul\u00e2ncia social para atender os casos de emerg\u00eancia, durante todo o final de semana.<\/p>\n<p style=\"text-align: justify\">A nova unidade atende a todos os padr\u00f5es recomendados pelo Minist\u00e9rio da Sa\u00fade. Al\u00e9m da equipe de plant\u00e3o, a unidade contar\u00e1 com duas Equipes de Sa\u00fade da Fam\u00edlia, sendo uma no hor\u00e1rio das 8h \u00e0s 16h e a outra das 16h \u00e0s 22h.<!--more--><\/p>\n<p style=\"text-align: justify\">\u201cQuando fui convidado pelo prefeito Isaac para assumir a secretaria, a primeira coisa que ele me pediu foi que melhorasse a aten\u00e7\u00e3o b\u00e1sica. Hoje estamos aqui, iniciando um novo e grande desafio, uma nova proposta para poder melhor atender a popula\u00e7\u00e3o. E isso s\u00f3 esta sendo poss\u00edvel pela ousadia do prefeito, porque estar aqui hoje n\u00e3o foi f\u00e1cil, n\u00e3o \u00e9 chegar aqui e entregar o pr\u00e9dio, mas \u00e9 preciso ter bons e comprometidos profissionais, ter condi\u00e7\u00f5es de manter toda essa estrutura para que o servi\u00e7o possa funcionar\u201d, pontuou o secret\u00e1rio de Sa\u00fade, C\u00e1ssio Garcia.<\/p>\n<p style=\"text-align: justify\">A unidade conta com um espa\u00e7o amplo, ventilado e \u00e1rea verde. O posto de sa\u00fade espera atender a seis mil usu\u00e1rios. Na \u00e1rea odontologia, a expectativa \u00e9 de que o servi\u00e7o cubra mais de 10 mil pessoas, incluindo tamb\u00e9m moradores das unidades de Conhas, Campos e Jatob\u00e1. \u201cPra gente ser\u00e1 um desafio. A comunidade de Mani\u00e7oba, por ser uma popula\u00e7\u00e3o grande, necessita de um acompanhamento mais freq\u00fcente. Isso vem pra somar muito\u201d, disse o enfermeiro do plant\u00e3o e apoiador de Distrito, Tiago Sena. A enfermeira de uma das Equipes de Sa\u00fade da Fam\u00edlia, Natalia de Lima Melo, complementa, \u201caqui apresentamos uma equipe com forma\u00e7\u00e3o exclusiva na Aten\u00e7\u00e3o B\u00e1sica. Para n\u00f3s, olhar uma estrutura dessa, realmente voc\u00ea se sente mais seguro, se sente com mais infraestrutura b\u00e1sica para estar desempenhando todos os servi\u00e7os que a pol\u00edtica do programa prop\u00f5e\u201d.<\/p>\n<p style=\"text-align: justify\">Para a comunidade, um sonho realizado e a certeza de que valeu a pena esperar. \u201cEssa obra vem para dignificar o nosso distrito. Sempre acreditamos que conseguir\u00edamos ter a nossa pr\u00f3pria unidade e ainda 24 horas, mesmo algumas pessoas n\u00e3o acreditando. Hoje estamos aqui comemorando, porque queremos trazer para Mani\u00e7oba tudo de bom\u201d, colocou a t\u00e9cnica de enfermagem, Maria do Socorro.<\/p>\n<p style=\"text-align: justify\">A usu\u00e1ria, Maria Madalena, de 59 anos, n\u00e3o escondia o contentamento. \u201cA outra era pequena, essa aqui \u00e9 um pal\u00e1cio\u201d, disse. A agricultora, Marieta da Silva Nascimento, de 56 anos, tamb\u00e9m fez quest\u00e3o de conhecer a nova unidade. \u201cVai mudar muita coisa. N\u00e3o vamos precisar sair correndo a noite com algu\u00e9m doente para Juazeiro. Com f\u00e9 em Deus tudo ser\u00e1 melhor\u201d.<\/p>\n<p style=\"text-align: justify\">Com a entrega da unidade de Mani\u00e7oba, a Prefeitura j\u00e1 soma tr\u00eas novos pr\u00e9dios entregues pela gest\u00e3o, no total de 20 conquistados pelo munic\u00edpio, junto ao Governo Federal. Nos pr\u00f3ximos dias, mais duas ser\u00e3o inauguradas \u2013 uma no Dom Tomaz e outra no Tabuleiro.<\/p>\n<p style=\"text-align: justify\">Ao falar para a comunidade, o prefeito Isaac Carvalho pontuou algumas das conquistas realizadas pela gest\u00e3o, em todos os seguimentos, seja na infraestrutura com o saneamento e a constru\u00e7\u00e3o do Anel Vi\u00e1rio, por exemplo; na Educa\u00e7\u00e3o, com a climatiza\u00e7\u00e3o das escolas, melhorias salariais para os educadores, constru\u00e7\u00e3o de creches, \u00f4nibus escolares; no pagamento das dividas junto a Uni\u00e3o, permitindo que Juazeiro pudesse conveniar e trazer todos os projetos j\u00e1 aprovados; e na Sa\u00fade, o pagamento de mais de 10 milh\u00f5es de dividas junto aos hospitais e fornecedores. \u201cO nosso grande desafio na Sa\u00fade ser\u00e1 sempre melhorar os servi\u00e7os nos postos de sa\u00fade. Sabemos das dificuldades, mas estamos trabalhando para isso, estruturando nossas unidades e convocando novos profissionais\u201d, destacou o prefeito.<\/p>\n<p style=\"text-align: justify\">Isaac Carvalho lembrou que a unidade de Mani\u00e7oba j\u00e1 era pra estar pronta desde 2009, mas que por problemas na documenta\u00e7\u00e3o e pela recusa do ex-gestor em assinar o conv\u00eanio, foi preciso ir \u00e0 justi\u00e7a para que Juazeiro n\u00e3o perdesse o conv\u00eanio e a obra pudesse ser executada. \u201cO conv\u00eanio era pra tr\u00eas unidades: essa de Mani\u00e7oba, a do Parque Residencial e a do Mandacaru. S\u00f3 no ano passado conseguimos entregar essas duas \u00faltimas e hoje estamos aqui. Sabemos que precisamos fazer muito mais, compreendemos as dificuldades, mas nunca cruzamos os bra\u00e7os. Constru\u00edmos projetos e hoje o munic\u00edpio esta colhendo todos esses frutos. Temos quase 200 obras em execu\u00e7\u00e3o que dar\u00e3o um novo rumo a Juazeiro\u201d, observou Isaac.<\/p>\n<p style=\"text-align: justify\">A inaugura\u00e7\u00e3o foi prestigiada pelo sub-secret\u00e1rio de Rela\u00e7\u00f5es Institucionais da Bahia, Pedro Alc\u00e2ntara; pelo superintendente da Codevasf, Emanuel Lima, pelo presidente do Distrito, Cipriano Borges, vereadores, secret\u00e1rios municipais e toda comunidade.<\/p>\n","protected":false},"excerpt":{"rendered":"<p>A primeira Unidade de Sa\u00fade 24 horas do munic\u00edpio foi inaugurada na \u00faltima sexta-feira, 1 de mar\u00e7o, pelo prefeito Isaac Carvalho na comunidade de Mani\u00e7oba I. E j\u00e1 foi entregue com a equipe de enfermagem de plant\u00e3o e uma ambul\u00e2ncia social para atender os casos de emerg\u00eancia, durante todo o final de semana. A nova unidade atende a todos os padr\u00f5es recomendados pelo Minist\u00e9rio da Sa\u00fade. Al\u00e9m da equipe de plant\u00e3o, a unidade contar\u00e1 com duas Equipes de Sa\u00fade da Fam\u00edlia, sendo uma no hor\u00e1rio das 8h \u00e0s 16h e a outra das 16h \u00e0s 22h.<\/p>\n","protected":false},"author":3,"featured_media":0,"comment_status":"open","ping_status":"open","sticky":false,"template":"","format":"standard","meta":{"_acf_changed":false,"footnotes":""},"categories":[4],"tags":[],"class_list":["post-29861","post","type-post","status-publish","format-standard","hentry","category-saude"],"acf":[],"yoast_head":"<!-- This site is optimized with the Yoast SEO plugin v27.4 - https:\/\/yoast.com\/product\/yoast-seo-wordpress\/ -->\n<title>J\u00c1 EST\u00c1 FUNCIONANDO EM MANI\u00c7OBA A UNIDADE DE SA\u00daDE 24 HORAS  - Blog do Farn\u00e9sio<\/title>\n<meta name=\"robots\" content=\"index, follow, max-snippet:-1, max-image-preview:large, max-video-preview:-1\" \/>\n<link rel=\"canonical\" href=\"https:\/\/blogdofarnesio.com.br\/?p=29861\" \/>\n<meta property=\"og:locale\" content=\"pt_BR\" \/>\n<meta property=\"og:type\" content=\"article\" \/>\n<meta property=\"og:title\" content=\"J\u00c1 EST\u00c1 FUNCIONANDO EM MANI\u00c7OBA A UNIDADE DE SA\u00daDE 24 HORAS  - Blog do Farn\u00e9sio\" \/>\n<meta property=\"og:description\" content=\"A primeira Unidade de Sa\u00fade 24 horas do munic\u00edpio foi inaugurada na \u00faltima sexta-feira, 1 de mar\u00e7o, pelo prefeito Isaac Carvalho na comunidade de Mani\u00e7oba I. E j\u00e1 foi entregue com a equipe de enfermagem de plant\u00e3o e uma ambul\u00e2ncia social para atender os casos de emerg\u00eancia, durante todo o final de semana. A nova unidade atende a todos os padr\u00f5es recomendados pelo Minist\u00e9rio da Sa\u00fade. Al\u00e9m da equipe de plant\u00e3o, a unidade contar\u00e1 com duas Equipes de Sa\u00fade da Fam\u00edlia, sendo uma no hor\u00e1rio das 8h \u00e0s 16h e a outra das 16h \u00e0s 22h.\" \/>\n<meta property=\"og:url\" content=\"https:\/\/blogdofarnesio.com.br\/?p=29861\" \/>\n<meta property=\"og:site_name\" content=\"Blog do Farn\u00e9sio\" \/>\n<meta property=\"article:publisher\" content=\"https:\/\/www.facebook.com\/BlogQuerSaberPolitica\/\" \/>\n<meta property=\"article:published_time\" content=\"2013-03-05T15:00:17+00:00\" \/>\n<meta name=\"author\" content=\"teste\" \/>\n<meta name=\"twitter:card\" content=\"summary_large_image\" \/>\n<meta name=\"twitter:label1\" content=\"Escrito por\" \/>\n\t<meta name=\"twitter:data1\" content=\"teste\" \/>\n\t<meta name=\"twitter:label2\" content=\"Est. tempo de leitura\" \/>\n\t<meta name=\"twitter:data2\" content=\"4 minutos\" \/>\n<script type=\"application\/ld+json\" class=\"yoast-schema-graph\">{\"@context\":\"https:\\\/\\\/schema.org\",\"@graph\":[{\"@type\":\"Article\",\"@id\":\"https:\\\/\\\/blogdofarnesio.com.br\\\/?p=29861#article\",\"isPartOf\":{\"@id\":\"https:\\\/\\\/blogdofarnesio.com.br\\\/?p=29861\"},\"author\":{\"name\":\"teste\",\"@id\":\"https:\\\/\\\/blogdofarnesio.com.br\\\/#\\\/schema\\\/person\\\/dd1bf5eba40b687199ba45ca6b97dff9\"},\"headline\":\"J\u00c1 EST\u00c1 FUNCIONANDO EM MANI\u00c7OBA A UNIDADE DE SA\u00daDE 24 HORAS\",\"datePublished\":\"2013-03-05T15:00:17+00:00\",\"mainEntityOfPage\":{\"@id\":\"https:\\\/\\\/blogdofarnesio.com.br\\\/?p=29861\"},\"wordCount\":856,\"commentCount\":0,\"publisher\":{\"@id\":\"https:\\\/\\\/blogdofarnesio.com.br\\\/#organization\"},\"articleSection\":[\"Sa\u00fade\"],\"inLanguage\":\"pt-BR\",\"potentialAction\":[{\"@type\":\"CommentAction\",\"name\":\"Comment\",\"target\":[\"https:\\\/\\\/blogdofarnesio.com.br\\\/?p=29861#respond\"]}]},{\"@type\":\"WebPage\",\"@id\":\"https:\\\/\\\/blogdofarnesio.com.br\\\/?p=29861\",\"url\":\"https:\\\/\\\/blogdofarnesio.com.br\\\/?p=29861\",\"name\":\"J\u00c1 EST\u00c1 FUNCIONANDO EM MANI\u00c7OBA A UNIDADE DE SA\u00daDE 24 HORAS - Blog do Farn\u00e9sio\",\"isPartOf\":{\"@id\":\"https:\\\/\\\/blogdofarnesio.com.br\\\/#website\"},\"datePublished\":\"2013-03-05T15:00:17+00:00\",\"breadcrumb\":{\"@id\":\"https:\\\/\\\/blogdofarnesio.com.br\\\/?p=29861#breadcrumb\"},\"inLanguage\":\"pt-BR\",\"potentialAction\":[{\"@type\":\"ReadAction\",\"target\":[\"https:\\\/\\\/blogdofarnesio.com.br\\\/?p=29861\"]}]},{\"@type\":\"BreadcrumbList\",\"@id\":\"https:\\\/\\\/blogdofarnesio.com.br\\\/?p=29861#breadcrumb\",\"itemListElement\":[{\"@type\":\"ListItem\",\"position\":1,\"name\":\"In\u00edcio\",\"item\":\"https:\\\/\\\/blogdofarnesio.com.br\\\/\"},{\"@type\":\"ListItem\",\"position\":2,\"name\":\"J\u00c1 EST\u00c1 FUNCIONANDO EM MANI\u00c7OBA A UNIDADE DE SA\u00daDE 24 HORAS\"}]},{\"@type\":\"WebSite\",\"@id\":\"https:\\\/\\\/blogdofarnesio.com.br\\\/#website\",\"url\":\"https:\\\/\\\/blogdofarnesio.com.br\\\/\",\"name\":\"Blog do Farn\u00e9sio\",\"description\":\"Quer Saber Pol\u00edtica?\",\"publisher\":{\"@id\":\"https:\\\/\\\/blogdofarnesio.com.br\\\/#organization\"},\"potentialAction\":[{\"@type\":\"SearchAction\",\"target\":{\"@type\":\"EntryPoint\",\"urlTemplate\":\"https:\\\/\\\/blogdofarnesio.com.br\\\/?s={search_term_string}\"},\"query-input\":{\"@type\":\"PropertyValueSpecification\",\"valueRequired\":true,\"valueName\":\"search_term_string\"}}],\"inLanguage\":\"pt-BR\"},{\"@type\":\"Organization\",\"@id\":\"https:\\\/\\\/blogdofarnesio.com.br\\\/#organization\",\"name\":\"Blog do Farn\u00e9sio\",\"url\":\"https:\\\/\\\/blogdofarnesio.com.br\\\/\",\"logo\":{\"@type\":\"ImageObject\",\"inLanguage\":\"pt-BR\",\"@id\":\"https:\\\/\\\/blogdofarnesio.com.br\\\/#\\\/schema\\\/logo\\\/image\\\/\",\"url\":\"https:\\\/\\\/blogdofarnesio.com.br\\\/wp-content\\\/uploads\\\/2026\\\/03\\\/cropped-logo_new-1.png\",\"contentUrl\":\"https:\\\/\\\/blogdofarnesio.com.br\\\/wp-content\\\/uploads\\\/2026\\\/03\\\/cropped-logo_new-1.png\",\"width\":881,\"height\":685,\"caption\":\"Blog do Farn\u00e9sio\"},\"image\":{\"@id\":\"https:\\\/\\\/blogdofarnesio.com.br\\\/#\\\/schema\\\/logo\\\/image\\\/\"},\"sameAs\":[\"https:\\\/\\\/www.facebook.com\\\/BlogQuerSaberPolitica\\\/\"]},{\"@type\":\"Person\",\"@id\":\"https:\\\/\\\/blogdofarnesio.com.br\\\/#\\\/schema\\\/person\\\/dd1bf5eba40b687199ba45ca6b97dff9\",\"name\":\"teste\",\"image\":{\"@type\":\"ImageObject\",\"inLanguage\":\"pt-BR\",\"@id\":\"https:\\\/\\\/secure.gravatar.com\\\/avatar\\\/2172498d4914b51e1d89a0f97957b035ac4938723a5cac208135d389b6972a6d?s=96&d=mm&r=g\",\"url\":\"https:\\\/\\\/secure.gravatar.com\\\/avatar\\\/2172498d4914b51e1d89a0f97957b035ac4938723a5cac208135d389b6972a6d?s=96&d=mm&r=g\",\"contentUrl\":\"https:\\\/\\\/secure.gravatar.com\\\/avatar\\\/2172498d4914b51e1d89a0f97957b035ac4938723a5cac208135d389b6972a6d?s=96&d=mm&r=g\",\"caption\":\"teste\"},\"url\":\"https:\\\/\\\/blogdofarnesio.com.br\\\/?author=3\"}]}<\/script>\n<!-- \/ Yoast SEO plugin. -->","yoast_head_json":{"title":"J\u00c1 EST\u00c1 FUNCIONANDO EM MANI\u00c7OBA A UNIDADE DE SA\u00daDE 24 HORAS  - Blog do Farn\u00e9sio","robots":{"index":"index","follow":"follow","max-snippet":"max-snippet:-1","max-image-preview":"max-image-preview:large","max-video-preview":"max-video-preview:-1"},"canonical":"https:\/\/blogdofarnesio.com.br\/?p=29861","og_locale":"pt_BR","og_type":"article","og_title":"J\u00c1 EST\u00c1 FUNCIONANDO EM MANI\u00c7OBA A UNIDADE DE SA\u00daDE 24 HORAS  - Blog do Farn\u00e9sio","og_description":"A primeira Unidade de Sa\u00fade 24 horas do munic\u00edpio foi inaugurada na \u00faltima sexta-feira, 1 de mar\u00e7o, pelo prefeito Isaac Carvalho na comunidade de Mani\u00e7oba I. E j\u00e1 foi entregue com a equipe de enfermagem de plant\u00e3o e uma ambul\u00e2ncia social para atender os casos de emerg\u00eancia, durante todo o final de semana. A nova unidade atende a todos os padr\u00f5es recomendados pelo Minist\u00e9rio da Sa\u00fade. Al\u00e9m da equipe de plant\u00e3o, a unidade contar\u00e1 com duas Equipes de Sa\u00fade da Fam\u00edlia, sendo uma no hor\u00e1rio das 8h \u00e0s 16h e a outra das 16h \u00e0s 22h.","og_url":"https:\/\/blogdofarnesio.com.br\/?p=29861","og_site_name":"Blog do Farn\u00e9sio","article_publisher":"https:\/\/www.facebook.com\/BlogQuerSaberPolitica\/","article_published_time":"2013-03-05T15:00:17+00:00","author":"teste","twitter_card":"summary_large_image","twitter_misc":{"Escrito por":"teste","Est. tempo de leitura":"4 minutos"},"schema":{"@context":"https:\/\/schema.org","@graph":[{"@type":"Article","@id":"https:\/\/blogdofarnesio.com.br\/?p=29861#article","isPartOf":{"@id":"https:\/\/blogdofarnesio.com.br\/?p=29861"},"author":{"name":"teste","@id":"https:\/\/blogdofarnesio.com.br\/#\/schema\/person\/dd1bf5eba40b687199ba45ca6b97dff9"},"headline":"J\u00c1 EST\u00c1 FUNCIONANDO EM MANI\u00c7OBA A UNIDADE DE SA\u00daDE 24 HORAS","datePublished":"2013-03-05T15:00:17+00:00","mainEntityOfPage":{"@id":"https:\/\/blogdofarnesio.com.br\/?p=29861"},"wordCount":856,"commentCount":0,"publisher":{"@id":"https:\/\/blogdofarnesio.com.br\/#organization"},"articleSection":["Sa\u00fade"],"inLanguage":"pt-BR","potentialAction":[{"@type":"CommentAction","name":"Comment","target":["https:\/\/blogdofarnesio.com.br\/?p=29861#respond"]}]},{"@type":"WebPage","@id":"https:\/\/blogdofarnesio.com.br\/?p=29861","url":"https:\/\/blogdofarnesio.com.br\/?p=29861","name":"J\u00c1 EST\u00c1 FUNCIONANDO EM MANI\u00c7OBA A UNIDADE DE SA\u00daDE 24 HORAS - Blog do Farn\u00e9sio","isPartOf":{"@id":"https:\/\/blogdofarnesio.com.br\/#website"},"datePublished":"2013-03-05T15:00:17+00:00","breadcrumb":{"@id":"https:\/\/blogdofarnesio.com.br\/?p=29861#breadcrumb"},"inLanguage":"pt-BR","potentialAction":[{"@type":"ReadAction","target":["https:\/\/blogdofarnesio.com.br\/?p=29861"]}]},{"@type":"BreadcrumbList","@id":"https:\/\/blogdofarnesio.com.br\/?p=29861#breadcrumb","itemListElement":[{"@type":"ListItem","position":1,"name":"In\u00edcio","item":"https:\/\/blogdofarnesio.com.br\/"},{"@type":"ListItem","position":2,"name":"J\u00c1 EST\u00c1 FUNCIONANDO EM MANI\u00c7OBA A UNIDADE DE SA\u00daDE 24 HORAS"}]},{"@type":"WebSite","@id":"https:\/\/blogdofarnesio.com.br\/#website","url":"https:\/\/blogdofarnesio.com.br\/","name":"Blog do Farn\u00e9sio","description":"Quer Saber Pol\u00edtica?","publisher":{"@id":"https:\/\/blogdofarnesio.com.br\/#organization"},"potentialAction":[{"@type":"SearchAction","target":{"@type":"EntryPoint","urlTemplate":"https:\/\/blogdofarnesio.com.br\/?s={search_term_string}"},"query-input":{"@type":"PropertyValueSpecification","valueRequired":true,"valueName":"search_term_string"}}],"inLanguage":"pt-BR"},{"@type":"Organization","@id":"https:\/\/blogdofarnesio.com.br\/#organization","name":"Blog do Farn\u00e9sio","url":"https:\/\/blogdofarnesio.com.br\/","logo":{"@type":"ImageObject","inLanguage":"pt-BR","@id":"https:\/\/blogdofarnesio.com.br\/#\/schema\/logo\/image\/","url":"https:\/\/blogdofarnesio.com.br\/wp-content\/uploads\/2026\/03\/cropped-logo_new-1.png","contentUrl":"https:\/\/blogdofarnesio.com.br\/wp-content\/uploads\/2026\/03\/cropped-logo_new-1.png","width":881,"height":685,"caption":"Blog do Farn\u00e9sio"},"image":{"@id":"https:\/\/blogdofarnesio.com.br\/#\/schema\/logo\/image\/"},"sameAs":["https:\/\/www.facebook.com\/BlogQuerSaberPolitica\/"]},{"@type":"Person","@id":"https:\/\/blogdofarnesio.com.br\/#\/schema\/person\/dd1bf5eba40b687199ba45ca6b97dff9","name":"teste","image":{"@type":"ImageObject","inLanguage":"pt-BR","@id":"https:\/\/secure.gravatar.com\/avatar\/2172498d4914b51e1d89a0f97957b035ac4938723a5cac208135d389b6972a6d?s=96&d=mm&r=g","url":"https:\/\/secure.gravatar.com\/avatar\/2172498d4914b51e1d89a0f97957b035ac4938723a5cac208135d389b6972a6d?s=96&d=mm&r=g","contentUrl":"https:\/\/secure.gravatar.com\/avatar\/2172498d4914b51e1d89a0f97957b035ac4938723a5cac208135d389b6972a6d?s=96&d=mm&r=g","caption":"teste"},"url":"https:\/\/blogdofarnesio.com.br\/?author=3"}]}},"_links":{"self":[{"href":"https:\/\/blogdofarnesio.com.br\/index.php?rest_route=\/wp\/v2\/posts\/29861","targetHints":{"allow":["GET"]}}],"collection":[{"href":"https:\/\/blogdofarnesio.com.br\/index.php?rest_route=\/wp\/v2\/posts"}],"about":[{"href":"https:\/\/blogdofarnesio.com.br\/index.php?rest_route=\/wp\/v2\/types\/post"}],"author":[{"embeddable":true,"href":"https:\/\/blogdofarnesio.com.br\/index.php?rest_route=\/wp\/v2\/users\/3"}],"replies":[{"embeddable":true,"href":"https:\/\/blogdofarnesio.com.br\/index.php?rest_route=%2Fwp%2Fv2%2Fcomments&post=29861"}],"version-history":[{"count":0,"href":"https:\/\/blogdofarnesio.com.br\/index.php?rest_route=\/wp\/v2\/posts\/29861\/revisions"}],"wp:attachment":[{"href":"https:\/\/blogdofarnesio.com.br\/index.php?rest_route=%2Fwp%2Fv2%2Fmedia&parent=29861"}],"wp:term":[{"taxonomy":"category","embeddable":true,"href":"https:\/\/blogdofarnesio.com.br\/index.php?rest_route=%2Fwp%2Fv2%2Fcategories&post=29861"},{"taxonomy":"post_tag","embeddable":true,"href":"https:\/\/blogdofarnesio.com.br\/index.php?rest_route=%2Fwp%2Fv2%2Ftags&post=29861"}],"curies":[{"name":"wp","href":"https:\/\/api.w.org\/{rel}","templated":true}]}}