{"id":298100,"date":"2021-10-20T14:00:50","date_gmt":"2021-10-20T17:00:50","guid":{"rendered":"https:\/\/blogdofarnesio.com.br\/?p=298100"},"modified":"2021-10-20T13:08:34","modified_gmt":"2021-10-20T16:08:34","slug":"brasil-esta-proximo-de-atingir-o-primeiro-bilhao-de-dolares-em-exportacoes-de-frutas-em-2021","status":"publish","type":"post","link":"https:\/\/blogdofarnesio.com.br\/?p=298100","title":{"rendered":"Brasil est\u00e1 pr\u00f3ximo de atingir o primeiro bilh\u00e3o de d\u00f3lares em exporta\u00e7\u00f5es de frutas em 2021"},"content":{"rendered":"<p><strong><em>20% de aumento em volume e 27% em valor deixam produtores animados<\/em><\/strong><\/p>\n<p>Os n\u00fameros crescem e o setor de frutas comemora, com 20% de aumento no volume de frutas exportadas neste terceiro trimestre do ano, comparado com 2019, setor registra o embarque de mais 757 mil toneladas de frutas enviadas para o exterior. O faturamento aumentou 27%, foram vendidas cerca 652 milh\u00f5es de d\u00f3lares de frutas para o mercado internacional, n\u00fameros que tem deixado o setor bastante animado, pois est\u00e3o pr\u00f3ximos de alcan\u00e7arem a meta de 1 bilh\u00e3o de d\u00f3lares em exporta\u00e7\u00f5es.<\/p>\n<p>Mesmo com a falta de cont\u00eaineres e aumento dos fretes mar\u00edtimos, o Brasil tem registrado alta nas exporta\u00e7\u00f5es de frutas. Destaque para uva com aumento de 73%, seguida da ma\u00e7\u00e3, 58%, manga, 26%, mam\u00e3o, 21%, lim\u00e3o, 19%, abacate 18% e banana, 16%.<\/p>\n<p>Para o presidente da Associa\u00e7\u00e3o Brasileira dos Produtores e Exportadores de Derivados (Abrafrutas), Guilherme Coelho, o aquecimento nas demandas internacionais, principalmente vindas do mercado europeu, \u00e9 um dos fatores que justifica essa alta performance. A valoriza\u00e7\u00e3o do d\u00f3lar torna a remunera\u00e7\u00e3o bem atrativa o que contribuiu tamb\u00e9m para estes resultados.<\/p>\n<p>Outro fator destacado por Guilherme para este bom desempenho foi as condi\u00e7\u00f5es clim\u00e1ticas favor\u00e1veis que resultaram na boa produ\u00e7\u00e3o e na melhor qualidade das frutas produzidas, al\u00e9m da abertura de novos mercados que tem se intensificado nos \u00faltimos anos atrav\u00e9s de um trabalho do MAPA com o apoio do setor produtivo. Esse trabalho aliado a uma robusta a\u00e7\u00e3o de promo\u00e7\u00e3o das frutas brasileiras no mercado externo que vem sendo desenvolvida pela Abrafrutas com o apoio da Ag\u00eancia Brasileira de Promo\u00e7\u00e3o de Exporta\u00e7\u00f5es e Investimentos (Apex) tem sido decisivo no desempenho positivo das exporta\u00e7\u00f5es.<\/p>\n<p>\u201cO vento tem soprado a nosso favor, o setor de frutas tem despontado e mostrado o grande potencial. Estamos provando que al\u00e9m de sermos grandes produtores de frutas, podemos ser tamb\u00e9m grandes exportadores.<\/p>\n<p>As nossas frutas s\u00e3o as mais saborosas e de alt\u00edssima qualidade, este reconhecimento tem vindo atrav\u00e9s desses n\u00fameros. Afirmo que a fruticultura brasileira tem potencial para expandir ainda mais e alcan\u00e7ar novos mercados\u201d, disse Guilherme Coelho.<\/p>\n<p>Al\u00e9m desses, Guilherme aponta a busca por alimentos mais saud\u00e1veis como marco neste crescimento. Segundo ele, o mundo tem consumido mais frutas, pois n\u00e3o existe nada mais saud\u00e1vel. \u201cAs frutas s\u00e3o ricas em vitaminas e sais minerais, s\u00e3o vers\u00e1teis,\u00a0podem ser bem aproveitadas em pratos doces ou salgados.<\/p>\n<p>Alimento que tem de todos os sabores, cores e texturas, agradando diversos paladares e gostos. Al\u00e9m disso, produzimos frutas o ano inteiro\u201d, contou.<\/p>\n<p>Abacaxi, p\u00eassego e goiaba s\u00e3o outras frutas que t\u00eam crescido na balan\u00e7a comercial. A goiaba, por exemplo, teve aumento nas exporta\u00e7\u00f5es de 132%, comparadas com o mesmo per\u00edodo de 2019. Considerada pelo mercado internacional como fruta ex\u00f3tica, a goiaba tem ca\u00eddo no gosto dos importadores. Este ano a regi\u00e3o de Carl\u00f3polis no Paran\u00e1, considerada uma das maiores produtoras de goiaba do Brasil, conseguiu o selo de indica\u00e7\u00e3o geogr\u00e1fica \u201cIG\u201d o que influenciou diretamente no aumento da procura pela fruta.<\/p>\n<p>Para o presidente da Abrafrutas, a meta do primeiro bilh\u00e3o est\u00e1 pr\u00f3xima e o setor vai comemorar muito, sendo este resultado de muito trabalho e esfor\u00e7o de todos que comp\u00f5em a fruticultura brasileira, setor dentro do agro que mais emprega e que contribui muito com o desenvolvimento do pa\u00eds.<\/p>\n","protected":false},"excerpt":{"rendered":"<p>20% de aumento em volume e 27% em valor deixam produtores animados Os n\u00fameros crescem e o setor de frutas comemora, com 20% de aumento no volume de frutas exportadas neste terceiro trimestre do ano, comparado com 2019, setor registra o embarque de mais 757 mil toneladas de frutas enviadas para o exterior. O faturamento aumentou 27%, foram vendidas cerca 652 milh\u00f5es de d\u00f3lares de frutas para o mercado internacional, n\u00fameros que tem deixado o setor bastante animado, pois est\u00e3o pr\u00f3ximos de alcan\u00e7arem a meta de 1 bilh\u00e3o de d\u00f3lares em exporta\u00e7\u00f5es. Mesmo com a falta de cont\u00eaineres e aumento dos fretes mar\u00edtimos, o Brasil tem registrado alta nas exporta\u00e7\u00f5es de frutas. Destaque para uva com aumento de 73%, seguida&hellip; <\/p>\n","protected":false},"author":2,"featured_media":259120,"comment_status":"open","ping_status":"open","sticky":false,"template":"","format":"standard","meta":{"_acf_changed":false,"footnotes":""},"categories":[13],"tags":[],"class_list":["post-298100","post","type-post","status-publish","format-standard","has-post-thumbnail","hentry","category-fruticultura"],"acf":[],"yoast_head":"<!-- This site is optimized with the Yoast SEO plugin v27.4 - https:\/\/yoast.com\/product\/yoast-seo-wordpress\/ -->\n<title>Brasil est\u00e1 pr\u00f3ximo de atingir o primeiro bilh\u00e3o de d\u00f3lares em exporta\u00e7\u00f5es de frutas em 2021 - Blog do Farn\u00e9sio<\/title>\n<meta name=\"robots\" content=\"index, follow, max-snippet:-1, max-image-preview:large, max-video-preview:-1\" \/>\n<link rel=\"canonical\" href=\"https:\/\/blogdofarnesio.com.br\/?p=298100\" \/>\n<meta property=\"og:locale\" content=\"pt_BR\" \/>\n<meta property=\"og:type\" content=\"article\" \/>\n<meta property=\"og:title\" content=\"Brasil est\u00e1 pr\u00f3ximo de atingir o primeiro bilh\u00e3o de d\u00f3lares em exporta\u00e7\u00f5es de frutas em 2021 - Blog do Farn\u00e9sio\" \/>\n<meta property=\"og:description\" content=\"20% de aumento em volume e 27% em valor deixam produtores animados Os n\u00fameros crescem e o setor de frutas comemora, com 20% de aumento no volume de frutas exportadas neste terceiro trimestre do ano, comparado com 2019, setor registra o embarque de mais 757 mil toneladas de frutas enviadas para o exterior. O faturamento aumentou 27%, foram vendidas cerca 652 milh\u00f5es de d\u00f3lares de frutas para o mercado internacional, n\u00fameros que tem deixado o setor bastante animado, pois est\u00e3o pr\u00f3ximos de alcan\u00e7arem a meta de 1 bilh\u00e3o de d\u00f3lares em exporta\u00e7\u00f5es. Mesmo com a falta de cont\u00eaineres e aumento dos fretes mar\u00edtimos, o Brasil tem registrado alta nas exporta\u00e7\u00f5es de frutas. Destaque para uva com aumento de 73%, seguida&hellip;\" \/>\n<meta property=\"og:url\" content=\"https:\/\/blogdofarnesio.com.br\/?p=298100\" \/>\n<meta property=\"og:site_name\" content=\"Blog do Farn\u00e9sio\" \/>\n<meta property=\"article:publisher\" content=\"https:\/\/www.facebook.com\/BlogQuerSaberPolitica\/\" \/>\n<meta property=\"article:author\" content=\"https:\/\/www.facebook.com\/?ref=tn_tnmn\" \/>\n<meta property=\"article:published_time\" content=\"2021-10-20T17:00:50+00:00\" \/>\n<meta property=\"og:image\" content=\"https:\/\/blogdofarnesio.com.br\/wp-content\/uploads\/2020\/06\/blogqspagrocultura-frutas-Arte-1.jpg\" \/>\n\t<meta property=\"og:image:width\" content=\"684\" \/>\n\t<meta property=\"og:image:height\" content=\"456\" \/>\n\t<meta property=\"og:image:type\" content=\"image\/jpeg\" \/>\n<meta name=\"author\" content=\"Farn\u00e9sio\" \/>\n<meta name=\"twitter:card\" content=\"summary_large_image\" \/>\n<meta name=\"twitter:label1\" content=\"Escrito por\" \/>\n\t<meta name=\"twitter:data1\" content=\"Farn\u00e9sio\" \/>\n\t<meta name=\"twitter:label2\" content=\"Est. tempo de leitura\" \/>\n\t<meta name=\"twitter:data2\" content=\"3 minutos\" \/>\n<script type=\"application\/ld+json\" class=\"yoast-schema-graph\">{\"@context\":\"https:\\\/\\\/schema.org\",\"@graph\":[{\"@type\":\"Article\",\"@id\":\"https:\\\/\\\/blogdofarnesio.com.br\\\/?p=298100#article\",\"isPartOf\":{\"@id\":\"https:\\\/\\\/blogdofarnesio.com.br\\\/?p=298100\"},\"author\":{\"name\":\"Farn\u00e9sio\",\"@id\":\"https:\\\/\\\/blogdofarnesio.com.br\\\/#\\\/schema\\\/person\\\/bb9b23ae3ad0609ce8df7b6c9e76824d\"},\"headline\":\"Brasil est\u00e1 pr\u00f3ximo de atingir o primeiro bilh\u00e3o de d\u00f3lares em exporta\u00e7\u00f5es de frutas em 2021\",\"datePublished\":\"2021-10-20T17:00:50+00:00\",\"mainEntityOfPage\":{\"@id\":\"https:\\\/\\\/blogdofarnesio.com.br\\\/?p=298100\"},\"wordCount\":610,\"commentCount\":0,\"publisher\":{\"@id\":\"https:\\\/\\\/blogdofarnesio.com.br\\\/#organization\"},\"image\":{\"@id\":\"https:\\\/\\\/blogdofarnesio.com.br\\\/?p=298100#primaryimage\"},\"thumbnailUrl\":\"https:\\\/\\\/blogdofarnesio.com.br\\\/wp-content\\\/uploads\\\/2020\\\/06\\\/blogqspagrocultura-frutas-Arte-1.jpg\",\"articleSection\":[\"Fruticultura\"],\"inLanguage\":\"pt-BR\",\"potentialAction\":[{\"@type\":\"CommentAction\",\"name\":\"Comment\",\"target\":[\"https:\\\/\\\/blogdofarnesio.com.br\\\/?p=298100#respond\"]}]},{\"@type\":\"WebPage\",\"@id\":\"https:\\\/\\\/blogdofarnesio.com.br\\\/?p=298100\",\"url\":\"https:\\\/\\\/blogdofarnesio.com.br\\\/?p=298100\",\"name\":\"Brasil est\u00e1 pr\u00f3ximo de atingir o primeiro bilh\u00e3o de d\u00f3lares em exporta\u00e7\u00f5es de frutas em 2021 - Blog do Farn\u00e9sio\",\"isPartOf\":{\"@id\":\"https:\\\/\\\/blogdofarnesio.com.br\\\/#website\"},\"primaryImageOfPage\":{\"@id\":\"https:\\\/\\\/blogdofarnesio.com.br\\\/?p=298100#primaryimage\"},\"image\":{\"@id\":\"https:\\\/\\\/blogdofarnesio.com.br\\\/?p=298100#primaryimage\"},\"thumbnailUrl\":\"https:\\\/\\\/blogdofarnesio.com.br\\\/wp-content\\\/uploads\\\/2020\\\/06\\\/blogqspagrocultura-frutas-Arte-1.jpg\",\"datePublished\":\"2021-10-20T17:00:50+00:00\",\"breadcrumb\":{\"@id\":\"https:\\\/\\\/blogdofarnesio.com.br\\\/?p=298100#breadcrumb\"},\"inLanguage\":\"pt-BR\",\"potentialAction\":[{\"@type\":\"ReadAction\",\"target\":[\"https:\\\/\\\/blogdofarnesio.com.br\\\/?p=298100\"]}]},{\"@type\":\"ImageObject\",\"inLanguage\":\"pt-BR\",\"@id\":\"https:\\\/\\\/blogdofarnesio.com.br\\\/?p=298100#primaryimage\",\"url\":\"https:\\\/\\\/blogdofarnesio.com.br\\\/wp-content\\\/uploads\\\/2020\\\/06\\\/blogqspagrocultura-frutas-Arte-1.jpg\",\"contentUrl\":\"https:\\\/\\\/blogdofarnesio.com.br\\\/wp-content\\\/uploads\\\/2020\\\/06\\\/blogqspagrocultura-frutas-Arte-1.jpg\",\"width\":684,\"height\":456},{\"@type\":\"BreadcrumbList\",\"@id\":\"https:\\\/\\\/blogdofarnesio.com.br\\\/?p=298100#breadcrumb\",\"itemListElement\":[{\"@type\":\"ListItem\",\"position\":1,\"name\":\"In\u00edcio\",\"item\":\"https:\\\/\\\/blogdofarnesio.com.br\\\/\"},{\"@type\":\"ListItem\",\"position\":2,\"name\":\"Brasil est\u00e1 pr\u00f3ximo de atingir o primeiro bilh\u00e3o de d\u00f3lares em exporta\u00e7\u00f5es de frutas em 2021\"}]},{\"@type\":\"WebSite\",\"@id\":\"https:\\\/\\\/blogdofarnesio.com.br\\\/#website\",\"url\":\"https:\\\/\\\/blogdofarnesio.com.br\\\/\",\"name\":\"Blog do Farn\u00e9sio\",\"description\":\"Quer Saber Pol\u00edtica?\",\"publisher\":{\"@id\":\"https:\\\/\\\/blogdofarnesio.com.br\\\/#organization\"},\"potentialAction\":[{\"@type\":\"SearchAction\",\"target\":{\"@type\":\"EntryPoint\",\"urlTemplate\":\"https:\\\/\\\/blogdofarnesio.com.br\\\/?s={search_term_string}\"},\"query-input\":{\"@type\":\"PropertyValueSpecification\",\"valueRequired\":true,\"valueName\":\"search_term_string\"}}],\"inLanguage\":\"pt-BR\"},{\"@type\":\"Organization\",\"@id\":\"https:\\\/\\\/blogdofarnesio.com.br\\\/#organization\",\"name\":\"Blog do Farn\u00e9sio\",\"url\":\"https:\\\/\\\/blogdofarnesio.com.br\\\/\",\"logo\":{\"@type\":\"ImageObject\",\"inLanguage\":\"pt-BR\",\"@id\":\"https:\\\/\\\/blogdofarnesio.com.br\\\/#\\\/schema\\\/logo\\\/image\\\/\",\"url\":\"https:\\\/\\\/blogdofarnesio.com.br\\\/wp-content\\\/uploads\\\/2026\\\/03\\\/cropped-logo_new-1.png\",\"contentUrl\":\"https:\\\/\\\/blogdofarnesio.com.br\\\/wp-content\\\/uploads\\\/2026\\\/03\\\/cropped-logo_new-1.png\",\"width\":881,\"height\":685,\"caption\":\"Blog do Farn\u00e9sio\"},\"image\":{\"@id\":\"https:\\\/\\\/blogdofarnesio.com.br\\\/#\\\/schema\\\/logo\\\/image\\\/\"},\"sameAs\":[\"https:\\\/\\\/www.facebook.com\\\/BlogQuerSaberPolitica\\\/\"]},{\"@type\":\"Person\",\"@id\":\"https:\\\/\\\/blogdofarnesio.com.br\\\/#\\\/schema\\\/person\\\/bb9b23ae3ad0609ce8df7b6c9e76824d\",\"name\":\"Farn\u00e9sio\",\"image\":{\"@type\":\"ImageObject\",\"inLanguage\":\"pt-BR\",\"@id\":\"https:\\\/\\\/secure.gravatar.com\\\/avatar\\\/986aa4c61ccdb66f8555bf88fc2a65609d00bcabd4d2d94377a727547345cbca?s=96&d=mm&r=g\",\"url\":\"https:\\\/\\\/secure.gravatar.com\\\/avatar\\\/986aa4c61ccdb66f8555bf88fc2a65609d00bcabd4d2d94377a727547345cbca?s=96&d=mm&r=g\",\"contentUrl\":\"https:\\\/\\\/secure.gravatar.com\\\/avatar\\\/986aa4c61ccdb66f8555bf88fc2a65609d00bcabd4d2d94377a727547345cbca?s=96&d=mm&r=g\",\"caption\":\"Farn\u00e9sio\"},\"description\":\"Radialista blogueiro, chegou a Petrolina\\\/Juazeiro em setembro de 1980, Farn\u00e9sio Silva \u00e9 de Arapiraca-Alagoas.\",\"sameAs\":[\"http:\\\/\\\/blogdofarnesio.com.br\",\"https:\\\/\\\/www.facebook.com\\\/?ref=tn_tnmn\",\"https:\\\/\\\/www.instagram.com\\\/?utm_source=pwa_homescreen\",\"https:\\\/\\\/youtube.com.br\\\/\"],\"url\":\"https:\\\/\\\/blogdofarnesio.com.br\\\/?author=2\"}]}<\/script>\n<!-- \/ Yoast SEO plugin. -->","yoast_head_json":{"title":"Brasil est\u00e1 pr\u00f3ximo de atingir o primeiro bilh\u00e3o de d\u00f3lares em exporta\u00e7\u00f5es de frutas em 2021 - Blog do Farn\u00e9sio","robots":{"index":"index","follow":"follow","max-snippet":"max-snippet:-1","max-image-preview":"max-image-preview:large","max-video-preview":"max-video-preview:-1"},"canonical":"https:\/\/blogdofarnesio.com.br\/?p=298100","og_locale":"pt_BR","og_type":"article","og_title":"Brasil est\u00e1 pr\u00f3ximo de atingir o primeiro bilh\u00e3o de d\u00f3lares em exporta\u00e7\u00f5es de frutas em 2021 - Blog do Farn\u00e9sio","og_description":"20% de aumento em volume e 27% em valor deixam produtores animados Os n\u00fameros crescem e o setor de frutas comemora, com 20% de aumento no volume de frutas exportadas neste terceiro trimestre do ano, comparado com 2019, setor registra o embarque de mais 757 mil toneladas de frutas enviadas para o exterior. O faturamento aumentou 27%, foram vendidas cerca 652 milh\u00f5es de d\u00f3lares de frutas para o mercado internacional, n\u00fameros que tem deixado o setor bastante animado, pois est\u00e3o pr\u00f3ximos de alcan\u00e7arem a meta de 1 bilh\u00e3o de d\u00f3lares em exporta\u00e7\u00f5es. Mesmo com a falta de cont\u00eaineres e aumento dos fretes mar\u00edtimos, o Brasil tem registrado alta nas exporta\u00e7\u00f5es de frutas. Destaque para uva com aumento de 73%, seguida&hellip;","og_url":"https:\/\/blogdofarnesio.com.br\/?p=298100","og_site_name":"Blog do Farn\u00e9sio","article_publisher":"https:\/\/www.facebook.com\/BlogQuerSaberPolitica\/","article_author":"https:\/\/www.facebook.com\/?ref=tn_tnmn","article_published_time":"2021-10-20T17:00:50+00:00","og_image":[{"width":684,"height":456,"url":"https:\/\/blogdofarnesio.com.br\/wp-content\/uploads\/2020\/06\/blogqspagrocultura-frutas-Arte-1.jpg","type":"image\/jpeg"}],"author":"Farn\u00e9sio","twitter_card":"summary_large_image","twitter_misc":{"Escrito por":"Farn\u00e9sio","Est. tempo de leitura":"3 minutos"},"schema":{"@context":"https:\/\/schema.org","@graph":[{"@type":"Article","@id":"https:\/\/blogdofarnesio.com.br\/?p=298100#article","isPartOf":{"@id":"https:\/\/blogdofarnesio.com.br\/?p=298100"},"author":{"name":"Farn\u00e9sio","@id":"https:\/\/blogdofarnesio.com.br\/#\/schema\/person\/bb9b23ae3ad0609ce8df7b6c9e76824d"},"headline":"Brasil est\u00e1 pr\u00f3ximo de atingir o primeiro bilh\u00e3o de d\u00f3lares em exporta\u00e7\u00f5es de frutas em 2021","datePublished":"2021-10-20T17:00:50+00:00","mainEntityOfPage":{"@id":"https:\/\/blogdofarnesio.com.br\/?p=298100"},"wordCount":610,"commentCount":0,"publisher":{"@id":"https:\/\/blogdofarnesio.com.br\/#organization"},"image":{"@id":"https:\/\/blogdofarnesio.com.br\/?p=298100#primaryimage"},"thumbnailUrl":"https:\/\/blogdofarnesio.com.br\/wp-content\/uploads\/2020\/06\/blogqspagrocultura-frutas-Arte-1.jpg","articleSection":["Fruticultura"],"inLanguage":"pt-BR","potentialAction":[{"@type":"CommentAction","name":"Comment","target":["https:\/\/blogdofarnesio.com.br\/?p=298100#respond"]}]},{"@type":"WebPage","@id":"https:\/\/blogdofarnesio.com.br\/?p=298100","url":"https:\/\/blogdofarnesio.com.br\/?p=298100","name":"Brasil est\u00e1 pr\u00f3ximo de atingir o primeiro bilh\u00e3o de d\u00f3lares em exporta\u00e7\u00f5es de frutas em 2021 - Blog do Farn\u00e9sio","isPartOf":{"@id":"https:\/\/blogdofarnesio.com.br\/#website"},"primaryImageOfPage":{"@id":"https:\/\/blogdofarnesio.com.br\/?p=298100#primaryimage"},"image":{"@id":"https:\/\/blogdofarnesio.com.br\/?p=298100#primaryimage"},"thumbnailUrl":"https:\/\/blogdofarnesio.com.br\/wp-content\/uploads\/2020\/06\/blogqspagrocultura-frutas-Arte-1.jpg","datePublished":"2021-10-20T17:00:50+00:00","breadcrumb":{"@id":"https:\/\/blogdofarnesio.com.br\/?p=298100#breadcrumb"},"inLanguage":"pt-BR","potentialAction":[{"@type":"ReadAction","target":["https:\/\/blogdofarnesio.com.br\/?p=298100"]}]},{"@type":"ImageObject","inLanguage":"pt-BR","@id":"https:\/\/blogdofarnesio.com.br\/?p=298100#primaryimage","url":"https:\/\/blogdofarnesio.com.br\/wp-content\/uploads\/2020\/06\/blogqspagrocultura-frutas-Arte-1.jpg","contentUrl":"https:\/\/blogdofarnesio.com.br\/wp-content\/uploads\/2020\/06\/blogqspagrocultura-frutas-Arte-1.jpg","width":684,"height":456},{"@type":"BreadcrumbList","@id":"https:\/\/blogdofarnesio.com.br\/?p=298100#breadcrumb","itemListElement":[{"@type":"ListItem","position":1,"name":"In\u00edcio","item":"https:\/\/blogdofarnesio.com.br\/"},{"@type":"ListItem","position":2,"name":"Brasil est\u00e1 pr\u00f3ximo de atingir o primeiro bilh\u00e3o de d\u00f3lares em exporta\u00e7\u00f5es de frutas em 2021"}]},{"@type":"WebSite","@id":"https:\/\/blogdofarnesio.com.br\/#website","url":"https:\/\/blogdofarnesio.com.br\/","name":"Blog do Farn\u00e9sio","description":"Quer Saber Pol\u00edtica?","publisher":{"@id":"https:\/\/blogdofarnesio.com.br\/#organization"},"potentialAction":[{"@type":"SearchAction","target":{"@type":"EntryPoint","urlTemplate":"https:\/\/blogdofarnesio.com.br\/?s={search_term_string}"},"query-input":{"@type":"PropertyValueSpecification","valueRequired":true,"valueName":"search_term_string"}}],"inLanguage":"pt-BR"},{"@type":"Organization","@id":"https:\/\/blogdofarnesio.com.br\/#organization","name":"Blog do Farn\u00e9sio","url":"https:\/\/blogdofarnesio.com.br\/","logo":{"@type":"ImageObject","inLanguage":"pt-BR","@id":"https:\/\/blogdofarnesio.com.br\/#\/schema\/logo\/image\/","url":"https:\/\/blogdofarnesio.com.br\/wp-content\/uploads\/2026\/03\/cropped-logo_new-1.png","contentUrl":"https:\/\/blogdofarnesio.com.br\/wp-content\/uploads\/2026\/03\/cropped-logo_new-1.png","width":881,"height":685,"caption":"Blog do Farn\u00e9sio"},"image":{"@id":"https:\/\/blogdofarnesio.com.br\/#\/schema\/logo\/image\/"},"sameAs":["https:\/\/www.facebook.com\/BlogQuerSaberPolitica\/"]},{"@type":"Person","@id":"https:\/\/blogdofarnesio.com.br\/#\/schema\/person\/bb9b23ae3ad0609ce8df7b6c9e76824d","name":"Farn\u00e9sio","image":{"@type":"ImageObject","inLanguage":"pt-BR","@id":"https:\/\/secure.gravatar.com\/avatar\/986aa4c61ccdb66f8555bf88fc2a65609d00bcabd4d2d94377a727547345cbca?s=96&d=mm&r=g","url":"https:\/\/secure.gravatar.com\/avatar\/986aa4c61ccdb66f8555bf88fc2a65609d00bcabd4d2d94377a727547345cbca?s=96&d=mm&r=g","contentUrl":"https:\/\/secure.gravatar.com\/avatar\/986aa4c61ccdb66f8555bf88fc2a65609d00bcabd4d2d94377a727547345cbca?s=96&d=mm&r=g","caption":"Farn\u00e9sio"},"description":"Radialista blogueiro, chegou a Petrolina\/Juazeiro em setembro de 1980, Farn\u00e9sio Silva \u00e9 de Arapiraca-Alagoas.","sameAs":["http:\/\/blogdofarnesio.com.br","https:\/\/www.facebook.com\/?ref=tn_tnmn","https:\/\/www.instagram.com\/?utm_source=pwa_homescreen","https:\/\/youtube.com.br\/"],"url":"https:\/\/blogdofarnesio.com.br\/?author=2"}]}},"_links":{"self":[{"href":"https:\/\/blogdofarnesio.com.br\/index.php?rest_route=\/wp\/v2\/posts\/298100","targetHints":{"allow":["GET"]}}],"collection":[{"href":"https:\/\/blogdofarnesio.com.br\/index.php?rest_route=\/wp\/v2\/posts"}],"about":[{"href":"https:\/\/blogdofarnesio.com.br\/index.php?rest_route=\/wp\/v2\/types\/post"}],"author":[{"embeddable":true,"href":"https:\/\/blogdofarnesio.com.br\/index.php?rest_route=\/wp\/v2\/users\/2"}],"replies":[{"embeddable":true,"href":"https:\/\/blogdofarnesio.com.br\/index.php?rest_route=%2Fwp%2Fv2%2Fcomments&post=298100"}],"version-history":[{"count":0,"href":"https:\/\/blogdofarnesio.com.br\/index.php?rest_route=\/wp\/v2\/posts\/298100\/revisions"}],"wp:featuredmedia":[{"embeddable":true,"href":"https:\/\/blogdofarnesio.com.br\/index.php?rest_route=\/wp\/v2\/media\/259120"}],"wp:attachment":[{"href":"https:\/\/blogdofarnesio.com.br\/index.php?rest_route=%2Fwp%2Fv2%2Fmedia&parent=298100"}],"wp:term":[{"taxonomy":"category","embeddable":true,"href":"https:\/\/blogdofarnesio.com.br\/index.php?rest_route=%2Fwp%2Fv2%2Fcategories&post=298100"},{"taxonomy":"post_tag","embeddable":true,"href":"https:\/\/blogdofarnesio.com.br\/index.php?rest_route=%2Fwp%2Fv2%2Ftags&post=298100"}],"curies":[{"name":"wp","href":"https:\/\/api.w.org\/{rel}","templated":true}]}}