{"id":298086,"date":"2021-10-20T10:44:53","date_gmt":"2021-10-20T13:44:53","guid":{"rendered":"https:\/\/blogdofarnesio.com.br\/?p=298086"},"modified":"2021-10-20T10:25:30","modified_gmt":"2021-10-20T13:25:30","slug":"ministro-assina-edital-para-obras-de-projetos-do-programa-jornada-das-aguas-em-juazeiro","status":"publish","type":"post","link":"https:\/\/blogdofarnesio.com.br\/?p=298086","title":{"rendered":"Ministro assina edital para obras de projetos do programa Jornada das \u00c1guas em Juazeiro"},"content":{"rendered":"<p style=\"font-weight: 400;\">Por: Carlos Humberto &#8211;<\/p>\n<p style=\"font-weight: 400;\">O Centro de Excel\u00eancia em Fruticultura do Senar, na cidade de Juazeiro, Norte da Bahia, foi palco, nesta ter\u00e7a-feira (19), da segunda etapa do evento Jornada das \u00c1guas, programa de iniciativa do Governo Federal, atrav\u00e9s do Minist\u00e9rio do Desenvolvimento Regional (MDR) e participa\u00e7\u00e3o do Sebrae Nacional, criado com o objetivo de emancipar a popula\u00e7\u00e3o do semi\u00e1rido brasileiro, propiciando as condi\u00e7\u00f5es para uma conviv\u00eancia digna com a seca.<\/p>\n<p style=\"font-weight: 400;\">O encontro, que debateu propostas para o setor de fruticultura e levou para a regi\u00e3o obras estruturantes que ir\u00e3o beneficiar a popula\u00e7\u00e3o de dezenas de munic\u00edpios, entre eles Juazeiro, teve \u00e0 frente o ministro titular do MDR, Rog\u00e9rio Marinho, e reuniu autoridades como o presidente da Codevasf, Marcelo Moreira; o superintendente do Sebrae Bahia, Jorge Khoury; a prefeita de Juazeiro, Suzana Ramos, o presidente do Sistema FAEB\/SENAR, Humberto Miranda, al\u00e9m de autoridades locais, dezenas de prefeitos e vereadores da regi\u00e3o, produtores rurais, t\u00e9cnicos do setor de agroneg\u00f3cios e imprensa de todo pa\u00eds.<\/p>\n<p style=\"font-weight: 400;\"><strong>Programa\u00e7\u00e3o<\/strong><\/p>\n<p style=\"font-weight: 400;\">A extensa programa\u00e7\u00e3o teve in\u00edcio \u00e0s 8h30, com a realiza\u00e7\u00e3o do workshop \u201cA\u00e7\u00f5es de Apoio e Desafios da Fruticultura Irrigada\u201d, dividido em cinco pain\u00e9is apresentados pelos palestrantes Jorge Souza, da ABRAFRUTAS, Thiago Queiroz, da FAO, Carlos Cointeiro, do Sebrae em Juazeiro, Jo\u00e3o Tosta, da Codevasf, e Carlos Neiva, da Prefeitura Municipal de Juazeiro.<\/p>\n<p style=\"font-weight: 400;\">Na segunda parte do encontro, ap\u00f3s falas da prefeita Suzana Ramos, do presidente da Codevasf, Marcelo Moreira e outras autoridades, o superintendente do Sebrae da Bahia enalteceu o trabalho do Ministro Rog\u00e9rio Marinho \u00e0 frente do MDR.<\/p>\n<p style=\"font-weight: 400;\">\u201cAo contr\u00e1rio do que n\u00f3s, nordestinos, estamos acostumados a ver, o senhor pretende transformar o Nordeste numa refer\u00eancia nacional ao apresent\u00e1-lo sob a vis\u00e3o de uma regi\u00e3o produtiva, uma verdadeira refer\u00eancia para a economia nacional. Posso dizer que nunca vi uma a\u00e7\u00e3o t\u00e3o concreta nessa \u00e1rea para a nossa regi\u00e3o quanto essa que o senhor nos traz aqui hoje. Isso \u00e9 louv\u00e1vel e s\u00f3 temos a agradecer\u201d, refor\u00e7ou Jorge Khoury.<\/p>\n<p style=\"font-weight: 400;\">Ap\u00f3s apresenta\u00e7\u00e3o de v\u00eddeos com explica\u00e7\u00f5es t\u00e9cnicas dos projetos, o ministro Rog\u00e9rio Marinho assinou o edital para elabora\u00e7\u00e3o de estudos ambientais e projetos b\u00e1sicos do Canal do Sert\u00e3o Baiano, obra estruturante que ir\u00e1 beneficiar 1,5 milh\u00e3o de pessoas em 44 cidades do interior da Bahia, com previs\u00e3o de conclus\u00e3o em 10 anos, e levar\u00e1 \u00e1gua para consumo humano e dessedenta\u00e7\u00e3o animal e agricultura.<\/p>\n<p style=\"font-weight: 400;\">Tamb\u00e9m foi assinado edital para a concess\u00e3o das etapas 3 a 9 do Per\u00edmetro Irrigado do Baixio do Irec\u00ea, que ir\u00e1 gerar 180 mil empregos e beneficiar 250 mil pessoas e, quando finalizado, ser\u00e1 o maior projeto de irriga\u00e7\u00e3o da Am\u00e9rica Latina.<\/p>\n<p style=\"font-weight: 400;\">No encerramento, ap\u00f3s agradecer a acolhida, o ministro Marinho marcou o evento com a seguinte frase: \u201cNosso objetivo, nesse momento, n\u00e3o \u00e9 apenas entregar obras. Mas, principalmente, mudar marcos regulat\u00f3rios\u201d, finalizou.<\/p>\n<p style=\"font-weight: 400;\"><strong>Ag\u00eancia Sebrae de Not\u00edcias Bahia<\/strong><\/p>\n","protected":false},"excerpt":{"rendered":"<p>Por: Carlos Humberto &#8211; O Centro de Excel\u00eancia em Fruticultura do Senar, na cidade de Juazeiro, Norte da Bahia, foi palco, nesta ter\u00e7a-feira (19), da segunda etapa do evento Jornada das \u00c1guas, programa de iniciativa do Governo Federal, atrav\u00e9s do Minist\u00e9rio do Desenvolvimento Regional (MDR) e participa\u00e7\u00e3o do Sebrae Nacional, criado com o objetivo de emancipar a popula\u00e7\u00e3o do semi\u00e1rido brasileiro, propiciando as condi\u00e7\u00f5es para uma conviv\u00eancia digna com a seca. O encontro, que debateu propostas para o setor de fruticultura e levou para a regi\u00e3o obras estruturantes que ir\u00e3o beneficiar a popula\u00e7\u00e3o de dezenas de munic\u00edpios, entre eles Juazeiro, teve \u00e0 frente o ministro titular do MDR, Rog\u00e9rio Marinho, e reuniu autoridades como o presidente da Codevasf, Marcelo Moreira;&hellip; <\/p>\n","protected":false},"author":2,"featured_media":237701,"comment_status":"open","ping_status":"open","sticky":false,"template":"","format":"standard","meta":{"_acf_changed":false,"footnotes":""},"categories":[56],"tags":[],"class_list":["post-298086","post","type-post","status-publish","format-standard","has-post-thumbnail","hentry","category-agua"],"acf":[],"yoast_head":"<!-- This site is optimized with the Yoast SEO plugin v27.4 - https:\/\/yoast.com\/product\/yoast-seo-wordpress\/ -->\n<title>Ministro assina edital para obras de projetos do programa Jornada das \u00c1guas em Juazeiro - Blog do Farn\u00e9sio<\/title>\n<meta name=\"robots\" content=\"index, follow, max-snippet:-1, max-image-preview:large, max-video-preview:-1\" \/>\n<link rel=\"canonical\" href=\"https:\/\/blogdofarnesio.com.br\/?p=298086\" \/>\n<meta property=\"og:locale\" content=\"pt_BR\" \/>\n<meta property=\"og:type\" content=\"article\" \/>\n<meta property=\"og:title\" content=\"Ministro assina edital para obras de projetos do programa Jornada das \u00c1guas em Juazeiro - Blog do Farn\u00e9sio\" \/>\n<meta property=\"og:description\" content=\"Por: Carlos Humberto &#8211; O Centro de Excel\u00eancia em Fruticultura do Senar, na cidade de Juazeiro, Norte da Bahia, foi palco, nesta ter\u00e7a-feira (19), da segunda etapa do evento Jornada das \u00c1guas, programa de iniciativa do Governo Federal, atrav\u00e9s do Minist\u00e9rio do Desenvolvimento Regional (MDR) e participa\u00e7\u00e3o do Sebrae Nacional, criado com o objetivo de emancipar a popula\u00e7\u00e3o do semi\u00e1rido brasileiro, propiciando as condi\u00e7\u00f5es para uma conviv\u00eancia digna com a seca. O encontro, que debateu propostas para o setor de fruticultura e levou para a regi\u00e3o obras estruturantes que ir\u00e3o beneficiar a popula\u00e7\u00e3o de dezenas de munic\u00edpios, entre eles Juazeiro, teve \u00e0 frente o ministro titular do MDR, Rog\u00e9rio Marinho, e reuniu autoridades como o presidente da Codevasf, Marcelo Moreira;&hellip;\" \/>\n<meta property=\"og:url\" content=\"https:\/\/blogdofarnesio.com.br\/?p=298086\" \/>\n<meta property=\"og:site_name\" content=\"Blog do Farn\u00e9sio\" \/>\n<meta property=\"article:publisher\" content=\"https:\/\/www.facebook.com\/BlogQuerSaberPolitica\/\" \/>\n<meta property=\"article:author\" content=\"https:\/\/www.facebook.com\/?ref=tn_tnmn\" \/>\n<meta property=\"article:published_time\" content=\"2021-10-20T13:44:53+00:00\" \/>\n<meta property=\"og:image\" content=\"https:\/\/blogdofarnesio.com.br\/wp-content\/uploads\/2019\/09\/blogqsp-Jorge-Khoury.jpg\" \/>\n\t<meta property=\"og:image:width\" content=\"640\" \/>\n\t<meta property=\"og:image:height\" content=\"452\" \/>\n\t<meta property=\"og:image:type\" content=\"image\/jpeg\" \/>\n<meta name=\"author\" content=\"Farn\u00e9sio\" \/>\n<meta name=\"twitter:card\" content=\"summary_large_image\" \/>\n<meta name=\"twitter:label1\" content=\"Escrito por\" \/>\n\t<meta name=\"twitter:data1\" content=\"Farn\u00e9sio\" \/>\n\t<meta name=\"twitter:label2\" content=\"Est. tempo de leitura\" \/>\n\t<meta name=\"twitter:data2\" content=\"3 minutos\" \/>\n<script type=\"application\/ld+json\" class=\"yoast-schema-graph\">{\"@context\":\"https:\\\/\\\/schema.org\",\"@graph\":[{\"@type\":\"Article\",\"@id\":\"https:\\\/\\\/blogdofarnesio.com.br\\\/?p=298086#article\",\"isPartOf\":{\"@id\":\"https:\\\/\\\/blogdofarnesio.com.br\\\/?p=298086\"},\"author\":{\"name\":\"Farn\u00e9sio\",\"@id\":\"https:\\\/\\\/blogdofarnesio.com.br\\\/#\\\/schema\\\/person\\\/bb9b23ae3ad0609ce8df7b6c9e76824d\"},\"headline\":\"Ministro assina edital para obras de projetos do programa Jornada das \u00c1guas em Juazeiro\",\"datePublished\":\"2021-10-20T13:44:53+00:00\",\"mainEntityOfPage\":{\"@id\":\"https:\\\/\\\/blogdofarnesio.com.br\\\/?p=298086\"},\"wordCount\":531,\"commentCount\":0,\"publisher\":{\"@id\":\"https:\\\/\\\/blogdofarnesio.com.br\\\/#organization\"},\"image\":{\"@id\":\"https:\\\/\\\/blogdofarnesio.com.br\\\/?p=298086#primaryimage\"},\"thumbnailUrl\":\"https:\\\/\\\/blogdofarnesio.com.br\\\/wp-content\\\/uploads\\\/2019\\\/09\\\/blogqsp-Jorge-Khoury.jpg\",\"articleSection\":[\"\u00c1gua\"],\"inLanguage\":\"pt-BR\",\"potentialAction\":[{\"@type\":\"CommentAction\",\"name\":\"Comment\",\"target\":[\"https:\\\/\\\/blogdofarnesio.com.br\\\/?p=298086#respond\"]}]},{\"@type\":\"WebPage\",\"@id\":\"https:\\\/\\\/blogdofarnesio.com.br\\\/?p=298086\",\"url\":\"https:\\\/\\\/blogdofarnesio.com.br\\\/?p=298086\",\"name\":\"Ministro assina edital para obras de projetos do programa Jornada das \u00c1guas em Juazeiro - Blog do Farn\u00e9sio\",\"isPartOf\":{\"@id\":\"https:\\\/\\\/blogdofarnesio.com.br\\\/#website\"},\"primaryImageOfPage\":{\"@id\":\"https:\\\/\\\/blogdofarnesio.com.br\\\/?p=298086#primaryimage\"},\"image\":{\"@id\":\"https:\\\/\\\/blogdofarnesio.com.br\\\/?p=298086#primaryimage\"},\"thumbnailUrl\":\"https:\\\/\\\/blogdofarnesio.com.br\\\/wp-content\\\/uploads\\\/2019\\\/09\\\/blogqsp-Jorge-Khoury.jpg\",\"datePublished\":\"2021-10-20T13:44:53+00:00\",\"breadcrumb\":{\"@id\":\"https:\\\/\\\/blogdofarnesio.com.br\\\/?p=298086#breadcrumb\"},\"inLanguage\":\"pt-BR\",\"potentialAction\":[{\"@type\":\"ReadAction\",\"target\":[\"https:\\\/\\\/blogdofarnesio.com.br\\\/?p=298086\"]}]},{\"@type\":\"ImageObject\",\"inLanguage\":\"pt-BR\",\"@id\":\"https:\\\/\\\/blogdofarnesio.com.br\\\/?p=298086#primaryimage\",\"url\":\"https:\\\/\\\/blogdofarnesio.com.br\\\/wp-content\\\/uploads\\\/2019\\\/09\\\/blogqsp-Jorge-Khoury.jpg\",\"contentUrl\":\"https:\\\/\\\/blogdofarnesio.com.br\\\/wp-content\\\/uploads\\\/2019\\\/09\\\/blogqsp-Jorge-Khoury.jpg\",\"width\":640,\"height\":452,\"caption\":\"20180704_ Superintendente do Sebrae Bahia, Jorge Khoury. Foto Dar\u00edo G.Neto\\\/ASN. Esta fotografia oficial da Ag\u00eancia Sebrae de Not\u00edcias \u00e9 disponibilizada apenas para uso jornal\u00edstico, podendo ser publicada por ve\u00edculos noticiosos e assessorias de comunica\u00e7\u00e3o. Tamb\u00e9m est\u00e1 dispon\u00edvel para uso pessoal pelo(s) sujeito(s) que aparecem na imagem. A fotografia n\u00e3o pode ser manipulada de qualquer maneira e n\u00e3o pode ser utilizada em materiais publicit\u00e1rios, promocionais, comerciais ou pol\u00edticos. \u00c9 obrigat\u00f3rio, como previsto na lei do direito autoral ( n.\u00ba 9.610 de 19\\\/02\\\/1998), a divulga\u00e7\u00e3o do \u201cnome do autor\\\/ASN Bahia\u201d junto com a pr\u00f3pria imagem.\"},{\"@type\":\"BreadcrumbList\",\"@id\":\"https:\\\/\\\/blogdofarnesio.com.br\\\/?p=298086#breadcrumb\",\"itemListElement\":[{\"@type\":\"ListItem\",\"position\":1,\"name\":\"In\u00edcio\",\"item\":\"https:\\\/\\\/blogdofarnesio.com.br\\\/\"},{\"@type\":\"ListItem\",\"position\":2,\"name\":\"Ministro assina edital para obras de projetos do programa Jornada das \u00c1guas em Juazeiro\"}]},{\"@type\":\"WebSite\",\"@id\":\"https:\\\/\\\/blogdofarnesio.com.br\\\/#website\",\"url\":\"https:\\\/\\\/blogdofarnesio.com.br\\\/\",\"name\":\"Blog do Farn\u00e9sio\",\"description\":\"Quer Saber Pol\u00edtica?\",\"publisher\":{\"@id\":\"https:\\\/\\\/blogdofarnesio.com.br\\\/#organization\"},\"potentialAction\":[{\"@type\":\"SearchAction\",\"target\":{\"@type\":\"EntryPoint\",\"urlTemplate\":\"https:\\\/\\\/blogdofarnesio.com.br\\\/?s={search_term_string}\"},\"query-input\":{\"@type\":\"PropertyValueSpecification\",\"valueRequired\":true,\"valueName\":\"search_term_string\"}}],\"inLanguage\":\"pt-BR\"},{\"@type\":\"Organization\",\"@id\":\"https:\\\/\\\/blogdofarnesio.com.br\\\/#organization\",\"name\":\"Blog do Farn\u00e9sio\",\"url\":\"https:\\\/\\\/blogdofarnesio.com.br\\\/\",\"logo\":{\"@type\":\"ImageObject\",\"inLanguage\":\"pt-BR\",\"@id\":\"https:\\\/\\\/blogdofarnesio.com.br\\\/#\\\/schema\\\/logo\\\/image\\\/\",\"url\":\"https:\\\/\\\/blogdofarnesio.com.br\\\/wp-content\\\/uploads\\\/2026\\\/03\\\/cropped-logo_new-1.png\",\"contentUrl\":\"https:\\\/\\\/blogdofarnesio.com.br\\\/wp-content\\\/uploads\\\/2026\\\/03\\\/cropped-logo_new-1.png\",\"width\":881,\"height\":685,\"caption\":\"Blog do Farn\u00e9sio\"},\"image\":{\"@id\":\"https:\\\/\\\/blogdofarnesio.com.br\\\/#\\\/schema\\\/logo\\\/image\\\/\"},\"sameAs\":[\"https:\\\/\\\/www.facebook.com\\\/BlogQuerSaberPolitica\\\/\"]},{\"@type\":\"Person\",\"@id\":\"https:\\\/\\\/blogdofarnesio.com.br\\\/#\\\/schema\\\/person\\\/bb9b23ae3ad0609ce8df7b6c9e76824d\",\"name\":\"Farn\u00e9sio\",\"image\":{\"@type\":\"ImageObject\",\"inLanguage\":\"pt-BR\",\"@id\":\"https:\\\/\\\/secure.gravatar.com\\\/avatar\\\/986aa4c61ccdb66f8555bf88fc2a65609d00bcabd4d2d94377a727547345cbca?s=96&d=mm&r=g\",\"url\":\"https:\\\/\\\/secure.gravatar.com\\\/avatar\\\/986aa4c61ccdb66f8555bf88fc2a65609d00bcabd4d2d94377a727547345cbca?s=96&d=mm&r=g\",\"contentUrl\":\"https:\\\/\\\/secure.gravatar.com\\\/avatar\\\/986aa4c61ccdb66f8555bf88fc2a65609d00bcabd4d2d94377a727547345cbca?s=96&d=mm&r=g\",\"caption\":\"Farn\u00e9sio\"},\"description\":\"Radialista blogueiro, chegou a Petrolina\\\/Juazeiro em setembro de 1980, Farn\u00e9sio Silva \u00e9 de Arapiraca-Alagoas.\",\"sameAs\":[\"http:\\\/\\\/blogdofarnesio.com.br\",\"https:\\\/\\\/www.facebook.com\\\/?ref=tn_tnmn\",\"https:\\\/\\\/www.instagram.com\\\/?utm_source=pwa_homescreen\",\"https:\\\/\\\/youtube.com.br\\\/\"],\"url\":\"https:\\\/\\\/blogdofarnesio.com.br\\\/?author=2\"}]}<\/script>\n<!-- \/ Yoast SEO plugin. -->","yoast_head_json":{"title":"Ministro assina edital para obras de projetos do programa Jornada das \u00c1guas em Juazeiro - Blog do Farn\u00e9sio","robots":{"index":"index","follow":"follow","max-snippet":"max-snippet:-1","max-image-preview":"max-image-preview:large","max-video-preview":"max-video-preview:-1"},"canonical":"https:\/\/blogdofarnesio.com.br\/?p=298086","og_locale":"pt_BR","og_type":"article","og_title":"Ministro assina edital para obras de projetos do programa Jornada das \u00c1guas em Juazeiro - Blog do Farn\u00e9sio","og_description":"Por: Carlos Humberto &#8211; O Centro de Excel\u00eancia em Fruticultura do Senar, na cidade de Juazeiro, Norte da Bahia, foi palco, nesta ter\u00e7a-feira (19), da segunda etapa do evento Jornada das \u00c1guas, programa de iniciativa do Governo Federal, atrav\u00e9s do Minist\u00e9rio do Desenvolvimento Regional (MDR) e participa\u00e7\u00e3o do Sebrae Nacional, criado com o objetivo de emancipar a popula\u00e7\u00e3o do semi\u00e1rido brasileiro, propiciando as condi\u00e7\u00f5es para uma conviv\u00eancia digna com a seca. O encontro, que debateu propostas para o setor de fruticultura e levou para a regi\u00e3o obras estruturantes que ir\u00e3o beneficiar a popula\u00e7\u00e3o de dezenas de munic\u00edpios, entre eles Juazeiro, teve \u00e0 frente o ministro titular do MDR, Rog\u00e9rio Marinho, e reuniu autoridades como o presidente da Codevasf, Marcelo Moreira;&hellip;","og_url":"https:\/\/blogdofarnesio.com.br\/?p=298086","og_site_name":"Blog do Farn\u00e9sio","article_publisher":"https:\/\/www.facebook.com\/BlogQuerSaberPolitica\/","article_author":"https:\/\/www.facebook.com\/?ref=tn_tnmn","article_published_time":"2021-10-20T13:44:53+00:00","og_image":[{"width":640,"height":452,"url":"https:\/\/blogdofarnesio.com.br\/wp-content\/uploads\/2019\/09\/blogqsp-Jorge-Khoury.jpg","type":"image\/jpeg"}],"author":"Farn\u00e9sio","twitter_card":"summary_large_image","twitter_misc":{"Escrito por":"Farn\u00e9sio","Est. tempo de leitura":"3 minutos"},"schema":{"@context":"https:\/\/schema.org","@graph":[{"@type":"Article","@id":"https:\/\/blogdofarnesio.com.br\/?p=298086#article","isPartOf":{"@id":"https:\/\/blogdofarnesio.com.br\/?p=298086"},"author":{"name":"Farn\u00e9sio","@id":"https:\/\/blogdofarnesio.com.br\/#\/schema\/person\/bb9b23ae3ad0609ce8df7b6c9e76824d"},"headline":"Ministro assina edital para obras de projetos do programa Jornada das \u00c1guas em Juazeiro","datePublished":"2021-10-20T13:44:53+00:00","mainEntityOfPage":{"@id":"https:\/\/blogdofarnesio.com.br\/?p=298086"},"wordCount":531,"commentCount":0,"publisher":{"@id":"https:\/\/blogdofarnesio.com.br\/#organization"},"image":{"@id":"https:\/\/blogdofarnesio.com.br\/?p=298086#primaryimage"},"thumbnailUrl":"https:\/\/blogdofarnesio.com.br\/wp-content\/uploads\/2019\/09\/blogqsp-Jorge-Khoury.jpg","articleSection":["\u00c1gua"],"inLanguage":"pt-BR","potentialAction":[{"@type":"CommentAction","name":"Comment","target":["https:\/\/blogdofarnesio.com.br\/?p=298086#respond"]}]},{"@type":"WebPage","@id":"https:\/\/blogdofarnesio.com.br\/?p=298086","url":"https:\/\/blogdofarnesio.com.br\/?p=298086","name":"Ministro assina edital para obras de projetos do programa Jornada das \u00c1guas em Juazeiro - Blog do Farn\u00e9sio","isPartOf":{"@id":"https:\/\/blogdofarnesio.com.br\/#website"},"primaryImageOfPage":{"@id":"https:\/\/blogdofarnesio.com.br\/?p=298086#primaryimage"},"image":{"@id":"https:\/\/blogdofarnesio.com.br\/?p=298086#primaryimage"},"thumbnailUrl":"https:\/\/blogdofarnesio.com.br\/wp-content\/uploads\/2019\/09\/blogqsp-Jorge-Khoury.jpg","datePublished":"2021-10-20T13:44:53+00:00","breadcrumb":{"@id":"https:\/\/blogdofarnesio.com.br\/?p=298086#breadcrumb"},"inLanguage":"pt-BR","potentialAction":[{"@type":"ReadAction","target":["https:\/\/blogdofarnesio.com.br\/?p=298086"]}]},{"@type":"ImageObject","inLanguage":"pt-BR","@id":"https:\/\/blogdofarnesio.com.br\/?p=298086#primaryimage","url":"https:\/\/blogdofarnesio.com.br\/wp-content\/uploads\/2019\/09\/blogqsp-Jorge-Khoury.jpg","contentUrl":"https:\/\/blogdofarnesio.com.br\/wp-content\/uploads\/2019\/09\/blogqsp-Jorge-Khoury.jpg","width":640,"height":452,"caption":"20180704_ Superintendente do Sebrae Bahia, Jorge Khoury. Foto Dar\u00edo G.Neto\/ASN. Esta fotografia oficial da Ag\u00eancia Sebrae de Not\u00edcias \u00e9 disponibilizada apenas para uso jornal\u00edstico, podendo ser publicada por ve\u00edculos noticiosos e assessorias de comunica\u00e7\u00e3o. Tamb\u00e9m est\u00e1 dispon\u00edvel para uso pessoal pelo(s) sujeito(s) que aparecem na imagem. A fotografia n\u00e3o pode ser manipulada de qualquer maneira e n\u00e3o pode ser utilizada em materiais publicit\u00e1rios, promocionais, comerciais ou pol\u00edticos. \u00c9 obrigat\u00f3rio, como previsto na lei do direito autoral ( n.\u00ba 9.610 de 19\/02\/1998), a divulga\u00e7\u00e3o do \u201cnome do autor\/ASN Bahia\u201d junto com a pr\u00f3pria imagem."},{"@type":"BreadcrumbList","@id":"https:\/\/blogdofarnesio.com.br\/?p=298086#breadcrumb","itemListElement":[{"@type":"ListItem","position":1,"name":"In\u00edcio","item":"https:\/\/blogdofarnesio.com.br\/"},{"@type":"ListItem","position":2,"name":"Ministro assina edital para obras de projetos do programa Jornada das \u00c1guas em Juazeiro"}]},{"@type":"WebSite","@id":"https:\/\/blogdofarnesio.com.br\/#website","url":"https:\/\/blogdofarnesio.com.br\/","name":"Blog do Farn\u00e9sio","description":"Quer Saber Pol\u00edtica?","publisher":{"@id":"https:\/\/blogdofarnesio.com.br\/#organization"},"potentialAction":[{"@type":"SearchAction","target":{"@type":"EntryPoint","urlTemplate":"https:\/\/blogdofarnesio.com.br\/?s={search_term_string}"},"query-input":{"@type":"PropertyValueSpecification","valueRequired":true,"valueName":"search_term_string"}}],"inLanguage":"pt-BR"},{"@type":"Organization","@id":"https:\/\/blogdofarnesio.com.br\/#organization","name":"Blog do Farn\u00e9sio","url":"https:\/\/blogdofarnesio.com.br\/","logo":{"@type":"ImageObject","inLanguage":"pt-BR","@id":"https:\/\/blogdofarnesio.com.br\/#\/schema\/logo\/image\/","url":"https:\/\/blogdofarnesio.com.br\/wp-content\/uploads\/2026\/03\/cropped-logo_new-1.png","contentUrl":"https:\/\/blogdofarnesio.com.br\/wp-content\/uploads\/2026\/03\/cropped-logo_new-1.png","width":881,"height":685,"caption":"Blog do Farn\u00e9sio"},"image":{"@id":"https:\/\/blogdofarnesio.com.br\/#\/schema\/logo\/image\/"},"sameAs":["https:\/\/www.facebook.com\/BlogQuerSaberPolitica\/"]},{"@type":"Person","@id":"https:\/\/blogdofarnesio.com.br\/#\/schema\/person\/bb9b23ae3ad0609ce8df7b6c9e76824d","name":"Farn\u00e9sio","image":{"@type":"ImageObject","inLanguage":"pt-BR","@id":"https:\/\/secure.gravatar.com\/avatar\/986aa4c61ccdb66f8555bf88fc2a65609d00bcabd4d2d94377a727547345cbca?s=96&d=mm&r=g","url":"https:\/\/secure.gravatar.com\/avatar\/986aa4c61ccdb66f8555bf88fc2a65609d00bcabd4d2d94377a727547345cbca?s=96&d=mm&r=g","contentUrl":"https:\/\/secure.gravatar.com\/avatar\/986aa4c61ccdb66f8555bf88fc2a65609d00bcabd4d2d94377a727547345cbca?s=96&d=mm&r=g","caption":"Farn\u00e9sio"},"description":"Radialista blogueiro, chegou a Petrolina\/Juazeiro em setembro de 1980, Farn\u00e9sio Silva \u00e9 de Arapiraca-Alagoas.","sameAs":["http:\/\/blogdofarnesio.com.br","https:\/\/www.facebook.com\/?ref=tn_tnmn","https:\/\/www.instagram.com\/?utm_source=pwa_homescreen","https:\/\/youtube.com.br\/"],"url":"https:\/\/blogdofarnesio.com.br\/?author=2"}]}},"_links":{"self":[{"href":"https:\/\/blogdofarnesio.com.br\/index.php?rest_route=\/wp\/v2\/posts\/298086","targetHints":{"allow":["GET"]}}],"collection":[{"href":"https:\/\/blogdofarnesio.com.br\/index.php?rest_route=\/wp\/v2\/posts"}],"about":[{"href":"https:\/\/blogdofarnesio.com.br\/index.php?rest_route=\/wp\/v2\/types\/post"}],"author":[{"embeddable":true,"href":"https:\/\/blogdofarnesio.com.br\/index.php?rest_route=\/wp\/v2\/users\/2"}],"replies":[{"embeddable":true,"href":"https:\/\/blogdofarnesio.com.br\/index.php?rest_route=%2Fwp%2Fv2%2Fcomments&post=298086"}],"version-history":[{"count":0,"href":"https:\/\/blogdofarnesio.com.br\/index.php?rest_route=\/wp\/v2\/posts\/298086\/revisions"}],"wp:featuredmedia":[{"embeddable":true,"href":"https:\/\/blogdofarnesio.com.br\/index.php?rest_route=\/wp\/v2\/media\/237701"}],"wp:attachment":[{"href":"https:\/\/blogdofarnesio.com.br\/index.php?rest_route=%2Fwp%2Fv2%2Fmedia&parent=298086"}],"wp:term":[{"taxonomy":"category","embeddable":true,"href":"https:\/\/blogdofarnesio.com.br\/index.php?rest_route=%2Fwp%2Fv2%2Fcategories&post=298086"},{"taxonomy":"post_tag","embeddable":true,"href":"https:\/\/blogdofarnesio.com.br\/index.php?rest_route=%2Fwp%2Fv2%2Ftags&post=298086"}],"curies":[{"name":"wp","href":"https:\/\/api.w.org\/{rel}","templated":true}]}}