{"id":297736,"date":"2021-10-15T10:02:59","date_gmt":"2021-10-15T13:02:59","guid":{"rendered":"https:\/\/blogdofarnesio.com.br\/?p=297736"},"modified":"2021-10-14T18:33:00","modified_gmt":"2021-10-14T21:33:00","slug":"dia-do-professor-15-de-outubro","status":"publish","type":"post","link":"https:\/\/blogdofarnesio.com.br\/2021\/10\/dia-do-professor-15-de-outubro\/","title":{"rendered":"Dia do Professor (15 de outubro)"},"content":{"rendered":"<div id=\"div-gpt-sg-83ca3fecd176f8f135cd2bcc6167f768\" class=\"ad-unit ad-unit--pt-br gpt-article-top\" data-google-query-id=\"CL7c8u3ryvMCFYGylQId65EBVA\">\n<div id=\"google_ads_iframe_\/1062898\/TodaMateria_MREC_Detalhe_Topo_0__container__\">O <strong>Dia do Professor<\/strong>\u00a0\u00e9 comemorado no Brasil em\u00a0<strong>15 de outubro.<\/strong> A data celebra a import\u00e2ncia dos profissionais da educa\u00e7\u00e3o que auxiliam na forma\u00e7\u00e3o de diversas pessoas. A data comemorativa n\u00e3o \u00e9 feriado nacional nem ponto facultativo, mas sim um feriado escolar conforme o Decreto Federal n\u00ba 52.682 de 14 de outubro de 1963.<\/div>\n<\/div>\n<h2>Origem do dia do professor<\/h2>\n<p>No Brasil, a cria\u00e7\u00e3o do Dia do Professor est\u00e1 associada com a Lei de 15 de outubro de 1827, assinado por D. Pedro I.<\/p>\n<p>Nesse documento, ficou estabelecido que em todas as cidades do pa\u00eds seriam constru\u00eddas escolas prim\u00e1rias de ensino elementar. Na \u00e9poca, elas eram chamadas de \u201cEscolas de Primeiras Letras\u201d.<\/p>\n<p>Contudo, a comemora\u00e7\u00e3o come\u00e7ou somente 120 anos depois. Foi, portanto, em 1947 que se formou a \u201cComiss\u00e3o Pr\u00f3-oficializa\u00e7\u00e3o do Dia do Professor\u201d transformando o projeto na Lei Estadual n\u00ba 174.<\/p>\n<p>A primeira comemora\u00e7\u00e3o ocorreu na cidade de S\u00e3o Paulo. Ela foi encabe\u00e7ada pelo educador\u00a0<strong>Salom\u00e3o Becker<\/strong>\u00a0que ficou conhecido por suas c\u00e9lebres frases: \u201cProfessor \u00e9 profiss\u00e3o, educador \u00e9 voca\u00e7\u00e3o\u201d ; \u201cEm Educa\u00e7\u00e3o, n\u00e3o avan\u00e7ar j\u00e1 \u00e9 retroceder.\u201d<\/p>\n<figure class=\"image\"><img loading=\"lazy\" decoding=\"async\" class=\"lazyload\" src=\"https:\/\/static.todamateria.com.br\/upload\/sb\/ec\/sbecker.jpg\" alt=\"Salom\u00e3o Becker, criador do Dia dos Professores no Brasil\" width=\"685\" height=\"600\" data-src=\"https:\/\/static.todamateria.com.br\/upload\/sb\/ec\/sbecker.jpg\" \/><figcaption>Salom\u00e3o Becker, criador do Dia dos Professores no Brasil<\/figcaption><\/figure>\n<p>Assim, nos anos seguintes, as escolas da capital paulista adotaram a ideia de que esse dia fosse dedicado aos profissionais da educa\u00e7\u00e3o.<\/p>\n<p>Apesar disso, o Dia do Professor no Brasil somente foi oficializado e declarado feriado escolar pelo Decreto Federal n\u00ba 52.682 de 14 de outubro de 1963, firmado pelo Presidente da Rep\u00fablica Jo\u00e3o Goulart.<\/p>\n<blockquote><p>Para comemorar condignamente o Dia dos Professores, os estabelecimentos de ensino far\u00e3o promover solenidades, em que se enalte\u00e7a a fun\u00e7\u00e3o do mestre na sociedade moderna, fazendo participar os alunos e as fam\u00edlias.&#8221;<\/p><\/blockquote>\n<p>Ainda no dia 15 de outubro comemora-se o Dia da Santa Tereza D\u2019\u00c1vila, tamb\u00e9m conhecida como Santa Teresa de Jesus, a padroeira dos professores.<\/p>\n<h2>Dia Mundial do Professor<\/h2>\n<p>No dia\u00a0<strong>05 de outubro<\/strong>\u00a0\u00e9 realizada a comemora\u00e7\u00e3o internacional do Dia Mundial do Professor. Essa data foi institu\u00edda em 1994 pela UNESCO (Organiza\u00e7\u00e3o das Na\u00e7\u00f5es Unidas para a Educa\u00e7\u00e3o, a Ci\u00eancia e a Cultura).<\/p>\n<p>O intuito era destacar a import\u00e2ncia do professor, baseado nas prioridades estrat\u00e9gicas de elevar a qualidade docente e preencher a falta de professores no mundo.<\/p>\n<p>Fonte: todamateria.com.br<\/p>\n","protected":false},"excerpt":{"rendered":"<p>O Dia do Professor\u00a0\u00e9 comemorado no Brasil em\u00a015 de outubro. A data celebra a import\u00e2ncia dos profissionais da educa\u00e7\u00e3o que auxiliam na forma\u00e7\u00e3o de diversas pessoas. A data comemorativa n\u00e3o \u00e9 feriado nacional nem ponto facultativo, mas sim um feriado escolar conforme o Decreto Federal n\u00ba 52.682 de 14 de outubro de 1963. Origem do dia do professor No Brasil, a cria\u00e7\u00e3o do Dia do Professor est\u00e1 associada com a Lei de 15 de outubro de 1827, assinado por D. Pedro I. Nesse documento, ficou estabelecido que em todas as cidades do pa\u00eds seriam constru\u00eddas escolas prim\u00e1rias de ensino elementar. Na \u00e9poca, elas eram chamadas de \u201cEscolas de Primeiras Letras\u201d. Contudo, a comemora\u00e7\u00e3o come\u00e7ou somente 120 anos depois. Foi, portanto,&hellip; <\/p>\n","protected":false},"author":2,"featured_media":297737,"comment_status":"open","ping_status":"open","sticky":false,"template":"","format":"standard","meta":{"_acf_changed":false,"footnotes":""},"categories":[12],"tags":[],"class_list":["post-297736","post","type-post","status-publish","format-standard","has-post-thumbnail","hentry","category-confraternizacoes"],"acf":[],"yoast_head":"<!-- This site is optimized with the Yoast SEO plugin v27.5 - https:\/\/yoast.com\/product\/yoast-seo-wordpress\/ -->\n<title>Dia do Professor (15 de outubro) - Blog do Farn\u00e9sio<\/title>\n<meta name=\"robots\" content=\"index, follow, max-snippet:-1, max-image-preview:large, max-video-preview:-1\" \/>\n<link rel=\"canonical\" href=\"https:\/\/blogdofarnesio.com.br\/2021\/10\/dia-do-professor-15-de-outubro\/\" \/>\n<meta property=\"og:locale\" content=\"pt_BR\" \/>\n<meta property=\"og:type\" content=\"article\" \/>\n<meta property=\"og:title\" content=\"Dia do Professor (15 de outubro) - Blog do Farn\u00e9sio\" \/>\n<meta property=\"og:description\" content=\"O Dia do Professor\u00a0\u00e9 comemorado no Brasil em\u00a015 de outubro. A data celebra a import\u00e2ncia dos profissionais da educa\u00e7\u00e3o que auxiliam na forma\u00e7\u00e3o de diversas pessoas. A data comemorativa n\u00e3o \u00e9 feriado nacional nem ponto facultativo, mas sim um feriado escolar conforme o Decreto Federal n\u00ba 52.682 de 14 de outubro de 1963. Origem do dia do professor No Brasil, a cria\u00e7\u00e3o do Dia do Professor est\u00e1 associada com a Lei de 15 de outubro de 1827, assinado por D. Pedro I. Nesse documento, ficou estabelecido que em todas as cidades do pa\u00eds seriam constru\u00eddas escolas prim\u00e1rias de ensino elementar. Na \u00e9poca, elas eram chamadas de \u201cEscolas de Primeiras Letras\u201d. Contudo, a comemora\u00e7\u00e3o come\u00e7ou somente 120 anos depois. Foi, portanto,&hellip;\" \/>\n<meta property=\"og:url\" content=\"https:\/\/blogdofarnesio.com.br\/2021\/10\/dia-do-professor-15-de-outubro\/\" \/>\n<meta property=\"og:site_name\" content=\"Blog do Farn\u00e9sio\" \/>\n<meta property=\"article:publisher\" content=\"https:\/\/www.facebook.com\/BlogQuerSaberPolitica\/\" \/>\n<meta property=\"article:author\" content=\"https:\/\/www.facebook.com\/?ref=tn_tnmn\" \/>\n<meta property=\"article:published_time\" content=\"2021-10-15T13:02:59+00:00\" \/>\n<meta property=\"og:image\" content=\"https:\/\/blogdofarnesio.com.br\/wp-content\/uploads\/2021\/10\/blogqsp-um-feliz-dia-atodos-os-professores.jpg\" \/>\n\t<meta property=\"og:image:width\" content=\"560\" \/>\n\t<meta property=\"og:image:height\" content=\"374\" \/>\n\t<meta property=\"og:image:type\" content=\"image\/jpeg\" \/>\n<meta name=\"author\" content=\"Farn\u00e9sio\" \/>\n<meta name=\"twitter:card\" content=\"summary_large_image\" \/>\n<meta name=\"twitter:label1\" content=\"Escrito por\" \/>\n\t<meta name=\"twitter:data1\" content=\"Farn\u00e9sio\" \/>\n\t<meta name=\"twitter:label2\" content=\"Est. tempo de leitura\" \/>\n\t<meta name=\"twitter:data2\" content=\"2 minutos\" \/>\n<script type=\"application\/ld+json\" class=\"yoast-schema-graph\">{\"@context\":\"https:\\\/\\\/schema.org\",\"@graph\":[{\"@type\":\"Article\",\"@id\":\"https:\\\/\\\/blogdofarnesio.com.br\\\/2021\\\/10\\\/dia-do-professor-15-de-outubro\\\/#article\",\"isPartOf\":{\"@id\":\"https:\\\/\\\/blogdofarnesio.com.br\\\/2021\\\/10\\\/dia-do-professor-15-de-outubro\\\/\"},\"author\":{\"name\":\"Farn\u00e9sio\",\"@id\":\"https:\\\/\\\/blogdofarnesio.com.br\\\/#\\\/schema\\\/person\\\/bb9b23ae3ad0609ce8df7b6c9e76824d\"},\"headline\":\"Dia do Professor (15 de outubro)\",\"datePublished\":\"2021-10-15T13:02:59+00:00\",\"mainEntityOfPage\":{\"@id\":\"https:\\\/\\\/blogdofarnesio.com.br\\\/2021\\\/10\\\/dia-do-professor-15-de-outubro\\\/\"},\"wordCount\":391,\"commentCount\":0,\"publisher\":{\"@id\":\"https:\\\/\\\/blogdofarnesio.com.br\\\/#organization\"},\"image\":{\"@id\":\"https:\\\/\\\/blogdofarnesio.com.br\\\/2021\\\/10\\\/dia-do-professor-15-de-outubro\\\/#primaryimage\"},\"thumbnailUrl\":\"https:\\\/\\\/blogdofarnesio.com.br\\\/wp-content\\\/uploads\\\/2021\\\/10\\\/blogqsp-um-feliz-dia-atodos-os-professores.jpg\",\"articleSection\":[\"Confraterniza\u00e7\u00f5es\"],\"inLanguage\":\"pt-BR\",\"potentialAction\":[{\"@type\":\"CommentAction\",\"name\":\"Comment\",\"target\":[\"https:\\\/\\\/blogdofarnesio.com.br\\\/2021\\\/10\\\/dia-do-professor-15-de-outubro\\\/#respond\"]}]},{\"@type\":\"WebPage\",\"@id\":\"https:\\\/\\\/blogdofarnesio.com.br\\\/2021\\\/10\\\/dia-do-professor-15-de-outubro\\\/\",\"url\":\"https:\\\/\\\/blogdofarnesio.com.br\\\/2021\\\/10\\\/dia-do-professor-15-de-outubro\\\/\",\"name\":\"Dia do Professor (15 de outubro) - Blog do Farn\u00e9sio\",\"isPartOf\":{\"@id\":\"https:\\\/\\\/blogdofarnesio.com.br\\\/#website\"},\"primaryImageOfPage\":{\"@id\":\"https:\\\/\\\/blogdofarnesio.com.br\\\/2021\\\/10\\\/dia-do-professor-15-de-outubro\\\/#primaryimage\"},\"image\":{\"@id\":\"https:\\\/\\\/blogdofarnesio.com.br\\\/2021\\\/10\\\/dia-do-professor-15-de-outubro\\\/#primaryimage\"},\"thumbnailUrl\":\"https:\\\/\\\/blogdofarnesio.com.br\\\/wp-content\\\/uploads\\\/2021\\\/10\\\/blogqsp-um-feliz-dia-atodos-os-professores.jpg\",\"datePublished\":\"2021-10-15T13:02:59+00:00\",\"breadcrumb\":{\"@id\":\"https:\\\/\\\/blogdofarnesio.com.br\\\/2021\\\/10\\\/dia-do-professor-15-de-outubro\\\/#breadcrumb\"},\"inLanguage\":\"pt-BR\",\"potentialAction\":[{\"@type\":\"ReadAction\",\"target\":[\"https:\\\/\\\/blogdofarnesio.com.br\\\/2021\\\/10\\\/dia-do-professor-15-de-outubro\\\/\"]}]},{\"@type\":\"ImageObject\",\"inLanguage\":\"pt-BR\",\"@id\":\"https:\\\/\\\/blogdofarnesio.com.br\\\/2021\\\/10\\\/dia-do-professor-15-de-outubro\\\/#primaryimage\",\"url\":\"https:\\\/\\\/blogdofarnesio.com.br\\\/wp-content\\\/uploads\\\/2021\\\/10\\\/blogqsp-um-feliz-dia-atodos-os-professores.jpg\",\"contentUrl\":\"https:\\\/\\\/blogdofarnesio.com.br\\\/wp-content\\\/uploads\\\/2021\\\/10\\\/blogqsp-um-feliz-dia-atodos-os-professores.jpg\",\"width\":560,\"height\":374},{\"@type\":\"BreadcrumbList\",\"@id\":\"https:\\\/\\\/blogdofarnesio.com.br\\\/2021\\\/10\\\/dia-do-professor-15-de-outubro\\\/#breadcrumb\",\"itemListElement\":[{\"@type\":\"ListItem\",\"position\":1,\"name\":\"In\u00edcio\",\"item\":\"https:\\\/\\\/blogdofarnesio.com.br\\\/\"},{\"@type\":\"ListItem\",\"position\":2,\"name\":\"Dia do Professor (15 de outubro)\"}]},{\"@type\":\"WebSite\",\"@id\":\"https:\\\/\\\/blogdofarnesio.com.br\\\/#website\",\"url\":\"https:\\\/\\\/blogdofarnesio.com.br\\\/\",\"name\":\"Blog do Farn\u00e9sio\",\"description\":\"Quer Saber Pol\u00edtica?\",\"publisher\":{\"@id\":\"https:\\\/\\\/blogdofarnesio.com.br\\\/#organization\"},\"potentialAction\":[{\"@type\":\"SearchAction\",\"target\":{\"@type\":\"EntryPoint\",\"urlTemplate\":\"https:\\\/\\\/blogdofarnesio.com.br\\\/?s={search_term_string}\"},\"query-input\":{\"@type\":\"PropertyValueSpecification\",\"valueRequired\":true,\"valueName\":\"search_term_string\"}}],\"inLanguage\":\"pt-BR\"},{\"@type\":\"Organization\",\"@id\":\"https:\\\/\\\/blogdofarnesio.com.br\\\/#organization\",\"name\":\"Blog do Farn\u00e9sio\",\"url\":\"https:\\\/\\\/blogdofarnesio.com.br\\\/\",\"logo\":{\"@type\":\"ImageObject\",\"inLanguage\":\"pt-BR\",\"@id\":\"https:\\\/\\\/blogdofarnesio.com.br\\\/#\\\/schema\\\/logo\\\/image\\\/\",\"url\":\"https:\\\/\\\/blogdofarnesio.com.br\\\/wp-content\\\/uploads\\\/2026\\\/03\\\/cropped-logo_new-1.png\",\"contentUrl\":\"https:\\\/\\\/blogdofarnesio.com.br\\\/wp-content\\\/uploads\\\/2026\\\/03\\\/cropped-logo_new-1.png\",\"width\":881,\"height\":685,\"caption\":\"Blog do Farn\u00e9sio\"},\"image\":{\"@id\":\"https:\\\/\\\/blogdofarnesio.com.br\\\/#\\\/schema\\\/logo\\\/image\\\/\"},\"sameAs\":[\"https:\\\/\\\/www.facebook.com\\\/BlogQuerSaberPolitica\\\/\"]},{\"@type\":\"Person\",\"@id\":\"https:\\\/\\\/blogdofarnesio.com.br\\\/#\\\/schema\\\/person\\\/bb9b23ae3ad0609ce8df7b6c9e76824d\",\"name\":\"Farn\u00e9sio\",\"image\":{\"@type\":\"ImageObject\",\"inLanguage\":\"pt-BR\",\"@id\":\"https:\\\/\\\/secure.gravatar.com\\\/avatar\\\/986aa4c61ccdb66f8555bf88fc2a65609d00bcabd4d2d94377a727547345cbca?s=96&d=mm&r=g\",\"url\":\"https:\\\/\\\/secure.gravatar.com\\\/avatar\\\/986aa4c61ccdb66f8555bf88fc2a65609d00bcabd4d2d94377a727547345cbca?s=96&d=mm&r=g\",\"contentUrl\":\"https:\\\/\\\/secure.gravatar.com\\\/avatar\\\/986aa4c61ccdb66f8555bf88fc2a65609d00bcabd4d2d94377a727547345cbca?s=96&d=mm&r=g\",\"caption\":\"Farn\u00e9sio\"},\"description\":\"Radialista blogueiro, chegou a Petrolina\\\/Juazeiro em setembro de 1980, Farn\u00e9sio Silva \u00e9 de Arapiraca-Alagoas.\",\"sameAs\":[\"http:\\\/\\\/blogdofarnesio.com.br\",\"https:\\\/\\\/www.facebook.com\\\/?ref=tn_tnmn\",\"https:\\\/\\\/www.instagram.com\\\/?utm_source=pwa_homescreen\",\"https:\\\/\\\/youtube.com.br\\\/\"],\"url\":\"https:\\\/\\\/blogdofarnesio.com.br\\\/author\\\/farnesio-2\\\/\"}]}<\/script>\n<!-- \/ Yoast SEO plugin. -->","yoast_head_json":{"title":"Dia do Professor (15 de outubro) - Blog do Farn\u00e9sio","robots":{"index":"index","follow":"follow","max-snippet":"max-snippet:-1","max-image-preview":"max-image-preview:large","max-video-preview":"max-video-preview:-1"},"canonical":"https:\/\/blogdofarnesio.com.br\/2021\/10\/dia-do-professor-15-de-outubro\/","og_locale":"pt_BR","og_type":"article","og_title":"Dia do Professor (15 de outubro) - Blog do Farn\u00e9sio","og_description":"O Dia do Professor\u00a0\u00e9 comemorado no Brasil em\u00a015 de outubro. A data celebra a import\u00e2ncia dos profissionais da educa\u00e7\u00e3o que auxiliam na forma\u00e7\u00e3o de diversas pessoas. A data comemorativa n\u00e3o \u00e9 feriado nacional nem ponto facultativo, mas sim um feriado escolar conforme o Decreto Federal n\u00ba 52.682 de 14 de outubro de 1963. Origem do dia do professor No Brasil, a cria\u00e7\u00e3o do Dia do Professor est\u00e1 associada com a Lei de 15 de outubro de 1827, assinado por D. Pedro I. Nesse documento, ficou estabelecido que em todas as cidades do pa\u00eds seriam constru\u00eddas escolas prim\u00e1rias de ensino elementar. Na \u00e9poca, elas eram chamadas de \u201cEscolas de Primeiras Letras\u201d. Contudo, a comemora\u00e7\u00e3o come\u00e7ou somente 120 anos depois. Foi, portanto,&hellip;","og_url":"https:\/\/blogdofarnesio.com.br\/2021\/10\/dia-do-professor-15-de-outubro\/","og_site_name":"Blog do Farn\u00e9sio","article_publisher":"https:\/\/www.facebook.com\/BlogQuerSaberPolitica\/","article_author":"https:\/\/www.facebook.com\/?ref=tn_tnmn","article_published_time":"2021-10-15T13:02:59+00:00","og_image":[{"width":560,"height":374,"url":"https:\/\/blogdofarnesio.com.br\/wp-content\/uploads\/2021\/10\/blogqsp-um-feliz-dia-atodos-os-professores.jpg","type":"image\/jpeg"}],"author":"Farn\u00e9sio","twitter_card":"summary_large_image","twitter_misc":{"Escrito por":"Farn\u00e9sio","Est. tempo de leitura":"2 minutos"},"schema":{"@context":"https:\/\/schema.org","@graph":[{"@type":"Article","@id":"https:\/\/blogdofarnesio.com.br\/2021\/10\/dia-do-professor-15-de-outubro\/#article","isPartOf":{"@id":"https:\/\/blogdofarnesio.com.br\/2021\/10\/dia-do-professor-15-de-outubro\/"},"author":{"name":"Farn\u00e9sio","@id":"https:\/\/blogdofarnesio.com.br\/#\/schema\/person\/bb9b23ae3ad0609ce8df7b6c9e76824d"},"headline":"Dia do Professor (15 de outubro)","datePublished":"2021-10-15T13:02:59+00:00","mainEntityOfPage":{"@id":"https:\/\/blogdofarnesio.com.br\/2021\/10\/dia-do-professor-15-de-outubro\/"},"wordCount":391,"commentCount":0,"publisher":{"@id":"https:\/\/blogdofarnesio.com.br\/#organization"},"image":{"@id":"https:\/\/blogdofarnesio.com.br\/2021\/10\/dia-do-professor-15-de-outubro\/#primaryimage"},"thumbnailUrl":"https:\/\/blogdofarnesio.com.br\/wp-content\/uploads\/2021\/10\/blogqsp-um-feliz-dia-atodos-os-professores.jpg","articleSection":["Confraterniza\u00e7\u00f5es"],"inLanguage":"pt-BR","potentialAction":[{"@type":"CommentAction","name":"Comment","target":["https:\/\/blogdofarnesio.com.br\/2021\/10\/dia-do-professor-15-de-outubro\/#respond"]}]},{"@type":"WebPage","@id":"https:\/\/blogdofarnesio.com.br\/2021\/10\/dia-do-professor-15-de-outubro\/","url":"https:\/\/blogdofarnesio.com.br\/2021\/10\/dia-do-professor-15-de-outubro\/","name":"Dia do Professor (15 de outubro) - Blog do Farn\u00e9sio","isPartOf":{"@id":"https:\/\/blogdofarnesio.com.br\/#website"},"primaryImageOfPage":{"@id":"https:\/\/blogdofarnesio.com.br\/2021\/10\/dia-do-professor-15-de-outubro\/#primaryimage"},"image":{"@id":"https:\/\/blogdofarnesio.com.br\/2021\/10\/dia-do-professor-15-de-outubro\/#primaryimage"},"thumbnailUrl":"https:\/\/blogdofarnesio.com.br\/wp-content\/uploads\/2021\/10\/blogqsp-um-feliz-dia-atodos-os-professores.jpg","datePublished":"2021-10-15T13:02:59+00:00","breadcrumb":{"@id":"https:\/\/blogdofarnesio.com.br\/2021\/10\/dia-do-professor-15-de-outubro\/#breadcrumb"},"inLanguage":"pt-BR","potentialAction":[{"@type":"ReadAction","target":["https:\/\/blogdofarnesio.com.br\/2021\/10\/dia-do-professor-15-de-outubro\/"]}]},{"@type":"ImageObject","inLanguage":"pt-BR","@id":"https:\/\/blogdofarnesio.com.br\/2021\/10\/dia-do-professor-15-de-outubro\/#primaryimage","url":"https:\/\/blogdofarnesio.com.br\/wp-content\/uploads\/2021\/10\/blogqsp-um-feliz-dia-atodos-os-professores.jpg","contentUrl":"https:\/\/blogdofarnesio.com.br\/wp-content\/uploads\/2021\/10\/blogqsp-um-feliz-dia-atodos-os-professores.jpg","width":560,"height":374},{"@type":"BreadcrumbList","@id":"https:\/\/blogdofarnesio.com.br\/2021\/10\/dia-do-professor-15-de-outubro\/#breadcrumb","itemListElement":[{"@type":"ListItem","position":1,"name":"In\u00edcio","item":"https:\/\/blogdofarnesio.com.br\/"},{"@type":"ListItem","position":2,"name":"Dia do Professor (15 de outubro)"}]},{"@type":"WebSite","@id":"https:\/\/blogdofarnesio.com.br\/#website","url":"https:\/\/blogdofarnesio.com.br\/","name":"Blog do Farn\u00e9sio","description":"Quer Saber Pol\u00edtica?","publisher":{"@id":"https:\/\/blogdofarnesio.com.br\/#organization"},"potentialAction":[{"@type":"SearchAction","target":{"@type":"EntryPoint","urlTemplate":"https:\/\/blogdofarnesio.com.br\/?s={search_term_string}"},"query-input":{"@type":"PropertyValueSpecification","valueRequired":true,"valueName":"search_term_string"}}],"inLanguage":"pt-BR"},{"@type":"Organization","@id":"https:\/\/blogdofarnesio.com.br\/#organization","name":"Blog do Farn\u00e9sio","url":"https:\/\/blogdofarnesio.com.br\/","logo":{"@type":"ImageObject","inLanguage":"pt-BR","@id":"https:\/\/blogdofarnesio.com.br\/#\/schema\/logo\/image\/","url":"https:\/\/blogdofarnesio.com.br\/wp-content\/uploads\/2026\/03\/cropped-logo_new-1.png","contentUrl":"https:\/\/blogdofarnesio.com.br\/wp-content\/uploads\/2026\/03\/cropped-logo_new-1.png","width":881,"height":685,"caption":"Blog do Farn\u00e9sio"},"image":{"@id":"https:\/\/blogdofarnesio.com.br\/#\/schema\/logo\/image\/"},"sameAs":["https:\/\/www.facebook.com\/BlogQuerSaberPolitica\/"]},{"@type":"Person","@id":"https:\/\/blogdofarnesio.com.br\/#\/schema\/person\/bb9b23ae3ad0609ce8df7b6c9e76824d","name":"Farn\u00e9sio","image":{"@type":"ImageObject","inLanguage":"pt-BR","@id":"https:\/\/secure.gravatar.com\/avatar\/986aa4c61ccdb66f8555bf88fc2a65609d00bcabd4d2d94377a727547345cbca?s=96&d=mm&r=g","url":"https:\/\/secure.gravatar.com\/avatar\/986aa4c61ccdb66f8555bf88fc2a65609d00bcabd4d2d94377a727547345cbca?s=96&d=mm&r=g","contentUrl":"https:\/\/secure.gravatar.com\/avatar\/986aa4c61ccdb66f8555bf88fc2a65609d00bcabd4d2d94377a727547345cbca?s=96&d=mm&r=g","caption":"Farn\u00e9sio"},"description":"Radialista blogueiro, chegou a Petrolina\/Juazeiro em setembro de 1980, Farn\u00e9sio Silva \u00e9 de Arapiraca-Alagoas.","sameAs":["http:\/\/blogdofarnesio.com.br","https:\/\/www.facebook.com\/?ref=tn_tnmn","https:\/\/www.instagram.com\/?utm_source=pwa_homescreen","https:\/\/youtube.com.br\/"],"url":"https:\/\/blogdofarnesio.com.br\/author\/farnesio-2\/"}]}},"_links":{"self":[{"href":"https:\/\/blogdofarnesio.com.br\/wp-json\/wp\/v2\/posts\/297736","targetHints":{"allow":["GET"]}}],"collection":[{"href":"https:\/\/blogdofarnesio.com.br\/wp-json\/wp\/v2\/posts"}],"about":[{"href":"https:\/\/blogdofarnesio.com.br\/wp-json\/wp\/v2\/types\/post"}],"author":[{"embeddable":true,"href":"https:\/\/blogdofarnesio.com.br\/wp-json\/wp\/v2\/users\/2"}],"replies":[{"embeddable":true,"href":"https:\/\/blogdofarnesio.com.br\/wp-json\/wp\/v2\/comments?post=297736"}],"version-history":[{"count":0,"href":"https:\/\/blogdofarnesio.com.br\/wp-json\/wp\/v2\/posts\/297736\/revisions"}],"wp:featuredmedia":[{"embeddable":true,"href":"https:\/\/blogdofarnesio.com.br\/wp-json\/wp\/v2\/media\/297737"}],"wp:attachment":[{"href":"https:\/\/blogdofarnesio.com.br\/wp-json\/wp\/v2\/media?parent=297736"}],"wp:term":[{"taxonomy":"category","embeddable":true,"href":"https:\/\/blogdofarnesio.com.br\/wp-json\/wp\/v2\/categories?post=297736"},{"taxonomy":"post_tag","embeddable":true,"href":"https:\/\/blogdofarnesio.com.br\/wp-json\/wp\/v2\/tags?post=297736"}],"curies":[{"name":"wp","href":"https:\/\/api.w.org\/{rel}","templated":true}]}}