{"id":297535,"date":"2021-10-11T17:04:11","date_gmt":"2021-10-11T20:04:11","guid":{"rendered":"https:\/\/blogdofarnesio.com.br\/?p=297535"},"modified":"2021-10-11T15:51:27","modified_gmt":"2021-10-11T18:51:27","slug":"transposicao-e-seguranca-hidrica-entram-na-pauta-de-debate-do-crea-pe","status":"publish","type":"post","link":"https:\/\/blogdofarnesio.com.br\/?p=297535","title":{"rendered":"Transposi\u00e7\u00e3o e seguran\u00e7a h\u00eddrica entram na pauta de debate do Crea-PE"},"content":{"rendered":"<div class=\"entry-content clearfix\">\n<p>Depois de 14 anos do in\u00edcio das obras, a Transposi\u00e7\u00e3o do Rio S\u00e3o Francisco est\u00e1 na reta final da constru\u00e7\u00e3o. Com a conclus\u00e3o da parte f\u00edsica, entra a fase de operacionaliza\u00e7\u00e3o. Quest\u00f5es como o valor da tarifa da \u00e1gua e a distribui\u00e7\u00e3o dela aos Estados contemplados no projeto precisam ser tratadas. Exatamente para iniciar esta discuss\u00e3o sobre um empreendimento t\u00e3o grandioso que o Crea-PE realiza na quinta-feira (14) o debate com o tema: \u201cA Transposi\u00e7\u00e3o do S\u00e3o Francisco e a seguran\u00e7a h\u00eddrica da regi\u00e3o\u201d.<\/p>\n<p>O evento, que acontece no formato virtual, \u00e9 coordenado pelo Comit\u00ea Tecnol\u00f3gico Permanente (CTP) \u2013 Eixo 3, Um projeto para Pernambuco e o Brasil. O debate conta com a participa\u00e7\u00e3o do engenheiro civil Tiago Portela, coordenador-geral de Obras e Fiscaliza\u00e7\u00e3o do Projeto de Integra\u00e7\u00e3o do Rio S\u00e3o Francisco (PISF) do Minist\u00e9rio do Desenvolvimento Regional; do engenheiro civil Joaquim Gondim, superintendente da Ag\u00eancia Nacional de \u00c1guas e Saneamento B\u00e1sico (ANA); e da engenheira civil Fernandha Batista, secret\u00e1ria de Infraestrutura e de Recursos H\u00eddricos de Pernambuco, como palestrantes.<\/p>\n<p>A media\u00e7\u00e3o ficar\u00e1 por conta do engenheiro civil e coordenador do Eixo 3 \u201cUm Projeto para Pernambuco e o Brasil\u201d do CTP, Jo\u00e3o Recena. O projeto da Transposi\u00e7\u00e3o tem dois eixos principais: o norte e o leste. Os dois est\u00e3o com pelo menos 97% das obras conclu\u00eddas, conforme informa\u00e7\u00e3o de Tiago Portela. Segundo ele, algumas obras complementares est\u00e3o sendo viabilizadas, desde os processos de abertura de licita\u00e7\u00e3o \u00e0 contrata\u00e7\u00e3o para execu\u00e7\u00e3o da obra. \u201cMais de 95% do ramal do Agreste est\u00e1 pronto, com a conclus\u00e3o total prevista para ocorrer at\u00e9 o final do ano\u201d, garante Portela.<\/p>\n<p>A transposi\u00e7\u00e3o, um projeto idealizado desde o Imp\u00e9rio no Brasil, na \u00e9poca de Dom Pedro II, envolve n\u00fameros grandiosos. Ele prev\u00ea deslocar \u00e1gua do S\u00e3o Francisco e abastecer quatro Estados nordestinos: Pernambuco, Para\u00edba, Cear\u00e1 e Rio Grande do Norte, contemplando 390 munic\u00edpios e beneficiando 12 milh\u00f5es de pessoas. Para isso, est\u00e3o sendo constru\u00eddos quase 480 quil\u00f4metros de tubula\u00e7\u00e3o nos eixos norte e leste.<\/p>\n<p>O superintendente da ANA acredita que, com a conclus\u00e3o da transposi\u00e7\u00e3o, Pernambuco poder\u00e1 concorrer com outros Estados na capta\u00e7\u00e3o de mais empreendimentos, beneficiando a economia pernambucana. Joaquim Gondim, um pernambucano que teve sua vida profissional constru\u00edda no Cear\u00e1, destaca que Pernambuco ter\u00e1 chances de resolver as graves quest\u00f5es h\u00eddricas no Agreste e Sert\u00e3o. \u201cFortaleza \u00e9 uma cidade que n\u00e3o falta \u00e1gua nem no per\u00edodo de seca, porque o Cear\u00e1 investiu numa mudan\u00e7a de perfil da gest\u00e3o dos seus recursos h\u00eddricos\u201d, afirma Gondim, apontando essa possibilidade para Pernambuco com a finaliza\u00e7\u00e3o da transposi\u00e7\u00e3o.<\/p>\n<p>Para Adriano Lucena, presidente do Crea-PE, o debate destaca uma obra fundamental para Pernambuco e para a regi\u00e3o. \u201cEstamos tendo a oportunidade de ver o projeto ser concretizado e usufruir dessa \u00e1gua, que \u00e9 um bem t\u00e3o escasso na nossa regi\u00e3o\u201d, afirma Lucena. Ele ainda fala que a iniciativa de discutir temas t\u00e3o importantes para o desenvolvimento da economia e para a sociedade destaca uma abordagem adotada pelo Crea em buscar, atrav\u00e9s da engenharia, agronomia e geoci\u00eancias, os direitos da popula\u00e7\u00e3o. Principalmente o direito \u00e0 dignidade. \u201cUma obra dessas vai devolver a dignidade \u00e0 popula\u00e7\u00e3o que hoje convive com essa inseguran\u00e7a h\u00eddrica gerada por longos per\u00edodos de seca\u201d, argumenta o presidente do Crea.<\/p>\n<p>Outro ponto \u00e9 a distribui\u00e7\u00e3o desta \u00e1gua. Quais crit\u00e9rios ser\u00e3o usados para o envio da \u00e1gua para Estados e munic\u00edpios? Principalmente num cen\u00e1rio de escassez h\u00eddrica. S\u00f3 para ter uma ideia, o projeto tem a capacidade de uma vaz\u00e3o de 126 metros c\u00fabicos de \u00e1gua por segundo. Mas s\u00f3 est\u00e1 autorizado a liberar 27 metros c\u00fabicos por segundo.\u00a0 A permiss\u00e3o para a vaz\u00e3o de 100% da capacidade s\u00f3 \u00e9 poss\u00edvel se o Lago de Sobradinho (BA) estiver com o reservat\u00f3rio completamente cheio. \u201cQuando isso vai acontecer, j\u00e1 que Sobradinho est\u00e1 enviando \u00e1gua para outros reservat\u00f3rios para garantir a gera\u00e7\u00e3o de energia no Pa\u00eds?\u201d, questiona o coordenador do CTP.<\/p>\n<p>O debate quer buscar essas respostas e apontar alternativas para garantir uma seguran\u00e7a h\u00eddrica, levando uma \u00e1gua acess\u00edvel para consumo humano, pequenos agricultores. O evento acontece a partir das 19h, com transmiss\u00e3o ao vivo pela TV Crea-PE, no YouTube. Os participantes podem, depois das apresenta\u00e7\u00f5es, fazer perguntas, considera\u00e7\u00f5es e sugest\u00f5es pelo chat do YouTube. Este \u00e9 o terceiro debate coordenado pelo CTP, sendo os primeiros temas sobre o Arco Metropolitano e a Transnordestina.<\/p>\n<\/div>\n","protected":false},"excerpt":{"rendered":"<p>Depois de 14 anos do in\u00edcio das obras, a Transposi\u00e7\u00e3o do Rio S\u00e3o Francisco est\u00e1 na reta final da constru\u00e7\u00e3o. Com a conclus\u00e3o da parte f\u00edsica, entra a fase de operacionaliza\u00e7\u00e3o. Quest\u00f5es como o valor da tarifa da \u00e1gua e a distribui\u00e7\u00e3o dela aos Estados contemplados no projeto precisam ser tratadas. Exatamente para iniciar esta discuss\u00e3o sobre um empreendimento t\u00e3o grandioso que o Crea-PE realiza na quinta-feira (14) o debate com o tema: \u201cA Transposi\u00e7\u00e3o do S\u00e3o Francisco e a seguran\u00e7a h\u00eddrica da regi\u00e3o\u201d. O evento, que acontece no formato virtual, \u00e9 coordenado pelo Comit\u00ea Tecnol\u00f3gico Permanente (CTP) \u2013 Eixo 3, Um projeto para Pernambuco e o Brasil. O debate conta com a participa\u00e7\u00e3o do engenheiro civil Tiago Portela, coordenador-geral&hellip; <\/p>\n","protected":false},"author":2,"featured_media":297536,"comment_status":"open","ping_status":"open","sticky":false,"template":"","format":"standard","meta":{"_acf_changed":false,"footnotes":""},"categories":[56],"tags":[],"class_list":["post-297535","post","type-post","status-publish","format-standard","has-post-thumbnail","hentry","category-agua"],"acf":[],"yoast_head":"<!-- This site is optimized with the Yoast SEO plugin v27.4 - https:\/\/yoast.com\/product\/yoast-seo-wordpress\/ -->\n<title>Transposi\u00e7\u00e3o e seguran\u00e7a h\u00eddrica entram na pauta de debate do Crea-PE - Blog do Farn\u00e9sio<\/title>\n<meta name=\"robots\" content=\"index, follow, max-snippet:-1, max-image-preview:large, max-video-preview:-1\" \/>\n<link rel=\"canonical\" href=\"https:\/\/blogdofarnesio.com.br\/?p=297535\" \/>\n<meta property=\"og:locale\" content=\"pt_BR\" \/>\n<meta property=\"og:type\" content=\"article\" \/>\n<meta property=\"og:title\" content=\"Transposi\u00e7\u00e3o e seguran\u00e7a h\u00eddrica entram na pauta de debate do Crea-PE - Blog do Farn\u00e9sio\" \/>\n<meta property=\"og:description\" content=\"Depois de 14 anos do in\u00edcio das obras, a Transposi\u00e7\u00e3o do Rio S\u00e3o Francisco est\u00e1 na reta final da constru\u00e7\u00e3o. Com a conclus\u00e3o da parte f\u00edsica, entra a fase de operacionaliza\u00e7\u00e3o. Quest\u00f5es como o valor da tarifa da \u00e1gua e a distribui\u00e7\u00e3o dela aos Estados contemplados no projeto precisam ser tratadas. Exatamente para iniciar esta discuss\u00e3o sobre um empreendimento t\u00e3o grandioso que o Crea-PE realiza na quinta-feira (14) o debate com o tema: \u201cA Transposi\u00e7\u00e3o do S\u00e3o Francisco e a seguran\u00e7a h\u00eddrica da regi\u00e3o\u201d. O evento, que acontece no formato virtual, \u00e9 coordenado pelo Comit\u00ea Tecnol\u00f3gico Permanente (CTP) \u2013 Eixo 3, Um projeto para Pernambuco e o Brasil. O debate conta com a participa\u00e7\u00e3o do engenheiro civil Tiago Portela, coordenador-geral&hellip;\" \/>\n<meta property=\"og:url\" content=\"https:\/\/blogdofarnesio.com.br\/?p=297535\" \/>\n<meta property=\"og:site_name\" content=\"Blog do Farn\u00e9sio\" \/>\n<meta property=\"article:publisher\" content=\"https:\/\/www.facebook.com\/BlogQuerSaberPolitica\/\" \/>\n<meta property=\"article:author\" content=\"https:\/\/www.facebook.com\/?ref=tn_tnmn\" \/>\n<meta property=\"article:published_time\" content=\"2021-10-11T20:04:11+00:00\" \/>\n<meta property=\"og:image\" content=\"https:\/\/blogdofarnesio.com.br\/wp-content\/uploads\/2021\/10\/blogqspctp-transposicao-debate.jpg\" \/>\n\t<meta property=\"og:image:width\" content=\"450\" \/>\n\t<meta property=\"og:image:height\" content=\"450\" \/>\n\t<meta property=\"og:image:type\" content=\"image\/jpeg\" \/>\n<meta name=\"author\" content=\"Farn\u00e9sio\" \/>\n<meta name=\"twitter:card\" content=\"summary_large_image\" \/>\n<meta name=\"twitter:label1\" content=\"Escrito por\" \/>\n\t<meta name=\"twitter:data1\" content=\"Farn\u00e9sio\" \/>\n\t<meta name=\"twitter:label2\" content=\"Est. tempo de leitura\" \/>\n\t<meta name=\"twitter:data2\" content=\"4 minutos\" \/>\n<script type=\"application\/ld+json\" class=\"yoast-schema-graph\">{\"@context\":\"https:\\\/\\\/schema.org\",\"@graph\":[{\"@type\":\"Article\",\"@id\":\"https:\\\/\\\/blogdofarnesio.com.br\\\/?p=297535#article\",\"isPartOf\":{\"@id\":\"https:\\\/\\\/blogdofarnesio.com.br\\\/?p=297535\"},\"author\":{\"name\":\"Farn\u00e9sio\",\"@id\":\"https:\\\/\\\/blogdofarnesio.com.br\\\/#\\\/schema\\\/person\\\/bb9b23ae3ad0609ce8df7b6c9e76824d\"},\"headline\":\"Transposi\u00e7\u00e3o e seguran\u00e7a h\u00eddrica entram na pauta de debate do Crea-PE\",\"datePublished\":\"2021-10-11T20:04:11+00:00\",\"mainEntityOfPage\":{\"@id\":\"https:\\\/\\\/blogdofarnesio.com.br\\\/?p=297535\"},\"wordCount\":803,\"commentCount\":0,\"publisher\":{\"@id\":\"https:\\\/\\\/blogdofarnesio.com.br\\\/#organization\"},\"image\":{\"@id\":\"https:\\\/\\\/blogdofarnesio.com.br\\\/?p=297535#primaryimage\"},\"thumbnailUrl\":\"https:\\\/\\\/blogdofarnesio.com.br\\\/wp-content\\\/uploads\\\/2021\\\/10\\\/blogqspctp-transposicao-debate.jpg\",\"articleSection\":[\"\u00c1gua\"],\"inLanguage\":\"pt-BR\",\"potentialAction\":[{\"@type\":\"CommentAction\",\"name\":\"Comment\",\"target\":[\"https:\\\/\\\/blogdofarnesio.com.br\\\/?p=297535#respond\"]}]},{\"@type\":\"WebPage\",\"@id\":\"https:\\\/\\\/blogdofarnesio.com.br\\\/?p=297535\",\"url\":\"https:\\\/\\\/blogdofarnesio.com.br\\\/?p=297535\",\"name\":\"Transposi\u00e7\u00e3o e seguran\u00e7a h\u00eddrica entram na pauta de debate do Crea-PE - Blog do Farn\u00e9sio\",\"isPartOf\":{\"@id\":\"https:\\\/\\\/blogdofarnesio.com.br\\\/#website\"},\"primaryImageOfPage\":{\"@id\":\"https:\\\/\\\/blogdofarnesio.com.br\\\/?p=297535#primaryimage\"},\"image\":{\"@id\":\"https:\\\/\\\/blogdofarnesio.com.br\\\/?p=297535#primaryimage\"},\"thumbnailUrl\":\"https:\\\/\\\/blogdofarnesio.com.br\\\/wp-content\\\/uploads\\\/2021\\\/10\\\/blogqspctp-transposicao-debate.jpg\",\"datePublished\":\"2021-10-11T20:04:11+00:00\",\"breadcrumb\":{\"@id\":\"https:\\\/\\\/blogdofarnesio.com.br\\\/?p=297535#breadcrumb\"},\"inLanguage\":\"pt-BR\",\"potentialAction\":[{\"@type\":\"ReadAction\",\"target\":[\"https:\\\/\\\/blogdofarnesio.com.br\\\/?p=297535\"]}]},{\"@type\":\"ImageObject\",\"inLanguage\":\"pt-BR\",\"@id\":\"https:\\\/\\\/blogdofarnesio.com.br\\\/?p=297535#primaryimage\",\"url\":\"https:\\\/\\\/blogdofarnesio.com.br\\\/wp-content\\\/uploads\\\/2021\\\/10\\\/blogqspctp-transposicao-debate.jpg\",\"contentUrl\":\"https:\\\/\\\/blogdofarnesio.com.br\\\/wp-content\\\/uploads\\\/2021\\\/10\\\/blogqspctp-transposicao-debate.jpg\",\"width\":450,\"height\":450},{\"@type\":\"BreadcrumbList\",\"@id\":\"https:\\\/\\\/blogdofarnesio.com.br\\\/?p=297535#breadcrumb\",\"itemListElement\":[{\"@type\":\"ListItem\",\"position\":1,\"name\":\"In\u00edcio\",\"item\":\"https:\\\/\\\/blogdofarnesio.com.br\\\/\"},{\"@type\":\"ListItem\",\"position\":2,\"name\":\"Transposi\u00e7\u00e3o e seguran\u00e7a h\u00eddrica entram na pauta de debate do Crea-PE\"}]},{\"@type\":\"WebSite\",\"@id\":\"https:\\\/\\\/blogdofarnesio.com.br\\\/#website\",\"url\":\"https:\\\/\\\/blogdofarnesio.com.br\\\/\",\"name\":\"Blog do Farn\u00e9sio\",\"description\":\"Quer Saber Pol\u00edtica?\",\"publisher\":{\"@id\":\"https:\\\/\\\/blogdofarnesio.com.br\\\/#organization\"},\"potentialAction\":[{\"@type\":\"SearchAction\",\"target\":{\"@type\":\"EntryPoint\",\"urlTemplate\":\"https:\\\/\\\/blogdofarnesio.com.br\\\/?s={search_term_string}\"},\"query-input\":{\"@type\":\"PropertyValueSpecification\",\"valueRequired\":true,\"valueName\":\"search_term_string\"}}],\"inLanguage\":\"pt-BR\"},{\"@type\":\"Organization\",\"@id\":\"https:\\\/\\\/blogdofarnesio.com.br\\\/#organization\",\"name\":\"Blog do Farn\u00e9sio\",\"url\":\"https:\\\/\\\/blogdofarnesio.com.br\\\/\",\"logo\":{\"@type\":\"ImageObject\",\"inLanguage\":\"pt-BR\",\"@id\":\"https:\\\/\\\/blogdofarnesio.com.br\\\/#\\\/schema\\\/logo\\\/image\\\/\",\"url\":\"https:\\\/\\\/blogdofarnesio.com.br\\\/wp-content\\\/uploads\\\/2026\\\/03\\\/cropped-logo_new-1.png\",\"contentUrl\":\"https:\\\/\\\/blogdofarnesio.com.br\\\/wp-content\\\/uploads\\\/2026\\\/03\\\/cropped-logo_new-1.png\",\"width\":881,\"height\":685,\"caption\":\"Blog do Farn\u00e9sio\"},\"image\":{\"@id\":\"https:\\\/\\\/blogdofarnesio.com.br\\\/#\\\/schema\\\/logo\\\/image\\\/\"},\"sameAs\":[\"https:\\\/\\\/www.facebook.com\\\/BlogQuerSaberPolitica\\\/\"]},{\"@type\":\"Person\",\"@id\":\"https:\\\/\\\/blogdofarnesio.com.br\\\/#\\\/schema\\\/person\\\/bb9b23ae3ad0609ce8df7b6c9e76824d\",\"name\":\"Farn\u00e9sio\",\"image\":{\"@type\":\"ImageObject\",\"inLanguage\":\"pt-BR\",\"@id\":\"https:\\\/\\\/secure.gravatar.com\\\/avatar\\\/986aa4c61ccdb66f8555bf88fc2a65609d00bcabd4d2d94377a727547345cbca?s=96&d=mm&r=g\",\"url\":\"https:\\\/\\\/secure.gravatar.com\\\/avatar\\\/986aa4c61ccdb66f8555bf88fc2a65609d00bcabd4d2d94377a727547345cbca?s=96&d=mm&r=g\",\"contentUrl\":\"https:\\\/\\\/secure.gravatar.com\\\/avatar\\\/986aa4c61ccdb66f8555bf88fc2a65609d00bcabd4d2d94377a727547345cbca?s=96&d=mm&r=g\",\"caption\":\"Farn\u00e9sio\"},\"description\":\"Radialista blogueiro, chegou a Petrolina\\\/Juazeiro em setembro de 1980, Farn\u00e9sio Silva \u00e9 de Arapiraca-Alagoas.\",\"sameAs\":[\"http:\\\/\\\/blogdofarnesio.com.br\",\"https:\\\/\\\/www.facebook.com\\\/?ref=tn_tnmn\",\"https:\\\/\\\/www.instagram.com\\\/?utm_source=pwa_homescreen\",\"https:\\\/\\\/youtube.com.br\\\/\"],\"url\":\"https:\\\/\\\/blogdofarnesio.com.br\\\/?author=2\"}]}<\/script>\n<!-- \/ Yoast SEO plugin. -->","yoast_head_json":{"title":"Transposi\u00e7\u00e3o e seguran\u00e7a h\u00eddrica entram na pauta de debate do Crea-PE - Blog do Farn\u00e9sio","robots":{"index":"index","follow":"follow","max-snippet":"max-snippet:-1","max-image-preview":"max-image-preview:large","max-video-preview":"max-video-preview:-1"},"canonical":"https:\/\/blogdofarnesio.com.br\/?p=297535","og_locale":"pt_BR","og_type":"article","og_title":"Transposi\u00e7\u00e3o e seguran\u00e7a h\u00eddrica entram na pauta de debate do Crea-PE - Blog do Farn\u00e9sio","og_description":"Depois de 14 anos do in\u00edcio das obras, a Transposi\u00e7\u00e3o do Rio S\u00e3o Francisco est\u00e1 na reta final da constru\u00e7\u00e3o. Com a conclus\u00e3o da parte f\u00edsica, entra a fase de operacionaliza\u00e7\u00e3o. Quest\u00f5es como o valor da tarifa da \u00e1gua e a distribui\u00e7\u00e3o dela aos Estados contemplados no projeto precisam ser tratadas. Exatamente para iniciar esta discuss\u00e3o sobre um empreendimento t\u00e3o grandioso que o Crea-PE realiza na quinta-feira (14) o debate com o tema: \u201cA Transposi\u00e7\u00e3o do S\u00e3o Francisco e a seguran\u00e7a h\u00eddrica da regi\u00e3o\u201d. O evento, que acontece no formato virtual, \u00e9 coordenado pelo Comit\u00ea Tecnol\u00f3gico Permanente (CTP) \u2013 Eixo 3, Um projeto para Pernambuco e o Brasil. O debate conta com a participa\u00e7\u00e3o do engenheiro civil Tiago Portela, coordenador-geral&hellip;","og_url":"https:\/\/blogdofarnesio.com.br\/?p=297535","og_site_name":"Blog do Farn\u00e9sio","article_publisher":"https:\/\/www.facebook.com\/BlogQuerSaberPolitica\/","article_author":"https:\/\/www.facebook.com\/?ref=tn_tnmn","article_published_time":"2021-10-11T20:04:11+00:00","og_image":[{"width":450,"height":450,"url":"https:\/\/blogdofarnesio.com.br\/wp-content\/uploads\/2021\/10\/blogqspctp-transposicao-debate.jpg","type":"image\/jpeg"}],"author":"Farn\u00e9sio","twitter_card":"summary_large_image","twitter_misc":{"Escrito por":"Farn\u00e9sio","Est. tempo de leitura":"4 minutos"},"schema":{"@context":"https:\/\/schema.org","@graph":[{"@type":"Article","@id":"https:\/\/blogdofarnesio.com.br\/?p=297535#article","isPartOf":{"@id":"https:\/\/blogdofarnesio.com.br\/?p=297535"},"author":{"name":"Farn\u00e9sio","@id":"https:\/\/blogdofarnesio.com.br\/#\/schema\/person\/bb9b23ae3ad0609ce8df7b6c9e76824d"},"headline":"Transposi\u00e7\u00e3o e seguran\u00e7a h\u00eddrica entram na pauta de debate do Crea-PE","datePublished":"2021-10-11T20:04:11+00:00","mainEntityOfPage":{"@id":"https:\/\/blogdofarnesio.com.br\/?p=297535"},"wordCount":803,"commentCount":0,"publisher":{"@id":"https:\/\/blogdofarnesio.com.br\/#organization"},"image":{"@id":"https:\/\/blogdofarnesio.com.br\/?p=297535#primaryimage"},"thumbnailUrl":"https:\/\/blogdofarnesio.com.br\/wp-content\/uploads\/2021\/10\/blogqspctp-transposicao-debate.jpg","articleSection":["\u00c1gua"],"inLanguage":"pt-BR","potentialAction":[{"@type":"CommentAction","name":"Comment","target":["https:\/\/blogdofarnesio.com.br\/?p=297535#respond"]}]},{"@type":"WebPage","@id":"https:\/\/blogdofarnesio.com.br\/?p=297535","url":"https:\/\/blogdofarnesio.com.br\/?p=297535","name":"Transposi\u00e7\u00e3o e seguran\u00e7a h\u00eddrica entram na pauta de debate do Crea-PE - Blog do Farn\u00e9sio","isPartOf":{"@id":"https:\/\/blogdofarnesio.com.br\/#website"},"primaryImageOfPage":{"@id":"https:\/\/blogdofarnesio.com.br\/?p=297535#primaryimage"},"image":{"@id":"https:\/\/blogdofarnesio.com.br\/?p=297535#primaryimage"},"thumbnailUrl":"https:\/\/blogdofarnesio.com.br\/wp-content\/uploads\/2021\/10\/blogqspctp-transposicao-debate.jpg","datePublished":"2021-10-11T20:04:11+00:00","breadcrumb":{"@id":"https:\/\/blogdofarnesio.com.br\/?p=297535#breadcrumb"},"inLanguage":"pt-BR","potentialAction":[{"@type":"ReadAction","target":["https:\/\/blogdofarnesio.com.br\/?p=297535"]}]},{"@type":"ImageObject","inLanguage":"pt-BR","@id":"https:\/\/blogdofarnesio.com.br\/?p=297535#primaryimage","url":"https:\/\/blogdofarnesio.com.br\/wp-content\/uploads\/2021\/10\/blogqspctp-transposicao-debate.jpg","contentUrl":"https:\/\/blogdofarnesio.com.br\/wp-content\/uploads\/2021\/10\/blogqspctp-transposicao-debate.jpg","width":450,"height":450},{"@type":"BreadcrumbList","@id":"https:\/\/blogdofarnesio.com.br\/?p=297535#breadcrumb","itemListElement":[{"@type":"ListItem","position":1,"name":"In\u00edcio","item":"https:\/\/blogdofarnesio.com.br\/"},{"@type":"ListItem","position":2,"name":"Transposi\u00e7\u00e3o e seguran\u00e7a h\u00eddrica entram na pauta de debate do Crea-PE"}]},{"@type":"WebSite","@id":"https:\/\/blogdofarnesio.com.br\/#website","url":"https:\/\/blogdofarnesio.com.br\/","name":"Blog do Farn\u00e9sio","description":"Quer Saber Pol\u00edtica?","publisher":{"@id":"https:\/\/blogdofarnesio.com.br\/#organization"},"potentialAction":[{"@type":"SearchAction","target":{"@type":"EntryPoint","urlTemplate":"https:\/\/blogdofarnesio.com.br\/?s={search_term_string}"},"query-input":{"@type":"PropertyValueSpecification","valueRequired":true,"valueName":"search_term_string"}}],"inLanguage":"pt-BR"},{"@type":"Organization","@id":"https:\/\/blogdofarnesio.com.br\/#organization","name":"Blog do Farn\u00e9sio","url":"https:\/\/blogdofarnesio.com.br\/","logo":{"@type":"ImageObject","inLanguage":"pt-BR","@id":"https:\/\/blogdofarnesio.com.br\/#\/schema\/logo\/image\/","url":"https:\/\/blogdofarnesio.com.br\/wp-content\/uploads\/2026\/03\/cropped-logo_new-1.png","contentUrl":"https:\/\/blogdofarnesio.com.br\/wp-content\/uploads\/2026\/03\/cropped-logo_new-1.png","width":881,"height":685,"caption":"Blog do Farn\u00e9sio"},"image":{"@id":"https:\/\/blogdofarnesio.com.br\/#\/schema\/logo\/image\/"},"sameAs":["https:\/\/www.facebook.com\/BlogQuerSaberPolitica\/"]},{"@type":"Person","@id":"https:\/\/blogdofarnesio.com.br\/#\/schema\/person\/bb9b23ae3ad0609ce8df7b6c9e76824d","name":"Farn\u00e9sio","image":{"@type":"ImageObject","inLanguage":"pt-BR","@id":"https:\/\/secure.gravatar.com\/avatar\/986aa4c61ccdb66f8555bf88fc2a65609d00bcabd4d2d94377a727547345cbca?s=96&d=mm&r=g","url":"https:\/\/secure.gravatar.com\/avatar\/986aa4c61ccdb66f8555bf88fc2a65609d00bcabd4d2d94377a727547345cbca?s=96&d=mm&r=g","contentUrl":"https:\/\/secure.gravatar.com\/avatar\/986aa4c61ccdb66f8555bf88fc2a65609d00bcabd4d2d94377a727547345cbca?s=96&d=mm&r=g","caption":"Farn\u00e9sio"},"description":"Radialista blogueiro, chegou a Petrolina\/Juazeiro em setembro de 1980, Farn\u00e9sio Silva \u00e9 de Arapiraca-Alagoas.","sameAs":["http:\/\/blogdofarnesio.com.br","https:\/\/www.facebook.com\/?ref=tn_tnmn","https:\/\/www.instagram.com\/?utm_source=pwa_homescreen","https:\/\/youtube.com.br\/"],"url":"https:\/\/blogdofarnesio.com.br\/?author=2"}]}},"_links":{"self":[{"href":"https:\/\/blogdofarnesio.com.br\/index.php?rest_route=\/wp\/v2\/posts\/297535","targetHints":{"allow":["GET"]}}],"collection":[{"href":"https:\/\/blogdofarnesio.com.br\/index.php?rest_route=\/wp\/v2\/posts"}],"about":[{"href":"https:\/\/blogdofarnesio.com.br\/index.php?rest_route=\/wp\/v2\/types\/post"}],"author":[{"embeddable":true,"href":"https:\/\/blogdofarnesio.com.br\/index.php?rest_route=\/wp\/v2\/users\/2"}],"replies":[{"embeddable":true,"href":"https:\/\/blogdofarnesio.com.br\/index.php?rest_route=%2Fwp%2Fv2%2Fcomments&post=297535"}],"version-history":[{"count":0,"href":"https:\/\/blogdofarnesio.com.br\/index.php?rest_route=\/wp\/v2\/posts\/297535\/revisions"}],"wp:featuredmedia":[{"embeddable":true,"href":"https:\/\/blogdofarnesio.com.br\/index.php?rest_route=\/wp\/v2\/media\/297536"}],"wp:attachment":[{"href":"https:\/\/blogdofarnesio.com.br\/index.php?rest_route=%2Fwp%2Fv2%2Fmedia&parent=297535"}],"wp:term":[{"taxonomy":"category","embeddable":true,"href":"https:\/\/blogdofarnesio.com.br\/index.php?rest_route=%2Fwp%2Fv2%2Fcategories&post=297535"},{"taxonomy":"post_tag","embeddable":true,"href":"https:\/\/blogdofarnesio.com.br\/index.php?rest_route=%2Fwp%2Fv2%2Ftags&post=297535"}],"curies":[{"name":"wp","href":"https:\/\/api.w.org\/{rel}","templated":true}]}}