{"id":296933,"date":"2021-10-04T07:00:09","date_gmt":"2021-10-04T10:00:09","guid":{"rendered":"https:\/\/blogdofarnesio.com.br\/?p=296933"},"modified":"2021-10-03T17:52:50","modified_gmt":"2021-10-03T20:52:50","slug":"agressividade-a-esquerda","status":"publish","type":"post","link":"https:\/\/blogdofarnesio.com.br\/?p=296933","title":{"rendered":"Agressividade \u00e0 esquerda"},"content":{"rendered":"<p><strong>Editorial do <em>Estad\u00e3o<\/em><\/strong><\/p>\n<p>O bolsonarismo n\u00e3o respeita quem pensa de forma diferente. Quando era deputado federal, Jair Bolsonaro defendeu o fuzilamento de Fernando Henrique Cardoso. Na Presid\u00eancia da Rep\u00fablica, continua na mesma rota de intoler\u00e2ncia e viol\u00eancia. N\u00e3o apenas utiliza o aparato estatal para perseguir advers\u00e1rios pol\u00edticos, como suas mil\u00edcias digitais promovem campanhas difamat\u00f3rias na internet contra os que resistem aos intentos bolsonaristas.<\/p>\n<p>Mas a viol\u00eancia e a agressividade na pol\u00edtica n\u00e3o s\u00e3o exclusividade do bolsonarismo. As amea\u00e7as sofridas pela deputada Tabata Amaral, por ocasi\u00e3o de sua filia\u00e7\u00e3o ao PSB, recordam como parte da esquerda tamb\u00e9m \u00e9 intolerante, desrespeitosa e agressiva. O ator Jos\u00e9 de Abreu, conhecido apoiador do PT, reproduziu em sua conta no Twitter mensagem que dizia: \u201cSe eu encontro (a Tabata) na rua, soco at\u00e9 ser preso\u201d.<\/p>\n<p>A publica\u00e7\u00e3o gerou imediata repercuss\u00e3o, com in\u00fameras manifesta\u00e7\u00f5es de solidariedade \u00e0 deputada. No entanto, houve tamb\u00e9m por parte de alguns simpatizantes da esquerda a tentativa de relativizar a agressividade contra Tabata Amaral, mencionando como contraponto suas op\u00e7\u00f5es pol\u00edticas. Ou seja, o princ\u00edpio da dignidade humana, pedra basilar dos direitos humanos, n\u00e3o valeria sempre. A depender das escolhas pol\u00edticas da v\u00edtima, nem toda viol\u00eancia ou intoler\u00e2ncia seria abomin\u00e1vel.<\/p>\n<p>Al\u00e9m disso, a ignor\u00e2ncia tamb\u00e9m est\u00e1 presente em setores da esquerda. Se \u00e9 vergonhoso que Jair Bolsonaro fale, na Assembleia-Geral da ONU, que \u201cest\u00e1vamos \u00e0 beira do socialismo\u201d, v\u00e1rias manifesta\u00e7\u00f5es de militantes de esquerda reproduzem obtusidades e preconceitos igualmente constrangedores.<\/p>\n<p>\u201cN\u00e3o nos esque\u00e7amos (de) que Tabata do Amaral estudou nos USA, apoiada por um bilhard\u00e1rio (sic) brasileiro. Ela se embebeu da ideologia destas duas fontes. Seria bom se voltasse \u00e0s origens humildes de onde veio e aprender (sic) com o povo. Os olhos suplicantes das crian\u00e7as pedindo comida a converteriam\u201d, escreveu Leonardo Boff em sua conta no Twitter.<\/p>\n<p>O\u00a0post\u00a0do conhecido te\u00f3logo, valendo-se do preconceito como arma pol\u00edtica, tamb\u00e9m n\u00e3o \u00e9 um caso isolado. Seu conte\u00fado remete ao constante discurso do PT, sempre carregado de imprecis\u00f5es, simplismos e, n\u00e3o raro, do mais cabal negacionismo.<\/p>\n<p>A esquerda mostra-se muito arredia a qualquer compara\u00e7\u00e3o entre bolsonarismo e lulopetismo. Em sua \u00f3tica, haveria uma diferen\u00e7a radical quanto ao compromisso das duas for\u00e7as pol\u00edticas com a democracia, o que inviabilizaria, por princ\u00edpio, qualquer possibilidade de cotejo entre elas. A realidade \u00e9 um pouco mais embara\u00e7osa, no entanto.<\/p>\n<p>O apoio de Lula a regimes n\u00e3o democr\u00e1ticos, como o da Venezuela ou de Cuba, campe\u00f5es de viola\u00e7\u00f5es de direitos humanos em nome do \u201csocialismo\u201d, revela que sua defesa da democracia depende da plateia. N\u00e3o se trata de uma convic\u00e7\u00e3o firme. Outros interesses podem condicion\u00e1-la, sem maiores rubores.<\/p>\n<p>A defesa lulopetista da \u201cregula\u00e7\u00e3o da m\u00eddia\u201d, sob o argumento de que a imprensa persegue Lula, tamb\u00e9m contraria os fundamentos do Estado Democr\u00e1tico de Direito, sendo, portanto, t\u00e3o constrangedora quanto a hostilidade bolsonarista \u00e0 imprensa. N\u00e3o cabe ao Estado determinar o que os cidad\u00e3os podem ou n\u00e3o saber.<\/p>\n<p>Por fim, o lulopetismo e o bolsonarismo se equivalem no negacionismo. Bolsonaro, por exemplo, n\u00e3o reconhece que errou ao dificultar a aquisi\u00e7\u00e3o de vacinas e continua pregando o uso da cloroquina no tratamento contra a covid, custando milhares de vidas de brasileiros, apenas para satisfazer os interesses eleitorais do bolsonarismo. Incapaz de enfrentar com responsabilidade a pandemia, Bolsonaro optou por negar sua gravidade, instaurando uma revoltante pol\u00edtica de descaso com a vida da popula\u00e7\u00e3o.<\/p>\n<p>Igualmente negacionista e repleta de interesses pol\u00edticos \u00e9 a recusa do PT em admitir seus erros na seara econ\u00f4mica, na coniv\u00eancia com a corrup\u00e7\u00e3o e com o mau uso do dinheiro p\u00fablico e na dissemina\u00e7\u00e3o do \u00f3dio no Pa\u00eds. Mesmo depois de todos os danos causados ao Brasil, Lula continua pregando a irresponsabilidade fiscal e a ciz\u00e2nia, como se v\u00ea pelo comportamento de seus apoiadores. A esquerda pode ser democr\u00e1tica e respons\u00e1vel \u2013 tudo o que o lulopetismo n\u00e3o \u00e9.<\/p>\n","protected":false},"excerpt":{"rendered":"<p>Editorial do Estad\u00e3o O bolsonarismo n\u00e3o respeita quem pensa de forma diferente. Quando era deputado federal, Jair Bolsonaro defendeu o fuzilamento de Fernando Henrique Cardoso. Na Presid\u00eancia da Rep\u00fablica, continua na mesma rota de intoler\u00e2ncia e viol\u00eancia. N\u00e3o apenas utiliza o aparato estatal para perseguir advers\u00e1rios pol\u00edticos, como suas mil\u00edcias digitais promovem campanhas difamat\u00f3rias na internet contra os que resistem aos intentos bolsonaristas. Mas a viol\u00eancia e a agressividade na pol\u00edtica n\u00e3o s\u00e3o exclusividade do bolsonarismo. As amea\u00e7as sofridas pela deputada Tabata Amaral, por ocasi\u00e3o de sua filia\u00e7\u00e3o ao PSB, recordam como parte da esquerda tamb\u00e9m \u00e9 intolerante, desrespeitosa e agressiva. O ator Jos\u00e9 de Abreu, conhecido apoiador do PT, reproduziu em sua conta no Twitter mensagem que dizia: \u201cSe&hellip; <\/p>\n","protected":false},"author":2,"featured_media":155983,"comment_status":"open","ping_status":"open","sticky":false,"template":"","format":"standard","meta":{"_acf_changed":false,"footnotes":""},"categories":[30],"tags":[],"class_list":["post-296933","post","type-post","status-publish","format-standard","has-post-thumbnail","hentry","category-artigo"],"acf":[],"yoast_head":"<!-- This site is optimized with the Yoast SEO plugin v27.4 - https:\/\/yoast.com\/product\/yoast-seo-wordpress\/ -->\n<title>Agressividade \u00e0 esquerda - Blog do Farn\u00e9sio<\/title>\n<meta name=\"robots\" content=\"index, follow, max-snippet:-1, max-image-preview:large, max-video-preview:-1\" \/>\n<link rel=\"canonical\" href=\"https:\/\/blogdofarnesio.com.br\/?p=296933\" \/>\n<meta property=\"og:locale\" content=\"pt_BR\" \/>\n<meta property=\"og:type\" content=\"article\" \/>\n<meta property=\"og:title\" content=\"Agressividade \u00e0 esquerda - Blog do Farn\u00e9sio\" \/>\n<meta property=\"og:description\" content=\"Editorial do Estad\u00e3o O bolsonarismo n\u00e3o respeita quem pensa de forma diferente. Quando era deputado federal, Jair Bolsonaro defendeu o fuzilamento de Fernando Henrique Cardoso. Na Presid\u00eancia da Rep\u00fablica, continua na mesma rota de intoler\u00e2ncia e viol\u00eancia. N\u00e3o apenas utiliza o aparato estatal para perseguir advers\u00e1rios pol\u00edticos, como suas mil\u00edcias digitais promovem campanhas difamat\u00f3rias na internet contra os que resistem aos intentos bolsonaristas. Mas a viol\u00eancia e a agressividade na pol\u00edtica n\u00e3o s\u00e3o exclusividade do bolsonarismo. As amea\u00e7as sofridas pela deputada Tabata Amaral, por ocasi\u00e3o de sua filia\u00e7\u00e3o ao PSB, recordam como parte da esquerda tamb\u00e9m \u00e9 intolerante, desrespeitosa e agressiva. O ator Jos\u00e9 de Abreu, conhecido apoiador do PT, reproduziu em sua conta no Twitter mensagem que dizia: \u201cSe&hellip;\" \/>\n<meta property=\"og:url\" content=\"https:\/\/blogdofarnesio.com.br\/?p=296933\" \/>\n<meta property=\"og:site_name\" content=\"Blog do Farn\u00e9sio\" \/>\n<meta property=\"article:publisher\" content=\"https:\/\/www.facebook.com\/BlogQuerSaberPolitica\/\" \/>\n<meta property=\"article:author\" content=\"https:\/\/www.facebook.com\/?ref=tn_tnmn\" \/>\n<meta property=\"article:published_time\" content=\"2021-10-04T10:00:09+00:00\" \/>\n<meta property=\"og:image\" content=\"https:\/\/blogdofarnesio.com.br\/wp-content\/uploads\/2017\/02\/blogqspeditorial.jpg\" \/>\n\t<meta property=\"og:image:width\" content=\"620\" \/>\n\t<meta property=\"og:image:height\" content=\"300\" \/>\n\t<meta property=\"og:image:type\" content=\"image\/jpeg\" \/>\n<meta name=\"author\" content=\"Farn\u00e9sio\" \/>\n<meta name=\"twitter:card\" content=\"summary_large_image\" \/>\n<meta name=\"twitter:label1\" content=\"Escrito por\" \/>\n\t<meta name=\"twitter:data1\" content=\"Farn\u00e9sio\" \/>\n\t<meta name=\"twitter:label2\" content=\"Est. tempo de leitura\" \/>\n\t<meta name=\"twitter:data2\" content=\"3 minutos\" \/>\n<script type=\"application\/ld+json\" class=\"yoast-schema-graph\">{\"@context\":\"https:\\\/\\\/schema.org\",\"@graph\":[{\"@type\":\"Article\",\"@id\":\"https:\\\/\\\/blogdofarnesio.com.br\\\/?p=296933#article\",\"isPartOf\":{\"@id\":\"https:\\\/\\\/blogdofarnesio.com.br\\\/?p=296933\"},\"author\":{\"name\":\"Farn\u00e9sio\",\"@id\":\"https:\\\/\\\/blogdofarnesio.com.br\\\/#\\\/schema\\\/person\\\/bb9b23ae3ad0609ce8df7b6c9e76824d\"},\"headline\":\"Agressividade \u00e0 esquerda\",\"datePublished\":\"2021-10-04T10:00:09+00:00\",\"mainEntityOfPage\":{\"@id\":\"https:\\\/\\\/blogdofarnesio.com.br\\\/?p=296933\"},\"wordCount\":709,\"commentCount\":0,\"publisher\":{\"@id\":\"https:\\\/\\\/blogdofarnesio.com.br\\\/#organization\"},\"image\":{\"@id\":\"https:\\\/\\\/blogdofarnesio.com.br\\\/?p=296933#primaryimage\"},\"thumbnailUrl\":\"https:\\\/\\\/blogdofarnesio.com.br\\\/wp-content\\\/uploads\\\/2017\\\/02\\\/blogqspeditorial.jpg\",\"articleSection\":[\"Artigo\"],\"inLanguage\":\"pt-BR\",\"potentialAction\":[{\"@type\":\"CommentAction\",\"name\":\"Comment\",\"target\":[\"https:\\\/\\\/blogdofarnesio.com.br\\\/?p=296933#respond\"]}]},{\"@type\":\"WebPage\",\"@id\":\"https:\\\/\\\/blogdofarnesio.com.br\\\/?p=296933\",\"url\":\"https:\\\/\\\/blogdofarnesio.com.br\\\/?p=296933\",\"name\":\"Agressividade \u00e0 esquerda - Blog do Farn\u00e9sio\",\"isPartOf\":{\"@id\":\"https:\\\/\\\/blogdofarnesio.com.br\\\/#website\"},\"primaryImageOfPage\":{\"@id\":\"https:\\\/\\\/blogdofarnesio.com.br\\\/?p=296933#primaryimage\"},\"image\":{\"@id\":\"https:\\\/\\\/blogdofarnesio.com.br\\\/?p=296933#primaryimage\"},\"thumbnailUrl\":\"https:\\\/\\\/blogdofarnesio.com.br\\\/wp-content\\\/uploads\\\/2017\\\/02\\\/blogqspeditorial.jpg\",\"datePublished\":\"2021-10-04T10:00:09+00:00\",\"breadcrumb\":{\"@id\":\"https:\\\/\\\/blogdofarnesio.com.br\\\/?p=296933#breadcrumb\"},\"inLanguage\":\"pt-BR\",\"potentialAction\":[{\"@type\":\"ReadAction\",\"target\":[\"https:\\\/\\\/blogdofarnesio.com.br\\\/?p=296933\"]}]},{\"@type\":\"ImageObject\",\"inLanguage\":\"pt-BR\",\"@id\":\"https:\\\/\\\/blogdofarnesio.com.br\\\/?p=296933#primaryimage\",\"url\":\"https:\\\/\\\/blogdofarnesio.com.br\\\/wp-content\\\/uploads\\\/2017\\\/02\\\/blogqspeditorial.jpg\",\"contentUrl\":\"https:\\\/\\\/blogdofarnesio.com.br\\\/wp-content\\\/uploads\\\/2017\\\/02\\\/blogqspeditorial.jpg\",\"width\":620,\"height\":300},{\"@type\":\"BreadcrumbList\",\"@id\":\"https:\\\/\\\/blogdofarnesio.com.br\\\/?p=296933#breadcrumb\",\"itemListElement\":[{\"@type\":\"ListItem\",\"position\":1,\"name\":\"In\u00edcio\",\"item\":\"https:\\\/\\\/blogdofarnesio.com.br\\\/\"},{\"@type\":\"ListItem\",\"position\":2,\"name\":\"Agressividade \u00e0 esquerda\"}]},{\"@type\":\"WebSite\",\"@id\":\"https:\\\/\\\/blogdofarnesio.com.br\\\/#website\",\"url\":\"https:\\\/\\\/blogdofarnesio.com.br\\\/\",\"name\":\"Blog do Farn\u00e9sio\",\"description\":\"Quer Saber Pol\u00edtica?\",\"publisher\":{\"@id\":\"https:\\\/\\\/blogdofarnesio.com.br\\\/#organization\"},\"potentialAction\":[{\"@type\":\"SearchAction\",\"target\":{\"@type\":\"EntryPoint\",\"urlTemplate\":\"https:\\\/\\\/blogdofarnesio.com.br\\\/?s={search_term_string}\"},\"query-input\":{\"@type\":\"PropertyValueSpecification\",\"valueRequired\":true,\"valueName\":\"search_term_string\"}}],\"inLanguage\":\"pt-BR\"},{\"@type\":\"Organization\",\"@id\":\"https:\\\/\\\/blogdofarnesio.com.br\\\/#organization\",\"name\":\"Blog do Farn\u00e9sio\",\"url\":\"https:\\\/\\\/blogdofarnesio.com.br\\\/\",\"logo\":{\"@type\":\"ImageObject\",\"inLanguage\":\"pt-BR\",\"@id\":\"https:\\\/\\\/blogdofarnesio.com.br\\\/#\\\/schema\\\/logo\\\/image\\\/\",\"url\":\"https:\\\/\\\/blogdofarnesio.com.br\\\/wp-content\\\/uploads\\\/2026\\\/03\\\/cropped-logo_new-1.png\",\"contentUrl\":\"https:\\\/\\\/blogdofarnesio.com.br\\\/wp-content\\\/uploads\\\/2026\\\/03\\\/cropped-logo_new-1.png\",\"width\":881,\"height\":685,\"caption\":\"Blog do Farn\u00e9sio\"},\"image\":{\"@id\":\"https:\\\/\\\/blogdofarnesio.com.br\\\/#\\\/schema\\\/logo\\\/image\\\/\"},\"sameAs\":[\"https:\\\/\\\/www.facebook.com\\\/BlogQuerSaberPolitica\\\/\"]},{\"@type\":\"Person\",\"@id\":\"https:\\\/\\\/blogdofarnesio.com.br\\\/#\\\/schema\\\/person\\\/bb9b23ae3ad0609ce8df7b6c9e76824d\",\"name\":\"Farn\u00e9sio\",\"image\":{\"@type\":\"ImageObject\",\"inLanguage\":\"pt-BR\",\"@id\":\"https:\\\/\\\/secure.gravatar.com\\\/avatar\\\/986aa4c61ccdb66f8555bf88fc2a65609d00bcabd4d2d94377a727547345cbca?s=96&d=mm&r=g\",\"url\":\"https:\\\/\\\/secure.gravatar.com\\\/avatar\\\/986aa4c61ccdb66f8555bf88fc2a65609d00bcabd4d2d94377a727547345cbca?s=96&d=mm&r=g\",\"contentUrl\":\"https:\\\/\\\/secure.gravatar.com\\\/avatar\\\/986aa4c61ccdb66f8555bf88fc2a65609d00bcabd4d2d94377a727547345cbca?s=96&d=mm&r=g\",\"caption\":\"Farn\u00e9sio\"},\"description\":\"Radialista blogueiro, chegou a Petrolina\\\/Juazeiro em setembro de 1980, Farn\u00e9sio Silva \u00e9 de Arapiraca-Alagoas.\",\"sameAs\":[\"http:\\\/\\\/blogdofarnesio.com.br\",\"https:\\\/\\\/www.facebook.com\\\/?ref=tn_tnmn\",\"https:\\\/\\\/www.instagram.com\\\/?utm_source=pwa_homescreen\",\"https:\\\/\\\/youtube.com.br\\\/\"],\"url\":\"https:\\\/\\\/blogdofarnesio.com.br\\\/?author=2\"}]}<\/script>\n<!-- \/ Yoast SEO plugin. -->","yoast_head_json":{"title":"Agressividade \u00e0 esquerda - Blog do Farn\u00e9sio","robots":{"index":"index","follow":"follow","max-snippet":"max-snippet:-1","max-image-preview":"max-image-preview:large","max-video-preview":"max-video-preview:-1"},"canonical":"https:\/\/blogdofarnesio.com.br\/?p=296933","og_locale":"pt_BR","og_type":"article","og_title":"Agressividade \u00e0 esquerda - Blog do Farn\u00e9sio","og_description":"Editorial do Estad\u00e3o O bolsonarismo n\u00e3o respeita quem pensa de forma diferente. Quando era deputado federal, Jair Bolsonaro defendeu o fuzilamento de Fernando Henrique Cardoso. Na Presid\u00eancia da Rep\u00fablica, continua na mesma rota de intoler\u00e2ncia e viol\u00eancia. N\u00e3o apenas utiliza o aparato estatal para perseguir advers\u00e1rios pol\u00edticos, como suas mil\u00edcias digitais promovem campanhas difamat\u00f3rias na internet contra os que resistem aos intentos bolsonaristas. Mas a viol\u00eancia e a agressividade na pol\u00edtica n\u00e3o s\u00e3o exclusividade do bolsonarismo. As amea\u00e7as sofridas pela deputada Tabata Amaral, por ocasi\u00e3o de sua filia\u00e7\u00e3o ao PSB, recordam como parte da esquerda tamb\u00e9m \u00e9 intolerante, desrespeitosa e agressiva. O ator Jos\u00e9 de Abreu, conhecido apoiador do PT, reproduziu em sua conta no Twitter mensagem que dizia: \u201cSe&hellip;","og_url":"https:\/\/blogdofarnesio.com.br\/?p=296933","og_site_name":"Blog do Farn\u00e9sio","article_publisher":"https:\/\/www.facebook.com\/BlogQuerSaberPolitica\/","article_author":"https:\/\/www.facebook.com\/?ref=tn_tnmn","article_published_time":"2021-10-04T10:00:09+00:00","og_image":[{"width":620,"height":300,"url":"https:\/\/blogdofarnesio.com.br\/wp-content\/uploads\/2017\/02\/blogqspeditorial.jpg","type":"image\/jpeg"}],"author":"Farn\u00e9sio","twitter_card":"summary_large_image","twitter_misc":{"Escrito por":"Farn\u00e9sio","Est. tempo de leitura":"3 minutos"},"schema":{"@context":"https:\/\/schema.org","@graph":[{"@type":"Article","@id":"https:\/\/blogdofarnesio.com.br\/?p=296933#article","isPartOf":{"@id":"https:\/\/blogdofarnesio.com.br\/?p=296933"},"author":{"name":"Farn\u00e9sio","@id":"https:\/\/blogdofarnesio.com.br\/#\/schema\/person\/bb9b23ae3ad0609ce8df7b6c9e76824d"},"headline":"Agressividade \u00e0 esquerda","datePublished":"2021-10-04T10:00:09+00:00","mainEntityOfPage":{"@id":"https:\/\/blogdofarnesio.com.br\/?p=296933"},"wordCount":709,"commentCount":0,"publisher":{"@id":"https:\/\/blogdofarnesio.com.br\/#organization"},"image":{"@id":"https:\/\/blogdofarnesio.com.br\/?p=296933#primaryimage"},"thumbnailUrl":"https:\/\/blogdofarnesio.com.br\/wp-content\/uploads\/2017\/02\/blogqspeditorial.jpg","articleSection":["Artigo"],"inLanguage":"pt-BR","potentialAction":[{"@type":"CommentAction","name":"Comment","target":["https:\/\/blogdofarnesio.com.br\/?p=296933#respond"]}]},{"@type":"WebPage","@id":"https:\/\/blogdofarnesio.com.br\/?p=296933","url":"https:\/\/blogdofarnesio.com.br\/?p=296933","name":"Agressividade \u00e0 esquerda - Blog do Farn\u00e9sio","isPartOf":{"@id":"https:\/\/blogdofarnesio.com.br\/#website"},"primaryImageOfPage":{"@id":"https:\/\/blogdofarnesio.com.br\/?p=296933#primaryimage"},"image":{"@id":"https:\/\/blogdofarnesio.com.br\/?p=296933#primaryimage"},"thumbnailUrl":"https:\/\/blogdofarnesio.com.br\/wp-content\/uploads\/2017\/02\/blogqspeditorial.jpg","datePublished":"2021-10-04T10:00:09+00:00","breadcrumb":{"@id":"https:\/\/blogdofarnesio.com.br\/?p=296933#breadcrumb"},"inLanguage":"pt-BR","potentialAction":[{"@type":"ReadAction","target":["https:\/\/blogdofarnesio.com.br\/?p=296933"]}]},{"@type":"ImageObject","inLanguage":"pt-BR","@id":"https:\/\/blogdofarnesio.com.br\/?p=296933#primaryimage","url":"https:\/\/blogdofarnesio.com.br\/wp-content\/uploads\/2017\/02\/blogqspeditorial.jpg","contentUrl":"https:\/\/blogdofarnesio.com.br\/wp-content\/uploads\/2017\/02\/blogqspeditorial.jpg","width":620,"height":300},{"@type":"BreadcrumbList","@id":"https:\/\/blogdofarnesio.com.br\/?p=296933#breadcrumb","itemListElement":[{"@type":"ListItem","position":1,"name":"In\u00edcio","item":"https:\/\/blogdofarnesio.com.br\/"},{"@type":"ListItem","position":2,"name":"Agressividade \u00e0 esquerda"}]},{"@type":"WebSite","@id":"https:\/\/blogdofarnesio.com.br\/#website","url":"https:\/\/blogdofarnesio.com.br\/","name":"Blog do Farn\u00e9sio","description":"Quer Saber Pol\u00edtica?","publisher":{"@id":"https:\/\/blogdofarnesio.com.br\/#organization"},"potentialAction":[{"@type":"SearchAction","target":{"@type":"EntryPoint","urlTemplate":"https:\/\/blogdofarnesio.com.br\/?s={search_term_string}"},"query-input":{"@type":"PropertyValueSpecification","valueRequired":true,"valueName":"search_term_string"}}],"inLanguage":"pt-BR"},{"@type":"Organization","@id":"https:\/\/blogdofarnesio.com.br\/#organization","name":"Blog do Farn\u00e9sio","url":"https:\/\/blogdofarnesio.com.br\/","logo":{"@type":"ImageObject","inLanguage":"pt-BR","@id":"https:\/\/blogdofarnesio.com.br\/#\/schema\/logo\/image\/","url":"https:\/\/blogdofarnesio.com.br\/wp-content\/uploads\/2026\/03\/cropped-logo_new-1.png","contentUrl":"https:\/\/blogdofarnesio.com.br\/wp-content\/uploads\/2026\/03\/cropped-logo_new-1.png","width":881,"height":685,"caption":"Blog do Farn\u00e9sio"},"image":{"@id":"https:\/\/blogdofarnesio.com.br\/#\/schema\/logo\/image\/"},"sameAs":["https:\/\/www.facebook.com\/BlogQuerSaberPolitica\/"]},{"@type":"Person","@id":"https:\/\/blogdofarnesio.com.br\/#\/schema\/person\/bb9b23ae3ad0609ce8df7b6c9e76824d","name":"Farn\u00e9sio","image":{"@type":"ImageObject","inLanguage":"pt-BR","@id":"https:\/\/secure.gravatar.com\/avatar\/986aa4c61ccdb66f8555bf88fc2a65609d00bcabd4d2d94377a727547345cbca?s=96&d=mm&r=g","url":"https:\/\/secure.gravatar.com\/avatar\/986aa4c61ccdb66f8555bf88fc2a65609d00bcabd4d2d94377a727547345cbca?s=96&d=mm&r=g","contentUrl":"https:\/\/secure.gravatar.com\/avatar\/986aa4c61ccdb66f8555bf88fc2a65609d00bcabd4d2d94377a727547345cbca?s=96&d=mm&r=g","caption":"Farn\u00e9sio"},"description":"Radialista blogueiro, chegou a Petrolina\/Juazeiro em setembro de 1980, Farn\u00e9sio Silva \u00e9 de Arapiraca-Alagoas.","sameAs":["http:\/\/blogdofarnesio.com.br","https:\/\/www.facebook.com\/?ref=tn_tnmn","https:\/\/www.instagram.com\/?utm_source=pwa_homescreen","https:\/\/youtube.com.br\/"],"url":"https:\/\/blogdofarnesio.com.br\/?author=2"}]}},"_links":{"self":[{"href":"https:\/\/blogdofarnesio.com.br\/index.php?rest_route=\/wp\/v2\/posts\/296933","targetHints":{"allow":["GET"]}}],"collection":[{"href":"https:\/\/blogdofarnesio.com.br\/index.php?rest_route=\/wp\/v2\/posts"}],"about":[{"href":"https:\/\/blogdofarnesio.com.br\/index.php?rest_route=\/wp\/v2\/types\/post"}],"author":[{"embeddable":true,"href":"https:\/\/blogdofarnesio.com.br\/index.php?rest_route=\/wp\/v2\/users\/2"}],"replies":[{"embeddable":true,"href":"https:\/\/blogdofarnesio.com.br\/index.php?rest_route=%2Fwp%2Fv2%2Fcomments&post=296933"}],"version-history":[{"count":0,"href":"https:\/\/blogdofarnesio.com.br\/index.php?rest_route=\/wp\/v2\/posts\/296933\/revisions"}],"wp:featuredmedia":[{"embeddable":true,"href":"https:\/\/blogdofarnesio.com.br\/index.php?rest_route=\/wp\/v2\/media\/155983"}],"wp:attachment":[{"href":"https:\/\/blogdofarnesio.com.br\/index.php?rest_route=%2Fwp%2Fv2%2Fmedia&parent=296933"}],"wp:term":[{"taxonomy":"category","embeddable":true,"href":"https:\/\/blogdofarnesio.com.br\/index.php?rest_route=%2Fwp%2Fv2%2Fcategories&post=296933"},{"taxonomy":"post_tag","embeddable":true,"href":"https:\/\/blogdofarnesio.com.br\/index.php?rest_route=%2Fwp%2Fv2%2Ftags&post=296933"}],"curies":[{"name":"wp","href":"https:\/\/api.w.org\/{rel}","templated":true}]}}