{"id":296927,"date":"2021-10-04T08:22:27","date_gmt":"2021-10-04T11:22:27","guid":{"rendered":"https:\/\/blogdofarnesio.com.br\/?p=296927"},"modified":"2021-10-03T17:29:12","modified_gmt":"2021-10-03T20:29:12","slug":"tse-antecipa-acoes-contra-desinformacoes-relacionadas-ao-sistema-eleitoral","status":"publish","type":"post","link":"https:\/\/blogdofarnesio.com.br\/?p=296927","title":{"rendered":"TSE antecipa a\u00e7\u00f5es contra desinforma\u00e7\u00f5es relacionadas ao sistema eleitoral"},"content":{"rendered":"<h1 class=\"mb-3\"><a class=\"font-weight-bold text-primary small\" style=\"font-size: 16px;\" title=\"Correio Braziliense\" href=\"mailto:local@diariodepernambuco.com.br\">Correio Braziliense<\/a><\/h1>\n<div class=\"abas\">\n<div id=\"pills-tabContent\" class=\"tab-content\">\n<div id=\"abanoticia\" class=\"tab-pane fade show active\" role=\"tabpanel\" aria-labelledby=\"noticia-tab\">\n<div id=\"items_noticia\" class=\"container\">\n<div class=\"row\">\n<div id=\"publicacaoNoticia\" class=\"col-12 col-md-8 text-break\">\n<p class=\"mb-1\">O Tribunal Superior Eleitoral (TSE) realiza, nesta segunda-feira (4), a abertura dos c\u00f3digos-fonte dos sistemas eleitorais para confer\u00eancia pela sociedade civil. O evento, que tradicionalmente ocorria a seis meses das elei\u00e7\u00f5es, foi antecipado para um ano antes do pleito de 2022 depois dos ataques do presidente Jair Bolsonaro ao sistema eletr\u00f4nico de vota\u00e7\u00e3o.<\/p>\n<\/div>\n<\/div>\n<\/div>\n<div class=\"news_body\">\n<div class=\"font_change\">\n<div class=\"d-block\">\n<div class=\"teads-inread sm-screen\">\n<div>\n<div class=\"teads-ui-components-label\"><\/div>\n<div id=\"teads0\" class=\"teads-player\"><\/div>\n<\/div>\n<\/div>\n<div>Essa \u00e9 mais uma das v\u00e1rias medidas tomadas pelo tribunal para refor\u00e7ar a credibilidade das urnas eletr\u00f4nicas, um sistema que \u00e9 refer\u00eancia internacional em seguran\u00e7a e transpar\u00eancia. Desde sua implanta\u00e7\u00e3o no pa\u00eds, h\u00e1 25 anos, nunca se comprovou qualquer fraude nas elei\u00e7\u00f5es.<\/div>\n<div><\/div>\n<div>O c\u00f3digo-fonte \u00e9 um conjunto de linhas de programa\u00e7\u00e3o de um software, com as instru\u00e7\u00f5es para que ele funcione. A abertura do acesso a esse sistema ser\u00e1 realizada durante o \u201cCiclo de Transpar\u00eancia Democr\u00e1tica &#8211; Elei\u00e7\u00f5es 2022\u201d, no qual o TSE vai reafirmar o compromisso com o fortalecimento da democracia brasileira.<\/div>\n<div><\/div>\n<div>Ter\u00e3o acesso aos c\u00f3digos-fonte representantes dos partidos pol\u00edticos, do Minist\u00e9rio P\u00fablico, da Ordem dos Advogados do Brasil (OAB), das For\u00e7as Armadas, Pol\u00edcia Federal e universidades, entre outras institui\u00e7\u00f5es. Tamb\u00e9m foram convidados para o evento os presidentes de partidos com representa\u00e7\u00e3o no Congresso e os 12 integrantes da Comiss\u00e3o de Transpar\u00eancia das Elei\u00e7\u00f5es, criada pelo TSE. Os participantes poder\u00e3o ainda acompanhar todo o desenvolvimento dos sistemas eleitorais, com acesso ao conjunto de softwares da urna eletr\u00f4nica.<\/div>\n<div><\/div>\n<div>Durante o evento, os presidentes dos partidos pol\u00edticos e os integrantes da Comiss\u00e3o de Transpar\u00eancia das Elei\u00e7\u00f5es far\u00e3o uma visita t\u00e9cnica \u00e0 sala-cofre e ao local onde ser\u00e3o abertos os c\u00f3digos-fonte dos sistemas eleitorais, no pr\u00e9dio da Secretaria de Tecnologia da Informa\u00e7\u00e3o do TSE.<\/div>\n<div><\/div>\n<div>A Corte eleitoral, por meio do presidente do TSE, ministro Lu\u00eds Roberto Barroso, convidou tamb\u00e9m autoridades eleitorais de entidades, como a Organiza\u00e7\u00e3o dos Estados Americanos (OEA), o Idea Internacional e a Uni\u00e3o Interamericana de Organismos Eleitorais (Uniore), que atuam como observadores em diversos pleitos na Am\u00e9rica.<\/div>\n<div><\/div>\n<div>A decis\u00e3o de antecipar a abertura dos c\u00f3digos-fonte dos sistemas eleitorais foi tomada pelo TSE em 28 de setembro. Por unanimidade, o plen\u00e1rio aprovou uma resolu\u00e7\u00e3o nesse sentido, com altera\u00e7\u00e3o das normas sobre os procedimentos de fiscaliza\u00e7\u00e3o e auditoria do sistema eletr\u00f4nico de vota\u00e7\u00e3o. O texto tamb\u00e9m determinou o prazo de 10 dias de anteced\u00eancia para que as entidades convidadas para acessar os c\u00f3digos-fonte manifestassem ao tribunal o interesse em inspecionar o sistema.<\/div>\n<div><\/div>\n<div>Para Alessandro Costa, professor de Direito Eleitoral do Ibmec Bras\u00edlia, &#8220;a import\u00e2ncia dessas altera\u00e7\u00f5es estabelecidas via resolu\u00e7\u00e3o est\u00e1 no fato de que elas promovem maior transpar\u00eancia no processo eleitoral, especialmente quanto ao processo de desenvolvimento e auditabilidade do sistema eletr\u00f4nico de vota\u00e7\u00e3o, quest\u00e3o que se tornou a pauta do dia nos \u00faltimos meses&#8221;.<\/div>\n<div><\/div>\n<div><strong>Weber: parecer da PGR causa &#8220;perplexidade&#8221;<\/strong><\/div>\n<div>A ministra Rosa Weber, do Supremo Tribunal Federal (STF), cobrou um novo parecer da Procuradoria-Geral da Rep\u00fablica (PGR) sobre os pedidos do PT e do PSol para investigar se o presidente Jair Bolsonaro cometeu crime ao sair sem m\u00e1scara e causar aglomera\u00e7\u00e3o em eventos p\u00fablicos durante a pandemia. Em seu despacho, na sexta-feira, a ministra diz que a primeira manifesta\u00e7\u00e3o enviada pela PGR tem \u2018dubiedades\u2019 e cobrou esclarecimentos.<\/div>\n<div><\/div>\n<div>Ao se manifestar sobre o caso no m\u00eas passado, a subprocuradora-geral da Rep\u00fablica Lind\u00f4ra Ara\u00fajo considerou que Bolsonaro n\u00e3o cometeu crime. Ela argumentou que n\u00e3o \u00e9 poss\u00edvel atestar a \u2018exata efic\u00e1cia da m\u00e1scara de prote\u00e7\u00e3o como meio de prevenir a propaga\u00e7\u00e3o do novo coronav\u00edrus\u2019, o que em sua avalia\u00e7\u00e3o impede o enquadramento do presidente por deixar de usar o equipamento.<\/div>\n<div><\/div>\n<div><strong>Desconhecimento<\/strong><\/div>\n<div>Rosa Weber disse que o argumento causa \u2018alguma perplexidade\u2019. A ministra afirmou que n\u00e3o cabe ao Minist\u00e9rio P\u00fablico ou ao Judici\u00e1rio fazer ju\u00edzo de valor sobre as normas sanit\u00e1rias em vigor na pandemia. \u201cO motivo para que n\u00e3o se delegue aos atores do sistema de justi\u00e7a penal compet\u00eancia para auditar a conveni\u00eancia de medidas desta natureza \u00e9 elementar: eles n\u00e3o det\u00eam conhecimento t\u00e9cnico para tanto; falta-lhes forma\u00e7\u00e3o nas ci\u00eancias voltadas a pesquisas m\u00e9dicas e sanit\u00e1rias\u201d, escreveu.<\/div>\n<div><\/div>\n<div>Os pareceres da PGR foram enviados em duas a\u00e7\u00f5es movidas pela oposi\u00e7\u00e3o: uma apresentada pelo PT ap\u00f3s a rodada de motociatas de apoio ao governo organizadas no m\u00eas de maio e outra articulada por parlamentares do PSol depois que o presidente abaixou a m\u00e1scara de uma crian\u00e7a em um evento lotado no Rio Grande do Norte. O posicionamento contraria a comunidade cient\u00edfica, que j\u00e1 atestou a import\u00e2ncia da m\u00e1scara como medida preventiva central para frear o cont\u00e1gio pelo novo coronav\u00edrus.<\/div>\n<\/div>\n<\/div>\n<\/div>\n<\/div>\n<\/div>\n<\/div>\n","protected":false},"excerpt":{"rendered":"<p>Correio Braziliense O Tribunal Superior Eleitoral (TSE) realiza, nesta segunda-feira (4), a abertura dos c\u00f3digos-fonte dos sistemas eleitorais para confer\u00eancia pela sociedade civil. O evento, que tradicionalmente ocorria a seis meses das elei\u00e7\u00f5es, foi antecipado para um ano antes do pleito de 2022 depois dos ataques do presidente Jair Bolsonaro ao sistema eletr\u00f4nico de vota\u00e7\u00e3o. Essa \u00e9 mais uma das v\u00e1rias medidas tomadas pelo tribunal para refor\u00e7ar a credibilidade das urnas eletr\u00f4nicas, um sistema que \u00e9 refer\u00eancia internacional em seguran\u00e7a e transpar\u00eancia. Desde sua implanta\u00e7\u00e3o no pa\u00eds, h\u00e1 25 anos, nunca se comprovou qualquer fraude nas elei\u00e7\u00f5es. O c\u00f3digo-fonte \u00e9 um conjunto de linhas de programa\u00e7\u00e3o de um software, com as instru\u00e7\u00f5es para que ele funcione. A abertura do acesso&hellip; <\/p>\n","protected":false},"author":2,"featured_media":266138,"comment_status":"open","ping_status":"open","sticky":false,"template":"","format":"standard","meta":{"_acf_changed":false,"footnotes":""},"categories":[34],"tags":[],"class_list":["post-296927","post","type-post","status-publish","format-standard","has-post-thumbnail","hentry","category-eleicoes"],"acf":[],"yoast_head":"<!-- This site is optimized with the Yoast SEO plugin v27.4 - https:\/\/yoast.com\/product\/yoast-seo-wordpress\/ -->\n<title>TSE antecipa a\u00e7\u00f5es contra desinforma\u00e7\u00f5es relacionadas ao sistema eleitoral - Blog do Farn\u00e9sio<\/title>\n<meta name=\"robots\" content=\"index, follow, max-snippet:-1, max-image-preview:large, max-video-preview:-1\" \/>\n<link rel=\"canonical\" href=\"https:\/\/blogdofarnesio.com.br\/?p=296927\" \/>\n<meta property=\"og:locale\" content=\"pt_BR\" \/>\n<meta property=\"og:type\" content=\"article\" \/>\n<meta property=\"og:title\" content=\"TSE antecipa a\u00e7\u00f5es contra desinforma\u00e7\u00f5es relacionadas ao sistema eleitoral - Blog do Farn\u00e9sio\" \/>\n<meta property=\"og:description\" content=\"Correio Braziliense O Tribunal Superior Eleitoral (TSE) realiza, nesta segunda-feira (4), a abertura dos c\u00f3digos-fonte dos sistemas eleitorais para confer\u00eancia pela sociedade civil. O evento, que tradicionalmente ocorria a seis meses das elei\u00e7\u00f5es, foi antecipado para um ano antes do pleito de 2022 depois dos ataques do presidente Jair Bolsonaro ao sistema eletr\u00f4nico de vota\u00e7\u00e3o. Essa \u00e9 mais uma das v\u00e1rias medidas tomadas pelo tribunal para refor\u00e7ar a credibilidade das urnas eletr\u00f4nicas, um sistema que \u00e9 refer\u00eancia internacional em seguran\u00e7a e transpar\u00eancia. Desde sua implanta\u00e7\u00e3o no pa\u00eds, h\u00e1 25 anos, nunca se comprovou qualquer fraude nas elei\u00e7\u00f5es. O c\u00f3digo-fonte \u00e9 um conjunto de linhas de programa\u00e7\u00e3o de um software, com as instru\u00e7\u00f5es para que ele funcione. A abertura do acesso&hellip;\" \/>\n<meta property=\"og:url\" content=\"https:\/\/blogdofarnesio.com.br\/?p=296927\" \/>\n<meta property=\"og:site_name\" content=\"Blog do Farn\u00e9sio\" \/>\n<meta property=\"article:publisher\" content=\"https:\/\/www.facebook.com\/BlogQuerSaberPolitica\/\" \/>\n<meta property=\"article:author\" content=\"https:\/\/www.facebook.com\/?ref=tn_tnmn\" \/>\n<meta property=\"article:published_time\" content=\"2021-10-04T11:22:27+00:00\" \/>\n<meta property=\"og:image\" content=\"https:\/\/blogdofarnesio.com.br\/wp-content\/uploads\/2020\/08\/blogqsptse.-e1598640981556.jpg\" \/>\n\t<meta property=\"og:image:width\" content=\"686\" \/>\n\t<meta property=\"og:image:height\" content=\"412\" \/>\n\t<meta property=\"og:image:type\" content=\"image\/jpeg\" \/>\n<meta name=\"author\" content=\"Farn\u00e9sio\" \/>\n<meta name=\"twitter:card\" content=\"summary_large_image\" \/>\n<meta name=\"twitter:label1\" content=\"Escrito por\" \/>\n\t<meta name=\"twitter:data1\" content=\"Farn\u00e9sio\" \/>\n\t<meta name=\"twitter:label2\" content=\"Est. tempo de leitura\" \/>\n\t<meta name=\"twitter:data2\" content=\"4 minutos\" \/>\n<script type=\"application\/ld+json\" class=\"yoast-schema-graph\">{\"@context\":\"https:\\\/\\\/schema.org\",\"@graph\":[{\"@type\":\"Article\",\"@id\":\"https:\\\/\\\/blogdofarnesio.com.br\\\/?p=296927#article\",\"isPartOf\":{\"@id\":\"https:\\\/\\\/blogdofarnesio.com.br\\\/?p=296927\"},\"author\":{\"name\":\"Farn\u00e9sio\",\"@id\":\"https:\\\/\\\/blogdofarnesio.com.br\\\/#\\\/schema\\\/person\\\/bb9b23ae3ad0609ce8df7b6c9e76824d\"},\"headline\":\"TSE antecipa a\u00e7\u00f5es contra desinforma\u00e7\u00f5es relacionadas ao sistema eleitoral\",\"datePublished\":\"2021-10-04T11:22:27+00:00\",\"mainEntityOfPage\":{\"@id\":\"https:\\\/\\\/blogdofarnesio.com.br\\\/?p=296927\"},\"wordCount\":843,\"commentCount\":0,\"publisher\":{\"@id\":\"https:\\\/\\\/blogdofarnesio.com.br\\\/#organization\"},\"image\":{\"@id\":\"https:\\\/\\\/blogdofarnesio.com.br\\\/?p=296927#primaryimage\"},\"thumbnailUrl\":\"https:\\\/\\\/blogdofarnesio.com.br\\\/wp-content\\\/uploads\\\/2020\\\/08\\\/blogqsptse.-e1598640981556.jpg\",\"articleSection\":[\"Elei\u00e7\u00f5es\"],\"inLanguage\":\"pt-BR\",\"potentialAction\":[{\"@type\":\"CommentAction\",\"name\":\"Comment\",\"target\":[\"https:\\\/\\\/blogdofarnesio.com.br\\\/?p=296927#respond\"]}]},{\"@type\":\"WebPage\",\"@id\":\"https:\\\/\\\/blogdofarnesio.com.br\\\/?p=296927\",\"url\":\"https:\\\/\\\/blogdofarnesio.com.br\\\/?p=296927\",\"name\":\"TSE antecipa a\u00e7\u00f5es contra desinforma\u00e7\u00f5es relacionadas ao sistema eleitoral - Blog do Farn\u00e9sio\",\"isPartOf\":{\"@id\":\"https:\\\/\\\/blogdofarnesio.com.br\\\/#website\"},\"primaryImageOfPage\":{\"@id\":\"https:\\\/\\\/blogdofarnesio.com.br\\\/?p=296927#primaryimage\"},\"image\":{\"@id\":\"https:\\\/\\\/blogdofarnesio.com.br\\\/?p=296927#primaryimage\"},\"thumbnailUrl\":\"https:\\\/\\\/blogdofarnesio.com.br\\\/wp-content\\\/uploads\\\/2020\\\/08\\\/blogqsptse.-e1598640981556.jpg\",\"datePublished\":\"2021-10-04T11:22:27+00:00\",\"breadcrumb\":{\"@id\":\"https:\\\/\\\/blogdofarnesio.com.br\\\/?p=296927#breadcrumb\"},\"inLanguage\":\"pt-BR\",\"potentialAction\":[{\"@type\":\"ReadAction\",\"target\":[\"https:\\\/\\\/blogdofarnesio.com.br\\\/?p=296927\"]}]},{\"@type\":\"ImageObject\",\"inLanguage\":\"pt-BR\",\"@id\":\"https:\\\/\\\/blogdofarnesio.com.br\\\/?p=296927#primaryimage\",\"url\":\"https:\\\/\\\/blogdofarnesio.com.br\\\/wp-content\\\/uploads\\\/2020\\\/08\\\/blogqsptse.-e1598640981556.jpg\",\"contentUrl\":\"https:\\\/\\\/blogdofarnesio.com.br\\\/wp-content\\\/uploads\\\/2020\\\/08\\\/blogqsptse.-e1598640981556.jpg\",\"width\":686,\"height\":412,\"caption\":\"Foto: Roberto Jayme\\\/Ascom\\\/TSE\"},{\"@type\":\"BreadcrumbList\",\"@id\":\"https:\\\/\\\/blogdofarnesio.com.br\\\/?p=296927#breadcrumb\",\"itemListElement\":[{\"@type\":\"ListItem\",\"position\":1,\"name\":\"In\u00edcio\",\"item\":\"https:\\\/\\\/blogdofarnesio.com.br\\\/\"},{\"@type\":\"ListItem\",\"position\":2,\"name\":\"TSE antecipa a\u00e7\u00f5es contra desinforma\u00e7\u00f5es relacionadas ao sistema eleitoral\"}]},{\"@type\":\"WebSite\",\"@id\":\"https:\\\/\\\/blogdofarnesio.com.br\\\/#website\",\"url\":\"https:\\\/\\\/blogdofarnesio.com.br\\\/\",\"name\":\"Blog do Farn\u00e9sio\",\"description\":\"Quer Saber Pol\u00edtica?\",\"publisher\":{\"@id\":\"https:\\\/\\\/blogdofarnesio.com.br\\\/#organization\"},\"potentialAction\":[{\"@type\":\"SearchAction\",\"target\":{\"@type\":\"EntryPoint\",\"urlTemplate\":\"https:\\\/\\\/blogdofarnesio.com.br\\\/?s={search_term_string}\"},\"query-input\":{\"@type\":\"PropertyValueSpecification\",\"valueRequired\":true,\"valueName\":\"search_term_string\"}}],\"inLanguage\":\"pt-BR\"},{\"@type\":\"Organization\",\"@id\":\"https:\\\/\\\/blogdofarnesio.com.br\\\/#organization\",\"name\":\"Blog do Farn\u00e9sio\",\"url\":\"https:\\\/\\\/blogdofarnesio.com.br\\\/\",\"logo\":{\"@type\":\"ImageObject\",\"inLanguage\":\"pt-BR\",\"@id\":\"https:\\\/\\\/blogdofarnesio.com.br\\\/#\\\/schema\\\/logo\\\/image\\\/\",\"url\":\"https:\\\/\\\/blogdofarnesio.com.br\\\/wp-content\\\/uploads\\\/2026\\\/03\\\/cropped-logo_new-1.png\",\"contentUrl\":\"https:\\\/\\\/blogdofarnesio.com.br\\\/wp-content\\\/uploads\\\/2026\\\/03\\\/cropped-logo_new-1.png\",\"width\":881,\"height\":685,\"caption\":\"Blog do Farn\u00e9sio\"},\"image\":{\"@id\":\"https:\\\/\\\/blogdofarnesio.com.br\\\/#\\\/schema\\\/logo\\\/image\\\/\"},\"sameAs\":[\"https:\\\/\\\/www.facebook.com\\\/BlogQuerSaberPolitica\\\/\"]},{\"@type\":\"Person\",\"@id\":\"https:\\\/\\\/blogdofarnesio.com.br\\\/#\\\/schema\\\/person\\\/bb9b23ae3ad0609ce8df7b6c9e76824d\",\"name\":\"Farn\u00e9sio\",\"image\":{\"@type\":\"ImageObject\",\"inLanguage\":\"pt-BR\",\"@id\":\"https:\\\/\\\/secure.gravatar.com\\\/avatar\\\/986aa4c61ccdb66f8555bf88fc2a65609d00bcabd4d2d94377a727547345cbca?s=96&d=mm&r=g\",\"url\":\"https:\\\/\\\/secure.gravatar.com\\\/avatar\\\/986aa4c61ccdb66f8555bf88fc2a65609d00bcabd4d2d94377a727547345cbca?s=96&d=mm&r=g\",\"contentUrl\":\"https:\\\/\\\/secure.gravatar.com\\\/avatar\\\/986aa4c61ccdb66f8555bf88fc2a65609d00bcabd4d2d94377a727547345cbca?s=96&d=mm&r=g\",\"caption\":\"Farn\u00e9sio\"},\"description\":\"Radialista blogueiro, chegou a Petrolina\\\/Juazeiro em setembro de 1980, Farn\u00e9sio Silva \u00e9 de Arapiraca-Alagoas.\",\"sameAs\":[\"http:\\\/\\\/blogdofarnesio.com.br\",\"https:\\\/\\\/www.facebook.com\\\/?ref=tn_tnmn\",\"https:\\\/\\\/www.instagram.com\\\/?utm_source=pwa_homescreen\",\"https:\\\/\\\/youtube.com.br\\\/\"],\"url\":\"https:\\\/\\\/blogdofarnesio.com.br\\\/?author=2\"}]}<\/script>\n<!-- \/ Yoast SEO plugin. -->","yoast_head_json":{"title":"TSE antecipa a\u00e7\u00f5es contra desinforma\u00e7\u00f5es relacionadas ao sistema eleitoral - Blog do Farn\u00e9sio","robots":{"index":"index","follow":"follow","max-snippet":"max-snippet:-1","max-image-preview":"max-image-preview:large","max-video-preview":"max-video-preview:-1"},"canonical":"https:\/\/blogdofarnesio.com.br\/?p=296927","og_locale":"pt_BR","og_type":"article","og_title":"TSE antecipa a\u00e7\u00f5es contra desinforma\u00e7\u00f5es relacionadas ao sistema eleitoral - Blog do Farn\u00e9sio","og_description":"Correio Braziliense O Tribunal Superior Eleitoral (TSE) realiza, nesta segunda-feira (4), a abertura dos c\u00f3digos-fonte dos sistemas eleitorais para confer\u00eancia pela sociedade civil. O evento, que tradicionalmente ocorria a seis meses das elei\u00e7\u00f5es, foi antecipado para um ano antes do pleito de 2022 depois dos ataques do presidente Jair Bolsonaro ao sistema eletr\u00f4nico de vota\u00e7\u00e3o. Essa \u00e9 mais uma das v\u00e1rias medidas tomadas pelo tribunal para refor\u00e7ar a credibilidade das urnas eletr\u00f4nicas, um sistema que \u00e9 refer\u00eancia internacional em seguran\u00e7a e transpar\u00eancia. Desde sua implanta\u00e7\u00e3o no pa\u00eds, h\u00e1 25 anos, nunca se comprovou qualquer fraude nas elei\u00e7\u00f5es. O c\u00f3digo-fonte \u00e9 um conjunto de linhas de programa\u00e7\u00e3o de um software, com as instru\u00e7\u00f5es para que ele funcione. A abertura do acesso&hellip;","og_url":"https:\/\/blogdofarnesio.com.br\/?p=296927","og_site_name":"Blog do Farn\u00e9sio","article_publisher":"https:\/\/www.facebook.com\/BlogQuerSaberPolitica\/","article_author":"https:\/\/www.facebook.com\/?ref=tn_tnmn","article_published_time":"2021-10-04T11:22:27+00:00","og_image":[{"width":686,"height":412,"url":"https:\/\/blogdofarnesio.com.br\/wp-content\/uploads\/2020\/08\/blogqsptse.-e1598640981556.jpg","type":"image\/jpeg"}],"author":"Farn\u00e9sio","twitter_card":"summary_large_image","twitter_misc":{"Escrito por":"Farn\u00e9sio","Est. tempo de leitura":"4 minutos"},"schema":{"@context":"https:\/\/schema.org","@graph":[{"@type":"Article","@id":"https:\/\/blogdofarnesio.com.br\/?p=296927#article","isPartOf":{"@id":"https:\/\/blogdofarnesio.com.br\/?p=296927"},"author":{"name":"Farn\u00e9sio","@id":"https:\/\/blogdofarnesio.com.br\/#\/schema\/person\/bb9b23ae3ad0609ce8df7b6c9e76824d"},"headline":"TSE antecipa a\u00e7\u00f5es contra desinforma\u00e7\u00f5es relacionadas ao sistema eleitoral","datePublished":"2021-10-04T11:22:27+00:00","mainEntityOfPage":{"@id":"https:\/\/blogdofarnesio.com.br\/?p=296927"},"wordCount":843,"commentCount":0,"publisher":{"@id":"https:\/\/blogdofarnesio.com.br\/#organization"},"image":{"@id":"https:\/\/blogdofarnesio.com.br\/?p=296927#primaryimage"},"thumbnailUrl":"https:\/\/blogdofarnesio.com.br\/wp-content\/uploads\/2020\/08\/blogqsptse.-e1598640981556.jpg","articleSection":["Elei\u00e7\u00f5es"],"inLanguage":"pt-BR","potentialAction":[{"@type":"CommentAction","name":"Comment","target":["https:\/\/blogdofarnesio.com.br\/?p=296927#respond"]}]},{"@type":"WebPage","@id":"https:\/\/blogdofarnesio.com.br\/?p=296927","url":"https:\/\/blogdofarnesio.com.br\/?p=296927","name":"TSE antecipa a\u00e7\u00f5es contra desinforma\u00e7\u00f5es relacionadas ao sistema eleitoral - Blog do Farn\u00e9sio","isPartOf":{"@id":"https:\/\/blogdofarnesio.com.br\/#website"},"primaryImageOfPage":{"@id":"https:\/\/blogdofarnesio.com.br\/?p=296927#primaryimage"},"image":{"@id":"https:\/\/blogdofarnesio.com.br\/?p=296927#primaryimage"},"thumbnailUrl":"https:\/\/blogdofarnesio.com.br\/wp-content\/uploads\/2020\/08\/blogqsptse.-e1598640981556.jpg","datePublished":"2021-10-04T11:22:27+00:00","breadcrumb":{"@id":"https:\/\/blogdofarnesio.com.br\/?p=296927#breadcrumb"},"inLanguage":"pt-BR","potentialAction":[{"@type":"ReadAction","target":["https:\/\/blogdofarnesio.com.br\/?p=296927"]}]},{"@type":"ImageObject","inLanguage":"pt-BR","@id":"https:\/\/blogdofarnesio.com.br\/?p=296927#primaryimage","url":"https:\/\/blogdofarnesio.com.br\/wp-content\/uploads\/2020\/08\/blogqsptse.-e1598640981556.jpg","contentUrl":"https:\/\/blogdofarnesio.com.br\/wp-content\/uploads\/2020\/08\/blogqsptse.-e1598640981556.jpg","width":686,"height":412,"caption":"Foto: Roberto Jayme\/Ascom\/TSE"},{"@type":"BreadcrumbList","@id":"https:\/\/blogdofarnesio.com.br\/?p=296927#breadcrumb","itemListElement":[{"@type":"ListItem","position":1,"name":"In\u00edcio","item":"https:\/\/blogdofarnesio.com.br\/"},{"@type":"ListItem","position":2,"name":"TSE antecipa a\u00e7\u00f5es contra desinforma\u00e7\u00f5es relacionadas ao sistema eleitoral"}]},{"@type":"WebSite","@id":"https:\/\/blogdofarnesio.com.br\/#website","url":"https:\/\/blogdofarnesio.com.br\/","name":"Blog do Farn\u00e9sio","description":"Quer Saber Pol\u00edtica?","publisher":{"@id":"https:\/\/blogdofarnesio.com.br\/#organization"},"potentialAction":[{"@type":"SearchAction","target":{"@type":"EntryPoint","urlTemplate":"https:\/\/blogdofarnesio.com.br\/?s={search_term_string}"},"query-input":{"@type":"PropertyValueSpecification","valueRequired":true,"valueName":"search_term_string"}}],"inLanguage":"pt-BR"},{"@type":"Organization","@id":"https:\/\/blogdofarnesio.com.br\/#organization","name":"Blog do Farn\u00e9sio","url":"https:\/\/blogdofarnesio.com.br\/","logo":{"@type":"ImageObject","inLanguage":"pt-BR","@id":"https:\/\/blogdofarnesio.com.br\/#\/schema\/logo\/image\/","url":"https:\/\/blogdofarnesio.com.br\/wp-content\/uploads\/2026\/03\/cropped-logo_new-1.png","contentUrl":"https:\/\/blogdofarnesio.com.br\/wp-content\/uploads\/2026\/03\/cropped-logo_new-1.png","width":881,"height":685,"caption":"Blog do Farn\u00e9sio"},"image":{"@id":"https:\/\/blogdofarnesio.com.br\/#\/schema\/logo\/image\/"},"sameAs":["https:\/\/www.facebook.com\/BlogQuerSaberPolitica\/"]},{"@type":"Person","@id":"https:\/\/blogdofarnesio.com.br\/#\/schema\/person\/bb9b23ae3ad0609ce8df7b6c9e76824d","name":"Farn\u00e9sio","image":{"@type":"ImageObject","inLanguage":"pt-BR","@id":"https:\/\/secure.gravatar.com\/avatar\/986aa4c61ccdb66f8555bf88fc2a65609d00bcabd4d2d94377a727547345cbca?s=96&d=mm&r=g","url":"https:\/\/secure.gravatar.com\/avatar\/986aa4c61ccdb66f8555bf88fc2a65609d00bcabd4d2d94377a727547345cbca?s=96&d=mm&r=g","contentUrl":"https:\/\/secure.gravatar.com\/avatar\/986aa4c61ccdb66f8555bf88fc2a65609d00bcabd4d2d94377a727547345cbca?s=96&d=mm&r=g","caption":"Farn\u00e9sio"},"description":"Radialista blogueiro, chegou a Petrolina\/Juazeiro em setembro de 1980, Farn\u00e9sio Silva \u00e9 de Arapiraca-Alagoas.","sameAs":["http:\/\/blogdofarnesio.com.br","https:\/\/www.facebook.com\/?ref=tn_tnmn","https:\/\/www.instagram.com\/?utm_source=pwa_homescreen","https:\/\/youtube.com.br\/"],"url":"https:\/\/blogdofarnesio.com.br\/?author=2"}]}},"_links":{"self":[{"href":"https:\/\/blogdofarnesio.com.br\/index.php?rest_route=\/wp\/v2\/posts\/296927","targetHints":{"allow":["GET"]}}],"collection":[{"href":"https:\/\/blogdofarnesio.com.br\/index.php?rest_route=\/wp\/v2\/posts"}],"about":[{"href":"https:\/\/blogdofarnesio.com.br\/index.php?rest_route=\/wp\/v2\/types\/post"}],"author":[{"embeddable":true,"href":"https:\/\/blogdofarnesio.com.br\/index.php?rest_route=\/wp\/v2\/users\/2"}],"replies":[{"embeddable":true,"href":"https:\/\/blogdofarnesio.com.br\/index.php?rest_route=%2Fwp%2Fv2%2Fcomments&post=296927"}],"version-history":[{"count":0,"href":"https:\/\/blogdofarnesio.com.br\/index.php?rest_route=\/wp\/v2\/posts\/296927\/revisions"}],"wp:featuredmedia":[{"embeddable":true,"href":"https:\/\/blogdofarnesio.com.br\/index.php?rest_route=\/wp\/v2\/media\/266138"}],"wp:attachment":[{"href":"https:\/\/blogdofarnesio.com.br\/index.php?rest_route=%2Fwp%2Fv2%2Fmedia&parent=296927"}],"wp:term":[{"taxonomy":"category","embeddable":true,"href":"https:\/\/blogdofarnesio.com.br\/index.php?rest_route=%2Fwp%2Fv2%2Fcategories&post=296927"},{"taxonomy":"post_tag","embeddable":true,"href":"https:\/\/blogdofarnesio.com.br\/index.php?rest_route=%2Fwp%2Fv2%2Ftags&post=296927"}],"curies":[{"name":"wp","href":"https:\/\/api.w.org\/{rel}","templated":true}]}}