{"id":296916,"date":"2021-10-03T16:27:31","date_gmt":"2021-10-03T19:27:31","guid":{"rendered":"https:\/\/blogdofarnesio.com.br\/?p=296916"},"modified":"2021-10-03T16:27:31","modified_gmt":"2021-10-03T19:27:31","slug":"cidades-pernambucanas-realizam-eleicoes-suplementares-neste-domingo","status":"publish","type":"post","link":"https:\/\/blogdofarnesio.com.br\/2021\/10\/cidades-pernambucanas-realizam-eleicoes-suplementares-neste-domingo\/","title":{"rendered":"Cidades pernambucanas realizam elei\u00e7\u00f5es suplementares neste domingo"},"content":{"rendered":"<p>Os eleitores de Capoeiras e Palmeirina, no Agreste Meridional de Pernambuco, voltam \u00e0s urnas neste domingo (03.10), para definir os novos prefeitos.<\/p>\n<p>Em outubro do ano passado, Dudu (PL) e Eudson Cat\u00e3o (MDB) foram os mais votados nos dois munic\u00edpios, respectivamente, mas perderam os processos na Justi\u00e7a Eleitoral ao serem enquadrados pela Lei da Ficha Limpa.<\/p>\n<p>Os dois tiveram as contas rejeitadas quando administraram as respectivas cidades. Em Capoeiras, a esposa de Dudu, Celina (PL), vai disputar no seu lugar contra N\u00eago do Mercado (PSB). J\u00e1 em Palmeirina, a m\u00e3e de Eudson, Marili Cat\u00e3o (MDB), enfrentar\u00e1 nas urnas a Delegada Thatianne Macedo (SD).<\/p>\n<p>Enquanto a Justi\u00e7a Eleitoral proibiu campanha em Capoeiras, a disputa corre solta nas ruas em Palmeirina. Ao menos em um dos munic\u00edpios \u2013 neste caso Palmeirina \u2013, \u00e9 certo que uma mulher vai gerir a cidade.<\/p>\n<p><b>Disque eleitor<\/b><\/p>\n<p>O Tribunal Regional Eleitoral de Pernambuco (TRE-PE) disponibilizou um Disque Eleitor. Das 7h \u00e0s 17h, enquanto ocorre o pleito, o eleitor poder\u00e1 ligar para 3194-9400 e tirar d\u00favidas sobre diversos assuntos, como local de vota\u00e7\u00e3o, documenta\u00e7\u00e3o para votar, justificativa eleitoral, entre outros temas<\/p>\n","protected":false},"excerpt":{"rendered":"<p>Os eleitores de Capoeiras e Palmeirina, no Agreste Meridional de Pernambuco, voltam \u00e0s urnas neste domingo (03.10), para definir os novos prefeitos. Em outubro do ano passado, Dudu (PL) e Eudson Cat\u00e3o (MDB) foram os mais votados nos dois munic\u00edpios, respectivamente, mas perderam os processos na Justi\u00e7a Eleitoral ao serem enquadrados pela Lei da Ficha Limpa. Os dois tiveram as contas rejeitadas quando administraram as respectivas cidades. Em Capoeiras, a esposa de Dudu, Celina (PL), vai disputar no seu lugar contra N\u00eago do Mercado (PSB). J\u00e1 em Palmeirina, a m\u00e3e de Eudson, Marili Cat\u00e3o (MDB), enfrentar\u00e1 nas urnas a Delegada Thatianne Macedo (SD). Enquanto a Justi\u00e7a Eleitoral proibiu campanha em Capoeiras, a disputa corre solta nas ruas em Palmeirina. Ao&hellip; <\/p>\n","protected":false},"author":2,"featured_media":264506,"comment_status":"open","ping_status":"open","sticky":false,"template":"","format":"standard","meta":{"_acf_changed":false,"footnotes":""},"categories":[43],"tags":[],"class_list":["post-296916","post","type-post","status-publish","format-standard","has-post-thumbnail","hentry","category-sem-categoria"],"acf":[],"yoast_head":"<!-- This site is optimized with the Yoast SEO plugin v27.5 - https:\/\/yoast.com\/product\/yoast-seo-wordpress\/ -->\n<title>Cidades pernambucanas realizam elei\u00e7\u00f5es suplementares neste domingo - Blog do Farn\u00e9sio<\/title>\n<meta name=\"robots\" content=\"index, follow, max-snippet:-1, max-image-preview:large, max-video-preview:-1\" \/>\n<link rel=\"canonical\" href=\"https:\/\/blogdofarnesio.com.br\/2021\/10\/cidades-pernambucanas-realizam-eleicoes-suplementares-neste-domingo\/\" \/>\n<meta property=\"og:locale\" content=\"pt_BR\" \/>\n<meta property=\"og:type\" content=\"article\" \/>\n<meta property=\"og:title\" content=\"Cidades pernambucanas realizam elei\u00e7\u00f5es suplementares neste domingo - Blog do Farn\u00e9sio\" \/>\n<meta property=\"og:description\" content=\"Os eleitores de Capoeiras e Palmeirina, no Agreste Meridional de Pernambuco, voltam \u00e0s urnas neste domingo (03.10), para definir os novos prefeitos. Em outubro do ano passado, Dudu (PL) e Eudson Cat\u00e3o (MDB) foram os mais votados nos dois munic\u00edpios, respectivamente, mas perderam os processos na Justi\u00e7a Eleitoral ao serem enquadrados pela Lei da Ficha Limpa. Os dois tiveram as contas rejeitadas quando administraram as respectivas cidades. Em Capoeiras, a esposa de Dudu, Celina (PL), vai disputar no seu lugar contra N\u00eago do Mercado (PSB). J\u00e1 em Palmeirina, a m\u00e3e de Eudson, Marili Cat\u00e3o (MDB), enfrentar\u00e1 nas urnas a Delegada Thatianne Macedo (SD). Enquanto a Justi\u00e7a Eleitoral proibiu campanha em Capoeiras, a disputa corre solta nas ruas em Palmeirina. Ao&hellip;\" \/>\n<meta property=\"og:url\" content=\"https:\/\/blogdofarnesio.com.br\/2021\/10\/cidades-pernambucanas-realizam-eleicoes-suplementares-neste-domingo\/\" \/>\n<meta property=\"og:site_name\" content=\"Blog do Farn\u00e9sio\" \/>\n<meta property=\"article:publisher\" content=\"https:\/\/www.facebook.com\/BlogQuerSaberPolitica\/\" \/>\n<meta property=\"article:author\" content=\"https:\/\/www.facebook.com\/?ref=tn_tnmn\" \/>\n<meta property=\"article:published_time\" content=\"2021-10-03T19:27:31+00:00\" \/>\n<meta property=\"og:image\" content=\"https:\/\/blogdofarnesio.com.br\/wp-content\/uploads\/2020\/08\/blogqspelei\u00e7\u00f5es-justi\u00e7a-eleitoral.jpg\" \/>\n\t<meta property=\"og:image:width\" content=\"380\" \/>\n\t<meta property=\"og:image:height\" content=\"280\" \/>\n\t<meta property=\"og:image:type\" content=\"image\/jpeg\" \/>\n<meta name=\"author\" content=\"Farn\u00e9sio\" \/>\n<meta name=\"twitter:card\" content=\"summary_large_image\" \/>\n<meta name=\"twitter:label1\" content=\"Escrito por\" \/>\n\t<meta name=\"twitter:data1\" content=\"Farn\u00e9sio\" \/>\n\t<meta name=\"twitter:label2\" content=\"Est. tempo de leitura\" \/>\n\t<meta name=\"twitter:data2\" content=\"1 minuto\" \/>\n<script type=\"application\/ld+json\" class=\"yoast-schema-graph\">{\"@context\":\"https:\\\/\\\/schema.org\",\"@graph\":[{\"@type\":\"Article\",\"@id\":\"https:\\\/\\\/blogdofarnesio.com.br\\\/2021\\\/10\\\/cidades-pernambucanas-realizam-eleicoes-suplementares-neste-domingo\\\/#article\",\"isPartOf\":{\"@id\":\"https:\\\/\\\/blogdofarnesio.com.br\\\/2021\\\/10\\\/cidades-pernambucanas-realizam-eleicoes-suplementares-neste-domingo\\\/\"},\"author\":{\"name\":\"Farn\u00e9sio\",\"@id\":\"https:\\\/\\\/blogdofarnesio.com.br\\\/#\\\/schema\\\/person\\\/bb9b23ae3ad0609ce8df7b6c9e76824d\"},\"headline\":\"Cidades pernambucanas realizam elei\u00e7\u00f5es suplementares neste domingo\",\"datePublished\":\"2021-10-03T19:27:31+00:00\",\"mainEntityOfPage\":{\"@id\":\"https:\\\/\\\/blogdofarnesio.com.br\\\/2021\\\/10\\\/cidades-pernambucanas-realizam-eleicoes-suplementares-neste-domingo\\\/\"},\"wordCount\":199,\"commentCount\":0,\"publisher\":{\"@id\":\"https:\\\/\\\/blogdofarnesio.com.br\\\/#organization\"},\"image\":{\"@id\":\"https:\\\/\\\/blogdofarnesio.com.br\\\/2021\\\/10\\\/cidades-pernambucanas-realizam-eleicoes-suplementares-neste-domingo\\\/#primaryimage\"},\"thumbnailUrl\":\"https:\\\/\\\/blogdofarnesio.com.br\\\/wp-content\\\/uploads\\\/2020\\\/08\\\/blogqspelei\u00e7\u00f5es-justi\u00e7a-eleitoral.jpg\",\"inLanguage\":\"pt-BR\",\"potentialAction\":[{\"@type\":\"CommentAction\",\"name\":\"Comment\",\"target\":[\"https:\\\/\\\/blogdofarnesio.com.br\\\/2021\\\/10\\\/cidades-pernambucanas-realizam-eleicoes-suplementares-neste-domingo\\\/#respond\"]}]},{\"@type\":\"WebPage\",\"@id\":\"https:\\\/\\\/blogdofarnesio.com.br\\\/2021\\\/10\\\/cidades-pernambucanas-realizam-eleicoes-suplementares-neste-domingo\\\/\",\"url\":\"https:\\\/\\\/blogdofarnesio.com.br\\\/2021\\\/10\\\/cidades-pernambucanas-realizam-eleicoes-suplementares-neste-domingo\\\/\",\"name\":\"Cidades pernambucanas realizam elei\u00e7\u00f5es suplementares neste domingo - Blog do Farn\u00e9sio\",\"isPartOf\":{\"@id\":\"https:\\\/\\\/blogdofarnesio.com.br\\\/#website\"},\"primaryImageOfPage\":{\"@id\":\"https:\\\/\\\/blogdofarnesio.com.br\\\/2021\\\/10\\\/cidades-pernambucanas-realizam-eleicoes-suplementares-neste-domingo\\\/#primaryimage\"},\"image\":{\"@id\":\"https:\\\/\\\/blogdofarnesio.com.br\\\/2021\\\/10\\\/cidades-pernambucanas-realizam-eleicoes-suplementares-neste-domingo\\\/#primaryimage\"},\"thumbnailUrl\":\"https:\\\/\\\/blogdofarnesio.com.br\\\/wp-content\\\/uploads\\\/2020\\\/08\\\/blogqspelei\u00e7\u00f5es-justi\u00e7a-eleitoral.jpg\",\"datePublished\":\"2021-10-03T19:27:31+00:00\",\"breadcrumb\":{\"@id\":\"https:\\\/\\\/blogdofarnesio.com.br\\\/2021\\\/10\\\/cidades-pernambucanas-realizam-eleicoes-suplementares-neste-domingo\\\/#breadcrumb\"},\"inLanguage\":\"pt-BR\",\"potentialAction\":[{\"@type\":\"ReadAction\",\"target\":[\"https:\\\/\\\/blogdofarnesio.com.br\\\/2021\\\/10\\\/cidades-pernambucanas-realizam-eleicoes-suplementares-neste-domingo\\\/\"]}]},{\"@type\":\"ImageObject\",\"inLanguage\":\"pt-BR\",\"@id\":\"https:\\\/\\\/blogdofarnesio.com.br\\\/2021\\\/10\\\/cidades-pernambucanas-realizam-eleicoes-suplementares-neste-domingo\\\/#primaryimage\",\"url\":\"https:\\\/\\\/blogdofarnesio.com.br\\\/wp-content\\\/uploads\\\/2020\\\/08\\\/blogqspelei\u00e7\u00f5es-justi\u00e7a-eleitoral.jpg\",\"contentUrl\":\"https:\\\/\\\/blogdofarnesio.com.br\\\/wp-content\\\/uploads\\\/2020\\\/08\\\/blogqspelei\u00e7\u00f5es-justi\u00e7a-eleitoral.jpg\",\"width\":380,\"height\":280},{\"@type\":\"BreadcrumbList\",\"@id\":\"https:\\\/\\\/blogdofarnesio.com.br\\\/2021\\\/10\\\/cidades-pernambucanas-realizam-eleicoes-suplementares-neste-domingo\\\/#breadcrumb\",\"itemListElement\":[{\"@type\":\"ListItem\",\"position\":1,\"name\":\"In\u00edcio\",\"item\":\"https:\\\/\\\/blogdofarnesio.com.br\\\/\"},{\"@type\":\"ListItem\",\"position\":2,\"name\":\"Cidades pernambucanas realizam elei\u00e7\u00f5es suplementares neste domingo\"}]},{\"@type\":\"WebSite\",\"@id\":\"https:\\\/\\\/blogdofarnesio.com.br\\\/#website\",\"url\":\"https:\\\/\\\/blogdofarnesio.com.br\\\/\",\"name\":\"Blog do Farn\u00e9sio\",\"description\":\"Quer Saber Pol\u00edtica?\",\"publisher\":{\"@id\":\"https:\\\/\\\/blogdofarnesio.com.br\\\/#organization\"},\"potentialAction\":[{\"@type\":\"SearchAction\",\"target\":{\"@type\":\"EntryPoint\",\"urlTemplate\":\"https:\\\/\\\/blogdofarnesio.com.br\\\/?s={search_term_string}\"},\"query-input\":{\"@type\":\"PropertyValueSpecification\",\"valueRequired\":true,\"valueName\":\"search_term_string\"}}],\"inLanguage\":\"pt-BR\"},{\"@type\":\"Organization\",\"@id\":\"https:\\\/\\\/blogdofarnesio.com.br\\\/#organization\",\"name\":\"Blog do Farn\u00e9sio\",\"url\":\"https:\\\/\\\/blogdofarnesio.com.br\\\/\",\"logo\":{\"@type\":\"ImageObject\",\"inLanguage\":\"pt-BR\",\"@id\":\"https:\\\/\\\/blogdofarnesio.com.br\\\/#\\\/schema\\\/logo\\\/image\\\/\",\"url\":\"https:\\\/\\\/blogdofarnesio.com.br\\\/wp-content\\\/uploads\\\/2026\\\/03\\\/cropped-logo_new-1.png\",\"contentUrl\":\"https:\\\/\\\/blogdofarnesio.com.br\\\/wp-content\\\/uploads\\\/2026\\\/03\\\/cropped-logo_new-1.png\",\"width\":881,\"height\":685,\"caption\":\"Blog do Farn\u00e9sio\"},\"image\":{\"@id\":\"https:\\\/\\\/blogdofarnesio.com.br\\\/#\\\/schema\\\/logo\\\/image\\\/\"},\"sameAs\":[\"https:\\\/\\\/www.facebook.com\\\/BlogQuerSaberPolitica\\\/\"]},{\"@type\":\"Person\",\"@id\":\"https:\\\/\\\/blogdofarnesio.com.br\\\/#\\\/schema\\\/person\\\/bb9b23ae3ad0609ce8df7b6c9e76824d\",\"name\":\"Farn\u00e9sio\",\"image\":{\"@type\":\"ImageObject\",\"inLanguage\":\"pt-BR\",\"@id\":\"https:\\\/\\\/secure.gravatar.com\\\/avatar\\\/986aa4c61ccdb66f8555bf88fc2a65609d00bcabd4d2d94377a727547345cbca?s=96&d=mm&r=g\",\"url\":\"https:\\\/\\\/secure.gravatar.com\\\/avatar\\\/986aa4c61ccdb66f8555bf88fc2a65609d00bcabd4d2d94377a727547345cbca?s=96&d=mm&r=g\",\"contentUrl\":\"https:\\\/\\\/secure.gravatar.com\\\/avatar\\\/986aa4c61ccdb66f8555bf88fc2a65609d00bcabd4d2d94377a727547345cbca?s=96&d=mm&r=g\",\"caption\":\"Farn\u00e9sio\"},\"description\":\"Radialista blogueiro, chegou a Petrolina\\\/Juazeiro em setembro de 1980, Farn\u00e9sio Silva \u00e9 de Arapiraca-Alagoas.\",\"sameAs\":[\"http:\\\/\\\/blogdofarnesio.com.br\",\"https:\\\/\\\/www.facebook.com\\\/?ref=tn_tnmn\",\"https:\\\/\\\/www.instagram.com\\\/?utm_source=pwa_homescreen\",\"https:\\\/\\\/youtube.com.br\\\/\"],\"url\":\"https:\\\/\\\/blogdofarnesio.com.br\\\/author\\\/farnesio-2\\\/\"}]}<\/script>\n<!-- \/ Yoast SEO plugin. -->","yoast_head_json":{"title":"Cidades pernambucanas realizam elei\u00e7\u00f5es suplementares neste domingo - Blog do Farn\u00e9sio","robots":{"index":"index","follow":"follow","max-snippet":"max-snippet:-1","max-image-preview":"max-image-preview:large","max-video-preview":"max-video-preview:-1"},"canonical":"https:\/\/blogdofarnesio.com.br\/2021\/10\/cidades-pernambucanas-realizam-eleicoes-suplementares-neste-domingo\/","og_locale":"pt_BR","og_type":"article","og_title":"Cidades pernambucanas realizam elei\u00e7\u00f5es suplementares neste domingo - Blog do Farn\u00e9sio","og_description":"Os eleitores de Capoeiras e Palmeirina, no Agreste Meridional de Pernambuco, voltam \u00e0s urnas neste domingo (03.10), para definir os novos prefeitos. Em outubro do ano passado, Dudu (PL) e Eudson Cat\u00e3o (MDB) foram os mais votados nos dois munic\u00edpios, respectivamente, mas perderam os processos na Justi\u00e7a Eleitoral ao serem enquadrados pela Lei da Ficha Limpa. Os dois tiveram as contas rejeitadas quando administraram as respectivas cidades. Em Capoeiras, a esposa de Dudu, Celina (PL), vai disputar no seu lugar contra N\u00eago do Mercado (PSB). J\u00e1 em Palmeirina, a m\u00e3e de Eudson, Marili Cat\u00e3o (MDB), enfrentar\u00e1 nas urnas a Delegada Thatianne Macedo (SD). Enquanto a Justi\u00e7a Eleitoral proibiu campanha em Capoeiras, a disputa corre solta nas ruas em Palmeirina. Ao&hellip;","og_url":"https:\/\/blogdofarnesio.com.br\/2021\/10\/cidades-pernambucanas-realizam-eleicoes-suplementares-neste-domingo\/","og_site_name":"Blog do Farn\u00e9sio","article_publisher":"https:\/\/www.facebook.com\/BlogQuerSaberPolitica\/","article_author":"https:\/\/www.facebook.com\/?ref=tn_tnmn","article_published_time":"2021-10-03T19:27:31+00:00","og_image":[{"width":380,"height":280,"url":"https:\/\/blogdofarnesio.com.br\/wp-content\/uploads\/2020\/08\/blogqspelei\u00e7\u00f5es-justi\u00e7a-eleitoral.jpg","type":"image\/jpeg"}],"author":"Farn\u00e9sio","twitter_card":"summary_large_image","twitter_misc":{"Escrito por":"Farn\u00e9sio","Est. tempo de leitura":"1 minuto"},"schema":{"@context":"https:\/\/schema.org","@graph":[{"@type":"Article","@id":"https:\/\/blogdofarnesio.com.br\/2021\/10\/cidades-pernambucanas-realizam-eleicoes-suplementares-neste-domingo\/#article","isPartOf":{"@id":"https:\/\/blogdofarnesio.com.br\/2021\/10\/cidades-pernambucanas-realizam-eleicoes-suplementares-neste-domingo\/"},"author":{"name":"Farn\u00e9sio","@id":"https:\/\/blogdofarnesio.com.br\/#\/schema\/person\/bb9b23ae3ad0609ce8df7b6c9e76824d"},"headline":"Cidades pernambucanas realizam elei\u00e7\u00f5es suplementares neste domingo","datePublished":"2021-10-03T19:27:31+00:00","mainEntityOfPage":{"@id":"https:\/\/blogdofarnesio.com.br\/2021\/10\/cidades-pernambucanas-realizam-eleicoes-suplementares-neste-domingo\/"},"wordCount":199,"commentCount":0,"publisher":{"@id":"https:\/\/blogdofarnesio.com.br\/#organization"},"image":{"@id":"https:\/\/blogdofarnesio.com.br\/2021\/10\/cidades-pernambucanas-realizam-eleicoes-suplementares-neste-domingo\/#primaryimage"},"thumbnailUrl":"https:\/\/blogdofarnesio.com.br\/wp-content\/uploads\/2020\/08\/blogqspelei\u00e7\u00f5es-justi\u00e7a-eleitoral.jpg","inLanguage":"pt-BR","potentialAction":[{"@type":"CommentAction","name":"Comment","target":["https:\/\/blogdofarnesio.com.br\/2021\/10\/cidades-pernambucanas-realizam-eleicoes-suplementares-neste-domingo\/#respond"]}]},{"@type":"WebPage","@id":"https:\/\/blogdofarnesio.com.br\/2021\/10\/cidades-pernambucanas-realizam-eleicoes-suplementares-neste-domingo\/","url":"https:\/\/blogdofarnesio.com.br\/2021\/10\/cidades-pernambucanas-realizam-eleicoes-suplementares-neste-domingo\/","name":"Cidades pernambucanas realizam elei\u00e7\u00f5es suplementares neste domingo - Blog do Farn\u00e9sio","isPartOf":{"@id":"https:\/\/blogdofarnesio.com.br\/#website"},"primaryImageOfPage":{"@id":"https:\/\/blogdofarnesio.com.br\/2021\/10\/cidades-pernambucanas-realizam-eleicoes-suplementares-neste-domingo\/#primaryimage"},"image":{"@id":"https:\/\/blogdofarnesio.com.br\/2021\/10\/cidades-pernambucanas-realizam-eleicoes-suplementares-neste-domingo\/#primaryimage"},"thumbnailUrl":"https:\/\/blogdofarnesio.com.br\/wp-content\/uploads\/2020\/08\/blogqspelei\u00e7\u00f5es-justi\u00e7a-eleitoral.jpg","datePublished":"2021-10-03T19:27:31+00:00","breadcrumb":{"@id":"https:\/\/blogdofarnesio.com.br\/2021\/10\/cidades-pernambucanas-realizam-eleicoes-suplementares-neste-domingo\/#breadcrumb"},"inLanguage":"pt-BR","potentialAction":[{"@type":"ReadAction","target":["https:\/\/blogdofarnesio.com.br\/2021\/10\/cidades-pernambucanas-realizam-eleicoes-suplementares-neste-domingo\/"]}]},{"@type":"ImageObject","inLanguage":"pt-BR","@id":"https:\/\/blogdofarnesio.com.br\/2021\/10\/cidades-pernambucanas-realizam-eleicoes-suplementares-neste-domingo\/#primaryimage","url":"https:\/\/blogdofarnesio.com.br\/wp-content\/uploads\/2020\/08\/blogqspelei\u00e7\u00f5es-justi\u00e7a-eleitoral.jpg","contentUrl":"https:\/\/blogdofarnesio.com.br\/wp-content\/uploads\/2020\/08\/blogqspelei\u00e7\u00f5es-justi\u00e7a-eleitoral.jpg","width":380,"height":280},{"@type":"BreadcrumbList","@id":"https:\/\/blogdofarnesio.com.br\/2021\/10\/cidades-pernambucanas-realizam-eleicoes-suplementares-neste-domingo\/#breadcrumb","itemListElement":[{"@type":"ListItem","position":1,"name":"In\u00edcio","item":"https:\/\/blogdofarnesio.com.br\/"},{"@type":"ListItem","position":2,"name":"Cidades pernambucanas realizam elei\u00e7\u00f5es suplementares neste domingo"}]},{"@type":"WebSite","@id":"https:\/\/blogdofarnesio.com.br\/#website","url":"https:\/\/blogdofarnesio.com.br\/","name":"Blog do Farn\u00e9sio","description":"Quer Saber Pol\u00edtica?","publisher":{"@id":"https:\/\/blogdofarnesio.com.br\/#organization"},"potentialAction":[{"@type":"SearchAction","target":{"@type":"EntryPoint","urlTemplate":"https:\/\/blogdofarnesio.com.br\/?s={search_term_string}"},"query-input":{"@type":"PropertyValueSpecification","valueRequired":true,"valueName":"search_term_string"}}],"inLanguage":"pt-BR"},{"@type":"Organization","@id":"https:\/\/blogdofarnesio.com.br\/#organization","name":"Blog do Farn\u00e9sio","url":"https:\/\/blogdofarnesio.com.br\/","logo":{"@type":"ImageObject","inLanguage":"pt-BR","@id":"https:\/\/blogdofarnesio.com.br\/#\/schema\/logo\/image\/","url":"https:\/\/blogdofarnesio.com.br\/wp-content\/uploads\/2026\/03\/cropped-logo_new-1.png","contentUrl":"https:\/\/blogdofarnesio.com.br\/wp-content\/uploads\/2026\/03\/cropped-logo_new-1.png","width":881,"height":685,"caption":"Blog do Farn\u00e9sio"},"image":{"@id":"https:\/\/blogdofarnesio.com.br\/#\/schema\/logo\/image\/"},"sameAs":["https:\/\/www.facebook.com\/BlogQuerSaberPolitica\/"]},{"@type":"Person","@id":"https:\/\/blogdofarnesio.com.br\/#\/schema\/person\/bb9b23ae3ad0609ce8df7b6c9e76824d","name":"Farn\u00e9sio","image":{"@type":"ImageObject","inLanguage":"pt-BR","@id":"https:\/\/secure.gravatar.com\/avatar\/986aa4c61ccdb66f8555bf88fc2a65609d00bcabd4d2d94377a727547345cbca?s=96&d=mm&r=g","url":"https:\/\/secure.gravatar.com\/avatar\/986aa4c61ccdb66f8555bf88fc2a65609d00bcabd4d2d94377a727547345cbca?s=96&d=mm&r=g","contentUrl":"https:\/\/secure.gravatar.com\/avatar\/986aa4c61ccdb66f8555bf88fc2a65609d00bcabd4d2d94377a727547345cbca?s=96&d=mm&r=g","caption":"Farn\u00e9sio"},"description":"Radialista blogueiro, chegou a Petrolina\/Juazeiro em setembro de 1980, Farn\u00e9sio Silva \u00e9 de Arapiraca-Alagoas.","sameAs":["http:\/\/blogdofarnesio.com.br","https:\/\/www.facebook.com\/?ref=tn_tnmn","https:\/\/www.instagram.com\/?utm_source=pwa_homescreen","https:\/\/youtube.com.br\/"],"url":"https:\/\/blogdofarnesio.com.br\/author\/farnesio-2\/"}]}},"_links":{"self":[{"href":"https:\/\/blogdofarnesio.com.br\/wp-json\/wp\/v2\/posts\/296916","targetHints":{"allow":["GET"]}}],"collection":[{"href":"https:\/\/blogdofarnesio.com.br\/wp-json\/wp\/v2\/posts"}],"about":[{"href":"https:\/\/blogdofarnesio.com.br\/wp-json\/wp\/v2\/types\/post"}],"author":[{"embeddable":true,"href":"https:\/\/blogdofarnesio.com.br\/wp-json\/wp\/v2\/users\/2"}],"replies":[{"embeddable":true,"href":"https:\/\/blogdofarnesio.com.br\/wp-json\/wp\/v2\/comments?post=296916"}],"version-history":[{"count":0,"href":"https:\/\/blogdofarnesio.com.br\/wp-json\/wp\/v2\/posts\/296916\/revisions"}],"wp:featuredmedia":[{"embeddable":true,"href":"https:\/\/blogdofarnesio.com.br\/wp-json\/wp\/v2\/media\/264506"}],"wp:attachment":[{"href":"https:\/\/blogdofarnesio.com.br\/wp-json\/wp\/v2\/media?parent=296916"}],"wp:term":[{"taxonomy":"category","embeddable":true,"href":"https:\/\/blogdofarnesio.com.br\/wp-json\/wp\/v2\/categories?post=296916"},{"taxonomy":"post_tag","embeddable":true,"href":"https:\/\/blogdofarnesio.com.br\/wp-json\/wp\/v2\/tags?post=296916"}],"curies":[{"name":"wp","href":"https:\/\/api.w.org\/{rel}","templated":true}]}}