{"id":29649,"date":"2013-03-02T09:42:25","date_gmt":"2013-03-02T12:42:25","guid":{"rendered":"http:\/\/www.quersaberpolitica.com.br\/?p=29649"},"modified":"2013-03-02T09:42:25","modified_gmt":"2013-03-02T12:42:25","slug":"familia-nobre-sardeiro-convida","status":"publish","type":"post","link":"https:\/\/blogdofarnesio.com.br\/2013\/03\/familia-nobre-sardeiro-convida\/","title":{"rendered":"FAM\u00cdLIA NOBRE SARDEIRO CONVIDA"},"content":{"rendered":"<p style=\"text-align: justify\"><a href=\"http:\/\/www.quersaberpolitica.com.br\/2016\/wp-content\/uploads\/2013\/02\/blogqsplutocristo.jpg\"><img loading=\"lazy\" decoding=\"async\" class=\"alignleft size-thumbnail wp-image-27613\" alt=\"blogqsplutocristo\" src=\"http:\/\/www.quersaberpolitica.com.br\/2016\/wp-content\/uploads\/2013\/02\/blogqsplutocristo-150x150.jpg\" width=\"150\" height=\"150\" \/><\/a>Convidamos Familiares e amigos para participarem da visita 14\u00ba dia de Humberto Nobre Sardeiro, nesta segunda feira, 04 de mar\u00e7o, saindo da resid\u00eancia de sua irm\u00e3 Ligia Nobre Mota, na rua Marechal Deodoro, 29, Centro (Fundo da Promatre) \u00e0s 16:30h para o cemit\u00e9rio Central.<\/p>\n<div>\n<div>A fam\u00edlia enlutada agradece antecipadamente as presen\u00e7as de todos.<\/div>\n<\/div>\n","protected":false},"excerpt":{"rendered":"<p>Convidamos Familiares e amigos para participarem da visita 14\u00ba dia de Humberto Nobre Sardeiro, nesta segunda feira, 04 de mar\u00e7o, saindo da resid\u00eancia de sua irm\u00e3 Ligia Nobre Mota, na rua Marechal Deodoro, 29, Centro (Fundo da Promatre) \u00e0s 16:30h para o cemit\u00e9rio Central. A fam\u00edlia enlutada agradece antecipadamente as presen\u00e7as de todos.<\/p>\n","protected":false},"author":3,"featured_media":0,"comment_status":"open","ping_status":"open","sticky":false,"template":"","format":"standard","meta":{"_acf_changed":false,"footnotes":""},"categories":[1],"tags":[],"class_list":["post-29649","post","type-post","status-publish","format-standard","hentry","category-politica"],"acf":[],"yoast_head":"<!-- This site is optimized with the Yoast SEO plugin v27.5 - https:\/\/yoast.com\/product\/yoast-seo-wordpress\/ -->\n<title>FAM\u00cdLIA NOBRE SARDEIRO CONVIDA - Blog do Farn\u00e9sio<\/title>\n<meta name=\"robots\" content=\"index, follow, max-snippet:-1, max-image-preview:large, max-video-preview:-1\" \/>\n<link rel=\"canonical\" href=\"https:\/\/blogdofarnesio.com.br\/2013\/03\/familia-nobre-sardeiro-convida\/\" \/>\n<meta property=\"og:locale\" content=\"pt_BR\" \/>\n<meta property=\"og:type\" content=\"article\" \/>\n<meta property=\"og:title\" content=\"FAM\u00cdLIA NOBRE SARDEIRO CONVIDA - Blog do Farn\u00e9sio\" \/>\n<meta property=\"og:description\" content=\"Convidamos Familiares e amigos para participarem da visita 14\u00ba dia de Humberto Nobre Sardeiro, nesta segunda feira, 04 de mar\u00e7o, saindo da resid\u00eancia de sua irm\u00e3 Ligia Nobre Mota, na rua Marechal Deodoro, 29, Centro (Fundo da Promatre) \u00e0s 16:30h para o cemit\u00e9rio Central. A fam\u00edlia enlutada agradece antecipadamente as presen\u00e7as de todos.\" \/>\n<meta property=\"og:url\" content=\"https:\/\/blogdofarnesio.com.br\/2013\/03\/familia-nobre-sardeiro-convida\/\" \/>\n<meta property=\"og:site_name\" content=\"Blog do Farn\u00e9sio\" \/>\n<meta property=\"article:publisher\" content=\"https:\/\/www.facebook.com\/BlogQuerSaberPolitica\/\" \/>\n<meta property=\"article:published_time\" content=\"2013-03-02T12:42:25+00:00\" \/>\n<meta property=\"og:image\" content=\"http:\/\/www.quersaberpolitica.com.br\/2016\/wp-content\/uploads\/2013\/02\/blogqsplutocristo-150x150.jpg\" \/>\n<meta name=\"author\" content=\"teste\" \/>\n<meta name=\"twitter:card\" content=\"summary_large_image\" \/>\n<meta name=\"twitter:label1\" content=\"Escrito por\" \/>\n\t<meta name=\"twitter:data1\" content=\"teste\" \/>\n<script type=\"application\/ld+json\" class=\"yoast-schema-graph\">{\"@context\":\"https:\\\/\\\/schema.org\",\"@graph\":[{\"@type\":\"Article\",\"@id\":\"https:\\\/\\\/blogdofarnesio.com.br\\\/2013\\\/03\\\/familia-nobre-sardeiro-convida\\\/#article\",\"isPartOf\":{\"@id\":\"https:\\\/\\\/blogdofarnesio.com.br\\\/2013\\\/03\\\/familia-nobre-sardeiro-convida\\\/\"},\"author\":{\"name\":\"teste\",\"@id\":\"https:\\\/\\\/blogdofarnesio.com.br\\\/#\\\/schema\\\/person\\\/dd1bf5eba40b687199ba45ca6b97dff9\"},\"headline\":\"FAM\u00cdLIA NOBRE SARDEIRO CONVIDA\",\"datePublished\":\"2013-03-02T12:42:25+00:00\",\"mainEntityOfPage\":{\"@id\":\"https:\\\/\\\/blogdofarnesio.com.br\\\/2013\\\/03\\\/familia-nobre-sardeiro-convida\\\/\"},\"wordCount\":60,\"commentCount\":0,\"publisher\":{\"@id\":\"https:\\\/\\\/blogdofarnesio.com.br\\\/#organization\"},\"image\":{\"@id\":\"https:\\\/\\\/blogdofarnesio.com.br\\\/2013\\\/03\\\/familia-nobre-sardeiro-convida\\\/#primaryimage\"},\"thumbnailUrl\":\"http:\\\/\\\/www.quersaberpolitica.com.br\\\/2016\\\/wp-content\\\/uploads\\\/2013\\\/02\\\/blogqsplutocristo-150x150.jpg\",\"articleSection\":[\"Pol\u00edtica\"],\"inLanguage\":\"pt-BR\",\"potentialAction\":[{\"@type\":\"CommentAction\",\"name\":\"Comment\",\"target\":[\"https:\\\/\\\/blogdofarnesio.com.br\\\/2013\\\/03\\\/familia-nobre-sardeiro-convida\\\/#respond\"]}]},{\"@type\":\"WebPage\",\"@id\":\"https:\\\/\\\/blogdofarnesio.com.br\\\/2013\\\/03\\\/familia-nobre-sardeiro-convida\\\/\",\"url\":\"https:\\\/\\\/blogdofarnesio.com.br\\\/2013\\\/03\\\/familia-nobre-sardeiro-convida\\\/\",\"name\":\"FAM\u00cdLIA NOBRE SARDEIRO CONVIDA - Blog do Farn\u00e9sio\",\"isPartOf\":{\"@id\":\"https:\\\/\\\/blogdofarnesio.com.br\\\/#website\"},\"primaryImageOfPage\":{\"@id\":\"https:\\\/\\\/blogdofarnesio.com.br\\\/2013\\\/03\\\/familia-nobre-sardeiro-convida\\\/#primaryimage\"},\"image\":{\"@id\":\"https:\\\/\\\/blogdofarnesio.com.br\\\/2013\\\/03\\\/familia-nobre-sardeiro-convida\\\/#primaryimage\"},\"thumbnailUrl\":\"http:\\\/\\\/www.quersaberpolitica.com.br\\\/2016\\\/wp-content\\\/uploads\\\/2013\\\/02\\\/blogqsplutocristo-150x150.jpg\",\"datePublished\":\"2013-03-02T12:42:25+00:00\",\"breadcrumb\":{\"@id\":\"https:\\\/\\\/blogdofarnesio.com.br\\\/2013\\\/03\\\/familia-nobre-sardeiro-convida\\\/#breadcrumb\"},\"inLanguage\":\"pt-BR\",\"potentialAction\":[{\"@type\":\"ReadAction\",\"target\":[\"https:\\\/\\\/blogdofarnesio.com.br\\\/2013\\\/03\\\/familia-nobre-sardeiro-convida\\\/\"]}]},{\"@type\":\"ImageObject\",\"inLanguage\":\"pt-BR\",\"@id\":\"https:\\\/\\\/blogdofarnesio.com.br\\\/2013\\\/03\\\/familia-nobre-sardeiro-convida\\\/#primaryimage\",\"url\":\"http:\\\/\\\/www.quersaberpolitica.com.br\\\/2016\\\/wp-content\\\/uploads\\\/2013\\\/02\\\/blogqsplutocristo-150x150.jpg\",\"contentUrl\":\"http:\\\/\\\/www.quersaberpolitica.com.br\\\/2016\\\/wp-content\\\/uploads\\\/2013\\\/02\\\/blogqsplutocristo-150x150.jpg\"},{\"@type\":\"BreadcrumbList\",\"@id\":\"https:\\\/\\\/blogdofarnesio.com.br\\\/2013\\\/03\\\/familia-nobre-sardeiro-convida\\\/#breadcrumb\",\"itemListElement\":[{\"@type\":\"ListItem\",\"position\":1,\"name\":\"In\u00edcio\",\"item\":\"https:\\\/\\\/blogdofarnesio.com.br\\\/\"},{\"@type\":\"ListItem\",\"position\":2,\"name\":\"FAM\u00cdLIA NOBRE SARDEIRO CONVIDA\"}]},{\"@type\":\"WebSite\",\"@id\":\"https:\\\/\\\/blogdofarnesio.com.br\\\/#website\",\"url\":\"https:\\\/\\\/blogdofarnesio.com.br\\\/\",\"name\":\"Blog do Farn\u00e9sio\",\"description\":\"Quer Saber Pol\u00edtica?\",\"publisher\":{\"@id\":\"https:\\\/\\\/blogdofarnesio.com.br\\\/#organization\"},\"potentialAction\":[{\"@type\":\"SearchAction\",\"target\":{\"@type\":\"EntryPoint\",\"urlTemplate\":\"https:\\\/\\\/blogdofarnesio.com.br\\\/?s={search_term_string}\"},\"query-input\":{\"@type\":\"PropertyValueSpecification\",\"valueRequired\":true,\"valueName\":\"search_term_string\"}}],\"inLanguage\":\"pt-BR\"},{\"@type\":\"Organization\",\"@id\":\"https:\\\/\\\/blogdofarnesio.com.br\\\/#organization\",\"name\":\"Blog do Farn\u00e9sio\",\"url\":\"https:\\\/\\\/blogdofarnesio.com.br\\\/\",\"logo\":{\"@type\":\"ImageObject\",\"inLanguage\":\"pt-BR\",\"@id\":\"https:\\\/\\\/blogdofarnesio.com.br\\\/#\\\/schema\\\/logo\\\/image\\\/\",\"url\":\"https:\\\/\\\/blogdofarnesio.com.br\\\/wp-content\\\/uploads\\\/2026\\\/03\\\/cropped-logo_new-1.png\",\"contentUrl\":\"https:\\\/\\\/blogdofarnesio.com.br\\\/wp-content\\\/uploads\\\/2026\\\/03\\\/cropped-logo_new-1.png\",\"width\":881,\"height\":685,\"caption\":\"Blog do Farn\u00e9sio\"},\"image\":{\"@id\":\"https:\\\/\\\/blogdofarnesio.com.br\\\/#\\\/schema\\\/logo\\\/image\\\/\"},\"sameAs\":[\"https:\\\/\\\/www.facebook.com\\\/BlogQuerSaberPolitica\\\/\"]},{\"@type\":\"Person\",\"@id\":\"https:\\\/\\\/blogdofarnesio.com.br\\\/#\\\/schema\\\/person\\\/dd1bf5eba40b687199ba45ca6b97dff9\",\"name\":\"teste\",\"image\":{\"@type\":\"ImageObject\",\"inLanguage\":\"pt-BR\",\"@id\":\"https:\\\/\\\/secure.gravatar.com\\\/avatar\\\/2172498d4914b51e1d89a0f97957b035ac4938723a5cac208135d389b6972a6d?s=96&d=mm&r=g\",\"url\":\"https:\\\/\\\/secure.gravatar.com\\\/avatar\\\/2172498d4914b51e1d89a0f97957b035ac4938723a5cac208135d389b6972a6d?s=96&d=mm&r=g\",\"contentUrl\":\"https:\\\/\\\/secure.gravatar.com\\\/avatar\\\/2172498d4914b51e1d89a0f97957b035ac4938723a5cac208135d389b6972a6d?s=96&d=mm&r=g\",\"caption\":\"teste\"},\"url\":\"https:\\\/\\\/blogdofarnesio.com.br\\\/author\\\/teste\\\/\"}]}<\/script>\n<!-- \/ Yoast SEO plugin. -->","yoast_head_json":{"title":"FAM\u00cdLIA NOBRE SARDEIRO CONVIDA - Blog do Farn\u00e9sio","robots":{"index":"index","follow":"follow","max-snippet":"max-snippet:-1","max-image-preview":"max-image-preview:large","max-video-preview":"max-video-preview:-1"},"canonical":"https:\/\/blogdofarnesio.com.br\/2013\/03\/familia-nobre-sardeiro-convida\/","og_locale":"pt_BR","og_type":"article","og_title":"FAM\u00cdLIA NOBRE SARDEIRO CONVIDA - Blog do Farn\u00e9sio","og_description":"Convidamos Familiares e amigos para participarem da visita 14\u00ba dia de Humberto Nobre Sardeiro, nesta segunda feira, 04 de mar\u00e7o, saindo da resid\u00eancia de sua irm\u00e3 Ligia Nobre Mota, na rua Marechal Deodoro, 29, Centro (Fundo da Promatre) \u00e0s 16:30h para o cemit\u00e9rio Central. A fam\u00edlia enlutada agradece antecipadamente as presen\u00e7as de todos.","og_url":"https:\/\/blogdofarnesio.com.br\/2013\/03\/familia-nobre-sardeiro-convida\/","og_site_name":"Blog do Farn\u00e9sio","article_publisher":"https:\/\/www.facebook.com\/BlogQuerSaberPolitica\/","article_published_time":"2013-03-02T12:42:25+00:00","og_image":[{"url":"http:\/\/www.quersaberpolitica.com.br\/2016\/wp-content\/uploads\/2013\/02\/blogqsplutocristo-150x150.jpg","type":"","width":"","height":""}],"author":"teste","twitter_card":"summary_large_image","twitter_misc":{"Escrito por":"teste"},"schema":{"@context":"https:\/\/schema.org","@graph":[{"@type":"Article","@id":"https:\/\/blogdofarnesio.com.br\/2013\/03\/familia-nobre-sardeiro-convida\/#article","isPartOf":{"@id":"https:\/\/blogdofarnesio.com.br\/2013\/03\/familia-nobre-sardeiro-convida\/"},"author":{"name":"teste","@id":"https:\/\/blogdofarnesio.com.br\/#\/schema\/person\/dd1bf5eba40b687199ba45ca6b97dff9"},"headline":"FAM\u00cdLIA NOBRE SARDEIRO CONVIDA","datePublished":"2013-03-02T12:42:25+00:00","mainEntityOfPage":{"@id":"https:\/\/blogdofarnesio.com.br\/2013\/03\/familia-nobre-sardeiro-convida\/"},"wordCount":60,"commentCount":0,"publisher":{"@id":"https:\/\/blogdofarnesio.com.br\/#organization"},"image":{"@id":"https:\/\/blogdofarnesio.com.br\/2013\/03\/familia-nobre-sardeiro-convida\/#primaryimage"},"thumbnailUrl":"http:\/\/www.quersaberpolitica.com.br\/2016\/wp-content\/uploads\/2013\/02\/blogqsplutocristo-150x150.jpg","articleSection":["Pol\u00edtica"],"inLanguage":"pt-BR","potentialAction":[{"@type":"CommentAction","name":"Comment","target":["https:\/\/blogdofarnesio.com.br\/2013\/03\/familia-nobre-sardeiro-convida\/#respond"]}]},{"@type":"WebPage","@id":"https:\/\/blogdofarnesio.com.br\/2013\/03\/familia-nobre-sardeiro-convida\/","url":"https:\/\/blogdofarnesio.com.br\/2013\/03\/familia-nobre-sardeiro-convida\/","name":"FAM\u00cdLIA NOBRE SARDEIRO CONVIDA - Blog do Farn\u00e9sio","isPartOf":{"@id":"https:\/\/blogdofarnesio.com.br\/#website"},"primaryImageOfPage":{"@id":"https:\/\/blogdofarnesio.com.br\/2013\/03\/familia-nobre-sardeiro-convida\/#primaryimage"},"image":{"@id":"https:\/\/blogdofarnesio.com.br\/2013\/03\/familia-nobre-sardeiro-convida\/#primaryimage"},"thumbnailUrl":"http:\/\/www.quersaberpolitica.com.br\/2016\/wp-content\/uploads\/2013\/02\/blogqsplutocristo-150x150.jpg","datePublished":"2013-03-02T12:42:25+00:00","breadcrumb":{"@id":"https:\/\/blogdofarnesio.com.br\/2013\/03\/familia-nobre-sardeiro-convida\/#breadcrumb"},"inLanguage":"pt-BR","potentialAction":[{"@type":"ReadAction","target":["https:\/\/blogdofarnesio.com.br\/2013\/03\/familia-nobre-sardeiro-convida\/"]}]},{"@type":"ImageObject","inLanguage":"pt-BR","@id":"https:\/\/blogdofarnesio.com.br\/2013\/03\/familia-nobre-sardeiro-convida\/#primaryimage","url":"http:\/\/www.quersaberpolitica.com.br\/2016\/wp-content\/uploads\/2013\/02\/blogqsplutocristo-150x150.jpg","contentUrl":"http:\/\/www.quersaberpolitica.com.br\/2016\/wp-content\/uploads\/2013\/02\/blogqsplutocristo-150x150.jpg"},{"@type":"BreadcrumbList","@id":"https:\/\/blogdofarnesio.com.br\/2013\/03\/familia-nobre-sardeiro-convida\/#breadcrumb","itemListElement":[{"@type":"ListItem","position":1,"name":"In\u00edcio","item":"https:\/\/blogdofarnesio.com.br\/"},{"@type":"ListItem","position":2,"name":"FAM\u00cdLIA NOBRE SARDEIRO CONVIDA"}]},{"@type":"WebSite","@id":"https:\/\/blogdofarnesio.com.br\/#website","url":"https:\/\/blogdofarnesio.com.br\/","name":"Blog do Farn\u00e9sio","description":"Quer Saber Pol\u00edtica?","publisher":{"@id":"https:\/\/blogdofarnesio.com.br\/#organization"},"potentialAction":[{"@type":"SearchAction","target":{"@type":"EntryPoint","urlTemplate":"https:\/\/blogdofarnesio.com.br\/?s={search_term_string}"},"query-input":{"@type":"PropertyValueSpecification","valueRequired":true,"valueName":"search_term_string"}}],"inLanguage":"pt-BR"},{"@type":"Organization","@id":"https:\/\/blogdofarnesio.com.br\/#organization","name":"Blog do Farn\u00e9sio","url":"https:\/\/blogdofarnesio.com.br\/","logo":{"@type":"ImageObject","inLanguage":"pt-BR","@id":"https:\/\/blogdofarnesio.com.br\/#\/schema\/logo\/image\/","url":"https:\/\/blogdofarnesio.com.br\/wp-content\/uploads\/2026\/03\/cropped-logo_new-1.png","contentUrl":"https:\/\/blogdofarnesio.com.br\/wp-content\/uploads\/2026\/03\/cropped-logo_new-1.png","width":881,"height":685,"caption":"Blog do Farn\u00e9sio"},"image":{"@id":"https:\/\/blogdofarnesio.com.br\/#\/schema\/logo\/image\/"},"sameAs":["https:\/\/www.facebook.com\/BlogQuerSaberPolitica\/"]},{"@type":"Person","@id":"https:\/\/blogdofarnesio.com.br\/#\/schema\/person\/dd1bf5eba40b687199ba45ca6b97dff9","name":"teste","image":{"@type":"ImageObject","inLanguage":"pt-BR","@id":"https:\/\/secure.gravatar.com\/avatar\/2172498d4914b51e1d89a0f97957b035ac4938723a5cac208135d389b6972a6d?s=96&d=mm&r=g","url":"https:\/\/secure.gravatar.com\/avatar\/2172498d4914b51e1d89a0f97957b035ac4938723a5cac208135d389b6972a6d?s=96&d=mm&r=g","contentUrl":"https:\/\/secure.gravatar.com\/avatar\/2172498d4914b51e1d89a0f97957b035ac4938723a5cac208135d389b6972a6d?s=96&d=mm&r=g","caption":"teste"},"url":"https:\/\/blogdofarnesio.com.br\/author\/teste\/"}]}},"_links":{"self":[{"href":"https:\/\/blogdofarnesio.com.br\/wp-json\/wp\/v2\/posts\/29649","targetHints":{"allow":["GET"]}}],"collection":[{"href":"https:\/\/blogdofarnesio.com.br\/wp-json\/wp\/v2\/posts"}],"about":[{"href":"https:\/\/blogdofarnesio.com.br\/wp-json\/wp\/v2\/types\/post"}],"author":[{"embeddable":true,"href":"https:\/\/blogdofarnesio.com.br\/wp-json\/wp\/v2\/users\/3"}],"replies":[{"embeddable":true,"href":"https:\/\/blogdofarnesio.com.br\/wp-json\/wp\/v2\/comments?post=29649"}],"version-history":[{"count":0,"href":"https:\/\/blogdofarnesio.com.br\/wp-json\/wp\/v2\/posts\/29649\/revisions"}],"wp:attachment":[{"href":"https:\/\/blogdofarnesio.com.br\/wp-json\/wp\/v2\/media?parent=29649"}],"wp:term":[{"taxonomy":"category","embeddable":true,"href":"https:\/\/blogdofarnesio.com.br\/wp-json\/wp\/v2\/categories?post=29649"},{"taxonomy":"post_tag","embeddable":true,"href":"https:\/\/blogdofarnesio.com.br\/wp-json\/wp\/v2\/tags?post=29649"}],"curies":[{"name":"wp","href":"https:\/\/api.w.org\/{rel}","templated":true}]}}