{"id":29643,"date":"2013-03-02T11:30:39","date_gmt":"2013-03-02T14:30:39","guid":{"rendered":"http:\/\/www.quersaberpolitica.com.br\/?p=29643"},"modified":"2013-03-02T09:10:17","modified_gmt":"2013-03-02T12:10:17","slug":"ovelha-nasce-com-cara-de-lobisomem-em-barrocas-ba","status":"publish","type":"post","link":"https:\/\/blogdofarnesio.com.br\/?p=29643","title":{"rendered":"OVELHA NASCE COM CARA DE LOBISOMEM EM BARROCAS-BA"},"content":{"rendered":"<table width=\"620\" border=\"0\" cellspacing=\"0\" cellpadding=\"0\">\n<tbody>\n<tr>\n<td colspan=\"2\">\n<div id=\"noticia\" style=\"text-align: justify\">\n<div id=\"fotonoticia\">\n<div id=\"imagemnoticiadiv\"><img loading=\"lazy\" decoding=\"async\" alt=\"\" src=\"http:\/\/sitegerenciavel.org\/arquivos\/5\/noticias\/not-5-20130302072757.jpg\" width=\"300\" height=\"225\" align=\"left\" border=\"0\" \/><\/div>\n<\/div>\n<p>Moradores da comunidade de Lajedinho ficaram assustados ao verem o resultado do parto de uma ovelha, o cordeiro nasceu com cara de bicho, e tinha as pernas sobre a cabe\u00e7a.<\/p>\n<p>Na tarde da quarta feira (27) recebemos uma liga\u00e7\u00e3o informa\u00e7\u00e3o dando conta de que um estranho animal tinha nascido na comunidade de Lajedinho, Zona Rural de Barrocas, nossa equipe foi ao local averiguar o caso.<\/p>\n<div><img decoding=\"async\" class=\"aligncenter\" alt=\"\" src=\"http:\/\/3.bp.blogspot.com\/-HR0T7umWsR8\/US9ag1lWqyI\/AAAAAAAAx4w\/ec91TA7GM10\/s640\/2013-02-27+15.45.26.jpg\" \/><\/div>\n<p>A senhora Lurdes cria ovelhas h\u00e1 mais de 20 anos em sua propriedade ficou surpreso que o nascimento do animal, &#8220;nunca vi algo parecido, foi um susto para n\u00f3s daqui&#8221;. O cordeiro nasceu morto e deformado, sem c\u00e9rebro, olhos, boca, as m\u00e3os nasceram na cabe\u00e7a decorrente de uma m\u00e1 forma\u00e7\u00e3o gen\u00e9tica.<!--more--><\/div>\n<div style=\"text-align: justify\">A dona da ovelha lamenta mas entende que as coisas s\u00e3o assim, n\u00e3o \u00e9 ela que escolhe. Dona Lourdes de Preto como \u00e9 conhecida na regi\u00e3o disse que os primeiros sinais foram \u00e0 ovelha urinando sangue um dia atr\u00e1s, a cerca de uma semana ela vinha percebendo a ovelha estranha, mas n\u00e3o achou que seria algo grave. S\u00f3 depois do parto, que ocorreu com muita dificuldade \u00e9 que se percebeu o problema; &#8220;tem cara de lobisomem&#8221; disse um curioso.<\/p>\n<div><img loading=\"lazy\" decoding=\"async\" class=\"alignleft\" alt=\"\" src=\"http:\/\/4.bp.blogspot.com\/-YWiIDvAIdJ0\/US9aWY61KhI\/AAAAAAAAx4o\/cQQ1MR3g0Xk\/s400\/2013-02-27+15.49.05.jpg\" width=\"320\" height=\"218\" \/><\/div>\n<p>H\u00e1 nos trabalhando na \u00e1rea, o aposentado Valdivino Nogueira tamb\u00e9m ficou surpreso com o que viu e disse que se tratava de uma anomalia, resultado de uma m\u00e1 forma\u00e7\u00e3o gen\u00e9tica; &#8220;n\u00e3o \u00e9 muito comum mais acontecem, alguns v\u00eam como coisa de outro mundo, no imagin\u00e1rio popular h\u00e1 sempre hist\u00f3rias de que nascem monstros e at\u00e9 animais com cara de humanos, mas nada mais \u00e9 do que o resultado de uma m\u00e1 forma\u00e7\u00e3o gen\u00e9tica&#8221; disse!<\/p><\/div>\n<\/td>\n<\/tr>\n<\/tbody>\n<\/table>\n<p><strong>blogsert\u00e3onoticias<\/strong><\/p>\n","protected":false},"excerpt":{"rendered":"<p>Moradores da comunidade de Lajedinho ficaram assustados ao verem o resultado do parto de uma ovelha, o cordeiro nasceu com cara de bicho, e tinha as pernas sobre a cabe\u00e7a. Na tarde da quarta feira (27) recebemos uma liga\u00e7\u00e3o informa\u00e7\u00e3o dando conta de que um estranho animal tinha nascido na comunidade de Lajedinho, Zona Rural de Barrocas, nossa equipe foi ao local averiguar o caso. A senhora Lurdes cria ovelhas h\u00e1 mais de 20 anos em sua propriedade ficou surpreso que o nascimento do animal, &#8220;nunca vi algo parecido, foi um susto para n\u00f3s daqui&#8221;. O cordeiro nasceu morto e deformado, sem c\u00e9rebro, olhos, boca, as m\u00e3os nasceram na cabe\u00e7a decorrente de uma m\u00e1 forma\u00e7\u00e3o gen\u00e9tica.<\/p>\n","protected":false},"author":3,"featured_media":0,"comment_status":"open","ping_status":"open","sticky":false,"template":"","format":"standard","meta":{"_acf_changed":false,"footnotes":""},"categories":[25],"tags":[],"class_list":["post-29643","post","type-post","status-publish","format-standard","hentry","category-curiosidades"],"acf":[],"yoast_head":"<!-- This site is optimized with the Yoast SEO plugin v27.4 - https:\/\/yoast.com\/product\/yoast-seo-wordpress\/ -->\n<title>OVELHA NASCE COM CARA DE LOBISOMEM EM BARROCAS-BA - Blog do Farn\u00e9sio<\/title>\n<meta name=\"robots\" content=\"index, follow, max-snippet:-1, max-image-preview:large, max-video-preview:-1\" \/>\n<link rel=\"canonical\" href=\"https:\/\/blogdofarnesio.com.br\/?p=29643\" \/>\n<meta property=\"og:locale\" content=\"pt_BR\" \/>\n<meta property=\"og:type\" content=\"article\" \/>\n<meta property=\"og:title\" content=\"OVELHA NASCE COM CARA DE LOBISOMEM EM BARROCAS-BA - Blog do Farn\u00e9sio\" \/>\n<meta property=\"og:description\" content=\"Moradores da comunidade de Lajedinho ficaram assustados ao verem o resultado do parto de uma ovelha, o cordeiro nasceu com cara de bicho, e tinha as pernas sobre a cabe\u00e7a. Na tarde da quarta feira (27) recebemos uma liga\u00e7\u00e3o informa\u00e7\u00e3o dando conta de que um estranho animal tinha nascido na comunidade de Lajedinho, Zona Rural de Barrocas, nossa equipe foi ao local averiguar o caso. A senhora Lurdes cria ovelhas h\u00e1 mais de 20 anos em sua propriedade ficou surpreso que o nascimento do animal, &#8220;nunca vi algo parecido, foi um susto para n\u00f3s daqui&#8221;. O cordeiro nasceu morto e deformado, sem c\u00e9rebro, olhos, boca, as m\u00e3os nasceram na cabe\u00e7a decorrente de uma m\u00e1 forma\u00e7\u00e3o gen\u00e9tica.\" \/>\n<meta property=\"og:url\" content=\"https:\/\/blogdofarnesio.com.br\/?p=29643\" \/>\n<meta property=\"og:site_name\" content=\"Blog do Farn\u00e9sio\" \/>\n<meta property=\"article:publisher\" content=\"https:\/\/www.facebook.com\/BlogQuerSaberPolitica\/\" \/>\n<meta property=\"article:published_time\" content=\"2013-03-02T14:30:39+00:00\" \/>\n<meta property=\"og:image\" content=\"http:\/\/sitegerenciavel.org\/arquivos\/5\/noticias\/not-5-20130302072757.jpg\" \/>\n<meta name=\"author\" content=\"teste\" \/>\n<meta name=\"twitter:card\" content=\"summary_large_image\" \/>\n<meta name=\"twitter:label1\" content=\"Escrito por\" \/>\n\t<meta name=\"twitter:data1\" content=\"teste\" \/>\n\t<meta name=\"twitter:label2\" content=\"Est. tempo de leitura\" \/>\n\t<meta name=\"twitter:data2\" content=\"1 minuto\" \/>\n<script type=\"application\/ld+json\" class=\"yoast-schema-graph\">{\"@context\":\"https:\\\/\\\/schema.org\",\"@graph\":[{\"@type\":\"Article\",\"@id\":\"https:\\\/\\\/blogdofarnesio.com.br\\\/?p=29643#article\",\"isPartOf\":{\"@id\":\"https:\\\/\\\/blogdofarnesio.com.br\\\/?p=29643\"},\"author\":{\"name\":\"teste\",\"@id\":\"https:\\\/\\\/blogdofarnesio.com.br\\\/#\\\/schema\\\/person\\\/dd1bf5eba40b687199ba45ca6b97dff9\"},\"headline\":\"OVELHA NASCE COM CARA DE LOBISOMEM EM BARROCAS-BA\",\"datePublished\":\"2013-03-02T14:30:39+00:00\",\"mainEntityOfPage\":{\"@id\":\"https:\\\/\\\/blogdofarnesio.com.br\\\/?p=29643\"},\"wordCount\":294,\"commentCount\":0,\"publisher\":{\"@id\":\"https:\\\/\\\/blogdofarnesio.com.br\\\/#organization\"},\"image\":{\"@id\":\"https:\\\/\\\/blogdofarnesio.com.br\\\/?p=29643#primaryimage\"},\"thumbnailUrl\":\"http:\\\/\\\/sitegerenciavel.org\\\/arquivos\\\/5\\\/noticias\\\/not-5-20130302072757.jpg\",\"articleSection\":[\"Curiosidades\"],\"inLanguage\":\"pt-BR\",\"potentialAction\":[{\"@type\":\"CommentAction\",\"name\":\"Comment\",\"target\":[\"https:\\\/\\\/blogdofarnesio.com.br\\\/?p=29643#respond\"]}]},{\"@type\":\"WebPage\",\"@id\":\"https:\\\/\\\/blogdofarnesio.com.br\\\/?p=29643\",\"url\":\"https:\\\/\\\/blogdofarnesio.com.br\\\/?p=29643\",\"name\":\"OVELHA NASCE COM CARA DE LOBISOMEM EM BARROCAS-BA - Blog do Farn\u00e9sio\",\"isPartOf\":{\"@id\":\"https:\\\/\\\/blogdofarnesio.com.br\\\/#website\"},\"primaryImageOfPage\":{\"@id\":\"https:\\\/\\\/blogdofarnesio.com.br\\\/?p=29643#primaryimage\"},\"image\":{\"@id\":\"https:\\\/\\\/blogdofarnesio.com.br\\\/?p=29643#primaryimage\"},\"thumbnailUrl\":\"http:\\\/\\\/sitegerenciavel.org\\\/arquivos\\\/5\\\/noticias\\\/not-5-20130302072757.jpg\",\"datePublished\":\"2013-03-02T14:30:39+00:00\",\"breadcrumb\":{\"@id\":\"https:\\\/\\\/blogdofarnesio.com.br\\\/?p=29643#breadcrumb\"},\"inLanguage\":\"pt-BR\",\"potentialAction\":[{\"@type\":\"ReadAction\",\"target\":[\"https:\\\/\\\/blogdofarnesio.com.br\\\/?p=29643\"]}]},{\"@type\":\"ImageObject\",\"inLanguage\":\"pt-BR\",\"@id\":\"https:\\\/\\\/blogdofarnesio.com.br\\\/?p=29643#primaryimage\",\"url\":\"http:\\\/\\\/sitegerenciavel.org\\\/arquivos\\\/5\\\/noticias\\\/not-5-20130302072757.jpg\",\"contentUrl\":\"http:\\\/\\\/sitegerenciavel.org\\\/arquivos\\\/5\\\/noticias\\\/not-5-20130302072757.jpg\"},{\"@type\":\"BreadcrumbList\",\"@id\":\"https:\\\/\\\/blogdofarnesio.com.br\\\/?p=29643#breadcrumb\",\"itemListElement\":[{\"@type\":\"ListItem\",\"position\":1,\"name\":\"In\u00edcio\",\"item\":\"https:\\\/\\\/blogdofarnesio.com.br\\\/\"},{\"@type\":\"ListItem\",\"position\":2,\"name\":\"OVELHA NASCE COM CARA DE LOBISOMEM EM BARROCAS-BA\"}]},{\"@type\":\"WebSite\",\"@id\":\"https:\\\/\\\/blogdofarnesio.com.br\\\/#website\",\"url\":\"https:\\\/\\\/blogdofarnesio.com.br\\\/\",\"name\":\"Blog do Farn\u00e9sio\",\"description\":\"Quer Saber Pol\u00edtica?\",\"publisher\":{\"@id\":\"https:\\\/\\\/blogdofarnesio.com.br\\\/#organization\"},\"potentialAction\":[{\"@type\":\"SearchAction\",\"target\":{\"@type\":\"EntryPoint\",\"urlTemplate\":\"https:\\\/\\\/blogdofarnesio.com.br\\\/?s={search_term_string}\"},\"query-input\":{\"@type\":\"PropertyValueSpecification\",\"valueRequired\":true,\"valueName\":\"search_term_string\"}}],\"inLanguage\":\"pt-BR\"},{\"@type\":\"Organization\",\"@id\":\"https:\\\/\\\/blogdofarnesio.com.br\\\/#organization\",\"name\":\"Blog do Farn\u00e9sio\",\"url\":\"https:\\\/\\\/blogdofarnesio.com.br\\\/\",\"logo\":{\"@type\":\"ImageObject\",\"inLanguage\":\"pt-BR\",\"@id\":\"https:\\\/\\\/blogdofarnesio.com.br\\\/#\\\/schema\\\/logo\\\/image\\\/\",\"url\":\"https:\\\/\\\/blogdofarnesio.com.br\\\/wp-content\\\/uploads\\\/2026\\\/03\\\/cropped-logo_new-1.png\",\"contentUrl\":\"https:\\\/\\\/blogdofarnesio.com.br\\\/wp-content\\\/uploads\\\/2026\\\/03\\\/cropped-logo_new-1.png\",\"width\":881,\"height\":685,\"caption\":\"Blog do Farn\u00e9sio\"},\"image\":{\"@id\":\"https:\\\/\\\/blogdofarnesio.com.br\\\/#\\\/schema\\\/logo\\\/image\\\/\"},\"sameAs\":[\"https:\\\/\\\/www.facebook.com\\\/BlogQuerSaberPolitica\\\/\"]},{\"@type\":\"Person\",\"@id\":\"https:\\\/\\\/blogdofarnesio.com.br\\\/#\\\/schema\\\/person\\\/dd1bf5eba40b687199ba45ca6b97dff9\",\"name\":\"teste\",\"image\":{\"@type\":\"ImageObject\",\"inLanguage\":\"pt-BR\",\"@id\":\"https:\\\/\\\/secure.gravatar.com\\\/avatar\\\/2172498d4914b51e1d89a0f97957b035ac4938723a5cac208135d389b6972a6d?s=96&d=mm&r=g\",\"url\":\"https:\\\/\\\/secure.gravatar.com\\\/avatar\\\/2172498d4914b51e1d89a0f97957b035ac4938723a5cac208135d389b6972a6d?s=96&d=mm&r=g\",\"contentUrl\":\"https:\\\/\\\/secure.gravatar.com\\\/avatar\\\/2172498d4914b51e1d89a0f97957b035ac4938723a5cac208135d389b6972a6d?s=96&d=mm&r=g\",\"caption\":\"teste\"},\"url\":\"https:\\\/\\\/blogdofarnesio.com.br\\\/?author=3\"}]}<\/script>\n<!-- \/ Yoast SEO plugin. -->","yoast_head_json":{"title":"OVELHA NASCE COM CARA DE LOBISOMEM EM BARROCAS-BA - Blog do Farn\u00e9sio","robots":{"index":"index","follow":"follow","max-snippet":"max-snippet:-1","max-image-preview":"max-image-preview:large","max-video-preview":"max-video-preview:-1"},"canonical":"https:\/\/blogdofarnesio.com.br\/?p=29643","og_locale":"pt_BR","og_type":"article","og_title":"OVELHA NASCE COM CARA DE LOBISOMEM EM BARROCAS-BA - Blog do Farn\u00e9sio","og_description":"Moradores da comunidade de Lajedinho ficaram assustados ao verem o resultado do parto de uma ovelha, o cordeiro nasceu com cara de bicho, e tinha as pernas sobre a cabe\u00e7a. Na tarde da quarta feira (27) recebemos uma liga\u00e7\u00e3o informa\u00e7\u00e3o dando conta de que um estranho animal tinha nascido na comunidade de Lajedinho, Zona Rural de Barrocas, nossa equipe foi ao local averiguar o caso. A senhora Lurdes cria ovelhas h\u00e1 mais de 20 anos em sua propriedade ficou surpreso que o nascimento do animal, &#8220;nunca vi algo parecido, foi um susto para n\u00f3s daqui&#8221;. O cordeiro nasceu morto e deformado, sem c\u00e9rebro, olhos, boca, as m\u00e3os nasceram na cabe\u00e7a decorrente de uma m\u00e1 forma\u00e7\u00e3o gen\u00e9tica.","og_url":"https:\/\/blogdofarnesio.com.br\/?p=29643","og_site_name":"Blog do Farn\u00e9sio","article_publisher":"https:\/\/www.facebook.com\/BlogQuerSaberPolitica\/","article_published_time":"2013-03-02T14:30:39+00:00","og_image":[{"url":"http:\/\/sitegerenciavel.org\/arquivos\/5\/noticias\/not-5-20130302072757.jpg","type":"","width":"","height":""}],"author":"teste","twitter_card":"summary_large_image","twitter_misc":{"Escrito por":"teste","Est. tempo de leitura":"1 minuto"},"schema":{"@context":"https:\/\/schema.org","@graph":[{"@type":"Article","@id":"https:\/\/blogdofarnesio.com.br\/?p=29643#article","isPartOf":{"@id":"https:\/\/blogdofarnesio.com.br\/?p=29643"},"author":{"name":"teste","@id":"https:\/\/blogdofarnesio.com.br\/#\/schema\/person\/dd1bf5eba40b687199ba45ca6b97dff9"},"headline":"OVELHA NASCE COM CARA DE LOBISOMEM EM BARROCAS-BA","datePublished":"2013-03-02T14:30:39+00:00","mainEntityOfPage":{"@id":"https:\/\/blogdofarnesio.com.br\/?p=29643"},"wordCount":294,"commentCount":0,"publisher":{"@id":"https:\/\/blogdofarnesio.com.br\/#organization"},"image":{"@id":"https:\/\/blogdofarnesio.com.br\/?p=29643#primaryimage"},"thumbnailUrl":"http:\/\/sitegerenciavel.org\/arquivos\/5\/noticias\/not-5-20130302072757.jpg","articleSection":["Curiosidades"],"inLanguage":"pt-BR","potentialAction":[{"@type":"CommentAction","name":"Comment","target":["https:\/\/blogdofarnesio.com.br\/?p=29643#respond"]}]},{"@type":"WebPage","@id":"https:\/\/blogdofarnesio.com.br\/?p=29643","url":"https:\/\/blogdofarnesio.com.br\/?p=29643","name":"OVELHA NASCE COM CARA DE LOBISOMEM EM BARROCAS-BA - Blog do Farn\u00e9sio","isPartOf":{"@id":"https:\/\/blogdofarnesio.com.br\/#website"},"primaryImageOfPage":{"@id":"https:\/\/blogdofarnesio.com.br\/?p=29643#primaryimage"},"image":{"@id":"https:\/\/blogdofarnesio.com.br\/?p=29643#primaryimage"},"thumbnailUrl":"http:\/\/sitegerenciavel.org\/arquivos\/5\/noticias\/not-5-20130302072757.jpg","datePublished":"2013-03-02T14:30:39+00:00","breadcrumb":{"@id":"https:\/\/blogdofarnesio.com.br\/?p=29643#breadcrumb"},"inLanguage":"pt-BR","potentialAction":[{"@type":"ReadAction","target":["https:\/\/blogdofarnesio.com.br\/?p=29643"]}]},{"@type":"ImageObject","inLanguage":"pt-BR","@id":"https:\/\/blogdofarnesio.com.br\/?p=29643#primaryimage","url":"http:\/\/sitegerenciavel.org\/arquivos\/5\/noticias\/not-5-20130302072757.jpg","contentUrl":"http:\/\/sitegerenciavel.org\/arquivos\/5\/noticias\/not-5-20130302072757.jpg"},{"@type":"BreadcrumbList","@id":"https:\/\/blogdofarnesio.com.br\/?p=29643#breadcrumb","itemListElement":[{"@type":"ListItem","position":1,"name":"In\u00edcio","item":"https:\/\/blogdofarnesio.com.br\/"},{"@type":"ListItem","position":2,"name":"OVELHA NASCE COM CARA DE LOBISOMEM EM BARROCAS-BA"}]},{"@type":"WebSite","@id":"https:\/\/blogdofarnesio.com.br\/#website","url":"https:\/\/blogdofarnesio.com.br\/","name":"Blog do Farn\u00e9sio","description":"Quer Saber Pol\u00edtica?","publisher":{"@id":"https:\/\/blogdofarnesio.com.br\/#organization"},"potentialAction":[{"@type":"SearchAction","target":{"@type":"EntryPoint","urlTemplate":"https:\/\/blogdofarnesio.com.br\/?s={search_term_string}"},"query-input":{"@type":"PropertyValueSpecification","valueRequired":true,"valueName":"search_term_string"}}],"inLanguage":"pt-BR"},{"@type":"Organization","@id":"https:\/\/blogdofarnesio.com.br\/#organization","name":"Blog do Farn\u00e9sio","url":"https:\/\/blogdofarnesio.com.br\/","logo":{"@type":"ImageObject","inLanguage":"pt-BR","@id":"https:\/\/blogdofarnesio.com.br\/#\/schema\/logo\/image\/","url":"https:\/\/blogdofarnesio.com.br\/wp-content\/uploads\/2026\/03\/cropped-logo_new-1.png","contentUrl":"https:\/\/blogdofarnesio.com.br\/wp-content\/uploads\/2026\/03\/cropped-logo_new-1.png","width":881,"height":685,"caption":"Blog do Farn\u00e9sio"},"image":{"@id":"https:\/\/blogdofarnesio.com.br\/#\/schema\/logo\/image\/"},"sameAs":["https:\/\/www.facebook.com\/BlogQuerSaberPolitica\/"]},{"@type":"Person","@id":"https:\/\/blogdofarnesio.com.br\/#\/schema\/person\/dd1bf5eba40b687199ba45ca6b97dff9","name":"teste","image":{"@type":"ImageObject","inLanguage":"pt-BR","@id":"https:\/\/secure.gravatar.com\/avatar\/2172498d4914b51e1d89a0f97957b035ac4938723a5cac208135d389b6972a6d?s=96&d=mm&r=g","url":"https:\/\/secure.gravatar.com\/avatar\/2172498d4914b51e1d89a0f97957b035ac4938723a5cac208135d389b6972a6d?s=96&d=mm&r=g","contentUrl":"https:\/\/secure.gravatar.com\/avatar\/2172498d4914b51e1d89a0f97957b035ac4938723a5cac208135d389b6972a6d?s=96&d=mm&r=g","caption":"teste"},"url":"https:\/\/blogdofarnesio.com.br\/?author=3"}]}},"_links":{"self":[{"href":"https:\/\/blogdofarnesio.com.br\/index.php?rest_route=\/wp\/v2\/posts\/29643","targetHints":{"allow":["GET"]}}],"collection":[{"href":"https:\/\/blogdofarnesio.com.br\/index.php?rest_route=\/wp\/v2\/posts"}],"about":[{"href":"https:\/\/blogdofarnesio.com.br\/index.php?rest_route=\/wp\/v2\/types\/post"}],"author":[{"embeddable":true,"href":"https:\/\/blogdofarnesio.com.br\/index.php?rest_route=\/wp\/v2\/users\/3"}],"replies":[{"embeddable":true,"href":"https:\/\/blogdofarnesio.com.br\/index.php?rest_route=%2Fwp%2Fv2%2Fcomments&post=29643"}],"version-history":[{"count":0,"href":"https:\/\/blogdofarnesio.com.br\/index.php?rest_route=\/wp\/v2\/posts\/29643\/revisions"}],"wp:attachment":[{"href":"https:\/\/blogdofarnesio.com.br\/index.php?rest_route=%2Fwp%2Fv2%2Fmedia&parent=29643"}],"wp:term":[{"taxonomy":"category","embeddable":true,"href":"https:\/\/blogdofarnesio.com.br\/index.php?rest_route=%2Fwp%2Fv2%2Fcategories&post=29643"},{"taxonomy":"post_tag","embeddable":true,"href":"https:\/\/blogdofarnesio.com.br\/index.php?rest_route=%2Fwp%2Fv2%2Ftags&post=29643"}],"curies":[{"name":"wp","href":"https:\/\/api.w.org\/{rel}","templated":true}]}}