{"id":294787,"date":"2021-09-06T09:00:46","date_gmt":"2021-09-06T12:00:46","guid":{"rendered":"https:\/\/quersaberpolitica.com.br\/?p=294787"},"modified":"2021-09-06T08:43:49","modified_gmt":"2021-09-06T11:43:49","slug":"covid-19-taxa-de-ocupacao-dos-leitos-de-uti-permaneceu-em-8-neste-domingo-em-petrolina","status":"publish","type":"post","link":"https:\/\/blogdofarnesio.com.br\/?p=294787","title":{"rendered":"COVID-19: Taxa de ocupa\u00e7\u00e3o dos leitos de UTI permaneceu em 8% neste domingo em Petrolina"},"content":{"rendered":"<p>O boletim epidemiol\u00f3gico divulgado pela Secretaria de Sa\u00fade informa que neste domingo (5), dos 60 leitos de UTI&#8217;s dispon\u00edveis, cinco est\u00e3o ocupados.<\/p>\n<p>Dois pacientes de Petrolina est\u00e3o internados e tr\u00eas s\u00e3o de outras cidades da regi\u00e3o. O \u00edndice de ocupa\u00e7\u00e3o permanece em 8,3%.<\/p>\n<p>Um novo caso foi registrado, sendo de uma mulher, com 83 anos, o resultado foi obtido por meio de exame laboratorial.<\/p>\n<p>Com isso, o munic\u00edpio est\u00e1 com 31.771 pessoas j\u00e1 infectadas pelo novo coronav\u00edrus.<\/p>\n<p>Desse total, 31.145 j\u00e1 est\u00e3o recuperadas da doen\u00e7a, isso representa 98% de cura cl\u00ednica.<\/p>\n<p>A Secretaria de Sa\u00fade recebeu uma declara\u00e7\u00e3o de \u00f3bito de uma mulher, de 83 anos, que faleceu em um hospital privado de Petrolina ocorrido dia 24 de dezembro de 2020. Na declara\u00e7\u00e3o, a paciente possu\u00eda enfisema pulmonar e hipertens\u00e3o arterial como comorbidades.<\/p>\n<p>Assim, o munic\u00edpio passa agora a constar 561 \u00f3bitos ocasionados pela COVID-19.<\/p>\n<p>Outras informa\u00e7\u00f5es<\/p>\n<p>A Secretaria de Sa\u00fade tamb\u00e9m divulgou informa\u00e7\u00f5es complementares sobre a pandemia em Petrolina.<\/p>\n<p>&#8211; Casos investigados: 959 pessoas sendo monitoradas, h\u00e1 possibilidade de estarem infectadas.<\/p>\n<p>&#8211; Casos por ra\u00e7a\/cor: uma\u00a0 pessoa se declarou parda.<\/p>\n<p>&#8211; Casos descartados: At\u00e9 agora, 122.186 casos j\u00e1 foram descartados. As pessoas que foram testadas tiveram resultados negativos.<\/p>\n<p>&#8211; Casos ativos: O munic\u00edpio tem 65 casos ativos do novo coronav\u00edrus.<\/p>\n<p>Outras informa\u00e7\u00f5es sobre a pandemia podem ser conferidas no site:\u00a0<a href=\"http:\/\/petrolina.pe.gov.br\/coronavirus\" data-saferedirecturl=\"https:\/\/www.google.com\/url?hl=pt-BR&amp;q=http:\/\/petrolina.pe.gov.br\/coronavirus&amp;source=gmail&amp;ust=1631014764332000&amp;usg=AFQjCNENAcA38c1br4oNFmA7VhyUfKcvAA\">petrolina.pe.gov.br\/coronavirus<\/a><\/p>\n","protected":false},"excerpt":{"rendered":"<p>O boletim epidemiol\u00f3gico divulgado pela Secretaria de Sa\u00fade informa que neste domingo (5), dos 60 leitos de UTI&#8217;s dispon\u00edveis, cinco est\u00e3o ocupados. Dois pacientes de Petrolina est\u00e3o internados e tr\u00eas s\u00e3o de outras cidades da regi\u00e3o. O \u00edndice de ocupa\u00e7\u00e3o permanece em 8,3%. Um novo caso foi registrado, sendo de uma mulher, com 83 anos, o resultado foi obtido por meio de exame laboratorial. Com isso, o munic\u00edpio est\u00e1 com 31.771 pessoas j\u00e1 infectadas pelo novo coronav\u00edrus. Desse total, 31.145 j\u00e1 est\u00e3o recuperadas da doen\u00e7a, isso representa 98% de cura cl\u00ednica. A Secretaria de Sa\u00fade recebeu uma declara\u00e7\u00e3o de \u00f3bito de uma mulher, de 83 anos, que faleceu em um hospital privado de Petrolina ocorrido dia 24 de dezembro de&hellip; <\/p>\n","protected":false},"author":1,"featured_media":281848,"comment_status":"closed","ping_status":"closed","sticky":false,"template":"","format":"standard","meta":{"_acf_changed":false,"footnotes":""},"categories":[4],"tags":[],"class_list":["post-294787","post","type-post","status-publish","format-standard","has-post-thumbnail","hentry","category-saude"],"acf":[],"yoast_head":"<!-- This site is optimized with the Yoast SEO plugin v27.4 - https:\/\/yoast.com\/product\/yoast-seo-wordpress\/ -->\n<title>COVID-19: Taxa de ocupa\u00e7\u00e3o dos leitos de UTI permaneceu em 8% neste domingo em Petrolina - Blog do Farn\u00e9sio<\/title>\n<meta name=\"robots\" content=\"index, follow, max-snippet:-1, max-image-preview:large, max-video-preview:-1\" \/>\n<link rel=\"canonical\" href=\"http:\/\/blogdofarnesio.com.br\/?p=294787\" \/>\n<meta property=\"og:locale\" content=\"pt_BR\" \/>\n<meta property=\"og:type\" content=\"article\" \/>\n<meta property=\"og:title\" content=\"COVID-19: Taxa de ocupa\u00e7\u00e3o dos leitos de UTI permaneceu em 8% neste domingo em Petrolina - Blog do Farn\u00e9sio\" \/>\n<meta property=\"og:description\" content=\"O boletim epidemiol\u00f3gico divulgado pela Secretaria de Sa\u00fade informa que neste domingo (5), dos 60 leitos de UTI&#8217;s dispon\u00edveis, cinco est\u00e3o ocupados. Dois pacientes de Petrolina est\u00e3o internados e tr\u00eas s\u00e3o de outras cidades da regi\u00e3o. O \u00edndice de ocupa\u00e7\u00e3o permanece em 8,3%. Um novo caso foi registrado, sendo de uma mulher, com 83 anos, o resultado foi obtido por meio de exame laboratorial. Com isso, o munic\u00edpio est\u00e1 com 31.771 pessoas j\u00e1 infectadas pelo novo coronav\u00edrus. Desse total, 31.145 j\u00e1 est\u00e3o recuperadas da doen\u00e7a, isso representa 98% de cura cl\u00ednica. A Secretaria de Sa\u00fade recebeu uma declara\u00e7\u00e3o de \u00f3bito de uma mulher, de 83 anos, que faleceu em um hospital privado de Petrolina ocorrido dia 24 de dezembro de&hellip;\" \/>\n<meta property=\"og:url\" content=\"http:\/\/blogdofarnesio.com.br\/?p=294787\" \/>\n<meta property=\"og:site_name\" content=\"Blog do Farn\u00e9sio\" \/>\n<meta property=\"article:publisher\" content=\"https:\/\/www.facebook.com\/BlogQuerSaberPolitica\/\" \/>\n<meta property=\"article:published_time\" content=\"2021-09-06T12:00:46+00:00\" \/>\n<meta property=\"og:image\" content=\"http:\/\/blogdofarnesio.com.br\/wp-content\/uploads\/2021\/03\/blogqspBoletim_coronavirus-696x464-1.png\" \/>\n\t<meta property=\"og:image:width\" content=\"696\" \/>\n\t<meta property=\"og:image:height\" content=\"464\" \/>\n\t<meta property=\"og:image:type\" content=\"image\/png\" \/>\n<meta name=\"author\" content=\"Farn\u00e9sio\" \/>\n<meta name=\"twitter:card\" content=\"summary_large_image\" \/>\n<meta name=\"twitter:label1\" content=\"Escrito por\" \/>\n\t<meta name=\"twitter:data1\" content=\"Farn\u00e9sio\" \/>\n\t<meta name=\"twitter:label2\" content=\"Est. tempo de leitura\" \/>\n\t<meta name=\"twitter:data2\" content=\"1 minuto\" \/>\n<script type=\"application\/ld+json\" class=\"yoast-schema-graph\">{\"@context\":\"https:\\\/\\\/schema.org\",\"@graph\":[{\"@type\":\"Article\",\"@id\":\"http:\\\/\\\/blogdofarnesio.com.br\\\/?p=294787#article\",\"isPartOf\":{\"@id\":\"http:\\\/\\\/blogdofarnesio.com.br\\\/?p=294787\"},\"author\":{\"name\":\"Farn\u00e9sio\",\"@id\":\"https:\\\/\\\/blogdofarnesio.com.br\\\/#\\\/schema\\\/person\\\/301c4acf522bccbfdb45af95b5b906a1\"},\"headline\":\"COVID-19: Taxa de ocupa\u00e7\u00e3o dos leitos de UTI permaneceu em 8% neste domingo em Petrolina\",\"datePublished\":\"2021-09-06T12:00:46+00:00\",\"mainEntityOfPage\":{\"@id\":\"http:\\\/\\\/blogdofarnesio.com.br\\\/?p=294787\"},\"wordCount\":257,\"publisher\":{\"@id\":\"https:\\\/\\\/blogdofarnesio.com.br\\\/#organization\"},\"image\":{\"@id\":\"http:\\\/\\\/blogdofarnesio.com.br\\\/?p=294787#primaryimage\"},\"thumbnailUrl\":\"https:\\\/\\\/blogdofarnesio.com.br\\\/wp-content\\\/uploads\\\/2021\\\/03\\\/blogqspBoletim_coronavirus-696x464-1.png\",\"articleSection\":[\"Sa\u00fade\"],\"inLanguage\":\"pt-BR\"},{\"@type\":\"WebPage\",\"@id\":\"http:\\\/\\\/blogdofarnesio.com.br\\\/?p=294787\",\"url\":\"http:\\\/\\\/blogdofarnesio.com.br\\\/?p=294787\",\"name\":\"COVID-19: Taxa de ocupa\u00e7\u00e3o dos leitos de UTI permaneceu em 8% neste domingo em Petrolina - Blog do Farn\u00e9sio\",\"isPartOf\":{\"@id\":\"https:\\\/\\\/blogdofarnesio.com.br\\\/#website\"},\"primaryImageOfPage\":{\"@id\":\"http:\\\/\\\/blogdofarnesio.com.br\\\/?p=294787#primaryimage\"},\"image\":{\"@id\":\"http:\\\/\\\/blogdofarnesio.com.br\\\/?p=294787#primaryimage\"},\"thumbnailUrl\":\"https:\\\/\\\/blogdofarnesio.com.br\\\/wp-content\\\/uploads\\\/2021\\\/03\\\/blogqspBoletim_coronavirus-696x464-1.png\",\"datePublished\":\"2021-09-06T12:00:46+00:00\",\"breadcrumb\":{\"@id\":\"http:\\\/\\\/blogdofarnesio.com.br\\\/?p=294787#breadcrumb\"},\"inLanguage\":\"pt-BR\",\"potentialAction\":[{\"@type\":\"ReadAction\",\"target\":[\"http:\\\/\\\/blogdofarnesio.com.br\\\/?p=294787\"]}]},{\"@type\":\"ImageObject\",\"inLanguage\":\"pt-BR\",\"@id\":\"http:\\\/\\\/blogdofarnesio.com.br\\\/?p=294787#primaryimage\",\"url\":\"https:\\\/\\\/blogdofarnesio.com.br\\\/wp-content\\\/uploads\\\/2021\\\/03\\\/blogqspBoletim_coronavirus-696x464-1.png\",\"contentUrl\":\"https:\\\/\\\/blogdofarnesio.com.br\\\/wp-content\\\/uploads\\\/2021\\\/03\\\/blogqspBoletim_coronavirus-696x464-1.png\",\"width\":696,\"height\":464},{\"@type\":\"BreadcrumbList\",\"@id\":\"http:\\\/\\\/blogdofarnesio.com.br\\\/?p=294787#breadcrumb\",\"itemListElement\":[{\"@type\":\"ListItem\",\"position\":1,\"name\":\"In\u00edcio\",\"item\":\"https:\\\/\\\/blogdofarnesio.com.br\\\/\"},{\"@type\":\"ListItem\",\"position\":2,\"name\":\"COVID-19: Taxa de ocupa\u00e7\u00e3o dos leitos de UTI permaneceu em 8% neste domingo em Petrolina\"}]},{\"@type\":\"WebSite\",\"@id\":\"https:\\\/\\\/blogdofarnesio.com.br\\\/#website\",\"url\":\"https:\\\/\\\/blogdofarnesio.com.br\\\/\",\"name\":\"Blog do Farn\u00e9sio\",\"description\":\"Quer Saber Pol\u00edtica?\",\"publisher\":{\"@id\":\"https:\\\/\\\/blogdofarnesio.com.br\\\/#organization\"},\"potentialAction\":[{\"@type\":\"SearchAction\",\"target\":{\"@type\":\"EntryPoint\",\"urlTemplate\":\"https:\\\/\\\/blogdofarnesio.com.br\\\/?s={search_term_string}\"},\"query-input\":{\"@type\":\"PropertyValueSpecification\",\"valueRequired\":true,\"valueName\":\"search_term_string\"}}],\"inLanguage\":\"pt-BR\"},{\"@type\":\"Organization\",\"@id\":\"https:\\\/\\\/blogdofarnesio.com.br\\\/#organization\",\"name\":\"Blog do Farn\u00e9sio\",\"url\":\"https:\\\/\\\/blogdofarnesio.com.br\\\/\",\"logo\":{\"@type\":\"ImageObject\",\"inLanguage\":\"pt-BR\",\"@id\":\"https:\\\/\\\/blogdofarnesio.com.br\\\/#\\\/schema\\\/logo\\\/image\\\/\",\"url\":\"https:\\\/\\\/blogdofarnesio.com.br\\\/wp-content\\\/uploads\\\/2026\\\/03\\\/cropped-logo_new-1.png\",\"contentUrl\":\"https:\\\/\\\/blogdofarnesio.com.br\\\/wp-content\\\/uploads\\\/2026\\\/03\\\/cropped-logo_new-1.png\",\"width\":881,\"height\":685,\"caption\":\"Blog do Farn\u00e9sio\"},\"image\":{\"@id\":\"https:\\\/\\\/blogdofarnesio.com.br\\\/#\\\/schema\\\/logo\\\/image\\\/\"},\"sameAs\":[\"https:\\\/\\\/www.facebook.com\\\/BlogQuerSaberPolitica\\\/\"]},{\"@type\":\"Person\",\"@id\":\"https:\\\/\\\/blogdofarnesio.com.br\\\/#\\\/schema\\\/person\\\/301c4acf522bccbfdb45af95b5b906a1\",\"name\":\"Farn\u00e9sio\",\"image\":{\"@type\":\"ImageObject\",\"inLanguage\":\"pt-BR\",\"@id\":\"https:\\\/\\\/secure.gravatar.com\\\/avatar\\\/df0c9a14567c056f8ad6876ba5bbd1e3e2c48023eb6807342fc4663adf549f38?s=96&d=mm&r=g\",\"url\":\"https:\\\/\\\/secure.gravatar.com\\\/avatar\\\/df0c9a14567c056f8ad6876ba5bbd1e3e2c48023eb6807342fc4663adf549f38?s=96&d=mm&r=g\",\"contentUrl\":\"https:\\\/\\\/secure.gravatar.com\\\/avatar\\\/df0c9a14567c056f8ad6876ba5bbd1e3e2c48023eb6807342fc4663adf549f38?s=96&d=mm&r=g\",\"caption\":\"Farn\u00e9sio\"},\"sameAs\":[\"https:\\\/\\\/quersaberpolitica.com.br\"],\"url\":\"https:\\\/\\\/blogdofarnesio.com.br\\\/?author=1\"}]}<\/script>\n<!-- \/ Yoast SEO plugin. -->","yoast_head_json":{"title":"COVID-19: Taxa de ocupa\u00e7\u00e3o dos leitos de UTI permaneceu em 8% neste domingo em Petrolina - Blog do Farn\u00e9sio","robots":{"index":"index","follow":"follow","max-snippet":"max-snippet:-1","max-image-preview":"max-image-preview:large","max-video-preview":"max-video-preview:-1"},"canonical":"http:\/\/blogdofarnesio.com.br\/?p=294787","og_locale":"pt_BR","og_type":"article","og_title":"COVID-19: Taxa de ocupa\u00e7\u00e3o dos leitos de UTI permaneceu em 8% neste domingo em Petrolina - Blog do Farn\u00e9sio","og_description":"O boletim epidemiol\u00f3gico divulgado pela Secretaria de Sa\u00fade informa que neste domingo (5), dos 60 leitos de UTI&#8217;s dispon\u00edveis, cinco est\u00e3o ocupados. Dois pacientes de Petrolina est\u00e3o internados e tr\u00eas s\u00e3o de outras cidades da regi\u00e3o. O \u00edndice de ocupa\u00e7\u00e3o permanece em 8,3%. Um novo caso foi registrado, sendo de uma mulher, com 83 anos, o resultado foi obtido por meio de exame laboratorial. Com isso, o munic\u00edpio est\u00e1 com 31.771 pessoas j\u00e1 infectadas pelo novo coronav\u00edrus. Desse total, 31.145 j\u00e1 est\u00e3o recuperadas da doen\u00e7a, isso representa 98% de cura cl\u00ednica. A Secretaria de Sa\u00fade recebeu uma declara\u00e7\u00e3o de \u00f3bito de uma mulher, de 83 anos, que faleceu em um hospital privado de Petrolina ocorrido dia 24 de dezembro de&hellip;","og_url":"http:\/\/blogdofarnesio.com.br\/?p=294787","og_site_name":"Blog do Farn\u00e9sio","article_publisher":"https:\/\/www.facebook.com\/BlogQuerSaberPolitica\/","article_published_time":"2021-09-06T12:00:46+00:00","og_image":[{"width":696,"height":464,"url":"http:\/\/blogdofarnesio.com.br\/wp-content\/uploads\/2021\/03\/blogqspBoletim_coronavirus-696x464-1.png","type":"image\/png"}],"author":"Farn\u00e9sio","twitter_card":"summary_large_image","twitter_misc":{"Escrito por":"Farn\u00e9sio","Est. tempo de leitura":"1 minuto"},"schema":{"@context":"https:\/\/schema.org","@graph":[{"@type":"Article","@id":"http:\/\/blogdofarnesio.com.br\/?p=294787#article","isPartOf":{"@id":"http:\/\/blogdofarnesio.com.br\/?p=294787"},"author":{"name":"Farn\u00e9sio","@id":"https:\/\/blogdofarnesio.com.br\/#\/schema\/person\/301c4acf522bccbfdb45af95b5b906a1"},"headline":"COVID-19: Taxa de ocupa\u00e7\u00e3o dos leitos de UTI permaneceu em 8% neste domingo em Petrolina","datePublished":"2021-09-06T12:00:46+00:00","mainEntityOfPage":{"@id":"http:\/\/blogdofarnesio.com.br\/?p=294787"},"wordCount":257,"publisher":{"@id":"https:\/\/blogdofarnesio.com.br\/#organization"},"image":{"@id":"http:\/\/blogdofarnesio.com.br\/?p=294787#primaryimage"},"thumbnailUrl":"https:\/\/blogdofarnesio.com.br\/wp-content\/uploads\/2021\/03\/blogqspBoletim_coronavirus-696x464-1.png","articleSection":["Sa\u00fade"],"inLanguage":"pt-BR"},{"@type":"WebPage","@id":"http:\/\/blogdofarnesio.com.br\/?p=294787","url":"http:\/\/blogdofarnesio.com.br\/?p=294787","name":"COVID-19: Taxa de ocupa\u00e7\u00e3o dos leitos de UTI permaneceu em 8% neste domingo em Petrolina - Blog do Farn\u00e9sio","isPartOf":{"@id":"https:\/\/blogdofarnesio.com.br\/#website"},"primaryImageOfPage":{"@id":"http:\/\/blogdofarnesio.com.br\/?p=294787#primaryimage"},"image":{"@id":"http:\/\/blogdofarnesio.com.br\/?p=294787#primaryimage"},"thumbnailUrl":"https:\/\/blogdofarnesio.com.br\/wp-content\/uploads\/2021\/03\/blogqspBoletim_coronavirus-696x464-1.png","datePublished":"2021-09-06T12:00:46+00:00","breadcrumb":{"@id":"http:\/\/blogdofarnesio.com.br\/?p=294787#breadcrumb"},"inLanguage":"pt-BR","potentialAction":[{"@type":"ReadAction","target":["http:\/\/blogdofarnesio.com.br\/?p=294787"]}]},{"@type":"ImageObject","inLanguage":"pt-BR","@id":"http:\/\/blogdofarnesio.com.br\/?p=294787#primaryimage","url":"https:\/\/blogdofarnesio.com.br\/wp-content\/uploads\/2021\/03\/blogqspBoletim_coronavirus-696x464-1.png","contentUrl":"https:\/\/blogdofarnesio.com.br\/wp-content\/uploads\/2021\/03\/blogqspBoletim_coronavirus-696x464-1.png","width":696,"height":464},{"@type":"BreadcrumbList","@id":"http:\/\/blogdofarnesio.com.br\/?p=294787#breadcrumb","itemListElement":[{"@type":"ListItem","position":1,"name":"In\u00edcio","item":"https:\/\/blogdofarnesio.com.br\/"},{"@type":"ListItem","position":2,"name":"COVID-19: Taxa de ocupa\u00e7\u00e3o dos leitos de UTI permaneceu em 8% neste domingo em Petrolina"}]},{"@type":"WebSite","@id":"https:\/\/blogdofarnesio.com.br\/#website","url":"https:\/\/blogdofarnesio.com.br\/","name":"Blog do Farn\u00e9sio","description":"Quer Saber Pol\u00edtica?","publisher":{"@id":"https:\/\/blogdofarnesio.com.br\/#organization"},"potentialAction":[{"@type":"SearchAction","target":{"@type":"EntryPoint","urlTemplate":"https:\/\/blogdofarnesio.com.br\/?s={search_term_string}"},"query-input":{"@type":"PropertyValueSpecification","valueRequired":true,"valueName":"search_term_string"}}],"inLanguage":"pt-BR"},{"@type":"Organization","@id":"https:\/\/blogdofarnesio.com.br\/#organization","name":"Blog do Farn\u00e9sio","url":"https:\/\/blogdofarnesio.com.br\/","logo":{"@type":"ImageObject","inLanguage":"pt-BR","@id":"https:\/\/blogdofarnesio.com.br\/#\/schema\/logo\/image\/","url":"https:\/\/blogdofarnesio.com.br\/wp-content\/uploads\/2026\/03\/cropped-logo_new-1.png","contentUrl":"https:\/\/blogdofarnesio.com.br\/wp-content\/uploads\/2026\/03\/cropped-logo_new-1.png","width":881,"height":685,"caption":"Blog do Farn\u00e9sio"},"image":{"@id":"https:\/\/blogdofarnesio.com.br\/#\/schema\/logo\/image\/"},"sameAs":["https:\/\/www.facebook.com\/BlogQuerSaberPolitica\/"]},{"@type":"Person","@id":"https:\/\/blogdofarnesio.com.br\/#\/schema\/person\/301c4acf522bccbfdb45af95b5b906a1","name":"Farn\u00e9sio","image":{"@type":"ImageObject","inLanguage":"pt-BR","@id":"https:\/\/secure.gravatar.com\/avatar\/df0c9a14567c056f8ad6876ba5bbd1e3e2c48023eb6807342fc4663adf549f38?s=96&d=mm&r=g","url":"https:\/\/secure.gravatar.com\/avatar\/df0c9a14567c056f8ad6876ba5bbd1e3e2c48023eb6807342fc4663adf549f38?s=96&d=mm&r=g","contentUrl":"https:\/\/secure.gravatar.com\/avatar\/df0c9a14567c056f8ad6876ba5bbd1e3e2c48023eb6807342fc4663adf549f38?s=96&d=mm&r=g","caption":"Farn\u00e9sio"},"sameAs":["https:\/\/quersaberpolitica.com.br"],"url":"https:\/\/blogdofarnesio.com.br\/?author=1"}]}},"_links":{"self":[{"href":"https:\/\/blogdofarnesio.com.br\/index.php?rest_route=\/wp\/v2\/posts\/294787","targetHints":{"allow":["GET"]}}],"collection":[{"href":"https:\/\/blogdofarnesio.com.br\/index.php?rest_route=\/wp\/v2\/posts"}],"about":[{"href":"https:\/\/blogdofarnesio.com.br\/index.php?rest_route=\/wp\/v2\/types\/post"}],"author":[{"embeddable":true,"href":"https:\/\/blogdofarnesio.com.br\/index.php?rest_route=\/wp\/v2\/users\/1"}],"replies":[{"embeddable":true,"href":"https:\/\/blogdofarnesio.com.br\/index.php?rest_route=%2Fwp%2Fv2%2Fcomments&post=294787"}],"version-history":[{"count":0,"href":"https:\/\/blogdofarnesio.com.br\/index.php?rest_route=\/wp\/v2\/posts\/294787\/revisions"}],"wp:featuredmedia":[{"embeddable":true,"href":"https:\/\/blogdofarnesio.com.br\/index.php?rest_route=\/wp\/v2\/media\/281848"}],"wp:attachment":[{"href":"https:\/\/blogdofarnesio.com.br\/index.php?rest_route=%2Fwp%2Fv2%2Fmedia&parent=294787"}],"wp:term":[{"taxonomy":"category","embeddable":true,"href":"https:\/\/blogdofarnesio.com.br\/index.php?rest_route=%2Fwp%2Fv2%2Fcategories&post=294787"},{"taxonomy":"post_tag","embeddable":true,"href":"https:\/\/blogdofarnesio.com.br\/index.php?rest_route=%2Fwp%2Fv2%2Ftags&post=294787"}],"curies":[{"name":"wp","href":"https:\/\/api.w.org\/{rel}","templated":true}]}}